{"id":522,"date":"2011-04-23T16:01:00","date_gmt":"2011-04-23T16:01:00","guid":{"rendered":"http:\/\/blogg.svenskakyrkan.se\/akebonnier\/2011\/04\/23\/kristus-vart-ljus\/"},"modified":"2011-04-23T16:01:00","modified_gmt":"2011-04-23T16:01:00","slug":"kristus-vart-ljus","status":"publish","type":"post","link":"https:\/\/blogg.svenskakyrkan.se\/akebonnier\/2011\/04\/23\/kristus-vart-ljus\/","title":{"rendered":"Kristus v\u00e5rt ljus!"},"content":{"rendered":"<p>Om n\u00e5gra timmar ljuder de orden i Storkyrkan. I m\u00f6rkret b\u00e4rs det lysande p\u00e5skljuset in och orden &#8221;Kristus v\u00e5rt ljus&#8221; sjungs! Vi firar p\u00e5sknattsm\u00e4ssa kl 23.00. Det obegripliga skedde f\u00f6r 2000 \u00e5r sedan. Graven var tom. Kristus hade uppst\u00e5tt. Det var detta budskap som f\u00f6r\u00e4ndrade livet f\u00f6r l\u00e4rjungarna och som sedan f\u00f6r\u00e4ndrat livet f\u00f6r or\u00e4kneligt m\u00e5nga m\u00e4nniskor under 2000 \u00e5r. Det \u00e4r detta budskap som b\u00e4r mig i mitt liv, som f\u00e5tt mig att vilja bek\u00e4nna mig som kristen, som f\u00e5tt mig att vilja engagera mig i kyrkan f\u00f6r den uppst\u00e5ndnes skull. Det \u00e4r Han som kallat mig vidare att vara Hans pr\u00e4st, att b\u00e4ra ut evangeliet om Jesus Kristus, den korsf\u00e4ste och uppst\u00e5ndne. <\/p>\n<p>N\u00e4r jag skriver detta blogginl\u00e4gg \u00e4r det bara n\u00e5gra minuter kvar tills klockan \u00e4r 18.00. D\u00e5 bryter helgen in enligt svensk helgsm\u00e5lstradition&nbsp;och i min lilla familj samlas hustrun, d\u00f6ttrarna och n\u00e5gra v\u00e4nner och \u00f6nskar varandra glad p\u00e5sk och \u00e4ter \u00e4gg och annat tillsammans.<\/p>\n<p>Men det \u00e4r inte f\u00f6rr\u00e4n efter p\u00e5sknattsm\u00e4ssan som p\u00e5skljuset t\u00e4nds hemma hos oss p\u00e5 Pr\u00e4stgatan. D\u00e5 g\u00e5r vi hem, samlas vid det klosterst\u00f6pta p\u00e5skljuset, t\u00e4nder det och ropar ut p\u00e5sknattens makal\u00f6sa budskap:<br \/>&#8221;Kristus har uppst\u00e5tt! Ja, han \u00e4r sannerligen uppst\u00e5nden!&#8221; <\/p>\n<p>M\u00e5 det budskapet b\u00e4ra ocks\u00e5 Dig!<\/p>\n<div class=\"blogger-post-footer\"><img width='1' height='1' src='https:\/\/blogger.googleusercontent.com\/tracker\/9055441369901436026-7229347991364570158?l=akebonnier.blogspot.com' alt='' \/><\/div>\n","protected":false},"excerpt":{"rendered":"<p>Om n\u00e5gra timmar ljuder de orden i Storkyrkan. I m\u00f6rkret b\u00e4rs det lysande p\u00e5skljuset in och orden &#8221;Kristus v\u00e5rt ljus&#8221; sjungs! Vi firar p\u00e5sknattsm\u00e4ssa kl 23.00. Det obegripliga skedde f\u00f6r 2000 \u00e5r sedan. Graven var tom. Kristus hade uppst\u00e5tt. Det var detta budskap som f\u00f6r\u00e4ndrade livet f\u00f6r l\u00e4rjungarna och som sedan f\u00f6r\u00e4ndrat livet f\u00f6r or\u00e4kneligt [&hellip;]<\/p>\n","protected":false},"author":108,"featured_media":0,"comment_status":"open","ping_status":"open","sticky":false,"template":"","format":"standard","meta":{"_acf_changed":false,"footnotes":""},"categories":[9],"tags":[],"class_list":["post-522","post","type-post","status-publish","format-standard","hentry","category-okategoriserade"],"acf":[],"yoast_head":"<!-- This site is optimized with the Yoast SEO plugin v27.1.1 - https:\/\/yoast.com\/product\/yoast-seo-wordpress\/ -->\n<title>Kristus v\u00e5rt ljus! - \u00c5ke Bonnier<\/title>\n<meta name=\"robots\" content=\"index, follow, max-snippet:-1, max-image-preview:large, max-video-preview:-1\" \/>\n<link rel=\"canonical\" href=\"https:\/\/blogg.svenskakyrkan.se\/akebonnier\/2011\/04\/23\/kristus-vart-ljus\/\" \/>\n<meta property=\"og:locale\" content=\"sv_SE\" \/>\n<meta property=\"og:type\" content=\"article\" \/>\n<meta property=\"og:title\" content=\"Kristus v\u00e5rt ljus! - \u00c5ke Bonnier\" \/>\n<meta property=\"og:description\" content=\"Om n\u00e5gra timmar ljuder de orden i Storkyrkan. I m\u00f6rkret b\u00e4rs det lysande p\u00e5skljuset in och orden &#8221;Kristus v\u00e5rt ljus&#8221; sjungs! Vi firar p\u00e5sknattsm\u00e4ssa kl 23.00. Det obegripliga skedde f\u00f6r 2000 \u00e5r sedan. Graven var tom. Kristus hade uppst\u00e5tt. Det var detta budskap som f\u00f6r\u00e4ndrade livet f\u00f6r l\u00e4rjungarna och som sedan f\u00f6r\u00e4ndrat livet f\u00f6r or\u00e4kneligt [&hellip;]\" \/>\n<meta property=\"og:url\" content=\"https:\/\/blogg.svenskakyrkan.se\/akebonnier\/2011\/04\/23\/kristus-vart-ljus\/\" \/>\n<meta property=\"og:site_name\" content=\"\u00c5ke Bonnier\" \/>\n<meta property=\"article:published_time\" content=\"2011-04-23T16:01:00+00:00\" \/>\n<meta property=\"og:image\" content=\"https:\/\/blogger.googleusercontent.com\/tracker\/9055441369901436026-7229347991364570158?l=akebonnier.blogspot.com\" \/>\n<meta name=\"author\" content=\"\u00c5ke Bonnier\" \/>\n<meta name=\"twitter:card\" content=\"summary_large_image\" \/>\n<meta name=\"twitter:label1\" content=\"Skriven av\" \/>\n\t<meta name=\"twitter:data1\" content=\"\u00c5ke Bonnier\" \/>\n\t<meta name=\"twitter:label2\" content=\"Ber\u00e4knad l\u00e4stid\" \/>\n\t<meta name=\"twitter:data2\" content=\"1 minut\" \/>\n<script type=\"application\/ld+json\" class=\"yoast-schema-graph\">{\"@context\":\"https:\/\/schema.org\",\"@graph\":[{\"@type\":\"Article\",\"@id\":\"https:\/\/blogg.svenskakyrkan.se\/akebonnier\/2011\/04\/23\/kristus-vart-ljus\/#article\",\"isPartOf\":{\"@id\":\"https:\/\/blogg.svenskakyrkan.se\/akebonnier\/2011\/04\/23\/kristus-vart-ljus\/\"},\"author\":{\"name\":\"\u00c5ke Bonnier\",\"@id\":\"https:\/\/blogg.svenskakyrkan.se\/akebonnier\/#\/schema\/person\/8db68bc0c94f6a5a62df2d4486ff1343\"},\"headline\":\"Kristus v\u00e5rt ljus!\",\"datePublished\":\"2011-04-23T16:01:00+00:00\",\"mainEntityOfPage\":{\"@id\":\"https:\/\/blogg.svenskakyrkan.se\/akebonnier\/2011\/04\/23\/kristus-vart-ljus\/\"},\"wordCount\":258,\"commentCount\":2,\"image\":{\"@id\":\"https:\/\/blogg.svenskakyrkan.se\/akebonnier\/2011\/04\/23\/kristus-vart-ljus\/#primaryimage\"},\"thumbnailUrl\":\"https:\/\/blogger.googleusercontent.com\/tracker\/9055441369901436026-7229347991364570158?l=akebonnier.blogspot.com\",\"inLanguage\":\"sv-SE\",\"potentialAction\":[{\"@type\":\"CommentAction\",\"name\":\"Comment\",\"target\":[\"https:\/\/blogg.svenskakyrkan.se\/akebonnier\/2011\/04\/23\/kristus-vart-ljus\/#respond\"]}]},{\"@type\":\"WebPage\",\"@id\":\"https:\/\/blogg.svenskakyrkan.se\/akebonnier\/2011\/04\/23\/kristus-vart-ljus\/\",\"url\":\"https:\/\/blogg.svenskakyrkan.se\/akebonnier\/2011\/04\/23\/kristus-vart-ljus\/\",\"name\":\"Kristus v\u00e5rt ljus! - \u00c5ke Bonnier\",\"isPartOf\":{\"@id\":\"https:\/\/blogg.svenskakyrkan.se\/akebonnier\/#website\"},\"primaryImageOfPage\":{\"@id\":\"https:\/\/blogg.svenskakyrkan.se\/akebonnier\/2011\/04\/23\/kristus-vart-ljus\/#primaryimage\"},\"image\":{\"@id\":\"https:\/\/blogg.svenskakyrkan.se\/akebonnier\/2011\/04\/23\/kristus-vart-ljus\/#primaryimage\"},\"thumbnailUrl\":\"https:\/\/blogger.googleusercontent.com\/tracker\/9055441369901436026-7229347991364570158?l=akebonnier.blogspot.com\",\"datePublished\":\"2011-04-23T16:01:00+00:00\",\"author\":{\"@id\":\"https:\/\/blogg.svenskakyrkan.se\/akebonnier\/#\/schema\/person\/8db68bc0c94f6a5a62df2d4486ff1343\"},\"breadcrumb\":{\"@id\":\"https:\/\/blogg.svenskakyrkan.se\/akebonnier\/2011\/04\/23\/kristus-vart-ljus\/#breadcrumb\"},\"inLanguage\":\"sv-SE\",\"potentialAction\":[{\"@type\":\"ReadAction\",\"target\":[\"https:\/\/blogg.svenskakyrkan.se\/akebonnier\/2011\/04\/23\/kristus-vart-ljus\/\"]}]},{\"@type\":\"ImageObject\",\"inLanguage\":\"sv-SE\",\"@id\":\"https:\/\/blogg.svenskakyrkan.se\/akebonnier\/2011\/04\/23\/kristus-vart-ljus\/#primaryimage\",\"url\":\"https:\/\/blogger.googleusercontent.com\/tracker\/9055441369901436026-7229347991364570158?l=akebonnier.blogspot.com\",\"contentUrl\":\"https:\/\/blogger.googleusercontent.com\/tracker\/9055441369901436026-7229347991364570158?l=akebonnier.blogspot.com\"},{\"@type\":\"BreadcrumbList\",\"@id\":\"https:\/\/blogg.svenskakyrkan.se\/akebonnier\/2011\/04\/23\/kristus-vart-ljus\/#breadcrumb\",\"itemListElement\":[{\"@type\":\"ListItem\",\"position\":1,\"name\":\"Hem\",\"item\":\"https:\/\/blogg.svenskakyrkan.se\/akebonnier\/\"},{\"@type\":\"ListItem\",\"position\":2,\"name\":\"Kristus v\u00e5rt ljus!\"}]},{\"@type\":\"WebSite\",\"@id\":\"https:\/\/blogg.svenskakyrkan.se\/akebonnier\/#website\",\"url\":\"https:\/\/blogg.svenskakyrkan.se\/akebonnier\/\",\"name\":\"\u00c5ke Bonnier\",\"description\":\"Biskop i Svenska kyrkan - Skara stift\",\"potentialAction\":[{\"@type\":\"SearchAction\",\"target\":{\"@type\":\"EntryPoint\",\"urlTemplate\":\"https:\/\/blogg.svenskakyrkan.se\/akebonnier\/?s={search_term_string}\"},\"query-input\":{\"@type\":\"PropertyValueSpecification\",\"valueRequired\":true,\"valueName\":\"search_term_string\"}}],\"inLanguage\":\"sv-SE\"},{\"@type\":\"Person\",\"@id\":\"https:\/\/blogg.svenskakyrkan.se\/akebonnier\/#\/schema\/person\/8db68bc0c94f6a5a62df2d4486ff1343\",\"name\":\"\u00c5ke Bonnier\",\"image\":{\"@type\":\"ImageObject\",\"inLanguage\":\"sv-SE\",\"@id\":\"https:\/\/blogg.svenskakyrkan.se\/akebonnier\/#\/schema\/person\/image\/\",\"url\":\"https:\/\/secure.gravatar.com\/avatar\/b88264736bb0bc0d1ea92298aef02c9f98cfc13c7484130c42c663ae484f9462?s=96&d=mm&r=g\",\"contentUrl\":\"https:\/\/secure.gravatar.com\/avatar\/b88264736bb0bc0d1ea92298aef02c9f98cfc13c7484130c42c663ae484f9462?s=96&d=mm&r=g\",\"caption\":\"\u00c5ke Bonnier\"},\"description\":\"Jag \u00e4r gift och har tv\u00e5 vuxna d\u00f6ttrar. Pr\u00e4stvigdes 1984 och biskopsvigs 26 augusti 2012 . Jag har tidigare bland annat varit, komminister och kyrkoherde i Liding\u00f6 f\u00f6rsamling och domprost i Stockholms domkyrkof\u00f6rsamling. Jag \u00e4r intresserad av konst, litteratur, teater, film. Jag tr\u00e4nar regelbundet p\u00e5 gym. Mitt huvudsakliga musikintresse \u00e4r klassisk musik men ocks\u00e5 Beatles, Elvis Presley, Monika Zettelund, Povel Ramel och m\u00e5nga andra tycker jag om att lyssna p\u00e5. Jag l\u00e4ser f\u00f6r lite sk\u00f6nlitteratur beroende p\u00e5 annat som jag m\u00e5ste l\u00e4sa i mitt uppdrag som biskop. Men jag \u00e4lskar b\u00f6cker. Naturligtvis l\u00e4ser jag n\u00e4st intill dagligdags i \\\"B\u00f6ckernas Bok.\\\"\",\"sameAs\":[\"http:\/\/www.skarastift.se\"],\"url\":\"https:\/\/blogg.svenskakyrkan.se\/akebonnier\/author\/akebonnier\/\"}]}<\/script>\n<!-- \/ Yoast SEO plugin. -->","yoast_head_json":{"title":"Kristus v\u00e5rt ljus! - \u00c5ke Bonnier","robots":{"index":"index","follow":"follow","max-snippet":"max-snippet:-1","max-image-preview":"max-image-preview:large","max-video-preview":"max-video-preview:-1"},"canonical":"https:\/\/blogg.svenskakyrkan.se\/akebonnier\/2011\/04\/23\/kristus-vart-ljus\/","og_locale":"sv_SE","og_type":"article","og_title":"Kristus v\u00e5rt ljus! - \u00c5ke Bonnier","og_description":"Om n\u00e5gra timmar ljuder de orden i Storkyrkan. I m\u00f6rkret b\u00e4rs det lysande p\u00e5skljuset in och orden &#8221;Kristus v\u00e5rt ljus&#8221; sjungs! Vi firar p\u00e5sknattsm\u00e4ssa kl 23.00. Det obegripliga skedde f\u00f6r 2000 \u00e5r sedan. Graven var tom. Kristus hade uppst\u00e5tt. Det var detta budskap som f\u00f6r\u00e4ndrade livet f\u00f6r l\u00e4rjungarna och som sedan f\u00f6r\u00e4ndrat livet f\u00f6r or\u00e4kneligt [&hellip;]","og_url":"https:\/\/blogg.svenskakyrkan.se\/akebonnier\/2011\/04\/23\/kristus-vart-ljus\/","og_site_name":"\u00c5ke Bonnier","article_published_time":"2011-04-23T16:01:00+00:00","og_image":[{"url":"https:\/\/blogger.googleusercontent.com\/tracker\/9055441369901436026-7229347991364570158?l=akebonnier.blogspot.com","type":"","width":"","height":""}],"author":"\u00c5ke Bonnier","twitter_card":"summary_large_image","twitter_misc":{"Skriven av":"\u00c5ke Bonnier","Ber\u00e4knad l\u00e4stid":"1 minut"},"schema":{"@context":"https:\/\/schema.org","@graph":[{"@type":"Article","@id":"https:\/\/blogg.svenskakyrkan.se\/akebonnier\/2011\/04\/23\/kristus-vart-ljus\/#article","isPartOf":{"@id":"https:\/\/blogg.svenskakyrkan.se\/akebonnier\/2011\/04\/23\/kristus-vart-ljus\/"},"author":{"name":"\u00c5ke Bonnier","@id":"https:\/\/blogg.svenskakyrkan.se\/akebonnier\/#\/schema\/person\/8db68bc0c94f6a5a62df2d4486ff1343"},"headline":"Kristus v\u00e5rt ljus!","datePublished":"2011-04-23T16:01:00+00:00","mainEntityOfPage":{"@id":"https:\/\/blogg.svenskakyrkan.se\/akebonnier\/2011\/04\/23\/kristus-vart-ljus\/"},"wordCount":258,"commentCount":2,"image":{"@id":"https:\/\/blogg.svenskakyrkan.se\/akebonnier\/2011\/04\/23\/kristus-vart-ljus\/#primaryimage"},"thumbnailUrl":"https:\/\/blogger.googleusercontent.com\/tracker\/9055441369901436026-7229347991364570158?l=akebonnier.blogspot.com","inLanguage":"sv-SE","potentialAction":[{"@type":"CommentAction","name":"Comment","target":["https:\/\/blogg.svenskakyrkan.se\/akebonnier\/2011\/04\/23\/kristus-vart-ljus\/#respond"]}]},{"@type":"WebPage","@id":"https:\/\/blogg.svenskakyrkan.se\/akebonnier\/2011\/04\/23\/kristus-vart-ljus\/","url":"https:\/\/blogg.svenskakyrkan.se\/akebonnier\/2011\/04\/23\/kristus-vart-ljus\/","name":"Kristus v\u00e5rt ljus! - \u00c5ke Bonnier","isPartOf":{"@id":"https:\/\/blogg.svenskakyrkan.se\/akebonnier\/#website"},"primaryImageOfPage":{"@id":"https:\/\/blogg.svenskakyrkan.se\/akebonnier\/2011\/04\/23\/kristus-vart-ljus\/#primaryimage"},"image":{"@id":"https:\/\/blogg.svenskakyrkan.se\/akebonnier\/2011\/04\/23\/kristus-vart-ljus\/#primaryimage"},"thumbnailUrl":"https:\/\/blogger.googleusercontent.com\/tracker\/9055441369901436026-7229347991364570158?l=akebonnier.blogspot.com","datePublished":"2011-04-23T16:01:00+00:00","author":{"@id":"https:\/\/blogg.svenskakyrkan.se\/akebonnier\/#\/schema\/person\/8db68bc0c94f6a5a62df2d4486ff1343"},"breadcrumb":{"@id":"https:\/\/blogg.svenskakyrkan.se\/akebonnier\/2011\/04\/23\/kristus-vart-ljus\/#breadcrumb"},"inLanguage":"sv-SE","potentialAction":[{"@type":"ReadAction","target":["https:\/\/blogg.svenskakyrkan.se\/akebonnier\/2011\/04\/23\/kristus-vart-ljus\/"]}]},{"@type":"ImageObject","inLanguage":"sv-SE","@id":"https:\/\/blogg.svenskakyrkan.se\/akebonnier\/2011\/04\/23\/kristus-vart-ljus\/#primaryimage","url":"https:\/\/blogger.googleusercontent.com\/tracker\/9055441369901436026-7229347991364570158?l=akebonnier.blogspot.com","contentUrl":"https:\/\/blogger.googleusercontent.com\/tracker\/9055441369901436026-7229347991364570158?l=akebonnier.blogspot.com"},{"@type":"BreadcrumbList","@id":"https:\/\/blogg.svenskakyrkan.se\/akebonnier\/2011\/04\/23\/kristus-vart-ljus\/#breadcrumb","itemListElement":[{"@type":"ListItem","position":1,"name":"Hem","item":"https:\/\/blogg.svenskakyrkan.se\/akebonnier\/"},{"@type":"ListItem","position":2,"name":"Kristus v\u00e5rt ljus!"}]},{"@type":"WebSite","@id":"https:\/\/blogg.svenskakyrkan.se\/akebonnier\/#website","url":"https:\/\/blogg.svenskakyrkan.se\/akebonnier\/","name":"\u00c5ke Bonnier","description":"Biskop i Svenska kyrkan - Skara stift","potentialAction":[{"@type":"SearchAction","target":{"@type":"EntryPoint","urlTemplate":"https:\/\/blogg.svenskakyrkan.se\/akebonnier\/?s={search_term_string}"},"query-input":{"@type":"PropertyValueSpecification","valueRequired":true,"valueName":"search_term_string"}}],"inLanguage":"sv-SE"},{"@type":"Person","@id":"https:\/\/blogg.svenskakyrkan.se\/akebonnier\/#\/schema\/person\/8db68bc0c94f6a5a62df2d4486ff1343","name":"\u00c5ke Bonnier","image":{"@type":"ImageObject","inLanguage":"sv-SE","@id":"https:\/\/blogg.svenskakyrkan.se\/akebonnier\/#\/schema\/person\/image\/","url":"https:\/\/secure.gravatar.com\/avatar\/b88264736bb0bc0d1ea92298aef02c9f98cfc13c7484130c42c663ae484f9462?s=96&d=mm&r=g","contentUrl":"https:\/\/secure.gravatar.com\/avatar\/b88264736bb0bc0d1ea92298aef02c9f98cfc13c7484130c42c663ae484f9462?s=96&d=mm&r=g","caption":"\u00c5ke Bonnier"},"description":"Jag \u00e4r gift och har tv\u00e5 vuxna d\u00f6ttrar. Pr\u00e4stvigdes 1984 och biskopsvigs 26 augusti 2012 . Jag har tidigare bland annat varit, komminister och kyrkoherde i Liding\u00f6 f\u00f6rsamling och domprost i Stockholms domkyrkof\u00f6rsamling. Jag \u00e4r intresserad av konst, litteratur, teater, film. Jag tr\u00e4nar regelbundet p\u00e5 gym. Mitt huvudsakliga musikintresse \u00e4r klassisk musik men ocks\u00e5 Beatles, Elvis Presley, Monika Zettelund, Povel Ramel och m\u00e5nga andra tycker jag om att lyssna p\u00e5. Jag l\u00e4ser f\u00f6r lite sk\u00f6nlitteratur beroende p\u00e5 annat som jag m\u00e5ste l\u00e4sa i mitt uppdrag som biskop. Men jag \u00e4lskar b\u00f6cker. Naturligtvis l\u00e4ser jag n\u00e4st intill dagligdags i \"B\u00f6ckernas Bok.\"","sameAs":["http:\/\/www.skarastift.se"],"url":"https:\/\/blogg.svenskakyrkan.se\/akebonnier\/author\/akebonnier\/"}]}},"author_meta":{"ID":"108","user_nicename":"akebonnier","user_url":"http:\/\/www.skarastift.se","user_registered":"2011-10-11 09:24:48","display_name":"\u00c5ke Bonnier","first_name":"\u00c5ke","last_name":"Bonnier","avatar":"https:\/\/secure.gravatar.com\/avatar\/b88264736bb0bc0d1ea92298aef02c9f98cfc13c7484130c42c663ae484f9462?s=96&d=mm&r=g"},"featured_image":false,"bloginfo":{"name":"\u00c5ke Bonnier","url":"https:\/\/blogg.svenskakyrkan.se\/akebonnier"},"_links":{"self":[{"href":"https:\/\/blogg.svenskakyrkan.se\/akebonnier\/wp-json\/wp\/v2\/posts\/522","targetHints":{"allow":["GET"]}}],"collection":[{"href":"https:\/\/blogg.svenskakyrkan.se\/akebonnier\/wp-json\/wp\/v2\/posts"}],"about":[{"href":"https:\/\/blogg.svenskakyrkan.se\/akebonnier\/wp-json\/wp\/v2\/types\/post"}],"author":[{"embeddable":true,"href":"https:\/\/blogg.svenskakyrkan.se\/akebonnier\/wp-json\/wp\/v2\/users\/108"}],"replies":[{"embeddable":true,"href":"https:\/\/blogg.svenskakyrkan.se\/akebonnier\/wp-json\/wp\/v2\/comments?post=522"}],"version-history":[{"count":0,"href":"https:\/\/blogg.svenskakyrkan.se\/akebonnier\/wp-json\/wp\/v2\/posts\/522\/revisions"}],"wp:attachment":[{"href":"https:\/\/blogg.svenskakyrkan.se\/akebonnier\/wp-json\/wp\/v2\/media?parent=522"}],"wp:term":[{"taxonomy":"category","embeddable":true,"href":"https:\/\/blogg.svenskakyrkan.se\/akebonnier\/wp-json\/wp\/v2\/categories?post=522"},{"taxonomy":"post_tag","embeddable":true,"href":"https:\/\/blogg.svenskakyrkan.se\/akebonnier\/wp-json\/wp\/v2\/tags?post=522"}],"curies":[{"name":"wp","href":"https:\/\/api.w.org\/{rel}","templated":true}]}}