{"id":523,"date":"2011-04-24T16:02:00","date_gmt":"2011-04-24T16:02:00","guid":{"rendered":"http:\/\/blogg.svenskakyrkan.se\/akebonnier\/2011\/04\/24\/paskdagspredikan-fran-tv-gudstjansten\/"},"modified":"2011-04-24T16:02:00","modified_gmt":"2011-04-24T16:02:00","slug":"paskdagspredikan-fran-tv-gudstjansten","status":"publish","type":"post","link":"https:\/\/blogg.svenskakyrkan.se\/akebonnier\/2011\/04\/24\/paskdagspredikan-fran-tv-gudstjansten\/","title":{"rendered":"P\u00e5skdagspredikan fr\u00e5n TV-gudstj\u00e4nsten"},"content":{"rendered":"<p>F\u00f6ljande predikan h\u00f6ll jag i Storkyrkan i dag i h\u00f6gm\u00e4ssan kl 10.00:<br \/><span style=\"color: red\"><strong><em>Varf\u00f6r gr\u00e5ter du kvinna? Vem letar du efter?<\/em><\/strong><\/span> (Joh 20:15). Orden riktades till Maria fr\u00e5n Magdala n\u00e4r hon stod vid Jesu grav, platsen som var central f\u00f6r hennes obeskrivliga sorg och saknad. Orden riktar sig ocks\u00e5 till Dig och mig idag. <em>Varf\u00f6r gr\u00e5ter Du<\/em>? <\/p>\n<p>S\u00e5 m\u00e5nga av oss gr\u00e5ter ibland, gr\u00e5ter d\u00e4rf\u00f6r att vi saknar den vi \u00e4lskar, gr\u00e5ter f\u00f6rlustens och f\u00f6rtvivlans t\u00e5rar. Dagligdags gr\u00e5ter m\u00e4nniskor i f\u00f6rtvivlan h\u00e4r i Sverige och runt om i v\u00e4rlden. T\u00e5rarna \u00e4r ett av de m\u00e5nga olika uttryck f\u00f6r sorgen. <em>Hur ser Din sorg ut? Vilken sm\u00e4rta b\u00e4r Du p\u00e5? Vem letar Du efter? Vem l\u00e4ngtar Du efter? Handlar det om Din livspartner, dina barn, din f\u00f6r\u00e4lder, din v\u00e4n, ditt arbete, din h\u00e4lsa? Handlar det om Ditt egenv\u00e4rde? Handlar det om l\u00e4ngtan att f\u00e5 vara den Du \u00e4r \u2013 om Din grundl\u00e4ggande och b\u00e4rande identitet? Varf\u00f6r gr\u00e5ter Du? Vem letar Du efter?<\/em> (Joh 20:15)<\/p>\n<p>Maria saknade och gr\u00e4t. Hennes s\u00f6ndagsmorgon, tv\u00e5 dagar efter den fasansfulla avr\u00e4ttningen, pr\u00e4glades av f\u00f6rtvivlan, av tomhet, av det svarta. Du kan s\u00e4kert k\u00e4nna igen Dig i hennes k\u00e4nsla, en k\u00e4nsla av att hela tillvaron bara stannat upp, att ingenting \u00e4r s\u00e4rskilt viktigt eller meningsfullt l\u00e4ngre, en k\u00e4nsla av total f\u00f6rlamning och d\u00e4r framtiden k\u00e4nns som ett j\u00e4tteberg \u2013 om\u00f6jligt att bestiga.<\/p>\n<p>Mitt i detta kom det ofattbara, \u00f6verraskande och omtumlande budskapet. Mot alla odds, mot allt vad f\u00f6rnuft hette, mot allt vad den samlade erfarenheten talade om, hade det givna slutet inte sista ordet. Den till synes f\u00e4rdigformulerade sanningen om tillvaron var inte det yttersta budskapet. Det fanns en forts\u00e4ttning och det finns en forts\u00e4ttning. F\u00f6r Maria blev allt ihop f\u00f6rvirrat. <em>Var kroppen stulen? Vem hade lagt honom n\u00e5gon annanstans? Var hade n\u00e5gon lagt honom?<\/em><\/p>\n<p><strong><em><span style=\"color: red\">Varf\u00f6r gr\u00e5ter Du kvinna? Vem letar Du efter?<\/span><\/em><\/strong> (Joh 20:15) Den uppst\u00e5ndne Jesus stod framf\u00f6r henne, inte som en v\u00e5lnad, inte som en hallucination, men som en ny verklighet \u2013 ett reellt m\u00f6te som f\u00f6r\u00e4ndrade allt. <\/p>\n<p>Marias erfarenhet talar in i v\u00e5r erfarenhet av sorg och saknad. V\u00e4nnerna kan s\u00e4ga: Du ska se att det blir b\u00e4ttre, s\u00e5 sm\u00e5ningom. Du l\u00e4r dig att leva med det som \u00e4r. Det g\u00e5r kanske inte s\u00e5 fort men det blir b\u00e4ttre, n\u00e5got mera uth\u00e4rdligt. Vi k\u00e4nner igen sl\u00e4ktingars och v\u00e4nners livsviktiga omsorg. Vi beh\u00f6ver varandra n\u00e4r livet g\u00f6r oss illa p\u00e5 olika s\u00e4tt. Vi beh\u00f6ver varandras erfarenheter, varandras st\u00f6d, varandras ord.<\/p>\n<p>I dag \u00e4r det p\u00e5skdag och \u00f6ver stora delar av v\u00e4rlden ljuder det obegripligt fantastiska p\u00e5skdagsropet: <em>Kristus har uppst\u00e5tt! Ja, han \u00e4r sannerligen uppst\u00e5nden!<\/em> Kyrkans budskap \u00e4r bergfast. Jesus Kristus har uppst\u00e5tt fr\u00e5n de d\u00f6da \u2013 inte som en teori, inte som en intressant och livstolkande tanke som lever vidare och ger meningsfull struktur \u00e5t livstolkningar. Nej, Han har verkligen, historiskt verkligen, uppst\u00e5tt fr\u00e5n de d\u00f6da. Graven var tom och Maria och de andra l\u00e4rjungarna var totalt f\u00f6rvirrade mitt i sin sorg och tomhet. Vi vet inte hur uppst\u00e5ndelsen har skett. Vi kan inte vetenskapligt f\u00f6rklara den. Men, kyrkan bek\u00e4nner att Jesus p\u00e5 tredje dagen uppst\u00e5tt fr\u00e5n de d\u00f6da. En ny m\u00f6jlighet, en ny skapelse \u2013 ett ljus trots allt.<\/p>\n<p>Maria fr\u00e5n Magdala blev den f\u00f6rsta att f\u00f6rkunna om uppst\u00e5ndelsen. I sin f\u00f6rvirring, i sin gl\u00e4dje, i sin sorg, i allt det omtumlande fick hon uppdraget att g\u00e5 och vittna. Och det \u00e4r hennes vittnesb\u00f6rd som sedan spritts \u00f6ver v\u00e4rlden. Det \u00e4r f\u00f6r hennes vittnesb\u00f6rds skull som jag kan st\u00e5 h\u00e4r i kyrkan denna p\u00e5skdagsmorgon och s\u00e4ga till Dig som \u00e4r med i gudstj\u00e4nsten framf\u00f6r Tv:n och h\u00e4r i Storkyrkan: <em>N\u00e4r livet g\u00f6r Dig illa \u00e4r det inte k\u00f6rt! N\u00e4r Du \u00e4r beredd att ge upp \u00e4r Du inte \u00f6vergiven! Jesus Kristus sj\u00e4lv \u00e4r med Dig i sorgen och sm\u00e4rtan, i l\u00e4ngtan och hoppet. Jesus Kristus sj\u00e4lv vandrar vid din sida och b\u00e4r Dig n\u00e4r Du inte orkar g\u00e5. Och ocks\u00e5 d\u00f6den \u00e4r besegrad. Det finns en forts\u00e4ttning bortom livets gr\u00e4nser \u2013 en forts\u00e4ttning som vi inte har tillr\u00e4ckliga ord f\u00f6r.<\/em> I en av dagens psalmer st\u00e5r det: <span style=\"color: blue\"><em>H\u00e4r var mellan ljuset och m\u00f6rkret en strid. Dock segrade ljuset f\u00f6r evig tid. Nedst\u00f6rtad \u00e4r d\u00f6den och tron st\u00e5r opp bland jordiska \u00f6den med himmelskt hopp.<\/em><\/span> (Sv. Ps. 146:2) Just s\u00e5 f\u00f6rvirrat, s\u00e5 glatt, s\u00e5 obegripligt, s\u00e5 sv\u00e5rt och s\u00e5 underbart \u00e4r p\u00e5skdagens budskap.<\/p>\n<p>Kristus har uppst\u00e5tt fr\u00e5n de d\u00f6da! N\u00e4r den uppst\u00e5ndne Jesus m\u00f6tte Maria fr\u00e5n Magdala, m\u00f6tte han henne som den hon var, med all den erfarenhet hon bar p\u00e5, med allt det som var hon. Han s\u00e5g henne och bekr\u00e4ftade henne. Maria \u2013 hennes namn n\u00e4mndes som ett tecken p\u00e5 denna bekr\u00e4ftelse. Kristus uppstod f\u00f6r den gr\u00e4nsl\u00f6sa k\u00e4rlekens skull. Maria var \u00e4lskad som den hon var. <em>Du \u00e4r \u00e4lskad som den Du \u00e4r!<\/em> V\u00e5ga d\u00e4rf\u00f6r vara den Du djupast s\u00e4tt \u00e4r med allt det som verkligen \u00e4r Du! Jesus Kristus ser Dig, vill uppr\u00e4tta Dig och bekr\u00e4fta Dig! Han \u00e4r den uppst\u00e5ndne \u2013 den som vill leda Dig och mig vidare, steg f\u00f6r steg, stund f\u00f6r stund. Vi f\u00e5r f\u00f6lja Honom i v\u00e5ra egna liv och i ljuset av Hans uppst\u00e5ndelse b\u00e5de t\u00f6rs jag och vill jag igen \u00f6nska Dig en riktigt glad p\u00e5sk f\u00f6r <em>Kristus har uppst\u00e5tt! Ja, Han \u00e4r sannerligen uppst\u00e5nden!<\/em> Amen<\/p>\n<div class=\"blogger-post-footer\"><img width='1' height='1' src='https:\/\/blogger.googleusercontent.com\/tracker\/9055441369901436026-7376400765273450489?l=akebonnier.blogspot.com' alt='' \/><\/div>\n","protected":false},"excerpt":{"rendered":"<p>F\u00f6ljande predikan h\u00f6ll jag i Storkyrkan i dag i h\u00f6gm\u00e4ssan kl 10.00:Varf\u00f6r gr\u00e5ter du kvinna? Vem letar du efter? (Joh 20:15). Orden riktades till Maria fr\u00e5n Magdala n\u00e4r hon stod vid Jesu grav, platsen som var central f\u00f6r hennes obeskrivliga sorg och saknad. Orden riktar sig ocks\u00e5 till Dig och mig idag. Varf\u00f6r gr\u00e5ter Du? [&hellip;]<\/p>\n","protected":false},"author":108,"featured_media":0,"comment_status":"open","ping_status":"open","sticky":false,"template":"","format":"standard","meta":{"_acf_changed":false,"footnotes":""},"categories":[9],"tags":[],"class_list":["post-523","post","type-post","status-publish","format-standard","hentry","category-okategoriserade"],"acf":[],"yoast_head":"<!-- This site is optimized with the Yoast SEO plugin v27.1.1 - https:\/\/yoast.com\/product\/yoast-seo-wordpress\/ -->\n<title>P\u00e5skdagspredikan fr\u00e5n TV-gudstj\u00e4nsten - \u00c5ke Bonnier<\/title>\n<meta name=\"robots\" content=\"index, follow, max-snippet:-1, max-image-preview:large, max-video-preview:-1\" \/>\n<link rel=\"canonical\" href=\"https:\/\/blogg.svenskakyrkan.se\/akebonnier\/2011\/04\/24\/paskdagspredikan-fran-tv-gudstjansten\/\" \/>\n<meta property=\"og:locale\" content=\"sv_SE\" \/>\n<meta property=\"og:type\" content=\"article\" \/>\n<meta property=\"og:title\" content=\"P\u00e5skdagspredikan fr\u00e5n TV-gudstj\u00e4nsten - \u00c5ke Bonnier\" \/>\n<meta property=\"og:description\" content=\"F\u00f6ljande predikan h\u00f6ll jag i Storkyrkan i dag i h\u00f6gm\u00e4ssan kl 10.00:Varf\u00f6r gr\u00e5ter du kvinna? Vem letar du efter? (Joh 20:15). Orden riktades till Maria fr\u00e5n Magdala n\u00e4r hon stod vid Jesu grav, platsen som var central f\u00f6r hennes obeskrivliga sorg och saknad. Orden riktar sig ocks\u00e5 till Dig och mig idag. Varf\u00f6r gr\u00e5ter Du? [&hellip;]\" \/>\n<meta property=\"og:url\" content=\"https:\/\/blogg.svenskakyrkan.se\/akebonnier\/2011\/04\/24\/paskdagspredikan-fran-tv-gudstjansten\/\" \/>\n<meta property=\"og:site_name\" content=\"\u00c5ke Bonnier\" \/>\n<meta property=\"article:published_time\" content=\"2011-04-24T16:02:00+00:00\" \/>\n<meta property=\"og:image\" content=\"https:\/\/blogger.googleusercontent.com\/tracker\/9055441369901436026-7376400765273450489?l=akebonnier.blogspot.com\" \/>\n<meta name=\"author\" content=\"\u00c5ke Bonnier\" \/>\n<meta name=\"twitter:card\" content=\"summary_large_image\" \/>\n<meta name=\"twitter:label1\" content=\"Skriven av\" \/>\n\t<meta name=\"twitter:data1\" content=\"\u00c5ke Bonnier\" \/>\n\t<meta name=\"twitter:label2\" content=\"Ber\u00e4knad l\u00e4stid\" \/>\n\t<meta name=\"twitter:data2\" content=\"5 minuter\" \/>\n<script type=\"application\/ld+json\" class=\"yoast-schema-graph\">{\"@context\":\"https:\/\/schema.org\",\"@graph\":[{\"@type\":\"Article\",\"@id\":\"https:\/\/blogg.svenskakyrkan.se\/akebonnier\/2011\/04\/24\/paskdagspredikan-fran-tv-gudstjansten\/#article\",\"isPartOf\":{\"@id\":\"https:\/\/blogg.svenskakyrkan.se\/akebonnier\/2011\/04\/24\/paskdagspredikan-fran-tv-gudstjansten\/\"},\"author\":{\"name\":\"\u00c5ke Bonnier\",\"@id\":\"https:\/\/blogg.svenskakyrkan.se\/akebonnier\/#\/schema\/person\/8db68bc0c94f6a5a62df2d4486ff1343\"},\"headline\":\"P\u00e5skdagspredikan fr\u00e5n TV-gudstj\u00e4nsten\",\"datePublished\":\"2011-04-24T16:02:00+00:00\",\"mainEntityOfPage\":{\"@id\":\"https:\/\/blogg.svenskakyrkan.se\/akebonnier\/2011\/04\/24\/paskdagspredikan-fran-tv-gudstjansten\/\"},\"wordCount\":1056,\"commentCount\":4,\"image\":{\"@id\":\"https:\/\/blogg.svenskakyrkan.se\/akebonnier\/2011\/04\/24\/paskdagspredikan-fran-tv-gudstjansten\/#primaryimage\"},\"thumbnailUrl\":\"https:\/\/blogger.googleusercontent.com\/tracker\/9055441369901436026-7376400765273450489?l=akebonnier.blogspot.com\",\"inLanguage\":\"sv-SE\",\"potentialAction\":[{\"@type\":\"CommentAction\",\"name\":\"Comment\",\"target\":[\"https:\/\/blogg.svenskakyrkan.se\/akebonnier\/2011\/04\/24\/paskdagspredikan-fran-tv-gudstjansten\/#respond\"]}]},{\"@type\":\"WebPage\",\"@id\":\"https:\/\/blogg.svenskakyrkan.se\/akebonnier\/2011\/04\/24\/paskdagspredikan-fran-tv-gudstjansten\/\",\"url\":\"https:\/\/blogg.svenskakyrkan.se\/akebonnier\/2011\/04\/24\/paskdagspredikan-fran-tv-gudstjansten\/\",\"name\":\"P\u00e5skdagspredikan fr\u00e5n TV-gudstj\u00e4nsten - \u00c5ke Bonnier\",\"isPartOf\":{\"@id\":\"https:\/\/blogg.svenskakyrkan.se\/akebonnier\/#website\"},\"primaryImageOfPage\":{\"@id\":\"https:\/\/blogg.svenskakyrkan.se\/akebonnier\/2011\/04\/24\/paskdagspredikan-fran-tv-gudstjansten\/#primaryimage\"},\"image\":{\"@id\":\"https:\/\/blogg.svenskakyrkan.se\/akebonnier\/2011\/04\/24\/paskdagspredikan-fran-tv-gudstjansten\/#primaryimage\"},\"thumbnailUrl\":\"https:\/\/blogger.googleusercontent.com\/tracker\/9055441369901436026-7376400765273450489?l=akebonnier.blogspot.com\",\"datePublished\":\"2011-04-24T16:02:00+00:00\",\"author\":{\"@id\":\"https:\/\/blogg.svenskakyrkan.se\/akebonnier\/#\/schema\/person\/8db68bc0c94f6a5a62df2d4486ff1343\"},\"breadcrumb\":{\"@id\":\"https:\/\/blogg.svenskakyrkan.se\/akebonnier\/2011\/04\/24\/paskdagspredikan-fran-tv-gudstjansten\/#breadcrumb\"},\"inLanguage\":\"sv-SE\",\"potentialAction\":[{\"@type\":\"ReadAction\",\"target\":[\"https:\/\/blogg.svenskakyrkan.se\/akebonnier\/2011\/04\/24\/paskdagspredikan-fran-tv-gudstjansten\/\"]}]},{\"@type\":\"ImageObject\",\"inLanguage\":\"sv-SE\",\"@id\":\"https:\/\/blogg.svenskakyrkan.se\/akebonnier\/2011\/04\/24\/paskdagspredikan-fran-tv-gudstjansten\/#primaryimage\",\"url\":\"https:\/\/blogger.googleusercontent.com\/tracker\/9055441369901436026-7376400765273450489?l=akebonnier.blogspot.com\",\"contentUrl\":\"https:\/\/blogger.googleusercontent.com\/tracker\/9055441369901436026-7376400765273450489?l=akebonnier.blogspot.com\"},{\"@type\":\"BreadcrumbList\",\"@id\":\"https:\/\/blogg.svenskakyrkan.se\/akebonnier\/2011\/04\/24\/paskdagspredikan-fran-tv-gudstjansten\/#breadcrumb\",\"itemListElement\":[{\"@type\":\"ListItem\",\"position\":1,\"name\":\"Hem\",\"item\":\"https:\/\/blogg.svenskakyrkan.se\/akebonnier\/\"},{\"@type\":\"ListItem\",\"position\":2,\"name\":\"P\u00e5skdagspredikan fr\u00e5n TV-gudstj\u00e4nsten\"}]},{\"@type\":\"WebSite\",\"@id\":\"https:\/\/blogg.svenskakyrkan.se\/akebonnier\/#website\",\"url\":\"https:\/\/blogg.svenskakyrkan.se\/akebonnier\/\",\"name\":\"\u00c5ke Bonnier\",\"description\":\"Biskop i Svenska kyrkan - Skara stift\",\"potentialAction\":[{\"@type\":\"SearchAction\",\"target\":{\"@type\":\"EntryPoint\",\"urlTemplate\":\"https:\/\/blogg.svenskakyrkan.se\/akebonnier\/?s={search_term_string}\"},\"query-input\":{\"@type\":\"PropertyValueSpecification\",\"valueRequired\":true,\"valueName\":\"search_term_string\"}}],\"inLanguage\":\"sv-SE\"},{\"@type\":\"Person\",\"@id\":\"https:\/\/blogg.svenskakyrkan.se\/akebonnier\/#\/schema\/person\/8db68bc0c94f6a5a62df2d4486ff1343\",\"name\":\"\u00c5ke Bonnier\",\"image\":{\"@type\":\"ImageObject\",\"inLanguage\":\"sv-SE\",\"@id\":\"https:\/\/blogg.svenskakyrkan.se\/akebonnier\/#\/schema\/person\/image\/\",\"url\":\"https:\/\/secure.gravatar.com\/avatar\/b88264736bb0bc0d1ea92298aef02c9f98cfc13c7484130c42c663ae484f9462?s=96&d=mm&r=g\",\"contentUrl\":\"https:\/\/secure.gravatar.com\/avatar\/b88264736bb0bc0d1ea92298aef02c9f98cfc13c7484130c42c663ae484f9462?s=96&d=mm&r=g\",\"caption\":\"\u00c5ke Bonnier\"},\"description\":\"Jag \u00e4r gift och har tv\u00e5 vuxna d\u00f6ttrar. Pr\u00e4stvigdes 1984 och biskopsvigs 26 augusti 2012 . Jag har tidigare bland annat varit, komminister och kyrkoherde i Liding\u00f6 f\u00f6rsamling och domprost i Stockholms domkyrkof\u00f6rsamling. Jag \u00e4r intresserad av konst, litteratur, teater, film. Jag tr\u00e4nar regelbundet p\u00e5 gym. Mitt huvudsakliga musikintresse \u00e4r klassisk musik men ocks\u00e5 Beatles, Elvis Presley, Monika Zettelund, Povel Ramel och m\u00e5nga andra tycker jag om att lyssna p\u00e5. Jag l\u00e4ser f\u00f6r lite sk\u00f6nlitteratur beroende p\u00e5 annat som jag m\u00e5ste l\u00e4sa i mitt uppdrag som biskop. Men jag \u00e4lskar b\u00f6cker. Naturligtvis l\u00e4ser jag n\u00e4st intill dagligdags i \\\"B\u00f6ckernas Bok.\\\"\",\"sameAs\":[\"http:\/\/www.skarastift.se\"],\"url\":\"https:\/\/blogg.svenskakyrkan.se\/akebonnier\/author\/akebonnier\/\"}]}<\/script>\n<!-- \/ Yoast SEO plugin. -->","yoast_head_json":{"title":"P\u00e5skdagspredikan fr\u00e5n TV-gudstj\u00e4nsten - \u00c5ke Bonnier","robots":{"index":"index","follow":"follow","max-snippet":"max-snippet:-1","max-image-preview":"max-image-preview:large","max-video-preview":"max-video-preview:-1"},"canonical":"https:\/\/blogg.svenskakyrkan.se\/akebonnier\/2011\/04\/24\/paskdagspredikan-fran-tv-gudstjansten\/","og_locale":"sv_SE","og_type":"article","og_title":"P\u00e5skdagspredikan fr\u00e5n TV-gudstj\u00e4nsten - \u00c5ke Bonnier","og_description":"F\u00f6ljande predikan h\u00f6ll jag i Storkyrkan i dag i h\u00f6gm\u00e4ssan kl 10.00:Varf\u00f6r gr\u00e5ter du kvinna? Vem letar du efter? (Joh 20:15). Orden riktades till Maria fr\u00e5n Magdala n\u00e4r hon stod vid Jesu grav, platsen som var central f\u00f6r hennes obeskrivliga sorg och saknad. Orden riktar sig ocks\u00e5 till Dig och mig idag. Varf\u00f6r gr\u00e5ter Du? [&hellip;]","og_url":"https:\/\/blogg.svenskakyrkan.se\/akebonnier\/2011\/04\/24\/paskdagspredikan-fran-tv-gudstjansten\/","og_site_name":"\u00c5ke Bonnier","article_published_time":"2011-04-24T16:02:00+00:00","og_image":[{"url":"https:\/\/blogger.googleusercontent.com\/tracker\/9055441369901436026-7376400765273450489?l=akebonnier.blogspot.com","type":"","width":"","height":""}],"author":"\u00c5ke Bonnier","twitter_card":"summary_large_image","twitter_misc":{"Skriven av":"\u00c5ke Bonnier","Ber\u00e4knad l\u00e4stid":"5 minuter"},"schema":{"@context":"https:\/\/schema.org","@graph":[{"@type":"Article","@id":"https:\/\/blogg.svenskakyrkan.se\/akebonnier\/2011\/04\/24\/paskdagspredikan-fran-tv-gudstjansten\/#article","isPartOf":{"@id":"https:\/\/blogg.svenskakyrkan.se\/akebonnier\/2011\/04\/24\/paskdagspredikan-fran-tv-gudstjansten\/"},"author":{"name":"\u00c5ke Bonnier","@id":"https:\/\/blogg.svenskakyrkan.se\/akebonnier\/#\/schema\/person\/8db68bc0c94f6a5a62df2d4486ff1343"},"headline":"P\u00e5skdagspredikan fr\u00e5n TV-gudstj\u00e4nsten","datePublished":"2011-04-24T16:02:00+00:00","mainEntityOfPage":{"@id":"https:\/\/blogg.svenskakyrkan.se\/akebonnier\/2011\/04\/24\/paskdagspredikan-fran-tv-gudstjansten\/"},"wordCount":1056,"commentCount":4,"image":{"@id":"https:\/\/blogg.svenskakyrkan.se\/akebonnier\/2011\/04\/24\/paskdagspredikan-fran-tv-gudstjansten\/#primaryimage"},"thumbnailUrl":"https:\/\/blogger.googleusercontent.com\/tracker\/9055441369901436026-7376400765273450489?l=akebonnier.blogspot.com","inLanguage":"sv-SE","potentialAction":[{"@type":"CommentAction","name":"Comment","target":["https:\/\/blogg.svenskakyrkan.se\/akebonnier\/2011\/04\/24\/paskdagspredikan-fran-tv-gudstjansten\/#respond"]}]},{"@type":"WebPage","@id":"https:\/\/blogg.svenskakyrkan.se\/akebonnier\/2011\/04\/24\/paskdagspredikan-fran-tv-gudstjansten\/","url":"https:\/\/blogg.svenskakyrkan.se\/akebonnier\/2011\/04\/24\/paskdagspredikan-fran-tv-gudstjansten\/","name":"P\u00e5skdagspredikan fr\u00e5n TV-gudstj\u00e4nsten - \u00c5ke Bonnier","isPartOf":{"@id":"https:\/\/blogg.svenskakyrkan.se\/akebonnier\/#website"},"primaryImageOfPage":{"@id":"https:\/\/blogg.svenskakyrkan.se\/akebonnier\/2011\/04\/24\/paskdagspredikan-fran-tv-gudstjansten\/#primaryimage"},"image":{"@id":"https:\/\/blogg.svenskakyrkan.se\/akebonnier\/2011\/04\/24\/paskdagspredikan-fran-tv-gudstjansten\/#primaryimage"},"thumbnailUrl":"https:\/\/blogger.googleusercontent.com\/tracker\/9055441369901436026-7376400765273450489?l=akebonnier.blogspot.com","datePublished":"2011-04-24T16:02:00+00:00","author":{"@id":"https:\/\/blogg.svenskakyrkan.se\/akebonnier\/#\/schema\/person\/8db68bc0c94f6a5a62df2d4486ff1343"},"breadcrumb":{"@id":"https:\/\/blogg.svenskakyrkan.se\/akebonnier\/2011\/04\/24\/paskdagspredikan-fran-tv-gudstjansten\/#breadcrumb"},"inLanguage":"sv-SE","potentialAction":[{"@type":"ReadAction","target":["https:\/\/blogg.svenskakyrkan.se\/akebonnier\/2011\/04\/24\/paskdagspredikan-fran-tv-gudstjansten\/"]}]},{"@type":"ImageObject","inLanguage":"sv-SE","@id":"https:\/\/blogg.svenskakyrkan.se\/akebonnier\/2011\/04\/24\/paskdagspredikan-fran-tv-gudstjansten\/#primaryimage","url":"https:\/\/blogger.googleusercontent.com\/tracker\/9055441369901436026-7376400765273450489?l=akebonnier.blogspot.com","contentUrl":"https:\/\/blogger.googleusercontent.com\/tracker\/9055441369901436026-7376400765273450489?l=akebonnier.blogspot.com"},{"@type":"BreadcrumbList","@id":"https:\/\/blogg.svenskakyrkan.se\/akebonnier\/2011\/04\/24\/paskdagspredikan-fran-tv-gudstjansten\/#breadcrumb","itemListElement":[{"@type":"ListItem","position":1,"name":"Hem","item":"https:\/\/blogg.svenskakyrkan.se\/akebonnier\/"},{"@type":"ListItem","position":2,"name":"P\u00e5skdagspredikan fr\u00e5n TV-gudstj\u00e4nsten"}]},{"@type":"WebSite","@id":"https:\/\/blogg.svenskakyrkan.se\/akebonnier\/#website","url":"https:\/\/blogg.svenskakyrkan.se\/akebonnier\/","name":"\u00c5ke Bonnier","description":"Biskop i Svenska kyrkan - Skara stift","potentialAction":[{"@type":"SearchAction","target":{"@type":"EntryPoint","urlTemplate":"https:\/\/blogg.svenskakyrkan.se\/akebonnier\/?s={search_term_string}"},"query-input":{"@type":"PropertyValueSpecification","valueRequired":true,"valueName":"search_term_string"}}],"inLanguage":"sv-SE"},{"@type":"Person","@id":"https:\/\/blogg.svenskakyrkan.se\/akebonnier\/#\/schema\/person\/8db68bc0c94f6a5a62df2d4486ff1343","name":"\u00c5ke Bonnier","image":{"@type":"ImageObject","inLanguage":"sv-SE","@id":"https:\/\/blogg.svenskakyrkan.se\/akebonnier\/#\/schema\/person\/image\/","url":"https:\/\/secure.gravatar.com\/avatar\/b88264736bb0bc0d1ea92298aef02c9f98cfc13c7484130c42c663ae484f9462?s=96&d=mm&r=g","contentUrl":"https:\/\/secure.gravatar.com\/avatar\/b88264736bb0bc0d1ea92298aef02c9f98cfc13c7484130c42c663ae484f9462?s=96&d=mm&r=g","caption":"\u00c5ke Bonnier"},"description":"Jag \u00e4r gift och har tv\u00e5 vuxna d\u00f6ttrar. Pr\u00e4stvigdes 1984 och biskopsvigs 26 augusti 2012 . Jag har tidigare bland annat varit, komminister och kyrkoherde i Liding\u00f6 f\u00f6rsamling och domprost i Stockholms domkyrkof\u00f6rsamling. Jag \u00e4r intresserad av konst, litteratur, teater, film. Jag tr\u00e4nar regelbundet p\u00e5 gym. Mitt huvudsakliga musikintresse \u00e4r klassisk musik men ocks\u00e5 Beatles, Elvis Presley, Monika Zettelund, Povel Ramel och m\u00e5nga andra tycker jag om att lyssna p\u00e5. Jag l\u00e4ser f\u00f6r lite sk\u00f6nlitteratur beroende p\u00e5 annat som jag m\u00e5ste l\u00e4sa i mitt uppdrag som biskop. Men jag \u00e4lskar b\u00f6cker. Naturligtvis l\u00e4ser jag n\u00e4st intill dagligdags i \"B\u00f6ckernas Bok.\"","sameAs":["http:\/\/www.skarastift.se"],"url":"https:\/\/blogg.svenskakyrkan.se\/akebonnier\/author\/akebonnier\/"}]}},"author_meta":{"ID":"108","user_nicename":"akebonnier","user_url":"http:\/\/www.skarastift.se","user_registered":"2011-10-11 09:24:48","display_name":"\u00c5ke Bonnier","first_name":"\u00c5ke","last_name":"Bonnier","avatar":"https:\/\/secure.gravatar.com\/avatar\/b88264736bb0bc0d1ea92298aef02c9f98cfc13c7484130c42c663ae484f9462?s=96&d=mm&r=g"},"featured_image":false,"bloginfo":{"name":"\u00c5ke Bonnier","url":"https:\/\/blogg.svenskakyrkan.se\/akebonnier"},"_links":{"self":[{"href":"https:\/\/blogg.svenskakyrkan.se\/akebonnier\/wp-json\/wp\/v2\/posts\/523","targetHints":{"allow":["GET"]}}],"collection":[{"href":"https:\/\/blogg.svenskakyrkan.se\/akebonnier\/wp-json\/wp\/v2\/posts"}],"about":[{"href":"https:\/\/blogg.svenskakyrkan.se\/akebonnier\/wp-json\/wp\/v2\/types\/post"}],"author":[{"embeddable":true,"href":"https:\/\/blogg.svenskakyrkan.se\/akebonnier\/wp-json\/wp\/v2\/users\/108"}],"replies":[{"embeddable":true,"href":"https:\/\/blogg.svenskakyrkan.se\/akebonnier\/wp-json\/wp\/v2\/comments?post=523"}],"version-history":[{"count":0,"href":"https:\/\/blogg.svenskakyrkan.se\/akebonnier\/wp-json\/wp\/v2\/posts\/523\/revisions"}],"wp:attachment":[{"href":"https:\/\/blogg.svenskakyrkan.se\/akebonnier\/wp-json\/wp\/v2\/media?parent=523"}],"wp:term":[{"taxonomy":"category","embeddable":true,"href":"https:\/\/blogg.svenskakyrkan.se\/akebonnier\/wp-json\/wp\/v2\/categories?post=523"},{"taxonomy":"post_tag","embeddable":true,"href":"https:\/\/blogg.svenskakyrkan.se\/akebonnier\/wp-json\/wp\/v2\/tags?post=523"}],"curies":[{"name":"wp","href":"https:\/\/api.w.org\/{rel}","templated":true}]}}