{"id":525,"date":"2011-05-02T05:07:00","date_gmt":"2011-05-02T05:07:00","guid":{"rendered":"http:\/\/blogg.svenskakyrkan.se\/akebonnier\/2011\/05\/02\/saligforklaringen\/"},"modified":"2011-05-02T05:07:00","modified_gmt":"2011-05-02T05:07:00","slug":"saligforklaringen","status":"publish","type":"post","link":"https:\/\/blogg.svenskakyrkan.se\/akebonnier\/2011\/05\/02\/saligforklaringen\/","title":{"rendered":"Saligf\u00f6rklaringen"},"content":{"rendered":"<p>S\u00e5 var jag \u00e5ter hemma fr\u00e5n en intensiv helg, intensiv p\u00e5 grund av starka upplevelser. Hustrun och jag var inbjudna av Utrikesdepartementet att ing\u00e5 i den svenska officiella delegationen vid saligf\u00f6rklaringsm\u00e4ssan <br \/>\ufeff <\/p>\n<table cellpadding=\"0\" cellspacing=\"0\" class=\"tr-caption-container\" style=\"float: left;margin-right: 1em;text-align: left\">\n<tbody>\n<tr>\n<td style=\"text-align: center\"><a href=\"http:\/\/3.bp.blogspot.com\/-7IkC9wrDcbI\/Tb46S5N4JnI\/AAAAAAAAAJA\/qG24l1YKPPk\/s1600\/Johanes+Paulus+II.JPG\"><img decoding=\"async\" border=\"0\" height=\"150px\" src=\"http:\/\/3.bp.blogspot.com\/-7IkC9wrDcbI\/Tb46S5N4JnI\/AAAAAAAAAJA\/qG24l1YKPPk\/s200\/Johanes+Paulus+II.JPG\" width=\"200px\" \/><\/a><\/td>\n<\/tr>\n<tr>\n<td class=\"tr-caption\" style=\"text-align: center\">En glimt fr\u00e5n Petersplatsen den 29 april<\/td>\n<\/tr>\n<\/tbody>\n<\/table>\n<p>\ufeff <\/p>\n<div style=\"border-bottom: medium none;border-left: medium none;border-right: medium none;border-top: medium none\">ute p\u00e5 Petersplatsen i Rom. Vi anl\u00e4nde under fredagen och fick d\u00e5 tillf\u00e4lle att bes\u00f6ka Vatikanbiblioteket. Denna g\u00e5ng fick vi titta p\u00e5 och faktiskt bl\u00e4ddra i deras exemplar av Gutenbergs bibel, d v s den (enligt traditionen) f\u00f6rsta tryckta boken i v\u00e4rldshistorien. Jo, det s\u00e4gs tydligen att det kom n\u00e5gon bok i tryck redan innan men allm\u00e4nt s\u00e4gs det om Gutenbergs bibel att det \u00e4r den f\u00f6rsta boken sedan boktryckarkonsten uppfanns. F\u00f6r mig som bokentusiast och teolog var det ett stort \u00f6gonblick. B\u00e5de kardinal Farina, prefekten Don Caesare och den f\u00f6r inkunabler ansvarige Adalbert Roth tog emot oss under v\u00e5rt biblioteksbes\u00f6k. Ja, det var en stor upplevelse.<\/div>\n<p>P\u00e5 l\u00f6rdagskv\u00e4llen m\u00f6tte vi s\u00e5 den \u00f6vriga delegationen best\u00e5ende av \u00e4rkebiskopen Anders Wejryd och hans hustru, civilminiter Stefan Atterfall med hustru och Kristin&#8230; (sakkunnig inom civildepartementet g\u00e4llande bland annat trossamfundsfr\u00e5gor), ambassad\u00f6ren vid Heliga Stolen Ulla Gudmundson och hennes assistent Linda Schwartz, Olof Ehrenkrona som \u00e4r utrikesministerns medarbetare och Jorge de Salas fr\u00e5n Stockholms katolska stift ( den sistn\u00e4mnde kom f\u00f6rst p\u00e5 s\u00f6ndagsmorgonen). Vi \u00e5t middag och bytte tankar om m\u00e5ngahanda ting och s\u00e5g alla fram emot s\u00f6ndagens upplevelse. <\/p>\n<p>S\u00e5 kom sj\u00e4lva dagen f\u00f6r saligf\u00f6rklaringen och vi f\u00e4rdades med poliseskort i ambassadbilar till Peterskyrkan d\u00e4r vi gick in och fick st\u00e5 n\u00e5gra sekunder framf\u00f6r Johannes Paulus enkla tr\u00e4kista som var uppflyttad fr\u00e5n den krypta d\u00e4r m\u00e5nga av de tidigare p\u00e5varna ligger begravda. Det var n\u00e5gra sekunder av b\u00e5de stillhet och helighet innan vi steg ut p\u00e5 podiet utanf\u00f6r Peterskyrkan d\u00e4r alla officiella delegationer var placerade. S\u00e5 kom processionen med p\u00e5ven och gudstj\u00e4nsten som kunde f\u00f6ljas i svensk tv p\u00e5b\u00f6rjades. Det var starkt att vara p\u00e5 plats, att k\u00e4nna den gl\u00e4dje som pr\u00e4glade hela gudstj\u00e4nsten, att ana vad Johannes Paulus betytt, inte minst f\u00f6r det polska folket, b\u00e5de religi\u00f6st och politiskt. <\/p>\n<div style=\"border-bottom: medium none;border-left: medium none;border-right: medium none;border-top: medium none\"><\/div>\n<p>Jag \u00e4r inte katolik och delar naturligtvis inte allt vad den katolska kyrkan l\u00e4r, men jag kunde och kan k\u00e4nna en stor gl\u00e4dje \u00f6ver denna saligf\u00f6rklaring. Jag tror inte att den har n\u00e5gon betydelse f\u00f6r Johannes Paulus tillvaro hos Gud. Gud \u00e4r oberoende av saligf\u00f6rklaringar och helgonf\u00f6rklaringar och f\u00f6r den som velat be om Johannes Paulus f\u00f6rb\u00f6n har det varit m\u00f6jligt redan innan ( den sjuka nunnan som blev frisk gjorde ju just detta), men det \u00e4r en jordisk bekr\u00e4ftelse av Johannes Paulus betydelse. Jag tolkar saligf\u00f6rklaringen som en sorts postum utm\u00e4rkelse som jag gl\u00e4ds \u00f6ver. Jo, han hade sina brister och hela pedofilifr\u00e5gan var bristf\u00e4lligt behandlad under hans tid. Bendiktus XVI har varit mycket tydligare (tack och lov). Johannes Paulus var p\u00e5 m\u00e5nga s\u00e4tt en stor ekumen. Vi var m\u00e5nga ickekatoliker som gladdes \u00f6ver hans bes\u00f6k i Sverige 1989. Det var ocks\u00e5 d\u00e5 den d\u00e5varande \u00e4rkebiskopen Bertil Werkstr\u00f6m v\u00e4lkomnade p\u00e5ven till Uppsala Domkyrka med orden om att Petrus (som saknades vid det ekumeniska m\u00f6tet i Uppsala 1925) nu \u00e4ntligen hade kommit.<\/p>\n<div style=\"border-bottom: medium none;border-left: medium none;border-right: medium none;border-top: medium none\"><\/div>\n<p>Till mina katolska br\u00f6der och systrar vill jag s\u00e4ga grattis till denna saligf\u00f6rklaring! Jag gl\u00e4ds med er! Johannes Paulus II var och \u00e4r p\u00e5 m\u00e5nga s\u00e4tt en inspirat\u00f6r och kan likaledes vara en f\u00f6rebild. Han levde den kristna tron, ett kristet liv och sitt uppdrag in i sitt sista andetag. Saligf\u00f6rklaringen i g\u00e5r p\u00e5 Petersplatsen bekr\u00e4ftade att han kan, i v\u00e5r tuffa v\u00e4rld, hj\u00e4lpa andra att andas l\u00e4ttare.<\/p>\n<div class=\"blogger-post-footer\"><img width='1' height='1' src='https:\/\/blogger.googleusercontent.com\/tracker\/9055441369901436026-6737101137431828560?l=akebonnier.blogspot.com' alt='' \/><\/div>\n","protected":false},"excerpt":{"rendered":"<p>S\u00e5 var jag \u00e5ter hemma fr\u00e5n en intensiv helg, intensiv p\u00e5 grund av starka upplevelser. Hustrun och jag var inbjudna av Utrikesdepartementet att ing\u00e5 i den svenska officiella delegationen vid saligf\u00f6rklaringsm\u00e4ssan \ufeff En glimt fr\u00e5n Petersplatsen den 29 april \ufeff ute p\u00e5 Petersplatsen i Rom. Vi anl\u00e4nde under fredagen och fick d\u00e5 tillf\u00e4lle att bes\u00f6ka [&hellip;]<\/p>\n","protected":false},"author":108,"featured_media":0,"comment_status":"open","ping_status":"open","sticky":false,"template":"","format":"standard","meta":{"_acf_changed":false,"footnotes":""},"categories":[9],"tags":[],"class_list":["post-525","post","type-post","status-publish","format-standard","hentry","category-okategoriserade"],"acf":[],"yoast_head":"<!-- This site is optimized with the Yoast SEO plugin v27.1.1 - https:\/\/yoast.com\/product\/yoast-seo-wordpress\/ -->\n<title>Saligf\u00f6rklaringen - \u00c5ke Bonnier<\/title>\n<meta name=\"robots\" content=\"index, follow, max-snippet:-1, max-image-preview:large, max-video-preview:-1\" \/>\n<link rel=\"canonical\" href=\"https:\/\/blogg.svenskakyrkan.se\/akebonnier\/2011\/05\/02\/saligforklaringen\/\" \/>\n<meta property=\"og:locale\" content=\"sv_SE\" \/>\n<meta property=\"og:type\" content=\"article\" \/>\n<meta property=\"og:title\" content=\"Saligf\u00f6rklaringen - \u00c5ke Bonnier\" \/>\n<meta property=\"og:description\" content=\"S\u00e5 var jag \u00e5ter hemma fr\u00e5n en intensiv helg, intensiv p\u00e5 grund av starka upplevelser. Hustrun och jag var inbjudna av Utrikesdepartementet att ing\u00e5 i den svenska officiella delegationen vid saligf\u00f6rklaringsm\u00e4ssan \ufeff En glimt fr\u00e5n Petersplatsen den 29 april \ufeff ute p\u00e5 Petersplatsen i Rom. Vi anl\u00e4nde under fredagen och fick d\u00e5 tillf\u00e4lle att bes\u00f6ka [&hellip;]\" \/>\n<meta property=\"og:url\" content=\"https:\/\/blogg.svenskakyrkan.se\/akebonnier\/2011\/05\/02\/saligforklaringen\/\" \/>\n<meta property=\"og:site_name\" content=\"\u00c5ke Bonnier\" \/>\n<meta property=\"article:published_time\" content=\"2011-05-02T05:07:00+00:00\" \/>\n<meta property=\"og:image\" content=\"http:\/\/3.bp.blogspot.com\/-7IkC9wrDcbI\/Tb46S5N4JnI\/AAAAAAAAAJA\/qG24l1YKPPk\/s200\/Johanes+Paulus+II.JPG\" \/>\n<meta name=\"author\" content=\"\u00c5ke Bonnier\" \/>\n<meta name=\"twitter:card\" content=\"summary_large_image\" \/>\n<meta name=\"twitter:label1\" content=\"Skriven av\" \/>\n\t<meta name=\"twitter:data1\" content=\"\u00c5ke Bonnier\" \/>\n\t<meta name=\"twitter:label2\" content=\"Ber\u00e4knad l\u00e4stid\" \/>\n\t<meta name=\"twitter:data2\" content=\"3 minuter\" \/>\n<script type=\"application\/ld+json\" class=\"yoast-schema-graph\">{\"@context\":\"https:\/\/schema.org\",\"@graph\":[{\"@type\":\"Article\",\"@id\":\"https:\/\/blogg.svenskakyrkan.se\/akebonnier\/2011\/05\/02\/saligforklaringen\/#article\",\"isPartOf\":{\"@id\":\"https:\/\/blogg.svenskakyrkan.se\/akebonnier\/2011\/05\/02\/saligforklaringen\/\"},\"author\":{\"name\":\"\u00c5ke Bonnier\",\"@id\":\"https:\/\/blogg.svenskakyrkan.se\/akebonnier\/#\/schema\/person\/8db68bc0c94f6a5a62df2d4486ff1343\"},\"headline\":\"Saligf\u00f6rklaringen\",\"datePublished\":\"2011-05-02T05:07:00+00:00\",\"mainEntityOfPage\":{\"@id\":\"https:\/\/blogg.svenskakyrkan.se\/akebonnier\/2011\/05\/02\/saligforklaringen\/\"},\"wordCount\":676,\"commentCount\":1,\"image\":{\"@id\":\"https:\/\/blogg.svenskakyrkan.se\/akebonnier\/2011\/05\/02\/saligforklaringen\/#primaryimage\"},\"thumbnailUrl\":\"http:\/\/3.bp.blogspot.com\/-7IkC9wrDcbI\/Tb46S5N4JnI\/AAAAAAAAAJA\/qG24l1YKPPk\/s200\/Johanes+Paulus+II.JPG\",\"inLanguage\":\"sv-SE\",\"potentialAction\":[{\"@type\":\"CommentAction\",\"name\":\"Comment\",\"target\":[\"https:\/\/blogg.svenskakyrkan.se\/akebonnier\/2011\/05\/02\/saligforklaringen\/#respond\"]}]},{\"@type\":\"WebPage\",\"@id\":\"https:\/\/blogg.svenskakyrkan.se\/akebonnier\/2011\/05\/02\/saligforklaringen\/\",\"url\":\"https:\/\/blogg.svenskakyrkan.se\/akebonnier\/2011\/05\/02\/saligforklaringen\/\",\"name\":\"Saligf\u00f6rklaringen - \u00c5ke Bonnier\",\"isPartOf\":{\"@id\":\"https:\/\/blogg.svenskakyrkan.se\/akebonnier\/#website\"},\"primaryImageOfPage\":{\"@id\":\"https:\/\/blogg.svenskakyrkan.se\/akebonnier\/2011\/05\/02\/saligforklaringen\/#primaryimage\"},\"image\":{\"@id\":\"https:\/\/blogg.svenskakyrkan.se\/akebonnier\/2011\/05\/02\/saligforklaringen\/#primaryimage\"},\"thumbnailUrl\":\"http:\/\/3.bp.blogspot.com\/-7IkC9wrDcbI\/Tb46S5N4JnI\/AAAAAAAAAJA\/qG24l1YKPPk\/s200\/Johanes+Paulus+II.JPG\",\"datePublished\":\"2011-05-02T05:07:00+00:00\",\"author\":{\"@id\":\"https:\/\/blogg.svenskakyrkan.se\/akebonnier\/#\/schema\/person\/8db68bc0c94f6a5a62df2d4486ff1343\"},\"breadcrumb\":{\"@id\":\"https:\/\/blogg.svenskakyrkan.se\/akebonnier\/2011\/05\/02\/saligforklaringen\/#breadcrumb\"},\"inLanguage\":\"sv-SE\",\"potentialAction\":[{\"@type\":\"ReadAction\",\"target\":[\"https:\/\/blogg.svenskakyrkan.se\/akebonnier\/2011\/05\/02\/saligforklaringen\/\"]}]},{\"@type\":\"ImageObject\",\"inLanguage\":\"sv-SE\",\"@id\":\"https:\/\/blogg.svenskakyrkan.se\/akebonnier\/2011\/05\/02\/saligforklaringen\/#primaryimage\",\"url\":\"http:\/\/3.bp.blogspot.com\/-7IkC9wrDcbI\/Tb46S5N4JnI\/AAAAAAAAAJA\/qG24l1YKPPk\/s200\/Johanes+Paulus+II.JPG\",\"contentUrl\":\"http:\/\/3.bp.blogspot.com\/-7IkC9wrDcbI\/Tb46S5N4JnI\/AAAAAAAAAJA\/qG24l1YKPPk\/s200\/Johanes+Paulus+II.JPG\"},{\"@type\":\"BreadcrumbList\",\"@id\":\"https:\/\/blogg.svenskakyrkan.se\/akebonnier\/2011\/05\/02\/saligforklaringen\/#breadcrumb\",\"itemListElement\":[{\"@type\":\"ListItem\",\"position\":1,\"name\":\"Hem\",\"item\":\"https:\/\/blogg.svenskakyrkan.se\/akebonnier\/\"},{\"@type\":\"ListItem\",\"position\":2,\"name\":\"Saligf\u00f6rklaringen\"}]},{\"@type\":\"WebSite\",\"@id\":\"https:\/\/blogg.svenskakyrkan.se\/akebonnier\/#website\",\"url\":\"https:\/\/blogg.svenskakyrkan.se\/akebonnier\/\",\"name\":\"\u00c5ke Bonnier\",\"description\":\"Biskop i Svenska kyrkan - Skara stift\",\"potentialAction\":[{\"@type\":\"SearchAction\",\"target\":{\"@type\":\"EntryPoint\",\"urlTemplate\":\"https:\/\/blogg.svenskakyrkan.se\/akebonnier\/?s={search_term_string}\"},\"query-input\":{\"@type\":\"PropertyValueSpecification\",\"valueRequired\":true,\"valueName\":\"search_term_string\"}}],\"inLanguage\":\"sv-SE\"},{\"@type\":\"Person\",\"@id\":\"https:\/\/blogg.svenskakyrkan.se\/akebonnier\/#\/schema\/person\/8db68bc0c94f6a5a62df2d4486ff1343\",\"name\":\"\u00c5ke Bonnier\",\"image\":{\"@type\":\"ImageObject\",\"inLanguage\":\"sv-SE\",\"@id\":\"https:\/\/blogg.svenskakyrkan.se\/akebonnier\/#\/schema\/person\/image\/\",\"url\":\"https:\/\/secure.gravatar.com\/avatar\/b88264736bb0bc0d1ea92298aef02c9f98cfc13c7484130c42c663ae484f9462?s=96&d=mm&r=g\",\"contentUrl\":\"https:\/\/secure.gravatar.com\/avatar\/b88264736bb0bc0d1ea92298aef02c9f98cfc13c7484130c42c663ae484f9462?s=96&d=mm&r=g\",\"caption\":\"\u00c5ke Bonnier\"},\"description\":\"Jag \u00e4r gift och har tv\u00e5 vuxna d\u00f6ttrar. Pr\u00e4stvigdes 1984 och biskopsvigs 26 augusti 2012 . Jag har tidigare bland annat varit, komminister och kyrkoherde i Liding\u00f6 f\u00f6rsamling och domprost i Stockholms domkyrkof\u00f6rsamling. Jag \u00e4r intresserad av konst, litteratur, teater, film. Jag tr\u00e4nar regelbundet p\u00e5 gym. Mitt huvudsakliga musikintresse \u00e4r klassisk musik men ocks\u00e5 Beatles, Elvis Presley, Monika Zettelund, Povel Ramel och m\u00e5nga andra tycker jag om att lyssna p\u00e5. Jag l\u00e4ser f\u00f6r lite sk\u00f6nlitteratur beroende p\u00e5 annat som jag m\u00e5ste l\u00e4sa i mitt uppdrag som biskop. Men jag \u00e4lskar b\u00f6cker. Naturligtvis l\u00e4ser jag n\u00e4st intill dagligdags i \\\"B\u00f6ckernas Bok.\\\"\",\"sameAs\":[\"http:\/\/www.skarastift.se\"],\"url\":\"https:\/\/blogg.svenskakyrkan.se\/akebonnier\/author\/akebonnier\/\"}]}<\/script>\n<!-- \/ Yoast SEO plugin. -->","yoast_head_json":{"title":"Saligf\u00f6rklaringen - \u00c5ke Bonnier","robots":{"index":"index","follow":"follow","max-snippet":"max-snippet:-1","max-image-preview":"max-image-preview:large","max-video-preview":"max-video-preview:-1"},"canonical":"https:\/\/blogg.svenskakyrkan.se\/akebonnier\/2011\/05\/02\/saligforklaringen\/","og_locale":"sv_SE","og_type":"article","og_title":"Saligf\u00f6rklaringen - \u00c5ke Bonnier","og_description":"S\u00e5 var jag \u00e5ter hemma fr\u00e5n en intensiv helg, intensiv p\u00e5 grund av starka upplevelser. Hustrun och jag var inbjudna av Utrikesdepartementet att ing\u00e5 i den svenska officiella delegationen vid saligf\u00f6rklaringsm\u00e4ssan \ufeff En glimt fr\u00e5n Petersplatsen den 29 april \ufeff ute p\u00e5 Petersplatsen i Rom. Vi anl\u00e4nde under fredagen och fick d\u00e5 tillf\u00e4lle att bes\u00f6ka [&hellip;]","og_url":"https:\/\/blogg.svenskakyrkan.se\/akebonnier\/2011\/05\/02\/saligforklaringen\/","og_site_name":"\u00c5ke Bonnier","article_published_time":"2011-05-02T05:07:00+00:00","og_image":[{"url":"http:\/\/3.bp.blogspot.com\/-7IkC9wrDcbI\/Tb46S5N4JnI\/AAAAAAAAAJA\/qG24l1YKPPk\/s200\/Johanes+Paulus+II.JPG","type":"","width":"","height":""}],"author":"\u00c5ke Bonnier","twitter_card":"summary_large_image","twitter_misc":{"Skriven av":"\u00c5ke Bonnier","Ber\u00e4knad l\u00e4stid":"3 minuter"},"schema":{"@context":"https:\/\/schema.org","@graph":[{"@type":"Article","@id":"https:\/\/blogg.svenskakyrkan.se\/akebonnier\/2011\/05\/02\/saligforklaringen\/#article","isPartOf":{"@id":"https:\/\/blogg.svenskakyrkan.se\/akebonnier\/2011\/05\/02\/saligforklaringen\/"},"author":{"name":"\u00c5ke Bonnier","@id":"https:\/\/blogg.svenskakyrkan.se\/akebonnier\/#\/schema\/person\/8db68bc0c94f6a5a62df2d4486ff1343"},"headline":"Saligf\u00f6rklaringen","datePublished":"2011-05-02T05:07:00+00:00","mainEntityOfPage":{"@id":"https:\/\/blogg.svenskakyrkan.se\/akebonnier\/2011\/05\/02\/saligforklaringen\/"},"wordCount":676,"commentCount":1,"image":{"@id":"https:\/\/blogg.svenskakyrkan.se\/akebonnier\/2011\/05\/02\/saligforklaringen\/#primaryimage"},"thumbnailUrl":"http:\/\/3.bp.blogspot.com\/-7IkC9wrDcbI\/Tb46S5N4JnI\/AAAAAAAAAJA\/qG24l1YKPPk\/s200\/Johanes+Paulus+II.JPG","inLanguage":"sv-SE","potentialAction":[{"@type":"CommentAction","name":"Comment","target":["https:\/\/blogg.svenskakyrkan.se\/akebonnier\/2011\/05\/02\/saligforklaringen\/#respond"]}]},{"@type":"WebPage","@id":"https:\/\/blogg.svenskakyrkan.se\/akebonnier\/2011\/05\/02\/saligforklaringen\/","url":"https:\/\/blogg.svenskakyrkan.se\/akebonnier\/2011\/05\/02\/saligforklaringen\/","name":"Saligf\u00f6rklaringen - \u00c5ke Bonnier","isPartOf":{"@id":"https:\/\/blogg.svenskakyrkan.se\/akebonnier\/#website"},"primaryImageOfPage":{"@id":"https:\/\/blogg.svenskakyrkan.se\/akebonnier\/2011\/05\/02\/saligforklaringen\/#primaryimage"},"image":{"@id":"https:\/\/blogg.svenskakyrkan.se\/akebonnier\/2011\/05\/02\/saligforklaringen\/#primaryimage"},"thumbnailUrl":"http:\/\/3.bp.blogspot.com\/-7IkC9wrDcbI\/Tb46S5N4JnI\/AAAAAAAAAJA\/qG24l1YKPPk\/s200\/Johanes+Paulus+II.JPG","datePublished":"2011-05-02T05:07:00+00:00","author":{"@id":"https:\/\/blogg.svenskakyrkan.se\/akebonnier\/#\/schema\/person\/8db68bc0c94f6a5a62df2d4486ff1343"},"breadcrumb":{"@id":"https:\/\/blogg.svenskakyrkan.se\/akebonnier\/2011\/05\/02\/saligforklaringen\/#breadcrumb"},"inLanguage":"sv-SE","potentialAction":[{"@type":"ReadAction","target":["https:\/\/blogg.svenskakyrkan.se\/akebonnier\/2011\/05\/02\/saligforklaringen\/"]}]},{"@type":"ImageObject","inLanguage":"sv-SE","@id":"https:\/\/blogg.svenskakyrkan.se\/akebonnier\/2011\/05\/02\/saligforklaringen\/#primaryimage","url":"http:\/\/3.bp.blogspot.com\/-7IkC9wrDcbI\/Tb46S5N4JnI\/AAAAAAAAAJA\/qG24l1YKPPk\/s200\/Johanes+Paulus+II.JPG","contentUrl":"http:\/\/3.bp.blogspot.com\/-7IkC9wrDcbI\/Tb46S5N4JnI\/AAAAAAAAAJA\/qG24l1YKPPk\/s200\/Johanes+Paulus+II.JPG"},{"@type":"BreadcrumbList","@id":"https:\/\/blogg.svenskakyrkan.se\/akebonnier\/2011\/05\/02\/saligforklaringen\/#breadcrumb","itemListElement":[{"@type":"ListItem","position":1,"name":"Hem","item":"https:\/\/blogg.svenskakyrkan.se\/akebonnier\/"},{"@type":"ListItem","position":2,"name":"Saligf\u00f6rklaringen"}]},{"@type":"WebSite","@id":"https:\/\/blogg.svenskakyrkan.se\/akebonnier\/#website","url":"https:\/\/blogg.svenskakyrkan.se\/akebonnier\/","name":"\u00c5ke Bonnier","description":"Biskop i Svenska kyrkan - Skara stift","potentialAction":[{"@type":"SearchAction","target":{"@type":"EntryPoint","urlTemplate":"https:\/\/blogg.svenskakyrkan.se\/akebonnier\/?s={search_term_string}"},"query-input":{"@type":"PropertyValueSpecification","valueRequired":true,"valueName":"search_term_string"}}],"inLanguage":"sv-SE"},{"@type":"Person","@id":"https:\/\/blogg.svenskakyrkan.se\/akebonnier\/#\/schema\/person\/8db68bc0c94f6a5a62df2d4486ff1343","name":"\u00c5ke Bonnier","image":{"@type":"ImageObject","inLanguage":"sv-SE","@id":"https:\/\/blogg.svenskakyrkan.se\/akebonnier\/#\/schema\/person\/image\/","url":"https:\/\/secure.gravatar.com\/avatar\/b88264736bb0bc0d1ea92298aef02c9f98cfc13c7484130c42c663ae484f9462?s=96&d=mm&r=g","contentUrl":"https:\/\/secure.gravatar.com\/avatar\/b88264736bb0bc0d1ea92298aef02c9f98cfc13c7484130c42c663ae484f9462?s=96&d=mm&r=g","caption":"\u00c5ke Bonnier"},"description":"Jag \u00e4r gift och har tv\u00e5 vuxna d\u00f6ttrar. Pr\u00e4stvigdes 1984 och biskopsvigs 26 augusti 2012 . Jag har tidigare bland annat varit, komminister och kyrkoherde i Liding\u00f6 f\u00f6rsamling och domprost i Stockholms domkyrkof\u00f6rsamling. Jag \u00e4r intresserad av konst, litteratur, teater, film. Jag tr\u00e4nar regelbundet p\u00e5 gym. Mitt huvudsakliga musikintresse \u00e4r klassisk musik men ocks\u00e5 Beatles, Elvis Presley, Monika Zettelund, Povel Ramel och m\u00e5nga andra tycker jag om att lyssna p\u00e5. Jag l\u00e4ser f\u00f6r lite sk\u00f6nlitteratur beroende p\u00e5 annat som jag m\u00e5ste l\u00e4sa i mitt uppdrag som biskop. Men jag \u00e4lskar b\u00f6cker. Naturligtvis l\u00e4ser jag n\u00e4st intill dagligdags i \"B\u00f6ckernas Bok.\"","sameAs":["http:\/\/www.skarastift.se"],"url":"https:\/\/blogg.svenskakyrkan.se\/akebonnier\/author\/akebonnier\/"}]}},"author_meta":{"ID":"108","user_nicename":"akebonnier","user_url":"http:\/\/www.skarastift.se","user_registered":"2011-10-11 09:24:48","display_name":"\u00c5ke Bonnier","first_name":"\u00c5ke","last_name":"Bonnier","avatar":"https:\/\/secure.gravatar.com\/avatar\/b88264736bb0bc0d1ea92298aef02c9f98cfc13c7484130c42c663ae484f9462?s=96&d=mm&r=g"},"featured_image":false,"bloginfo":{"name":"\u00c5ke Bonnier","url":"https:\/\/blogg.svenskakyrkan.se\/akebonnier"},"_links":{"self":[{"href":"https:\/\/blogg.svenskakyrkan.se\/akebonnier\/wp-json\/wp\/v2\/posts\/525","targetHints":{"allow":["GET"]}}],"collection":[{"href":"https:\/\/blogg.svenskakyrkan.se\/akebonnier\/wp-json\/wp\/v2\/posts"}],"about":[{"href":"https:\/\/blogg.svenskakyrkan.se\/akebonnier\/wp-json\/wp\/v2\/types\/post"}],"author":[{"embeddable":true,"href":"https:\/\/blogg.svenskakyrkan.se\/akebonnier\/wp-json\/wp\/v2\/users\/108"}],"replies":[{"embeddable":true,"href":"https:\/\/blogg.svenskakyrkan.se\/akebonnier\/wp-json\/wp\/v2\/comments?post=525"}],"version-history":[{"count":0,"href":"https:\/\/blogg.svenskakyrkan.se\/akebonnier\/wp-json\/wp\/v2\/posts\/525\/revisions"}],"wp:attachment":[{"href":"https:\/\/blogg.svenskakyrkan.se\/akebonnier\/wp-json\/wp\/v2\/media?parent=525"}],"wp:term":[{"taxonomy":"category","embeddable":true,"href":"https:\/\/blogg.svenskakyrkan.se\/akebonnier\/wp-json\/wp\/v2\/categories?post=525"},{"taxonomy":"post_tag","embeddable":true,"href":"https:\/\/blogg.svenskakyrkan.se\/akebonnier\/wp-json\/wp\/v2\/tags?post=525"}],"curies":[{"name":"wp","href":"https:\/\/api.w.org\/{rel}","templated":true}]}}