{"id":527,"date":"2011-05-11T20:40:00","date_gmt":"2011-05-11T20:40:00","guid":{"rendered":"http:\/\/blogg.svenskakyrkan.se\/akebonnier\/2011\/05\/11\/kyrkomusik-och-musik-i-kyrkan\/"},"modified":"2011-05-11T20:40:00","modified_gmt":"2011-05-11T20:40:00","slug":"kyrkomusik-och-musik-i-kyrkan","status":"publish","type":"post","link":"https:\/\/blogg.svenskakyrkan.se\/akebonnier\/2011\/05\/11\/kyrkomusik-och-musik-i-kyrkan\/","title":{"rendered":"Kyrkomusik och musik i kyrkan"},"content":{"rendered":"<p>I s\u00f6ndags avtackades Gustaf Sj\u00f6kvist av Stockholms domkyrkof\u00f6rsamling. Det skedde i den n\u00e4st sista konserten som han ledde som anst\u00e4lld i v\u00e5r f\u00f6rsamling. Kungen, drottningen och kronprinsessan samt landsh\u00f6vdingen bevistade konserten som framf\u00f6rdes till f\u00f6rm\u00e5n f\u00f6r World Childhood foundation. Det var en fantastisk konsert och det var roligt att f\u00e5 tacka en medarbetare som varit i farten i 44 \u00e5r p\u00e5 samma arbetsplats. Gustaf Sj\u00f6kvist \u00e4r p\u00e5 m\u00e5nga s\u00e4tt en f\u00f6reg\u00e5ngare som \u00f6ppnat kyrkan f\u00f6r s\u00e5 mycket. D\u00f6dskallelistor med ol\u00e4mplig musik har varit honom v\u00e4sensfr\u00e4mmande. Tv\u00e4rtom har han h\u00e5llit fram vikten av respoekten f\u00f6r kyrkorummet samtidigt som musiken har f\u00e5tt utmana.<\/p>\n<p>Kyrkomusik \u00e4r viktigt! Det \u00e4r s\u00e5 l\u00e4tt att enbart det talade ordet v\u00e4rderas i kyrkans sammanhang. Men kyrkomusiken eller kanske snarare musiken i kyrkan kan ibland tala djupare \u00e4n vad lite fyrkantiga bokst\u00e4ver f\u00f6rm\u00e5r. Kyrkan f\u00e5r dock aldrig f\u00f6rvandlas till en konserthall. Vi har redan flera i Stockholm. Nej, musiken i kyrkan, oavsett om den \u00e4r modern eller mer klassisk, m\u00e5ste p\u00e5 n\u00e5got s\u00e4tt ha med kyrkorummet att g\u00f6ra, det Gustaf Sj\u00f6kvist kallar &#8221;respekt&#8221;. Sen kan det vara n\u00e4stan hur h\u00f6gt i taket som helst. S\u00e5 l\u00e4nge respekten finns d\u00e4r, s\u00e5 l\u00e4nge viljan att ber\u00f6ra finns d\u00e4r, s\u00e5 l\u00e4nge musiken f\u00e5r vara ett gudomligt uttrycksmedel och egentligen djupast s\u00e4tt f\u00e5r vara med och f\u00f6rkunna evangeliet, s\u00e5 l\u00e4nge kan ingen musik vara fr\u00e4mmande. D\u00e5 \u00e4r ingen musik profan. <\/p>\n<p>S\u00e5 riv alla d\u00f6dskallelistor! L\u00e5t s\u00e5nger och psalmer klinga! L\u00e5t saxofoner, trummor, joijkar, k\u00f6rst\u00e4mmor, orglar, symbaler, flyglar, dragspel och klarinetter och andra instrument f\u00e5 ljuda! L\u00e5t oss se och inse att Gud \u00e4r st\u00f6rre \u00e4n alla uttrycksmedel och kan ber\u00f6ra d\u00e4r vi aldrig kunde ana det. Eller med psalmistens ord:<\/p>\n<p>&nbsp;&nbsp;&nbsp; Halleluja!<br \/>&nbsp;&nbsp;&nbsp; Prisa Gud i hans helgedom,<br \/>&nbsp;&nbsp;&nbsp; prisa honom i hans h\u00f6ga himmel.<br \/>&nbsp;&nbsp;&nbsp; Prisa honom f\u00f6r hans m\u00e4ktiga g\u00e4rningar,<br \/>&nbsp;&nbsp;&nbsp; prisa honom f\u00f6r hans v\u00e4ldiga storhet.<br \/>&nbsp;&nbsp;&nbsp; Prisa honom med hornst\u00f6tar,<br \/>&nbsp;&nbsp;&nbsp; prisa honom med harpa och lyra,<br \/>&nbsp;&nbsp;&nbsp; prisa honom med tamburin och dans,<br \/>&nbsp;&nbsp;&nbsp; prisa honom med str\u00e4ngaspel och fl\u00f6jt,<br \/>&nbsp;&nbsp;&nbsp; prisa honom med klingande cymbaler,<br \/>&nbsp;&nbsp;&nbsp; prisa honom med jublande cymbaler.<br \/>&nbsp;&nbsp;&nbsp; Allt som lever och andas skall prisa Herren.<br \/>&nbsp;&nbsp;&nbsp; Halleluja! (Ps 150)<\/p>\n<div class=\"blogger-post-footer\"><img width='1' height='1' src='https:\/\/blogger.googleusercontent.com\/tracker\/9055441369901436026-2171212452309756531?l=akebonnier.blogspot.com' alt='' \/><\/div>\n","protected":false},"excerpt":{"rendered":"<p>I s\u00f6ndags avtackades Gustaf Sj\u00f6kvist av Stockholms domkyrkof\u00f6rsamling. Det skedde i den n\u00e4st sista konserten som han ledde som anst\u00e4lld i v\u00e5r f\u00f6rsamling. Kungen, drottningen och kronprinsessan samt landsh\u00f6vdingen bevistade konserten som framf\u00f6rdes till f\u00f6rm\u00e5n f\u00f6r World Childhood foundation. Det var en fantastisk konsert och det var roligt att f\u00e5 tacka en medarbetare som varit [&hellip;]<\/p>\n","protected":false},"author":108,"featured_media":0,"comment_status":"open","ping_status":"open","sticky":false,"template":"","format":"standard","meta":{"_acf_changed":false,"footnotes":""},"categories":[9],"tags":[],"class_list":["post-527","post","type-post","status-publish","format-standard","hentry","category-okategoriserade"],"acf":[],"yoast_head":"<!-- This site is optimized with the Yoast SEO plugin v27.1.1 - https:\/\/yoast.com\/product\/yoast-seo-wordpress\/ -->\n<title>Kyrkomusik och musik i kyrkan - \u00c5ke Bonnier<\/title>\n<meta name=\"robots\" content=\"index, follow, max-snippet:-1, max-image-preview:large, max-video-preview:-1\" \/>\n<link rel=\"canonical\" href=\"https:\/\/blogg.svenskakyrkan.se\/akebonnier\/2011\/05\/11\/kyrkomusik-och-musik-i-kyrkan\/\" \/>\n<meta property=\"og:locale\" content=\"sv_SE\" \/>\n<meta property=\"og:type\" content=\"article\" \/>\n<meta property=\"og:title\" content=\"Kyrkomusik och musik i kyrkan - \u00c5ke Bonnier\" \/>\n<meta property=\"og:description\" content=\"I s\u00f6ndags avtackades Gustaf Sj\u00f6kvist av Stockholms domkyrkof\u00f6rsamling. Det skedde i den n\u00e4st sista konserten som han ledde som anst\u00e4lld i v\u00e5r f\u00f6rsamling. Kungen, drottningen och kronprinsessan samt landsh\u00f6vdingen bevistade konserten som framf\u00f6rdes till f\u00f6rm\u00e5n f\u00f6r World Childhood foundation. Det var en fantastisk konsert och det var roligt att f\u00e5 tacka en medarbetare som varit [&hellip;]\" \/>\n<meta property=\"og:url\" content=\"https:\/\/blogg.svenskakyrkan.se\/akebonnier\/2011\/05\/11\/kyrkomusik-och-musik-i-kyrkan\/\" \/>\n<meta property=\"og:site_name\" content=\"\u00c5ke Bonnier\" \/>\n<meta property=\"article:published_time\" content=\"2011-05-11T20:40:00+00:00\" \/>\n<meta property=\"og:image\" content=\"https:\/\/blogger.googleusercontent.com\/tracker\/9055441369901436026-2171212452309756531?l=akebonnier.blogspot.com\" \/>\n<meta name=\"author\" content=\"\u00c5ke Bonnier\" \/>\n<meta name=\"twitter:card\" content=\"summary_large_image\" \/>\n<meta name=\"twitter:label1\" content=\"Skriven av\" \/>\n\t<meta name=\"twitter:data1\" content=\"\u00c5ke Bonnier\" \/>\n\t<meta name=\"twitter:label2\" content=\"Ber\u00e4knad l\u00e4stid\" \/>\n\t<meta name=\"twitter:data2\" content=\"2 minuter\" \/>\n<script type=\"application\/ld+json\" class=\"yoast-schema-graph\">{\"@context\":\"https:\/\/schema.org\",\"@graph\":[{\"@type\":\"Article\",\"@id\":\"https:\/\/blogg.svenskakyrkan.se\/akebonnier\/2011\/05\/11\/kyrkomusik-och-musik-i-kyrkan\/#article\",\"isPartOf\":{\"@id\":\"https:\/\/blogg.svenskakyrkan.se\/akebonnier\/2011\/05\/11\/kyrkomusik-och-musik-i-kyrkan\/\"},\"author\":{\"name\":\"\u00c5ke Bonnier\",\"@id\":\"https:\/\/blogg.svenskakyrkan.se\/akebonnier\/#\/schema\/person\/8db68bc0c94f6a5a62df2d4486ff1343\"},\"headline\":\"Kyrkomusik och musik i kyrkan\",\"datePublished\":\"2011-05-11T20:40:00+00:00\",\"mainEntityOfPage\":{\"@id\":\"https:\/\/blogg.svenskakyrkan.se\/akebonnier\/2011\/05\/11\/kyrkomusik-och-musik-i-kyrkan\/\"},\"wordCount\":458,\"commentCount\":4,\"image\":{\"@id\":\"https:\/\/blogg.svenskakyrkan.se\/akebonnier\/2011\/05\/11\/kyrkomusik-och-musik-i-kyrkan\/#primaryimage\"},\"thumbnailUrl\":\"https:\/\/blogger.googleusercontent.com\/tracker\/9055441369901436026-2171212452309756531?l=akebonnier.blogspot.com\",\"inLanguage\":\"sv-SE\",\"potentialAction\":[{\"@type\":\"CommentAction\",\"name\":\"Comment\",\"target\":[\"https:\/\/blogg.svenskakyrkan.se\/akebonnier\/2011\/05\/11\/kyrkomusik-och-musik-i-kyrkan\/#respond\"]}]},{\"@type\":\"WebPage\",\"@id\":\"https:\/\/blogg.svenskakyrkan.se\/akebonnier\/2011\/05\/11\/kyrkomusik-och-musik-i-kyrkan\/\",\"url\":\"https:\/\/blogg.svenskakyrkan.se\/akebonnier\/2011\/05\/11\/kyrkomusik-och-musik-i-kyrkan\/\",\"name\":\"Kyrkomusik och musik i kyrkan - \u00c5ke Bonnier\",\"isPartOf\":{\"@id\":\"https:\/\/blogg.svenskakyrkan.se\/akebonnier\/#website\"},\"primaryImageOfPage\":{\"@id\":\"https:\/\/blogg.svenskakyrkan.se\/akebonnier\/2011\/05\/11\/kyrkomusik-och-musik-i-kyrkan\/#primaryimage\"},\"image\":{\"@id\":\"https:\/\/blogg.svenskakyrkan.se\/akebonnier\/2011\/05\/11\/kyrkomusik-och-musik-i-kyrkan\/#primaryimage\"},\"thumbnailUrl\":\"https:\/\/blogger.googleusercontent.com\/tracker\/9055441369901436026-2171212452309756531?l=akebonnier.blogspot.com\",\"datePublished\":\"2011-05-11T20:40:00+00:00\",\"author\":{\"@id\":\"https:\/\/blogg.svenskakyrkan.se\/akebonnier\/#\/schema\/person\/8db68bc0c94f6a5a62df2d4486ff1343\"},\"breadcrumb\":{\"@id\":\"https:\/\/blogg.svenskakyrkan.se\/akebonnier\/2011\/05\/11\/kyrkomusik-och-musik-i-kyrkan\/#breadcrumb\"},\"inLanguage\":\"sv-SE\",\"potentialAction\":[{\"@type\":\"ReadAction\",\"target\":[\"https:\/\/blogg.svenskakyrkan.se\/akebonnier\/2011\/05\/11\/kyrkomusik-och-musik-i-kyrkan\/\"]}]},{\"@type\":\"ImageObject\",\"inLanguage\":\"sv-SE\",\"@id\":\"https:\/\/blogg.svenskakyrkan.se\/akebonnier\/2011\/05\/11\/kyrkomusik-och-musik-i-kyrkan\/#primaryimage\",\"url\":\"https:\/\/blogger.googleusercontent.com\/tracker\/9055441369901436026-2171212452309756531?l=akebonnier.blogspot.com\",\"contentUrl\":\"https:\/\/blogger.googleusercontent.com\/tracker\/9055441369901436026-2171212452309756531?l=akebonnier.blogspot.com\"},{\"@type\":\"BreadcrumbList\",\"@id\":\"https:\/\/blogg.svenskakyrkan.se\/akebonnier\/2011\/05\/11\/kyrkomusik-och-musik-i-kyrkan\/#breadcrumb\",\"itemListElement\":[{\"@type\":\"ListItem\",\"position\":1,\"name\":\"Hem\",\"item\":\"https:\/\/blogg.svenskakyrkan.se\/akebonnier\/\"},{\"@type\":\"ListItem\",\"position\":2,\"name\":\"Kyrkomusik och musik i kyrkan\"}]},{\"@type\":\"WebSite\",\"@id\":\"https:\/\/blogg.svenskakyrkan.se\/akebonnier\/#website\",\"url\":\"https:\/\/blogg.svenskakyrkan.se\/akebonnier\/\",\"name\":\"\u00c5ke Bonnier\",\"description\":\"Biskop i Svenska kyrkan - Skara stift\",\"potentialAction\":[{\"@type\":\"SearchAction\",\"target\":{\"@type\":\"EntryPoint\",\"urlTemplate\":\"https:\/\/blogg.svenskakyrkan.se\/akebonnier\/?s={search_term_string}\"},\"query-input\":{\"@type\":\"PropertyValueSpecification\",\"valueRequired\":true,\"valueName\":\"search_term_string\"}}],\"inLanguage\":\"sv-SE\"},{\"@type\":\"Person\",\"@id\":\"https:\/\/blogg.svenskakyrkan.se\/akebonnier\/#\/schema\/person\/8db68bc0c94f6a5a62df2d4486ff1343\",\"name\":\"\u00c5ke Bonnier\",\"image\":{\"@type\":\"ImageObject\",\"inLanguage\":\"sv-SE\",\"@id\":\"https:\/\/blogg.svenskakyrkan.se\/akebonnier\/#\/schema\/person\/image\/\",\"url\":\"https:\/\/secure.gravatar.com\/avatar\/b88264736bb0bc0d1ea92298aef02c9f98cfc13c7484130c42c663ae484f9462?s=96&d=mm&r=g\",\"contentUrl\":\"https:\/\/secure.gravatar.com\/avatar\/b88264736bb0bc0d1ea92298aef02c9f98cfc13c7484130c42c663ae484f9462?s=96&d=mm&r=g\",\"caption\":\"\u00c5ke Bonnier\"},\"description\":\"Jag \u00e4r gift och har tv\u00e5 vuxna d\u00f6ttrar. Pr\u00e4stvigdes 1984 och biskopsvigs 26 augusti 2012 . Jag har tidigare bland annat varit, komminister och kyrkoherde i Liding\u00f6 f\u00f6rsamling och domprost i Stockholms domkyrkof\u00f6rsamling. Jag \u00e4r intresserad av konst, litteratur, teater, film. Jag tr\u00e4nar regelbundet p\u00e5 gym. Mitt huvudsakliga musikintresse \u00e4r klassisk musik men ocks\u00e5 Beatles, Elvis Presley, Monika Zettelund, Povel Ramel och m\u00e5nga andra tycker jag om att lyssna p\u00e5. Jag l\u00e4ser f\u00f6r lite sk\u00f6nlitteratur beroende p\u00e5 annat som jag m\u00e5ste l\u00e4sa i mitt uppdrag som biskop. Men jag \u00e4lskar b\u00f6cker. Naturligtvis l\u00e4ser jag n\u00e4st intill dagligdags i \\\"B\u00f6ckernas Bok.\\\"\",\"sameAs\":[\"http:\/\/www.skarastift.se\"],\"url\":\"https:\/\/blogg.svenskakyrkan.se\/akebonnier\/author\/akebonnier\/\"}]}<\/script>\n<!-- \/ Yoast SEO plugin. -->","yoast_head_json":{"title":"Kyrkomusik och musik i kyrkan - \u00c5ke Bonnier","robots":{"index":"index","follow":"follow","max-snippet":"max-snippet:-1","max-image-preview":"max-image-preview:large","max-video-preview":"max-video-preview:-1"},"canonical":"https:\/\/blogg.svenskakyrkan.se\/akebonnier\/2011\/05\/11\/kyrkomusik-och-musik-i-kyrkan\/","og_locale":"sv_SE","og_type":"article","og_title":"Kyrkomusik och musik i kyrkan - \u00c5ke Bonnier","og_description":"I s\u00f6ndags avtackades Gustaf Sj\u00f6kvist av Stockholms domkyrkof\u00f6rsamling. Det skedde i den n\u00e4st sista konserten som han ledde som anst\u00e4lld i v\u00e5r f\u00f6rsamling. Kungen, drottningen och kronprinsessan samt landsh\u00f6vdingen bevistade konserten som framf\u00f6rdes till f\u00f6rm\u00e5n f\u00f6r World Childhood foundation. Det var en fantastisk konsert och det var roligt att f\u00e5 tacka en medarbetare som varit [&hellip;]","og_url":"https:\/\/blogg.svenskakyrkan.se\/akebonnier\/2011\/05\/11\/kyrkomusik-och-musik-i-kyrkan\/","og_site_name":"\u00c5ke Bonnier","article_published_time":"2011-05-11T20:40:00+00:00","og_image":[{"url":"https:\/\/blogger.googleusercontent.com\/tracker\/9055441369901436026-2171212452309756531?l=akebonnier.blogspot.com","type":"","width":"","height":""}],"author":"\u00c5ke Bonnier","twitter_card":"summary_large_image","twitter_misc":{"Skriven av":"\u00c5ke Bonnier","Ber\u00e4knad l\u00e4stid":"2 minuter"},"schema":{"@context":"https:\/\/schema.org","@graph":[{"@type":"Article","@id":"https:\/\/blogg.svenskakyrkan.se\/akebonnier\/2011\/05\/11\/kyrkomusik-och-musik-i-kyrkan\/#article","isPartOf":{"@id":"https:\/\/blogg.svenskakyrkan.se\/akebonnier\/2011\/05\/11\/kyrkomusik-och-musik-i-kyrkan\/"},"author":{"name":"\u00c5ke Bonnier","@id":"https:\/\/blogg.svenskakyrkan.se\/akebonnier\/#\/schema\/person\/8db68bc0c94f6a5a62df2d4486ff1343"},"headline":"Kyrkomusik och musik i kyrkan","datePublished":"2011-05-11T20:40:00+00:00","mainEntityOfPage":{"@id":"https:\/\/blogg.svenskakyrkan.se\/akebonnier\/2011\/05\/11\/kyrkomusik-och-musik-i-kyrkan\/"},"wordCount":458,"commentCount":4,"image":{"@id":"https:\/\/blogg.svenskakyrkan.se\/akebonnier\/2011\/05\/11\/kyrkomusik-och-musik-i-kyrkan\/#primaryimage"},"thumbnailUrl":"https:\/\/blogger.googleusercontent.com\/tracker\/9055441369901436026-2171212452309756531?l=akebonnier.blogspot.com","inLanguage":"sv-SE","potentialAction":[{"@type":"CommentAction","name":"Comment","target":["https:\/\/blogg.svenskakyrkan.se\/akebonnier\/2011\/05\/11\/kyrkomusik-och-musik-i-kyrkan\/#respond"]}]},{"@type":"WebPage","@id":"https:\/\/blogg.svenskakyrkan.se\/akebonnier\/2011\/05\/11\/kyrkomusik-och-musik-i-kyrkan\/","url":"https:\/\/blogg.svenskakyrkan.se\/akebonnier\/2011\/05\/11\/kyrkomusik-och-musik-i-kyrkan\/","name":"Kyrkomusik och musik i kyrkan - \u00c5ke Bonnier","isPartOf":{"@id":"https:\/\/blogg.svenskakyrkan.se\/akebonnier\/#website"},"primaryImageOfPage":{"@id":"https:\/\/blogg.svenskakyrkan.se\/akebonnier\/2011\/05\/11\/kyrkomusik-och-musik-i-kyrkan\/#primaryimage"},"image":{"@id":"https:\/\/blogg.svenskakyrkan.se\/akebonnier\/2011\/05\/11\/kyrkomusik-och-musik-i-kyrkan\/#primaryimage"},"thumbnailUrl":"https:\/\/blogger.googleusercontent.com\/tracker\/9055441369901436026-2171212452309756531?l=akebonnier.blogspot.com","datePublished":"2011-05-11T20:40:00+00:00","author":{"@id":"https:\/\/blogg.svenskakyrkan.se\/akebonnier\/#\/schema\/person\/8db68bc0c94f6a5a62df2d4486ff1343"},"breadcrumb":{"@id":"https:\/\/blogg.svenskakyrkan.se\/akebonnier\/2011\/05\/11\/kyrkomusik-och-musik-i-kyrkan\/#breadcrumb"},"inLanguage":"sv-SE","potentialAction":[{"@type":"ReadAction","target":["https:\/\/blogg.svenskakyrkan.se\/akebonnier\/2011\/05\/11\/kyrkomusik-och-musik-i-kyrkan\/"]}]},{"@type":"ImageObject","inLanguage":"sv-SE","@id":"https:\/\/blogg.svenskakyrkan.se\/akebonnier\/2011\/05\/11\/kyrkomusik-och-musik-i-kyrkan\/#primaryimage","url":"https:\/\/blogger.googleusercontent.com\/tracker\/9055441369901436026-2171212452309756531?l=akebonnier.blogspot.com","contentUrl":"https:\/\/blogger.googleusercontent.com\/tracker\/9055441369901436026-2171212452309756531?l=akebonnier.blogspot.com"},{"@type":"BreadcrumbList","@id":"https:\/\/blogg.svenskakyrkan.se\/akebonnier\/2011\/05\/11\/kyrkomusik-och-musik-i-kyrkan\/#breadcrumb","itemListElement":[{"@type":"ListItem","position":1,"name":"Hem","item":"https:\/\/blogg.svenskakyrkan.se\/akebonnier\/"},{"@type":"ListItem","position":2,"name":"Kyrkomusik och musik i kyrkan"}]},{"@type":"WebSite","@id":"https:\/\/blogg.svenskakyrkan.se\/akebonnier\/#website","url":"https:\/\/blogg.svenskakyrkan.se\/akebonnier\/","name":"\u00c5ke Bonnier","description":"Biskop i Svenska kyrkan - Skara stift","potentialAction":[{"@type":"SearchAction","target":{"@type":"EntryPoint","urlTemplate":"https:\/\/blogg.svenskakyrkan.se\/akebonnier\/?s={search_term_string}"},"query-input":{"@type":"PropertyValueSpecification","valueRequired":true,"valueName":"search_term_string"}}],"inLanguage":"sv-SE"},{"@type":"Person","@id":"https:\/\/blogg.svenskakyrkan.se\/akebonnier\/#\/schema\/person\/8db68bc0c94f6a5a62df2d4486ff1343","name":"\u00c5ke Bonnier","image":{"@type":"ImageObject","inLanguage":"sv-SE","@id":"https:\/\/blogg.svenskakyrkan.se\/akebonnier\/#\/schema\/person\/image\/","url":"https:\/\/secure.gravatar.com\/avatar\/b88264736bb0bc0d1ea92298aef02c9f98cfc13c7484130c42c663ae484f9462?s=96&d=mm&r=g","contentUrl":"https:\/\/secure.gravatar.com\/avatar\/b88264736bb0bc0d1ea92298aef02c9f98cfc13c7484130c42c663ae484f9462?s=96&d=mm&r=g","caption":"\u00c5ke Bonnier"},"description":"Jag \u00e4r gift och har tv\u00e5 vuxna d\u00f6ttrar. Pr\u00e4stvigdes 1984 och biskopsvigs 26 augusti 2012 . Jag har tidigare bland annat varit, komminister och kyrkoherde i Liding\u00f6 f\u00f6rsamling och domprost i Stockholms domkyrkof\u00f6rsamling. Jag \u00e4r intresserad av konst, litteratur, teater, film. Jag tr\u00e4nar regelbundet p\u00e5 gym. Mitt huvudsakliga musikintresse \u00e4r klassisk musik men ocks\u00e5 Beatles, Elvis Presley, Monika Zettelund, Povel Ramel och m\u00e5nga andra tycker jag om att lyssna p\u00e5. Jag l\u00e4ser f\u00f6r lite sk\u00f6nlitteratur beroende p\u00e5 annat som jag m\u00e5ste l\u00e4sa i mitt uppdrag som biskop. Men jag \u00e4lskar b\u00f6cker. Naturligtvis l\u00e4ser jag n\u00e4st intill dagligdags i \"B\u00f6ckernas Bok.\"","sameAs":["http:\/\/www.skarastift.se"],"url":"https:\/\/blogg.svenskakyrkan.se\/akebonnier\/author\/akebonnier\/"}]}},"author_meta":{"ID":"108","user_nicename":"akebonnier","user_url":"http:\/\/www.skarastift.se","user_registered":"2011-10-11 09:24:48","display_name":"\u00c5ke Bonnier","first_name":"\u00c5ke","last_name":"Bonnier","avatar":"https:\/\/secure.gravatar.com\/avatar\/b88264736bb0bc0d1ea92298aef02c9f98cfc13c7484130c42c663ae484f9462?s=96&d=mm&r=g"},"featured_image":false,"bloginfo":{"name":"\u00c5ke Bonnier","url":"https:\/\/blogg.svenskakyrkan.se\/akebonnier"},"_links":{"self":[{"href":"https:\/\/blogg.svenskakyrkan.se\/akebonnier\/wp-json\/wp\/v2\/posts\/527","targetHints":{"allow":["GET"]}}],"collection":[{"href":"https:\/\/blogg.svenskakyrkan.se\/akebonnier\/wp-json\/wp\/v2\/posts"}],"about":[{"href":"https:\/\/blogg.svenskakyrkan.se\/akebonnier\/wp-json\/wp\/v2\/types\/post"}],"author":[{"embeddable":true,"href":"https:\/\/blogg.svenskakyrkan.se\/akebonnier\/wp-json\/wp\/v2\/users\/108"}],"replies":[{"embeddable":true,"href":"https:\/\/blogg.svenskakyrkan.se\/akebonnier\/wp-json\/wp\/v2\/comments?post=527"}],"version-history":[{"count":0,"href":"https:\/\/blogg.svenskakyrkan.se\/akebonnier\/wp-json\/wp\/v2\/posts\/527\/revisions"}],"wp:attachment":[{"href":"https:\/\/blogg.svenskakyrkan.se\/akebonnier\/wp-json\/wp\/v2\/media?parent=527"}],"wp:term":[{"taxonomy":"category","embeddable":true,"href":"https:\/\/blogg.svenskakyrkan.se\/akebonnier\/wp-json\/wp\/v2\/categories?post=527"},{"taxonomy":"post_tag","embeddable":true,"href":"https:\/\/blogg.svenskakyrkan.se\/akebonnier\/wp-json\/wp\/v2\/tags?post=527"}],"curies":[{"name":"wp","href":"https:\/\/api.w.org\/{rel}","templated":true}]}}