{"id":529,"date":"2011-05-19T21:41:00","date_gmt":"2011-05-19T21:41:00","guid":{"rendered":"http:\/\/blogg.svenskakyrkan.se\/akebonnier\/2011\/05\/19\/ocksa-detta-ar\/"},"modified":"2011-05-19T21:41:00","modified_gmt":"2011-05-19T21:41:00","slug":"ocksa-detta-ar","status":"publish","type":"post","link":"https:\/\/blogg.svenskakyrkan.se\/akebonnier\/2011\/05\/19\/ocksa-detta-ar\/","title":{"rendered":"Ocks\u00e5 detta \u00e5r!"},"content":{"rendered":"<p>P\u00e5 l\u00f6rdag \u00e4r det dags igen! Tusentals m\u00e4nniskor kommer med st\u00f6rsta sannolikhet att samlas runt om p\u00e5 torg i Stockholm f\u00f6r att i ord och ton manifestera sin tro p\u00e5 Jesus Kristus. Katoliker, lutheraner, pingstv\u00e4nner, Livets Ordfolk, baptister, svenskkyrkliga, EFS:are, ortodoxa av olika slag, frikyrkliga bortom de klassiska ben\u00e4mningarna. M\u00e5nga, m\u00e5nga kommer att vara med. Det \u00e4r dags f\u00f6r Jesusmanifestation. <\/p>\n<p>M\u00e5nga av dem som samlas p\u00e5 torgen och sedan till en gemensam gudstj\u00e4nst eller gemensamt m\u00f6te i Kungstr\u00e4dg\u00e5rden har en helt annan bibelsyn \u00e4n vad jag har. De har en helt annan syn p\u00e5 HBTQ, p\u00e5 \u00e4mbetsfr\u00e5gan, p\u00e5 synen p\u00e5 vad det inneb\u00e4r att Jesus \u00e4r Guds Son, p\u00e5 vad mission inneb\u00e4r, vad fr\u00e4lsning inneb\u00e4r, p\u00e5 vem som f\u00e5r komma till himlen etc, etc. Vi \u00e4r v\u00e4ldigt olika och st\u00e5r l\u00e5ngt ifr\u00e5n varandra i vissa tolkningsfr\u00e5gor. Men vi har Jesus tillsammans. Han \u00e4r v\u00e5r gemensamme Herre. Honom vill vi f\u00f6lja \u00e4ven om vi f\u00f6rst\u00e5r sj\u00e4lva f\u00f6ljandet p\u00e5 olika s\u00e4tt.<\/p>\n<p>P\u00e5 l\u00f6rdag f\u00e5r vi m\u00f6tas. man kan vara kritisk till olika organisatoriska fr\u00e5gor i Jesusmanifestationen. Avs\u00e4ndaren \u00e4r kanske inte s\u00e5 tydlig och de som sitter i ledningsgruppen representerar ingen annan \u00e4n sig sj\u00e4lva&nbsp;(s\u00e4gs det). Men p\u00e5 l\u00f6rdag \u00e4r det en annorlunda dag, en dag d\u00e5 vi f\u00f6r n\u00e5gra timmar f\u00e5r strunta i olikheterna och komma tillsammans i tacksamhet \u00f6ver att vi p\u00e5 olika s\u00e4tt f\u00e5r vandra med den uppst\u00e5ndne Herren. <\/p>\n<p>Jag hoppas att Jesusmanifestationen inte ska vara en motmanifestation, mot ett m\u00e5ngreligi\u00f6st och m\u00e5ngkulturellt samh\u00e4lle, mot en f\u00f6rst\u00e5else av sexualiteten som inrymmandes samk\u00f6nade relationer. Om manifestationen rymmer s\u00e5dant \u00e4r det en motmanifestation d\u00e4r Jesus Kristus sj\u00e4lv kommer i skymundan. Jo, \u00e5ter igen, vi tror och tolkar olika, men just i olikheten, i m\u00e5ngfalden, kan en rikedom skymta. I v\u00e5r olikhet f\u00e5r k\u00e4rleken vara ett kitt som h\u00e5ller oss samman i en gemensam fest.<\/p>\n<p>Jag kommer att vara n\u00e4rvarande i Kungstr\u00e4dg\u00e5rden (och kanske p\u00e5 n\u00e5got torg). Stockholms domkyrkof\u00f6rsamling bidrar dessutom till Jesusmanifestationen genom en andakt i S:t Jacobs kyrka kl. 17.30 p\u00e5 l\u00f6rdag. Kom och var med b\u00e5de d\u00e4r och p\u00e5 andra platser! Det \u00e4r inte en dag bara f\u00f6r dem som har en viss trostolkning. Det \u00e4r en dag f\u00f6r alla oss som p\u00e5 olika s\u00e4tt vill ha Jesus i centrum.<\/p>\n<p>Manifestationen \u00e4r viktig. Ocks\u00e5 detta \u00e5r!<\/p>\n<div class=\"blogger-post-footer\"><img width='1' height='1' src='https:\/\/blogger.googleusercontent.com\/tracker\/9055441369901436026-3824068994498831226?l=akebonnier.blogspot.com' alt='' \/><\/div>\n","protected":false},"excerpt":{"rendered":"<p>P\u00e5 l\u00f6rdag \u00e4r det dags igen! Tusentals m\u00e4nniskor kommer med st\u00f6rsta sannolikhet att samlas runt om p\u00e5 torg i Stockholm f\u00f6r att i ord och ton manifestera sin tro p\u00e5 Jesus Kristus. Katoliker, lutheraner, pingstv\u00e4nner, Livets Ordfolk, baptister, svenskkyrkliga, EFS:are, ortodoxa av olika slag, frikyrkliga bortom de klassiska ben\u00e4mningarna. M\u00e5nga, m\u00e5nga kommer att vara med. [&hellip;]<\/p>\n","protected":false},"author":108,"featured_media":0,"comment_status":"open","ping_status":"open","sticky":false,"template":"","format":"standard","meta":{"_acf_changed":false,"footnotes":""},"categories":[9],"tags":[],"class_list":["post-529","post","type-post","status-publish","format-standard","hentry","category-okategoriserade"],"acf":[],"yoast_head":"<!-- This site is optimized with the Yoast SEO plugin v27.1.1 - https:\/\/yoast.com\/product\/yoast-seo-wordpress\/ -->\n<title>Ocks\u00e5 detta \u00e5r! - \u00c5ke Bonnier<\/title>\n<meta name=\"robots\" content=\"index, follow, max-snippet:-1, max-image-preview:large, max-video-preview:-1\" \/>\n<link rel=\"canonical\" href=\"https:\/\/blogg.svenskakyrkan.se\/akebonnier\/2011\/05\/19\/ocksa-detta-ar\/\" \/>\n<meta property=\"og:locale\" content=\"sv_SE\" \/>\n<meta property=\"og:type\" content=\"article\" \/>\n<meta property=\"og:title\" content=\"Ocks\u00e5 detta \u00e5r! - \u00c5ke Bonnier\" \/>\n<meta property=\"og:description\" content=\"P\u00e5 l\u00f6rdag \u00e4r det dags igen! Tusentals m\u00e4nniskor kommer med st\u00f6rsta sannolikhet att samlas runt om p\u00e5 torg i Stockholm f\u00f6r att i ord och ton manifestera sin tro p\u00e5 Jesus Kristus. Katoliker, lutheraner, pingstv\u00e4nner, Livets Ordfolk, baptister, svenskkyrkliga, EFS:are, ortodoxa av olika slag, frikyrkliga bortom de klassiska ben\u00e4mningarna. M\u00e5nga, m\u00e5nga kommer att vara med. [&hellip;]\" \/>\n<meta property=\"og:url\" content=\"https:\/\/blogg.svenskakyrkan.se\/akebonnier\/2011\/05\/19\/ocksa-detta-ar\/\" \/>\n<meta property=\"og:site_name\" content=\"\u00c5ke Bonnier\" \/>\n<meta property=\"article:published_time\" content=\"2011-05-19T21:41:00+00:00\" \/>\n<meta property=\"og:image\" content=\"https:\/\/blogger.googleusercontent.com\/tracker\/9055441369901436026-3824068994498831226?l=akebonnier.blogspot.com\" \/>\n<meta name=\"author\" content=\"\u00c5ke Bonnier\" \/>\n<meta name=\"twitter:card\" content=\"summary_large_image\" \/>\n<meta name=\"twitter:label1\" content=\"Skriven av\" \/>\n\t<meta name=\"twitter:data1\" content=\"\u00c5ke Bonnier\" \/>\n\t<meta name=\"twitter:label2\" content=\"Ber\u00e4knad l\u00e4stid\" \/>\n\t<meta name=\"twitter:data2\" content=\"2 minuter\" \/>\n<script type=\"application\/ld+json\" class=\"yoast-schema-graph\">{\"@context\":\"https:\/\/schema.org\",\"@graph\":[{\"@type\":\"Article\",\"@id\":\"https:\/\/blogg.svenskakyrkan.se\/akebonnier\/2011\/05\/19\/ocksa-detta-ar\/#article\",\"isPartOf\":{\"@id\":\"https:\/\/blogg.svenskakyrkan.se\/akebonnier\/2011\/05\/19\/ocksa-detta-ar\/\"},\"author\":{\"name\":\"\u00c5ke Bonnier\",\"@id\":\"https:\/\/blogg.svenskakyrkan.se\/akebonnier\/#\/schema\/person\/8db68bc0c94f6a5a62df2d4486ff1343\"},\"headline\":\"Ocks\u00e5 detta \u00e5r!\",\"datePublished\":\"2011-05-19T21:41:00+00:00\",\"mainEntityOfPage\":{\"@id\":\"https:\/\/blogg.svenskakyrkan.se\/akebonnier\/2011\/05\/19\/ocksa-detta-ar\/\"},\"wordCount\":454,\"commentCount\":17,\"image\":{\"@id\":\"https:\/\/blogg.svenskakyrkan.se\/akebonnier\/2011\/05\/19\/ocksa-detta-ar\/#primaryimage\"},\"thumbnailUrl\":\"https:\/\/blogger.googleusercontent.com\/tracker\/9055441369901436026-3824068994498831226?l=akebonnier.blogspot.com\",\"inLanguage\":\"sv-SE\",\"potentialAction\":[{\"@type\":\"CommentAction\",\"name\":\"Comment\",\"target\":[\"https:\/\/blogg.svenskakyrkan.se\/akebonnier\/2011\/05\/19\/ocksa-detta-ar\/#respond\"]}]},{\"@type\":\"WebPage\",\"@id\":\"https:\/\/blogg.svenskakyrkan.se\/akebonnier\/2011\/05\/19\/ocksa-detta-ar\/\",\"url\":\"https:\/\/blogg.svenskakyrkan.se\/akebonnier\/2011\/05\/19\/ocksa-detta-ar\/\",\"name\":\"Ocks\u00e5 detta \u00e5r! - \u00c5ke Bonnier\",\"isPartOf\":{\"@id\":\"https:\/\/blogg.svenskakyrkan.se\/akebonnier\/#website\"},\"primaryImageOfPage\":{\"@id\":\"https:\/\/blogg.svenskakyrkan.se\/akebonnier\/2011\/05\/19\/ocksa-detta-ar\/#primaryimage\"},\"image\":{\"@id\":\"https:\/\/blogg.svenskakyrkan.se\/akebonnier\/2011\/05\/19\/ocksa-detta-ar\/#primaryimage\"},\"thumbnailUrl\":\"https:\/\/blogger.googleusercontent.com\/tracker\/9055441369901436026-3824068994498831226?l=akebonnier.blogspot.com\",\"datePublished\":\"2011-05-19T21:41:00+00:00\",\"author\":{\"@id\":\"https:\/\/blogg.svenskakyrkan.se\/akebonnier\/#\/schema\/person\/8db68bc0c94f6a5a62df2d4486ff1343\"},\"breadcrumb\":{\"@id\":\"https:\/\/blogg.svenskakyrkan.se\/akebonnier\/2011\/05\/19\/ocksa-detta-ar\/#breadcrumb\"},\"inLanguage\":\"sv-SE\",\"potentialAction\":[{\"@type\":\"ReadAction\",\"target\":[\"https:\/\/blogg.svenskakyrkan.se\/akebonnier\/2011\/05\/19\/ocksa-detta-ar\/\"]}]},{\"@type\":\"ImageObject\",\"inLanguage\":\"sv-SE\",\"@id\":\"https:\/\/blogg.svenskakyrkan.se\/akebonnier\/2011\/05\/19\/ocksa-detta-ar\/#primaryimage\",\"url\":\"https:\/\/blogger.googleusercontent.com\/tracker\/9055441369901436026-3824068994498831226?l=akebonnier.blogspot.com\",\"contentUrl\":\"https:\/\/blogger.googleusercontent.com\/tracker\/9055441369901436026-3824068994498831226?l=akebonnier.blogspot.com\"},{\"@type\":\"BreadcrumbList\",\"@id\":\"https:\/\/blogg.svenskakyrkan.se\/akebonnier\/2011\/05\/19\/ocksa-detta-ar\/#breadcrumb\",\"itemListElement\":[{\"@type\":\"ListItem\",\"position\":1,\"name\":\"Hem\",\"item\":\"https:\/\/blogg.svenskakyrkan.se\/akebonnier\/\"},{\"@type\":\"ListItem\",\"position\":2,\"name\":\"Ocks\u00e5 detta \u00e5r!\"}]},{\"@type\":\"WebSite\",\"@id\":\"https:\/\/blogg.svenskakyrkan.se\/akebonnier\/#website\",\"url\":\"https:\/\/blogg.svenskakyrkan.se\/akebonnier\/\",\"name\":\"\u00c5ke Bonnier\",\"description\":\"Biskop i Svenska kyrkan - Skara stift\",\"potentialAction\":[{\"@type\":\"SearchAction\",\"target\":{\"@type\":\"EntryPoint\",\"urlTemplate\":\"https:\/\/blogg.svenskakyrkan.se\/akebonnier\/?s={search_term_string}\"},\"query-input\":{\"@type\":\"PropertyValueSpecification\",\"valueRequired\":true,\"valueName\":\"search_term_string\"}}],\"inLanguage\":\"sv-SE\"},{\"@type\":\"Person\",\"@id\":\"https:\/\/blogg.svenskakyrkan.se\/akebonnier\/#\/schema\/person\/8db68bc0c94f6a5a62df2d4486ff1343\",\"name\":\"\u00c5ke Bonnier\",\"image\":{\"@type\":\"ImageObject\",\"inLanguage\":\"sv-SE\",\"@id\":\"https:\/\/blogg.svenskakyrkan.se\/akebonnier\/#\/schema\/person\/image\/\",\"url\":\"https:\/\/secure.gravatar.com\/avatar\/b88264736bb0bc0d1ea92298aef02c9f98cfc13c7484130c42c663ae484f9462?s=96&d=mm&r=g\",\"contentUrl\":\"https:\/\/secure.gravatar.com\/avatar\/b88264736bb0bc0d1ea92298aef02c9f98cfc13c7484130c42c663ae484f9462?s=96&d=mm&r=g\",\"caption\":\"\u00c5ke Bonnier\"},\"description\":\"Jag \u00e4r gift och har tv\u00e5 vuxna d\u00f6ttrar. Pr\u00e4stvigdes 1984 och biskopsvigs 26 augusti 2012 . Jag har tidigare bland annat varit, komminister och kyrkoherde i Liding\u00f6 f\u00f6rsamling och domprost i Stockholms domkyrkof\u00f6rsamling. Jag \u00e4r intresserad av konst, litteratur, teater, film. Jag tr\u00e4nar regelbundet p\u00e5 gym. Mitt huvudsakliga musikintresse \u00e4r klassisk musik men ocks\u00e5 Beatles, Elvis Presley, Monika Zettelund, Povel Ramel och m\u00e5nga andra tycker jag om att lyssna p\u00e5. Jag l\u00e4ser f\u00f6r lite sk\u00f6nlitteratur beroende p\u00e5 annat som jag m\u00e5ste l\u00e4sa i mitt uppdrag som biskop. Men jag \u00e4lskar b\u00f6cker. Naturligtvis l\u00e4ser jag n\u00e4st intill dagligdags i \\\"B\u00f6ckernas Bok.\\\"\",\"sameAs\":[\"http:\/\/www.skarastift.se\"],\"url\":\"https:\/\/blogg.svenskakyrkan.se\/akebonnier\/author\/akebonnier\/\"}]}<\/script>\n<!-- \/ Yoast SEO plugin. -->","yoast_head_json":{"title":"Ocks\u00e5 detta \u00e5r! - \u00c5ke Bonnier","robots":{"index":"index","follow":"follow","max-snippet":"max-snippet:-1","max-image-preview":"max-image-preview:large","max-video-preview":"max-video-preview:-1"},"canonical":"https:\/\/blogg.svenskakyrkan.se\/akebonnier\/2011\/05\/19\/ocksa-detta-ar\/","og_locale":"sv_SE","og_type":"article","og_title":"Ocks\u00e5 detta \u00e5r! - \u00c5ke Bonnier","og_description":"P\u00e5 l\u00f6rdag \u00e4r det dags igen! Tusentals m\u00e4nniskor kommer med st\u00f6rsta sannolikhet att samlas runt om p\u00e5 torg i Stockholm f\u00f6r att i ord och ton manifestera sin tro p\u00e5 Jesus Kristus. Katoliker, lutheraner, pingstv\u00e4nner, Livets Ordfolk, baptister, svenskkyrkliga, EFS:are, ortodoxa av olika slag, frikyrkliga bortom de klassiska ben\u00e4mningarna. M\u00e5nga, m\u00e5nga kommer att vara med. [&hellip;]","og_url":"https:\/\/blogg.svenskakyrkan.se\/akebonnier\/2011\/05\/19\/ocksa-detta-ar\/","og_site_name":"\u00c5ke Bonnier","article_published_time":"2011-05-19T21:41:00+00:00","og_image":[{"url":"https:\/\/blogger.googleusercontent.com\/tracker\/9055441369901436026-3824068994498831226?l=akebonnier.blogspot.com","type":"","width":"","height":""}],"author":"\u00c5ke Bonnier","twitter_card":"summary_large_image","twitter_misc":{"Skriven av":"\u00c5ke Bonnier","Ber\u00e4knad l\u00e4stid":"2 minuter"},"schema":{"@context":"https:\/\/schema.org","@graph":[{"@type":"Article","@id":"https:\/\/blogg.svenskakyrkan.se\/akebonnier\/2011\/05\/19\/ocksa-detta-ar\/#article","isPartOf":{"@id":"https:\/\/blogg.svenskakyrkan.se\/akebonnier\/2011\/05\/19\/ocksa-detta-ar\/"},"author":{"name":"\u00c5ke Bonnier","@id":"https:\/\/blogg.svenskakyrkan.se\/akebonnier\/#\/schema\/person\/8db68bc0c94f6a5a62df2d4486ff1343"},"headline":"Ocks\u00e5 detta \u00e5r!","datePublished":"2011-05-19T21:41:00+00:00","mainEntityOfPage":{"@id":"https:\/\/blogg.svenskakyrkan.se\/akebonnier\/2011\/05\/19\/ocksa-detta-ar\/"},"wordCount":454,"commentCount":17,"image":{"@id":"https:\/\/blogg.svenskakyrkan.se\/akebonnier\/2011\/05\/19\/ocksa-detta-ar\/#primaryimage"},"thumbnailUrl":"https:\/\/blogger.googleusercontent.com\/tracker\/9055441369901436026-3824068994498831226?l=akebonnier.blogspot.com","inLanguage":"sv-SE","potentialAction":[{"@type":"CommentAction","name":"Comment","target":["https:\/\/blogg.svenskakyrkan.se\/akebonnier\/2011\/05\/19\/ocksa-detta-ar\/#respond"]}]},{"@type":"WebPage","@id":"https:\/\/blogg.svenskakyrkan.se\/akebonnier\/2011\/05\/19\/ocksa-detta-ar\/","url":"https:\/\/blogg.svenskakyrkan.se\/akebonnier\/2011\/05\/19\/ocksa-detta-ar\/","name":"Ocks\u00e5 detta \u00e5r! - \u00c5ke Bonnier","isPartOf":{"@id":"https:\/\/blogg.svenskakyrkan.se\/akebonnier\/#website"},"primaryImageOfPage":{"@id":"https:\/\/blogg.svenskakyrkan.se\/akebonnier\/2011\/05\/19\/ocksa-detta-ar\/#primaryimage"},"image":{"@id":"https:\/\/blogg.svenskakyrkan.se\/akebonnier\/2011\/05\/19\/ocksa-detta-ar\/#primaryimage"},"thumbnailUrl":"https:\/\/blogger.googleusercontent.com\/tracker\/9055441369901436026-3824068994498831226?l=akebonnier.blogspot.com","datePublished":"2011-05-19T21:41:00+00:00","author":{"@id":"https:\/\/blogg.svenskakyrkan.se\/akebonnier\/#\/schema\/person\/8db68bc0c94f6a5a62df2d4486ff1343"},"breadcrumb":{"@id":"https:\/\/blogg.svenskakyrkan.se\/akebonnier\/2011\/05\/19\/ocksa-detta-ar\/#breadcrumb"},"inLanguage":"sv-SE","potentialAction":[{"@type":"ReadAction","target":["https:\/\/blogg.svenskakyrkan.se\/akebonnier\/2011\/05\/19\/ocksa-detta-ar\/"]}]},{"@type":"ImageObject","inLanguage":"sv-SE","@id":"https:\/\/blogg.svenskakyrkan.se\/akebonnier\/2011\/05\/19\/ocksa-detta-ar\/#primaryimage","url":"https:\/\/blogger.googleusercontent.com\/tracker\/9055441369901436026-3824068994498831226?l=akebonnier.blogspot.com","contentUrl":"https:\/\/blogger.googleusercontent.com\/tracker\/9055441369901436026-3824068994498831226?l=akebonnier.blogspot.com"},{"@type":"BreadcrumbList","@id":"https:\/\/blogg.svenskakyrkan.se\/akebonnier\/2011\/05\/19\/ocksa-detta-ar\/#breadcrumb","itemListElement":[{"@type":"ListItem","position":1,"name":"Hem","item":"https:\/\/blogg.svenskakyrkan.se\/akebonnier\/"},{"@type":"ListItem","position":2,"name":"Ocks\u00e5 detta \u00e5r!"}]},{"@type":"WebSite","@id":"https:\/\/blogg.svenskakyrkan.se\/akebonnier\/#website","url":"https:\/\/blogg.svenskakyrkan.se\/akebonnier\/","name":"\u00c5ke Bonnier","description":"Biskop i Svenska kyrkan - Skara stift","potentialAction":[{"@type":"SearchAction","target":{"@type":"EntryPoint","urlTemplate":"https:\/\/blogg.svenskakyrkan.se\/akebonnier\/?s={search_term_string}"},"query-input":{"@type":"PropertyValueSpecification","valueRequired":true,"valueName":"search_term_string"}}],"inLanguage":"sv-SE"},{"@type":"Person","@id":"https:\/\/blogg.svenskakyrkan.se\/akebonnier\/#\/schema\/person\/8db68bc0c94f6a5a62df2d4486ff1343","name":"\u00c5ke Bonnier","image":{"@type":"ImageObject","inLanguage":"sv-SE","@id":"https:\/\/blogg.svenskakyrkan.se\/akebonnier\/#\/schema\/person\/image\/","url":"https:\/\/secure.gravatar.com\/avatar\/b88264736bb0bc0d1ea92298aef02c9f98cfc13c7484130c42c663ae484f9462?s=96&d=mm&r=g","contentUrl":"https:\/\/secure.gravatar.com\/avatar\/b88264736bb0bc0d1ea92298aef02c9f98cfc13c7484130c42c663ae484f9462?s=96&d=mm&r=g","caption":"\u00c5ke Bonnier"},"description":"Jag \u00e4r gift och har tv\u00e5 vuxna d\u00f6ttrar. Pr\u00e4stvigdes 1984 och biskopsvigs 26 augusti 2012 . Jag har tidigare bland annat varit, komminister och kyrkoherde i Liding\u00f6 f\u00f6rsamling och domprost i Stockholms domkyrkof\u00f6rsamling. Jag \u00e4r intresserad av konst, litteratur, teater, film. Jag tr\u00e4nar regelbundet p\u00e5 gym. Mitt huvudsakliga musikintresse \u00e4r klassisk musik men ocks\u00e5 Beatles, Elvis Presley, Monika Zettelund, Povel Ramel och m\u00e5nga andra tycker jag om att lyssna p\u00e5. Jag l\u00e4ser f\u00f6r lite sk\u00f6nlitteratur beroende p\u00e5 annat som jag m\u00e5ste l\u00e4sa i mitt uppdrag som biskop. Men jag \u00e4lskar b\u00f6cker. Naturligtvis l\u00e4ser jag n\u00e4st intill dagligdags i \"B\u00f6ckernas Bok.\"","sameAs":["http:\/\/www.skarastift.se"],"url":"https:\/\/blogg.svenskakyrkan.se\/akebonnier\/author\/akebonnier\/"}]}},"author_meta":{"ID":"108","user_nicename":"akebonnier","user_url":"http:\/\/www.skarastift.se","user_registered":"2011-10-11 09:24:48","display_name":"\u00c5ke Bonnier","first_name":"\u00c5ke","last_name":"Bonnier","avatar":"https:\/\/secure.gravatar.com\/avatar\/b88264736bb0bc0d1ea92298aef02c9f98cfc13c7484130c42c663ae484f9462?s=96&d=mm&r=g"},"featured_image":false,"bloginfo":{"name":"\u00c5ke Bonnier","url":"https:\/\/blogg.svenskakyrkan.se\/akebonnier"},"_links":{"self":[{"href":"https:\/\/blogg.svenskakyrkan.se\/akebonnier\/wp-json\/wp\/v2\/posts\/529","targetHints":{"allow":["GET"]}}],"collection":[{"href":"https:\/\/blogg.svenskakyrkan.se\/akebonnier\/wp-json\/wp\/v2\/posts"}],"about":[{"href":"https:\/\/blogg.svenskakyrkan.se\/akebonnier\/wp-json\/wp\/v2\/types\/post"}],"author":[{"embeddable":true,"href":"https:\/\/blogg.svenskakyrkan.se\/akebonnier\/wp-json\/wp\/v2\/users\/108"}],"replies":[{"embeddable":true,"href":"https:\/\/blogg.svenskakyrkan.se\/akebonnier\/wp-json\/wp\/v2\/comments?post=529"}],"version-history":[{"count":0,"href":"https:\/\/blogg.svenskakyrkan.se\/akebonnier\/wp-json\/wp\/v2\/posts\/529\/revisions"}],"wp:attachment":[{"href":"https:\/\/blogg.svenskakyrkan.se\/akebonnier\/wp-json\/wp\/v2\/media?parent=529"}],"wp:term":[{"taxonomy":"category","embeddable":true,"href":"https:\/\/blogg.svenskakyrkan.se\/akebonnier\/wp-json\/wp\/v2\/categories?post=529"},{"taxonomy":"post_tag","embeddable":true,"href":"https:\/\/blogg.svenskakyrkan.se\/akebonnier\/wp-json\/wp\/v2\/tags?post=529"}],"curies":[{"name":"wp","href":"https:\/\/api.w.org\/{rel}","templated":true}]}}