{"id":531,"date":"2011-05-24T21:41:00","date_gmt":"2011-05-24T21:41:00","guid":{"rendered":"http:\/\/blogg.svenskakyrkan.se\/akebonnier\/2011\/05\/24\/domkapitlet-och-lopsedlarna\/"},"modified":"2011-05-24T21:41:00","modified_gmt":"2011-05-24T21:41:00","slug":"domkapitlet-och-lopsedlarna","status":"publish","type":"post","link":"https:\/\/blogg.svenskakyrkan.se\/akebonnier\/2011\/05\/24\/domkapitlet-och-lopsedlarna\/","title":{"rendered":"Domkapitlet och l\u00f6psedlarna."},"content":{"rendered":"<p>Det har skrivits i media om djupt tragiska h\u00e4ndelser d\u00e4r pr\u00e4ster varit involverade i s\u00e5dana handlingar som p\u00e5 n\u00e5got s\u00e4tt i avsev\u00e4rd m\u00e5n kan ha skadat det anseende en pr\u00e4st b\u00f6r ha. <span style=\"color: red\">Jag vill omedelbart och tydligt understryka att alla former av fysiska och psykiska \u00f6vergrepp \u00e4r n\u00e5got som kyrkan tar kraftfullt avst\u00e5nd ifr\u00e5n!<\/span> Det \u00e4r fasansfullt att m\u00e4nniskor uts\u00e4tts f\u00f6r \u00f6vergrepp av olika slag i sammanhang d\u00e4r man m\u00e5ste kunna f\u00f6rv\u00e4nta sig st\u00f6d, hj\u00e4lp, v\u00e5rd f\u00f6r sj\u00e4len och praktiskt st\u00f6d i sv\u00e5ra situationer. Man ska i alla kyrkans sammanhang&nbsp;kunna lita helt och fullt p\u00e5 kyrkans medarbetare och alldeles s\u00e4rskilt p\u00e5 dem som vigt hela sitt liv i Guds tj\u00e4nst. Handlingar d\u00e4r personer som innehar vigningstj\u00e4nst eller annan tj\u00e4nst&nbsp;i v\u00e5r kyrka&nbsp;f\u00f6rgriper sig p\u00e5 en annan individ psykiskt eller fysiskt \u00e4r d\u00e4rf\u00f6r och naturligtvis fullst\u00e4ndigt oacceptabla!<\/p>\n<p>Domkapitlen har dock att hantera dylika \u00e4renden&nbsp;&nbsp;g\u00e4llande dem som innehar vigningstj\u00e4nst och har d\u00e5 tre olika alternativa beslutsm\u00f6jligheter. Det f\u00f6rsta \u00e4r att tilldela pr\u00e4sten en skriftlig erinran vilket \u00e4r en kraftfull varning. Det andra alternativet \u00e4r att tilldela pr\u00e4sten en pr\u00f6votid p\u00e5 tre \u00e5r. Om n\u00e5got under den tiden kommer upp som antingen \u00e4r samma handling som upprepats eller liknande handling blir pr\u00e4sten av med r\u00e4tten att ut\u00f6va vigningstj\u00e4nsten. Det tredje alternativet \u00e4r att fr\u00e5nta pr\u00e4sten r\u00e4tten att ut\u00f6va vigningstj\u00e4nsten. Domkapitlets beslut meddelas i protokoll som \u00e4r offentliga och d\u00e4rmed tillg\u00e4ngliga f\u00f6r alla som s\u00e5 \u00f6nskar. Beslutet kan \u00f6verklagas av den det g\u00e4ller. \u00d6verklaganden\u00e4mnden \u00e4r \u00f6verpr\u00f6vningsinstans och \u00f6verpr\u00f6var domkapitelbeslut om de skickas in i laga ordning.<\/p>\n<p>Vad som s\u00e4gs i domkapitlet, f\u00f6rhandlingarna, \u00e4r inom lykta d\u00f6rrar. Alla ledam\u00f6ter har tystnadsplikt och ingen f\u00e5r referera vad som sagts under m\u00f6tet. D\u00e4rf\u00f6r kan vi inte kommentera de fall som media tar upp. Men vad jag kan s\u00e4ga \u00e4r att inget fall d\u00e4r tv\u00e5 eller fler personer \u00e4r involverade i djupt problematiska situationer \u00e4r enkla. Vi vrider och v\u00e4nder p\u00e5 varje sten f\u00f6r att g\u00f6ra en s\u00e5 r\u00e4ttvis och riktig bed\u00f6mning som m\u00f6jligt. Vi tar inte h\u00e4nsyn till pr\u00e4sters popularitet eller annat som i ett s\u00e5dant fall kan vara ovidkommande. En handling \u00e4r en handling. Vi j\u00e4mf\u00f6r naturligtvis med liknande situationer, vi vrider och v\u00e4nder p\u00e5 varje \u00e4rende ur m\u00e5nga perspektiv och lyssnar till involverade personers vittnesb\u00f6rd. Vi har domare med l\u00e5ng juridisk erfarenhet i v\u00e5rt domkapitel, domare som \u00e4r oss behj\u00e4lpliga. Oftast tar \u00e4rendeg\u00e5ngen mycket l\u00e5ng tid och orsakar i sig lidande f\u00f6r alla de inblandade. Men n\u00e4r v\u00e4l beslut \u00e4r fattat \u00e4r ett gediget arbete utf\u00f6rt av domkapitlet. <\/p>\n<p>N\u00e4r media skriver om enskilda fall har de aldrig tillg\u00e5ng till hela det material, alla intervjuer, alla samtal, som domkapitlet har. Vi har att f\u00f6lja kyrkoordningen och det som g\u00e4ller f\u00f6r en pr\u00e4st eller en diakon. Sedan kan man bli uppr\u00f6rd \u00f6ver att domkapitlet inte alltid fattar det beslut som utanf\u00f6rst\u00e5ende skulle \u00f6nska. Men vi m\u00e5ste arbeta p\u00e5 det s\u00e4tt vi g\u00f6r och detta f\u00f6r att varje involverad individ ska f\u00e5 en s\u00e5 r\u00e4ttvis och riktig behandling som m\u00f6jligt. <\/p>\n<p>Ibland \u00f6verklagas domkapitlets beslut och ibland f\u00e5r domkapitlet d\u00e4rmed justera det beslutade. <\/p>\n<p>Allt detta kan vara viktigt att vara medveten om n\u00e4r man l\u00e4ser artiklar i pressen med braskande rubriker p\u00e5 l\u00f6psedlarna.<\/p>\n<div class=\"blogger-post-footer\"><img width='1' height='1' src='https:\/\/blogger.googleusercontent.com\/tracker\/9055441369901436026-4631616292589822265?l=akebonnier.blogspot.com' alt='' \/><\/div>\n","protected":false},"excerpt":{"rendered":"<p>Det har skrivits i media om djupt tragiska h\u00e4ndelser d\u00e4r pr\u00e4ster varit involverade i s\u00e5dana handlingar som p\u00e5 n\u00e5got s\u00e4tt i avsev\u00e4rd m\u00e5n kan ha skadat det anseende en pr\u00e4st b\u00f6r ha. Jag vill omedelbart och tydligt understryka att alla former av fysiska och psykiska \u00f6vergrepp \u00e4r n\u00e5got som kyrkan tar kraftfullt avst\u00e5nd ifr\u00e5n! Det [&hellip;]<\/p>\n","protected":false},"author":108,"featured_media":0,"comment_status":"open","ping_status":"open","sticky":false,"template":"","format":"standard","meta":{"_acf_changed":false,"footnotes":""},"categories":[9],"tags":[],"class_list":["post-531","post","type-post","status-publish","format-standard","hentry","category-okategoriserade"],"acf":[],"yoast_head":"<!-- This site is optimized with the Yoast SEO plugin v27.1.1 - https:\/\/yoast.com\/product\/yoast-seo-wordpress\/ -->\n<title>Domkapitlet och l\u00f6psedlarna. - \u00c5ke Bonnier<\/title>\n<meta name=\"robots\" content=\"index, follow, max-snippet:-1, max-image-preview:large, max-video-preview:-1\" \/>\n<link rel=\"canonical\" href=\"https:\/\/blogg.svenskakyrkan.se\/akebonnier\/2011\/05\/24\/domkapitlet-och-lopsedlarna\/\" \/>\n<meta property=\"og:locale\" content=\"sv_SE\" \/>\n<meta property=\"og:type\" content=\"article\" \/>\n<meta property=\"og:title\" content=\"Domkapitlet och l\u00f6psedlarna. - \u00c5ke Bonnier\" \/>\n<meta property=\"og:description\" content=\"Det har skrivits i media om djupt tragiska h\u00e4ndelser d\u00e4r pr\u00e4ster varit involverade i s\u00e5dana handlingar som p\u00e5 n\u00e5got s\u00e4tt i avsev\u00e4rd m\u00e5n kan ha skadat det anseende en pr\u00e4st b\u00f6r ha. Jag vill omedelbart och tydligt understryka att alla former av fysiska och psykiska \u00f6vergrepp \u00e4r n\u00e5got som kyrkan tar kraftfullt avst\u00e5nd ifr\u00e5n! Det [&hellip;]\" \/>\n<meta property=\"og:url\" content=\"https:\/\/blogg.svenskakyrkan.se\/akebonnier\/2011\/05\/24\/domkapitlet-och-lopsedlarna\/\" \/>\n<meta property=\"og:site_name\" content=\"\u00c5ke Bonnier\" \/>\n<meta property=\"article:published_time\" content=\"2011-05-24T21:41:00+00:00\" \/>\n<meta property=\"og:image\" content=\"https:\/\/blogger.googleusercontent.com\/tracker\/9055441369901436026-4631616292589822265?l=akebonnier.blogspot.com\" \/>\n<meta name=\"author\" content=\"\u00c5ke Bonnier\" \/>\n<meta name=\"twitter:card\" content=\"summary_large_image\" \/>\n<meta name=\"twitter:label1\" content=\"Skriven av\" \/>\n\t<meta name=\"twitter:data1\" content=\"\u00c5ke Bonnier\" \/>\n\t<meta name=\"twitter:label2\" content=\"Ber\u00e4knad l\u00e4stid\" \/>\n\t<meta name=\"twitter:data2\" content=\"3 minuter\" \/>\n<script type=\"application\/ld+json\" class=\"yoast-schema-graph\">{\"@context\":\"https:\/\/schema.org\",\"@graph\":[{\"@type\":\"Article\",\"@id\":\"https:\/\/blogg.svenskakyrkan.se\/akebonnier\/2011\/05\/24\/domkapitlet-och-lopsedlarna\/#article\",\"isPartOf\":{\"@id\":\"https:\/\/blogg.svenskakyrkan.se\/akebonnier\/2011\/05\/24\/domkapitlet-och-lopsedlarna\/\"},\"author\":{\"name\":\"\u00c5ke Bonnier\",\"@id\":\"https:\/\/blogg.svenskakyrkan.se\/akebonnier\/#\/schema\/person\/8db68bc0c94f6a5a62df2d4486ff1343\"},\"headline\":\"Domkapitlet och l\u00f6psedlarna.\",\"datePublished\":\"2011-05-24T21:41:00+00:00\",\"mainEntityOfPage\":{\"@id\":\"https:\/\/blogg.svenskakyrkan.se\/akebonnier\/2011\/05\/24\/domkapitlet-och-lopsedlarna\/\"},\"wordCount\":650,\"commentCount\":135,\"image\":{\"@id\":\"https:\/\/blogg.svenskakyrkan.se\/akebonnier\/2011\/05\/24\/domkapitlet-och-lopsedlarna\/#primaryimage\"},\"thumbnailUrl\":\"https:\/\/blogger.googleusercontent.com\/tracker\/9055441369901436026-4631616292589822265?l=akebonnier.blogspot.com\",\"inLanguage\":\"sv-SE\",\"potentialAction\":[{\"@type\":\"CommentAction\",\"name\":\"Comment\",\"target\":[\"https:\/\/blogg.svenskakyrkan.se\/akebonnier\/2011\/05\/24\/domkapitlet-och-lopsedlarna\/#respond\"]}]},{\"@type\":\"WebPage\",\"@id\":\"https:\/\/blogg.svenskakyrkan.se\/akebonnier\/2011\/05\/24\/domkapitlet-och-lopsedlarna\/\",\"url\":\"https:\/\/blogg.svenskakyrkan.se\/akebonnier\/2011\/05\/24\/domkapitlet-och-lopsedlarna\/\",\"name\":\"Domkapitlet och l\u00f6psedlarna. - \u00c5ke Bonnier\",\"isPartOf\":{\"@id\":\"https:\/\/blogg.svenskakyrkan.se\/akebonnier\/#website\"},\"primaryImageOfPage\":{\"@id\":\"https:\/\/blogg.svenskakyrkan.se\/akebonnier\/2011\/05\/24\/domkapitlet-och-lopsedlarna\/#primaryimage\"},\"image\":{\"@id\":\"https:\/\/blogg.svenskakyrkan.se\/akebonnier\/2011\/05\/24\/domkapitlet-och-lopsedlarna\/#primaryimage\"},\"thumbnailUrl\":\"https:\/\/blogger.googleusercontent.com\/tracker\/9055441369901436026-4631616292589822265?l=akebonnier.blogspot.com\",\"datePublished\":\"2011-05-24T21:41:00+00:00\",\"author\":{\"@id\":\"https:\/\/blogg.svenskakyrkan.se\/akebonnier\/#\/schema\/person\/8db68bc0c94f6a5a62df2d4486ff1343\"},\"breadcrumb\":{\"@id\":\"https:\/\/blogg.svenskakyrkan.se\/akebonnier\/2011\/05\/24\/domkapitlet-och-lopsedlarna\/#breadcrumb\"},\"inLanguage\":\"sv-SE\",\"potentialAction\":[{\"@type\":\"ReadAction\",\"target\":[\"https:\/\/blogg.svenskakyrkan.se\/akebonnier\/2011\/05\/24\/domkapitlet-och-lopsedlarna\/\"]}]},{\"@type\":\"ImageObject\",\"inLanguage\":\"sv-SE\",\"@id\":\"https:\/\/blogg.svenskakyrkan.se\/akebonnier\/2011\/05\/24\/domkapitlet-och-lopsedlarna\/#primaryimage\",\"url\":\"https:\/\/blogger.googleusercontent.com\/tracker\/9055441369901436026-4631616292589822265?l=akebonnier.blogspot.com\",\"contentUrl\":\"https:\/\/blogger.googleusercontent.com\/tracker\/9055441369901436026-4631616292589822265?l=akebonnier.blogspot.com\"},{\"@type\":\"BreadcrumbList\",\"@id\":\"https:\/\/blogg.svenskakyrkan.se\/akebonnier\/2011\/05\/24\/domkapitlet-och-lopsedlarna\/#breadcrumb\",\"itemListElement\":[{\"@type\":\"ListItem\",\"position\":1,\"name\":\"Hem\",\"item\":\"https:\/\/blogg.svenskakyrkan.se\/akebonnier\/\"},{\"@type\":\"ListItem\",\"position\":2,\"name\":\"Domkapitlet och l\u00f6psedlarna.\"}]},{\"@type\":\"WebSite\",\"@id\":\"https:\/\/blogg.svenskakyrkan.se\/akebonnier\/#website\",\"url\":\"https:\/\/blogg.svenskakyrkan.se\/akebonnier\/\",\"name\":\"\u00c5ke Bonnier\",\"description\":\"Biskop i Svenska kyrkan - Skara stift\",\"potentialAction\":[{\"@type\":\"SearchAction\",\"target\":{\"@type\":\"EntryPoint\",\"urlTemplate\":\"https:\/\/blogg.svenskakyrkan.se\/akebonnier\/?s={search_term_string}\"},\"query-input\":{\"@type\":\"PropertyValueSpecification\",\"valueRequired\":true,\"valueName\":\"search_term_string\"}}],\"inLanguage\":\"sv-SE\"},{\"@type\":\"Person\",\"@id\":\"https:\/\/blogg.svenskakyrkan.se\/akebonnier\/#\/schema\/person\/8db68bc0c94f6a5a62df2d4486ff1343\",\"name\":\"\u00c5ke Bonnier\",\"image\":{\"@type\":\"ImageObject\",\"inLanguage\":\"sv-SE\",\"@id\":\"https:\/\/blogg.svenskakyrkan.se\/akebonnier\/#\/schema\/person\/image\/\",\"url\":\"https:\/\/secure.gravatar.com\/avatar\/b88264736bb0bc0d1ea92298aef02c9f98cfc13c7484130c42c663ae484f9462?s=96&d=mm&r=g\",\"contentUrl\":\"https:\/\/secure.gravatar.com\/avatar\/b88264736bb0bc0d1ea92298aef02c9f98cfc13c7484130c42c663ae484f9462?s=96&d=mm&r=g\",\"caption\":\"\u00c5ke Bonnier\"},\"description\":\"Jag \u00e4r gift och har tv\u00e5 vuxna d\u00f6ttrar. Pr\u00e4stvigdes 1984 och biskopsvigs 26 augusti 2012 . Jag har tidigare bland annat varit, komminister och kyrkoherde i Liding\u00f6 f\u00f6rsamling och domprost i Stockholms domkyrkof\u00f6rsamling. Jag \u00e4r intresserad av konst, litteratur, teater, film. Jag tr\u00e4nar regelbundet p\u00e5 gym. Mitt huvudsakliga musikintresse \u00e4r klassisk musik men ocks\u00e5 Beatles, Elvis Presley, Monika Zettelund, Povel Ramel och m\u00e5nga andra tycker jag om att lyssna p\u00e5. Jag l\u00e4ser f\u00f6r lite sk\u00f6nlitteratur beroende p\u00e5 annat som jag m\u00e5ste l\u00e4sa i mitt uppdrag som biskop. Men jag \u00e4lskar b\u00f6cker. Naturligtvis l\u00e4ser jag n\u00e4st intill dagligdags i \\\"B\u00f6ckernas Bok.\\\"\",\"sameAs\":[\"http:\/\/www.skarastift.se\"],\"url\":\"https:\/\/blogg.svenskakyrkan.se\/akebonnier\/author\/akebonnier\/\"}]}<\/script>\n<!-- \/ Yoast SEO plugin. -->","yoast_head_json":{"title":"Domkapitlet och l\u00f6psedlarna. - \u00c5ke Bonnier","robots":{"index":"index","follow":"follow","max-snippet":"max-snippet:-1","max-image-preview":"max-image-preview:large","max-video-preview":"max-video-preview:-1"},"canonical":"https:\/\/blogg.svenskakyrkan.se\/akebonnier\/2011\/05\/24\/domkapitlet-och-lopsedlarna\/","og_locale":"sv_SE","og_type":"article","og_title":"Domkapitlet och l\u00f6psedlarna. - \u00c5ke Bonnier","og_description":"Det har skrivits i media om djupt tragiska h\u00e4ndelser d\u00e4r pr\u00e4ster varit involverade i s\u00e5dana handlingar som p\u00e5 n\u00e5got s\u00e4tt i avsev\u00e4rd m\u00e5n kan ha skadat det anseende en pr\u00e4st b\u00f6r ha. Jag vill omedelbart och tydligt understryka att alla former av fysiska och psykiska \u00f6vergrepp \u00e4r n\u00e5got som kyrkan tar kraftfullt avst\u00e5nd ifr\u00e5n! Det [&hellip;]","og_url":"https:\/\/blogg.svenskakyrkan.se\/akebonnier\/2011\/05\/24\/domkapitlet-och-lopsedlarna\/","og_site_name":"\u00c5ke Bonnier","article_published_time":"2011-05-24T21:41:00+00:00","og_image":[{"url":"https:\/\/blogger.googleusercontent.com\/tracker\/9055441369901436026-4631616292589822265?l=akebonnier.blogspot.com","type":"","width":"","height":""}],"author":"\u00c5ke Bonnier","twitter_card":"summary_large_image","twitter_misc":{"Skriven av":"\u00c5ke Bonnier","Ber\u00e4knad l\u00e4stid":"3 minuter"},"schema":{"@context":"https:\/\/schema.org","@graph":[{"@type":"Article","@id":"https:\/\/blogg.svenskakyrkan.se\/akebonnier\/2011\/05\/24\/domkapitlet-och-lopsedlarna\/#article","isPartOf":{"@id":"https:\/\/blogg.svenskakyrkan.se\/akebonnier\/2011\/05\/24\/domkapitlet-och-lopsedlarna\/"},"author":{"name":"\u00c5ke Bonnier","@id":"https:\/\/blogg.svenskakyrkan.se\/akebonnier\/#\/schema\/person\/8db68bc0c94f6a5a62df2d4486ff1343"},"headline":"Domkapitlet och l\u00f6psedlarna.","datePublished":"2011-05-24T21:41:00+00:00","mainEntityOfPage":{"@id":"https:\/\/blogg.svenskakyrkan.se\/akebonnier\/2011\/05\/24\/domkapitlet-och-lopsedlarna\/"},"wordCount":650,"commentCount":135,"image":{"@id":"https:\/\/blogg.svenskakyrkan.se\/akebonnier\/2011\/05\/24\/domkapitlet-och-lopsedlarna\/#primaryimage"},"thumbnailUrl":"https:\/\/blogger.googleusercontent.com\/tracker\/9055441369901436026-4631616292589822265?l=akebonnier.blogspot.com","inLanguage":"sv-SE","potentialAction":[{"@type":"CommentAction","name":"Comment","target":["https:\/\/blogg.svenskakyrkan.se\/akebonnier\/2011\/05\/24\/domkapitlet-och-lopsedlarna\/#respond"]}]},{"@type":"WebPage","@id":"https:\/\/blogg.svenskakyrkan.se\/akebonnier\/2011\/05\/24\/domkapitlet-och-lopsedlarna\/","url":"https:\/\/blogg.svenskakyrkan.se\/akebonnier\/2011\/05\/24\/domkapitlet-och-lopsedlarna\/","name":"Domkapitlet och l\u00f6psedlarna. - \u00c5ke Bonnier","isPartOf":{"@id":"https:\/\/blogg.svenskakyrkan.se\/akebonnier\/#website"},"primaryImageOfPage":{"@id":"https:\/\/blogg.svenskakyrkan.se\/akebonnier\/2011\/05\/24\/domkapitlet-och-lopsedlarna\/#primaryimage"},"image":{"@id":"https:\/\/blogg.svenskakyrkan.se\/akebonnier\/2011\/05\/24\/domkapitlet-och-lopsedlarna\/#primaryimage"},"thumbnailUrl":"https:\/\/blogger.googleusercontent.com\/tracker\/9055441369901436026-4631616292589822265?l=akebonnier.blogspot.com","datePublished":"2011-05-24T21:41:00+00:00","author":{"@id":"https:\/\/blogg.svenskakyrkan.se\/akebonnier\/#\/schema\/person\/8db68bc0c94f6a5a62df2d4486ff1343"},"breadcrumb":{"@id":"https:\/\/blogg.svenskakyrkan.se\/akebonnier\/2011\/05\/24\/domkapitlet-och-lopsedlarna\/#breadcrumb"},"inLanguage":"sv-SE","potentialAction":[{"@type":"ReadAction","target":["https:\/\/blogg.svenskakyrkan.se\/akebonnier\/2011\/05\/24\/domkapitlet-och-lopsedlarna\/"]}]},{"@type":"ImageObject","inLanguage":"sv-SE","@id":"https:\/\/blogg.svenskakyrkan.se\/akebonnier\/2011\/05\/24\/domkapitlet-och-lopsedlarna\/#primaryimage","url":"https:\/\/blogger.googleusercontent.com\/tracker\/9055441369901436026-4631616292589822265?l=akebonnier.blogspot.com","contentUrl":"https:\/\/blogger.googleusercontent.com\/tracker\/9055441369901436026-4631616292589822265?l=akebonnier.blogspot.com"},{"@type":"BreadcrumbList","@id":"https:\/\/blogg.svenskakyrkan.se\/akebonnier\/2011\/05\/24\/domkapitlet-och-lopsedlarna\/#breadcrumb","itemListElement":[{"@type":"ListItem","position":1,"name":"Hem","item":"https:\/\/blogg.svenskakyrkan.se\/akebonnier\/"},{"@type":"ListItem","position":2,"name":"Domkapitlet och l\u00f6psedlarna."}]},{"@type":"WebSite","@id":"https:\/\/blogg.svenskakyrkan.se\/akebonnier\/#website","url":"https:\/\/blogg.svenskakyrkan.se\/akebonnier\/","name":"\u00c5ke Bonnier","description":"Biskop i Svenska kyrkan - Skara stift","potentialAction":[{"@type":"SearchAction","target":{"@type":"EntryPoint","urlTemplate":"https:\/\/blogg.svenskakyrkan.se\/akebonnier\/?s={search_term_string}"},"query-input":{"@type":"PropertyValueSpecification","valueRequired":true,"valueName":"search_term_string"}}],"inLanguage":"sv-SE"},{"@type":"Person","@id":"https:\/\/blogg.svenskakyrkan.se\/akebonnier\/#\/schema\/person\/8db68bc0c94f6a5a62df2d4486ff1343","name":"\u00c5ke Bonnier","image":{"@type":"ImageObject","inLanguage":"sv-SE","@id":"https:\/\/blogg.svenskakyrkan.se\/akebonnier\/#\/schema\/person\/image\/","url":"https:\/\/secure.gravatar.com\/avatar\/b88264736bb0bc0d1ea92298aef02c9f98cfc13c7484130c42c663ae484f9462?s=96&d=mm&r=g","contentUrl":"https:\/\/secure.gravatar.com\/avatar\/b88264736bb0bc0d1ea92298aef02c9f98cfc13c7484130c42c663ae484f9462?s=96&d=mm&r=g","caption":"\u00c5ke Bonnier"},"description":"Jag \u00e4r gift och har tv\u00e5 vuxna d\u00f6ttrar. Pr\u00e4stvigdes 1984 och biskopsvigs 26 augusti 2012 . Jag har tidigare bland annat varit, komminister och kyrkoherde i Liding\u00f6 f\u00f6rsamling och domprost i Stockholms domkyrkof\u00f6rsamling. Jag \u00e4r intresserad av konst, litteratur, teater, film. Jag tr\u00e4nar regelbundet p\u00e5 gym. Mitt huvudsakliga musikintresse \u00e4r klassisk musik men ocks\u00e5 Beatles, Elvis Presley, Monika Zettelund, Povel Ramel och m\u00e5nga andra tycker jag om att lyssna p\u00e5. Jag l\u00e4ser f\u00f6r lite sk\u00f6nlitteratur beroende p\u00e5 annat som jag m\u00e5ste l\u00e4sa i mitt uppdrag som biskop. Men jag \u00e4lskar b\u00f6cker. Naturligtvis l\u00e4ser jag n\u00e4st intill dagligdags i \"B\u00f6ckernas Bok.\"","sameAs":["http:\/\/www.skarastift.se"],"url":"https:\/\/blogg.svenskakyrkan.se\/akebonnier\/author\/akebonnier\/"}]}},"author_meta":{"ID":"108","user_nicename":"akebonnier","user_url":"http:\/\/www.skarastift.se","user_registered":"2011-10-11 09:24:48","display_name":"\u00c5ke Bonnier","first_name":"\u00c5ke","last_name":"Bonnier","avatar":"https:\/\/secure.gravatar.com\/avatar\/b88264736bb0bc0d1ea92298aef02c9f98cfc13c7484130c42c663ae484f9462?s=96&d=mm&r=g"},"featured_image":false,"bloginfo":{"name":"\u00c5ke Bonnier","url":"https:\/\/blogg.svenskakyrkan.se\/akebonnier"},"_links":{"self":[{"href":"https:\/\/blogg.svenskakyrkan.se\/akebonnier\/wp-json\/wp\/v2\/posts\/531","targetHints":{"allow":["GET"]}}],"collection":[{"href":"https:\/\/blogg.svenskakyrkan.se\/akebonnier\/wp-json\/wp\/v2\/posts"}],"about":[{"href":"https:\/\/blogg.svenskakyrkan.se\/akebonnier\/wp-json\/wp\/v2\/types\/post"}],"author":[{"embeddable":true,"href":"https:\/\/blogg.svenskakyrkan.se\/akebonnier\/wp-json\/wp\/v2\/users\/108"}],"replies":[{"embeddable":true,"href":"https:\/\/blogg.svenskakyrkan.se\/akebonnier\/wp-json\/wp\/v2\/comments?post=531"}],"version-history":[{"count":0,"href":"https:\/\/blogg.svenskakyrkan.se\/akebonnier\/wp-json\/wp\/v2\/posts\/531\/revisions"}],"wp:attachment":[{"href":"https:\/\/blogg.svenskakyrkan.se\/akebonnier\/wp-json\/wp\/v2\/media?parent=531"}],"wp:term":[{"taxonomy":"category","embeddable":true,"href":"https:\/\/blogg.svenskakyrkan.se\/akebonnier\/wp-json\/wp\/v2\/categories?post=531"},{"taxonomy":"post_tag","embeddable":true,"href":"https:\/\/blogg.svenskakyrkan.se\/akebonnier\/wp-json\/wp\/v2\/tags?post=531"}],"curies":[{"name":"wp","href":"https:\/\/api.w.org\/{rel}","templated":true}]}}