{"id":532,"date":"2011-05-27T21:23:00","date_gmt":"2011-05-27T21:23:00","guid":{"rendered":"http:\/\/blogg.svenskakyrkan.se\/akebonnier\/2011\/05\/27\/ater-med-nytt-blogginlagg-forhoppningsvis-den-6-juni\/"},"modified":"2011-05-27T21:23:00","modified_gmt":"2011-05-27T21:23:00","slug":"ater-med-nytt-blogginlagg-forhoppningsvis-den-6-juni","status":"publish","type":"post","link":"https:\/\/blogg.svenskakyrkan.se\/akebonnier\/2011\/05\/27\/ater-med-nytt-blogginlagg-forhoppningsvis-den-6-juni\/","title":{"rendered":"\u00c5ter med nytt blogginl\u00e4gg f\u00f6rhoppningsvis den 6 juni."},"content":{"rendered":"<p>Jo, nu b\u00e4r det av igen. Denna g\u00e5ng ska jag p\u00e5 tj\u00e4nsteresa med biskop och prostar. Jag \u00e5terkommer med&nbsp;nytt blogginl\u00e4gg den 6 juni (f\u00f6rhoppningsvis). Beklagar att det dr\u00f6jer!<br \/>Glad Kristi himmelsf\u00e4rdshelg, s\u00e5 sm\u00e5ningom, \u00f6nskar jag er alla!<\/p>\n<div class=\"blogger-post-footer\"><img width='1' height='1' src='https:\/\/blogger.googleusercontent.com\/tracker\/9055441369901436026-6693030865076877515?l=akebonnier.blogspot.com' alt='' \/><\/div>\n","protected":false},"excerpt":{"rendered":"<p>Jo, nu b\u00e4r det av igen. Denna g\u00e5ng ska jag p\u00e5 tj\u00e4nsteresa med biskop och prostar. Jag \u00e5terkommer med&nbsp;nytt blogginl\u00e4gg den 6 juni (f\u00f6rhoppningsvis). Beklagar att det dr\u00f6jer!Glad Kristi himmelsf\u00e4rdshelg, s\u00e5 sm\u00e5ningom, \u00f6nskar jag er alla!<\/p>\n","protected":false},"author":108,"featured_media":0,"comment_status":"open","ping_status":"open","sticky":false,"template":"","format":"standard","meta":{"_acf_changed":false,"footnotes":""},"categories":[16487],"tags":[],"class_list":["post-532","post","type-post","status-publish","format-standard","hentry","category-ater-med-nytt-blogginlagg-forhoppningsvis-den-6-juni"],"acf":[],"yoast_head":"<!-- This site is optimized with the Yoast SEO plugin v27.1.1 - https:\/\/yoast.com\/product\/yoast-seo-wordpress\/ -->\n<title>\u00c5ter med nytt blogginl\u00e4gg f\u00f6rhoppningsvis den 6 juni. - \u00c5ke Bonnier<\/title>\n<meta name=\"robots\" content=\"index, follow, max-snippet:-1, max-image-preview:large, max-video-preview:-1\" \/>\n<link rel=\"canonical\" href=\"https:\/\/blogg.svenskakyrkan.se\/akebonnier\/2011\/05\/27\/ater-med-nytt-blogginlagg-forhoppningsvis-den-6-juni\/\" \/>\n<meta property=\"og:locale\" content=\"sv_SE\" \/>\n<meta property=\"og:type\" content=\"article\" \/>\n<meta property=\"og:title\" content=\"\u00c5ter med nytt blogginl\u00e4gg f\u00f6rhoppningsvis den 6 juni. - \u00c5ke Bonnier\" \/>\n<meta property=\"og:description\" content=\"Jo, nu b\u00e4r det av igen. Denna g\u00e5ng ska jag p\u00e5 tj\u00e4nsteresa med biskop och prostar. Jag \u00e5terkommer med&nbsp;nytt blogginl\u00e4gg den 6 juni (f\u00f6rhoppningsvis). Beklagar att det dr\u00f6jer!Glad Kristi himmelsf\u00e4rdshelg, s\u00e5 sm\u00e5ningom, \u00f6nskar jag er alla!\" \/>\n<meta property=\"og:url\" content=\"https:\/\/blogg.svenskakyrkan.se\/akebonnier\/2011\/05\/27\/ater-med-nytt-blogginlagg-forhoppningsvis-den-6-juni\/\" \/>\n<meta property=\"og:site_name\" content=\"\u00c5ke Bonnier\" \/>\n<meta property=\"article:published_time\" content=\"2011-05-27T21:23:00+00:00\" \/>\n<meta property=\"og:image\" content=\"https:\/\/blogger.googleusercontent.com\/tracker\/9055441369901436026-6693030865076877515?l=akebonnier.blogspot.com\" \/>\n<meta name=\"author\" content=\"\u00c5ke Bonnier\" \/>\n<meta name=\"twitter:card\" content=\"summary_large_image\" \/>\n<meta name=\"twitter:label1\" content=\"Skriven av\" \/>\n\t<meta name=\"twitter:data1\" content=\"\u00c5ke Bonnier\" \/>\n<script type=\"application\/ld+json\" class=\"yoast-schema-graph\">{\"@context\":\"https:\/\/schema.org\",\"@graph\":[{\"@type\":\"Article\",\"@id\":\"https:\/\/blogg.svenskakyrkan.se\/akebonnier\/2011\/05\/27\/ater-med-nytt-blogginlagg-forhoppningsvis-den-6-juni\/#article\",\"isPartOf\":{\"@id\":\"https:\/\/blogg.svenskakyrkan.se\/akebonnier\/2011\/05\/27\/ater-med-nytt-blogginlagg-forhoppningsvis-den-6-juni\/\"},\"author\":{\"name\":\"\u00c5ke Bonnier\",\"@id\":\"https:\/\/blogg.svenskakyrkan.se\/akebonnier\/#\/schema\/person\/8db68bc0c94f6a5a62df2d4486ff1343\"},\"headline\":\"\u00c5ter med nytt blogginl\u00e4gg f\u00f6rhoppningsvis den 6 juni.\",\"datePublished\":\"2011-05-27T21:23:00+00:00\",\"mainEntityOfPage\":{\"@id\":\"https:\/\/blogg.svenskakyrkan.se\/akebonnier\/2011\/05\/27\/ater-med-nytt-blogginlagg-forhoppningsvis-den-6-juni\/\"},\"wordCount\":55,\"commentCount\":1,\"image\":{\"@id\":\"https:\/\/blogg.svenskakyrkan.se\/akebonnier\/2011\/05\/27\/ater-med-nytt-blogginlagg-forhoppningsvis-den-6-juni\/#primaryimage\"},\"thumbnailUrl\":\"https:\/\/blogger.googleusercontent.com\/tracker\/9055441369901436026-6693030865076877515?l=akebonnier.blogspot.com\",\"articleSection\":[\"\u00c5ter med nytt blogginl\u00e4gg f\u00f6rhoppningsvis den 6 juni\"],\"inLanguage\":\"sv-SE\",\"potentialAction\":[{\"@type\":\"CommentAction\",\"name\":\"Comment\",\"target\":[\"https:\/\/blogg.svenskakyrkan.se\/akebonnier\/2011\/05\/27\/ater-med-nytt-blogginlagg-forhoppningsvis-den-6-juni\/#respond\"]}]},{\"@type\":\"WebPage\",\"@id\":\"https:\/\/blogg.svenskakyrkan.se\/akebonnier\/2011\/05\/27\/ater-med-nytt-blogginlagg-forhoppningsvis-den-6-juni\/\",\"url\":\"https:\/\/blogg.svenskakyrkan.se\/akebonnier\/2011\/05\/27\/ater-med-nytt-blogginlagg-forhoppningsvis-den-6-juni\/\",\"name\":\"\u00c5ter med nytt blogginl\u00e4gg f\u00f6rhoppningsvis den 6 juni. - \u00c5ke Bonnier\",\"isPartOf\":{\"@id\":\"https:\/\/blogg.svenskakyrkan.se\/akebonnier\/#website\"},\"primaryImageOfPage\":{\"@id\":\"https:\/\/blogg.svenskakyrkan.se\/akebonnier\/2011\/05\/27\/ater-med-nytt-blogginlagg-forhoppningsvis-den-6-juni\/#primaryimage\"},\"image\":{\"@id\":\"https:\/\/blogg.svenskakyrkan.se\/akebonnier\/2011\/05\/27\/ater-med-nytt-blogginlagg-forhoppningsvis-den-6-juni\/#primaryimage\"},\"thumbnailUrl\":\"https:\/\/blogger.googleusercontent.com\/tracker\/9055441369901436026-6693030865076877515?l=akebonnier.blogspot.com\",\"datePublished\":\"2011-05-27T21:23:00+00:00\",\"author\":{\"@id\":\"https:\/\/blogg.svenskakyrkan.se\/akebonnier\/#\/schema\/person\/8db68bc0c94f6a5a62df2d4486ff1343\"},\"breadcrumb\":{\"@id\":\"https:\/\/blogg.svenskakyrkan.se\/akebonnier\/2011\/05\/27\/ater-med-nytt-blogginlagg-forhoppningsvis-den-6-juni\/#breadcrumb\"},\"inLanguage\":\"sv-SE\",\"potentialAction\":[{\"@type\":\"ReadAction\",\"target\":[\"https:\/\/blogg.svenskakyrkan.se\/akebonnier\/2011\/05\/27\/ater-med-nytt-blogginlagg-forhoppningsvis-den-6-juni\/\"]}]},{\"@type\":\"ImageObject\",\"inLanguage\":\"sv-SE\",\"@id\":\"https:\/\/blogg.svenskakyrkan.se\/akebonnier\/2011\/05\/27\/ater-med-nytt-blogginlagg-forhoppningsvis-den-6-juni\/#primaryimage\",\"url\":\"https:\/\/blogger.googleusercontent.com\/tracker\/9055441369901436026-6693030865076877515?l=akebonnier.blogspot.com\",\"contentUrl\":\"https:\/\/blogger.googleusercontent.com\/tracker\/9055441369901436026-6693030865076877515?l=akebonnier.blogspot.com\"},{\"@type\":\"BreadcrumbList\",\"@id\":\"https:\/\/blogg.svenskakyrkan.se\/akebonnier\/2011\/05\/27\/ater-med-nytt-blogginlagg-forhoppningsvis-den-6-juni\/#breadcrumb\",\"itemListElement\":[{\"@type\":\"ListItem\",\"position\":1,\"name\":\"Hem\",\"item\":\"https:\/\/blogg.svenskakyrkan.se\/akebonnier\/\"},{\"@type\":\"ListItem\",\"position\":2,\"name\":\"\u00c5ter med nytt blogginl\u00e4gg f\u00f6rhoppningsvis den 6 juni.\"}]},{\"@type\":\"WebSite\",\"@id\":\"https:\/\/blogg.svenskakyrkan.se\/akebonnier\/#website\",\"url\":\"https:\/\/blogg.svenskakyrkan.se\/akebonnier\/\",\"name\":\"\u00c5ke Bonnier\",\"description\":\"Biskop i Svenska kyrkan - Skara stift\",\"potentialAction\":[{\"@type\":\"SearchAction\",\"target\":{\"@type\":\"EntryPoint\",\"urlTemplate\":\"https:\/\/blogg.svenskakyrkan.se\/akebonnier\/?s={search_term_string}\"},\"query-input\":{\"@type\":\"PropertyValueSpecification\",\"valueRequired\":true,\"valueName\":\"search_term_string\"}}],\"inLanguage\":\"sv-SE\"},{\"@type\":\"Person\",\"@id\":\"https:\/\/blogg.svenskakyrkan.se\/akebonnier\/#\/schema\/person\/8db68bc0c94f6a5a62df2d4486ff1343\",\"name\":\"\u00c5ke Bonnier\",\"image\":{\"@type\":\"ImageObject\",\"inLanguage\":\"sv-SE\",\"@id\":\"https:\/\/blogg.svenskakyrkan.se\/akebonnier\/#\/schema\/person\/image\/\",\"url\":\"https:\/\/secure.gravatar.com\/avatar\/b88264736bb0bc0d1ea92298aef02c9f98cfc13c7484130c42c663ae484f9462?s=96&d=mm&r=g\",\"contentUrl\":\"https:\/\/secure.gravatar.com\/avatar\/b88264736bb0bc0d1ea92298aef02c9f98cfc13c7484130c42c663ae484f9462?s=96&d=mm&r=g\",\"caption\":\"\u00c5ke Bonnier\"},\"description\":\"Jag \u00e4r gift och har tv\u00e5 vuxna d\u00f6ttrar. Pr\u00e4stvigdes 1984 och biskopsvigs 26 augusti 2012 . Jag har tidigare bland annat varit, komminister och kyrkoherde i Liding\u00f6 f\u00f6rsamling och domprost i Stockholms domkyrkof\u00f6rsamling. Jag \u00e4r intresserad av konst, litteratur, teater, film. Jag tr\u00e4nar regelbundet p\u00e5 gym. Mitt huvudsakliga musikintresse \u00e4r klassisk musik men ocks\u00e5 Beatles, Elvis Presley, Monika Zettelund, Povel Ramel och m\u00e5nga andra tycker jag om att lyssna p\u00e5. Jag l\u00e4ser f\u00f6r lite sk\u00f6nlitteratur beroende p\u00e5 annat som jag m\u00e5ste l\u00e4sa i mitt uppdrag som biskop. Men jag \u00e4lskar b\u00f6cker. Naturligtvis l\u00e4ser jag n\u00e4st intill dagligdags i \\\"B\u00f6ckernas Bok.\\\"\",\"sameAs\":[\"http:\/\/www.skarastift.se\"],\"url\":\"https:\/\/blogg.svenskakyrkan.se\/akebonnier\/author\/akebonnier\/\"}]}<\/script>\n<!-- \/ Yoast SEO plugin. -->","yoast_head_json":{"title":"\u00c5ter med nytt blogginl\u00e4gg f\u00f6rhoppningsvis den 6 juni. - \u00c5ke Bonnier","robots":{"index":"index","follow":"follow","max-snippet":"max-snippet:-1","max-image-preview":"max-image-preview:large","max-video-preview":"max-video-preview:-1"},"canonical":"https:\/\/blogg.svenskakyrkan.se\/akebonnier\/2011\/05\/27\/ater-med-nytt-blogginlagg-forhoppningsvis-den-6-juni\/","og_locale":"sv_SE","og_type":"article","og_title":"\u00c5ter med nytt blogginl\u00e4gg f\u00f6rhoppningsvis den 6 juni. - \u00c5ke Bonnier","og_description":"Jo, nu b\u00e4r det av igen. Denna g\u00e5ng ska jag p\u00e5 tj\u00e4nsteresa med biskop och prostar. Jag \u00e5terkommer med&nbsp;nytt blogginl\u00e4gg den 6 juni (f\u00f6rhoppningsvis). Beklagar att det dr\u00f6jer!Glad Kristi himmelsf\u00e4rdshelg, s\u00e5 sm\u00e5ningom, \u00f6nskar jag er alla!","og_url":"https:\/\/blogg.svenskakyrkan.se\/akebonnier\/2011\/05\/27\/ater-med-nytt-blogginlagg-forhoppningsvis-den-6-juni\/","og_site_name":"\u00c5ke Bonnier","article_published_time":"2011-05-27T21:23:00+00:00","og_image":[{"url":"https:\/\/blogger.googleusercontent.com\/tracker\/9055441369901436026-6693030865076877515?l=akebonnier.blogspot.com","type":"","width":"","height":""}],"author":"\u00c5ke Bonnier","twitter_card":"summary_large_image","twitter_misc":{"Skriven av":"\u00c5ke Bonnier"},"schema":{"@context":"https:\/\/schema.org","@graph":[{"@type":"Article","@id":"https:\/\/blogg.svenskakyrkan.se\/akebonnier\/2011\/05\/27\/ater-med-nytt-blogginlagg-forhoppningsvis-den-6-juni\/#article","isPartOf":{"@id":"https:\/\/blogg.svenskakyrkan.se\/akebonnier\/2011\/05\/27\/ater-med-nytt-blogginlagg-forhoppningsvis-den-6-juni\/"},"author":{"name":"\u00c5ke Bonnier","@id":"https:\/\/blogg.svenskakyrkan.se\/akebonnier\/#\/schema\/person\/8db68bc0c94f6a5a62df2d4486ff1343"},"headline":"\u00c5ter med nytt blogginl\u00e4gg f\u00f6rhoppningsvis den 6 juni.","datePublished":"2011-05-27T21:23:00+00:00","mainEntityOfPage":{"@id":"https:\/\/blogg.svenskakyrkan.se\/akebonnier\/2011\/05\/27\/ater-med-nytt-blogginlagg-forhoppningsvis-den-6-juni\/"},"wordCount":55,"commentCount":1,"image":{"@id":"https:\/\/blogg.svenskakyrkan.se\/akebonnier\/2011\/05\/27\/ater-med-nytt-blogginlagg-forhoppningsvis-den-6-juni\/#primaryimage"},"thumbnailUrl":"https:\/\/blogger.googleusercontent.com\/tracker\/9055441369901436026-6693030865076877515?l=akebonnier.blogspot.com","articleSection":["\u00c5ter med nytt blogginl\u00e4gg f\u00f6rhoppningsvis den 6 juni"],"inLanguage":"sv-SE","potentialAction":[{"@type":"CommentAction","name":"Comment","target":["https:\/\/blogg.svenskakyrkan.se\/akebonnier\/2011\/05\/27\/ater-med-nytt-blogginlagg-forhoppningsvis-den-6-juni\/#respond"]}]},{"@type":"WebPage","@id":"https:\/\/blogg.svenskakyrkan.se\/akebonnier\/2011\/05\/27\/ater-med-nytt-blogginlagg-forhoppningsvis-den-6-juni\/","url":"https:\/\/blogg.svenskakyrkan.se\/akebonnier\/2011\/05\/27\/ater-med-nytt-blogginlagg-forhoppningsvis-den-6-juni\/","name":"\u00c5ter med nytt blogginl\u00e4gg f\u00f6rhoppningsvis den 6 juni. - \u00c5ke Bonnier","isPartOf":{"@id":"https:\/\/blogg.svenskakyrkan.se\/akebonnier\/#website"},"primaryImageOfPage":{"@id":"https:\/\/blogg.svenskakyrkan.se\/akebonnier\/2011\/05\/27\/ater-med-nytt-blogginlagg-forhoppningsvis-den-6-juni\/#primaryimage"},"image":{"@id":"https:\/\/blogg.svenskakyrkan.se\/akebonnier\/2011\/05\/27\/ater-med-nytt-blogginlagg-forhoppningsvis-den-6-juni\/#primaryimage"},"thumbnailUrl":"https:\/\/blogger.googleusercontent.com\/tracker\/9055441369901436026-6693030865076877515?l=akebonnier.blogspot.com","datePublished":"2011-05-27T21:23:00+00:00","author":{"@id":"https:\/\/blogg.svenskakyrkan.se\/akebonnier\/#\/schema\/person\/8db68bc0c94f6a5a62df2d4486ff1343"},"breadcrumb":{"@id":"https:\/\/blogg.svenskakyrkan.se\/akebonnier\/2011\/05\/27\/ater-med-nytt-blogginlagg-forhoppningsvis-den-6-juni\/#breadcrumb"},"inLanguage":"sv-SE","potentialAction":[{"@type":"ReadAction","target":["https:\/\/blogg.svenskakyrkan.se\/akebonnier\/2011\/05\/27\/ater-med-nytt-blogginlagg-forhoppningsvis-den-6-juni\/"]}]},{"@type":"ImageObject","inLanguage":"sv-SE","@id":"https:\/\/blogg.svenskakyrkan.se\/akebonnier\/2011\/05\/27\/ater-med-nytt-blogginlagg-forhoppningsvis-den-6-juni\/#primaryimage","url":"https:\/\/blogger.googleusercontent.com\/tracker\/9055441369901436026-6693030865076877515?l=akebonnier.blogspot.com","contentUrl":"https:\/\/blogger.googleusercontent.com\/tracker\/9055441369901436026-6693030865076877515?l=akebonnier.blogspot.com"},{"@type":"BreadcrumbList","@id":"https:\/\/blogg.svenskakyrkan.se\/akebonnier\/2011\/05\/27\/ater-med-nytt-blogginlagg-forhoppningsvis-den-6-juni\/#breadcrumb","itemListElement":[{"@type":"ListItem","position":1,"name":"Hem","item":"https:\/\/blogg.svenskakyrkan.se\/akebonnier\/"},{"@type":"ListItem","position":2,"name":"\u00c5ter med nytt blogginl\u00e4gg f\u00f6rhoppningsvis den 6 juni."}]},{"@type":"WebSite","@id":"https:\/\/blogg.svenskakyrkan.se\/akebonnier\/#website","url":"https:\/\/blogg.svenskakyrkan.se\/akebonnier\/","name":"\u00c5ke Bonnier","description":"Biskop i Svenska kyrkan - Skara stift","potentialAction":[{"@type":"SearchAction","target":{"@type":"EntryPoint","urlTemplate":"https:\/\/blogg.svenskakyrkan.se\/akebonnier\/?s={search_term_string}"},"query-input":{"@type":"PropertyValueSpecification","valueRequired":true,"valueName":"search_term_string"}}],"inLanguage":"sv-SE"},{"@type":"Person","@id":"https:\/\/blogg.svenskakyrkan.se\/akebonnier\/#\/schema\/person\/8db68bc0c94f6a5a62df2d4486ff1343","name":"\u00c5ke Bonnier","image":{"@type":"ImageObject","inLanguage":"sv-SE","@id":"https:\/\/blogg.svenskakyrkan.se\/akebonnier\/#\/schema\/person\/image\/","url":"https:\/\/secure.gravatar.com\/avatar\/b88264736bb0bc0d1ea92298aef02c9f98cfc13c7484130c42c663ae484f9462?s=96&d=mm&r=g","contentUrl":"https:\/\/secure.gravatar.com\/avatar\/b88264736bb0bc0d1ea92298aef02c9f98cfc13c7484130c42c663ae484f9462?s=96&d=mm&r=g","caption":"\u00c5ke Bonnier"},"description":"Jag \u00e4r gift och har tv\u00e5 vuxna d\u00f6ttrar. Pr\u00e4stvigdes 1984 och biskopsvigs 26 augusti 2012 . Jag har tidigare bland annat varit, komminister och kyrkoherde i Liding\u00f6 f\u00f6rsamling och domprost i Stockholms domkyrkof\u00f6rsamling. Jag \u00e4r intresserad av konst, litteratur, teater, film. Jag tr\u00e4nar regelbundet p\u00e5 gym. Mitt huvudsakliga musikintresse \u00e4r klassisk musik men ocks\u00e5 Beatles, Elvis Presley, Monika Zettelund, Povel Ramel och m\u00e5nga andra tycker jag om att lyssna p\u00e5. Jag l\u00e4ser f\u00f6r lite sk\u00f6nlitteratur beroende p\u00e5 annat som jag m\u00e5ste l\u00e4sa i mitt uppdrag som biskop. Men jag \u00e4lskar b\u00f6cker. Naturligtvis l\u00e4ser jag n\u00e4st intill dagligdags i \"B\u00f6ckernas Bok.\"","sameAs":["http:\/\/www.skarastift.se"],"url":"https:\/\/blogg.svenskakyrkan.se\/akebonnier\/author\/akebonnier\/"}]}},"author_meta":{"ID":"108","user_nicename":"akebonnier","user_url":"http:\/\/www.skarastift.se","user_registered":"2011-10-11 09:24:48","display_name":"\u00c5ke Bonnier","first_name":"\u00c5ke","last_name":"Bonnier","avatar":"https:\/\/secure.gravatar.com\/avatar\/b88264736bb0bc0d1ea92298aef02c9f98cfc13c7484130c42c663ae484f9462?s=96&d=mm&r=g"},"featured_image":false,"bloginfo":{"name":"\u00c5ke Bonnier","url":"https:\/\/blogg.svenskakyrkan.se\/akebonnier"},"_links":{"self":[{"href":"https:\/\/blogg.svenskakyrkan.se\/akebonnier\/wp-json\/wp\/v2\/posts\/532","targetHints":{"allow":["GET"]}}],"collection":[{"href":"https:\/\/blogg.svenskakyrkan.se\/akebonnier\/wp-json\/wp\/v2\/posts"}],"about":[{"href":"https:\/\/blogg.svenskakyrkan.se\/akebonnier\/wp-json\/wp\/v2\/types\/post"}],"author":[{"embeddable":true,"href":"https:\/\/blogg.svenskakyrkan.se\/akebonnier\/wp-json\/wp\/v2\/users\/108"}],"replies":[{"embeddable":true,"href":"https:\/\/blogg.svenskakyrkan.se\/akebonnier\/wp-json\/wp\/v2\/comments?post=532"}],"version-history":[{"count":0,"href":"https:\/\/blogg.svenskakyrkan.se\/akebonnier\/wp-json\/wp\/v2\/posts\/532\/revisions"}],"wp:attachment":[{"href":"https:\/\/blogg.svenskakyrkan.se\/akebonnier\/wp-json\/wp\/v2\/media?parent=532"}],"wp:term":[{"taxonomy":"category","embeddable":true,"href":"https:\/\/blogg.svenskakyrkan.se\/akebonnier\/wp-json\/wp\/v2\/categories?post=532"},{"taxonomy":"post_tag","embeddable":true,"href":"https:\/\/blogg.svenskakyrkan.se\/akebonnier\/wp-json\/wp\/v2\/tags?post=532"}],"curies":[{"name":"wp","href":"https:\/\/api.w.org\/{rel}","templated":true}]}}