{"id":533,"date":"2011-06-05T20:20:00","date_gmt":"2011-06-05T20:20:00","guid":{"rendered":"http:\/\/blogg.svenskakyrkan.se\/akebonnier\/2011\/06\/05\/en-gud-som-ar-storre-an-var-bekannelse\/"},"modified":"2011-06-05T20:20:00","modified_gmt":"2011-06-05T20:20:00","slug":"en-gud-som-ar-storre-an-var-bekannelse","status":"publish","type":"post","link":"https:\/\/blogg.svenskakyrkan.se\/akebonnier\/2011\/06\/05\/en-gud-som-ar-storre-an-var-bekannelse\/","title":{"rendered":"En Gud som \u00e4r st\u00f6rre \u00e4n v\u00e5r bek\u00e4nnelse."},"content":{"rendered":"<p>Jag fick f\u00f6rm\u00e5nen att tillsammans med biskopen och ett stort antal prostar \u00e5ka p\u00e5 studieresa till Chicago och New York. Syftet var att f\u00f6rdjupa lutherska och ekumeniska kontakter och skapa nya kontakter men ocks\u00e5 att se olika typer av kyrkor och traditioner i ett land som p\u00e5 s\u00e5 m\u00e5nga olika s\u00e4tt p\u00e5verkar utvecklingen i v\u00e4rlden. En av gudstj\u00e4nsterna som vi firade var i <a href=\"http:\/\/www.trinitychicago.org\/\">Trinity United Church of Christ<\/a>&nbsp;i Chicago &#8211; en kyrka f\u00f6r svarta pr\u00e4glad av en mer reformert tradition. Gudstj\u00e4nsten tog 3 timmar varav predikan var 55 minuter. Det kan man kalla en rej\u00e4l gudstj\u00e4nst. Vad vi erfor var en gudstj\u00e4nstfirande f\u00f6rsamling som var glada \u00f6ver att vara i sin kyrka, som var beredda att satsa b\u00e5de p\u00e5 och i och f\u00f6r kyrkan och i grunden satsas p\u00e5 Jesus Kristus sj\u00e4lv. Det var sp\u00e4nnande att vara med och den predikan som pastorn h\u00f6ll \u00f6ver Jobs boks f\u00f6rsta kapitel gjorde intryck. Samtidigt var det f\u00f6r l\u00e5ngt och inte den tradition som jag sj\u00e4lv st\u00e5r i. Men \u00e4nd\u00e5&#8230;<\/p>\n<p>Ett stort intryck gjorde ocks\u00e5 en annan kyrka n\u00e4mligen <a href=\"http:\/\/www.stjohndivine.org\/index.html\">The Cathedral Church of S:t John the Divine<\/a>&nbsp;i New York. Det \u00e4r en enorm katedral som \u00e4r \u00f6ppen f\u00f6r alla m\u00e4nniskor &#8211; inneslutande alla som vill k\u00e4nna sig hemma oavsett allt. I katedralen \u00e5terfanns tv\u00e5 judiska menoraljustakar, tv\u00e5 asiatiska b\u00f6nesymboler (tror att de var tibetanska) och vaser i j\u00e4tteformat som var g\u00e5vor fr\u00e5n andra religionsut\u00f6vare. F\u00f6r f\u00f6rsamlingen var det viktigt med dessa symboler f\u00f6r andra religioner f\u00f6r att, med Kristus i centrum, visa att vi h\u00f6r ihop, att Gud \u00e4r Gud bortom v\u00e5ra bek\u00e4nnelser. P\u00e5 hemsidan st\u00e5r det:<\/p>\n<div class=\"separator\" style=\"clear: both;text-align: center\"><a href=\"http:\/\/4.bp.blogspot.com\/-kRk2E7_AtG0\/TevmPMrJxDI\/AAAAAAAAAJI\/zRJLFJsGDJQ\/s1600\/mission_01.gif\"><img loading=\"lazy\" decoding=\"async\" border=\"0\" height=\"177\" src=\"http:\/\/4.bp.blogspot.com\/-kRk2E7_AtG0\/TevmPMrJxDI\/AAAAAAAAAJI\/zRJLFJsGDJQ\/s400\/mission_01.gif\" width=\"400\" \/><\/a><\/div>\n<p>T\u00e4nk att f\u00e5 vila i detta och k\u00e4nna trygghet i detta att Gud \u00e4r st\u00f6rre \u00e4n allt och att jag f\u00e5r lovsjunga Jesus Kristus utfr\u00e5n min kristna tradition utan att beh\u00f6va trampa p\u00e5 n\u00e5gon annan. Den bortg\u00e5ngne biskopen Krister Stendahl skrev i sin bok &#8221;Meanings&#8221; ord som f\u00f6r mig blivit s\u00e5 viktiga: <em>&#8221;How can I sing my song to Jesus fully and with abandon without feeling it necessary to belittle the faith of others? I believe that question to be crucial for the helth and vitality of Christian theology in the years ahead.&#8221; <\/em><\/p>\n<p>Jag har en dr\u00f6m som handlar om att Storkyrkan p\u00e5 n\u00e5got s\u00e4tt skulle kunna f\u00e5 vara platsen f\u00f6r lovs\u00e5ngen till Jesus samtidigt som man skulle kunna f\u00e5 uppleva att det \u00e4r en helig plats fylld av Gud som \u00e4r bortom alla bek\u00e4nnelser och i alla religioner. Det handlar inte om synkretism. Vi ska inte blanda men det handlar om en gudomlig generositet och \u00f6ppenhet som bara de kristna kan v\u00e5ga sig p\u00e5 som st\u00e5r riktigt n\u00e4ra korset.<\/p>\n<p>Det handlar om en Gud som \u00e4r st\u00f6rre \u00e4n v\u00e5r bek\u00e4nnelse. Den Guden m\u00f6ter jag i Jesus Kristus!<\/p>\n<div class=\"blogger-post-footer\"><img width='1' height='1' src='https:\/\/blogger.googleusercontent.com\/tracker\/9055441369901436026-4330275167499103966?l=akebonnier.blogspot.com' alt='' \/><\/div>\n","protected":false},"excerpt":{"rendered":"<p>Jag fick f\u00f6rm\u00e5nen att tillsammans med biskopen och ett stort antal prostar \u00e5ka p\u00e5 studieresa till Chicago och New York. Syftet var att f\u00f6rdjupa lutherska och ekumeniska kontakter och skapa nya kontakter men ocks\u00e5 att se olika typer av kyrkor och traditioner i ett land som p\u00e5 s\u00e5 m\u00e5nga olika s\u00e4tt p\u00e5verkar utvecklingen i v\u00e4rlden. [&hellip;]<\/p>\n","protected":false},"author":108,"featured_media":0,"comment_status":"open","ping_status":"open","sticky":false,"template":"","format":"standard","meta":{"_acf_changed":false,"footnotes":""},"categories":[16488],"tags":[],"class_list":["post-533","post","type-post","status-publish","format-standard","hentry","category-en-gud-som-ar-storre-an-var-bekannelse"],"acf":[],"yoast_head":"<!-- This site is optimized with the Yoast SEO plugin v27.1.1 - https:\/\/yoast.com\/product\/yoast-seo-wordpress\/ -->\n<title>En Gud som \u00e4r st\u00f6rre \u00e4n v\u00e5r bek\u00e4nnelse. - \u00c5ke Bonnier<\/title>\n<meta name=\"robots\" content=\"index, follow, max-snippet:-1, max-image-preview:large, max-video-preview:-1\" \/>\n<link rel=\"canonical\" href=\"https:\/\/blogg.svenskakyrkan.se\/akebonnier\/2011\/06\/05\/en-gud-som-ar-storre-an-var-bekannelse\/\" \/>\n<meta property=\"og:locale\" content=\"sv_SE\" \/>\n<meta property=\"og:type\" content=\"article\" \/>\n<meta property=\"og:title\" content=\"En Gud som \u00e4r st\u00f6rre \u00e4n v\u00e5r bek\u00e4nnelse. - \u00c5ke Bonnier\" \/>\n<meta property=\"og:description\" content=\"Jag fick f\u00f6rm\u00e5nen att tillsammans med biskopen och ett stort antal prostar \u00e5ka p\u00e5 studieresa till Chicago och New York. Syftet var att f\u00f6rdjupa lutherska och ekumeniska kontakter och skapa nya kontakter men ocks\u00e5 att se olika typer av kyrkor och traditioner i ett land som p\u00e5 s\u00e5 m\u00e5nga olika s\u00e4tt p\u00e5verkar utvecklingen i v\u00e4rlden. [&hellip;]\" \/>\n<meta property=\"og:url\" content=\"https:\/\/blogg.svenskakyrkan.se\/akebonnier\/2011\/06\/05\/en-gud-som-ar-storre-an-var-bekannelse\/\" \/>\n<meta property=\"og:site_name\" content=\"\u00c5ke Bonnier\" \/>\n<meta property=\"article:published_time\" content=\"2011-06-05T20:20:00+00:00\" \/>\n<meta property=\"og:image\" content=\"http:\/\/4.bp.blogspot.com\/-kRk2E7_AtG0\/TevmPMrJxDI\/AAAAAAAAAJI\/zRJLFJsGDJQ\/s400\/mission_01.gif\" \/>\n<meta name=\"author\" content=\"\u00c5ke Bonnier\" \/>\n<meta name=\"twitter:card\" content=\"summary_large_image\" \/>\n<meta name=\"twitter:label1\" content=\"Skriven av\" \/>\n\t<meta name=\"twitter:data1\" content=\"\u00c5ke Bonnier\" \/>\n\t<meta name=\"twitter:label2\" content=\"Ber\u00e4knad l\u00e4stid\" \/>\n\t<meta name=\"twitter:data2\" content=\"3 minuter\" \/>\n<script type=\"application\/ld+json\" class=\"yoast-schema-graph\">{\"@context\":\"https:\/\/schema.org\",\"@graph\":[{\"@type\":\"Article\",\"@id\":\"https:\/\/blogg.svenskakyrkan.se\/akebonnier\/2011\/06\/05\/en-gud-som-ar-storre-an-var-bekannelse\/#article\",\"isPartOf\":{\"@id\":\"https:\/\/blogg.svenskakyrkan.se\/akebonnier\/2011\/06\/05\/en-gud-som-ar-storre-an-var-bekannelse\/\"},\"author\":{\"name\":\"\u00c5ke Bonnier\",\"@id\":\"https:\/\/blogg.svenskakyrkan.se\/akebonnier\/#\/schema\/person\/8db68bc0c94f6a5a62df2d4486ff1343\"},\"headline\":\"En Gud som \u00e4r st\u00f6rre \u00e4n v\u00e5r bek\u00e4nnelse.\",\"datePublished\":\"2011-06-05T20:20:00+00:00\",\"mainEntityOfPage\":{\"@id\":\"https:\/\/blogg.svenskakyrkan.se\/akebonnier\/2011\/06\/05\/en-gud-som-ar-storre-an-var-bekannelse\/\"},\"wordCount\":530,\"commentCount\":37,\"image\":{\"@id\":\"https:\/\/blogg.svenskakyrkan.se\/akebonnier\/2011\/06\/05\/en-gud-som-ar-storre-an-var-bekannelse\/#primaryimage\"},\"thumbnailUrl\":\"http:\/\/4.bp.blogspot.com\/-kRk2E7_AtG0\/TevmPMrJxDI\/AAAAAAAAAJI\/zRJLFJsGDJQ\/s400\/mission_01.gif\",\"articleSection\":[\"En Gud som \u00e4r st\u00f6rre \u00e4n v\u00e5r bek\u00e4nnelse\"],\"inLanguage\":\"sv-SE\",\"potentialAction\":[{\"@type\":\"CommentAction\",\"name\":\"Comment\",\"target\":[\"https:\/\/blogg.svenskakyrkan.se\/akebonnier\/2011\/06\/05\/en-gud-som-ar-storre-an-var-bekannelse\/#respond\"]}]},{\"@type\":\"WebPage\",\"@id\":\"https:\/\/blogg.svenskakyrkan.se\/akebonnier\/2011\/06\/05\/en-gud-som-ar-storre-an-var-bekannelse\/\",\"url\":\"https:\/\/blogg.svenskakyrkan.se\/akebonnier\/2011\/06\/05\/en-gud-som-ar-storre-an-var-bekannelse\/\",\"name\":\"En Gud som \u00e4r st\u00f6rre \u00e4n v\u00e5r bek\u00e4nnelse. - \u00c5ke Bonnier\",\"isPartOf\":{\"@id\":\"https:\/\/blogg.svenskakyrkan.se\/akebonnier\/#website\"},\"primaryImageOfPage\":{\"@id\":\"https:\/\/blogg.svenskakyrkan.se\/akebonnier\/2011\/06\/05\/en-gud-som-ar-storre-an-var-bekannelse\/#primaryimage\"},\"image\":{\"@id\":\"https:\/\/blogg.svenskakyrkan.se\/akebonnier\/2011\/06\/05\/en-gud-som-ar-storre-an-var-bekannelse\/#primaryimage\"},\"thumbnailUrl\":\"http:\/\/4.bp.blogspot.com\/-kRk2E7_AtG0\/TevmPMrJxDI\/AAAAAAAAAJI\/zRJLFJsGDJQ\/s400\/mission_01.gif\",\"datePublished\":\"2011-06-05T20:20:00+00:00\",\"author\":{\"@id\":\"https:\/\/blogg.svenskakyrkan.se\/akebonnier\/#\/schema\/person\/8db68bc0c94f6a5a62df2d4486ff1343\"},\"breadcrumb\":{\"@id\":\"https:\/\/blogg.svenskakyrkan.se\/akebonnier\/2011\/06\/05\/en-gud-som-ar-storre-an-var-bekannelse\/#breadcrumb\"},\"inLanguage\":\"sv-SE\",\"potentialAction\":[{\"@type\":\"ReadAction\",\"target\":[\"https:\/\/blogg.svenskakyrkan.se\/akebonnier\/2011\/06\/05\/en-gud-som-ar-storre-an-var-bekannelse\/\"]}]},{\"@type\":\"ImageObject\",\"inLanguage\":\"sv-SE\",\"@id\":\"https:\/\/blogg.svenskakyrkan.se\/akebonnier\/2011\/06\/05\/en-gud-som-ar-storre-an-var-bekannelse\/#primaryimage\",\"url\":\"http:\/\/4.bp.blogspot.com\/-kRk2E7_AtG0\/TevmPMrJxDI\/AAAAAAAAAJI\/zRJLFJsGDJQ\/s400\/mission_01.gif\",\"contentUrl\":\"http:\/\/4.bp.blogspot.com\/-kRk2E7_AtG0\/TevmPMrJxDI\/AAAAAAAAAJI\/zRJLFJsGDJQ\/s400\/mission_01.gif\"},{\"@type\":\"BreadcrumbList\",\"@id\":\"https:\/\/blogg.svenskakyrkan.se\/akebonnier\/2011\/06\/05\/en-gud-som-ar-storre-an-var-bekannelse\/#breadcrumb\",\"itemListElement\":[{\"@type\":\"ListItem\",\"position\":1,\"name\":\"Hem\",\"item\":\"https:\/\/blogg.svenskakyrkan.se\/akebonnier\/\"},{\"@type\":\"ListItem\",\"position\":2,\"name\":\"En Gud som \u00e4r st\u00f6rre \u00e4n v\u00e5r bek\u00e4nnelse.\"}]},{\"@type\":\"WebSite\",\"@id\":\"https:\/\/blogg.svenskakyrkan.se\/akebonnier\/#website\",\"url\":\"https:\/\/blogg.svenskakyrkan.se\/akebonnier\/\",\"name\":\"\u00c5ke Bonnier\",\"description\":\"Biskop i Svenska kyrkan - Skara stift\",\"potentialAction\":[{\"@type\":\"SearchAction\",\"target\":{\"@type\":\"EntryPoint\",\"urlTemplate\":\"https:\/\/blogg.svenskakyrkan.se\/akebonnier\/?s={search_term_string}\"},\"query-input\":{\"@type\":\"PropertyValueSpecification\",\"valueRequired\":true,\"valueName\":\"search_term_string\"}}],\"inLanguage\":\"sv-SE\"},{\"@type\":\"Person\",\"@id\":\"https:\/\/blogg.svenskakyrkan.se\/akebonnier\/#\/schema\/person\/8db68bc0c94f6a5a62df2d4486ff1343\",\"name\":\"\u00c5ke Bonnier\",\"image\":{\"@type\":\"ImageObject\",\"inLanguage\":\"sv-SE\",\"@id\":\"https:\/\/blogg.svenskakyrkan.se\/akebonnier\/#\/schema\/person\/image\/\",\"url\":\"https:\/\/secure.gravatar.com\/avatar\/b88264736bb0bc0d1ea92298aef02c9f98cfc13c7484130c42c663ae484f9462?s=96&d=mm&r=g\",\"contentUrl\":\"https:\/\/secure.gravatar.com\/avatar\/b88264736bb0bc0d1ea92298aef02c9f98cfc13c7484130c42c663ae484f9462?s=96&d=mm&r=g\",\"caption\":\"\u00c5ke Bonnier\"},\"description\":\"Jag \u00e4r gift och har tv\u00e5 vuxna d\u00f6ttrar. Pr\u00e4stvigdes 1984 och biskopsvigs 26 augusti 2012 . Jag har tidigare bland annat varit, komminister och kyrkoherde i Liding\u00f6 f\u00f6rsamling och domprost i Stockholms domkyrkof\u00f6rsamling. Jag \u00e4r intresserad av konst, litteratur, teater, film. Jag tr\u00e4nar regelbundet p\u00e5 gym. Mitt huvudsakliga musikintresse \u00e4r klassisk musik men ocks\u00e5 Beatles, Elvis Presley, Monika Zettelund, Povel Ramel och m\u00e5nga andra tycker jag om att lyssna p\u00e5. Jag l\u00e4ser f\u00f6r lite sk\u00f6nlitteratur beroende p\u00e5 annat som jag m\u00e5ste l\u00e4sa i mitt uppdrag som biskop. Men jag \u00e4lskar b\u00f6cker. Naturligtvis l\u00e4ser jag n\u00e4st intill dagligdags i \\\"B\u00f6ckernas Bok.\\\"\",\"sameAs\":[\"http:\/\/www.skarastift.se\"],\"url\":\"https:\/\/blogg.svenskakyrkan.se\/akebonnier\/author\/akebonnier\/\"}]}<\/script>\n<!-- \/ Yoast SEO plugin. -->","yoast_head_json":{"title":"En Gud som \u00e4r st\u00f6rre \u00e4n v\u00e5r bek\u00e4nnelse. - \u00c5ke Bonnier","robots":{"index":"index","follow":"follow","max-snippet":"max-snippet:-1","max-image-preview":"max-image-preview:large","max-video-preview":"max-video-preview:-1"},"canonical":"https:\/\/blogg.svenskakyrkan.se\/akebonnier\/2011\/06\/05\/en-gud-som-ar-storre-an-var-bekannelse\/","og_locale":"sv_SE","og_type":"article","og_title":"En Gud som \u00e4r st\u00f6rre \u00e4n v\u00e5r bek\u00e4nnelse. - \u00c5ke Bonnier","og_description":"Jag fick f\u00f6rm\u00e5nen att tillsammans med biskopen och ett stort antal prostar \u00e5ka p\u00e5 studieresa till Chicago och New York. Syftet var att f\u00f6rdjupa lutherska och ekumeniska kontakter och skapa nya kontakter men ocks\u00e5 att se olika typer av kyrkor och traditioner i ett land som p\u00e5 s\u00e5 m\u00e5nga olika s\u00e4tt p\u00e5verkar utvecklingen i v\u00e4rlden. [&hellip;]","og_url":"https:\/\/blogg.svenskakyrkan.se\/akebonnier\/2011\/06\/05\/en-gud-som-ar-storre-an-var-bekannelse\/","og_site_name":"\u00c5ke Bonnier","article_published_time":"2011-06-05T20:20:00+00:00","og_image":[{"url":"http:\/\/4.bp.blogspot.com\/-kRk2E7_AtG0\/TevmPMrJxDI\/AAAAAAAAAJI\/zRJLFJsGDJQ\/s400\/mission_01.gif","type":"","width":"","height":""}],"author":"\u00c5ke Bonnier","twitter_card":"summary_large_image","twitter_misc":{"Skriven av":"\u00c5ke Bonnier","Ber\u00e4knad l\u00e4stid":"3 minuter"},"schema":{"@context":"https:\/\/schema.org","@graph":[{"@type":"Article","@id":"https:\/\/blogg.svenskakyrkan.se\/akebonnier\/2011\/06\/05\/en-gud-som-ar-storre-an-var-bekannelse\/#article","isPartOf":{"@id":"https:\/\/blogg.svenskakyrkan.se\/akebonnier\/2011\/06\/05\/en-gud-som-ar-storre-an-var-bekannelse\/"},"author":{"name":"\u00c5ke Bonnier","@id":"https:\/\/blogg.svenskakyrkan.se\/akebonnier\/#\/schema\/person\/8db68bc0c94f6a5a62df2d4486ff1343"},"headline":"En Gud som \u00e4r st\u00f6rre \u00e4n v\u00e5r bek\u00e4nnelse.","datePublished":"2011-06-05T20:20:00+00:00","mainEntityOfPage":{"@id":"https:\/\/blogg.svenskakyrkan.se\/akebonnier\/2011\/06\/05\/en-gud-som-ar-storre-an-var-bekannelse\/"},"wordCount":530,"commentCount":37,"image":{"@id":"https:\/\/blogg.svenskakyrkan.se\/akebonnier\/2011\/06\/05\/en-gud-som-ar-storre-an-var-bekannelse\/#primaryimage"},"thumbnailUrl":"http:\/\/4.bp.blogspot.com\/-kRk2E7_AtG0\/TevmPMrJxDI\/AAAAAAAAAJI\/zRJLFJsGDJQ\/s400\/mission_01.gif","articleSection":["En Gud som \u00e4r st\u00f6rre \u00e4n v\u00e5r bek\u00e4nnelse"],"inLanguage":"sv-SE","potentialAction":[{"@type":"CommentAction","name":"Comment","target":["https:\/\/blogg.svenskakyrkan.se\/akebonnier\/2011\/06\/05\/en-gud-som-ar-storre-an-var-bekannelse\/#respond"]}]},{"@type":"WebPage","@id":"https:\/\/blogg.svenskakyrkan.se\/akebonnier\/2011\/06\/05\/en-gud-som-ar-storre-an-var-bekannelse\/","url":"https:\/\/blogg.svenskakyrkan.se\/akebonnier\/2011\/06\/05\/en-gud-som-ar-storre-an-var-bekannelse\/","name":"En Gud som \u00e4r st\u00f6rre \u00e4n v\u00e5r bek\u00e4nnelse. - \u00c5ke Bonnier","isPartOf":{"@id":"https:\/\/blogg.svenskakyrkan.se\/akebonnier\/#website"},"primaryImageOfPage":{"@id":"https:\/\/blogg.svenskakyrkan.se\/akebonnier\/2011\/06\/05\/en-gud-som-ar-storre-an-var-bekannelse\/#primaryimage"},"image":{"@id":"https:\/\/blogg.svenskakyrkan.se\/akebonnier\/2011\/06\/05\/en-gud-som-ar-storre-an-var-bekannelse\/#primaryimage"},"thumbnailUrl":"http:\/\/4.bp.blogspot.com\/-kRk2E7_AtG0\/TevmPMrJxDI\/AAAAAAAAAJI\/zRJLFJsGDJQ\/s400\/mission_01.gif","datePublished":"2011-06-05T20:20:00+00:00","author":{"@id":"https:\/\/blogg.svenskakyrkan.se\/akebonnier\/#\/schema\/person\/8db68bc0c94f6a5a62df2d4486ff1343"},"breadcrumb":{"@id":"https:\/\/blogg.svenskakyrkan.se\/akebonnier\/2011\/06\/05\/en-gud-som-ar-storre-an-var-bekannelse\/#breadcrumb"},"inLanguage":"sv-SE","potentialAction":[{"@type":"ReadAction","target":["https:\/\/blogg.svenskakyrkan.se\/akebonnier\/2011\/06\/05\/en-gud-som-ar-storre-an-var-bekannelse\/"]}]},{"@type":"ImageObject","inLanguage":"sv-SE","@id":"https:\/\/blogg.svenskakyrkan.se\/akebonnier\/2011\/06\/05\/en-gud-som-ar-storre-an-var-bekannelse\/#primaryimage","url":"http:\/\/4.bp.blogspot.com\/-kRk2E7_AtG0\/TevmPMrJxDI\/AAAAAAAAAJI\/zRJLFJsGDJQ\/s400\/mission_01.gif","contentUrl":"http:\/\/4.bp.blogspot.com\/-kRk2E7_AtG0\/TevmPMrJxDI\/AAAAAAAAAJI\/zRJLFJsGDJQ\/s400\/mission_01.gif"},{"@type":"BreadcrumbList","@id":"https:\/\/blogg.svenskakyrkan.se\/akebonnier\/2011\/06\/05\/en-gud-som-ar-storre-an-var-bekannelse\/#breadcrumb","itemListElement":[{"@type":"ListItem","position":1,"name":"Hem","item":"https:\/\/blogg.svenskakyrkan.se\/akebonnier\/"},{"@type":"ListItem","position":2,"name":"En Gud som \u00e4r st\u00f6rre \u00e4n v\u00e5r bek\u00e4nnelse."}]},{"@type":"WebSite","@id":"https:\/\/blogg.svenskakyrkan.se\/akebonnier\/#website","url":"https:\/\/blogg.svenskakyrkan.se\/akebonnier\/","name":"\u00c5ke Bonnier","description":"Biskop i Svenska kyrkan - Skara stift","potentialAction":[{"@type":"SearchAction","target":{"@type":"EntryPoint","urlTemplate":"https:\/\/blogg.svenskakyrkan.se\/akebonnier\/?s={search_term_string}"},"query-input":{"@type":"PropertyValueSpecification","valueRequired":true,"valueName":"search_term_string"}}],"inLanguage":"sv-SE"},{"@type":"Person","@id":"https:\/\/blogg.svenskakyrkan.se\/akebonnier\/#\/schema\/person\/8db68bc0c94f6a5a62df2d4486ff1343","name":"\u00c5ke Bonnier","image":{"@type":"ImageObject","inLanguage":"sv-SE","@id":"https:\/\/blogg.svenskakyrkan.se\/akebonnier\/#\/schema\/person\/image\/","url":"https:\/\/secure.gravatar.com\/avatar\/b88264736bb0bc0d1ea92298aef02c9f98cfc13c7484130c42c663ae484f9462?s=96&d=mm&r=g","contentUrl":"https:\/\/secure.gravatar.com\/avatar\/b88264736bb0bc0d1ea92298aef02c9f98cfc13c7484130c42c663ae484f9462?s=96&d=mm&r=g","caption":"\u00c5ke Bonnier"},"description":"Jag \u00e4r gift och har tv\u00e5 vuxna d\u00f6ttrar. Pr\u00e4stvigdes 1984 och biskopsvigs 26 augusti 2012 . Jag har tidigare bland annat varit, komminister och kyrkoherde i Liding\u00f6 f\u00f6rsamling och domprost i Stockholms domkyrkof\u00f6rsamling. Jag \u00e4r intresserad av konst, litteratur, teater, film. Jag tr\u00e4nar regelbundet p\u00e5 gym. Mitt huvudsakliga musikintresse \u00e4r klassisk musik men ocks\u00e5 Beatles, Elvis Presley, Monika Zettelund, Povel Ramel och m\u00e5nga andra tycker jag om att lyssna p\u00e5. Jag l\u00e4ser f\u00f6r lite sk\u00f6nlitteratur beroende p\u00e5 annat som jag m\u00e5ste l\u00e4sa i mitt uppdrag som biskop. Men jag \u00e4lskar b\u00f6cker. Naturligtvis l\u00e4ser jag n\u00e4st intill dagligdags i \"B\u00f6ckernas Bok.\"","sameAs":["http:\/\/www.skarastift.se"],"url":"https:\/\/blogg.svenskakyrkan.se\/akebonnier\/author\/akebonnier\/"}]}},"author_meta":{"ID":"108","user_nicename":"akebonnier","user_url":"http:\/\/www.skarastift.se","user_registered":"2011-10-11 09:24:48","display_name":"\u00c5ke Bonnier","first_name":"\u00c5ke","last_name":"Bonnier","avatar":"https:\/\/secure.gravatar.com\/avatar\/b88264736bb0bc0d1ea92298aef02c9f98cfc13c7484130c42c663ae484f9462?s=96&d=mm&r=g"},"featured_image":false,"bloginfo":{"name":"\u00c5ke Bonnier","url":"https:\/\/blogg.svenskakyrkan.se\/akebonnier"},"_links":{"self":[{"href":"https:\/\/blogg.svenskakyrkan.se\/akebonnier\/wp-json\/wp\/v2\/posts\/533","targetHints":{"allow":["GET"]}}],"collection":[{"href":"https:\/\/blogg.svenskakyrkan.se\/akebonnier\/wp-json\/wp\/v2\/posts"}],"about":[{"href":"https:\/\/blogg.svenskakyrkan.se\/akebonnier\/wp-json\/wp\/v2\/types\/post"}],"author":[{"embeddable":true,"href":"https:\/\/blogg.svenskakyrkan.se\/akebonnier\/wp-json\/wp\/v2\/users\/108"}],"replies":[{"embeddable":true,"href":"https:\/\/blogg.svenskakyrkan.se\/akebonnier\/wp-json\/wp\/v2\/comments?post=533"}],"version-history":[{"count":0,"href":"https:\/\/blogg.svenskakyrkan.se\/akebonnier\/wp-json\/wp\/v2\/posts\/533\/revisions"}],"wp:attachment":[{"href":"https:\/\/blogg.svenskakyrkan.se\/akebonnier\/wp-json\/wp\/v2\/media?parent=533"}],"wp:term":[{"taxonomy":"category","embeddable":true,"href":"https:\/\/blogg.svenskakyrkan.se\/akebonnier\/wp-json\/wp\/v2\/categories?post=533"},{"taxonomy":"post_tag","embeddable":true,"href":"https:\/\/blogg.svenskakyrkan.se\/akebonnier\/wp-json\/wp\/v2\/tags?post=533"}],"curies":[{"name":"wp","href":"https:\/\/api.w.org\/{rel}","templated":true}]}}