{"id":536,"date":"2011-06-16T21:31:00","date_gmt":"2011-06-16T21:31:00","guid":{"rendered":"http:\/\/blogg.svenskakyrkan.se\/akebonnier\/2011\/06\/16\/du-far-smor-ovanfor-eller\/"},"modified":"2011-06-16T21:31:00","modified_gmt":"2011-06-16T21:31:00","slug":"du-far-smor-ovanfor-eller","status":"publish","type":"post","link":"https:\/\/blogg.svenskakyrkan.se\/akebonnier\/2011\/06\/16\/du-far-smor-ovanfor-eller\/","title":{"rendered":"&quot;Du f\u00e5r sm\u00f6r ovanf\u00f6r&quot; eller..?"},"content":{"rendered":"<p>Evigt liv &#8211; egentligen \u00e4r det just vad kristen tro syftar till. Och s\u00e5 k\u00e4bblar vi inom och mellan trossamfunden om olika tolkningar, om olika traditioner. Katolikerna har hela sanningen! Nej, Svenska kyrkan har sanningen! Nej, Pingstv\u00e4nnerna har sanningen! Nej den nya kyrkan som just har bildats (den \u00e4nnu namnl\u00f6sa) har hela sanningen. Tro som jag g\u00f6r! Tro som vi g\u00f6r! Tro som de g\u00f6r! Men egentligen borde vi st\u00f6tta varandra i att h\u00f6ja blicken &#8211; blicken bortom och ovanf\u00f6r k\u00e4bblet och se att vad kristen tro handlar om inte \u00e4r vem som har r\u00e4tt, vem som \u00e4r mest &#8221;klassisk&#8221; i sin kristna tro. Kristen tro handlar om evigt liv och om m\u00f6jligheten till detta.<\/p>\n<p>Men vad \u00e4r d\u00e5 evigt liv. Den kristna traditionen har m\u00e5ngen g\u00e5ng fokuserat p\u00e5 livet bortom d\u00f6den &#8211; att det \u00e4r det eviga livet. En stad ovan molnen d\u00e4r rosor aldrig d\u00f6r, en gyllne morgon. Och visst, tanken p\u00e5 en forts\u00e4ttning k\u00e4nns trevlig. Men vi f\u00e5r inte fastna i den tanken. Vi vet s\u00e5 lite om livet bortom livet. Det f\u00e5r vi \u00f6verl\u00e4mna till Gud. <\/p>\n<p>Det eviga livet \u00e4r snarare h\u00e4r och nu &#8211; en Gudsrelation h\u00e4r och nu. Kristen tro handlar d\u00e5 om att leva sitt liv i de tre grundrelationerna; till Gud, till medm\u00e4nniskan och till oss sj\u00e4lva. Fr\u00e4mst handlar det eviga livet om relationen till Gud, en relation som b\u00f6rjar i detta livet, f\u00e5r levas i detta livet och som sedan forts\u00e4tter l\u00e5ngt bortom spr\u00e5kets m\u00f6jligheter. <\/p>\n<p>Vad har Jesus med det eviga livet att g\u00f6ra? F\u00f6r oss kristna \u00e4r Han det eviga livet inkarnerat, f\u00f6rkroppsligat. Han visar oss vad det \u00e4r att leva i den grundl\u00e4ggande gudsrelationen och vilka konsekvenser den relationen f\u00e5r. <\/p>\n<p>I en v\u00e4rld d\u00e4r s\u00e5 ofattbart m\u00e5nga barn d\u00f6r varje dag, d\u00e4r s\u00e5 ofattbart m\u00e5nga skadas i krig, d\u00e4r s\u00e5 ofattbart m\u00e5nga inte kan dricka ett glas rent vatten, d\u00e4r s\u00e5 ofattbart m\u00e5nga lever i f\u00f6rtorkat land, d\u00e4r har vi inte r\u00e5d med v\u00e5rt kristna k\u00e4bbel om vem som tror mest och b\u00e4st. Vi m\u00e5ste leva tron, \u00e4lska Gud \u00f6ver allting, \u00e4lska v\u00e5r n\u00e4sta och \u00e4lska oss sj\u00e4lva. Jo, vi f\u00e5r faktiskt g\u00f6ra ocks\u00e5 det sistn\u00e4mnda. Med fokus p\u00e5 Gud f\u00e5r vi leva det eviga livet h\u00e4r och nu, i den vardag som \u00e4r din respektive min. <\/p>\n<p>Kanske \u00e4r det s\u00e5 att vi f\u00e5r sm\u00f6r ovanf\u00f6r n\u00e4r vi d\u00f6r, d v s att vi kommer till n\u00e5got helt ofattbart och outtalbart men makal\u00f6st?! Vi vet inget om det. L\u00e5t oss vila i Gudstillit h\u00e4r och nu. Gud \u00e4r generositetens Gud. Det vittnar hela skapelsen om &#8211; en skapelse i regnb\u00e5gens alla f\u00e4rger. Synd bara att vi kristna inte alltid \u00e4r lika gener\u00f6sa. Ja, just det. Det \u00e4r synd!<\/p>\n<p>P\u00e5 Midsommardagen predikar jag i Storkyrkan. Den dagen handlar evangelietexten om br\u00f6dundret &#8211; en eruptiv generositet som inte ser n\u00e5gra gr\u00e4nser. Det \u00e4r underbart! Pris ske Gud!<\/p>\n<div class=\"blogger-post-footer\"><img width='1' height='1' src='https:\/\/blogger.googleusercontent.com\/tracker\/9055441369901436026-1836080418259751555?l=akebonnier.blogspot.com' alt='' \/><\/div>\n","protected":false},"excerpt":{"rendered":"<p>Evigt liv &#8211; egentligen \u00e4r det just vad kristen tro syftar till. Och s\u00e5 k\u00e4bblar vi inom och mellan trossamfunden om olika tolkningar, om olika traditioner. Katolikerna har hela sanningen! Nej, Svenska kyrkan har sanningen! Nej, Pingstv\u00e4nnerna har sanningen! Nej den nya kyrkan som just har bildats (den \u00e4nnu namnl\u00f6sa) har hela sanningen. Tro som [&hellip;]<\/p>\n","protected":false},"author":108,"featured_media":0,"comment_status":"open","ping_status":"open","sticky":false,"template":"","format":"standard","meta":{"_acf_changed":false,"footnotes":""},"categories":[16490],"tags":[],"class_list":["post-536","post","type-post","status-publish","format-standard","hentry","category-du-far-smor-ovanfor-eller"],"acf":[],"yoast_head":"<!-- This site is optimized with the Yoast SEO plugin v27.1.1 - https:\/\/yoast.com\/product\/yoast-seo-wordpress\/ -->\n<title>&quot;Du f\u00e5r sm\u00f6r ovanf\u00f6r&quot; eller..? - \u00c5ke Bonnier<\/title>\n<meta name=\"robots\" content=\"index, follow, max-snippet:-1, max-image-preview:large, max-video-preview:-1\" \/>\n<link rel=\"canonical\" href=\"https:\/\/blogg.svenskakyrkan.se\/akebonnier\/2011\/06\/16\/du-far-smor-ovanfor-eller\/\" \/>\n<meta property=\"og:locale\" content=\"sv_SE\" \/>\n<meta property=\"og:type\" content=\"article\" \/>\n<meta property=\"og:title\" content=\"&quot;Du f\u00e5r sm\u00f6r ovanf\u00f6r&quot; eller..? - \u00c5ke Bonnier\" \/>\n<meta property=\"og:description\" content=\"Evigt liv &#8211; egentligen \u00e4r det just vad kristen tro syftar till. Och s\u00e5 k\u00e4bblar vi inom och mellan trossamfunden om olika tolkningar, om olika traditioner. Katolikerna har hela sanningen! Nej, Svenska kyrkan har sanningen! Nej, Pingstv\u00e4nnerna har sanningen! Nej den nya kyrkan som just har bildats (den \u00e4nnu namnl\u00f6sa) har hela sanningen. Tro som [&hellip;]\" \/>\n<meta property=\"og:url\" content=\"https:\/\/blogg.svenskakyrkan.se\/akebonnier\/2011\/06\/16\/du-far-smor-ovanfor-eller\/\" \/>\n<meta property=\"og:site_name\" content=\"\u00c5ke Bonnier\" \/>\n<meta property=\"article:published_time\" content=\"2011-06-16T21:31:00+00:00\" \/>\n<meta property=\"og:image\" content=\"https:\/\/blogger.googleusercontent.com\/tracker\/9055441369901436026-1836080418259751555?l=akebonnier.blogspot.com\" \/>\n<meta name=\"author\" content=\"\u00c5ke Bonnier\" \/>\n<meta name=\"twitter:card\" content=\"summary_large_image\" \/>\n<meta name=\"twitter:label1\" content=\"Skriven av\" \/>\n\t<meta name=\"twitter:data1\" content=\"\u00c5ke Bonnier\" \/>\n\t<meta name=\"twitter:label2\" content=\"Ber\u00e4knad l\u00e4stid\" \/>\n\t<meta name=\"twitter:data2\" content=\"3 minuter\" \/>\n<script type=\"application\/ld+json\" class=\"yoast-schema-graph\">{\"@context\":\"https:\/\/schema.org\",\"@graph\":[{\"@type\":\"Article\",\"@id\":\"https:\/\/blogg.svenskakyrkan.se\/akebonnier\/2011\/06\/16\/du-far-smor-ovanfor-eller\/#article\",\"isPartOf\":{\"@id\":\"https:\/\/blogg.svenskakyrkan.se\/akebonnier\/2011\/06\/16\/du-far-smor-ovanfor-eller\/\"},\"author\":{\"name\":\"\u00c5ke Bonnier\",\"@id\":\"https:\/\/blogg.svenskakyrkan.se\/akebonnier\/#\/schema\/person\/8db68bc0c94f6a5a62df2d4486ff1343\"},\"headline\":\"&quot;Du f\u00e5r sm\u00f6r ovanf\u00f6r&quot; eller..?\",\"datePublished\":\"2011-06-16T21:31:00+00:00\",\"mainEntityOfPage\":{\"@id\":\"https:\/\/blogg.svenskakyrkan.se\/akebonnier\/2011\/06\/16\/du-far-smor-ovanfor-eller\/\"},\"wordCount\":564,\"commentCount\":56,\"image\":{\"@id\":\"https:\/\/blogg.svenskakyrkan.se\/akebonnier\/2011\/06\/16\/du-far-smor-ovanfor-eller\/#primaryimage\"},\"thumbnailUrl\":\"https:\/\/blogger.googleusercontent.com\/tracker\/9055441369901436026-1836080418259751555?l=akebonnier.blogspot.com\",\"articleSection\":[\"\\\"Du f\u00e5r sm\u00f6r ovanf\u00f6r\\\" eller\"],\"inLanguage\":\"sv-SE\",\"potentialAction\":[{\"@type\":\"CommentAction\",\"name\":\"Comment\",\"target\":[\"https:\/\/blogg.svenskakyrkan.se\/akebonnier\/2011\/06\/16\/du-far-smor-ovanfor-eller\/#respond\"]}]},{\"@type\":\"WebPage\",\"@id\":\"https:\/\/blogg.svenskakyrkan.se\/akebonnier\/2011\/06\/16\/du-far-smor-ovanfor-eller\/\",\"url\":\"https:\/\/blogg.svenskakyrkan.se\/akebonnier\/2011\/06\/16\/du-far-smor-ovanfor-eller\/\",\"name\":\"&quot;Du f\u00e5r sm\u00f6r ovanf\u00f6r&quot; eller..? - \u00c5ke Bonnier\",\"isPartOf\":{\"@id\":\"https:\/\/blogg.svenskakyrkan.se\/akebonnier\/#website\"},\"primaryImageOfPage\":{\"@id\":\"https:\/\/blogg.svenskakyrkan.se\/akebonnier\/2011\/06\/16\/du-far-smor-ovanfor-eller\/#primaryimage\"},\"image\":{\"@id\":\"https:\/\/blogg.svenskakyrkan.se\/akebonnier\/2011\/06\/16\/du-far-smor-ovanfor-eller\/#primaryimage\"},\"thumbnailUrl\":\"https:\/\/blogger.googleusercontent.com\/tracker\/9055441369901436026-1836080418259751555?l=akebonnier.blogspot.com\",\"datePublished\":\"2011-06-16T21:31:00+00:00\",\"author\":{\"@id\":\"https:\/\/blogg.svenskakyrkan.se\/akebonnier\/#\/schema\/person\/8db68bc0c94f6a5a62df2d4486ff1343\"},\"breadcrumb\":{\"@id\":\"https:\/\/blogg.svenskakyrkan.se\/akebonnier\/2011\/06\/16\/du-far-smor-ovanfor-eller\/#breadcrumb\"},\"inLanguage\":\"sv-SE\",\"potentialAction\":[{\"@type\":\"ReadAction\",\"target\":[\"https:\/\/blogg.svenskakyrkan.se\/akebonnier\/2011\/06\/16\/du-far-smor-ovanfor-eller\/\"]}]},{\"@type\":\"ImageObject\",\"inLanguage\":\"sv-SE\",\"@id\":\"https:\/\/blogg.svenskakyrkan.se\/akebonnier\/2011\/06\/16\/du-far-smor-ovanfor-eller\/#primaryimage\",\"url\":\"https:\/\/blogger.googleusercontent.com\/tracker\/9055441369901436026-1836080418259751555?l=akebonnier.blogspot.com\",\"contentUrl\":\"https:\/\/blogger.googleusercontent.com\/tracker\/9055441369901436026-1836080418259751555?l=akebonnier.blogspot.com\"},{\"@type\":\"BreadcrumbList\",\"@id\":\"https:\/\/blogg.svenskakyrkan.se\/akebonnier\/2011\/06\/16\/du-far-smor-ovanfor-eller\/#breadcrumb\",\"itemListElement\":[{\"@type\":\"ListItem\",\"position\":1,\"name\":\"Hem\",\"item\":\"https:\/\/blogg.svenskakyrkan.se\/akebonnier\/\"},{\"@type\":\"ListItem\",\"position\":2,\"name\":\"&quot;Du f\u00e5r sm\u00f6r ovanf\u00f6r&quot; eller..?\"}]},{\"@type\":\"WebSite\",\"@id\":\"https:\/\/blogg.svenskakyrkan.se\/akebonnier\/#website\",\"url\":\"https:\/\/blogg.svenskakyrkan.se\/akebonnier\/\",\"name\":\"\u00c5ke Bonnier\",\"description\":\"Biskop i Svenska kyrkan - Skara stift\",\"potentialAction\":[{\"@type\":\"SearchAction\",\"target\":{\"@type\":\"EntryPoint\",\"urlTemplate\":\"https:\/\/blogg.svenskakyrkan.se\/akebonnier\/?s={search_term_string}\"},\"query-input\":{\"@type\":\"PropertyValueSpecification\",\"valueRequired\":true,\"valueName\":\"search_term_string\"}}],\"inLanguage\":\"sv-SE\"},{\"@type\":\"Person\",\"@id\":\"https:\/\/blogg.svenskakyrkan.se\/akebonnier\/#\/schema\/person\/8db68bc0c94f6a5a62df2d4486ff1343\",\"name\":\"\u00c5ke Bonnier\",\"image\":{\"@type\":\"ImageObject\",\"inLanguage\":\"sv-SE\",\"@id\":\"https:\/\/blogg.svenskakyrkan.se\/akebonnier\/#\/schema\/person\/image\/\",\"url\":\"https:\/\/secure.gravatar.com\/avatar\/b88264736bb0bc0d1ea92298aef02c9f98cfc13c7484130c42c663ae484f9462?s=96&d=mm&r=g\",\"contentUrl\":\"https:\/\/secure.gravatar.com\/avatar\/b88264736bb0bc0d1ea92298aef02c9f98cfc13c7484130c42c663ae484f9462?s=96&d=mm&r=g\",\"caption\":\"\u00c5ke Bonnier\"},\"description\":\"Jag \u00e4r gift och har tv\u00e5 vuxna d\u00f6ttrar. Pr\u00e4stvigdes 1984 och biskopsvigs 26 augusti 2012 . Jag har tidigare bland annat varit, komminister och kyrkoherde i Liding\u00f6 f\u00f6rsamling och domprost i Stockholms domkyrkof\u00f6rsamling. Jag \u00e4r intresserad av konst, litteratur, teater, film. Jag tr\u00e4nar regelbundet p\u00e5 gym. Mitt huvudsakliga musikintresse \u00e4r klassisk musik men ocks\u00e5 Beatles, Elvis Presley, Monika Zettelund, Povel Ramel och m\u00e5nga andra tycker jag om att lyssna p\u00e5. Jag l\u00e4ser f\u00f6r lite sk\u00f6nlitteratur beroende p\u00e5 annat som jag m\u00e5ste l\u00e4sa i mitt uppdrag som biskop. Men jag \u00e4lskar b\u00f6cker. Naturligtvis l\u00e4ser jag n\u00e4st intill dagligdags i \\\"B\u00f6ckernas Bok.\\\"\",\"sameAs\":[\"http:\/\/www.skarastift.se\"],\"url\":\"https:\/\/blogg.svenskakyrkan.se\/akebonnier\/author\/akebonnier\/\"}]}<\/script>\n<!-- \/ Yoast SEO plugin. -->","yoast_head_json":{"title":"&quot;Du f\u00e5r sm\u00f6r ovanf\u00f6r&quot; eller..? - \u00c5ke Bonnier","robots":{"index":"index","follow":"follow","max-snippet":"max-snippet:-1","max-image-preview":"max-image-preview:large","max-video-preview":"max-video-preview:-1"},"canonical":"https:\/\/blogg.svenskakyrkan.se\/akebonnier\/2011\/06\/16\/du-far-smor-ovanfor-eller\/","og_locale":"sv_SE","og_type":"article","og_title":"&quot;Du f\u00e5r sm\u00f6r ovanf\u00f6r&quot; eller..? - \u00c5ke Bonnier","og_description":"Evigt liv &#8211; egentligen \u00e4r det just vad kristen tro syftar till. Och s\u00e5 k\u00e4bblar vi inom och mellan trossamfunden om olika tolkningar, om olika traditioner. Katolikerna har hela sanningen! Nej, Svenska kyrkan har sanningen! Nej, Pingstv\u00e4nnerna har sanningen! Nej den nya kyrkan som just har bildats (den \u00e4nnu namnl\u00f6sa) har hela sanningen. Tro som [&hellip;]","og_url":"https:\/\/blogg.svenskakyrkan.se\/akebonnier\/2011\/06\/16\/du-far-smor-ovanfor-eller\/","og_site_name":"\u00c5ke Bonnier","article_published_time":"2011-06-16T21:31:00+00:00","og_image":[{"url":"https:\/\/blogger.googleusercontent.com\/tracker\/9055441369901436026-1836080418259751555?l=akebonnier.blogspot.com","type":"","width":"","height":""}],"author":"\u00c5ke Bonnier","twitter_card":"summary_large_image","twitter_misc":{"Skriven av":"\u00c5ke Bonnier","Ber\u00e4knad l\u00e4stid":"3 minuter"},"schema":{"@context":"https:\/\/schema.org","@graph":[{"@type":"Article","@id":"https:\/\/blogg.svenskakyrkan.se\/akebonnier\/2011\/06\/16\/du-far-smor-ovanfor-eller\/#article","isPartOf":{"@id":"https:\/\/blogg.svenskakyrkan.se\/akebonnier\/2011\/06\/16\/du-far-smor-ovanfor-eller\/"},"author":{"name":"\u00c5ke Bonnier","@id":"https:\/\/blogg.svenskakyrkan.se\/akebonnier\/#\/schema\/person\/8db68bc0c94f6a5a62df2d4486ff1343"},"headline":"&quot;Du f\u00e5r sm\u00f6r ovanf\u00f6r&quot; eller..?","datePublished":"2011-06-16T21:31:00+00:00","mainEntityOfPage":{"@id":"https:\/\/blogg.svenskakyrkan.se\/akebonnier\/2011\/06\/16\/du-far-smor-ovanfor-eller\/"},"wordCount":564,"commentCount":56,"image":{"@id":"https:\/\/blogg.svenskakyrkan.se\/akebonnier\/2011\/06\/16\/du-far-smor-ovanfor-eller\/#primaryimage"},"thumbnailUrl":"https:\/\/blogger.googleusercontent.com\/tracker\/9055441369901436026-1836080418259751555?l=akebonnier.blogspot.com","articleSection":["\"Du f\u00e5r sm\u00f6r ovanf\u00f6r\" eller"],"inLanguage":"sv-SE","potentialAction":[{"@type":"CommentAction","name":"Comment","target":["https:\/\/blogg.svenskakyrkan.se\/akebonnier\/2011\/06\/16\/du-far-smor-ovanfor-eller\/#respond"]}]},{"@type":"WebPage","@id":"https:\/\/blogg.svenskakyrkan.se\/akebonnier\/2011\/06\/16\/du-far-smor-ovanfor-eller\/","url":"https:\/\/blogg.svenskakyrkan.se\/akebonnier\/2011\/06\/16\/du-far-smor-ovanfor-eller\/","name":"&quot;Du f\u00e5r sm\u00f6r ovanf\u00f6r&quot; eller..? - \u00c5ke Bonnier","isPartOf":{"@id":"https:\/\/blogg.svenskakyrkan.se\/akebonnier\/#website"},"primaryImageOfPage":{"@id":"https:\/\/blogg.svenskakyrkan.se\/akebonnier\/2011\/06\/16\/du-far-smor-ovanfor-eller\/#primaryimage"},"image":{"@id":"https:\/\/blogg.svenskakyrkan.se\/akebonnier\/2011\/06\/16\/du-far-smor-ovanfor-eller\/#primaryimage"},"thumbnailUrl":"https:\/\/blogger.googleusercontent.com\/tracker\/9055441369901436026-1836080418259751555?l=akebonnier.blogspot.com","datePublished":"2011-06-16T21:31:00+00:00","author":{"@id":"https:\/\/blogg.svenskakyrkan.se\/akebonnier\/#\/schema\/person\/8db68bc0c94f6a5a62df2d4486ff1343"},"breadcrumb":{"@id":"https:\/\/blogg.svenskakyrkan.se\/akebonnier\/2011\/06\/16\/du-far-smor-ovanfor-eller\/#breadcrumb"},"inLanguage":"sv-SE","potentialAction":[{"@type":"ReadAction","target":["https:\/\/blogg.svenskakyrkan.se\/akebonnier\/2011\/06\/16\/du-far-smor-ovanfor-eller\/"]}]},{"@type":"ImageObject","inLanguage":"sv-SE","@id":"https:\/\/blogg.svenskakyrkan.se\/akebonnier\/2011\/06\/16\/du-far-smor-ovanfor-eller\/#primaryimage","url":"https:\/\/blogger.googleusercontent.com\/tracker\/9055441369901436026-1836080418259751555?l=akebonnier.blogspot.com","contentUrl":"https:\/\/blogger.googleusercontent.com\/tracker\/9055441369901436026-1836080418259751555?l=akebonnier.blogspot.com"},{"@type":"BreadcrumbList","@id":"https:\/\/blogg.svenskakyrkan.se\/akebonnier\/2011\/06\/16\/du-far-smor-ovanfor-eller\/#breadcrumb","itemListElement":[{"@type":"ListItem","position":1,"name":"Hem","item":"https:\/\/blogg.svenskakyrkan.se\/akebonnier\/"},{"@type":"ListItem","position":2,"name":"&quot;Du f\u00e5r sm\u00f6r ovanf\u00f6r&quot; eller..?"}]},{"@type":"WebSite","@id":"https:\/\/blogg.svenskakyrkan.se\/akebonnier\/#website","url":"https:\/\/blogg.svenskakyrkan.se\/akebonnier\/","name":"\u00c5ke Bonnier","description":"Biskop i Svenska kyrkan - Skara stift","potentialAction":[{"@type":"SearchAction","target":{"@type":"EntryPoint","urlTemplate":"https:\/\/blogg.svenskakyrkan.se\/akebonnier\/?s={search_term_string}"},"query-input":{"@type":"PropertyValueSpecification","valueRequired":true,"valueName":"search_term_string"}}],"inLanguage":"sv-SE"},{"@type":"Person","@id":"https:\/\/blogg.svenskakyrkan.se\/akebonnier\/#\/schema\/person\/8db68bc0c94f6a5a62df2d4486ff1343","name":"\u00c5ke Bonnier","image":{"@type":"ImageObject","inLanguage":"sv-SE","@id":"https:\/\/blogg.svenskakyrkan.se\/akebonnier\/#\/schema\/person\/image\/","url":"https:\/\/secure.gravatar.com\/avatar\/b88264736bb0bc0d1ea92298aef02c9f98cfc13c7484130c42c663ae484f9462?s=96&d=mm&r=g","contentUrl":"https:\/\/secure.gravatar.com\/avatar\/b88264736bb0bc0d1ea92298aef02c9f98cfc13c7484130c42c663ae484f9462?s=96&d=mm&r=g","caption":"\u00c5ke Bonnier"},"description":"Jag \u00e4r gift och har tv\u00e5 vuxna d\u00f6ttrar. Pr\u00e4stvigdes 1984 och biskopsvigs 26 augusti 2012 . Jag har tidigare bland annat varit, komminister och kyrkoherde i Liding\u00f6 f\u00f6rsamling och domprost i Stockholms domkyrkof\u00f6rsamling. Jag \u00e4r intresserad av konst, litteratur, teater, film. Jag tr\u00e4nar regelbundet p\u00e5 gym. Mitt huvudsakliga musikintresse \u00e4r klassisk musik men ocks\u00e5 Beatles, Elvis Presley, Monika Zettelund, Povel Ramel och m\u00e5nga andra tycker jag om att lyssna p\u00e5. Jag l\u00e4ser f\u00f6r lite sk\u00f6nlitteratur beroende p\u00e5 annat som jag m\u00e5ste l\u00e4sa i mitt uppdrag som biskop. Men jag \u00e4lskar b\u00f6cker. Naturligtvis l\u00e4ser jag n\u00e4st intill dagligdags i \"B\u00f6ckernas Bok.\"","sameAs":["http:\/\/www.skarastift.se"],"url":"https:\/\/blogg.svenskakyrkan.se\/akebonnier\/author\/akebonnier\/"}]}},"author_meta":{"ID":"108","user_nicename":"akebonnier","user_url":"http:\/\/www.skarastift.se","user_registered":"2011-10-11 09:24:48","display_name":"\u00c5ke Bonnier","first_name":"\u00c5ke","last_name":"Bonnier","avatar":"https:\/\/secure.gravatar.com\/avatar\/b88264736bb0bc0d1ea92298aef02c9f98cfc13c7484130c42c663ae484f9462?s=96&d=mm&r=g"},"featured_image":false,"bloginfo":{"name":"\u00c5ke Bonnier","url":"https:\/\/blogg.svenskakyrkan.se\/akebonnier"},"_links":{"self":[{"href":"https:\/\/blogg.svenskakyrkan.se\/akebonnier\/wp-json\/wp\/v2\/posts\/536","targetHints":{"allow":["GET"]}}],"collection":[{"href":"https:\/\/blogg.svenskakyrkan.se\/akebonnier\/wp-json\/wp\/v2\/posts"}],"about":[{"href":"https:\/\/blogg.svenskakyrkan.se\/akebonnier\/wp-json\/wp\/v2\/types\/post"}],"author":[{"embeddable":true,"href":"https:\/\/blogg.svenskakyrkan.se\/akebonnier\/wp-json\/wp\/v2\/users\/108"}],"replies":[{"embeddable":true,"href":"https:\/\/blogg.svenskakyrkan.se\/akebonnier\/wp-json\/wp\/v2\/comments?post=536"}],"version-history":[{"count":0,"href":"https:\/\/blogg.svenskakyrkan.se\/akebonnier\/wp-json\/wp\/v2\/posts\/536\/revisions"}],"wp:attachment":[{"href":"https:\/\/blogg.svenskakyrkan.se\/akebonnier\/wp-json\/wp\/v2\/media?parent=536"}],"wp:term":[{"taxonomy":"category","embeddable":true,"href":"https:\/\/blogg.svenskakyrkan.se\/akebonnier\/wp-json\/wp\/v2\/categories?post=536"},{"taxonomy":"post_tag","embeddable":true,"href":"https:\/\/blogg.svenskakyrkan.se\/akebonnier\/wp-json\/wp\/v2\/tags?post=536"}],"curies":[{"name":"wp","href":"https:\/\/api.w.org\/{rel}","templated":true}]}}