{"id":537,"date":"2011-06-24T07:37:00","date_gmt":"2011-06-24T07:37:00","guid":{"rendered":"http:\/\/blogg.svenskakyrkan.se\/akebonnier\/2011\/06\/24\/ska-du-ga-i-kyrkan-pa-sondag\/"},"modified":"2011-06-24T07:37:00","modified_gmt":"2011-06-24T07:37:00","slug":"ska-du-ga-i-kyrkan-pa-sondag","status":"publish","type":"post","link":"https:\/\/blogg.svenskakyrkan.se\/akebonnier\/2011\/06\/24\/ska-du-ga-i-kyrkan-pa-sondag\/","title":{"rendered":"Ska Du g\u00e5 i kyrkan p\u00e5 s\u00f6ndag?"},"content":{"rendered":"<p>Om man skulle fr\u00e5ga en vanlig svensk denna fr\u00e5ga kanske svaret skulle bli: &#8221;Tror inte det! Varf\u00f6r fr\u00e5gar Du?&#8221; Om samma fr\u00e5ga st\u00e4llts till n\u00e5gon i USA kanske svaret skulle bli: &#8221;Sj\u00e4lvklart! Det g\u00f6r de flesta h\u00e4r.&#8221; I Sverige \u00e4r det inte s\u00e4rskilt m\u00e5nga som g\u00e5r i kyrkan en vanlig s\u00f6ndag. \u00c4ven om enstaka kyrkor drar m\u00e5nga gudstj\u00e4nstfirare \u00e4r \u00e4nd\u00e5 statistiken v\u00e4ldigt l\u00e5g. Sverige med dess m\u00e5nga kyrkor \u00e4r ett av v\u00e4rldens mest sekulariserade l\u00e4nder. Konsumismen \u00e4r kanske den st\u00f6rsta livs\u00e5sk\u00e5dningen. Och samtidigt: M\u00e5nga tillh\u00f6r Svenska kyrkan. Ibland kan &#8221;de fromme&#8221; h\u00e4ckla det stora medlemstalet d\u00e4rf\u00f6r att s\u00e5 f\u00e5 bek\u00e4nner sig som kristna. Nu har en ny statistisk unders\u00f6kning visat att v\u00e4ldigt f\u00e5 delar Svenska kyrkans grundl\u00e4ggande tro. Fotfarande tillh\u00f6r ca 6 miljoner m\u00e4nniskor v\u00e5r kyrka. Sj\u00e4lv tycker jag att det \u00e4r fantastiskt! N\u00e4r sedan statistiska under s\u00f6kningar g\u00f6rs blir fr\u00e5gor ganska trubbiga. Tror Du p\u00e5 Gud? Men vad inneb\u00e4r Gud? \u00c4r det en gubbe p\u00e5 ett moln som skapade v\u00e4rlden p\u00e5 sju dagar? Handlar det om Adam och Eva, om Babels torn? Nej jag tror inte p\u00e5 Gud. Inte om det handlar om att bokstavligen tro p\u00e5 det som Bibeln ber\u00e4ttar om i de 11 f\u00f6rsta kapitlen. <\/p>\n<p>Statistiska unders\u00f6kningar \u00e4r viktiga, men trubbiga n\u00e4r det g\u00e4ller m\u00e4nniskors tro och engagemang. F\u00e5 g\u00e5r i kyrkan utom vid speciella tillf\u00e4llen. Det \u00e4r en utmaning. En h\u00f6gm\u00e4ssa borde vara av den karakt\u00e4ren att de som kommer dit s\u00e4ger: &#8221;Hit vill jag komma tillbaka!&#8221; Det \u00e4r en utmaning f\u00f6r oss predikanter, f\u00f6r musiker och alla andra involverade.<\/p>\n<p>Nu \u00e4r det midsommar och dessutom \u00e4r det i skrivande stund sol d\u00e4r jag befinner mig. M\u00e5nga ser den underbara naturen som sin kyrka. Jo, visst kan man s\u00e4ga med Carl von Linn\u00e9 att man i naturen ser Gud p\u00e5 ryggen. Sj\u00e4lv ska jag fira h\u00f6gm\u00e4ssa i Storkyrkan i morgon och f\u00e5 sjunga de underbara sommarpsalmerna. Det r\u00e4cker inte f\u00f6r mig att &#8221;se Gud p\u00e5 ryggen&#8221;. Jag m\u00e5ste f\u00e5 ana Guds ansikte i Jesus Kristus, f\u00f6rdjupa mig i Guds Ord och ana Kristi faktiska n\u00e4rvaro i br\u00f6dets och vinets mysterium. Det \u00e4r stort! S\u00e5 \u00e4ven om det inte \u00e4r s\u00f6ndag p\u00e5 midsommardagen ska jag g\u00e5 i kyrkan &#8211; med gl\u00e4dje! Ska Du?<\/p>\n<p>Glad midsommar!<\/p>\n<div class=\"blogger-post-footer\"><img width='1' height='1' src='https:\/\/blogger.googleusercontent.com\/tracker\/9055441369901436026-6516658365818926060?l=akebonnier.blogspot.com' alt='' \/><\/div>\n","protected":false},"excerpt":{"rendered":"<p>Om man skulle fr\u00e5ga en vanlig svensk denna fr\u00e5ga kanske svaret skulle bli: &#8221;Tror inte det! Varf\u00f6r fr\u00e5gar Du?&#8221; Om samma fr\u00e5ga st\u00e4llts till n\u00e5gon i USA kanske svaret skulle bli: &#8221;Sj\u00e4lvklart! Det g\u00f6r de flesta h\u00e4r.&#8221; I Sverige \u00e4r det inte s\u00e4rskilt m\u00e5nga som g\u00e5r i kyrkan en vanlig s\u00f6ndag. \u00c4ven om enstaka kyrkor [&hellip;]<\/p>\n","protected":false},"author":108,"featured_media":0,"comment_status":"open","ping_status":"open","sticky":false,"template":"","format":"standard","meta":{"_acf_changed":false,"footnotes":""},"categories":[16491],"tags":[],"class_list":["post-537","post","type-post","status-publish","format-standard","hentry","category-ska-du-ga-i-kyrkan-pa-sondag"],"acf":[],"yoast_head":"<!-- This site is optimized with the Yoast SEO plugin v27.1.1 - https:\/\/yoast.com\/product\/yoast-seo-wordpress\/ -->\n<title>Ska Du g\u00e5 i kyrkan p\u00e5 s\u00f6ndag? - \u00c5ke Bonnier<\/title>\n<meta name=\"robots\" content=\"index, follow, max-snippet:-1, max-image-preview:large, max-video-preview:-1\" \/>\n<link rel=\"canonical\" href=\"https:\/\/blogg.svenskakyrkan.se\/akebonnier\/2011\/06\/24\/ska-du-ga-i-kyrkan-pa-sondag\/\" \/>\n<meta property=\"og:locale\" content=\"sv_SE\" \/>\n<meta property=\"og:type\" content=\"article\" \/>\n<meta property=\"og:title\" content=\"Ska Du g\u00e5 i kyrkan p\u00e5 s\u00f6ndag? - \u00c5ke Bonnier\" \/>\n<meta property=\"og:description\" content=\"Om man skulle fr\u00e5ga en vanlig svensk denna fr\u00e5ga kanske svaret skulle bli: &#8221;Tror inte det! Varf\u00f6r fr\u00e5gar Du?&#8221; Om samma fr\u00e5ga st\u00e4llts till n\u00e5gon i USA kanske svaret skulle bli: &#8221;Sj\u00e4lvklart! Det g\u00f6r de flesta h\u00e4r.&#8221; I Sverige \u00e4r det inte s\u00e4rskilt m\u00e5nga som g\u00e5r i kyrkan en vanlig s\u00f6ndag. \u00c4ven om enstaka kyrkor [&hellip;]\" \/>\n<meta property=\"og:url\" content=\"https:\/\/blogg.svenskakyrkan.se\/akebonnier\/2011\/06\/24\/ska-du-ga-i-kyrkan-pa-sondag\/\" \/>\n<meta property=\"og:site_name\" content=\"\u00c5ke Bonnier\" \/>\n<meta property=\"article:published_time\" content=\"2011-06-24T07:37:00+00:00\" \/>\n<meta property=\"og:image\" content=\"https:\/\/blogger.googleusercontent.com\/tracker\/9055441369901436026-6516658365818926060?l=akebonnier.blogspot.com\" \/>\n<meta name=\"author\" content=\"\u00c5ke Bonnier\" \/>\n<meta name=\"twitter:card\" content=\"summary_large_image\" \/>\n<meta name=\"twitter:label1\" content=\"Skriven av\" \/>\n\t<meta name=\"twitter:data1\" content=\"\u00c5ke Bonnier\" \/>\n\t<meta name=\"twitter:label2\" content=\"Ber\u00e4knad l\u00e4stid\" \/>\n\t<meta name=\"twitter:data2\" content=\"2 minuter\" \/>\n<script type=\"application\/ld+json\" class=\"yoast-schema-graph\">{\"@context\":\"https:\/\/schema.org\",\"@graph\":[{\"@type\":\"Article\",\"@id\":\"https:\/\/blogg.svenskakyrkan.se\/akebonnier\/2011\/06\/24\/ska-du-ga-i-kyrkan-pa-sondag\/#article\",\"isPartOf\":{\"@id\":\"https:\/\/blogg.svenskakyrkan.se\/akebonnier\/2011\/06\/24\/ska-du-ga-i-kyrkan-pa-sondag\/\"},\"author\":{\"name\":\"\u00c5ke Bonnier\",\"@id\":\"https:\/\/blogg.svenskakyrkan.se\/akebonnier\/#\/schema\/person\/8db68bc0c94f6a5a62df2d4486ff1343\"},\"headline\":\"Ska Du g\u00e5 i kyrkan p\u00e5 s\u00f6ndag?\",\"datePublished\":\"2011-06-24T07:37:00+00:00\",\"mainEntityOfPage\":{\"@id\":\"https:\/\/blogg.svenskakyrkan.se\/akebonnier\/2011\/06\/24\/ska-du-ga-i-kyrkan-pa-sondag\/\"},\"wordCount\":445,\"commentCount\":20,\"image\":{\"@id\":\"https:\/\/blogg.svenskakyrkan.se\/akebonnier\/2011\/06\/24\/ska-du-ga-i-kyrkan-pa-sondag\/#primaryimage\"},\"thumbnailUrl\":\"https:\/\/blogger.googleusercontent.com\/tracker\/9055441369901436026-6516658365818926060?l=akebonnier.blogspot.com\",\"articleSection\":[\"Ska Du g\u00e5 i kyrkan p\u00e5 s\u00f6ndag\"],\"inLanguage\":\"sv-SE\",\"potentialAction\":[{\"@type\":\"CommentAction\",\"name\":\"Comment\",\"target\":[\"https:\/\/blogg.svenskakyrkan.se\/akebonnier\/2011\/06\/24\/ska-du-ga-i-kyrkan-pa-sondag\/#respond\"]}]},{\"@type\":\"WebPage\",\"@id\":\"https:\/\/blogg.svenskakyrkan.se\/akebonnier\/2011\/06\/24\/ska-du-ga-i-kyrkan-pa-sondag\/\",\"url\":\"https:\/\/blogg.svenskakyrkan.se\/akebonnier\/2011\/06\/24\/ska-du-ga-i-kyrkan-pa-sondag\/\",\"name\":\"Ska Du g\u00e5 i kyrkan p\u00e5 s\u00f6ndag? - \u00c5ke Bonnier\",\"isPartOf\":{\"@id\":\"https:\/\/blogg.svenskakyrkan.se\/akebonnier\/#website\"},\"primaryImageOfPage\":{\"@id\":\"https:\/\/blogg.svenskakyrkan.se\/akebonnier\/2011\/06\/24\/ska-du-ga-i-kyrkan-pa-sondag\/#primaryimage\"},\"image\":{\"@id\":\"https:\/\/blogg.svenskakyrkan.se\/akebonnier\/2011\/06\/24\/ska-du-ga-i-kyrkan-pa-sondag\/#primaryimage\"},\"thumbnailUrl\":\"https:\/\/blogger.googleusercontent.com\/tracker\/9055441369901436026-6516658365818926060?l=akebonnier.blogspot.com\",\"datePublished\":\"2011-06-24T07:37:00+00:00\",\"author\":{\"@id\":\"https:\/\/blogg.svenskakyrkan.se\/akebonnier\/#\/schema\/person\/8db68bc0c94f6a5a62df2d4486ff1343\"},\"breadcrumb\":{\"@id\":\"https:\/\/blogg.svenskakyrkan.se\/akebonnier\/2011\/06\/24\/ska-du-ga-i-kyrkan-pa-sondag\/#breadcrumb\"},\"inLanguage\":\"sv-SE\",\"potentialAction\":[{\"@type\":\"ReadAction\",\"target\":[\"https:\/\/blogg.svenskakyrkan.se\/akebonnier\/2011\/06\/24\/ska-du-ga-i-kyrkan-pa-sondag\/\"]}]},{\"@type\":\"ImageObject\",\"inLanguage\":\"sv-SE\",\"@id\":\"https:\/\/blogg.svenskakyrkan.se\/akebonnier\/2011\/06\/24\/ska-du-ga-i-kyrkan-pa-sondag\/#primaryimage\",\"url\":\"https:\/\/blogger.googleusercontent.com\/tracker\/9055441369901436026-6516658365818926060?l=akebonnier.blogspot.com\",\"contentUrl\":\"https:\/\/blogger.googleusercontent.com\/tracker\/9055441369901436026-6516658365818926060?l=akebonnier.blogspot.com\"},{\"@type\":\"BreadcrumbList\",\"@id\":\"https:\/\/blogg.svenskakyrkan.se\/akebonnier\/2011\/06\/24\/ska-du-ga-i-kyrkan-pa-sondag\/#breadcrumb\",\"itemListElement\":[{\"@type\":\"ListItem\",\"position\":1,\"name\":\"Hem\",\"item\":\"https:\/\/blogg.svenskakyrkan.se\/akebonnier\/\"},{\"@type\":\"ListItem\",\"position\":2,\"name\":\"Ska Du g\u00e5 i kyrkan p\u00e5 s\u00f6ndag?\"}]},{\"@type\":\"WebSite\",\"@id\":\"https:\/\/blogg.svenskakyrkan.se\/akebonnier\/#website\",\"url\":\"https:\/\/blogg.svenskakyrkan.se\/akebonnier\/\",\"name\":\"\u00c5ke Bonnier\",\"description\":\"Biskop i Svenska kyrkan - Skara stift\",\"potentialAction\":[{\"@type\":\"SearchAction\",\"target\":{\"@type\":\"EntryPoint\",\"urlTemplate\":\"https:\/\/blogg.svenskakyrkan.se\/akebonnier\/?s={search_term_string}\"},\"query-input\":{\"@type\":\"PropertyValueSpecification\",\"valueRequired\":true,\"valueName\":\"search_term_string\"}}],\"inLanguage\":\"sv-SE\"},{\"@type\":\"Person\",\"@id\":\"https:\/\/blogg.svenskakyrkan.se\/akebonnier\/#\/schema\/person\/8db68bc0c94f6a5a62df2d4486ff1343\",\"name\":\"\u00c5ke Bonnier\",\"image\":{\"@type\":\"ImageObject\",\"inLanguage\":\"sv-SE\",\"@id\":\"https:\/\/blogg.svenskakyrkan.se\/akebonnier\/#\/schema\/person\/image\/\",\"url\":\"https:\/\/secure.gravatar.com\/avatar\/b88264736bb0bc0d1ea92298aef02c9f98cfc13c7484130c42c663ae484f9462?s=96&d=mm&r=g\",\"contentUrl\":\"https:\/\/secure.gravatar.com\/avatar\/b88264736bb0bc0d1ea92298aef02c9f98cfc13c7484130c42c663ae484f9462?s=96&d=mm&r=g\",\"caption\":\"\u00c5ke Bonnier\"},\"description\":\"Jag \u00e4r gift och har tv\u00e5 vuxna d\u00f6ttrar. Pr\u00e4stvigdes 1984 och biskopsvigs 26 augusti 2012 . Jag har tidigare bland annat varit, komminister och kyrkoherde i Liding\u00f6 f\u00f6rsamling och domprost i Stockholms domkyrkof\u00f6rsamling. Jag \u00e4r intresserad av konst, litteratur, teater, film. Jag tr\u00e4nar regelbundet p\u00e5 gym. Mitt huvudsakliga musikintresse \u00e4r klassisk musik men ocks\u00e5 Beatles, Elvis Presley, Monika Zettelund, Povel Ramel och m\u00e5nga andra tycker jag om att lyssna p\u00e5. Jag l\u00e4ser f\u00f6r lite sk\u00f6nlitteratur beroende p\u00e5 annat som jag m\u00e5ste l\u00e4sa i mitt uppdrag som biskop. Men jag \u00e4lskar b\u00f6cker. Naturligtvis l\u00e4ser jag n\u00e4st intill dagligdags i \\\"B\u00f6ckernas Bok.\\\"\",\"sameAs\":[\"http:\/\/www.skarastift.se\"],\"url\":\"https:\/\/blogg.svenskakyrkan.se\/akebonnier\/author\/akebonnier\/\"}]}<\/script>\n<!-- \/ Yoast SEO plugin. -->","yoast_head_json":{"title":"Ska Du g\u00e5 i kyrkan p\u00e5 s\u00f6ndag? - \u00c5ke Bonnier","robots":{"index":"index","follow":"follow","max-snippet":"max-snippet:-1","max-image-preview":"max-image-preview:large","max-video-preview":"max-video-preview:-1"},"canonical":"https:\/\/blogg.svenskakyrkan.se\/akebonnier\/2011\/06\/24\/ska-du-ga-i-kyrkan-pa-sondag\/","og_locale":"sv_SE","og_type":"article","og_title":"Ska Du g\u00e5 i kyrkan p\u00e5 s\u00f6ndag? - \u00c5ke Bonnier","og_description":"Om man skulle fr\u00e5ga en vanlig svensk denna fr\u00e5ga kanske svaret skulle bli: &#8221;Tror inte det! Varf\u00f6r fr\u00e5gar Du?&#8221; Om samma fr\u00e5ga st\u00e4llts till n\u00e5gon i USA kanske svaret skulle bli: &#8221;Sj\u00e4lvklart! Det g\u00f6r de flesta h\u00e4r.&#8221; I Sverige \u00e4r det inte s\u00e4rskilt m\u00e5nga som g\u00e5r i kyrkan en vanlig s\u00f6ndag. \u00c4ven om enstaka kyrkor [&hellip;]","og_url":"https:\/\/blogg.svenskakyrkan.se\/akebonnier\/2011\/06\/24\/ska-du-ga-i-kyrkan-pa-sondag\/","og_site_name":"\u00c5ke Bonnier","article_published_time":"2011-06-24T07:37:00+00:00","og_image":[{"url":"https:\/\/blogger.googleusercontent.com\/tracker\/9055441369901436026-6516658365818926060?l=akebonnier.blogspot.com","type":"","width":"","height":""}],"author":"\u00c5ke Bonnier","twitter_card":"summary_large_image","twitter_misc":{"Skriven av":"\u00c5ke Bonnier","Ber\u00e4knad l\u00e4stid":"2 minuter"},"schema":{"@context":"https:\/\/schema.org","@graph":[{"@type":"Article","@id":"https:\/\/blogg.svenskakyrkan.se\/akebonnier\/2011\/06\/24\/ska-du-ga-i-kyrkan-pa-sondag\/#article","isPartOf":{"@id":"https:\/\/blogg.svenskakyrkan.se\/akebonnier\/2011\/06\/24\/ska-du-ga-i-kyrkan-pa-sondag\/"},"author":{"name":"\u00c5ke Bonnier","@id":"https:\/\/blogg.svenskakyrkan.se\/akebonnier\/#\/schema\/person\/8db68bc0c94f6a5a62df2d4486ff1343"},"headline":"Ska Du g\u00e5 i kyrkan p\u00e5 s\u00f6ndag?","datePublished":"2011-06-24T07:37:00+00:00","mainEntityOfPage":{"@id":"https:\/\/blogg.svenskakyrkan.se\/akebonnier\/2011\/06\/24\/ska-du-ga-i-kyrkan-pa-sondag\/"},"wordCount":445,"commentCount":20,"image":{"@id":"https:\/\/blogg.svenskakyrkan.se\/akebonnier\/2011\/06\/24\/ska-du-ga-i-kyrkan-pa-sondag\/#primaryimage"},"thumbnailUrl":"https:\/\/blogger.googleusercontent.com\/tracker\/9055441369901436026-6516658365818926060?l=akebonnier.blogspot.com","articleSection":["Ska Du g\u00e5 i kyrkan p\u00e5 s\u00f6ndag"],"inLanguage":"sv-SE","potentialAction":[{"@type":"CommentAction","name":"Comment","target":["https:\/\/blogg.svenskakyrkan.se\/akebonnier\/2011\/06\/24\/ska-du-ga-i-kyrkan-pa-sondag\/#respond"]}]},{"@type":"WebPage","@id":"https:\/\/blogg.svenskakyrkan.se\/akebonnier\/2011\/06\/24\/ska-du-ga-i-kyrkan-pa-sondag\/","url":"https:\/\/blogg.svenskakyrkan.se\/akebonnier\/2011\/06\/24\/ska-du-ga-i-kyrkan-pa-sondag\/","name":"Ska Du g\u00e5 i kyrkan p\u00e5 s\u00f6ndag? - \u00c5ke Bonnier","isPartOf":{"@id":"https:\/\/blogg.svenskakyrkan.se\/akebonnier\/#website"},"primaryImageOfPage":{"@id":"https:\/\/blogg.svenskakyrkan.se\/akebonnier\/2011\/06\/24\/ska-du-ga-i-kyrkan-pa-sondag\/#primaryimage"},"image":{"@id":"https:\/\/blogg.svenskakyrkan.se\/akebonnier\/2011\/06\/24\/ska-du-ga-i-kyrkan-pa-sondag\/#primaryimage"},"thumbnailUrl":"https:\/\/blogger.googleusercontent.com\/tracker\/9055441369901436026-6516658365818926060?l=akebonnier.blogspot.com","datePublished":"2011-06-24T07:37:00+00:00","author":{"@id":"https:\/\/blogg.svenskakyrkan.se\/akebonnier\/#\/schema\/person\/8db68bc0c94f6a5a62df2d4486ff1343"},"breadcrumb":{"@id":"https:\/\/blogg.svenskakyrkan.se\/akebonnier\/2011\/06\/24\/ska-du-ga-i-kyrkan-pa-sondag\/#breadcrumb"},"inLanguage":"sv-SE","potentialAction":[{"@type":"ReadAction","target":["https:\/\/blogg.svenskakyrkan.se\/akebonnier\/2011\/06\/24\/ska-du-ga-i-kyrkan-pa-sondag\/"]}]},{"@type":"ImageObject","inLanguage":"sv-SE","@id":"https:\/\/blogg.svenskakyrkan.se\/akebonnier\/2011\/06\/24\/ska-du-ga-i-kyrkan-pa-sondag\/#primaryimage","url":"https:\/\/blogger.googleusercontent.com\/tracker\/9055441369901436026-6516658365818926060?l=akebonnier.blogspot.com","contentUrl":"https:\/\/blogger.googleusercontent.com\/tracker\/9055441369901436026-6516658365818926060?l=akebonnier.blogspot.com"},{"@type":"BreadcrumbList","@id":"https:\/\/blogg.svenskakyrkan.se\/akebonnier\/2011\/06\/24\/ska-du-ga-i-kyrkan-pa-sondag\/#breadcrumb","itemListElement":[{"@type":"ListItem","position":1,"name":"Hem","item":"https:\/\/blogg.svenskakyrkan.se\/akebonnier\/"},{"@type":"ListItem","position":2,"name":"Ska Du g\u00e5 i kyrkan p\u00e5 s\u00f6ndag?"}]},{"@type":"WebSite","@id":"https:\/\/blogg.svenskakyrkan.se\/akebonnier\/#website","url":"https:\/\/blogg.svenskakyrkan.se\/akebonnier\/","name":"\u00c5ke Bonnier","description":"Biskop i Svenska kyrkan - Skara stift","potentialAction":[{"@type":"SearchAction","target":{"@type":"EntryPoint","urlTemplate":"https:\/\/blogg.svenskakyrkan.se\/akebonnier\/?s={search_term_string}"},"query-input":{"@type":"PropertyValueSpecification","valueRequired":true,"valueName":"search_term_string"}}],"inLanguage":"sv-SE"},{"@type":"Person","@id":"https:\/\/blogg.svenskakyrkan.se\/akebonnier\/#\/schema\/person\/8db68bc0c94f6a5a62df2d4486ff1343","name":"\u00c5ke Bonnier","image":{"@type":"ImageObject","inLanguage":"sv-SE","@id":"https:\/\/blogg.svenskakyrkan.se\/akebonnier\/#\/schema\/person\/image\/","url":"https:\/\/secure.gravatar.com\/avatar\/b88264736bb0bc0d1ea92298aef02c9f98cfc13c7484130c42c663ae484f9462?s=96&d=mm&r=g","contentUrl":"https:\/\/secure.gravatar.com\/avatar\/b88264736bb0bc0d1ea92298aef02c9f98cfc13c7484130c42c663ae484f9462?s=96&d=mm&r=g","caption":"\u00c5ke Bonnier"},"description":"Jag \u00e4r gift och har tv\u00e5 vuxna d\u00f6ttrar. Pr\u00e4stvigdes 1984 och biskopsvigs 26 augusti 2012 . Jag har tidigare bland annat varit, komminister och kyrkoherde i Liding\u00f6 f\u00f6rsamling och domprost i Stockholms domkyrkof\u00f6rsamling. Jag \u00e4r intresserad av konst, litteratur, teater, film. Jag tr\u00e4nar regelbundet p\u00e5 gym. Mitt huvudsakliga musikintresse \u00e4r klassisk musik men ocks\u00e5 Beatles, Elvis Presley, Monika Zettelund, Povel Ramel och m\u00e5nga andra tycker jag om att lyssna p\u00e5. Jag l\u00e4ser f\u00f6r lite sk\u00f6nlitteratur beroende p\u00e5 annat som jag m\u00e5ste l\u00e4sa i mitt uppdrag som biskop. Men jag \u00e4lskar b\u00f6cker. Naturligtvis l\u00e4ser jag n\u00e4st intill dagligdags i \"B\u00f6ckernas Bok.\"","sameAs":["http:\/\/www.skarastift.se"],"url":"https:\/\/blogg.svenskakyrkan.se\/akebonnier\/author\/akebonnier\/"}]}},"author_meta":{"ID":"108","user_nicename":"akebonnier","user_url":"http:\/\/www.skarastift.se","user_registered":"2011-10-11 09:24:48","display_name":"\u00c5ke Bonnier","first_name":"\u00c5ke","last_name":"Bonnier","avatar":"https:\/\/secure.gravatar.com\/avatar\/b88264736bb0bc0d1ea92298aef02c9f98cfc13c7484130c42c663ae484f9462?s=96&d=mm&r=g"},"featured_image":false,"bloginfo":{"name":"\u00c5ke Bonnier","url":"https:\/\/blogg.svenskakyrkan.se\/akebonnier"},"_links":{"self":[{"href":"https:\/\/blogg.svenskakyrkan.se\/akebonnier\/wp-json\/wp\/v2\/posts\/537","targetHints":{"allow":["GET"]}}],"collection":[{"href":"https:\/\/blogg.svenskakyrkan.se\/akebonnier\/wp-json\/wp\/v2\/posts"}],"about":[{"href":"https:\/\/blogg.svenskakyrkan.se\/akebonnier\/wp-json\/wp\/v2\/types\/post"}],"author":[{"embeddable":true,"href":"https:\/\/blogg.svenskakyrkan.se\/akebonnier\/wp-json\/wp\/v2\/users\/108"}],"replies":[{"embeddable":true,"href":"https:\/\/blogg.svenskakyrkan.se\/akebonnier\/wp-json\/wp\/v2\/comments?post=537"}],"version-history":[{"count":0,"href":"https:\/\/blogg.svenskakyrkan.se\/akebonnier\/wp-json\/wp\/v2\/posts\/537\/revisions"}],"wp:attachment":[{"href":"https:\/\/blogg.svenskakyrkan.se\/akebonnier\/wp-json\/wp\/v2\/media?parent=537"}],"wp:term":[{"taxonomy":"category","embeddable":true,"href":"https:\/\/blogg.svenskakyrkan.se\/akebonnier\/wp-json\/wp\/v2\/categories?post=537"},{"taxonomy":"post_tag","embeddable":true,"href":"https:\/\/blogg.svenskakyrkan.se\/akebonnier\/wp-json\/wp\/v2\/tags?post=537"}],"curies":[{"name":"wp","href":"https:\/\/api.w.org\/{rel}","templated":true}]}}