{"id":540,"date":"2011-07-13T12:50:00","date_gmt":"2011-07-13T12:50:00","guid":{"rendered":"http:\/\/blogg.svenskakyrkan.se\/akebonnier\/2011\/07\/13\/vem-ar-jude-vem-ar-svensk\/"},"modified":"2011-07-13T12:50:00","modified_gmt":"2011-07-13T12:50:00","slug":"vem-ar-jude-vem-ar-svensk","status":"publish","type":"post","link":"https:\/\/blogg.svenskakyrkan.se\/akebonnier\/2011\/07\/13\/vem-ar-jude-vem-ar-svensk\/","title":{"rendered":"Vem \u00e4r jude? Vem \u00e4r svensk?"},"content":{"rendered":"<p>F\u00f6r n\u00e5gra dagar sedan skrevs det p\u00e5 DN-debatt om detta med att vara svensk, om medborgarskap och vad som kan t\u00e4nkas konstituera svenskhet. I judisk tradition har liknande diskussioner alltid f\u00f6rts men d\u00e5 betr\u00e4ffande vem som \u00e4r jude och vad det judiska inneb\u00e4r. En jude \u00e4r en person som \u00e4r f\u00f6dd av en judisk mor eller som sj\u00e4lv har konverterat. Det r\u00e4cker inte att, som jag, ha en judisk far. Men, s\u00e4ger n\u00e5gon i den judiska traditionen, en jude \u00e4r en om k\u00e4nner sig judisk. <\/p>\n<p>N\u00e4r jag l\u00e4ste artikeln om svenskhet och vilka som \u00e4r svenskar och vad som kan t\u00e4nkas kr\u00e4vas f\u00f6r att f\u00e5 kalla sig svensk kom jag att t\u00e4nka p\u00e5 det judiska p\u00e5st\u00e5endet om att k\u00e4nna sig som en jude. En svensk skulle kunna vara en person som k\u00e4nner sig som en svensk. Sedan f\u00f6rst\u00e5r jag att svenskt medborgarskap i mer formell mening \u00e4r mer komplicerat och d\u00e4r kan man fr\u00e5ga sig vad som beh\u00f6vs. Ska man ha l\u00e4st en del av den klassiska svenska litteraturen? Ska man kunna flytande svenska? R\u00e4cker det med att man bott sju \u00e5r i Sverige? S\u00e4kerligen finns m\u00e5nga olika \u00e5sikter i fr\u00e5gan. Men n\u00e4r jag skriver detta blogginl\u00e4gg vill jag, \u00e5ter igen, sl\u00e5 ett slag f\u00f6r en gener\u00f6s och v\u00e4lkomnande syn p\u00e5 invandrare och flyktingar. Vi har r\u00e5d att vara gener\u00f6sa g\u00e4llande v\u00e5r flyktingkvot! Vi har r\u00e5d att ge amnesti \u00e5t alla i landet befintliga flyktingar som inte beg\u00e5tt ett annat lagbrott \u00e4n att g\u00f6mma sig i r\u00e4dsla f\u00f6r verkst\u00e4llande av flyktingutl\u00e4mning. Vi har r\u00e5d att ha en gener\u00f6s syn p\u00e5 vad svenskhet \u00e4r. I DN skrev debatt\u00f6ren att alla kanske inte gillar sill och nubbe. Nej, och idag \u00e4r den svenska matkultren en multikulturell mattradition. Pizza, kebab,spagetti, hamburgare, m m, m m. Ocks\u00e5 det s k &#8217;fink\u00f6ket&#8217; best\u00e5r av mat fr\u00e5n andra l\u00e4nder. Och \u00e4nd\u00e5 har i kvar k\u00f6ttbullar, rotmos, lax och annat svenskt och nordiskt. <\/p>\n<p>Sverige borde vara ett land som pr\u00e4glas av det m\u00e5ngkulturella d\u00e4r oks\u00e5 gamla svenska traditioner ryms. M\u00e5ngfaldens land med m\u00e5ngfaldens kultur d\u00e4r detta med att vara svensk skulle pr\u00e4glas av generositet och \u00f6ppenhet och en omsorg om v\u00e5ra medbr\u00f6der och medsystrar. <\/p>\n<p>Sverige skulle \u00e4n mer kunna vara ett land som med en kristen bakgrund v\u00e4rnar om religionsfrihet som blir en frihet til religion snarare en frihet fr\u00e5n religion. M\u00e4nniskor som bek\u00e4nner sig till islam, judendom, kristendom, hinduism och buddism skulle \u00e4n mer  kunna samsas tillsammans utan varesig r\u00e4dsla f\u00f6r eller f\u00f6rdomar om den andre. <\/p>\n<p>T\u00e4nk om Sverige kunds vara ett land som pr\u00e4glas av det inklusiva snarare \u00e4n det exklusiva! <br \/>D\u00e5 skulle vi vara f\u00f6reg\u00e5ngare, ett ljus f\u00f6r andra folk. <\/p>\n<p>Idag har vi l\u00e5ngt kvar.<\/p>\n<div class=\"blogger-post-footer\"><img width='1' height='1' src='https:\/\/blogger.googleusercontent.com\/tracker\/9055441369901436026-3804037476928918898?l=akebonnier.blogspot.com' alt='' \/><\/div>\n","protected":false},"excerpt":{"rendered":"<p>F\u00f6r n\u00e5gra dagar sedan skrevs det p\u00e5 DN-debatt om detta med att vara svensk, om medborgarskap och vad som kan t\u00e4nkas konstituera svenskhet. I judisk tradition har liknande diskussioner alltid f\u00f6rts men d\u00e5 betr\u00e4ffande vem som \u00e4r jude och vad det judiska inneb\u00e4r. En jude \u00e4r en person som \u00e4r f\u00f6dd av en judisk mor [&hellip;]<\/p>\n","protected":false},"author":108,"featured_media":0,"comment_status":"open","ping_status":"open","sticky":false,"template":"","format":"standard","meta":{"_acf_changed":false,"footnotes":""},"categories":[16494],"tags":[],"class_list":["post-540","post","type-post","status-publish","format-standard","hentry","category-vem-ar-jude-vem-ar-svensk"],"acf":[],"yoast_head":"<!-- This site is optimized with the Yoast SEO plugin v27.1.1 - https:\/\/yoast.com\/product\/yoast-seo-wordpress\/ -->\n<title>Vem \u00e4r jude? Vem \u00e4r svensk? - \u00c5ke Bonnier<\/title>\n<meta name=\"robots\" content=\"index, follow, max-snippet:-1, max-image-preview:large, max-video-preview:-1\" \/>\n<link rel=\"canonical\" href=\"https:\/\/blogg.svenskakyrkan.se\/akebonnier\/2011\/07\/13\/vem-ar-jude-vem-ar-svensk\/\" \/>\n<meta property=\"og:locale\" content=\"sv_SE\" \/>\n<meta property=\"og:type\" content=\"article\" \/>\n<meta property=\"og:title\" content=\"Vem \u00e4r jude? Vem \u00e4r svensk? - \u00c5ke Bonnier\" \/>\n<meta property=\"og:description\" content=\"F\u00f6r n\u00e5gra dagar sedan skrevs det p\u00e5 DN-debatt om detta med att vara svensk, om medborgarskap och vad som kan t\u00e4nkas konstituera svenskhet. I judisk tradition har liknande diskussioner alltid f\u00f6rts men d\u00e5 betr\u00e4ffande vem som \u00e4r jude och vad det judiska inneb\u00e4r. En jude \u00e4r en person som \u00e4r f\u00f6dd av en judisk mor [&hellip;]\" \/>\n<meta property=\"og:url\" content=\"https:\/\/blogg.svenskakyrkan.se\/akebonnier\/2011\/07\/13\/vem-ar-jude-vem-ar-svensk\/\" \/>\n<meta property=\"og:site_name\" content=\"\u00c5ke Bonnier\" \/>\n<meta property=\"article:published_time\" content=\"2011-07-13T12:50:00+00:00\" \/>\n<meta property=\"og:image\" content=\"https:\/\/blogger.googleusercontent.com\/tracker\/9055441369901436026-3804037476928918898?l=akebonnier.blogspot.com\" \/>\n<meta name=\"author\" content=\"\u00c5ke Bonnier\" \/>\n<meta name=\"twitter:card\" content=\"summary_large_image\" \/>\n<meta name=\"twitter:label1\" content=\"Skriven av\" \/>\n\t<meta name=\"twitter:data1\" content=\"\u00c5ke Bonnier\" \/>\n\t<meta name=\"twitter:label2\" content=\"Ber\u00e4knad l\u00e4stid\" \/>\n\t<meta name=\"twitter:data2\" content=\"3 minuter\" \/>\n<script type=\"application\/ld+json\" class=\"yoast-schema-graph\">{\"@context\":\"https:\/\/schema.org\",\"@graph\":[{\"@type\":\"Article\",\"@id\":\"https:\/\/blogg.svenskakyrkan.se\/akebonnier\/2011\/07\/13\/vem-ar-jude-vem-ar-svensk\/#article\",\"isPartOf\":{\"@id\":\"https:\/\/blogg.svenskakyrkan.se\/akebonnier\/2011\/07\/13\/vem-ar-jude-vem-ar-svensk\/\"},\"author\":{\"name\":\"\u00c5ke Bonnier\",\"@id\":\"https:\/\/blogg.svenskakyrkan.se\/akebonnier\/#\/schema\/person\/8db68bc0c94f6a5a62df2d4486ff1343\"},\"headline\":\"Vem \u00e4r jude? Vem \u00e4r svensk?\",\"datePublished\":\"2011-07-13T12:50:00+00:00\",\"mainEntityOfPage\":{\"@id\":\"https:\/\/blogg.svenskakyrkan.se\/akebonnier\/2011\/07\/13\/vem-ar-jude-vem-ar-svensk\/\"},\"wordCount\":526,\"commentCount\":25,\"image\":{\"@id\":\"https:\/\/blogg.svenskakyrkan.se\/akebonnier\/2011\/07\/13\/vem-ar-jude-vem-ar-svensk\/#primaryimage\"},\"thumbnailUrl\":\"https:\/\/blogger.googleusercontent.com\/tracker\/9055441369901436026-3804037476928918898?l=akebonnier.blogspot.com\",\"articleSection\":[\"Vem \u00e4r jude. Vem \u00e4r svensk\"],\"inLanguage\":\"sv-SE\",\"potentialAction\":[{\"@type\":\"CommentAction\",\"name\":\"Comment\",\"target\":[\"https:\/\/blogg.svenskakyrkan.se\/akebonnier\/2011\/07\/13\/vem-ar-jude-vem-ar-svensk\/#respond\"]}]},{\"@type\":\"WebPage\",\"@id\":\"https:\/\/blogg.svenskakyrkan.se\/akebonnier\/2011\/07\/13\/vem-ar-jude-vem-ar-svensk\/\",\"url\":\"https:\/\/blogg.svenskakyrkan.se\/akebonnier\/2011\/07\/13\/vem-ar-jude-vem-ar-svensk\/\",\"name\":\"Vem \u00e4r jude? Vem \u00e4r svensk? - \u00c5ke Bonnier\",\"isPartOf\":{\"@id\":\"https:\/\/blogg.svenskakyrkan.se\/akebonnier\/#website\"},\"primaryImageOfPage\":{\"@id\":\"https:\/\/blogg.svenskakyrkan.se\/akebonnier\/2011\/07\/13\/vem-ar-jude-vem-ar-svensk\/#primaryimage\"},\"image\":{\"@id\":\"https:\/\/blogg.svenskakyrkan.se\/akebonnier\/2011\/07\/13\/vem-ar-jude-vem-ar-svensk\/#primaryimage\"},\"thumbnailUrl\":\"https:\/\/blogger.googleusercontent.com\/tracker\/9055441369901436026-3804037476928918898?l=akebonnier.blogspot.com\",\"datePublished\":\"2011-07-13T12:50:00+00:00\",\"author\":{\"@id\":\"https:\/\/blogg.svenskakyrkan.se\/akebonnier\/#\/schema\/person\/8db68bc0c94f6a5a62df2d4486ff1343\"},\"breadcrumb\":{\"@id\":\"https:\/\/blogg.svenskakyrkan.se\/akebonnier\/2011\/07\/13\/vem-ar-jude-vem-ar-svensk\/#breadcrumb\"},\"inLanguage\":\"sv-SE\",\"potentialAction\":[{\"@type\":\"ReadAction\",\"target\":[\"https:\/\/blogg.svenskakyrkan.se\/akebonnier\/2011\/07\/13\/vem-ar-jude-vem-ar-svensk\/\"]}]},{\"@type\":\"ImageObject\",\"inLanguage\":\"sv-SE\",\"@id\":\"https:\/\/blogg.svenskakyrkan.se\/akebonnier\/2011\/07\/13\/vem-ar-jude-vem-ar-svensk\/#primaryimage\",\"url\":\"https:\/\/blogger.googleusercontent.com\/tracker\/9055441369901436026-3804037476928918898?l=akebonnier.blogspot.com\",\"contentUrl\":\"https:\/\/blogger.googleusercontent.com\/tracker\/9055441369901436026-3804037476928918898?l=akebonnier.blogspot.com\"},{\"@type\":\"BreadcrumbList\",\"@id\":\"https:\/\/blogg.svenskakyrkan.se\/akebonnier\/2011\/07\/13\/vem-ar-jude-vem-ar-svensk\/#breadcrumb\",\"itemListElement\":[{\"@type\":\"ListItem\",\"position\":1,\"name\":\"Hem\",\"item\":\"https:\/\/blogg.svenskakyrkan.se\/akebonnier\/\"},{\"@type\":\"ListItem\",\"position\":2,\"name\":\"Vem \u00e4r jude? Vem \u00e4r svensk?\"}]},{\"@type\":\"WebSite\",\"@id\":\"https:\/\/blogg.svenskakyrkan.se\/akebonnier\/#website\",\"url\":\"https:\/\/blogg.svenskakyrkan.se\/akebonnier\/\",\"name\":\"\u00c5ke Bonnier\",\"description\":\"Biskop i Svenska kyrkan - Skara stift\",\"potentialAction\":[{\"@type\":\"SearchAction\",\"target\":{\"@type\":\"EntryPoint\",\"urlTemplate\":\"https:\/\/blogg.svenskakyrkan.se\/akebonnier\/?s={search_term_string}\"},\"query-input\":{\"@type\":\"PropertyValueSpecification\",\"valueRequired\":true,\"valueName\":\"search_term_string\"}}],\"inLanguage\":\"sv-SE\"},{\"@type\":\"Person\",\"@id\":\"https:\/\/blogg.svenskakyrkan.se\/akebonnier\/#\/schema\/person\/8db68bc0c94f6a5a62df2d4486ff1343\",\"name\":\"\u00c5ke Bonnier\",\"image\":{\"@type\":\"ImageObject\",\"inLanguage\":\"sv-SE\",\"@id\":\"https:\/\/blogg.svenskakyrkan.se\/akebonnier\/#\/schema\/person\/image\/\",\"url\":\"https:\/\/secure.gravatar.com\/avatar\/b88264736bb0bc0d1ea92298aef02c9f98cfc13c7484130c42c663ae484f9462?s=96&d=mm&r=g\",\"contentUrl\":\"https:\/\/secure.gravatar.com\/avatar\/b88264736bb0bc0d1ea92298aef02c9f98cfc13c7484130c42c663ae484f9462?s=96&d=mm&r=g\",\"caption\":\"\u00c5ke Bonnier\"},\"description\":\"Jag \u00e4r gift och har tv\u00e5 vuxna d\u00f6ttrar. Pr\u00e4stvigdes 1984 och biskopsvigs 26 augusti 2012 . Jag har tidigare bland annat varit, komminister och kyrkoherde i Liding\u00f6 f\u00f6rsamling och domprost i Stockholms domkyrkof\u00f6rsamling. Jag \u00e4r intresserad av konst, litteratur, teater, film. Jag tr\u00e4nar regelbundet p\u00e5 gym. Mitt huvudsakliga musikintresse \u00e4r klassisk musik men ocks\u00e5 Beatles, Elvis Presley, Monika Zettelund, Povel Ramel och m\u00e5nga andra tycker jag om att lyssna p\u00e5. Jag l\u00e4ser f\u00f6r lite sk\u00f6nlitteratur beroende p\u00e5 annat som jag m\u00e5ste l\u00e4sa i mitt uppdrag som biskop. Men jag \u00e4lskar b\u00f6cker. Naturligtvis l\u00e4ser jag n\u00e4st intill dagligdags i \\\"B\u00f6ckernas Bok.\\\"\",\"sameAs\":[\"http:\/\/www.skarastift.se\"],\"url\":\"https:\/\/blogg.svenskakyrkan.se\/akebonnier\/author\/akebonnier\/\"}]}<\/script>\n<!-- \/ Yoast SEO plugin. -->","yoast_head_json":{"title":"Vem \u00e4r jude? Vem \u00e4r svensk? - \u00c5ke Bonnier","robots":{"index":"index","follow":"follow","max-snippet":"max-snippet:-1","max-image-preview":"max-image-preview:large","max-video-preview":"max-video-preview:-1"},"canonical":"https:\/\/blogg.svenskakyrkan.se\/akebonnier\/2011\/07\/13\/vem-ar-jude-vem-ar-svensk\/","og_locale":"sv_SE","og_type":"article","og_title":"Vem \u00e4r jude? Vem \u00e4r svensk? - \u00c5ke Bonnier","og_description":"F\u00f6r n\u00e5gra dagar sedan skrevs det p\u00e5 DN-debatt om detta med att vara svensk, om medborgarskap och vad som kan t\u00e4nkas konstituera svenskhet. I judisk tradition har liknande diskussioner alltid f\u00f6rts men d\u00e5 betr\u00e4ffande vem som \u00e4r jude och vad det judiska inneb\u00e4r. En jude \u00e4r en person som \u00e4r f\u00f6dd av en judisk mor [&hellip;]","og_url":"https:\/\/blogg.svenskakyrkan.se\/akebonnier\/2011\/07\/13\/vem-ar-jude-vem-ar-svensk\/","og_site_name":"\u00c5ke Bonnier","article_published_time":"2011-07-13T12:50:00+00:00","og_image":[{"url":"https:\/\/blogger.googleusercontent.com\/tracker\/9055441369901436026-3804037476928918898?l=akebonnier.blogspot.com","type":"","width":"","height":""}],"author":"\u00c5ke Bonnier","twitter_card":"summary_large_image","twitter_misc":{"Skriven av":"\u00c5ke Bonnier","Ber\u00e4knad l\u00e4stid":"3 minuter"},"schema":{"@context":"https:\/\/schema.org","@graph":[{"@type":"Article","@id":"https:\/\/blogg.svenskakyrkan.se\/akebonnier\/2011\/07\/13\/vem-ar-jude-vem-ar-svensk\/#article","isPartOf":{"@id":"https:\/\/blogg.svenskakyrkan.se\/akebonnier\/2011\/07\/13\/vem-ar-jude-vem-ar-svensk\/"},"author":{"name":"\u00c5ke Bonnier","@id":"https:\/\/blogg.svenskakyrkan.se\/akebonnier\/#\/schema\/person\/8db68bc0c94f6a5a62df2d4486ff1343"},"headline":"Vem \u00e4r jude? Vem \u00e4r svensk?","datePublished":"2011-07-13T12:50:00+00:00","mainEntityOfPage":{"@id":"https:\/\/blogg.svenskakyrkan.se\/akebonnier\/2011\/07\/13\/vem-ar-jude-vem-ar-svensk\/"},"wordCount":526,"commentCount":25,"image":{"@id":"https:\/\/blogg.svenskakyrkan.se\/akebonnier\/2011\/07\/13\/vem-ar-jude-vem-ar-svensk\/#primaryimage"},"thumbnailUrl":"https:\/\/blogger.googleusercontent.com\/tracker\/9055441369901436026-3804037476928918898?l=akebonnier.blogspot.com","articleSection":["Vem \u00e4r jude. Vem \u00e4r svensk"],"inLanguage":"sv-SE","potentialAction":[{"@type":"CommentAction","name":"Comment","target":["https:\/\/blogg.svenskakyrkan.se\/akebonnier\/2011\/07\/13\/vem-ar-jude-vem-ar-svensk\/#respond"]}]},{"@type":"WebPage","@id":"https:\/\/blogg.svenskakyrkan.se\/akebonnier\/2011\/07\/13\/vem-ar-jude-vem-ar-svensk\/","url":"https:\/\/blogg.svenskakyrkan.se\/akebonnier\/2011\/07\/13\/vem-ar-jude-vem-ar-svensk\/","name":"Vem \u00e4r jude? Vem \u00e4r svensk? - \u00c5ke Bonnier","isPartOf":{"@id":"https:\/\/blogg.svenskakyrkan.se\/akebonnier\/#website"},"primaryImageOfPage":{"@id":"https:\/\/blogg.svenskakyrkan.se\/akebonnier\/2011\/07\/13\/vem-ar-jude-vem-ar-svensk\/#primaryimage"},"image":{"@id":"https:\/\/blogg.svenskakyrkan.se\/akebonnier\/2011\/07\/13\/vem-ar-jude-vem-ar-svensk\/#primaryimage"},"thumbnailUrl":"https:\/\/blogger.googleusercontent.com\/tracker\/9055441369901436026-3804037476928918898?l=akebonnier.blogspot.com","datePublished":"2011-07-13T12:50:00+00:00","author":{"@id":"https:\/\/blogg.svenskakyrkan.se\/akebonnier\/#\/schema\/person\/8db68bc0c94f6a5a62df2d4486ff1343"},"breadcrumb":{"@id":"https:\/\/blogg.svenskakyrkan.se\/akebonnier\/2011\/07\/13\/vem-ar-jude-vem-ar-svensk\/#breadcrumb"},"inLanguage":"sv-SE","potentialAction":[{"@type":"ReadAction","target":["https:\/\/blogg.svenskakyrkan.se\/akebonnier\/2011\/07\/13\/vem-ar-jude-vem-ar-svensk\/"]}]},{"@type":"ImageObject","inLanguage":"sv-SE","@id":"https:\/\/blogg.svenskakyrkan.se\/akebonnier\/2011\/07\/13\/vem-ar-jude-vem-ar-svensk\/#primaryimage","url":"https:\/\/blogger.googleusercontent.com\/tracker\/9055441369901436026-3804037476928918898?l=akebonnier.blogspot.com","contentUrl":"https:\/\/blogger.googleusercontent.com\/tracker\/9055441369901436026-3804037476928918898?l=akebonnier.blogspot.com"},{"@type":"BreadcrumbList","@id":"https:\/\/blogg.svenskakyrkan.se\/akebonnier\/2011\/07\/13\/vem-ar-jude-vem-ar-svensk\/#breadcrumb","itemListElement":[{"@type":"ListItem","position":1,"name":"Hem","item":"https:\/\/blogg.svenskakyrkan.se\/akebonnier\/"},{"@type":"ListItem","position":2,"name":"Vem \u00e4r jude? Vem \u00e4r svensk?"}]},{"@type":"WebSite","@id":"https:\/\/blogg.svenskakyrkan.se\/akebonnier\/#website","url":"https:\/\/blogg.svenskakyrkan.se\/akebonnier\/","name":"\u00c5ke Bonnier","description":"Biskop i Svenska kyrkan - Skara stift","potentialAction":[{"@type":"SearchAction","target":{"@type":"EntryPoint","urlTemplate":"https:\/\/blogg.svenskakyrkan.se\/akebonnier\/?s={search_term_string}"},"query-input":{"@type":"PropertyValueSpecification","valueRequired":true,"valueName":"search_term_string"}}],"inLanguage":"sv-SE"},{"@type":"Person","@id":"https:\/\/blogg.svenskakyrkan.se\/akebonnier\/#\/schema\/person\/8db68bc0c94f6a5a62df2d4486ff1343","name":"\u00c5ke Bonnier","image":{"@type":"ImageObject","inLanguage":"sv-SE","@id":"https:\/\/blogg.svenskakyrkan.se\/akebonnier\/#\/schema\/person\/image\/","url":"https:\/\/secure.gravatar.com\/avatar\/b88264736bb0bc0d1ea92298aef02c9f98cfc13c7484130c42c663ae484f9462?s=96&d=mm&r=g","contentUrl":"https:\/\/secure.gravatar.com\/avatar\/b88264736bb0bc0d1ea92298aef02c9f98cfc13c7484130c42c663ae484f9462?s=96&d=mm&r=g","caption":"\u00c5ke Bonnier"},"description":"Jag \u00e4r gift och har tv\u00e5 vuxna d\u00f6ttrar. Pr\u00e4stvigdes 1984 och biskopsvigs 26 augusti 2012 . Jag har tidigare bland annat varit, komminister och kyrkoherde i Liding\u00f6 f\u00f6rsamling och domprost i Stockholms domkyrkof\u00f6rsamling. Jag \u00e4r intresserad av konst, litteratur, teater, film. Jag tr\u00e4nar regelbundet p\u00e5 gym. Mitt huvudsakliga musikintresse \u00e4r klassisk musik men ocks\u00e5 Beatles, Elvis Presley, Monika Zettelund, Povel Ramel och m\u00e5nga andra tycker jag om att lyssna p\u00e5. Jag l\u00e4ser f\u00f6r lite sk\u00f6nlitteratur beroende p\u00e5 annat som jag m\u00e5ste l\u00e4sa i mitt uppdrag som biskop. Men jag \u00e4lskar b\u00f6cker. Naturligtvis l\u00e4ser jag n\u00e4st intill dagligdags i \"B\u00f6ckernas Bok.\"","sameAs":["http:\/\/www.skarastift.se"],"url":"https:\/\/blogg.svenskakyrkan.se\/akebonnier\/author\/akebonnier\/"}]}},"author_meta":{"ID":"108","user_nicename":"akebonnier","user_url":"http:\/\/www.skarastift.se","user_registered":"2011-10-11 09:24:48","display_name":"\u00c5ke Bonnier","first_name":"\u00c5ke","last_name":"Bonnier","avatar":"https:\/\/secure.gravatar.com\/avatar\/b88264736bb0bc0d1ea92298aef02c9f98cfc13c7484130c42c663ae484f9462?s=96&d=mm&r=g"},"featured_image":false,"bloginfo":{"name":"\u00c5ke Bonnier","url":"https:\/\/blogg.svenskakyrkan.se\/akebonnier"},"_links":{"self":[{"href":"https:\/\/blogg.svenskakyrkan.se\/akebonnier\/wp-json\/wp\/v2\/posts\/540","targetHints":{"allow":["GET"]}}],"collection":[{"href":"https:\/\/blogg.svenskakyrkan.se\/akebonnier\/wp-json\/wp\/v2\/posts"}],"about":[{"href":"https:\/\/blogg.svenskakyrkan.se\/akebonnier\/wp-json\/wp\/v2\/types\/post"}],"author":[{"embeddable":true,"href":"https:\/\/blogg.svenskakyrkan.se\/akebonnier\/wp-json\/wp\/v2\/users\/108"}],"replies":[{"embeddable":true,"href":"https:\/\/blogg.svenskakyrkan.se\/akebonnier\/wp-json\/wp\/v2\/comments?post=540"}],"version-history":[{"count":0,"href":"https:\/\/blogg.svenskakyrkan.se\/akebonnier\/wp-json\/wp\/v2\/posts\/540\/revisions"}],"wp:attachment":[{"href":"https:\/\/blogg.svenskakyrkan.se\/akebonnier\/wp-json\/wp\/v2\/media?parent=540"}],"wp:term":[{"taxonomy":"category","embeddable":true,"href":"https:\/\/blogg.svenskakyrkan.se\/akebonnier\/wp-json\/wp\/v2\/categories?post=540"},{"taxonomy":"post_tag","embeddable":true,"href":"https:\/\/blogg.svenskakyrkan.se\/akebonnier\/wp-json\/wp\/v2\/tags?post=540"}],"curies":[{"name":"wp","href":"https:\/\/api.w.org\/{rel}","templated":true}]}}