{"id":544,"date":"2011-07-26T15:36:00","date_gmt":"2011-07-26T15:36:00","guid":{"rendered":"http:\/\/blogg.svenskakyrkan.se\/akebonnier\/2011\/07\/26\/jag-ar-kristen-men-vad-betyder-det-i-hatets-och-valdets-tid\/"},"modified":"2011-07-26T15:36:00","modified_gmt":"2011-07-26T15:36:00","slug":"jag-ar-kristen-men-vad-betyder-det-i-hatets-och-valdets-tid","status":"publish","type":"post","link":"https:\/\/blogg.svenskakyrkan.se\/akebonnier\/2011\/07\/26\/jag-ar-kristen-men-vad-betyder-det-i-hatets-och-valdets-tid\/","title":{"rendered":"Jag \u00e4r kristen! Men vad betyder det i hatets och v\u00e5ldets tid?"},"content":{"rendered":"<p>Jag \u00e4r kristen! Det kanske inte \u00e4r en s\u00e5 konstig bek\u00e4nnelse om man \u00e4r pr\u00e4st i Svenska kyrkan. Somliga av mina bloggl\u00e4sare tycker nog att jag \u00e4r en kristen som tolkar evangeliet fel eller som tycker att jag l\u00e4mnat den &#8217;sanna bek\u00e4nnelsen.&#8217; Jag \u00e4r f\u00f6dd och uppvuxen utanf\u00f6r kyrkans sammanhang. Jo, jag \u00e4r barnd\u00f6pt men i \u00f6vrigt ingen &#8217;kristen fostran&#8217; f\u00f6rutom n\u00e5gra textl\u00e4sningar p\u00e5 julafton varje \u00e5r. Konfirmandtiden blev revolutionerande f\u00f6r mig och jag uppt\u00e4ckte den kristna tron p\u00e5 ett f\u00f6r mig utmanande och inbjudande s\u00e4tt. Jesus var en person som personifierade k\u00e4rleken, den Sanna djupa k\u00e4rleken till medm\u00e4nniskan och till Gud. M\u00f6tet med Jesus i Bibelns texter, i nattvardens mysterium, i s\u00e5nger och psalmer och inte minst i ungdomsgruppens gemenskap blev livsviktigt f\u00f6r mig. Det blev s\u00e5 viktigt att jag mer och mer k\u00e4nde att jag ville engagera mig i kyrkans sammanhang ocks\u00e5 i min yrkesut\u00f6vnibg. Efter ett samtal med en kamrat best\u00e4mde jag mig f\u00f6r att jag ville bli pr\u00e4st. Jag gick i f\u00f6rsta \u00e5rskursen i gymnasiet n\u00e4r de beslutet togs och min familj vart f\u00f6rv\u00e5nade. Det var kanske inte riktigt vad de v\u00e4ntat sig. Men efter gymnasiet, ett volont\u00e4r\u00e5r i kyrkans sammanhang samt vapenfri milit\u00e4rtj\u00e4nst, best\u00e4mde jag n f\u00f6r att l\u00e4sa teologi i Uppsala. Den 10 juni 1984 pr\u00e4stvigdes jag i Storkyrkan av d\u00e5varande biskopen Lars Carlzon och s\u00e5 fortsatte min livsresa som kristen och mer och mer f\u00f6rstod jag att kristen tro och egentligen Jeus sj\u00e4lv \u00e4r inkluderande snarare \u00e4n exkluderande. Det har varit och \u00e4r en grundbult i min f\u00f6rst\u00e5else av kyrkans tro.<\/p>\n<p>Jag skriver detta d\u00e4rf\u00f6r att jag tycker att de \u00e4r s\u00e5 fel n\u00e4r terrorister likt den i Norge kallar sig kristna. Inte ens kristen fundamentalism st\u00e5r f\u00f6r den d\u00f6d och det hat som terroristen Anders Behring Breivik gav uttryck f\u00f6r genom sina ofattbart fasansfulla handlingar. Kristen fundamentalism kan ivra f\u00f6r allas omv\u00e4ndelse till Jesus Kristus. Kristen fundamentalism kan mena att alla kommer till helvetet som inte tror p\u00e5 Jesus Kristus. Men jag k\u00e4nner inte till n\u00e5gon kristen ( OBS: kristen!!) fundamentalism som menar att man ska ta livet av oliktroende. Breivik \u00e4r inte kristen. Han \u00e4r en m\u00e4nniska som helt sp\u00e5rat ut, som beg\u00e5tt om\u00e4nskliga handlingar, som genomf\u00f6rt politiskt riktade terrord\u00e5d. Men han \u00e4r inte kristen. Allt det han gjorde i fredags strider mot allt vad kristen tro och livs\u00e5sk\u00e5dning heter.<\/p>\n<p>Men vi andra d\u00e5? Vi som tror p\u00e5 den inkluderande k\u00e4rleken, vi som tror att Gud \u00e4r k\u00e4rleken; hur l\u00e5ngt str\u00e4cker sig den k\u00e4rleken? Personligen har jag full f\u00f6rst\u00e5else f\u00f6r alla som vill se att terroristen Breivik hamnar i helvetet, som \u00f6nskar livet ur honom o s v. Jag har full f\u00f6rst\u00e5else f\u00f6r alla som s\u00e4ger att Gud m\u00e5ste hata honom f\u00f6r vad han gjort d\u00e4rf\u00f6r att vi andra hatar honom f\u00f6r vad han gjort. Men vad betyder det d\u00e5 att Gud \u00e4r k\u00e4rleken? Vad betyder orden om att \u00e4lska sina fiender och be f\u00f6r dem som f\u00f6rf\u00f6ljer dig? Jag f\u00f6rst\u00e5r att det \u00e4r sv\u00e5rt, ja om\u00f6jligt, f\u00f6r de drabbade att \u00e4lska terroristen Breivik. Ingen kan beg\u00e4ra det av dem. I Predikaren i Gamla Testamentet ( Pred 3:1-11) \u00e5terfinns denna underbara text:<br \/><i>Allt har sin tid, det finns en tid f\u00f6r allt som sker under himlen: en tid f\u00f6r f\u00f6delse, en tid f\u00f6r d\u00f6d, en tid att plantera, en tid att rycka upp, en tid att dr\u00e4pa, en tid att l\u00e4ka, en tid att riva ner, en tid att bygga upp, en tid att gr\u00e5ta, en tid att le, en tid att s\u00f6rja, en tid att dansa, 5 en tid att kasta stenar, en tid att samla stenar, en tid att ta i famn, en tid att avst\u00e5 fr\u00e5n famntag, en tid att skaffa, en tid att mista, en tid att spara, en tid att kasta, en tid att riva s\u00f6nder, en tid att sy ihop, en tid att tiga, en tid att tala, en tid att \u00e4lska, en tid att hata, en tid f\u00f6r krig, en tid f\u00f6r fred. Vad f\u00e5r d\u00e5 den str\u00e4vsamme ut av all sin m\u00f6da? Jag har sett vilket arbete Gud har lagt p\u00e5 m\u00e4nniskan. 11 Allt vad Gud har gjort \u00e4r sk\u00f6nt i r\u00e4tta stunden.<\/i><\/p>\n<p>Vi f\u00e5r leva med alla v\u00e5ra k\u00e4nslor. Och samtidigt finns Jesu utmaning d\u00e4r, en utmaning som pl\u00e5gar mig i sorgens och vredens tid, en utmaning som talar om att \u00e4lska mot alla odds, \u00e4lska trots allt, \u00e4lska den som \u00e4r ens fiende. Det \u00e4r min uppgift som kristen. <\/p>\n<p>Om nu Gud \u00e4lskade oss s\u00e5 in i d\u00f6den att Jesus sj\u00e4lv dog och uppstod f\u00f6r v\u00e5r skull hur kan d\u00e5 ett helvete finnas? Helvetet var p\u00e5 Ut\u00f6ya. Helvetet \u00e4r h\u00e4r och nu f\u00f6r de f\u00f6r\u00e4ldrar som mist sina barn, f\u00f6r dem som mist sin maka eller make i explosionen i Oslo, f\u00f6r dem som mist sina v\u00e4nner genom terrord\u00e5det, f\u00f6r dem som har att leva med erfarenheterna fr\u00e5n Ut\u00f6ya.<\/p>\n<p>Min b\u00f6n idag \u00e4r: Gud ge mig ork, mod och kraft att vara kristen, att inte bara tala och skriva om tron och om Din k\u00e4rlek utan att ocks\u00e5 kunna leva den, varje dag, mot alla odds! Amen<\/p>\n<div class=\"blogger-post-footer\"><img width='1' height='1' src='https:\/\/blogger.googleusercontent.com\/tracker\/9055441369901436026-6393225697359102764?l=akebonnier.blogspot.com' alt='' \/><\/div>\n","protected":false},"excerpt":{"rendered":"<p>Jag \u00e4r kristen! Det kanske inte \u00e4r en s\u00e5 konstig bek\u00e4nnelse om man \u00e4r pr\u00e4st i Svenska kyrkan. Somliga av mina bloggl\u00e4sare tycker nog att jag \u00e4r en kristen som tolkar evangeliet fel eller som tycker att jag l\u00e4mnat den &#8217;sanna bek\u00e4nnelsen.&#8217; Jag \u00e4r f\u00f6dd och uppvuxen utanf\u00f6r kyrkans sammanhang. Jo, jag \u00e4r barnd\u00f6pt men [&hellip;]<\/p>\n","protected":false},"author":108,"featured_media":0,"comment_status":"open","ping_status":"open","sticky":false,"template":"","format":"standard","meta":{"_acf_changed":false,"footnotes":""},"categories":[16497],"tags":[],"class_list":["post-544","post","type-post","status-publish","format-standard","hentry","category-jag-ar-kristen-men-vad-betyder-det"],"acf":[],"yoast_head":"<!-- This site is optimized with the Yoast SEO plugin v27.1.1 - https:\/\/yoast.com\/product\/yoast-seo-wordpress\/ -->\n<title>Jag \u00e4r kristen! Men vad betyder det i hatets och v\u00e5ldets tid? - \u00c5ke Bonnier<\/title>\n<meta name=\"robots\" content=\"index, follow, max-snippet:-1, max-image-preview:large, max-video-preview:-1\" \/>\n<link rel=\"canonical\" href=\"https:\/\/blogg.svenskakyrkan.se\/akebonnier\/2011\/07\/26\/jag-ar-kristen-men-vad-betyder-det-i-hatets-och-valdets-tid\/\" \/>\n<meta property=\"og:locale\" content=\"sv_SE\" \/>\n<meta property=\"og:type\" content=\"article\" \/>\n<meta property=\"og:title\" content=\"Jag \u00e4r kristen! Men vad betyder det i hatets och v\u00e5ldets tid? - \u00c5ke Bonnier\" \/>\n<meta property=\"og:description\" content=\"Jag \u00e4r kristen! Det kanske inte \u00e4r en s\u00e5 konstig bek\u00e4nnelse om man \u00e4r pr\u00e4st i Svenska kyrkan. Somliga av mina bloggl\u00e4sare tycker nog att jag \u00e4r en kristen som tolkar evangeliet fel eller som tycker att jag l\u00e4mnat den &#8217;sanna bek\u00e4nnelsen.&#8217; Jag \u00e4r f\u00f6dd och uppvuxen utanf\u00f6r kyrkans sammanhang. Jo, jag \u00e4r barnd\u00f6pt men [&hellip;]\" \/>\n<meta property=\"og:url\" content=\"https:\/\/blogg.svenskakyrkan.se\/akebonnier\/2011\/07\/26\/jag-ar-kristen-men-vad-betyder-det-i-hatets-och-valdets-tid\/\" \/>\n<meta property=\"og:site_name\" content=\"\u00c5ke Bonnier\" \/>\n<meta property=\"article:published_time\" content=\"2011-07-26T15:36:00+00:00\" \/>\n<meta property=\"og:image\" content=\"https:\/\/blogger.googleusercontent.com\/tracker\/9055441369901436026-6393225697359102764?l=akebonnier.blogspot.com\" \/>\n<meta name=\"author\" content=\"\u00c5ke Bonnier\" \/>\n<meta name=\"twitter:card\" content=\"summary_large_image\" \/>\n<meta name=\"twitter:label1\" content=\"Skriven av\" \/>\n\t<meta name=\"twitter:data1\" content=\"\u00c5ke Bonnier\" \/>\n\t<meta name=\"twitter:label2\" content=\"Ber\u00e4knad l\u00e4stid\" \/>\n\t<meta name=\"twitter:data2\" content=\"5 minuter\" \/>\n<script type=\"application\/ld+json\" class=\"yoast-schema-graph\">{\"@context\":\"https:\/\/schema.org\",\"@graph\":[{\"@type\":\"Article\",\"@id\":\"https:\/\/blogg.svenskakyrkan.se\/akebonnier\/2011\/07\/26\/jag-ar-kristen-men-vad-betyder-det-i-hatets-och-valdets-tid\/#article\",\"isPartOf\":{\"@id\":\"https:\/\/blogg.svenskakyrkan.se\/akebonnier\/2011\/07\/26\/jag-ar-kristen-men-vad-betyder-det-i-hatets-och-valdets-tid\/\"},\"author\":{\"name\":\"\u00c5ke Bonnier\",\"@id\":\"https:\/\/blogg.svenskakyrkan.se\/akebonnier\/#\/schema\/person\/8db68bc0c94f6a5a62df2d4486ff1343\"},\"headline\":\"Jag \u00e4r kristen! Men vad betyder det i hatets och v\u00e5ldets tid?\",\"datePublished\":\"2011-07-26T15:36:00+00:00\",\"mainEntityOfPage\":{\"@id\":\"https:\/\/blogg.svenskakyrkan.se\/akebonnier\/2011\/07\/26\/jag-ar-kristen-men-vad-betyder-det-i-hatets-och-valdets-tid\/\"},\"wordCount\":985,\"commentCount\":23,\"image\":{\"@id\":\"https:\/\/blogg.svenskakyrkan.se\/akebonnier\/2011\/07\/26\/jag-ar-kristen-men-vad-betyder-det-i-hatets-och-valdets-tid\/#primaryimage\"},\"thumbnailUrl\":\"https:\/\/blogger.googleusercontent.com\/tracker\/9055441369901436026-6393225697359102764?l=akebonnier.blogspot.com\",\"articleSection\":[\"Jag \u00e4r kristen men vad betyder det\"],\"inLanguage\":\"sv-SE\",\"potentialAction\":[{\"@type\":\"CommentAction\",\"name\":\"Comment\",\"target\":[\"https:\/\/blogg.svenskakyrkan.se\/akebonnier\/2011\/07\/26\/jag-ar-kristen-men-vad-betyder-det-i-hatets-och-valdets-tid\/#respond\"]}]},{\"@type\":\"WebPage\",\"@id\":\"https:\/\/blogg.svenskakyrkan.se\/akebonnier\/2011\/07\/26\/jag-ar-kristen-men-vad-betyder-det-i-hatets-och-valdets-tid\/\",\"url\":\"https:\/\/blogg.svenskakyrkan.se\/akebonnier\/2011\/07\/26\/jag-ar-kristen-men-vad-betyder-det-i-hatets-och-valdets-tid\/\",\"name\":\"Jag \u00e4r kristen! Men vad betyder det i hatets och v\u00e5ldets tid? - \u00c5ke Bonnier\",\"isPartOf\":{\"@id\":\"https:\/\/blogg.svenskakyrkan.se\/akebonnier\/#website\"},\"primaryImageOfPage\":{\"@id\":\"https:\/\/blogg.svenskakyrkan.se\/akebonnier\/2011\/07\/26\/jag-ar-kristen-men-vad-betyder-det-i-hatets-och-valdets-tid\/#primaryimage\"},\"image\":{\"@id\":\"https:\/\/blogg.svenskakyrkan.se\/akebonnier\/2011\/07\/26\/jag-ar-kristen-men-vad-betyder-det-i-hatets-och-valdets-tid\/#primaryimage\"},\"thumbnailUrl\":\"https:\/\/blogger.googleusercontent.com\/tracker\/9055441369901436026-6393225697359102764?l=akebonnier.blogspot.com\",\"datePublished\":\"2011-07-26T15:36:00+00:00\",\"author\":{\"@id\":\"https:\/\/blogg.svenskakyrkan.se\/akebonnier\/#\/schema\/person\/8db68bc0c94f6a5a62df2d4486ff1343\"},\"breadcrumb\":{\"@id\":\"https:\/\/blogg.svenskakyrkan.se\/akebonnier\/2011\/07\/26\/jag-ar-kristen-men-vad-betyder-det-i-hatets-och-valdets-tid\/#breadcrumb\"},\"inLanguage\":\"sv-SE\",\"potentialAction\":[{\"@type\":\"ReadAction\",\"target\":[\"https:\/\/blogg.svenskakyrkan.se\/akebonnier\/2011\/07\/26\/jag-ar-kristen-men-vad-betyder-det-i-hatets-och-valdets-tid\/\"]}]},{\"@type\":\"ImageObject\",\"inLanguage\":\"sv-SE\",\"@id\":\"https:\/\/blogg.svenskakyrkan.se\/akebonnier\/2011\/07\/26\/jag-ar-kristen-men-vad-betyder-det-i-hatets-och-valdets-tid\/#primaryimage\",\"url\":\"https:\/\/blogger.googleusercontent.com\/tracker\/9055441369901436026-6393225697359102764?l=akebonnier.blogspot.com\",\"contentUrl\":\"https:\/\/blogger.googleusercontent.com\/tracker\/9055441369901436026-6393225697359102764?l=akebonnier.blogspot.com\"},{\"@type\":\"BreadcrumbList\",\"@id\":\"https:\/\/blogg.svenskakyrkan.se\/akebonnier\/2011\/07\/26\/jag-ar-kristen-men-vad-betyder-det-i-hatets-och-valdets-tid\/#breadcrumb\",\"itemListElement\":[{\"@type\":\"ListItem\",\"position\":1,\"name\":\"Hem\",\"item\":\"https:\/\/blogg.svenskakyrkan.se\/akebonnier\/\"},{\"@type\":\"ListItem\",\"position\":2,\"name\":\"Jag \u00e4r kristen! Men vad betyder det i hatets och v\u00e5ldets tid?\"}]},{\"@type\":\"WebSite\",\"@id\":\"https:\/\/blogg.svenskakyrkan.se\/akebonnier\/#website\",\"url\":\"https:\/\/blogg.svenskakyrkan.se\/akebonnier\/\",\"name\":\"\u00c5ke Bonnier\",\"description\":\"Biskop i Svenska kyrkan - Skara stift\",\"potentialAction\":[{\"@type\":\"SearchAction\",\"target\":{\"@type\":\"EntryPoint\",\"urlTemplate\":\"https:\/\/blogg.svenskakyrkan.se\/akebonnier\/?s={search_term_string}\"},\"query-input\":{\"@type\":\"PropertyValueSpecification\",\"valueRequired\":true,\"valueName\":\"search_term_string\"}}],\"inLanguage\":\"sv-SE\"},{\"@type\":\"Person\",\"@id\":\"https:\/\/blogg.svenskakyrkan.se\/akebonnier\/#\/schema\/person\/8db68bc0c94f6a5a62df2d4486ff1343\",\"name\":\"\u00c5ke Bonnier\",\"image\":{\"@type\":\"ImageObject\",\"inLanguage\":\"sv-SE\",\"@id\":\"https:\/\/blogg.svenskakyrkan.se\/akebonnier\/#\/schema\/person\/image\/\",\"url\":\"https:\/\/secure.gravatar.com\/avatar\/b88264736bb0bc0d1ea92298aef02c9f98cfc13c7484130c42c663ae484f9462?s=96&d=mm&r=g\",\"contentUrl\":\"https:\/\/secure.gravatar.com\/avatar\/b88264736bb0bc0d1ea92298aef02c9f98cfc13c7484130c42c663ae484f9462?s=96&d=mm&r=g\",\"caption\":\"\u00c5ke Bonnier\"},\"description\":\"Jag \u00e4r gift och har tv\u00e5 vuxna d\u00f6ttrar. Pr\u00e4stvigdes 1984 och biskopsvigs 26 augusti 2012 . Jag har tidigare bland annat varit, komminister och kyrkoherde i Liding\u00f6 f\u00f6rsamling och domprost i Stockholms domkyrkof\u00f6rsamling. Jag \u00e4r intresserad av konst, litteratur, teater, film. Jag tr\u00e4nar regelbundet p\u00e5 gym. Mitt huvudsakliga musikintresse \u00e4r klassisk musik men ocks\u00e5 Beatles, Elvis Presley, Monika Zettelund, Povel Ramel och m\u00e5nga andra tycker jag om att lyssna p\u00e5. Jag l\u00e4ser f\u00f6r lite sk\u00f6nlitteratur beroende p\u00e5 annat som jag m\u00e5ste l\u00e4sa i mitt uppdrag som biskop. Men jag \u00e4lskar b\u00f6cker. Naturligtvis l\u00e4ser jag n\u00e4st intill dagligdags i \\\"B\u00f6ckernas Bok.\\\"\",\"sameAs\":[\"http:\/\/www.skarastift.se\"],\"url\":\"https:\/\/blogg.svenskakyrkan.se\/akebonnier\/author\/akebonnier\/\"}]}<\/script>\n<!-- \/ Yoast SEO plugin. -->","yoast_head_json":{"title":"Jag \u00e4r kristen! Men vad betyder det i hatets och v\u00e5ldets tid? - \u00c5ke Bonnier","robots":{"index":"index","follow":"follow","max-snippet":"max-snippet:-1","max-image-preview":"max-image-preview:large","max-video-preview":"max-video-preview:-1"},"canonical":"https:\/\/blogg.svenskakyrkan.se\/akebonnier\/2011\/07\/26\/jag-ar-kristen-men-vad-betyder-det-i-hatets-och-valdets-tid\/","og_locale":"sv_SE","og_type":"article","og_title":"Jag \u00e4r kristen! Men vad betyder det i hatets och v\u00e5ldets tid? - \u00c5ke Bonnier","og_description":"Jag \u00e4r kristen! Det kanske inte \u00e4r en s\u00e5 konstig bek\u00e4nnelse om man \u00e4r pr\u00e4st i Svenska kyrkan. Somliga av mina bloggl\u00e4sare tycker nog att jag \u00e4r en kristen som tolkar evangeliet fel eller som tycker att jag l\u00e4mnat den &#8217;sanna bek\u00e4nnelsen.&#8217; Jag \u00e4r f\u00f6dd och uppvuxen utanf\u00f6r kyrkans sammanhang. Jo, jag \u00e4r barnd\u00f6pt men [&hellip;]","og_url":"https:\/\/blogg.svenskakyrkan.se\/akebonnier\/2011\/07\/26\/jag-ar-kristen-men-vad-betyder-det-i-hatets-och-valdets-tid\/","og_site_name":"\u00c5ke Bonnier","article_published_time":"2011-07-26T15:36:00+00:00","og_image":[{"url":"https:\/\/blogger.googleusercontent.com\/tracker\/9055441369901436026-6393225697359102764?l=akebonnier.blogspot.com","type":"","width":"","height":""}],"author":"\u00c5ke Bonnier","twitter_card":"summary_large_image","twitter_misc":{"Skriven av":"\u00c5ke Bonnier","Ber\u00e4knad l\u00e4stid":"5 minuter"},"schema":{"@context":"https:\/\/schema.org","@graph":[{"@type":"Article","@id":"https:\/\/blogg.svenskakyrkan.se\/akebonnier\/2011\/07\/26\/jag-ar-kristen-men-vad-betyder-det-i-hatets-och-valdets-tid\/#article","isPartOf":{"@id":"https:\/\/blogg.svenskakyrkan.se\/akebonnier\/2011\/07\/26\/jag-ar-kristen-men-vad-betyder-det-i-hatets-och-valdets-tid\/"},"author":{"name":"\u00c5ke Bonnier","@id":"https:\/\/blogg.svenskakyrkan.se\/akebonnier\/#\/schema\/person\/8db68bc0c94f6a5a62df2d4486ff1343"},"headline":"Jag \u00e4r kristen! Men vad betyder det i hatets och v\u00e5ldets tid?","datePublished":"2011-07-26T15:36:00+00:00","mainEntityOfPage":{"@id":"https:\/\/blogg.svenskakyrkan.se\/akebonnier\/2011\/07\/26\/jag-ar-kristen-men-vad-betyder-det-i-hatets-och-valdets-tid\/"},"wordCount":985,"commentCount":23,"image":{"@id":"https:\/\/blogg.svenskakyrkan.se\/akebonnier\/2011\/07\/26\/jag-ar-kristen-men-vad-betyder-det-i-hatets-och-valdets-tid\/#primaryimage"},"thumbnailUrl":"https:\/\/blogger.googleusercontent.com\/tracker\/9055441369901436026-6393225697359102764?l=akebonnier.blogspot.com","articleSection":["Jag \u00e4r kristen men vad betyder det"],"inLanguage":"sv-SE","potentialAction":[{"@type":"CommentAction","name":"Comment","target":["https:\/\/blogg.svenskakyrkan.se\/akebonnier\/2011\/07\/26\/jag-ar-kristen-men-vad-betyder-det-i-hatets-och-valdets-tid\/#respond"]}]},{"@type":"WebPage","@id":"https:\/\/blogg.svenskakyrkan.se\/akebonnier\/2011\/07\/26\/jag-ar-kristen-men-vad-betyder-det-i-hatets-och-valdets-tid\/","url":"https:\/\/blogg.svenskakyrkan.se\/akebonnier\/2011\/07\/26\/jag-ar-kristen-men-vad-betyder-det-i-hatets-och-valdets-tid\/","name":"Jag \u00e4r kristen! Men vad betyder det i hatets och v\u00e5ldets tid? - \u00c5ke Bonnier","isPartOf":{"@id":"https:\/\/blogg.svenskakyrkan.se\/akebonnier\/#website"},"primaryImageOfPage":{"@id":"https:\/\/blogg.svenskakyrkan.se\/akebonnier\/2011\/07\/26\/jag-ar-kristen-men-vad-betyder-det-i-hatets-och-valdets-tid\/#primaryimage"},"image":{"@id":"https:\/\/blogg.svenskakyrkan.se\/akebonnier\/2011\/07\/26\/jag-ar-kristen-men-vad-betyder-det-i-hatets-och-valdets-tid\/#primaryimage"},"thumbnailUrl":"https:\/\/blogger.googleusercontent.com\/tracker\/9055441369901436026-6393225697359102764?l=akebonnier.blogspot.com","datePublished":"2011-07-26T15:36:00+00:00","author":{"@id":"https:\/\/blogg.svenskakyrkan.se\/akebonnier\/#\/schema\/person\/8db68bc0c94f6a5a62df2d4486ff1343"},"breadcrumb":{"@id":"https:\/\/blogg.svenskakyrkan.se\/akebonnier\/2011\/07\/26\/jag-ar-kristen-men-vad-betyder-det-i-hatets-och-valdets-tid\/#breadcrumb"},"inLanguage":"sv-SE","potentialAction":[{"@type":"ReadAction","target":["https:\/\/blogg.svenskakyrkan.se\/akebonnier\/2011\/07\/26\/jag-ar-kristen-men-vad-betyder-det-i-hatets-och-valdets-tid\/"]}]},{"@type":"ImageObject","inLanguage":"sv-SE","@id":"https:\/\/blogg.svenskakyrkan.se\/akebonnier\/2011\/07\/26\/jag-ar-kristen-men-vad-betyder-det-i-hatets-och-valdets-tid\/#primaryimage","url":"https:\/\/blogger.googleusercontent.com\/tracker\/9055441369901436026-6393225697359102764?l=akebonnier.blogspot.com","contentUrl":"https:\/\/blogger.googleusercontent.com\/tracker\/9055441369901436026-6393225697359102764?l=akebonnier.blogspot.com"},{"@type":"BreadcrumbList","@id":"https:\/\/blogg.svenskakyrkan.se\/akebonnier\/2011\/07\/26\/jag-ar-kristen-men-vad-betyder-det-i-hatets-och-valdets-tid\/#breadcrumb","itemListElement":[{"@type":"ListItem","position":1,"name":"Hem","item":"https:\/\/blogg.svenskakyrkan.se\/akebonnier\/"},{"@type":"ListItem","position":2,"name":"Jag \u00e4r kristen! Men vad betyder det i hatets och v\u00e5ldets tid?"}]},{"@type":"WebSite","@id":"https:\/\/blogg.svenskakyrkan.se\/akebonnier\/#website","url":"https:\/\/blogg.svenskakyrkan.se\/akebonnier\/","name":"\u00c5ke Bonnier","description":"Biskop i Svenska kyrkan - Skara stift","potentialAction":[{"@type":"SearchAction","target":{"@type":"EntryPoint","urlTemplate":"https:\/\/blogg.svenskakyrkan.se\/akebonnier\/?s={search_term_string}"},"query-input":{"@type":"PropertyValueSpecification","valueRequired":true,"valueName":"search_term_string"}}],"inLanguage":"sv-SE"},{"@type":"Person","@id":"https:\/\/blogg.svenskakyrkan.se\/akebonnier\/#\/schema\/person\/8db68bc0c94f6a5a62df2d4486ff1343","name":"\u00c5ke Bonnier","image":{"@type":"ImageObject","inLanguage":"sv-SE","@id":"https:\/\/blogg.svenskakyrkan.se\/akebonnier\/#\/schema\/person\/image\/","url":"https:\/\/secure.gravatar.com\/avatar\/b88264736bb0bc0d1ea92298aef02c9f98cfc13c7484130c42c663ae484f9462?s=96&d=mm&r=g","contentUrl":"https:\/\/secure.gravatar.com\/avatar\/b88264736bb0bc0d1ea92298aef02c9f98cfc13c7484130c42c663ae484f9462?s=96&d=mm&r=g","caption":"\u00c5ke Bonnier"},"description":"Jag \u00e4r gift och har tv\u00e5 vuxna d\u00f6ttrar. Pr\u00e4stvigdes 1984 och biskopsvigs 26 augusti 2012 . Jag har tidigare bland annat varit, komminister och kyrkoherde i Liding\u00f6 f\u00f6rsamling och domprost i Stockholms domkyrkof\u00f6rsamling. Jag \u00e4r intresserad av konst, litteratur, teater, film. Jag tr\u00e4nar regelbundet p\u00e5 gym. Mitt huvudsakliga musikintresse \u00e4r klassisk musik men ocks\u00e5 Beatles, Elvis Presley, Monika Zettelund, Povel Ramel och m\u00e5nga andra tycker jag om att lyssna p\u00e5. Jag l\u00e4ser f\u00f6r lite sk\u00f6nlitteratur beroende p\u00e5 annat som jag m\u00e5ste l\u00e4sa i mitt uppdrag som biskop. Men jag \u00e4lskar b\u00f6cker. Naturligtvis l\u00e4ser jag n\u00e4st intill dagligdags i \"B\u00f6ckernas Bok.\"","sameAs":["http:\/\/www.skarastift.se"],"url":"https:\/\/blogg.svenskakyrkan.se\/akebonnier\/author\/akebonnier\/"}]}},"author_meta":{"ID":"108","user_nicename":"akebonnier","user_url":"http:\/\/www.skarastift.se","user_registered":"2011-10-11 09:24:48","display_name":"\u00c5ke Bonnier","first_name":"\u00c5ke","last_name":"Bonnier","avatar":"https:\/\/secure.gravatar.com\/avatar\/b88264736bb0bc0d1ea92298aef02c9f98cfc13c7484130c42c663ae484f9462?s=96&d=mm&r=g"},"featured_image":false,"bloginfo":{"name":"\u00c5ke Bonnier","url":"https:\/\/blogg.svenskakyrkan.se\/akebonnier"},"_links":{"self":[{"href":"https:\/\/blogg.svenskakyrkan.se\/akebonnier\/wp-json\/wp\/v2\/posts\/544","targetHints":{"allow":["GET"]}}],"collection":[{"href":"https:\/\/blogg.svenskakyrkan.se\/akebonnier\/wp-json\/wp\/v2\/posts"}],"about":[{"href":"https:\/\/blogg.svenskakyrkan.se\/akebonnier\/wp-json\/wp\/v2\/types\/post"}],"author":[{"embeddable":true,"href":"https:\/\/blogg.svenskakyrkan.se\/akebonnier\/wp-json\/wp\/v2\/users\/108"}],"replies":[{"embeddable":true,"href":"https:\/\/blogg.svenskakyrkan.se\/akebonnier\/wp-json\/wp\/v2\/comments?post=544"}],"version-history":[{"count":0,"href":"https:\/\/blogg.svenskakyrkan.se\/akebonnier\/wp-json\/wp\/v2\/posts\/544\/revisions"}],"wp:attachment":[{"href":"https:\/\/blogg.svenskakyrkan.se\/akebonnier\/wp-json\/wp\/v2\/media?parent=544"}],"wp:term":[{"taxonomy":"category","embeddable":true,"href":"https:\/\/blogg.svenskakyrkan.se\/akebonnier\/wp-json\/wp\/v2\/categories?post=544"},{"taxonomy":"post_tag","embeddable":true,"href":"https:\/\/blogg.svenskakyrkan.se\/akebonnier\/wp-json\/wp\/v2\/tags?post=544"}],"curies":[{"name":"wp","href":"https:\/\/api.w.org\/{rel}","templated":true}]}}