{"id":547,"date":"2011-08-06T16:32:00","date_gmt":"2011-08-06T16:32:00","guid":{"rendered":"http:\/\/blogg.svenskakyrkan.se\/akebonnier\/2011\/08\/06\/sasom-dig-sjalv\/"},"modified":"2011-08-06T16:32:00","modified_gmt":"2011-08-06T16:32:00","slug":"sasom-dig-sjalv","status":"publish","type":"post","link":"https:\/\/blogg.svenskakyrkan.se\/akebonnier\/2011\/08\/06\/sasom-dig-sjalv\/","title":{"rendered":"&quot;..s\u00e5som dig sj\u00e4lv&quot;"},"content":{"rendered":"<div class=\"MsoNormal\" style=\"line-height: normal;margin: 0cm 0cm 0pt\"><span>I torsdags var jag p\u00e5 ett seminarium med bland annat rabbinen David Lazar, riksdagsledamoten Barbro Westerholm, representanter f\u00f6r HBTQ-r\u00f6relsen. \u00c4mnet handlade om transgenderfr\u00e5gor. Det kan h\u00e4nda, och det har h\u00e4nt (ca 590 personer mellan 1992-2009) att man k\u00e4nner att man har fel kropp, att kropp och djupaste identitet inte st\u00e4mmer \u00f6verens. Man kan vara f\u00f6dd med en kvinnas kropp men k\u00e4nna att man \u00e4r man och tv\u00e4rtom. Fr\u00e5gan som d\u00e5 inst\u00e4ller sig \u00e4r: Kan man f\u00e5 hj\u00e4lp med k\u00f6nskorrigering? Idag \u00e4r svaret Ja. Men&#8230; om Du vill byta k\u00f6n m\u00e5ste Du ocks\u00e5 ta konsekvenserna. Du f\u00e5r under inga omst\u00e4ndigheter bli gravid. Du m\u00e5ste steriliseras. Detta s\u00e4ger Sveriges lagstiftning idag. Om Du som kvinna vill bli en man men samtidigt ha kvar f\u00f6rm\u00e5gan att f\u00e5 ett barn, d v s om Du vill bli juridiskt sett en man, m\u00e5ste Du antingen ha passerat klimakteriet eller steriliseras. <\/span><\/div>\n<div class=\"MsoNormal\" style=\"line-height: normal;margin: 0cm 0cm 0pt\"><\/div>\n<div class=\"MsoNormal\" style=\"line-height: normal;margin: 0cm 0cm 0pt\"><span>Normalt sett kan inte en man bli gravid. Det \u00e4r vi vana att t\u00e4nka sedan \u00e5rtusenden. Thomas Beatie fr\u00e5n USA var tidigare kvinna. I USA och m\u00e5nga andra l\u00e4nder beh\u00f6ver den som k\u00f6nskorrigeras inte steriliseras. Thomas Beaties fru kunde p gr av en cansersjukdom inte f\u00f6da barn men paret ville s\u00e5 g\u00e4rna ha barn, biologiska barn, och m\u00f6jligheten fanns. Thomas blev gravid tre g\u00e5nger och f\u00f6dde familjens barn. <\/span><\/div>\n<div class=\"MsoNormal\" style=\"line-height: normal;margin: 0cm 0cm 0pt\"><\/div>\n<div class=\"MsoNormal\" style=\"line-height: normal;margin: 0cm 0cm 0pt\"><span>Vi \u00e4r ovana och kanske t\u00e4nker man spontant att n\u00e5gon sorts ordning m\u00e5ste det v\u00e4l vara. M\u00e4n kan inte f\u00e5 barn. Men vem s\u00e4ger att det inte skulle kunna vara m\u00f6jligt att l\u00e5ta m\u00e4n f\u00f6da barn? Gud skapade m\u00e4nniskan till sin avbild enligt 1:a Mosebokens f\u00f6rsta kapitel. De hebreiska ord som talar om man och kvinna kan ocks\u00e5 betyda manligt och kvinnligt. Till manligt och kvinnligt <span>&nbsp;<\/span>skapade han dem. ((1 Mos 1:26-27). Allts\u00e5; Gud skapade m\u00e4nniskan med den inneboende kvinliga respektive manliga m\u00f6jligheten. Det \u00e4r som m\u00e4nsklighet vi \u00e4r Guds avbild med hela det spektrat av&nbsp;sexuella identiteter och individdefinitioner som&nbsp;\u00e5terfinns i v\u00e5rt samh\u00e4lle. HBTQ, hetrosexuella, a-sexuella&nbsp;etc, m\u00e4nniskor som har bytt juridiskt k\u00f6n, m\u00e4nniskor som har genomg\u00e5tt k\u00f6nskorrigering, m\u00e4nniskor som \u00e4r p\u00e5 v\u00e4g in i en ny identitet som hon, han eller hen och alla vi som \u00e4r de vi \u00e4r sedan f\u00f6delsen;&nbsp;alla vi \u00e4r tillsammans Guds avbild. <\/span><\/div>\n<div class=\"MsoNormal\" style=\"line-height: normal;margin: 0cm 0cm 0pt\"><\/div>\n<div class=\"MsoNormal\" style=\"line-height: normal;margin: 0cm 0cm 0pt\"><span>Jesus p\u00e5minner oss om det dubbla k\u00e4rleksbudet som talar om att vi ska \u00e4lska v\u00e5r n\u00e4sta som oss sj\u00e4lva. Att \u00e4lska sig sj\u00e4lv \u00e4r sv\u00e5rt f\u00f6r den som finner att man inte f\u00e5r vara sig sj\u00e4lv, f\u00e5r vara den man djupast sett \u00e4r, och vara det utan att straffas av svensk lagstiftning, med tv\u00e5ngssterilisering som straffsats. <\/span><\/div>\n<div class=\"MsoNormal\" style=\"line-height: normal;margin: 0cm 0cm 0pt\"><\/div>\n<div class=\"MsoNormal\" style=\"line-height: normal;margin: 0cm 0cm 0pt\"><span>Om vi som kristna och kyrka ska kunna leva budet om att \u00e4lska v\u00e5r n\u00e4sta s\u00e5 m\u00e5ste det vara v\u00e5r n\u00e4sta som hon, han, hen vill definiera sig, inte som vi best\u00e4mmer att vederb\u00f6rande ska definiera sig. Och nu talar jag utifr\u00e5n ett genderperspektiv &#8211; inga andra perspektiv i detta resonemang. Jag f\u00f6rst\u00e5r att detta \u00e4r en sv\u00e5r fr\u00e5ga och vi har alltf\u00f6r lite samtalat om detta i kyrkans sammanhang. 2007 svarade Sveriges Kristna R\u00e5d p\u00e5 en remiss och svaret var snabbt och kanske alltf\u00f6r oreflekterat. Man st\u00f6dde tanken p\u00e5 tv\u00e5ngssterilisering. L\u00e5t oss t\u00e4nka igen. L\u00e5t oss samtala \u00f6ppet och f\u00f6rhoppningsvis komma fram till samma resultat som Socialstyrelsen, de flesta riksdagspartier och vad m\u00e5nga l\u00e4nders regeringar har fastslagit, n\u00e4mligen att ingen sterilisering alls ska vara n\u00f6dv\u00e4ndig. Socialstyrelsen skriver i sin utredning:<\/span><\/div>\n<div class=\"MsoNormal\" style=\"line-height: normal;margin: 0cm 0cm 0pt\"><i><span>Kravet p\u00e5 att den som ans\u00f6ker om \u00e4ndrad k\u00f6nstillh\u00f6righet ska vara steriliserad<\/span><\/i><\/div>\n<div class=\"MsoNormal\" style=\"line-height: normal;margin: 0cm 0cm 0pt\"><i><span>eller p\u00e5 annat s\u00e4tt sakna fortplantningsf\u00f6rm\u00e5ga ska tas bort.<\/span><\/i><\/div>\n<div class=\"MsoNormal\" style=\"line-height: normal;margin: 0cm 0cm 0pt\"><i><span>Det ska vara till\u00e5tet att frysa ner k\u00f6nsceller p\u00e5 samma villkor som ges<\/span><\/i><\/div>\n<div class=\"MsoNormal\" style=\"line-height: normal;margin: 0cm 0cm 10pt\"><i><span>andra patientgrupper.<\/span><\/i><span><\/span><\/div>\n<div class=\"MsoNormal\" style=\"line-height: normal;margin: 0cm 0cm 10pt\"><span>L\u00e5t oss ge varandra och andra m\u00f6jligeheten att \u00e4lska v\u00e5r n\u00e4sta s\u00e5som oss sj\u00e4lva!<\/span><span><\/span><\/div>\n<div class=\"blogger-post-footer\"><img width='1' height='1' src='https:\/\/blogger.googleusercontent.com\/tracker\/9055441369901436026-4569115241009581080?l=akebonnier.blogspot.com' alt='' \/><\/div>\n","protected":false},"excerpt":{"rendered":"<p>I torsdags var jag p\u00e5 ett seminarium med bland annat rabbinen David Lazar, riksdagsledamoten Barbro Westerholm, representanter f\u00f6r HBTQ-r\u00f6relsen. \u00c4mnet handlade om transgenderfr\u00e5gor. Det kan h\u00e4nda, och det har h\u00e4nt (ca 590 personer mellan 1992-2009) att man k\u00e4nner att man har fel kropp, att kropp och djupaste identitet inte st\u00e4mmer \u00f6verens. Man kan vara f\u00f6dd [&hellip;]<\/p>\n","protected":false},"author":108,"featured_media":0,"comment_status":"open","ping_status":"open","sticky":false,"template":"","format":"standard","meta":{"_acf_changed":false,"footnotes":""},"categories":[16500],"tags":[],"class_list":["post-547","post","type-post","status-publish","format-standard","hentry","category-sasom-dig-sjalv"],"acf":[],"yoast_head":"<!-- This site is optimized with the Yoast SEO plugin v27.1.1 - https:\/\/yoast.com\/product\/yoast-seo-wordpress\/ -->\n<title>&quot;..s\u00e5som dig sj\u00e4lv&quot; - \u00c5ke Bonnier<\/title>\n<meta name=\"robots\" content=\"index, follow, max-snippet:-1, max-image-preview:large, max-video-preview:-1\" \/>\n<link rel=\"canonical\" href=\"https:\/\/blogg.svenskakyrkan.se\/akebonnier\/2011\/08\/06\/sasom-dig-sjalv\/\" \/>\n<meta property=\"og:locale\" content=\"sv_SE\" \/>\n<meta property=\"og:type\" content=\"article\" \/>\n<meta property=\"og:title\" content=\"&quot;..s\u00e5som dig sj\u00e4lv&quot; - \u00c5ke Bonnier\" \/>\n<meta property=\"og:description\" content=\"I torsdags var jag p\u00e5 ett seminarium med bland annat rabbinen David Lazar, riksdagsledamoten Barbro Westerholm, representanter f\u00f6r HBTQ-r\u00f6relsen. \u00c4mnet handlade om transgenderfr\u00e5gor. Det kan h\u00e4nda, och det har h\u00e4nt (ca 590 personer mellan 1992-2009) att man k\u00e4nner att man har fel kropp, att kropp och djupaste identitet inte st\u00e4mmer \u00f6verens. Man kan vara f\u00f6dd [&hellip;]\" \/>\n<meta property=\"og:url\" content=\"https:\/\/blogg.svenskakyrkan.se\/akebonnier\/2011\/08\/06\/sasom-dig-sjalv\/\" \/>\n<meta property=\"og:site_name\" content=\"\u00c5ke Bonnier\" \/>\n<meta property=\"article:published_time\" content=\"2011-08-06T16:32:00+00:00\" \/>\n<meta property=\"og:image\" content=\"https:\/\/blogger.googleusercontent.com\/tracker\/9055441369901436026-4569115241009581080?l=akebonnier.blogspot.com\" \/>\n<meta name=\"author\" content=\"\u00c5ke Bonnier\" \/>\n<meta name=\"twitter:card\" content=\"summary_large_image\" \/>\n<meta name=\"twitter:label1\" content=\"Skriven av\" \/>\n\t<meta name=\"twitter:data1\" content=\"\u00c5ke Bonnier\" \/>\n\t<meta name=\"twitter:label2\" content=\"Ber\u00e4knad l\u00e4stid\" \/>\n\t<meta name=\"twitter:data2\" content=\"4 minuter\" \/>\n<script type=\"application\/ld+json\" class=\"yoast-schema-graph\">{\"@context\":\"https:\/\/schema.org\",\"@graph\":[{\"@type\":\"Article\",\"@id\":\"https:\/\/blogg.svenskakyrkan.se\/akebonnier\/2011\/08\/06\/sasom-dig-sjalv\/#article\",\"isPartOf\":{\"@id\":\"https:\/\/blogg.svenskakyrkan.se\/akebonnier\/2011\/08\/06\/sasom-dig-sjalv\/\"},\"author\":{\"name\":\"\u00c5ke Bonnier\",\"@id\":\"https:\/\/blogg.svenskakyrkan.se\/akebonnier\/#\/schema\/person\/8db68bc0c94f6a5a62df2d4486ff1343\"},\"headline\":\"&quot;..s\u00e5som dig sj\u00e4lv&quot;\",\"datePublished\":\"2011-08-06T16:32:00+00:00\",\"mainEntityOfPage\":{\"@id\":\"https:\/\/blogg.svenskakyrkan.se\/akebonnier\/2011\/08\/06\/sasom-dig-sjalv\/\"},\"wordCount\":721,\"commentCount\":45,\"image\":{\"@id\":\"https:\/\/blogg.svenskakyrkan.se\/akebonnier\/2011\/08\/06\/sasom-dig-sjalv\/#primaryimage\"},\"thumbnailUrl\":\"https:\/\/blogger.googleusercontent.com\/tracker\/9055441369901436026-4569115241009581080?l=akebonnier.blogspot.com\",\"articleSection\":[\"s\u00e5som dig sj\u00e4lv\"],\"inLanguage\":\"sv-SE\",\"potentialAction\":[{\"@type\":\"CommentAction\",\"name\":\"Comment\",\"target\":[\"https:\/\/blogg.svenskakyrkan.se\/akebonnier\/2011\/08\/06\/sasom-dig-sjalv\/#respond\"]}]},{\"@type\":\"WebPage\",\"@id\":\"https:\/\/blogg.svenskakyrkan.se\/akebonnier\/2011\/08\/06\/sasom-dig-sjalv\/\",\"url\":\"https:\/\/blogg.svenskakyrkan.se\/akebonnier\/2011\/08\/06\/sasom-dig-sjalv\/\",\"name\":\"&quot;..s\u00e5som dig sj\u00e4lv&quot; - \u00c5ke Bonnier\",\"isPartOf\":{\"@id\":\"https:\/\/blogg.svenskakyrkan.se\/akebonnier\/#website\"},\"primaryImageOfPage\":{\"@id\":\"https:\/\/blogg.svenskakyrkan.se\/akebonnier\/2011\/08\/06\/sasom-dig-sjalv\/#primaryimage\"},\"image\":{\"@id\":\"https:\/\/blogg.svenskakyrkan.se\/akebonnier\/2011\/08\/06\/sasom-dig-sjalv\/#primaryimage\"},\"thumbnailUrl\":\"https:\/\/blogger.googleusercontent.com\/tracker\/9055441369901436026-4569115241009581080?l=akebonnier.blogspot.com\",\"datePublished\":\"2011-08-06T16:32:00+00:00\",\"author\":{\"@id\":\"https:\/\/blogg.svenskakyrkan.se\/akebonnier\/#\/schema\/person\/8db68bc0c94f6a5a62df2d4486ff1343\"},\"breadcrumb\":{\"@id\":\"https:\/\/blogg.svenskakyrkan.se\/akebonnier\/2011\/08\/06\/sasom-dig-sjalv\/#breadcrumb\"},\"inLanguage\":\"sv-SE\",\"potentialAction\":[{\"@type\":\"ReadAction\",\"target\":[\"https:\/\/blogg.svenskakyrkan.se\/akebonnier\/2011\/08\/06\/sasom-dig-sjalv\/\"]}]},{\"@type\":\"ImageObject\",\"inLanguage\":\"sv-SE\",\"@id\":\"https:\/\/blogg.svenskakyrkan.se\/akebonnier\/2011\/08\/06\/sasom-dig-sjalv\/#primaryimage\",\"url\":\"https:\/\/blogger.googleusercontent.com\/tracker\/9055441369901436026-4569115241009581080?l=akebonnier.blogspot.com\",\"contentUrl\":\"https:\/\/blogger.googleusercontent.com\/tracker\/9055441369901436026-4569115241009581080?l=akebonnier.blogspot.com\"},{\"@type\":\"BreadcrumbList\",\"@id\":\"https:\/\/blogg.svenskakyrkan.se\/akebonnier\/2011\/08\/06\/sasom-dig-sjalv\/#breadcrumb\",\"itemListElement\":[{\"@type\":\"ListItem\",\"position\":1,\"name\":\"Hem\",\"item\":\"https:\/\/blogg.svenskakyrkan.se\/akebonnier\/\"},{\"@type\":\"ListItem\",\"position\":2,\"name\":\"&quot;..s\u00e5som dig sj\u00e4lv&quot;\"}]},{\"@type\":\"WebSite\",\"@id\":\"https:\/\/blogg.svenskakyrkan.se\/akebonnier\/#website\",\"url\":\"https:\/\/blogg.svenskakyrkan.se\/akebonnier\/\",\"name\":\"\u00c5ke Bonnier\",\"description\":\"Biskop i Svenska kyrkan - Skara stift\",\"potentialAction\":[{\"@type\":\"SearchAction\",\"target\":{\"@type\":\"EntryPoint\",\"urlTemplate\":\"https:\/\/blogg.svenskakyrkan.se\/akebonnier\/?s={search_term_string}\"},\"query-input\":{\"@type\":\"PropertyValueSpecification\",\"valueRequired\":true,\"valueName\":\"search_term_string\"}}],\"inLanguage\":\"sv-SE\"},{\"@type\":\"Person\",\"@id\":\"https:\/\/blogg.svenskakyrkan.se\/akebonnier\/#\/schema\/person\/8db68bc0c94f6a5a62df2d4486ff1343\",\"name\":\"\u00c5ke Bonnier\",\"image\":{\"@type\":\"ImageObject\",\"inLanguage\":\"sv-SE\",\"@id\":\"https:\/\/blogg.svenskakyrkan.se\/akebonnier\/#\/schema\/person\/image\/\",\"url\":\"https:\/\/secure.gravatar.com\/avatar\/b88264736bb0bc0d1ea92298aef02c9f98cfc13c7484130c42c663ae484f9462?s=96&d=mm&r=g\",\"contentUrl\":\"https:\/\/secure.gravatar.com\/avatar\/b88264736bb0bc0d1ea92298aef02c9f98cfc13c7484130c42c663ae484f9462?s=96&d=mm&r=g\",\"caption\":\"\u00c5ke Bonnier\"},\"description\":\"Jag \u00e4r gift och har tv\u00e5 vuxna d\u00f6ttrar. Pr\u00e4stvigdes 1984 och biskopsvigs 26 augusti 2012 . Jag har tidigare bland annat varit, komminister och kyrkoherde i Liding\u00f6 f\u00f6rsamling och domprost i Stockholms domkyrkof\u00f6rsamling. Jag \u00e4r intresserad av konst, litteratur, teater, film. Jag tr\u00e4nar regelbundet p\u00e5 gym. Mitt huvudsakliga musikintresse \u00e4r klassisk musik men ocks\u00e5 Beatles, Elvis Presley, Monika Zettelund, Povel Ramel och m\u00e5nga andra tycker jag om att lyssna p\u00e5. Jag l\u00e4ser f\u00f6r lite sk\u00f6nlitteratur beroende p\u00e5 annat som jag m\u00e5ste l\u00e4sa i mitt uppdrag som biskop. Men jag \u00e4lskar b\u00f6cker. Naturligtvis l\u00e4ser jag n\u00e4st intill dagligdags i \\\"B\u00f6ckernas Bok.\\\"\",\"sameAs\":[\"http:\/\/www.skarastift.se\"],\"url\":\"https:\/\/blogg.svenskakyrkan.se\/akebonnier\/author\/akebonnier\/\"}]}<\/script>\n<!-- \/ Yoast SEO plugin. -->","yoast_head_json":{"title":"&quot;..s\u00e5som dig sj\u00e4lv&quot; - \u00c5ke Bonnier","robots":{"index":"index","follow":"follow","max-snippet":"max-snippet:-1","max-image-preview":"max-image-preview:large","max-video-preview":"max-video-preview:-1"},"canonical":"https:\/\/blogg.svenskakyrkan.se\/akebonnier\/2011\/08\/06\/sasom-dig-sjalv\/","og_locale":"sv_SE","og_type":"article","og_title":"&quot;..s\u00e5som dig sj\u00e4lv&quot; - \u00c5ke Bonnier","og_description":"I torsdags var jag p\u00e5 ett seminarium med bland annat rabbinen David Lazar, riksdagsledamoten Barbro Westerholm, representanter f\u00f6r HBTQ-r\u00f6relsen. \u00c4mnet handlade om transgenderfr\u00e5gor. Det kan h\u00e4nda, och det har h\u00e4nt (ca 590 personer mellan 1992-2009) att man k\u00e4nner att man har fel kropp, att kropp och djupaste identitet inte st\u00e4mmer \u00f6verens. Man kan vara f\u00f6dd [&hellip;]","og_url":"https:\/\/blogg.svenskakyrkan.se\/akebonnier\/2011\/08\/06\/sasom-dig-sjalv\/","og_site_name":"\u00c5ke Bonnier","article_published_time":"2011-08-06T16:32:00+00:00","og_image":[{"url":"https:\/\/blogger.googleusercontent.com\/tracker\/9055441369901436026-4569115241009581080?l=akebonnier.blogspot.com","type":"","width":"","height":""}],"author":"\u00c5ke Bonnier","twitter_card":"summary_large_image","twitter_misc":{"Skriven av":"\u00c5ke Bonnier","Ber\u00e4knad l\u00e4stid":"4 minuter"},"schema":{"@context":"https:\/\/schema.org","@graph":[{"@type":"Article","@id":"https:\/\/blogg.svenskakyrkan.se\/akebonnier\/2011\/08\/06\/sasom-dig-sjalv\/#article","isPartOf":{"@id":"https:\/\/blogg.svenskakyrkan.se\/akebonnier\/2011\/08\/06\/sasom-dig-sjalv\/"},"author":{"name":"\u00c5ke Bonnier","@id":"https:\/\/blogg.svenskakyrkan.se\/akebonnier\/#\/schema\/person\/8db68bc0c94f6a5a62df2d4486ff1343"},"headline":"&quot;..s\u00e5som dig sj\u00e4lv&quot;","datePublished":"2011-08-06T16:32:00+00:00","mainEntityOfPage":{"@id":"https:\/\/blogg.svenskakyrkan.se\/akebonnier\/2011\/08\/06\/sasom-dig-sjalv\/"},"wordCount":721,"commentCount":45,"image":{"@id":"https:\/\/blogg.svenskakyrkan.se\/akebonnier\/2011\/08\/06\/sasom-dig-sjalv\/#primaryimage"},"thumbnailUrl":"https:\/\/blogger.googleusercontent.com\/tracker\/9055441369901436026-4569115241009581080?l=akebonnier.blogspot.com","articleSection":["s\u00e5som dig sj\u00e4lv"],"inLanguage":"sv-SE","potentialAction":[{"@type":"CommentAction","name":"Comment","target":["https:\/\/blogg.svenskakyrkan.se\/akebonnier\/2011\/08\/06\/sasom-dig-sjalv\/#respond"]}]},{"@type":"WebPage","@id":"https:\/\/blogg.svenskakyrkan.se\/akebonnier\/2011\/08\/06\/sasom-dig-sjalv\/","url":"https:\/\/blogg.svenskakyrkan.se\/akebonnier\/2011\/08\/06\/sasom-dig-sjalv\/","name":"&quot;..s\u00e5som dig sj\u00e4lv&quot; - \u00c5ke Bonnier","isPartOf":{"@id":"https:\/\/blogg.svenskakyrkan.se\/akebonnier\/#website"},"primaryImageOfPage":{"@id":"https:\/\/blogg.svenskakyrkan.se\/akebonnier\/2011\/08\/06\/sasom-dig-sjalv\/#primaryimage"},"image":{"@id":"https:\/\/blogg.svenskakyrkan.se\/akebonnier\/2011\/08\/06\/sasom-dig-sjalv\/#primaryimage"},"thumbnailUrl":"https:\/\/blogger.googleusercontent.com\/tracker\/9055441369901436026-4569115241009581080?l=akebonnier.blogspot.com","datePublished":"2011-08-06T16:32:00+00:00","author":{"@id":"https:\/\/blogg.svenskakyrkan.se\/akebonnier\/#\/schema\/person\/8db68bc0c94f6a5a62df2d4486ff1343"},"breadcrumb":{"@id":"https:\/\/blogg.svenskakyrkan.se\/akebonnier\/2011\/08\/06\/sasom-dig-sjalv\/#breadcrumb"},"inLanguage":"sv-SE","potentialAction":[{"@type":"ReadAction","target":["https:\/\/blogg.svenskakyrkan.se\/akebonnier\/2011\/08\/06\/sasom-dig-sjalv\/"]}]},{"@type":"ImageObject","inLanguage":"sv-SE","@id":"https:\/\/blogg.svenskakyrkan.se\/akebonnier\/2011\/08\/06\/sasom-dig-sjalv\/#primaryimage","url":"https:\/\/blogger.googleusercontent.com\/tracker\/9055441369901436026-4569115241009581080?l=akebonnier.blogspot.com","contentUrl":"https:\/\/blogger.googleusercontent.com\/tracker\/9055441369901436026-4569115241009581080?l=akebonnier.blogspot.com"},{"@type":"BreadcrumbList","@id":"https:\/\/blogg.svenskakyrkan.se\/akebonnier\/2011\/08\/06\/sasom-dig-sjalv\/#breadcrumb","itemListElement":[{"@type":"ListItem","position":1,"name":"Hem","item":"https:\/\/blogg.svenskakyrkan.se\/akebonnier\/"},{"@type":"ListItem","position":2,"name":"&quot;..s\u00e5som dig sj\u00e4lv&quot;"}]},{"@type":"WebSite","@id":"https:\/\/blogg.svenskakyrkan.se\/akebonnier\/#website","url":"https:\/\/blogg.svenskakyrkan.se\/akebonnier\/","name":"\u00c5ke Bonnier","description":"Biskop i Svenska kyrkan - Skara stift","potentialAction":[{"@type":"SearchAction","target":{"@type":"EntryPoint","urlTemplate":"https:\/\/blogg.svenskakyrkan.se\/akebonnier\/?s={search_term_string}"},"query-input":{"@type":"PropertyValueSpecification","valueRequired":true,"valueName":"search_term_string"}}],"inLanguage":"sv-SE"},{"@type":"Person","@id":"https:\/\/blogg.svenskakyrkan.se\/akebonnier\/#\/schema\/person\/8db68bc0c94f6a5a62df2d4486ff1343","name":"\u00c5ke Bonnier","image":{"@type":"ImageObject","inLanguage":"sv-SE","@id":"https:\/\/blogg.svenskakyrkan.se\/akebonnier\/#\/schema\/person\/image\/","url":"https:\/\/secure.gravatar.com\/avatar\/b88264736bb0bc0d1ea92298aef02c9f98cfc13c7484130c42c663ae484f9462?s=96&d=mm&r=g","contentUrl":"https:\/\/secure.gravatar.com\/avatar\/b88264736bb0bc0d1ea92298aef02c9f98cfc13c7484130c42c663ae484f9462?s=96&d=mm&r=g","caption":"\u00c5ke Bonnier"},"description":"Jag \u00e4r gift och har tv\u00e5 vuxna d\u00f6ttrar. Pr\u00e4stvigdes 1984 och biskopsvigs 26 augusti 2012 . Jag har tidigare bland annat varit, komminister och kyrkoherde i Liding\u00f6 f\u00f6rsamling och domprost i Stockholms domkyrkof\u00f6rsamling. Jag \u00e4r intresserad av konst, litteratur, teater, film. Jag tr\u00e4nar regelbundet p\u00e5 gym. Mitt huvudsakliga musikintresse \u00e4r klassisk musik men ocks\u00e5 Beatles, Elvis Presley, Monika Zettelund, Povel Ramel och m\u00e5nga andra tycker jag om att lyssna p\u00e5. Jag l\u00e4ser f\u00f6r lite sk\u00f6nlitteratur beroende p\u00e5 annat som jag m\u00e5ste l\u00e4sa i mitt uppdrag som biskop. Men jag \u00e4lskar b\u00f6cker. Naturligtvis l\u00e4ser jag n\u00e4st intill dagligdags i \"B\u00f6ckernas Bok.\"","sameAs":["http:\/\/www.skarastift.se"],"url":"https:\/\/blogg.svenskakyrkan.se\/akebonnier\/author\/akebonnier\/"}]}},"author_meta":{"ID":"108","user_nicename":"akebonnier","user_url":"http:\/\/www.skarastift.se","user_registered":"2011-10-11 09:24:48","display_name":"\u00c5ke Bonnier","first_name":"\u00c5ke","last_name":"Bonnier","avatar":"https:\/\/secure.gravatar.com\/avatar\/b88264736bb0bc0d1ea92298aef02c9f98cfc13c7484130c42c663ae484f9462?s=96&d=mm&r=g"},"featured_image":false,"bloginfo":{"name":"\u00c5ke Bonnier","url":"https:\/\/blogg.svenskakyrkan.se\/akebonnier"},"_links":{"self":[{"href":"https:\/\/blogg.svenskakyrkan.se\/akebonnier\/wp-json\/wp\/v2\/posts\/547","targetHints":{"allow":["GET"]}}],"collection":[{"href":"https:\/\/blogg.svenskakyrkan.se\/akebonnier\/wp-json\/wp\/v2\/posts"}],"about":[{"href":"https:\/\/blogg.svenskakyrkan.se\/akebonnier\/wp-json\/wp\/v2\/types\/post"}],"author":[{"embeddable":true,"href":"https:\/\/blogg.svenskakyrkan.se\/akebonnier\/wp-json\/wp\/v2\/users\/108"}],"replies":[{"embeddable":true,"href":"https:\/\/blogg.svenskakyrkan.se\/akebonnier\/wp-json\/wp\/v2\/comments?post=547"}],"version-history":[{"count":0,"href":"https:\/\/blogg.svenskakyrkan.se\/akebonnier\/wp-json\/wp\/v2\/posts\/547\/revisions"}],"wp:attachment":[{"href":"https:\/\/blogg.svenskakyrkan.se\/akebonnier\/wp-json\/wp\/v2\/media?parent=547"}],"wp:term":[{"taxonomy":"category","embeddable":true,"href":"https:\/\/blogg.svenskakyrkan.se\/akebonnier\/wp-json\/wp\/v2\/categories?post=547"},{"taxonomy":"post_tag","embeddable":true,"href":"https:\/\/blogg.svenskakyrkan.se\/akebonnier\/wp-json\/wp\/v2\/tags?post=547"}],"curies":[{"name":"wp","href":"https:\/\/api.w.org\/{rel}","templated":true}]}}