{"id":551,"date":"2011-08-26T20:20:00","date_gmt":"2011-08-26T20:20:00","guid":{"rendered":"http:\/\/blogg.svenskakyrkan.se\/akebonnier\/2011\/08\/26\/bara-for-att-jag-alskar-min-egen-hustru\/"},"modified":"2011-08-26T20:20:00","modified_gmt":"2011-08-26T20:20:00","slug":"bara-for-att-jag-alskar-min-egen-hustru","status":"publish","type":"post","link":"https:\/\/blogg.svenskakyrkan.se\/akebonnier\/2011\/08\/26\/bara-for-att-jag-alskar-min-egen-hustru\/","title":{"rendered":"Bara f\u00f6r att jag \u00e4lskar min egen hustru&#8230;"},"content":{"rendered":"<div class=\"MsoNormal\" style=\"line-height: normal;margin: 0cm 0cm 0pt\"><span>Pr\u00e4sterna Helena Edlund, Annika Borg och Christer Hugo g\u00e5r i tv\u00e5 olika artiklar (Borgs och Hugos artikel finns <a href=\"http:\/\/www.kyrkanstidning.se\/ledare_och_debatt\/debatt\/ar_evangeliet_en_krankning_for_andra_0_18172.news.aspx\">h\u00e4r<\/a>)&nbsp;till n\u00e5gon form av attack mot den typen av religionsdialog som st\u00e4ller sig positiv till att Gud m\u00f6ter i andra religioner. Nej, man s\u00e4ger inte direkt s\u00e5, men man talar p\u00e5 olika s\u00e4tt om att tongivande f\u00f6retr\u00e4dare f\u00f6r kyrkan krattar manegen f\u00f6r en annan religion. Och s\u00e5 ifr\u00e5gas\u00e4tter man detta och talar om att det har blivit utmanande att kalla sig kristen.<\/span><\/div>\n<div class=\"MsoNormal\" style=\"line-height: normal;margin: 0cm 0cm 0pt\"><\/div>\n<div class=\"MsoNormal\" style=\"line-height: normal;margin: 0cm 0cm 0pt\"><span>Vad \u00e4r det att vara kristen? Jag har st\u00e4llt fr\u00e5gan tidigare och svarat: Att vara kristen \u00e4r att tro p\u00e5 Jesus Kristus, att tro att Gud har m\u00f6tt oss p\u00e5 ett unikt s\u00e4tt i en historisk person (inkarnationen), att Jesus har undervisat i ord och handling och samlat l\u00e4rjungar, att han har utmanat etablissemanget p\u00e5 ett s\u00e5dant s\u00e4tt att han d\u00f6mdes till d\u00f6den p\u00e5 ett kors, att han har d\u00f6tt men uppst\u00e5tt p\u00e5 tredje dagen fr\u00e5n de d\u00f6da och att han, genom den Heliga Anden, lever och verkar bland oss \u00e4n idag. S\u00e5 ungef\u00e4r sammanfattas tron ocks\u00e5 i den apostoliska trosbek\u00e4nnelsens tv\u00e5 sista artilar. Den f\u00f6rsta talar om Gud som alltings skapare och ursprung &#8211; en tanke som vi delar med b\u00e5de Islam och judendomen.<\/span><\/div>\n<div class=\"MsoNormal\" style=\"line-height: normal;margin: 0cm 0cm 0pt\"><\/div>\n<div class=\"MsoNormal\" style=\"line-height: normal;margin: 0cm 0cm 0pt\"><span>N\u00e4r jag bek\u00e4nner mig till detta, vilket \u00e4r viktigt f\u00f6r mig, s\u00e4ger jag ingenting om Guds begr\u00e4nsning. Gud kan mycket v\u00e4l m\u00f6ta ocks\u00e5 p\u00e5 andra s\u00e4tt och jag delar den bortg\u00e5ngne biskopen och bibelforskaren Krister Stendahls \u00f6vertygelse att bara f\u00f6r att man \u00e4lskar sin egen hustru beh\u00f6ver man inte hata alla andras. D v s, bara f\u00f6r att jag vill lovsjunga Jesus beh\u00f6ver inte det betyda att jag vill hindra min muslimske v\u00e4n att lovsjunga Gud ur sitt perspektiv.<\/span><\/div>\n<div class=\"MsoNormal\" style=\"line-height: normal;margin: 0cm 0cm 0pt\"><\/div>\n<div class=\"MsoNormal\" style=\"line-height: normal;margin: 0cm 0cm 0pt\"><span>Jag tycker det \u00e4r djupt beklagligt att de ovan n\u00e4mnda pr\u00e4sterna, k\u00e4nner \u00e5tminstone tv\u00e5 av dem som kloka och bra personer, ska rallarsvinga p\u00e5 det s\u00e4tt som g\u00f6rs i deras artiklar. Visst, l\u00e5t oss i v\u00e5r kristna kyrkor och som kristna st\u00e5 upp f\u00f6r Jesus, visa p\u00e5 vad han betyder f\u00f6r oss, visa p\u00e5 v\u00e5r k\u00e4rlek till honom, tala tydligt om honom och inte minst leva det han utmanar oss till. Men l\u00e5t oss se p\u00e5 v\u00e5r medbroder och medsyster muslimen och v\u00e5r judiska medsyster och medbroder som just syskon. Vi har ju en och samme &#8221;Far&#8221;. Det finns bara en Gud och Gud \u00e4r en och samtidigt treenig s\u00e5som vi kristna f\u00f6rst\u00e5r Gud.<\/span><\/div>\n<div class=\"MsoNormal\" style=\"line-height: normal;margin: 0cm 0cm 0pt\"><\/div>\n<div class=\"MsoNormal\" style=\"line-height: normal;margin: 0cm 0cm 0pt\"><span>I Koranen kan vi hitta fruktansv\u00e4rda verser. Vi kan h\u00e5lla fram det s\u00e4msta inom Islam och f\u00f6rfasa oss i ljuset av det b\u00e4sta inom den kristna tros\u00f6vertygelsen. Men varf\u00f6r ska vi g\u00f6ra det? Borde vi inte ist\u00e4llet h\u00e5lla fram det b\u00e4sta inom Islam och j\u00e4mf\u00f6ra med det b\u00e4sta inom den kristna tros\u00f6vertygelsen? Krister Stendahl understr\u00f6k vikten av just detta. Det finns en del i Bibeln som handlar om tillspillogivning, underkastelse o s v som vi \u00e4r m\u00e5nga som har sv\u00e5rt f\u00f6r. Slaveriet, som Paulus f\u00f6rsvarar, eller \u00e5tminstone inte vill f\u00f6r\u00e4ndra i v\u00e4ntan p\u00e5 Kristus, \u00e4r vi ocks\u00e5 n\u00e5gra som tar avst\u00e5nd fr\u00e5n. Ja, s\u00e4kert kan den som vill, hitta fler saker i v\u00e5r heliga skrift som vi har sv\u00e5rt att bejaka. <\/span><\/div>\n<div class=\"MsoNormal\" style=\"line-height: normal;margin: 0cm 0cm 0pt\"><\/div>\n<div class=\"MsoNormal\" style=\"line-height: normal;margin: 0cm 0cm 0pt\"><span>N\u00e4r vi talar om religionsdialog i Sverige, \u00e4r det naturligtvis skillnad mot religionsdialog i mellan\u00f6stern. I Israel och Palestina \u00e4r det inte s\u00e5 &#8221;enkelt&#8221; som i Sverige. Samtidigt finns det viktiga grupper. Biskop Munib Yunan i Jerusalem (ordf i Lutherska v\u00e4rldsf\u00f6rbundet) samlar regelbundet f\u00f6retr\u00e4dare f\u00f6r olika religioner f\u00f6r samtal. Kan han, kan vi. I ett multireligi\u00f6st och multikulturellt Sverige \u00e4r det viktigt att f\u00f6ra denna dialog, att be tillsammans, att fira gudstj\u00e4nst tillsammans s\u00e5 l\u00e5ngt det \u00e4r m\u00f6jligt. Ofta \u00e4r det Svenska kyrkan som tar initiativet, men jag \u00e4r glad f\u00f6r det initiativet. Den nye rabbinen i Stockholm David Lazar anordnade en interreligi\u00f6s sabbatsgudstj\u00e4nst i Prideveckan vid vilken jag var inbjuden att s\u00e4ga n\u00e5gra ord. Under samma festival var rabbinen i Storkyrkan och bad och l\u00e4ste text i samband med K\u00e4rlekens m\u00e4ssa. I den kommande gudstj\u00e4nsten vid riksm\u00f6tets \u00f6ppnande kommer de tre monoteistiska religionerna vara f\u00f6retr\u00e4dda. Det finns bara en Gud och Gud har m\u00e5nga v\u00e4gar men jag f\u00e5r vara stolt \u00f6ver och st\u00e5 upp f\u00f6r och tydligt bek\u00e4nna mig till den V\u00e4gen som heter Jesus Kristus.<\/span><\/div>\n<div class=\"MsoNormal\" style=\"line-height: normal;margin: 0cm 0cm 0pt\"><\/div>\n<div class=\"MsoNormal\" style=\"line-height: normal;margin: 0cm 0cm 0pt\"><span>S\u00e5 Helena Edlund, Annika Borg och Christer Hugo, vi har en monoteistisk tro samtidigt som vi bek\u00e4nner oss till treenigheten. Det \u00e4r en del av det kristna mysteriet. Det f\u00e5r ni och vi andra som vill kalla oss kristna st\u00e5 upp f\u00f6r och vara tydliga med. S\u00e5 uppfattar vi den ende Guden. D\u00e4rf\u00f6r kan vi s\u00e4ga med Martin Luther och ur v\u00e5rt perspektiv med ord som f\u00e5r g\u00e4lla f\u00f6r oss som kristna med v\u00e5r kristna tolkning: Kristus endast, tron endast, n\u00e5den endast, Bibeln endast, all \u00e4ra endast \u00e5t Gud. Men Krister Stendahls generositetsprincip b\u00e5de kan och m\u00e5ste f\u00e5 r\u00e5da utan att vi p\u00e5 n\u00e5got s\u00e4tt skulle f\u00f6rminska v\u00e5r Herre och M\u00e4stare. Som sagt: <\/span><\/div>\n<div class=\"MsoNormal\" style=\"line-height: normal;margin: 0cm 0cm 0pt\"><span>Sole Deo Gloria!<\/span><\/div>\n<div class=\"blogger-post-footer\"><img width='1' height='1' src='https:\/\/blogger.googleusercontent.com\/tracker\/9055441369901436026-954789811274012956?l=akebonnier.blogspot.com' alt='' \/><\/div>\n","protected":false},"excerpt":{"rendered":"<p>Pr\u00e4sterna Helena Edlund, Annika Borg och Christer Hugo g\u00e5r i tv\u00e5 olika artiklar (Borgs och Hugos artikel finns h\u00e4r)&nbsp;till n\u00e5gon form av attack mot den typen av religionsdialog som st\u00e4ller sig positiv till att Gud m\u00f6ter i andra religioner. Nej, man s\u00e4ger inte direkt s\u00e5, men man talar p\u00e5 olika s\u00e4tt om att tongivande f\u00f6retr\u00e4dare [&hellip;]<\/p>\n","protected":false},"author":108,"featured_media":0,"comment_status":"open","ping_status":"open","sticky":false,"template":"","format":"standard","meta":{"_acf_changed":false,"footnotes":""},"categories":[16503],"tags":[],"class_list":["post-551","post","type-post","status-publish","format-standard","hentry","category-bara-for-att-jag-alskar-min-egen-hustru"],"acf":[],"yoast_head":"<!-- This site is optimized with the Yoast SEO plugin v27.1.1 - https:\/\/yoast.com\/product\/yoast-seo-wordpress\/ -->\n<title>Bara f\u00f6r att jag \u00e4lskar min egen hustru... - \u00c5ke Bonnier<\/title>\n<meta name=\"robots\" content=\"index, follow, max-snippet:-1, max-image-preview:large, max-video-preview:-1\" \/>\n<link rel=\"canonical\" href=\"https:\/\/blogg.svenskakyrkan.se\/akebonnier\/2011\/08\/26\/bara-for-att-jag-alskar-min-egen-hustru\/\" \/>\n<meta property=\"og:locale\" content=\"sv_SE\" \/>\n<meta property=\"og:type\" content=\"article\" \/>\n<meta property=\"og:title\" content=\"Bara f\u00f6r att jag \u00e4lskar min egen hustru... - \u00c5ke Bonnier\" \/>\n<meta property=\"og:description\" content=\"Pr\u00e4sterna Helena Edlund, Annika Borg och Christer Hugo g\u00e5r i tv\u00e5 olika artiklar (Borgs och Hugos artikel finns h\u00e4r)&nbsp;till n\u00e5gon form av attack mot den typen av religionsdialog som st\u00e4ller sig positiv till att Gud m\u00f6ter i andra religioner. Nej, man s\u00e4ger inte direkt s\u00e5, men man talar p\u00e5 olika s\u00e4tt om att tongivande f\u00f6retr\u00e4dare [&hellip;]\" \/>\n<meta property=\"og:url\" content=\"https:\/\/blogg.svenskakyrkan.se\/akebonnier\/2011\/08\/26\/bara-for-att-jag-alskar-min-egen-hustru\/\" \/>\n<meta property=\"og:site_name\" content=\"\u00c5ke Bonnier\" \/>\n<meta property=\"article:published_time\" content=\"2011-08-26T20:20:00+00:00\" \/>\n<meta property=\"og:image\" content=\"https:\/\/blogger.googleusercontent.com\/tracker\/9055441369901436026-954789811274012956?l=akebonnier.blogspot.com\" \/>\n<meta name=\"author\" content=\"\u00c5ke Bonnier\" \/>\n<meta name=\"twitter:card\" content=\"summary_large_image\" \/>\n<meta name=\"twitter:label1\" content=\"Skriven av\" \/>\n\t<meta name=\"twitter:data1\" content=\"\u00c5ke Bonnier\" \/>\n\t<meta name=\"twitter:label2\" content=\"Ber\u00e4knad l\u00e4stid\" \/>\n\t<meta name=\"twitter:data2\" content=\"5 minuter\" \/>\n<script type=\"application\/ld+json\" class=\"yoast-schema-graph\">{\"@context\":\"https:\/\/schema.org\",\"@graph\":[{\"@type\":\"Article\",\"@id\":\"https:\/\/blogg.svenskakyrkan.se\/akebonnier\/2011\/08\/26\/bara-for-att-jag-alskar-min-egen-hustru\/#article\",\"isPartOf\":{\"@id\":\"https:\/\/blogg.svenskakyrkan.se\/akebonnier\/2011\/08\/26\/bara-for-att-jag-alskar-min-egen-hustru\/\"},\"author\":{\"name\":\"\u00c5ke Bonnier\",\"@id\":\"https:\/\/blogg.svenskakyrkan.se\/akebonnier\/#\/schema\/person\/8db68bc0c94f6a5a62df2d4486ff1343\"},\"headline\":\"Bara f\u00f6r att jag \u00e4lskar min egen hustru&#8230;\",\"datePublished\":\"2011-08-26T20:20:00+00:00\",\"mainEntityOfPage\":{\"@id\":\"https:\/\/blogg.svenskakyrkan.se\/akebonnier\/2011\/08\/26\/bara-for-att-jag-alskar-min-egen-hustru\/\"},\"wordCount\":965,\"commentCount\":109,\"image\":{\"@id\":\"https:\/\/blogg.svenskakyrkan.se\/akebonnier\/2011\/08\/26\/bara-for-att-jag-alskar-min-egen-hustru\/#primaryimage\"},\"thumbnailUrl\":\"https:\/\/blogger.googleusercontent.com\/tracker\/9055441369901436026-954789811274012956?l=akebonnier.blogspot.com\",\"articleSection\":[\"Bara f\u00f6r att jag \u00e4lskar min egen hustru\"],\"inLanguage\":\"sv-SE\",\"potentialAction\":[{\"@type\":\"CommentAction\",\"name\":\"Comment\",\"target\":[\"https:\/\/blogg.svenskakyrkan.se\/akebonnier\/2011\/08\/26\/bara-for-att-jag-alskar-min-egen-hustru\/#respond\"]}]},{\"@type\":\"WebPage\",\"@id\":\"https:\/\/blogg.svenskakyrkan.se\/akebonnier\/2011\/08\/26\/bara-for-att-jag-alskar-min-egen-hustru\/\",\"url\":\"https:\/\/blogg.svenskakyrkan.se\/akebonnier\/2011\/08\/26\/bara-for-att-jag-alskar-min-egen-hustru\/\",\"name\":\"Bara f\u00f6r att jag \u00e4lskar min egen hustru... - \u00c5ke Bonnier\",\"isPartOf\":{\"@id\":\"https:\/\/blogg.svenskakyrkan.se\/akebonnier\/#website\"},\"primaryImageOfPage\":{\"@id\":\"https:\/\/blogg.svenskakyrkan.se\/akebonnier\/2011\/08\/26\/bara-for-att-jag-alskar-min-egen-hustru\/#primaryimage\"},\"image\":{\"@id\":\"https:\/\/blogg.svenskakyrkan.se\/akebonnier\/2011\/08\/26\/bara-for-att-jag-alskar-min-egen-hustru\/#primaryimage\"},\"thumbnailUrl\":\"https:\/\/blogger.googleusercontent.com\/tracker\/9055441369901436026-954789811274012956?l=akebonnier.blogspot.com\",\"datePublished\":\"2011-08-26T20:20:00+00:00\",\"author\":{\"@id\":\"https:\/\/blogg.svenskakyrkan.se\/akebonnier\/#\/schema\/person\/8db68bc0c94f6a5a62df2d4486ff1343\"},\"breadcrumb\":{\"@id\":\"https:\/\/blogg.svenskakyrkan.se\/akebonnier\/2011\/08\/26\/bara-for-att-jag-alskar-min-egen-hustru\/#breadcrumb\"},\"inLanguage\":\"sv-SE\",\"potentialAction\":[{\"@type\":\"ReadAction\",\"target\":[\"https:\/\/blogg.svenskakyrkan.se\/akebonnier\/2011\/08\/26\/bara-for-att-jag-alskar-min-egen-hustru\/\"]}]},{\"@type\":\"ImageObject\",\"inLanguage\":\"sv-SE\",\"@id\":\"https:\/\/blogg.svenskakyrkan.se\/akebonnier\/2011\/08\/26\/bara-for-att-jag-alskar-min-egen-hustru\/#primaryimage\",\"url\":\"https:\/\/blogger.googleusercontent.com\/tracker\/9055441369901436026-954789811274012956?l=akebonnier.blogspot.com\",\"contentUrl\":\"https:\/\/blogger.googleusercontent.com\/tracker\/9055441369901436026-954789811274012956?l=akebonnier.blogspot.com\"},{\"@type\":\"BreadcrumbList\",\"@id\":\"https:\/\/blogg.svenskakyrkan.se\/akebonnier\/2011\/08\/26\/bara-for-att-jag-alskar-min-egen-hustru\/#breadcrumb\",\"itemListElement\":[{\"@type\":\"ListItem\",\"position\":1,\"name\":\"Hem\",\"item\":\"https:\/\/blogg.svenskakyrkan.se\/akebonnier\/\"},{\"@type\":\"ListItem\",\"position\":2,\"name\":\"Bara f\u00f6r att jag \u00e4lskar min egen hustru&#8230;\"}]},{\"@type\":\"WebSite\",\"@id\":\"https:\/\/blogg.svenskakyrkan.se\/akebonnier\/#website\",\"url\":\"https:\/\/blogg.svenskakyrkan.se\/akebonnier\/\",\"name\":\"\u00c5ke Bonnier\",\"description\":\"Biskop i Svenska kyrkan - Skara stift\",\"potentialAction\":[{\"@type\":\"SearchAction\",\"target\":{\"@type\":\"EntryPoint\",\"urlTemplate\":\"https:\/\/blogg.svenskakyrkan.se\/akebonnier\/?s={search_term_string}\"},\"query-input\":{\"@type\":\"PropertyValueSpecification\",\"valueRequired\":true,\"valueName\":\"search_term_string\"}}],\"inLanguage\":\"sv-SE\"},{\"@type\":\"Person\",\"@id\":\"https:\/\/blogg.svenskakyrkan.se\/akebonnier\/#\/schema\/person\/8db68bc0c94f6a5a62df2d4486ff1343\",\"name\":\"\u00c5ke Bonnier\",\"image\":{\"@type\":\"ImageObject\",\"inLanguage\":\"sv-SE\",\"@id\":\"https:\/\/blogg.svenskakyrkan.se\/akebonnier\/#\/schema\/person\/image\/\",\"url\":\"https:\/\/secure.gravatar.com\/avatar\/b88264736bb0bc0d1ea92298aef02c9f98cfc13c7484130c42c663ae484f9462?s=96&d=mm&r=g\",\"contentUrl\":\"https:\/\/secure.gravatar.com\/avatar\/b88264736bb0bc0d1ea92298aef02c9f98cfc13c7484130c42c663ae484f9462?s=96&d=mm&r=g\",\"caption\":\"\u00c5ke Bonnier\"},\"description\":\"Jag \u00e4r gift och har tv\u00e5 vuxna d\u00f6ttrar. Pr\u00e4stvigdes 1984 och biskopsvigs 26 augusti 2012 . Jag har tidigare bland annat varit, komminister och kyrkoherde i Liding\u00f6 f\u00f6rsamling och domprost i Stockholms domkyrkof\u00f6rsamling. Jag \u00e4r intresserad av konst, litteratur, teater, film. Jag tr\u00e4nar regelbundet p\u00e5 gym. Mitt huvudsakliga musikintresse \u00e4r klassisk musik men ocks\u00e5 Beatles, Elvis Presley, Monika Zettelund, Povel Ramel och m\u00e5nga andra tycker jag om att lyssna p\u00e5. Jag l\u00e4ser f\u00f6r lite sk\u00f6nlitteratur beroende p\u00e5 annat som jag m\u00e5ste l\u00e4sa i mitt uppdrag som biskop. Men jag \u00e4lskar b\u00f6cker. Naturligtvis l\u00e4ser jag n\u00e4st intill dagligdags i \\\"B\u00f6ckernas Bok.\\\"\",\"sameAs\":[\"http:\/\/www.skarastift.se\"],\"url\":\"https:\/\/blogg.svenskakyrkan.se\/akebonnier\/author\/akebonnier\/\"}]}<\/script>\n<!-- \/ Yoast SEO plugin. -->","yoast_head_json":{"title":"Bara f\u00f6r att jag \u00e4lskar min egen hustru... - \u00c5ke Bonnier","robots":{"index":"index","follow":"follow","max-snippet":"max-snippet:-1","max-image-preview":"max-image-preview:large","max-video-preview":"max-video-preview:-1"},"canonical":"https:\/\/blogg.svenskakyrkan.se\/akebonnier\/2011\/08\/26\/bara-for-att-jag-alskar-min-egen-hustru\/","og_locale":"sv_SE","og_type":"article","og_title":"Bara f\u00f6r att jag \u00e4lskar min egen hustru... - \u00c5ke Bonnier","og_description":"Pr\u00e4sterna Helena Edlund, Annika Borg och Christer Hugo g\u00e5r i tv\u00e5 olika artiklar (Borgs och Hugos artikel finns h\u00e4r)&nbsp;till n\u00e5gon form av attack mot den typen av religionsdialog som st\u00e4ller sig positiv till att Gud m\u00f6ter i andra religioner. Nej, man s\u00e4ger inte direkt s\u00e5, men man talar p\u00e5 olika s\u00e4tt om att tongivande f\u00f6retr\u00e4dare [&hellip;]","og_url":"https:\/\/blogg.svenskakyrkan.se\/akebonnier\/2011\/08\/26\/bara-for-att-jag-alskar-min-egen-hustru\/","og_site_name":"\u00c5ke Bonnier","article_published_time":"2011-08-26T20:20:00+00:00","og_image":[{"url":"https:\/\/blogger.googleusercontent.com\/tracker\/9055441369901436026-954789811274012956?l=akebonnier.blogspot.com","type":"","width":"","height":""}],"author":"\u00c5ke Bonnier","twitter_card":"summary_large_image","twitter_misc":{"Skriven av":"\u00c5ke Bonnier","Ber\u00e4knad l\u00e4stid":"5 minuter"},"schema":{"@context":"https:\/\/schema.org","@graph":[{"@type":"Article","@id":"https:\/\/blogg.svenskakyrkan.se\/akebonnier\/2011\/08\/26\/bara-for-att-jag-alskar-min-egen-hustru\/#article","isPartOf":{"@id":"https:\/\/blogg.svenskakyrkan.se\/akebonnier\/2011\/08\/26\/bara-for-att-jag-alskar-min-egen-hustru\/"},"author":{"name":"\u00c5ke Bonnier","@id":"https:\/\/blogg.svenskakyrkan.se\/akebonnier\/#\/schema\/person\/8db68bc0c94f6a5a62df2d4486ff1343"},"headline":"Bara f\u00f6r att jag \u00e4lskar min egen hustru&#8230;","datePublished":"2011-08-26T20:20:00+00:00","mainEntityOfPage":{"@id":"https:\/\/blogg.svenskakyrkan.se\/akebonnier\/2011\/08\/26\/bara-for-att-jag-alskar-min-egen-hustru\/"},"wordCount":965,"commentCount":109,"image":{"@id":"https:\/\/blogg.svenskakyrkan.se\/akebonnier\/2011\/08\/26\/bara-for-att-jag-alskar-min-egen-hustru\/#primaryimage"},"thumbnailUrl":"https:\/\/blogger.googleusercontent.com\/tracker\/9055441369901436026-954789811274012956?l=akebonnier.blogspot.com","articleSection":["Bara f\u00f6r att jag \u00e4lskar min egen hustru"],"inLanguage":"sv-SE","potentialAction":[{"@type":"CommentAction","name":"Comment","target":["https:\/\/blogg.svenskakyrkan.se\/akebonnier\/2011\/08\/26\/bara-for-att-jag-alskar-min-egen-hustru\/#respond"]}]},{"@type":"WebPage","@id":"https:\/\/blogg.svenskakyrkan.se\/akebonnier\/2011\/08\/26\/bara-for-att-jag-alskar-min-egen-hustru\/","url":"https:\/\/blogg.svenskakyrkan.se\/akebonnier\/2011\/08\/26\/bara-for-att-jag-alskar-min-egen-hustru\/","name":"Bara f\u00f6r att jag \u00e4lskar min egen hustru... - \u00c5ke Bonnier","isPartOf":{"@id":"https:\/\/blogg.svenskakyrkan.se\/akebonnier\/#website"},"primaryImageOfPage":{"@id":"https:\/\/blogg.svenskakyrkan.se\/akebonnier\/2011\/08\/26\/bara-for-att-jag-alskar-min-egen-hustru\/#primaryimage"},"image":{"@id":"https:\/\/blogg.svenskakyrkan.se\/akebonnier\/2011\/08\/26\/bara-for-att-jag-alskar-min-egen-hustru\/#primaryimage"},"thumbnailUrl":"https:\/\/blogger.googleusercontent.com\/tracker\/9055441369901436026-954789811274012956?l=akebonnier.blogspot.com","datePublished":"2011-08-26T20:20:00+00:00","author":{"@id":"https:\/\/blogg.svenskakyrkan.se\/akebonnier\/#\/schema\/person\/8db68bc0c94f6a5a62df2d4486ff1343"},"breadcrumb":{"@id":"https:\/\/blogg.svenskakyrkan.se\/akebonnier\/2011\/08\/26\/bara-for-att-jag-alskar-min-egen-hustru\/#breadcrumb"},"inLanguage":"sv-SE","potentialAction":[{"@type":"ReadAction","target":["https:\/\/blogg.svenskakyrkan.se\/akebonnier\/2011\/08\/26\/bara-for-att-jag-alskar-min-egen-hustru\/"]}]},{"@type":"ImageObject","inLanguage":"sv-SE","@id":"https:\/\/blogg.svenskakyrkan.se\/akebonnier\/2011\/08\/26\/bara-for-att-jag-alskar-min-egen-hustru\/#primaryimage","url":"https:\/\/blogger.googleusercontent.com\/tracker\/9055441369901436026-954789811274012956?l=akebonnier.blogspot.com","contentUrl":"https:\/\/blogger.googleusercontent.com\/tracker\/9055441369901436026-954789811274012956?l=akebonnier.blogspot.com"},{"@type":"BreadcrumbList","@id":"https:\/\/blogg.svenskakyrkan.se\/akebonnier\/2011\/08\/26\/bara-for-att-jag-alskar-min-egen-hustru\/#breadcrumb","itemListElement":[{"@type":"ListItem","position":1,"name":"Hem","item":"https:\/\/blogg.svenskakyrkan.se\/akebonnier\/"},{"@type":"ListItem","position":2,"name":"Bara f\u00f6r att jag \u00e4lskar min egen hustru&#8230;"}]},{"@type":"WebSite","@id":"https:\/\/blogg.svenskakyrkan.se\/akebonnier\/#website","url":"https:\/\/blogg.svenskakyrkan.se\/akebonnier\/","name":"\u00c5ke Bonnier","description":"Biskop i Svenska kyrkan - Skara stift","potentialAction":[{"@type":"SearchAction","target":{"@type":"EntryPoint","urlTemplate":"https:\/\/blogg.svenskakyrkan.se\/akebonnier\/?s={search_term_string}"},"query-input":{"@type":"PropertyValueSpecification","valueRequired":true,"valueName":"search_term_string"}}],"inLanguage":"sv-SE"},{"@type":"Person","@id":"https:\/\/blogg.svenskakyrkan.se\/akebonnier\/#\/schema\/person\/8db68bc0c94f6a5a62df2d4486ff1343","name":"\u00c5ke Bonnier","image":{"@type":"ImageObject","inLanguage":"sv-SE","@id":"https:\/\/blogg.svenskakyrkan.se\/akebonnier\/#\/schema\/person\/image\/","url":"https:\/\/secure.gravatar.com\/avatar\/b88264736bb0bc0d1ea92298aef02c9f98cfc13c7484130c42c663ae484f9462?s=96&d=mm&r=g","contentUrl":"https:\/\/secure.gravatar.com\/avatar\/b88264736bb0bc0d1ea92298aef02c9f98cfc13c7484130c42c663ae484f9462?s=96&d=mm&r=g","caption":"\u00c5ke Bonnier"},"description":"Jag \u00e4r gift och har tv\u00e5 vuxna d\u00f6ttrar. Pr\u00e4stvigdes 1984 och biskopsvigs 26 augusti 2012 . Jag har tidigare bland annat varit, komminister och kyrkoherde i Liding\u00f6 f\u00f6rsamling och domprost i Stockholms domkyrkof\u00f6rsamling. Jag \u00e4r intresserad av konst, litteratur, teater, film. Jag tr\u00e4nar regelbundet p\u00e5 gym. Mitt huvudsakliga musikintresse \u00e4r klassisk musik men ocks\u00e5 Beatles, Elvis Presley, Monika Zettelund, Povel Ramel och m\u00e5nga andra tycker jag om att lyssna p\u00e5. Jag l\u00e4ser f\u00f6r lite sk\u00f6nlitteratur beroende p\u00e5 annat som jag m\u00e5ste l\u00e4sa i mitt uppdrag som biskop. Men jag \u00e4lskar b\u00f6cker. Naturligtvis l\u00e4ser jag n\u00e4st intill dagligdags i \"B\u00f6ckernas Bok.\"","sameAs":["http:\/\/www.skarastift.se"],"url":"https:\/\/blogg.svenskakyrkan.se\/akebonnier\/author\/akebonnier\/"}]}},"author_meta":{"ID":"108","user_nicename":"akebonnier","user_url":"http:\/\/www.skarastift.se","user_registered":"2011-10-11 09:24:48","display_name":"\u00c5ke Bonnier","first_name":"\u00c5ke","last_name":"Bonnier","avatar":"https:\/\/secure.gravatar.com\/avatar\/b88264736bb0bc0d1ea92298aef02c9f98cfc13c7484130c42c663ae484f9462?s=96&d=mm&r=g"},"featured_image":false,"bloginfo":{"name":"\u00c5ke Bonnier","url":"https:\/\/blogg.svenskakyrkan.se\/akebonnier"},"_links":{"self":[{"href":"https:\/\/blogg.svenskakyrkan.se\/akebonnier\/wp-json\/wp\/v2\/posts\/551","targetHints":{"allow":["GET"]}}],"collection":[{"href":"https:\/\/blogg.svenskakyrkan.se\/akebonnier\/wp-json\/wp\/v2\/posts"}],"about":[{"href":"https:\/\/blogg.svenskakyrkan.se\/akebonnier\/wp-json\/wp\/v2\/types\/post"}],"author":[{"embeddable":true,"href":"https:\/\/blogg.svenskakyrkan.se\/akebonnier\/wp-json\/wp\/v2\/users\/108"}],"replies":[{"embeddable":true,"href":"https:\/\/blogg.svenskakyrkan.se\/akebonnier\/wp-json\/wp\/v2\/comments?post=551"}],"version-history":[{"count":0,"href":"https:\/\/blogg.svenskakyrkan.se\/akebonnier\/wp-json\/wp\/v2\/posts\/551\/revisions"}],"wp:attachment":[{"href":"https:\/\/blogg.svenskakyrkan.se\/akebonnier\/wp-json\/wp\/v2\/media?parent=551"}],"wp:term":[{"taxonomy":"category","embeddable":true,"href":"https:\/\/blogg.svenskakyrkan.se\/akebonnier\/wp-json\/wp\/v2\/categories?post=551"},{"taxonomy":"post_tag","embeddable":true,"href":"https:\/\/blogg.svenskakyrkan.se\/akebonnier\/wp-json\/wp\/v2\/tags?post=551"}],"curies":[{"name":"wp","href":"https:\/\/api.w.org\/{rel}","templated":true}]}}