{"id":553,"date":"2011-09-10T10:58:00","date_gmt":"2011-09-10T10:58:00","guid":{"rendered":"http:\/\/blogg.svenskakyrkan.se\/akebonnier\/2011\/09\/10\/alska-och-gor-vad-du-vill\/"},"modified":"2011-09-10T10:58:00","modified_gmt":"2011-09-10T10:58:00","slug":"alska-och-gor-vad-du-vill","status":"publish","type":"post","link":"https:\/\/blogg.svenskakyrkan.se\/akebonnier\/2011\/09\/10\/alska-och-gor-vad-du-vill\/","title":{"rendered":"\u00c4lska och g\u00f6r vad du vill!"},"content":{"rendered":"<p>De orden \u00e4r kyrkofadern Augustinus ord. De kan l\u00e5ta l\u00e4ttsinniga, men just k\u00e4rleken \u00e4r det kristna budskapets hj\u00e4rta. Nu p\u00e5 morgonen l\u00e4ste jag i <a href=\"http:\/\/www.dn.se\/debatt\/kyrkan-maste-sluta-fred-med-religionskritikerna\">Dagens Nyheter<\/a> en debattartikel som pr\u00e4sten Annika Borg och Humanisternas ordf\u00f6rande Christer Sturmark skrivit tillsammans om vikten av att, i st\u00e4llet f\u00f6r att strida mot varandra, st\u00e5 upp f\u00f6r de gemensamma v\u00e4rdena. Det \u00e4r en god tanke, f\u00f6r oavsett allt har vi en hel del gemensamt. Vi vill gemensamt v\u00e4rna om m\u00e4nniskov\u00e4rdet. Vi vill gemensamt v\u00e4rna om de m\u00e4nskliga r\u00e4ttigheterna o s v. Men sedan \u00e4r finns det grundl\u00e4ggande saker som skiljer oss \u00e5t. Till exempel vill Humanisterna str\u00e4va efter ett sekul\u00e4rt samh\u00e4lle d\u00e4r var och en i stillhet f\u00e5r bli salig p\u00e5 sin egen tro men d\u00e4r samh\u00e4llet i stort ska pr\u00e4glas av en religionsfrihet som \u00e4r frihet fr\u00e5n religion. Jag vill inte ha och tror inte p\u00e5 en statsapparat som styrs av en trostolkning (oftast \u00e4r de fundamentalistiska) och samtidigt \u00e4r jag inte s\u00e4ker p\u00e5 att jag vill ha ett sekul\u00e4rt samh\u00e4lle d\u00e4r den kristna tron f\u00f6rpassas till kyrkorummet eller den enskilda individens hj\u00e4rta. <\/p>\n<p>Jag t\u00e4nker ibland p\u00e5 Elviskonserten p\u00e5 Hawaii p\u00e5 70-talet d\u00e4r en r\u00f6st, efter konserten proklamerade: &#8221;Elvis has left the building&#8221;. F\u00f6r mig, som troende och f\u00f6rhoppningsvis praktiserande kristen, \u00e4r det viktigt att tron f\u00e5r vara med och p\u00e5verka v\u00e5rt samh\u00e4lle. Kyrkan och kyrkfolket m\u00e5ste ut, utanf\u00f6r byggnaden och visa i ord och handling p\u00e5 det viktigaste. Jesus sj\u00e4lv h\u00f6ll fram de tv\u00e5 bud som han ans\u00e5g vara de allra viktigaste och som ocks\u00e5 \u00e5terfinns i den judiska traditionen. Evangelisten Markus skriver:&nbsp;<span style=\"color: red\"><strong><em>Jesus svarade: &#8221;Viktigast \u00e4r detta: H\u00f6r, Israel, Herren, v\u00e5r Gud, \u00e4r den ende Herren, och du skall \u00e4lska Herren, din Gud, av hela ditt hj\u00e4rta, av hela din sj\u00e4l, av hela ditt f\u00f6rst\u00e5nd och av hela din kraft. Sedan kommer detta: Du skall \u00e4lska din n\u00e4sta som dig sj\u00e4lv. N\u00e5got st\u00f6rre bud \u00e4n dessa finns inte.&#8221; <\/em><\/strong><\/span><span style=\"color: black\">(Mark 12:29-31 ). Vi kallar dessa b\u00e4gge bud f\u00f6r &#8221;Det dubbla k\u00e4rleksbudet&#8221;. <\/span><\/p>\n<p><span style=\"color: black\">Ett samh\u00e4lle som p\u00e5 m\u00e5nga olika s\u00e4tt ger uttryck f\u00f6r Gudsk\u00e4rlek p\u00e5 m\u00e5nga olika spr\u00e5k och d\u00e4r vi l\u00e4r oss att Gud och m\u00e4nniskan h\u00f6r samman och d\u00e4r vi medm\u00e4nniskor i v\u00e5ra m\u00e5nga olika variationer \u00e4r systrar och br\u00f6der, ett s\u00e5dant samh\u00e4lle blir betydligt rikare och m\u00e4nskligare&nbsp;\u00e4n ett sekulariserat samh\u00e4lle d\u00e4r, draget till sin spets, egoismen blir drivkraften. D\u00e4rf\u00f6r menar jag att vi kristna m\u00e5ste vara med och p\u00e5verka utanf\u00f6r kyrkorummet, inte n\u00f6dv\u00e4ndigtvis i kristna grupperingar utan p\u00e5verka i samh\u00e4llets olika skikt och strukturer, politiskt och p\u00e5 andra s\u00e4tt. Att ge avkall p\u00e5 Gud f\u00f6r det medm\u00e4nskliga kan bara den g\u00f6ra som menar att Gud inte existerar. En liberal kristendomstolkning d\u00e4r Gud som skaparen, f\u00f6rsonaren och livgivaren f\u00e5r komma till uttryck i samh\u00e4llet i stort&nbsp;\u00e4r ju egentligen ett av m\u00e5len f\u00f6r den kristna tron, s\u00e5som Svenska kyrkan uppfattar den. Det \u00e4r sv\u00e5rt att ge avkall p\u00e5 detta. N\u00e4r jag skriver liberal, g\u00f6r jag det f\u00f6r att skilja den typen av kristendomstolkning fr\u00e5n den som tillexempel&nbsp;kreationisterna st\u00e5r f\u00f6r.&nbsp;<\/span><\/p>\n<p><span style=\"color: black\">Visst ska vi vara respektfulla och <em>inte<\/em>&nbsp;smutskasta varandra eller fara med osanningar om varandra i f\u00f6rdomsfullhet eller komma med f\u00f6rutfattade meningar om den andre. Det \u00e4r oerh\u00f6rt viktigt, liksom att f\u00f6ra en god och \u00f6ppen dialog med olikt\u00e4nkande!&nbsp;Men vi som \u00e4r religi\u00f6sa (notera ordet som inrymmer religioner i plural)&nbsp;m\u00e5ste vara tydliga med&nbsp;att Gud har med v\u00e5rt samh\u00e4lle att g\u00f6ra, med medm\u00e4nniskor att g\u00f6ra, med strukturer att g\u00f6ra och med oss sj\u00e4lva att g\u00f6ra. Ett samh\u00e4lle d\u00e4r det blir verkligt viktigt att \u00e4lska Gud, medm\u00e4nniskan och sig sj\u00e4lv &#8211; i det samh\u00e4llet r\u00e5der friheten att g\u00f6ra vad man vill f\u00f6r i det samh\u00e4llet vill man det goda.<\/span><\/p>\n<div class=\"blogger-post-footer\"><img width='1' height='1' src='https:\/\/blogger.googleusercontent.com\/tracker\/9055441369901436026-6517630326757681142?l=akebonnier.blogspot.com' alt='' \/><\/div>\n","protected":false},"excerpt":{"rendered":"<p>De orden \u00e4r kyrkofadern Augustinus ord. De kan l\u00e5ta l\u00e4ttsinniga, men just k\u00e4rleken \u00e4r det kristna budskapets hj\u00e4rta. Nu p\u00e5 morgonen l\u00e4ste jag i Dagens Nyheter en debattartikel som pr\u00e4sten Annika Borg och Humanisternas ordf\u00f6rande Christer Sturmark skrivit tillsammans om vikten av att, i st\u00e4llet f\u00f6r att strida mot varandra, st\u00e5 upp f\u00f6r de gemensamma [&hellip;]<\/p>\n","protected":false},"author":108,"featured_media":0,"comment_status":"open","ping_status":"open","sticky":false,"template":"","format":"standard","meta":{"_acf_changed":false,"footnotes":""},"categories":[16506],"tags":[],"class_list":["post-553","post","type-post","status-publish","format-standard","hentry","category-alska-och-gor-vad-du-vill"],"acf":[],"yoast_head":"<!-- This site is optimized with the Yoast SEO plugin v27.1.1 - https:\/\/yoast.com\/product\/yoast-seo-wordpress\/ -->\n<title>\u00c4lska och g\u00f6r vad du vill! - \u00c5ke Bonnier<\/title>\n<meta name=\"robots\" content=\"index, follow, max-snippet:-1, max-image-preview:large, max-video-preview:-1\" \/>\n<link rel=\"canonical\" href=\"https:\/\/blogg.svenskakyrkan.se\/akebonnier\/2011\/09\/10\/alska-och-gor-vad-du-vill\/\" \/>\n<meta property=\"og:locale\" content=\"sv_SE\" \/>\n<meta property=\"og:type\" content=\"article\" \/>\n<meta property=\"og:title\" content=\"\u00c4lska och g\u00f6r vad du vill! - \u00c5ke Bonnier\" \/>\n<meta property=\"og:description\" content=\"De orden \u00e4r kyrkofadern Augustinus ord. De kan l\u00e5ta l\u00e4ttsinniga, men just k\u00e4rleken \u00e4r det kristna budskapets hj\u00e4rta. Nu p\u00e5 morgonen l\u00e4ste jag i Dagens Nyheter en debattartikel som pr\u00e4sten Annika Borg och Humanisternas ordf\u00f6rande Christer Sturmark skrivit tillsammans om vikten av att, i st\u00e4llet f\u00f6r att strida mot varandra, st\u00e5 upp f\u00f6r de gemensamma [&hellip;]\" \/>\n<meta property=\"og:url\" content=\"https:\/\/blogg.svenskakyrkan.se\/akebonnier\/2011\/09\/10\/alska-och-gor-vad-du-vill\/\" \/>\n<meta property=\"og:site_name\" content=\"\u00c5ke Bonnier\" \/>\n<meta property=\"article:published_time\" content=\"2011-09-10T10:58:00+00:00\" \/>\n<meta property=\"og:image\" content=\"https:\/\/blogger.googleusercontent.com\/tracker\/9055441369901436026-6517630326757681142?l=akebonnier.blogspot.com\" \/>\n<meta name=\"author\" content=\"\u00c5ke Bonnier\" \/>\n<meta name=\"twitter:card\" content=\"summary_large_image\" \/>\n<meta name=\"twitter:label1\" content=\"Skriven av\" \/>\n\t<meta name=\"twitter:data1\" content=\"\u00c5ke Bonnier\" \/>\n\t<meta name=\"twitter:label2\" content=\"Ber\u00e4knad l\u00e4stid\" \/>\n\t<meta name=\"twitter:data2\" content=\"4 minuter\" \/>\n<script type=\"application\/ld+json\" class=\"yoast-schema-graph\">{\"@context\":\"https:\/\/schema.org\",\"@graph\":[{\"@type\":\"Article\",\"@id\":\"https:\/\/blogg.svenskakyrkan.se\/akebonnier\/2011\/09\/10\/alska-och-gor-vad-du-vill\/#article\",\"isPartOf\":{\"@id\":\"https:\/\/blogg.svenskakyrkan.se\/akebonnier\/2011\/09\/10\/alska-och-gor-vad-du-vill\/\"},\"author\":{\"name\":\"\u00c5ke Bonnier\",\"@id\":\"https:\/\/blogg.svenskakyrkan.se\/akebonnier\/#\/schema\/person\/8db68bc0c94f6a5a62df2d4486ff1343\"},\"headline\":\"\u00c4lska och g\u00f6r vad du vill!\",\"datePublished\":\"2011-09-10T10:58:00+00:00\",\"mainEntityOfPage\":{\"@id\":\"https:\/\/blogg.svenskakyrkan.se\/akebonnier\/2011\/09\/10\/alska-och-gor-vad-du-vill\/\"},\"wordCount\":757,\"commentCount\":71,\"image\":{\"@id\":\"https:\/\/blogg.svenskakyrkan.se\/akebonnier\/2011\/09\/10\/alska-och-gor-vad-du-vill\/#primaryimage\"},\"thumbnailUrl\":\"https:\/\/blogger.googleusercontent.com\/tracker\/9055441369901436026-6517630326757681142?l=akebonnier.blogspot.com\",\"articleSection\":[\"\u00c4lska och g\u00f6r vad du vill\"],\"inLanguage\":\"sv-SE\",\"potentialAction\":[{\"@type\":\"CommentAction\",\"name\":\"Comment\",\"target\":[\"https:\/\/blogg.svenskakyrkan.se\/akebonnier\/2011\/09\/10\/alska-och-gor-vad-du-vill\/#respond\"]}]},{\"@type\":\"WebPage\",\"@id\":\"https:\/\/blogg.svenskakyrkan.se\/akebonnier\/2011\/09\/10\/alska-och-gor-vad-du-vill\/\",\"url\":\"https:\/\/blogg.svenskakyrkan.se\/akebonnier\/2011\/09\/10\/alska-och-gor-vad-du-vill\/\",\"name\":\"\u00c4lska och g\u00f6r vad du vill! - \u00c5ke Bonnier\",\"isPartOf\":{\"@id\":\"https:\/\/blogg.svenskakyrkan.se\/akebonnier\/#website\"},\"primaryImageOfPage\":{\"@id\":\"https:\/\/blogg.svenskakyrkan.se\/akebonnier\/2011\/09\/10\/alska-och-gor-vad-du-vill\/#primaryimage\"},\"image\":{\"@id\":\"https:\/\/blogg.svenskakyrkan.se\/akebonnier\/2011\/09\/10\/alska-och-gor-vad-du-vill\/#primaryimage\"},\"thumbnailUrl\":\"https:\/\/blogger.googleusercontent.com\/tracker\/9055441369901436026-6517630326757681142?l=akebonnier.blogspot.com\",\"datePublished\":\"2011-09-10T10:58:00+00:00\",\"author\":{\"@id\":\"https:\/\/blogg.svenskakyrkan.se\/akebonnier\/#\/schema\/person\/8db68bc0c94f6a5a62df2d4486ff1343\"},\"breadcrumb\":{\"@id\":\"https:\/\/blogg.svenskakyrkan.se\/akebonnier\/2011\/09\/10\/alska-och-gor-vad-du-vill\/#breadcrumb\"},\"inLanguage\":\"sv-SE\",\"potentialAction\":[{\"@type\":\"ReadAction\",\"target\":[\"https:\/\/blogg.svenskakyrkan.se\/akebonnier\/2011\/09\/10\/alska-och-gor-vad-du-vill\/\"]}]},{\"@type\":\"ImageObject\",\"inLanguage\":\"sv-SE\",\"@id\":\"https:\/\/blogg.svenskakyrkan.se\/akebonnier\/2011\/09\/10\/alska-och-gor-vad-du-vill\/#primaryimage\",\"url\":\"https:\/\/blogger.googleusercontent.com\/tracker\/9055441369901436026-6517630326757681142?l=akebonnier.blogspot.com\",\"contentUrl\":\"https:\/\/blogger.googleusercontent.com\/tracker\/9055441369901436026-6517630326757681142?l=akebonnier.blogspot.com\"},{\"@type\":\"BreadcrumbList\",\"@id\":\"https:\/\/blogg.svenskakyrkan.se\/akebonnier\/2011\/09\/10\/alska-och-gor-vad-du-vill\/#breadcrumb\",\"itemListElement\":[{\"@type\":\"ListItem\",\"position\":1,\"name\":\"Hem\",\"item\":\"https:\/\/blogg.svenskakyrkan.se\/akebonnier\/\"},{\"@type\":\"ListItem\",\"position\":2,\"name\":\"\u00c4lska och g\u00f6r vad du vill!\"}]},{\"@type\":\"WebSite\",\"@id\":\"https:\/\/blogg.svenskakyrkan.se\/akebonnier\/#website\",\"url\":\"https:\/\/blogg.svenskakyrkan.se\/akebonnier\/\",\"name\":\"\u00c5ke Bonnier\",\"description\":\"Biskop i Svenska kyrkan - Skara stift\",\"potentialAction\":[{\"@type\":\"SearchAction\",\"target\":{\"@type\":\"EntryPoint\",\"urlTemplate\":\"https:\/\/blogg.svenskakyrkan.se\/akebonnier\/?s={search_term_string}\"},\"query-input\":{\"@type\":\"PropertyValueSpecification\",\"valueRequired\":true,\"valueName\":\"search_term_string\"}}],\"inLanguage\":\"sv-SE\"},{\"@type\":\"Person\",\"@id\":\"https:\/\/blogg.svenskakyrkan.se\/akebonnier\/#\/schema\/person\/8db68bc0c94f6a5a62df2d4486ff1343\",\"name\":\"\u00c5ke Bonnier\",\"image\":{\"@type\":\"ImageObject\",\"inLanguage\":\"sv-SE\",\"@id\":\"https:\/\/blogg.svenskakyrkan.se\/akebonnier\/#\/schema\/person\/image\/\",\"url\":\"https:\/\/secure.gravatar.com\/avatar\/b88264736bb0bc0d1ea92298aef02c9f98cfc13c7484130c42c663ae484f9462?s=96&d=mm&r=g\",\"contentUrl\":\"https:\/\/secure.gravatar.com\/avatar\/b88264736bb0bc0d1ea92298aef02c9f98cfc13c7484130c42c663ae484f9462?s=96&d=mm&r=g\",\"caption\":\"\u00c5ke Bonnier\"},\"description\":\"Jag \u00e4r gift och har tv\u00e5 vuxna d\u00f6ttrar. Pr\u00e4stvigdes 1984 och biskopsvigs 26 augusti 2012 . Jag har tidigare bland annat varit, komminister och kyrkoherde i Liding\u00f6 f\u00f6rsamling och domprost i Stockholms domkyrkof\u00f6rsamling. Jag \u00e4r intresserad av konst, litteratur, teater, film. Jag tr\u00e4nar regelbundet p\u00e5 gym. Mitt huvudsakliga musikintresse \u00e4r klassisk musik men ocks\u00e5 Beatles, Elvis Presley, Monika Zettelund, Povel Ramel och m\u00e5nga andra tycker jag om att lyssna p\u00e5. Jag l\u00e4ser f\u00f6r lite sk\u00f6nlitteratur beroende p\u00e5 annat som jag m\u00e5ste l\u00e4sa i mitt uppdrag som biskop. Men jag \u00e4lskar b\u00f6cker. Naturligtvis l\u00e4ser jag n\u00e4st intill dagligdags i \\\"B\u00f6ckernas Bok.\\\"\",\"sameAs\":[\"http:\/\/www.skarastift.se\"],\"url\":\"https:\/\/blogg.svenskakyrkan.se\/akebonnier\/author\/akebonnier\/\"}]}<\/script>\n<!-- \/ Yoast SEO plugin. -->","yoast_head_json":{"title":"\u00c4lska och g\u00f6r vad du vill! - \u00c5ke Bonnier","robots":{"index":"index","follow":"follow","max-snippet":"max-snippet:-1","max-image-preview":"max-image-preview:large","max-video-preview":"max-video-preview:-1"},"canonical":"https:\/\/blogg.svenskakyrkan.se\/akebonnier\/2011\/09\/10\/alska-och-gor-vad-du-vill\/","og_locale":"sv_SE","og_type":"article","og_title":"\u00c4lska och g\u00f6r vad du vill! - \u00c5ke Bonnier","og_description":"De orden \u00e4r kyrkofadern Augustinus ord. De kan l\u00e5ta l\u00e4ttsinniga, men just k\u00e4rleken \u00e4r det kristna budskapets hj\u00e4rta. Nu p\u00e5 morgonen l\u00e4ste jag i Dagens Nyheter en debattartikel som pr\u00e4sten Annika Borg och Humanisternas ordf\u00f6rande Christer Sturmark skrivit tillsammans om vikten av att, i st\u00e4llet f\u00f6r att strida mot varandra, st\u00e5 upp f\u00f6r de gemensamma [&hellip;]","og_url":"https:\/\/blogg.svenskakyrkan.se\/akebonnier\/2011\/09\/10\/alska-och-gor-vad-du-vill\/","og_site_name":"\u00c5ke Bonnier","article_published_time":"2011-09-10T10:58:00+00:00","og_image":[{"url":"https:\/\/blogger.googleusercontent.com\/tracker\/9055441369901436026-6517630326757681142?l=akebonnier.blogspot.com","type":"","width":"","height":""}],"author":"\u00c5ke Bonnier","twitter_card":"summary_large_image","twitter_misc":{"Skriven av":"\u00c5ke Bonnier","Ber\u00e4knad l\u00e4stid":"4 minuter"},"schema":{"@context":"https:\/\/schema.org","@graph":[{"@type":"Article","@id":"https:\/\/blogg.svenskakyrkan.se\/akebonnier\/2011\/09\/10\/alska-och-gor-vad-du-vill\/#article","isPartOf":{"@id":"https:\/\/blogg.svenskakyrkan.se\/akebonnier\/2011\/09\/10\/alska-och-gor-vad-du-vill\/"},"author":{"name":"\u00c5ke Bonnier","@id":"https:\/\/blogg.svenskakyrkan.se\/akebonnier\/#\/schema\/person\/8db68bc0c94f6a5a62df2d4486ff1343"},"headline":"\u00c4lska och g\u00f6r vad du vill!","datePublished":"2011-09-10T10:58:00+00:00","mainEntityOfPage":{"@id":"https:\/\/blogg.svenskakyrkan.se\/akebonnier\/2011\/09\/10\/alska-och-gor-vad-du-vill\/"},"wordCount":757,"commentCount":71,"image":{"@id":"https:\/\/blogg.svenskakyrkan.se\/akebonnier\/2011\/09\/10\/alska-och-gor-vad-du-vill\/#primaryimage"},"thumbnailUrl":"https:\/\/blogger.googleusercontent.com\/tracker\/9055441369901436026-6517630326757681142?l=akebonnier.blogspot.com","articleSection":["\u00c4lska och g\u00f6r vad du vill"],"inLanguage":"sv-SE","potentialAction":[{"@type":"CommentAction","name":"Comment","target":["https:\/\/blogg.svenskakyrkan.se\/akebonnier\/2011\/09\/10\/alska-och-gor-vad-du-vill\/#respond"]}]},{"@type":"WebPage","@id":"https:\/\/blogg.svenskakyrkan.se\/akebonnier\/2011\/09\/10\/alska-och-gor-vad-du-vill\/","url":"https:\/\/blogg.svenskakyrkan.se\/akebonnier\/2011\/09\/10\/alska-och-gor-vad-du-vill\/","name":"\u00c4lska och g\u00f6r vad du vill! - \u00c5ke Bonnier","isPartOf":{"@id":"https:\/\/blogg.svenskakyrkan.se\/akebonnier\/#website"},"primaryImageOfPage":{"@id":"https:\/\/blogg.svenskakyrkan.se\/akebonnier\/2011\/09\/10\/alska-och-gor-vad-du-vill\/#primaryimage"},"image":{"@id":"https:\/\/blogg.svenskakyrkan.se\/akebonnier\/2011\/09\/10\/alska-och-gor-vad-du-vill\/#primaryimage"},"thumbnailUrl":"https:\/\/blogger.googleusercontent.com\/tracker\/9055441369901436026-6517630326757681142?l=akebonnier.blogspot.com","datePublished":"2011-09-10T10:58:00+00:00","author":{"@id":"https:\/\/blogg.svenskakyrkan.se\/akebonnier\/#\/schema\/person\/8db68bc0c94f6a5a62df2d4486ff1343"},"breadcrumb":{"@id":"https:\/\/blogg.svenskakyrkan.se\/akebonnier\/2011\/09\/10\/alska-och-gor-vad-du-vill\/#breadcrumb"},"inLanguage":"sv-SE","potentialAction":[{"@type":"ReadAction","target":["https:\/\/blogg.svenskakyrkan.se\/akebonnier\/2011\/09\/10\/alska-och-gor-vad-du-vill\/"]}]},{"@type":"ImageObject","inLanguage":"sv-SE","@id":"https:\/\/blogg.svenskakyrkan.se\/akebonnier\/2011\/09\/10\/alska-och-gor-vad-du-vill\/#primaryimage","url":"https:\/\/blogger.googleusercontent.com\/tracker\/9055441369901436026-6517630326757681142?l=akebonnier.blogspot.com","contentUrl":"https:\/\/blogger.googleusercontent.com\/tracker\/9055441369901436026-6517630326757681142?l=akebonnier.blogspot.com"},{"@type":"BreadcrumbList","@id":"https:\/\/blogg.svenskakyrkan.se\/akebonnier\/2011\/09\/10\/alska-och-gor-vad-du-vill\/#breadcrumb","itemListElement":[{"@type":"ListItem","position":1,"name":"Hem","item":"https:\/\/blogg.svenskakyrkan.se\/akebonnier\/"},{"@type":"ListItem","position":2,"name":"\u00c4lska och g\u00f6r vad du vill!"}]},{"@type":"WebSite","@id":"https:\/\/blogg.svenskakyrkan.se\/akebonnier\/#website","url":"https:\/\/blogg.svenskakyrkan.se\/akebonnier\/","name":"\u00c5ke Bonnier","description":"Biskop i Svenska kyrkan - Skara stift","potentialAction":[{"@type":"SearchAction","target":{"@type":"EntryPoint","urlTemplate":"https:\/\/blogg.svenskakyrkan.se\/akebonnier\/?s={search_term_string}"},"query-input":{"@type":"PropertyValueSpecification","valueRequired":true,"valueName":"search_term_string"}}],"inLanguage":"sv-SE"},{"@type":"Person","@id":"https:\/\/blogg.svenskakyrkan.se\/akebonnier\/#\/schema\/person\/8db68bc0c94f6a5a62df2d4486ff1343","name":"\u00c5ke Bonnier","image":{"@type":"ImageObject","inLanguage":"sv-SE","@id":"https:\/\/blogg.svenskakyrkan.se\/akebonnier\/#\/schema\/person\/image\/","url":"https:\/\/secure.gravatar.com\/avatar\/b88264736bb0bc0d1ea92298aef02c9f98cfc13c7484130c42c663ae484f9462?s=96&d=mm&r=g","contentUrl":"https:\/\/secure.gravatar.com\/avatar\/b88264736bb0bc0d1ea92298aef02c9f98cfc13c7484130c42c663ae484f9462?s=96&d=mm&r=g","caption":"\u00c5ke Bonnier"},"description":"Jag \u00e4r gift och har tv\u00e5 vuxna d\u00f6ttrar. Pr\u00e4stvigdes 1984 och biskopsvigs 26 augusti 2012 . Jag har tidigare bland annat varit, komminister och kyrkoherde i Liding\u00f6 f\u00f6rsamling och domprost i Stockholms domkyrkof\u00f6rsamling. Jag \u00e4r intresserad av konst, litteratur, teater, film. Jag tr\u00e4nar regelbundet p\u00e5 gym. Mitt huvudsakliga musikintresse \u00e4r klassisk musik men ocks\u00e5 Beatles, Elvis Presley, Monika Zettelund, Povel Ramel och m\u00e5nga andra tycker jag om att lyssna p\u00e5. Jag l\u00e4ser f\u00f6r lite sk\u00f6nlitteratur beroende p\u00e5 annat som jag m\u00e5ste l\u00e4sa i mitt uppdrag som biskop. Men jag \u00e4lskar b\u00f6cker. Naturligtvis l\u00e4ser jag n\u00e4st intill dagligdags i \"B\u00f6ckernas Bok.\"","sameAs":["http:\/\/www.skarastift.se"],"url":"https:\/\/blogg.svenskakyrkan.se\/akebonnier\/author\/akebonnier\/"}]}},"author_meta":{"ID":"108","user_nicename":"akebonnier","user_url":"http:\/\/www.skarastift.se","user_registered":"2011-10-11 09:24:48","display_name":"\u00c5ke Bonnier","first_name":"\u00c5ke","last_name":"Bonnier","avatar":"https:\/\/secure.gravatar.com\/avatar\/b88264736bb0bc0d1ea92298aef02c9f98cfc13c7484130c42c663ae484f9462?s=96&d=mm&r=g"},"featured_image":false,"bloginfo":{"name":"\u00c5ke Bonnier","url":"https:\/\/blogg.svenskakyrkan.se\/akebonnier"},"_links":{"self":[{"href":"https:\/\/blogg.svenskakyrkan.se\/akebonnier\/wp-json\/wp\/v2\/posts\/553","targetHints":{"allow":["GET"]}}],"collection":[{"href":"https:\/\/blogg.svenskakyrkan.se\/akebonnier\/wp-json\/wp\/v2\/posts"}],"about":[{"href":"https:\/\/blogg.svenskakyrkan.se\/akebonnier\/wp-json\/wp\/v2\/types\/post"}],"author":[{"embeddable":true,"href":"https:\/\/blogg.svenskakyrkan.se\/akebonnier\/wp-json\/wp\/v2\/users\/108"}],"replies":[{"embeddable":true,"href":"https:\/\/blogg.svenskakyrkan.se\/akebonnier\/wp-json\/wp\/v2\/comments?post=553"}],"version-history":[{"count":0,"href":"https:\/\/blogg.svenskakyrkan.se\/akebonnier\/wp-json\/wp\/v2\/posts\/553\/revisions"}],"wp:attachment":[{"href":"https:\/\/blogg.svenskakyrkan.se\/akebonnier\/wp-json\/wp\/v2\/media?parent=553"}],"wp:term":[{"taxonomy":"category","embeddable":true,"href":"https:\/\/blogg.svenskakyrkan.se\/akebonnier\/wp-json\/wp\/v2\/categories?post=553"},{"taxonomy":"post_tag","embeddable":true,"href":"https:\/\/blogg.svenskakyrkan.se\/akebonnier\/wp-json\/wp\/v2\/tags?post=553"}],"curies":[{"name":"wp","href":"https:\/\/api.w.org\/{rel}","templated":true}]}}