{"id":555,"date":"2011-09-16T07:27:00","date_gmt":"2011-09-16T07:27:00","guid":{"rendered":"http:\/\/blogg.svenskakyrkan.se\/akebonnier\/2011\/09\/16\/inledningsorden-vid-riksmotesgudstjansten\/"},"modified":"2011-09-16T07:27:00","modified_gmt":"2011-09-16T07:27:00","slug":"inledningsorden-vid-riksmotesgudstjansten","status":"publish","type":"post","link":"https:\/\/blogg.svenskakyrkan.se\/akebonnier\/2011\/09\/16\/inledningsorden-vid-riksmotesgudstjansten\/","title":{"rendered":"Inledningsorden vid Riksm\u00f6tesgudstj\u00e4nsten"},"content":{"rendered":"<p><span style=\"font-size: large\">Till alla er som vill veta vad som sades vid riksm\u00f6tesgudstj\u00e4nsten vill jag h\u00e4nvisa b\u00e5de till Stockholms domkyrkof\u00f6rsamlings <\/span><a href=\"http:\/\/www.stockholmsdomkyrkoforsamling.se\/news_article.php?article=1287\"><span style=\"font-size: large\">hemsida<\/span><\/a><span style=\"font-size: large\">&nbsp;och till en fortsatt l\u00e4sning av detta blogginl\u00e4gg. Nedan st\u00e5r ordagrant vad jag sa som inledningsord efter f\u00f6rsta psalmen:<\/span><\/p>\n<\/p>\n<div class=\"MsoNormal\" style=\"margin: 0cm 0cm 10pt;text-align: justify\"><b><i><span style=\"font-size: large\"><span style=\"color: blue\">I<\/span><span style=\"color: red\"> <\/span><span style=\"color: blue\">Faderns och Sonens och den Heliga Andens namn<\/span><span style=\"color: red\"><\/span><\/span><\/i><\/b><\/div>\n<\/p>\n<div class=\"MsoNormal\" style=\"margin: 0cm 0cm 10pt;text-align: justify\"><span style=\"font-size: large\"><b><i><span style=\"color: red\">Gud skapade m\u00e4nniskan till sin avbild, till Guds avbild skapade han henne.<\/span><\/i><\/b><span style=\"color: black\"> (1 Mos 1:27) Orden \u00e4r h\u00e4mtade fr\u00e5n en text som judendomen, kristendomen och islam har gemensamt p\u00e5 olika s\u00e4tt&nbsp;\u2013 fr\u00e5n 1 Mosebokens 1:a kapitel. Vi tror att Gud \u00e4r involverad i skapelsen och att skapelsen d\u00e4rf\u00f6r \u00e4r p\u00e5g\u00e5ende och inte avslutad. <\/span><\/span><\/div>\n<\/p>\n<div class=\"MsoNormal\" style=\"margin: 0cm 0cm 10pt;text-align: justify\"><span style=\"font-size: large\"><span style=\"color: black\">Gud \u00e4r involverad i det som skapas idag. N\u00e4r t e x en s\u00e4descell befruktar ett \u00e4gg b\u00f6rjar en skapelse igen . I graviditeten fortg\u00e5r en skapelse och m\u00e4nniskan skapas till Guds avbild. Men avbilden ligger inte i om vi f\u00f6ds till m\u00e4n eller till kvinnor. Avbilden ligger i att vi kan skapa och \u00e4lska. Var g\u00e5ng vi \u00e4r med och skapar i den goda bem\u00e4rkelsen, i alla sammanhang d\u00e4r vi \u00e4lskar i ordets djupaste betydelse, d\u00e4r \u00e4r vi Guds avbilder. Varje m\u00e4nniska, oavsett genderdefinition, oavsett religi\u00f6s tillh\u00f6righet eller etnisk bakgrund \u00e4r gr\u00e4nsl\u00f6st \u00e4lskad och oskattbart v\u00e4rdefull. I v\u00e5ra olika uppdrag, b\u00e5de ned\u00e4rvda och som folkvalda och i alla andra sammanhang f\u00e5r vi ha detta i fokus. <\/span><b><i><span style=\"color: red\">Gud skapade m\u00e4nniskan till sin avbild, till Guds avbild skapade han henne.<\/span><\/i><\/b><span style=\"color: black\"> (1 Mos 1:27) Det handlar om en k\u00e4rlek som inte ser till skillnader, som inte exkluderar men som inkluderar och som f\u00f6r oss kristna fick sin br\u00e4nnpunkt i korsets h\u00e4ndelse. <\/span><\/span><\/div>\n<div class=\"blogger-post-footer\"><img width='1' height='1' src='https:\/\/blogger.googleusercontent.com\/tracker\/9055441369901436026-6477428059756169064?l=akebonnier.blogspot.com' alt='' \/><\/div>\n","protected":false},"excerpt":{"rendered":"<p>Till alla er som vill veta vad som sades vid riksm\u00f6tesgudstj\u00e4nsten vill jag h\u00e4nvisa b\u00e5de till Stockholms domkyrkof\u00f6rsamlings hemsida&nbsp;och till en fortsatt l\u00e4sning av detta blogginl\u00e4gg. Nedan st\u00e5r ordagrant vad jag sa som inledningsord efter f\u00f6rsta psalmen: I Faderns och Sonens och den Heliga Andens namn Gud skapade m\u00e4nniskan till sin avbild, till Guds avbild [&hellip;]<\/p>\n","protected":false},"author":108,"featured_media":0,"comment_status":"open","ping_status":"open","sticky":false,"template":"","format":"standard","meta":{"_acf_changed":false,"footnotes":""},"categories":[16508],"tags":[],"class_list":["post-555","post","type-post","status-publish","format-standard","hentry","category-inledningsorden-vid-riksmotesgudstjansten-2011"],"acf":[],"yoast_head":"<!-- This site is optimized with the Yoast SEO plugin v27.1.1 - https:\/\/yoast.com\/product\/yoast-seo-wordpress\/ -->\n<title>Inledningsorden vid Riksm\u00f6tesgudstj\u00e4nsten - \u00c5ke Bonnier<\/title>\n<meta name=\"robots\" content=\"index, follow, max-snippet:-1, max-image-preview:large, max-video-preview:-1\" \/>\n<link rel=\"canonical\" href=\"https:\/\/blogg.svenskakyrkan.se\/akebonnier\/2011\/09\/16\/inledningsorden-vid-riksmotesgudstjansten\/\" \/>\n<meta property=\"og:locale\" content=\"sv_SE\" \/>\n<meta property=\"og:type\" content=\"article\" \/>\n<meta property=\"og:title\" content=\"Inledningsorden vid Riksm\u00f6tesgudstj\u00e4nsten - \u00c5ke Bonnier\" \/>\n<meta property=\"og:description\" content=\"Till alla er som vill veta vad som sades vid riksm\u00f6tesgudstj\u00e4nsten vill jag h\u00e4nvisa b\u00e5de till Stockholms domkyrkof\u00f6rsamlings hemsida&nbsp;och till en fortsatt l\u00e4sning av detta blogginl\u00e4gg. Nedan st\u00e5r ordagrant vad jag sa som inledningsord efter f\u00f6rsta psalmen: I Faderns och Sonens och den Heliga Andens namn Gud skapade m\u00e4nniskan till sin avbild, till Guds avbild [&hellip;]\" \/>\n<meta property=\"og:url\" content=\"https:\/\/blogg.svenskakyrkan.se\/akebonnier\/2011\/09\/16\/inledningsorden-vid-riksmotesgudstjansten\/\" \/>\n<meta property=\"og:site_name\" content=\"\u00c5ke Bonnier\" \/>\n<meta property=\"article:published_time\" content=\"2011-09-16T07:27:00+00:00\" \/>\n<meta property=\"og:image\" content=\"https:\/\/blogger.googleusercontent.com\/tracker\/9055441369901436026-6477428059756169064?l=akebonnier.blogspot.com\" \/>\n<meta name=\"author\" content=\"\u00c5ke Bonnier\" \/>\n<meta name=\"twitter:card\" content=\"summary_large_image\" \/>\n<meta name=\"twitter:label1\" content=\"Skriven av\" \/>\n\t<meta name=\"twitter:data1\" content=\"\u00c5ke Bonnier\" \/>\n\t<meta name=\"twitter:label2\" content=\"Ber\u00e4knad l\u00e4stid\" \/>\n\t<meta name=\"twitter:data2\" content=\"1 minut\" \/>\n<script type=\"application\/ld+json\" class=\"yoast-schema-graph\">{\"@context\":\"https:\/\/schema.org\",\"@graph\":[{\"@type\":\"Article\",\"@id\":\"https:\/\/blogg.svenskakyrkan.se\/akebonnier\/2011\/09\/16\/inledningsorden-vid-riksmotesgudstjansten\/#article\",\"isPartOf\":{\"@id\":\"https:\/\/blogg.svenskakyrkan.se\/akebonnier\/2011\/09\/16\/inledningsorden-vid-riksmotesgudstjansten\/\"},\"author\":{\"name\":\"\u00c5ke Bonnier\",\"@id\":\"https:\/\/blogg.svenskakyrkan.se\/akebonnier\/#\/schema\/person\/8db68bc0c94f6a5a62df2d4486ff1343\"},\"headline\":\"Inledningsorden vid Riksm\u00f6tesgudstj\u00e4nsten\",\"datePublished\":\"2011-09-16T07:27:00+00:00\",\"mainEntityOfPage\":{\"@id\":\"https:\/\/blogg.svenskakyrkan.se\/akebonnier\/2011\/09\/16\/inledningsorden-vid-riksmotesgudstjansten\/\"},\"wordCount\":304,\"commentCount\":57,\"image\":{\"@id\":\"https:\/\/blogg.svenskakyrkan.se\/akebonnier\/2011\/09\/16\/inledningsorden-vid-riksmotesgudstjansten\/#primaryimage\"},\"thumbnailUrl\":\"https:\/\/blogger.googleusercontent.com\/tracker\/9055441369901436026-6477428059756169064?l=akebonnier.blogspot.com\",\"articleSection\":[\"Inledningsorden vid Riksm\u00f6tesgudstj\u00e4nsten 2011\"],\"inLanguage\":\"sv-SE\",\"potentialAction\":[{\"@type\":\"CommentAction\",\"name\":\"Comment\",\"target\":[\"https:\/\/blogg.svenskakyrkan.se\/akebonnier\/2011\/09\/16\/inledningsorden-vid-riksmotesgudstjansten\/#respond\"]}]},{\"@type\":\"WebPage\",\"@id\":\"https:\/\/blogg.svenskakyrkan.se\/akebonnier\/2011\/09\/16\/inledningsorden-vid-riksmotesgudstjansten\/\",\"url\":\"https:\/\/blogg.svenskakyrkan.se\/akebonnier\/2011\/09\/16\/inledningsorden-vid-riksmotesgudstjansten\/\",\"name\":\"Inledningsorden vid Riksm\u00f6tesgudstj\u00e4nsten - \u00c5ke Bonnier\",\"isPartOf\":{\"@id\":\"https:\/\/blogg.svenskakyrkan.se\/akebonnier\/#website\"},\"primaryImageOfPage\":{\"@id\":\"https:\/\/blogg.svenskakyrkan.se\/akebonnier\/2011\/09\/16\/inledningsorden-vid-riksmotesgudstjansten\/#primaryimage\"},\"image\":{\"@id\":\"https:\/\/blogg.svenskakyrkan.se\/akebonnier\/2011\/09\/16\/inledningsorden-vid-riksmotesgudstjansten\/#primaryimage\"},\"thumbnailUrl\":\"https:\/\/blogger.googleusercontent.com\/tracker\/9055441369901436026-6477428059756169064?l=akebonnier.blogspot.com\",\"datePublished\":\"2011-09-16T07:27:00+00:00\",\"author\":{\"@id\":\"https:\/\/blogg.svenskakyrkan.se\/akebonnier\/#\/schema\/person\/8db68bc0c94f6a5a62df2d4486ff1343\"},\"breadcrumb\":{\"@id\":\"https:\/\/blogg.svenskakyrkan.se\/akebonnier\/2011\/09\/16\/inledningsorden-vid-riksmotesgudstjansten\/#breadcrumb\"},\"inLanguage\":\"sv-SE\",\"potentialAction\":[{\"@type\":\"ReadAction\",\"target\":[\"https:\/\/blogg.svenskakyrkan.se\/akebonnier\/2011\/09\/16\/inledningsorden-vid-riksmotesgudstjansten\/\"]}]},{\"@type\":\"ImageObject\",\"inLanguage\":\"sv-SE\",\"@id\":\"https:\/\/blogg.svenskakyrkan.se\/akebonnier\/2011\/09\/16\/inledningsorden-vid-riksmotesgudstjansten\/#primaryimage\",\"url\":\"https:\/\/blogger.googleusercontent.com\/tracker\/9055441369901436026-6477428059756169064?l=akebonnier.blogspot.com\",\"contentUrl\":\"https:\/\/blogger.googleusercontent.com\/tracker\/9055441369901436026-6477428059756169064?l=akebonnier.blogspot.com\"},{\"@type\":\"BreadcrumbList\",\"@id\":\"https:\/\/blogg.svenskakyrkan.se\/akebonnier\/2011\/09\/16\/inledningsorden-vid-riksmotesgudstjansten\/#breadcrumb\",\"itemListElement\":[{\"@type\":\"ListItem\",\"position\":1,\"name\":\"Hem\",\"item\":\"https:\/\/blogg.svenskakyrkan.se\/akebonnier\/\"},{\"@type\":\"ListItem\",\"position\":2,\"name\":\"Inledningsorden vid Riksm\u00f6tesgudstj\u00e4nsten\"}]},{\"@type\":\"WebSite\",\"@id\":\"https:\/\/blogg.svenskakyrkan.se\/akebonnier\/#website\",\"url\":\"https:\/\/blogg.svenskakyrkan.se\/akebonnier\/\",\"name\":\"\u00c5ke Bonnier\",\"description\":\"Biskop i Svenska kyrkan - Skara stift\",\"potentialAction\":[{\"@type\":\"SearchAction\",\"target\":{\"@type\":\"EntryPoint\",\"urlTemplate\":\"https:\/\/blogg.svenskakyrkan.se\/akebonnier\/?s={search_term_string}\"},\"query-input\":{\"@type\":\"PropertyValueSpecification\",\"valueRequired\":true,\"valueName\":\"search_term_string\"}}],\"inLanguage\":\"sv-SE\"},{\"@type\":\"Person\",\"@id\":\"https:\/\/blogg.svenskakyrkan.se\/akebonnier\/#\/schema\/person\/8db68bc0c94f6a5a62df2d4486ff1343\",\"name\":\"\u00c5ke Bonnier\",\"image\":{\"@type\":\"ImageObject\",\"inLanguage\":\"sv-SE\",\"@id\":\"https:\/\/blogg.svenskakyrkan.se\/akebonnier\/#\/schema\/person\/image\/\",\"url\":\"https:\/\/secure.gravatar.com\/avatar\/b88264736bb0bc0d1ea92298aef02c9f98cfc13c7484130c42c663ae484f9462?s=96&d=mm&r=g\",\"contentUrl\":\"https:\/\/secure.gravatar.com\/avatar\/b88264736bb0bc0d1ea92298aef02c9f98cfc13c7484130c42c663ae484f9462?s=96&d=mm&r=g\",\"caption\":\"\u00c5ke Bonnier\"},\"description\":\"Jag \u00e4r gift och har tv\u00e5 vuxna d\u00f6ttrar. Pr\u00e4stvigdes 1984 och biskopsvigs 26 augusti 2012 . Jag har tidigare bland annat varit, komminister och kyrkoherde i Liding\u00f6 f\u00f6rsamling och domprost i Stockholms domkyrkof\u00f6rsamling. Jag \u00e4r intresserad av konst, litteratur, teater, film. Jag tr\u00e4nar regelbundet p\u00e5 gym. Mitt huvudsakliga musikintresse \u00e4r klassisk musik men ocks\u00e5 Beatles, Elvis Presley, Monika Zettelund, Povel Ramel och m\u00e5nga andra tycker jag om att lyssna p\u00e5. Jag l\u00e4ser f\u00f6r lite sk\u00f6nlitteratur beroende p\u00e5 annat som jag m\u00e5ste l\u00e4sa i mitt uppdrag som biskop. Men jag \u00e4lskar b\u00f6cker. Naturligtvis l\u00e4ser jag n\u00e4st intill dagligdags i \\\"B\u00f6ckernas Bok.\\\"\",\"sameAs\":[\"http:\/\/www.skarastift.se\"],\"url\":\"https:\/\/blogg.svenskakyrkan.se\/akebonnier\/author\/akebonnier\/\"}]}<\/script>\n<!-- \/ Yoast SEO plugin. -->","yoast_head_json":{"title":"Inledningsorden vid Riksm\u00f6tesgudstj\u00e4nsten - \u00c5ke Bonnier","robots":{"index":"index","follow":"follow","max-snippet":"max-snippet:-1","max-image-preview":"max-image-preview:large","max-video-preview":"max-video-preview:-1"},"canonical":"https:\/\/blogg.svenskakyrkan.se\/akebonnier\/2011\/09\/16\/inledningsorden-vid-riksmotesgudstjansten\/","og_locale":"sv_SE","og_type":"article","og_title":"Inledningsorden vid Riksm\u00f6tesgudstj\u00e4nsten - \u00c5ke Bonnier","og_description":"Till alla er som vill veta vad som sades vid riksm\u00f6tesgudstj\u00e4nsten vill jag h\u00e4nvisa b\u00e5de till Stockholms domkyrkof\u00f6rsamlings hemsida&nbsp;och till en fortsatt l\u00e4sning av detta blogginl\u00e4gg. Nedan st\u00e5r ordagrant vad jag sa som inledningsord efter f\u00f6rsta psalmen: I Faderns och Sonens och den Heliga Andens namn Gud skapade m\u00e4nniskan till sin avbild, till Guds avbild [&hellip;]","og_url":"https:\/\/blogg.svenskakyrkan.se\/akebonnier\/2011\/09\/16\/inledningsorden-vid-riksmotesgudstjansten\/","og_site_name":"\u00c5ke Bonnier","article_published_time":"2011-09-16T07:27:00+00:00","og_image":[{"url":"https:\/\/blogger.googleusercontent.com\/tracker\/9055441369901436026-6477428059756169064?l=akebonnier.blogspot.com","type":"","width":"","height":""}],"author":"\u00c5ke Bonnier","twitter_card":"summary_large_image","twitter_misc":{"Skriven av":"\u00c5ke Bonnier","Ber\u00e4knad l\u00e4stid":"1 minut"},"schema":{"@context":"https:\/\/schema.org","@graph":[{"@type":"Article","@id":"https:\/\/blogg.svenskakyrkan.se\/akebonnier\/2011\/09\/16\/inledningsorden-vid-riksmotesgudstjansten\/#article","isPartOf":{"@id":"https:\/\/blogg.svenskakyrkan.se\/akebonnier\/2011\/09\/16\/inledningsorden-vid-riksmotesgudstjansten\/"},"author":{"name":"\u00c5ke Bonnier","@id":"https:\/\/blogg.svenskakyrkan.se\/akebonnier\/#\/schema\/person\/8db68bc0c94f6a5a62df2d4486ff1343"},"headline":"Inledningsorden vid Riksm\u00f6tesgudstj\u00e4nsten","datePublished":"2011-09-16T07:27:00+00:00","mainEntityOfPage":{"@id":"https:\/\/blogg.svenskakyrkan.se\/akebonnier\/2011\/09\/16\/inledningsorden-vid-riksmotesgudstjansten\/"},"wordCount":304,"commentCount":57,"image":{"@id":"https:\/\/blogg.svenskakyrkan.se\/akebonnier\/2011\/09\/16\/inledningsorden-vid-riksmotesgudstjansten\/#primaryimage"},"thumbnailUrl":"https:\/\/blogger.googleusercontent.com\/tracker\/9055441369901436026-6477428059756169064?l=akebonnier.blogspot.com","articleSection":["Inledningsorden vid Riksm\u00f6tesgudstj\u00e4nsten 2011"],"inLanguage":"sv-SE","potentialAction":[{"@type":"CommentAction","name":"Comment","target":["https:\/\/blogg.svenskakyrkan.se\/akebonnier\/2011\/09\/16\/inledningsorden-vid-riksmotesgudstjansten\/#respond"]}]},{"@type":"WebPage","@id":"https:\/\/blogg.svenskakyrkan.se\/akebonnier\/2011\/09\/16\/inledningsorden-vid-riksmotesgudstjansten\/","url":"https:\/\/blogg.svenskakyrkan.se\/akebonnier\/2011\/09\/16\/inledningsorden-vid-riksmotesgudstjansten\/","name":"Inledningsorden vid Riksm\u00f6tesgudstj\u00e4nsten - \u00c5ke Bonnier","isPartOf":{"@id":"https:\/\/blogg.svenskakyrkan.se\/akebonnier\/#website"},"primaryImageOfPage":{"@id":"https:\/\/blogg.svenskakyrkan.se\/akebonnier\/2011\/09\/16\/inledningsorden-vid-riksmotesgudstjansten\/#primaryimage"},"image":{"@id":"https:\/\/blogg.svenskakyrkan.se\/akebonnier\/2011\/09\/16\/inledningsorden-vid-riksmotesgudstjansten\/#primaryimage"},"thumbnailUrl":"https:\/\/blogger.googleusercontent.com\/tracker\/9055441369901436026-6477428059756169064?l=akebonnier.blogspot.com","datePublished":"2011-09-16T07:27:00+00:00","author":{"@id":"https:\/\/blogg.svenskakyrkan.se\/akebonnier\/#\/schema\/person\/8db68bc0c94f6a5a62df2d4486ff1343"},"breadcrumb":{"@id":"https:\/\/blogg.svenskakyrkan.se\/akebonnier\/2011\/09\/16\/inledningsorden-vid-riksmotesgudstjansten\/#breadcrumb"},"inLanguage":"sv-SE","potentialAction":[{"@type":"ReadAction","target":["https:\/\/blogg.svenskakyrkan.se\/akebonnier\/2011\/09\/16\/inledningsorden-vid-riksmotesgudstjansten\/"]}]},{"@type":"ImageObject","inLanguage":"sv-SE","@id":"https:\/\/blogg.svenskakyrkan.se\/akebonnier\/2011\/09\/16\/inledningsorden-vid-riksmotesgudstjansten\/#primaryimage","url":"https:\/\/blogger.googleusercontent.com\/tracker\/9055441369901436026-6477428059756169064?l=akebonnier.blogspot.com","contentUrl":"https:\/\/blogger.googleusercontent.com\/tracker\/9055441369901436026-6477428059756169064?l=akebonnier.blogspot.com"},{"@type":"BreadcrumbList","@id":"https:\/\/blogg.svenskakyrkan.se\/akebonnier\/2011\/09\/16\/inledningsorden-vid-riksmotesgudstjansten\/#breadcrumb","itemListElement":[{"@type":"ListItem","position":1,"name":"Hem","item":"https:\/\/blogg.svenskakyrkan.se\/akebonnier\/"},{"@type":"ListItem","position":2,"name":"Inledningsorden vid Riksm\u00f6tesgudstj\u00e4nsten"}]},{"@type":"WebSite","@id":"https:\/\/blogg.svenskakyrkan.se\/akebonnier\/#website","url":"https:\/\/blogg.svenskakyrkan.se\/akebonnier\/","name":"\u00c5ke Bonnier","description":"Biskop i Svenska kyrkan - Skara stift","potentialAction":[{"@type":"SearchAction","target":{"@type":"EntryPoint","urlTemplate":"https:\/\/blogg.svenskakyrkan.se\/akebonnier\/?s={search_term_string}"},"query-input":{"@type":"PropertyValueSpecification","valueRequired":true,"valueName":"search_term_string"}}],"inLanguage":"sv-SE"},{"@type":"Person","@id":"https:\/\/blogg.svenskakyrkan.se\/akebonnier\/#\/schema\/person\/8db68bc0c94f6a5a62df2d4486ff1343","name":"\u00c5ke Bonnier","image":{"@type":"ImageObject","inLanguage":"sv-SE","@id":"https:\/\/blogg.svenskakyrkan.se\/akebonnier\/#\/schema\/person\/image\/","url":"https:\/\/secure.gravatar.com\/avatar\/b88264736bb0bc0d1ea92298aef02c9f98cfc13c7484130c42c663ae484f9462?s=96&d=mm&r=g","contentUrl":"https:\/\/secure.gravatar.com\/avatar\/b88264736bb0bc0d1ea92298aef02c9f98cfc13c7484130c42c663ae484f9462?s=96&d=mm&r=g","caption":"\u00c5ke Bonnier"},"description":"Jag \u00e4r gift och har tv\u00e5 vuxna d\u00f6ttrar. Pr\u00e4stvigdes 1984 och biskopsvigs 26 augusti 2012 . Jag har tidigare bland annat varit, komminister och kyrkoherde i Liding\u00f6 f\u00f6rsamling och domprost i Stockholms domkyrkof\u00f6rsamling. Jag \u00e4r intresserad av konst, litteratur, teater, film. Jag tr\u00e4nar regelbundet p\u00e5 gym. Mitt huvudsakliga musikintresse \u00e4r klassisk musik men ocks\u00e5 Beatles, Elvis Presley, Monika Zettelund, Povel Ramel och m\u00e5nga andra tycker jag om att lyssna p\u00e5. Jag l\u00e4ser f\u00f6r lite sk\u00f6nlitteratur beroende p\u00e5 annat som jag m\u00e5ste l\u00e4sa i mitt uppdrag som biskop. Men jag \u00e4lskar b\u00f6cker. Naturligtvis l\u00e4ser jag n\u00e4st intill dagligdags i \"B\u00f6ckernas Bok.\"","sameAs":["http:\/\/www.skarastift.se"],"url":"https:\/\/blogg.svenskakyrkan.se\/akebonnier\/author\/akebonnier\/"}]}},"author_meta":{"ID":"108","user_nicename":"akebonnier","user_url":"http:\/\/www.skarastift.se","user_registered":"2011-10-11 09:24:48","display_name":"\u00c5ke Bonnier","first_name":"\u00c5ke","last_name":"Bonnier","avatar":"https:\/\/secure.gravatar.com\/avatar\/b88264736bb0bc0d1ea92298aef02c9f98cfc13c7484130c42c663ae484f9462?s=96&d=mm&r=g"},"featured_image":false,"bloginfo":{"name":"\u00c5ke Bonnier","url":"https:\/\/blogg.svenskakyrkan.se\/akebonnier"},"_links":{"self":[{"href":"https:\/\/blogg.svenskakyrkan.se\/akebonnier\/wp-json\/wp\/v2\/posts\/555","targetHints":{"allow":["GET"]}}],"collection":[{"href":"https:\/\/blogg.svenskakyrkan.se\/akebonnier\/wp-json\/wp\/v2\/posts"}],"about":[{"href":"https:\/\/blogg.svenskakyrkan.se\/akebonnier\/wp-json\/wp\/v2\/types\/post"}],"author":[{"embeddable":true,"href":"https:\/\/blogg.svenskakyrkan.se\/akebonnier\/wp-json\/wp\/v2\/users\/108"}],"replies":[{"embeddable":true,"href":"https:\/\/blogg.svenskakyrkan.se\/akebonnier\/wp-json\/wp\/v2\/comments?post=555"}],"version-history":[{"count":0,"href":"https:\/\/blogg.svenskakyrkan.se\/akebonnier\/wp-json\/wp\/v2\/posts\/555\/revisions"}],"wp:attachment":[{"href":"https:\/\/blogg.svenskakyrkan.se\/akebonnier\/wp-json\/wp\/v2\/media?parent=555"}],"wp:term":[{"taxonomy":"category","embeddable":true,"href":"https:\/\/blogg.svenskakyrkan.se\/akebonnier\/wp-json\/wp\/v2\/categories?post=555"},{"taxonomy":"post_tag","embeddable":true,"href":"https:\/\/blogg.svenskakyrkan.se\/akebonnier\/wp-json\/wp\/v2\/tags?post=555"}],"curies":[{"name":"wp","href":"https:\/\/api.w.org\/{rel}","templated":true}]}}