{"id":562,"date":"2011-10-18T06:01:00","date_gmt":"2011-10-18T06:01:00","guid":{"rendered":"http:\/\/blogg.svenskakyrkan.se\/akebonnier\/2011\/10\/18\/och-ljuset-lyser-i-morkret\/"},"modified":"2011-10-18T06:01:00","modified_gmt":"2011-10-18T06:01:00","slug":"och-ljuset-lyser-i-morkret","status":"publish","type":"post","link":"https:\/\/blogg.svenskakyrkan.se\/akebonnier\/2011\/10\/18\/och-ljuset-lyser-i-morkret\/","title":{"rendered":"Och ljuset lyser i m\u00f6rkret"},"content":{"rendered":"<p>F\u00f6r n\u00e5gra dagar sedan var hustrun och jag i K\u00f6penhamn. &#8221;Det \u00e4r \u00e5rets mest sp\u00e4nnande kv\u00e4ll&#8221;, sa en god v\u00e4n n\u00e4r vi samtalade. Vi hade lyckats pricka in kulturnatten i K\u00f6penhamn. Efter middagen begav vi oss ut p\u00e5 stan och tittade p\u00e5 m\u00e4nniskor som k\u00f6ade f\u00f6r det ena evenemanget efter det andra. Sammanhang var \u00f6ppna (typ kungliga slottet etc) som inte annars \u00f6ppnar upp f\u00f6r allm\u00e4nheten. Museer, aff\u00e4rer, kyrkor h\u00f6ll \u00f6ppet och extra\u00f6ppet. Komers och kultur samsades med olika specialerbjudanden och folket tr\u00e4ngde p\u00e5. Kyrkan fanns p\u00e5 plats med m\u00f6jligheter f\u00f6r barn att t\u00e4vla i drickabackskl\u00e4ttring. En flicka h\u00e4ngde i en s\u00e4kerhetssele och kl\u00e4ttrade upp f\u00f6r knappt 20 backar. Jag skulle sannerligen inte kunna g\u00f6ra om det. Men kyrkan fanns ocks\u00e5 p\u00e5 plats med sitt sedvanliga program p\u00e5 Str\u00f6get, i den sedvanligt natt\u00f6ppna kyrkan.<\/p>\n<p>Hustrun och jag passerade och gick in i den fullsatta kyrkan. En stilla m\u00e4ssa p\u00e5gick och vi som kom in v\u00e4lkomnades av pr\u00e4st och andra som delade ut smala vaxljus som vi kunde t\u00e4nda och sitta med s\u00e5 l\u00e4nge vi ville och det var m\u00f6jligt. M\u00e4nniskor tr\u00e4ngdes vid ing\u00e5ngen. Man ville st\u00e5 en stund, komma bort fr\u00e5n Str\u00f6gets kommers och bara vara, bara l\u00e5ta den l\u00e4ngtan som jag tror finns inom oss alla f\u00e5 n\u00e5gra sekunders tillfredsst\u00e4llelse. Jag t\u00e4nker nu efter\u00e5t os\u00f6kt p\u00e5 kyrkofadern Augustinus som skriver: Du o Gud har skapat mig till Dig och mitt hj\u00e4rta \u00e4r oroligt tills dess det finner vila i Dig. <\/p>\n<p>En stunds sj\u00e4lslig vila &#8211; vila&nbsp;f\u00f6r v\u00e5ra oroliga hj\u00e4rtan &#8211;&nbsp;tror jag vi fann allihop som var d\u00e4r. Den natt\u00f6ppna str\u00f6getkyrkan blev som en refug mitt i tillvarons kr\u00e4vande str\u00f6m. I kulturnattens m\u00f6rker var mycket \u00f6ppet och mycket till\u00e5tet. Man kunde k\u00f6pa ett kulturpass som gav intr\u00e4de till olika aktiviteter, ett pass som gjorde det m\u00f6jligt att komma in, att f\u00e5 delta. I det m\u00e5ngh\u00f6vdade gudstj\u00e4nstsammanhanget beh\u00f6vdes inget pass, bara en l\u00e4ngtan. Och l\u00e4ngtan fanns! <\/p>\n<p>Och l\u00e4ngtan <em>finns<\/em> &#8211; och allas v\u00e5r stora utmaning som Kyrka \u00e4r att m\u00f6ta den l\u00e4ngtan. F\u00f6r vi har ett svar, ett svar som h\u00e5ller b\u00e5de d\u00e5 det \u00e4r dag och d\u00e5 det \u00e4r natt. L\u00e5t oss vara tydliga med det svaret. Det finns ett svar f\u00f6r den som s\u00f6ker. Det finns ett svar f\u00f6r den som som l\u00e4ngtar. I den m\u00f6rklagda kyrkan p\u00e5 Str\u00f6get anades detta tydligt i vaxljusens l\u00e5gor, i s\u00e5ngen, musiken, stillheten. Det fanns en N\u00e4rvaro!<\/p>\n<p><em>Och ljuset lyser i m\u00f6rkret, och m\u00f6rkret har inte \u00f6vervunnit det!<\/em> (Joh 1:5)<\/p>\n<div class=\"blogger-post-footer\"><img width='1' height='1' src='https:\/\/blogger.googleusercontent.com\/tracker\/9055441369901436026-1506699867999086055?l=akebonnier.blogspot.com' alt='' \/><\/div>\n","protected":false},"excerpt":{"rendered":"<p>F\u00f6r n\u00e5gra dagar sedan var hustrun och jag i K\u00f6penhamn. &#8221;Det \u00e4r \u00e5rets mest sp\u00e4nnande kv\u00e4ll&#8221;, sa en god v\u00e4n n\u00e4r vi samtalade. Vi hade lyckats pricka in kulturnatten i K\u00f6penhamn. Efter middagen begav vi oss ut p\u00e5 stan och tittade p\u00e5 m\u00e4nniskor som k\u00f6ade f\u00f6r det ena evenemanget efter det andra. Sammanhang var \u00f6ppna [&hellip;]<\/p>\n","protected":false},"author":108,"featured_media":0,"comment_status":"open","ping_status":"open","sticky":false,"template":"","format":"standard","meta":{"_acf_changed":false,"footnotes":""},"categories":[16514],"tags":[],"class_list":["post-562","post","type-post","status-publish","format-standard","hentry","category-och-ljuset-lyser-i-morkret"],"acf":[],"yoast_head":"<!-- This site is optimized with the Yoast SEO plugin v27.1.1 - https:\/\/yoast.com\/product\/yoast-seo-wordpress\/ -->\n<title>Och ljuset lyser i m\u00f6rkret - \u00c5ke Bonnier<\/title>\n<meta name=\"robots\" content=\"index, follow, max-snippet:-1, max-image-preview:large, max-video-preview:-1\" \/>\n<link rel=\"canonical\" href=\"https:\/\/blogg.svenskakyrkan.se\/akebonnier\/2011\/10\/18\/och-ljuset-lyser-i-morkret\/\" \/>\n<meta property=\"og:locale\" content=\"sv_SE\" \/>\n<meta property=\"og:type\" content=\"article\" \/>\n<meta property=\"og:title\" content=\"Och ljuset lyser i m\u00f6rkret - \u00c5ke Bonnier\" \/>\n<meta property=\"og:description\" content=\"F\u00f6r n\u00e5gra dagar sedan var hustrun och jag i K\u00f6penhamn. &#8221;Det \u00e4r \u00e5rets mest sp\u00e4nnande kv\u00e4ll&#8221;, sa en god v\u00e4n n\u00e4r vi samtalade. Vi hade lyckats pricka in kulturnatten i K\u00f6penhamn. Efter middagen begav vi oss ut p\u00e5 stan och tittade p\u00e5 m\u00e4nniskor som k\u00f6ade f\u00f6r det ena evenemanget efter det andra. Sammanhang var \u00f6ppna [&hellip;]\" \/>\n<meta property=\"og:url\" content=\"https:\/\/blogg.svenskakyrkan.se\/akebonnier\/2011\/10\/18\/och-ljuset-lyser-i-morkret\/\" \/>\n<meta property=\"og:site_name\" content=\"\u00c5ke Bonnier\" \/>\n<meta property=\"article:published_time\" content=\"2011-10-18T06:01:00+00:00\" \/>\n<meta property=\"og:image\" content=\"https:\/\/blogger.googleusercontent.com\/tracker\/9055441369901436026-1506699867999086055?l=akebonnier.blogspot.com\" \/>\n<meta name=\"author\" content=\"\u00c5ke Bonnier\" \/>\n<meta name=\"twitter:card\" content=\"summary_large_image\" \/>\n<meta name=\"twitter:label1\" content=\"Skriven av\" \/>\n\t<meta name=\"twitter:data1\" content=\"\u00c5ke Bonnier\" \/>\n\t<meta name=\"twitter:label2\" content=\"Ber\u00e4knad l\u00e4stid\" \/>\n\t<meta name=\"twitter:data2\" content=\"2 minuter\" \/>\n<script type=\"application\/ld+json\" class=\"yoast-schema-graph\">{\"@context\":\"https:\/\/schema.org\",\"@graph\":[{\"@type\":\"Article\",\"@id\":\"https:\/\/blogg.svenskakyrkan.se\/akebonnier\/2011\/10\/18\/och-ljuset-lyser-i-morkret\/#article\",\"isPartOf\":{\"@id\":\"https:\/\/blogg.svenskakyrkan.se\/akebonnier\/2011\/10\/18\/och-ljuset-lyser-i-morkret\/\"},\"author\":{\"name\":\"\u00c5ke Bonnier\",\"@id\":\"https:\/\/blogg.svenskakyrkan.se\/akebonnier\/#\/schema\/person\/8db68bc0c94f6a5a62df2d4486ff1343\"},\"headline\":\"Och ljuset lyser i m\u00f6rkret\",\"datePublished\":\"2011-10-18T06:01:00+00:00\",\"mainEntityOfPage\":{\"@id\":\"https:\/\/blogg.svenskakyrkan.se\/akebonnier\/2011\/10\/18\/och-ljuset-lyser-i-morkret\/\"},\"wordCount\":502,\"commentCount\":11,\"image\":{\"@id\":\"https:\/\/blogg.svenskakyrkan.se\/akebonnier\/2011\/10\/18\/och-ljuset-lyser-i-morkret\/#primaryimage\"},\"thumbnailUrl\":\"https:\/\/blogger.googleusercontent.com\/tracker\/9055441369901436026-1506699867999086055?l=akebonnier.blogspot.com\",\"articleSection\":[\"Och ljuset lyser i m\u00f6rkret\"],\"inLanguage\":\"sv-SE\",\"potentialAction\":[{\"@type\":\"CommentAction\",\"name\":\"Comment\",\"target\":[\"https:\/\/blogg.svenskakyrkan.se\/akebonnier\/2011\/10\/18\/och-ljuset-lyser-i-morkret\/#respond\"]}]},{\"@type\":\"WebPage\",\"@id\":\"https:\/\/blogg.svenskakyrkan.se\/akebonnier\/2011\/10\/18\/och-ljuset-lyser-i-morkret\/\",\"url\":\"https:\/\/blogg.svenskakyrkan.se\/akebonnier\/2011\/10\/18\/och-ljuset-lyser-i-morkret\/\",\"name\":\"Och ljuset lyser i m\u00f6rkret - \u00c5ke Bonnier\",\"isPartOf\":{\"@id\":\"https:\/\/blogg.svenskakyrkan.se\/akebonnier\/#website\"},\"primaryImageOfPage\":{\"@id\":\"https:\/\/blogg.svenskakyrkan.se\/akebonnier\/2011\/10\/18\/och-ljuset-lyser-i-morkret\/#primaryimage\"},\"image\":{\"@id\":\"https:\/\/blogg.svenskakyrkan.se\/akebonnier\/2011\/10\/18\/och-ljuset-lyser-i-morkret\/#primaryimage\"},\"thumbnailUrl\":\"https:\/\/blogger.googleusercontent.com\/tracker\/9055441369901436026-1506699867999086055?l=akebonnier.blogspot.com\",\"datePublished\":\"2011-10-18T06:01:00+00:00\",\"author\":{\"@id\":\"https:\/\/blogg.svenskakyrkan.se\/akebonnier\/#\/schema\/person\/8db68bc0c94f6a5a62df2d4486ff1343\"},\"breadcrumb\":{\"@id\":\"https:\/\/blogg.svenskakyrkan.se\/akebonnier\/2011\/10\/18\/och-ljuset-lyser-i-morkret\/#breadcrumb\"},\"inLanguage\":\"sv-SE\",\"potentialAction\":[{\"@type\":\"ReadAction\",\"target\":[\"https:\/\/blogg.svenskakyrkan.se\/akebonnier\/2011\/10\/18\/och-ljuset-lyser-i-morkret\/\"]}]},{\"@type\":\"ImageObject\",\"inLanguage\":\"sv-SE\",\"@id\":\"https:\/\/blogg.svenskakyrkan.se\/akebonnier\/2011\/10\/18\/och-ljuset-lyser-i-morkret\/#primaryimage\",\"url\":\"https:\/\/blogger.googleusercontent.com\/tracker\/9055441369901436026-1506699867999086055?l=akebonnier.blogspot.com\",\"contentUrl\":\"https:\/\/blogger.googleusercontent.com\/tracker\/9055441369901436026-1506699867999086055?l=akebonnier.blogspot.com\"},{\"@type\":\"BreadcrumbList\",\"@id\":\"https:\/\/blogg.svenskakyrkan.se\/akebonnier\/2011\/10\/18\/och-ljuset-lyser-i-morkret\/#breadcrumb\",\"itemListElement\":[{\"@type\":\"ListItem\",\"position\":1,\"name\":\"Hem\",\"item\":\"https:\/\/blogg.svenskakyrkan.se\/akebonnier\/\"},{\"@type\":\"ListItem\",\"position\":2,\"name\":\"Och ljuset lyser i m\u00f6rkret\"}]},{\"@type\":\"WebSite\",\"@id\":\"https:\/\/blogg.svenskakyrkan.se\/akebonnier\/#website\",\"url\":\"https:\/\/blogg.svenskakyrkan.se\/akebonnier\/\",\"name\":\"\u00c5ke Bonnier\",\"description\":\"Biskop i Svenska kyrkan - Skara stift\",\"potentialAction\":[{\"@type\":\"SearchAction\",\"target\":{\"@type\":\"EntryPoint\",\"urlTemplate\":\"https:\/\/blogg.svenskakyrkan.se\/akebonnier\/?s={search_term_string}\"},\"query-input\":{\"@type\":\"PropertyValueSpecification\",\"valueRequired\":true,\"valueName\":\"search_term_string\"}}],\"inLanguage\":\"sv-SE\"},{\"@type\":\"Person\",\"@id\":\"https:\/\/blogg.svenskakyrkan.se\/akebonnier\/#\/schema\/person\/8db68bc0c94f6a5a62df2d4486ff1343\",\"name\":\"\u00c5ke Bonnier\",\"image\":{\"@type\":\"ImageObject\",\"inLanguage\":\"sv-SE\",\"@id\":\"https:\/\/blogg.svenskakyrkan.se\/akebonnier\/#\/schema\/person\/image\/\",\"url\":\"https:\/\/secure.gravatar.com\/avatar\/b88264736bb0bc0d1ea92298aef02c9f98cfc13c7484130c42c663ae484f9462?s=96&d=mm&r=g\",\"contentUrl\":\"https:\/\/secure.gravatar.com\/avatar\/b88264736bb0bc0d1ea92298aef02c9f98cfc13c7484130c42c663ae484f9462?s=96&d=mm&r=g\",\"caption\":\"\u00c5ke Bonnier\"},\"description\":\"Jag \u00e4r gift och har tv\u00e5 vuxna d\u00f6ttrar. Pr\u00e4stvigdes 1984 och biskopsvigs 26 augusti 2012 . Jag har tidigare bland annat varit, komminister och kyrkoherde i Liding\u00f6 f\u00f6rsamling och domprost i Stockholms domkyrkof\u00f6rsamling. Jag \u00e4r intresserad av konst, litteratur, teater, film. Jag tr\u00e4nar regelbundet p\u00e5 gym. Mitt huvudsakliga musikintresse \u00e4r klassisk musik men ocks\u00e5 Beatles, Elvis Presley, Monika Zettelund, Povel Ramel och m\u00e5nga andra tycker jag om att lyssna p\u00e5. Jag l\u00e4ser f\u00f6r lite sk\u00f6nlitteratur beroende p\u00e5 annat som jag m\u00e5ste l\u00e4sa i mitt uppdrag som biskop. Men jag \u00e4lskar b\u00f6cker. Naturligtvis l\u00e4ser jag n\u00e4st intill dagligdags i \\\"B\u00f6ckernas Bok.\\\"\",\"sameAs\":[\"http:\/\/www.skarastift.se\"],\"url\":\"https:\/\/blogg.svenskakyrkan.se\/akebonnier\/author\/akebonnier\/\"}]}<\/script>\n<!-- \/ Yoast SEO plugin. -->","yoast_head_json":{"title":"Och ljuset lyser i m\u00f6rkret - \u00c5ke Bonnier","robots":{"index":"index","follow":"follow","max-snippet":"max-snippet:-1","max-image-preview":"max-image-preview:large","max-video-preview":"max-video-preview:-1"},"canonical":"https:\/\/blogg.svenskakyrkan.se\/akebonnier\/2011\/10\/18\/och-ljuset-lyser-i-morkret\/","og_locale":"sv_SE","og_type":"article","og_title":"Och ljuset lyser i m\u00f6rkret - \u00c5ke Bonnier","og_description":"F\u00f6r n\u00e5gra dagar sedan var hustrun och jag i K\u00f6penhamn. &#8221;Det \u00e4r \u00e5rets mest sp\u00e4nnande kv\u00e4ll&#8221;, sa en god v\u00e4n n\u00e4r vi samtalade. Vi hade lyckats pricka in kulturnatten i K\u00f6penhamn. Efter middagen begav vi oss ut p\u00e5 stan och tittade p\u00e5 m\u00e4nniskor som k\u00f6ade f\u00f6r det ena evenemanget efter det andra. Sammanhang var \u00f6ppna [&hellip;]","og_url":"https:\/\/blogg.svenskakyrkan.se\/akebonnier\/2011\/10\/18\/och-ljuset-lyser-i-morkret\/","og_site_name":"\u00c5ke Bonnier","article_published_time":"2011-10-18T06:01:00+00:00","og_image":[{"url":"https:\/\/blogger.googleusercontent.com\/tracker\/9055441369901436026-1506699867999086055?l=akebonnier.blogspot.com","type":"","width":"","height":""}],"author":"\u00c5ke Bonnier","twitter_card":"summary_large_image","twitter_misc":{"Skriven av":"\u00c5ke Bonnier","Ber\u00e4knad l\u00e4stid":"2 minuter"},"schema":{"@context":"https:\/\/schema.org","@graph":[{"@type":"Article","@id":"https:\/\/blogg.svenskakyrkan.se\/akebonnier\/2011\/10\/18\/och-ljuset-lyser-i-morkret\/#article","isPartOf":{"@id":"https:\/\/blogg.svenskakyrkan.se\/akebonnier\/2011\/10\/18\/och-ljuset-lyser-i-morkret\/"},"author":{"name":"\u00c5ke Bonnier","@id":"https:\/\/blogg.svenskakyrkan.se\/akebonnier\/#\/schema\/person\/8db68bc0c94f6a5a62df2d4486ff1343"},"headline":"Och ljuset lyser i m\u00f6rkret","datePublished":"2011-10-18T06:01:00+00:00","mainEntityOfPage":{"@id":"https:\/\/blogg.svenskakyrkan.se\/akebonnier\/2011\/10\/18\/och-ljuset-lyser-i-morkret\/"},"wordCount":502,"commentCount":11,"image":{"@id":"https:\/\/blogg.svenskakyrkan.se\/akebonnier\/2011\/10\/18\/och-ljuset-lyser-i-morkret\/#primaryimage"},"thumbnailUrl":"https:\/\/blogger.googleusercontent.com\/tracker\/9055441369901436026-1506699867999086055?l=akebonnier.blogspot.com","articleSection":["Och ljuset lyser i m\u00f6rkret"],"inLanguage":"sv-SE","potentialAction":[{"@type":"CommentAction","name":"Comment","target":["https:\/\/blogg.svenskakyrkan.se\/akebonnier\/2011\/10\/18\/och-ljuset-lyser-i-morkret\/#respond"]}]},{"@type":"WebPage","@id":"https:\/\/blogg.svenskakyrkan.se\/akebonnier\/2011\/10\/18\/och-ljuset-lyser-i-morkret\/","url":"https:\/\/blogg.svenskakyrkan.se\/akebonnier\/2011\/10\/18\/och-ljuset-lyser-i-morkret\/","name":"Och ljuset lyser i m\u00f6rkret - \u00c5ke Bonnier","isPartOf":{"@id":"https:\/\/blogg.svenskakyrkan.se\/akebonnier\/#website"},"primaryImageOfPage":{"@id":"https:\/\/blogg.svenskakyrkan.se\/akebonnier\/2011\/10\/18\/och-ljuset-lyser-i-morkret\/#primaryimage"},"image":{"@id":"https:\/\/blogg.svenskakyrkan.se\/akebonnier\/2011\/10\/18\/och-ljuset-lyser-i-morkret\/#primaryimage"},"thumbnailUrl":"https:\/\/blogger.googleusercontent.com\/tracker\/9055441369901436026-1506699867999086055?l=akebonnier.blogspot.com","datePublished":"2011-10-18T06:01:00+00:00","author":{"@id":"https:\/\/blogg.svenskakyrkan.se\/akebonnier\/#\/schema\/person\/8db68bc0c94f6a5a62df2d4486ff1343"},"breadcrumb":{"@id":"https:\/\/blogg.svenskakyrkan.se\/akebonnier\/2011\/10\/18\/och-ljuset-lyser-i-morkret\/#breadcrumb"},"inLanguage":"sv-SE","potentialAction":[{"@type":"ReadAction","target":["https:\/\/blogg.svenskakyrkan.se\/akebonnier\/2011\/10\/18\/och-ljuset-lyser-i-morkret\/"]}]},{"@type":"ImageObject","inLanguage":"sv-SE","@id":"https:\/\/blogg.svenskakyrkan.se\/akebonnier\/2011\/10\/18\/och-ljuset-lyser-i-morkret\/#primaryimage","url":"https:\/\/blogger.googleusercontent.com\/tracker\/9055441369901436026-1506699867999086055?l=akebonnier.blogspot.com","contentUrl":"https:\/\/blogger.googleusercontent.com\/tracker\/9055441369901436026-1506699867999086055?l=akebonnier.blogspot.com"},{"@type":"BreadcrumbList","@id":"https:\/\/blogg.svenskakyrkan.se\/akebonnier\/2011\/10\/18\/och-ljuset-lyser-i-morkret\/#breadcrumb","itemListElement":[{"@type":"ListItem","position":1,"name":"Hem","item":"https:\/\/blogg.svenskakyrkan.se\/akebonnier\/"},{"@type":"ListItem","position":2,"name":"Och ljuset lyser i m\u00f6rkret"}]},{"@type":"WebSite","@id":"https:\/\/blogg.svenskakyrkan.se\/akebonnier\/#website","url":"https:\/\/blogg.svenskakyrkan.se\/akebonnier\/","name":"\u00c5ke Bonnier","description":"Biskop i Svenska kyrkan - Skara stift","potentialAction":[{"@type":"SearchAction","target":{"@type":"EntryPoint","urlTemplate":"https:\/\/blogg.svenskakyrkan.se\/akebonnier\/?s={search_term_string}"},"query-input":{"@type":"PropertyValueSpecification","valueRequired":true,"valueName":"search_term_string"}}],"inLanguage":"sv-SE"},{"@type":"Person","@id":"https:\/\/blogg.svenskakyrkan.se\/akebonnier\/#\/schema\/person\/8db68bc0c94f6a5a62df2d4486ff1343","name":"\u00c5ke Bonnier","image":{"@type":"ImageObject","inLanguage":"sv-SE","@id":"https:\/\/blogg.svenskakyrkan.se\/akebonnier\/#\/schema\/person\/image\/","url":"https:\/\/secure.gravatar.com\/avatar\/b88264736bb0bc0d1ea92298aef02c9f98cfc13c7484130c42c663ae484f9462?s=96&d=mm&r=g","contentUrl":"https:\/\/secure.gravatar.com\/avatar\/b88264736bb0bc0d1ea92298aef02c9f98cfc13c7484130c42c663ae484f9462?s=96&d=mm&r=g","caption":"\u00c5ke Bonnier"},"description":"Jag \u00e4r gift och har tv\u00e5 vuxna d\u00f6ttrar. Pr\u00e4stvigdes 1984 och biskopsvigs 26 augusti 2012 . Jag har tidigare bland annat varit, komminister och kyrkoherde i Liding\u00f6 f\u00f6rsamling och domprost i Stockholms domkyrkof\u00f6rsamling. Jag \u00e4r intresserad av konst, litteratur, teater, film. Jag tr\u00e4nar regelbundet p\u00e5 gym. Mitt huvudsakliga musikintresse \u00e4r klassisk musik men ocks\u00e5 Beatles, Elvis Presley, Monika Zettelund, Povel Ramel och m\u00e5nga andra tycker jag om att lyssna p\u00e5. Jag l\u00e4ser f\u00f6r lite sk\u00f6nlitteratur beroende p\u00e5 annat som jag m\u00e5ste l\u00e4sa i mitt uppdrag som biskop. Men jag \u00e4lskar b\u00f6cker. Naturligtvis l\u00e4ser jag n\u00e4st intill dagligdags i \"B\u00f6ckernas Bok.\"","sameAs":["http:\/\/www.skarastift.se"],"url":"https:\/\/blogg.svenskakyrkan.se\/akebonnier\/author\/akebonnier\/"}]}},"author_meta":{"ID":"108","user_nicename":"akebonnier","user_url":"http:\/\/www.skarastift.se","user_registered":"2011-10-11 09:24:48","display_name":"\u00c5ke Bonnier","first_name":"\u00c5ke","last_name":"Bonnier","avatar":"https:\/\/secure.gravatar.com\/avatar\/b88264736bb0bc0d1ea92298aef02c9f98cfc13c7484130c42c663ae484f9462?s=96&d=mm&r=g"},"featured_image":false,"bloginfo":{"name":"\u00c5ke Bonnier","url":"https:\/\/blogg.svenskakyrkan.se\/akebonnier"},"_links":{"self":[{"href":"https:\/\/blogg.svenskakyrkan.se\/akebonnier\/wp-json\/wp\/v2\/posts\/562","targetHints":{"allow":["GET"]}}],"collection":[{"href":"https:\/\/blogg.svenskakyrkan.se\/akebonnier\/wp-json\/wp\/v2\/posts"}],"about":[{"href":"https:\/\/blogg.svenskakyrkan.se\/akebonnier\/wp-json\/wp\/v2\/types\/post"}],"author":[{"embeddable":true,"href":"https:\/\/blogg.svenskakyrkan.se\/akebonnier\/wp-json\/wp\/v2\/users\/108"}],"replies":[{"embeddable":true,"href":"https:\/\/blogg.svenskakyrkan.se\/akebonnier\/wp-json\/wp\/v2\/comments?post=562"}],"version-history":[{"count":0,"href":"https:\/\/blogg.svenskakyrkan.se\/akebonnier\/wp-json\/wp\/v2\/posts\/562\/revisions"}],"wp:attachment":[{"href":"https:\/\/blogg.svenskakyrkan.se\/akebonnier\/wp-json\/wp\/v2\/media?parent=562"}],"wp:term":[{"taxonomy":"category","embeddable":true,"href":"https:\/\/blogg.svenskakyrkan.se\/akebonnier\/wp-json\/wp\/v2\/categories?post=562"},{"taxonomy":"post_tag","embeddable":true,"href":"https:\/\/blogg.svenskakyrkan.se\/akebonnier\/wp-json\/wp\/v2\/tags?post=562"}],"curies":[{"name":"wp","href":"https:\/\/api.w.org\/{rel}","templated":true}]}}