{"id":564,"date":"2011-10-20T15:23:13","date_gmt":"2011-10-20T15:23:13","guid":{"rendered":"http:\/\/blogg.svenskakyrkan.se\/akebonnier\/?p=564"},"modified":"2011-10-20T15:33:28","modified_gmt":"2011-10-20T15:33:28","slug":"var-gar-gransen","status":"publish","type":"post","link":"https:\/\/blogg.svenskakyrkan.se\/akebonnier\/2011\/10\/20\/var-gar-gransen\/","title":{"rendered":"Var g\u00e5r gr\u00e4nsen?"},"content":{"rendered":"<p>\u00c5ter igen har en jagad person d\u00f6dats, denna g\u00e5ng en avsatt president i Libyen.<\/p>\n<p>Jag gl\u00e4ds med det Libyska folket och samtidigt s\u00e5 \u00e4r det \u00e5ter igen n\u00e5gonting inom mig som protesterar. Vilken r\u00e4tt har vi att avsluta liv? Utrikesminister Clinton i USA sa att det g\u00e4llde att f\u00e5 tag p\u00e5 Gadaffi, d\u00f6d eller levande. Kort sagt: hon godk\u00e4nde att han d\u00f6dades. Var g\u00e5r gr\u00e4nsen? Kan vi som kristna anse att det finns tillf\u00e4llen n\u00e4r livet m\u00e5ste avslutas f\u00f6r n\u00e5gon? Var g\u00e5r gr\u00e4nsen? Vilka liv f\u00e5r vi ta? Var g\u00e5r gr\u00e4nsen? Fr\u00e5gan \u00e4r s\u00e5 sv\u00e5r.<\/p>\n<p>\u00a0Visst finns det argument f\u00f6r att en s\u00e5dan som Gadaffi inte ska f\u00e5 leva. Men, samtidigt: \u00e4r det v\u00e4rsta straffet att d\u00f6? Eller vore en r\u00e4tteg\u00e5ng b\u00e4ttre och livstids f\u00e4ngelse? \u00c4r ett m\u00e4nniskoliv ov\u00e4rderligt? Ja, s\u00e4ger den kristna tron. Du \u00e4r gr\u00e4nsl\u00f6st v\u00e4rdefull. gr\u00e4nsl\u00f6st \u00e4lskad. G\u00e4ller det Gadaffi ocks\u00e5? Hur konstigt det \u00e4n k\u00e4nns att skriva det eller s\u00e4ga det s\u00e5 g\u00e4ller det alla. \u00c4ven Gadaffi var gr\u00e4nsl\u00f6st \u00e4lskad av Gud.\u00a0 Men jag \u00e4r inte s\u00e4ker p\u00e5 att han s\u00e5g detta, att han kunde ta emot det och framf\u00f6r allt kunde han inte se att andra m\u00e4nniskor var det, att andra m\u00e4nniskor v\u00e4r gr\u00e4nsl\u00f6st v\u00e4rdefulla. Han var blockerad, han liksom s\u00e5 m\u00e5nga andra terror- och v\u00e5ldsfylda m\u00e4nniskor.<\/p>\n<p>Men vi d\u00e5, som h\u00e4vdar att Jesus Kristus, genom sin d\u00f6d och sin uppst\u00e5ndelse visat p\u00e5 Guds k\u00e4rlek till oss m\u00e4nniskor, ocks\u00e5 till Gadaffi, vilken r\u00e4tt har vi att s\u00e4ga att det \u00e4r bra att han \u00e4r d\u00f6d. F\u00f6r n\u00e5gonstans inom tycker jag naturligtvis att det \u00e4r bra d\u00e4rf\u00f6r att hans d\u00f6d, f\u00f6rhoppningsvis, leder till en snabbare uppbyggnad av Libyen och ett b\u00e4ttre liv f\u00f6r s\u00e5 m\u00e5nga andra. Men, \u00e5ter igen, var g\u00e5r gr\u00e4nsen?<\/p>\n","protected":false},"excerpt":{"rendered":"<p>\u00c5ter igen har en jagad person d\u00f6dats, denna g\u00e5ng en avsatt president i Libyen. Jag gl\u00e4ds med det Libyska folket och samtidigt s\u00e5 \u00e4r det \u00e5ter igen n\u00e5gonting inom mig som protesterar. Vilken r\u00e4tt har vi att avsluta liv? Utrikesminister Clinton i USA sa att det g\u00e4llde att f\u00e5 tag p\u00e5 Gadaffi, d\u00f6d eller levande. [&hellip;]<\/p>\n","protected":false},"author":108,"featured_media":0,"comment_status":"open","ping_status":"open","sticky":false,"template":"","format":"standard","meta":{"_acf_changed":false,"footnotes":""},"categories":[9],"tags":[],"class_list":["post-564","post","type-post","status-publish","format-standard","hentry","category-okategoriserade"],"acf":[],"yoast_head":"<!-- This site is optimized with the Yoast SEO plugin v27.1.1 - https:\/\/yoast.com\/product\/yoast-seo-wordpress\/ -->\n<title>Var g\u00e5r gr\u00e4nsen? - \u00c5ke Bonnier<\/title>\n<meta name=\"robots\" content=\"index, follow, max-snippet:-1, max-image-preview:large, max-video-preview:-1\" \/>\n<link rel=\"canonical\" href=\"https:\/\/blogg.svenskakyrkan.se\/akebonnier\/2011\/10\/20\/var-gar-gransen\/\" \/>\n<meta property=\"og:locale\" content=\"sv_SE\" \/>\n<meta property=\"og:type\" content=\"article\" \/>\n<meta property=\"og:title\" content=\"Var g\u00e5r gr\u00e4nsen? - \u00c5ke Bonnier\" \/>\n<meta property=\"og:description\" content=\"\u00c5ter igen har en jagad person d\u00f6dats, denna g\u00e5ng en avsatt president i Libyen. Jag gl\u00e4ds med det Libyska folket och samtidigt s\u00e5 \u00e4r det \u00e5ter igen n\u00e5gonting inom mig som protesterar. Vilken r\u00e4tt har vi att avsluta liv? Utrikesminister Clinton i USA sa att det g\u00e4llde att f\u00e5 tag p\u00e5 Gadaffi, d\u00f6d eller levande. [&hellip;]\" \/>\n<meta property=\"og:url\" content=\"https:\/\/blogg.svenskakyrkan.se\/akebonnier\/2011\/10\/20\/var-gar-gransen\/\" \/>\n<meta property=\"og:site_name\" content=\"\u00c5ke Bonnier\" \/>\n<meta property=\"article:published_time\" content=\"2011-10-20T15:23:13+00:00\" \/>\n<meta property=\"article:modified_time\" content=\"2011-10-20T15:33:28+00:00\" \/>\n<meta name=\"author\" content=\"\u00c5ke Bonnier\" \/>\n<meta name=\"twitter:card\" content=\"summary_large_image\" \/>\n<meta name=\"twitter:label1\" content=\"Skriven av\" \/>\n\t<meta name=\"twitter:data1\" content=\"\u00c5ke Bonnier\" \/>\n\t<meta name=\"twitter:label2\" content=\"Ber\u00e4knad l\u00e4stid\" \/>\n\t<meta name=\"twitter:data2\" content=\"2 minuter\" \/>\n<script type=\"application\/ld+json\" class=\"yoast-schema-graph\">{\"@context\":\"https:\/\/schema.org\",\"@graph\":[{\"@type\":\"Article\",\"@id\":\"https:\/\/blogg.svenskakyrkan.se\/akebonnier\/2011\/10\/20\/var-gar-gransen\/#article\",\"isPartOf\":{\"@id\":\"https:\/\/blogg.svenskakyrkan.se\/akebonnier\/2011\/10\/20\/var-gar-gransen\/\"},\"author\":{\"name\":\"\u00c5ke Bonnier\",\"@id\":\"https:\/\/blogg.svenskakyrkan.se\/akebonnier\/#\/schema\/person\/8db68bc0c94f6a5a62df2d4486ff1343\"},\"headline\":\"Var g\u00e5r gr\u00e4nsen?\",\"datePublished\":\"2011-10-20T15:23:13+00:00\",\"dateModified\":\"2011-10-20T15:33:28+00:00\",\"mainEntityOfPage\":{\"@id\":\"https:\/\/blogg.svenskakyrkan.se\/akebonnier\/2011\/10\/20\/var-gar-gransen\/\"},\"wordCount\":366,\"commentCount\":16,\"inLanguage\":\"sv-SE\",\"potentialAction\":[{\"@type\":\"CommentAction\",\"name\":\"Comment\",\"target\":[\"https:\/\/blogg.svenskakyrkan.se\/akebonnier\/2011\/10\/20\/var-gar-gransen\/#respond\"]}]},{\"@type\":\"WebPage\",\"@id\":\"https:\/\/blogg.svenskakyrkan.se\/akebonnier\/2011\/10\/20\/var-gar-gransen\/\",\"url\":\"https:\/\/blogg.svenskakyrkan.se\/akebonnier\/2011\/10\/20\/var-gar-gransen\/\",\"name\":\"Var g\u00e5r gr\u00e4nsen? - \u00c5ke Bonnier\",\"isPartOf\":{\"@id\":\"https:\/\/blogg.svenskakyrkan.se\/akebonnier\/#website\"},\"datePublished\":\"2011-10-20T15:23:13+00:00\",\"dateModified\":\"2011-10-20T15:33:28+00:00\",\"author\":{\"@id\":\"https:\/\/blogg.svenskakyrkan.se\/akebonnier\/#\/schema\/person\/8db68bc0c94f6a5a62df2d4486ff1343\"},\"breadcrumb\":{\"@id\":\"https:\/\/blogg.svenskakyrkan.se\/akebonnier\/2011\/10\/20\/var-gar-gransen\/#breadcrumb\"},\"inLanguage\":\"sv-SE\",\"potentialAction\":[{\"@type\":\"ReadAction\",\"target\":[\"https:\/\/blogg.svenskakyrkan.se\/akebonnier\/2011\/10\/20\/var-gar-gransen\/\"]}]},{\"@type\":\"BreadcrumbList\",\"@id\":\"https:\/\/blogg.svenskakyrkan.se\/akebonnier\/2011\/10\/20\/var-gar-gransen\/#breadcrumb\",\"itemListElement\":[{\"@type\":\"ListItem\",\"position\":1,\"name\":\"Hem\",\"item\":\"https:\/\/blogg.svenskakyrkan.se\/akebonnier\/\"},{\"@type\":\"ListItem\",\"position\":2,\"name\":\"Var g\u00e5r gr\u00e4nsen?\"}]},{\"@type\":\"WebSite\",\"@id\":\"https:\/\/blogg.svenskakyrkan.se\/akebonnier\/#website\",\"url\":\"https:\/\/blogg.svenskakyrkan.se\/akebonnier\/\",\"name\":\"\u00c5ke Bonnier\",\"description\":\"Biskop i Svenska kyrkan - Skara stift\",\"potentialAction\":[{\"@type\":\"SearchAction\",\"target\":{\"@type\":\"EntryPoint\",\"urlTemplate\":\"https:\/\/blogg.svenskakyrkan.se\/akebonnier\/?s={search_term_string}\"},\"query-input\":{\"@type\":\"PropertyValueSpecification\",\"valueRequired\":true,\"valueName\":\"search_term_string\"}}],\"inLanguage\":\"sv-SE\"},{\"@type\":\"Person\",\"@id\":\"https:\/\/blogg.svenskakyrkan.se\/akebonnier\/#\/schema\/person\/8db68bc0c94f6a5a62df2d4486ff1343\",\"name\":\"\u00c5ke Bonnier\",\"image\":{\"@type\":\"ImageObject\",\"inLanguage\":\"sv-SE\",\"@id\":\"https:\/\/blogg.svenskakyrkan.se\/akebonnier\/#\/schema\/person\/image\/\",\"url\":\"https:\/\/secure.gravatar.com\/avatar\/b88264736bb0bc0d1ea92298aef02c9f98cfc13c7484130c42c663ae484f9462?s=96&d=mm&r=g\",\"contentUrl\":\"https:\/\/secure.gravatar.com\/avatar\/b88264736bb0bc0d1ea92298aef02c9f98cfc13c7484130c42c663ae484f9462?s=96&d=mm&r=g\",\"caption\":\"\u00c5ke Bonnier\"},\"description\":\"Jag \u00e4r gift och har tv\u00e5 vuxna d\u00f6ttrar. Pr\u00e4stvigdes 1984 och biskopsvigs 26 augusti 2012 . Jag har tidigare bland annat varit, komminister och kyrkoherde i Liding\u00f6 f\u00f6rsamling och domprost i Stockholms domkyrkof\u00f6rsamling. Jag \u00e4r intresserad av konst, litteratur, teater, film. Jag tr\u00e4nar regelbundet p\u00e5 gym. Mitt huvudsakliga musikintresse \u00e4r klassisk musik men ocks\u00e5 Beatles, Elvis Presley, Monika Zettelund, Povel Ramel och m\u00e5nga andra tycker jag om att lyssna p\u00e5. Jag l\u00e4ser f\u00f6r lite sk\u00f6nlitteratur beroende p\u00e5 annat som jag m\u00e5ste l\u00e4sa i mitt uppdrag som biskop. Men jag \u00e4lskar b\u00f6cker. Naturligtvis l\u00e4ser jag n\u00e4st intill dagligdags i \\\"B\u00f6ckernas Bok.\\\"\",\"sameAs\":[\"http:\/\/www.skarastift.se\"],\"url\":\"https:\/\/blogg.svenskakyrkan.se\/akebonnier\/author\/akebonnier\/\"}]}<\/script>\n<!-- \/ Yoast SEO plugin. -->","yoast_head_json":{"title":"Var g\u00e5r gr\u00e4nsen? - \u00c5ke Bonnier","robots":{"index":"index","follow":"follow","max-snippet":"max-snippet:-1","max-image-preview":"max-image-preview:large","max-video-preview":"max-video-preview:-1"},"canonical":"https:\/\/blogg.svenskakyrkan.se\/akebonnier\/2011\/10\/20\/var-gar-gransen\/","og_locale":"sv_SE","og_type":"article","og_title":"Var g\u00e5r gr\u00e4nsen? - \u00c5ke Bonnier","og_description":"\u00c5ter igen har en jagad person d\u00f6dats, denna g\u00e5ng en avsatt president i Libyen. Jag gl\u00e4ds med det Libyska folket och samtidigt s\u00e5 \u00e4r det \u00e5ter igen n\u00e5gonting inom mig som protesterar. Vilken r\u00e4tt har vi att avsluta liv? Utrikesminister Clinton i USA sa att det g\u00e4llde att f\u00e5 tag p\u00e5 Gadaffi, d\u00f6d eller levande. [&hellip;]","og_url":"https:\/\/blogg.svenskakyrkan.se\/akebonnier\/2011\/10\/20\/var-gar-gransen\/","og_site_name":"\u00c5ke Bonnier","article_published_time":"2011-10-20T15:23:13+00:00","article_modified_time":"2011-10-20T15:33:28+00:00","author":"\u00c5ke Bonnier","twitter_card":"summary_large_image","twitter_misc":{"Skriven av":"\u00c5ke Bonnier","Ber\u00e4knad l\u00e4stid":"2 minuter"},"schema":{"@context":"https:\/\/schema.org","@graph":[{"@type":"Article","@id":"https:\/\/blogg.svenskakyrkan.se\/akebonnier\/2011\/10\/20\/var-gar-gransen\/#article","isPartOf":{"@id":"https:\/\/blogg.svenskakyrkan.se\/akebonnier\/2011\/10\/20\/var-gar-gransen\/"},"author":{"name":"\u00c5ke Bonnier","@id":"https:\/\/blogg.svenskakyrkan.se\/akebonnier\/#\/schema\/person\/8db68bc0c94f6a5a62df2d4486ff1343"},"headline":"Var g\u00e5r gr\u00e4nsen?","datePublished":"2011-10-20T15:23:13+00:00","dateModified":"2011-10-20T15:33:28+00:00","mainEntityOfPage":{"@id":"https:\/\/blogg.svenskakyrkan.se\/akebonnier\/2011\/10\/20\/var-gar-gransen\/"},"wordCount":366,"commentCount":16,"inLanguage":"sv-SE","potentialAction":[{"@type":"CommentAction","name":"Comment","target":["https:\/\/blogg.svenskakyrkan.se\/akebonnier\/2011\/10\/20\/var-gar-gransen\/#respond"]}]},{"@type":"WebPage","@id":"https:\/\/blogg.svenskakyrkan.se\/akebonnier\/2011\/10\/20\/var-gar-gransen\/","url":"https:\/\/blogg.svenskakyrkan.se\/akebonnier\/2011\/10\/20\/var-gar-gransen\/","name":"Var g\u00e5r gr\u00e4nsen? - \u00c5ke Bonnier","isPartOf":{"@id":"https:\/\/blogg.svenskakyrkan.se\/akebonnier\/#website"},"datePublished":"2011-10-20T15:23:13+00:00","dateModified":"2011-10-20T15:33:28+00:00","author":{"@id":"https:\/\/blogg.svenskakyrkan.se\/akebonnier\/#\/schema\/person\/8db68bc0c94f6a5a62df2d4486ff1343"},"breadcrumb":{"@id":"https:\/\/blogg.svenskakyrkan.se\/akebonnier\/2011\/10\/20\/var-gar-gransen\/#breadcrumb"},"inLanguage":"sv-SE","potentialAction":[{"@type":"ReadAction","target":["https:\/\/blogg.svenskakyrkan.se\/akebonnier\/2011\/10\/20\/var-gar-gransen\/"]}]},{"@type":"BreadcrumbList","@id":"https:\/\/blogg.svenskakyrkan.se\/akebonnier\/2011\/10\/20\/var-gar-gransen\/#breadcrumb","itemListElement":[{"@type":"ListItem","position":1,"name":"Hem","item":"https:\/\/blogg.svenskakyrkan.se\/akebonnier\/"},{"@type":"ListItem","position":2,"name":"Var g\u00e5r gr\u00e4nsen?"}]},{"@type":"WebSite","@id":"https:\/\/blogg.svenskakyrkan.se\/akebonnier\/#website","url":"https:\/\/blogg.svenskakyrkan.se\/akebonnier\/","name":"\u00c5ke Bonnier","description":"Biskop i Svenska kyrkan - Skara stift","potentialAction":[{"@type":"SearchAction","target":{"@type":"EntryPoint","urlTemplate":"https:\/\/blogg.svenskakyrkan.se\/akebonnier\/?s={search_term_string}"},"query-input":{"@type":"PropertyValueSpecification","valueRequired":true,"valueName":"search_term_string"}}],"inLanguage":"sv-SE"},{"@type":"Person","@id":"https:\/\/blogg.svenskakyrkan.se\/akebonnier\/#\/schema\/person\/8db68bc0c94f6a5a62df2d4486ff1343","name":"\u00c5ke Bonnier","image":{"@type":"ImageObject","inLanguage":"sv-SE","@id":"https:\/\/blogg.svenskakyrkan.se\/akebonnier\/#\/schema\/person\/image\/","url":"https:\/\/secure.gravatar.com\/avatar\/b88264736bb0bc0d1ea92298aef02c9f98cfc13c7484130c42c663ae484f9462?s=96&d=mm&r=g","contentUrl":"https:\/\/secure.gravatar.com\/avatar\/b88264736bb0bc0d1ea92298aef02c9f98cfc13c7484130c42c663ae484f9462?s=96&d=mm&r=g","caption":"\u00c5ke Bonnier"},"description":"Jag \u00e4r gift och har tv\u00e5 vuxna d\u00f6ttrar. Pr\u00e4stvigdes 1984 och biskopsvigs 26 augusti 2012 . Jag har tidigare bland annat varit, komminister och kyrkoherde i Liding\u00f6 f\u00f6rsamling och domprost i Stockholms domkyrkof\u00f6rsamling. Jag \u00e4r intresserad av konst, litteratur, teater, film. Jag tr\u00e4nar regelbundet p\u00e5 gym. Mitt huvudsakliga musikintresse \u00e4r klassisk musik men ocks\u00e5 Beatles, Elvis Presley, Monika Zettelund, Povel Ramel och m\u00e5nga andra tycker jag om att lyssna p\u00e5. Jag l\u00e4ser f\u00f6r lite sk\u00f6nlitteratur beroende p\u00e5 annat som jag m\u00e5ste l\u00e4sa i mitt uppdrag som biskop. Men jag \u00e4lskar b\u00f6cker. Naturligtvis l\u00e4ser jag n\u00e4st intill dagligdags i \"B\u00f6ckernas Bok.\"","sameAs":["http:\/\/www.skarastift.se"],"url":"https:\/\/blogg.svenskakyrkan.se\/akebonnier\/author\/akebonnier\/"}]}},"author_meta":{"ID":"108","user_nicename":"akebonnier","user_url":"http:\/\/www.skarastift.se","user_registered":"2011-10-11 09:24:48","display_name":"\u00c5ke Bonnier","first_name":"\u00c5ke","last_name":"Bonnier","avatar":"https:\/\/secure.gravatar.com\/avatar\/b88264736bb0bc0d1ea92298aef02c9f98cfc13c7484130c42c663ae484f9462?s=96&d=mm&r=g"},"featured_image":false,"bloginfo":{"name":"\u00c5ke Bonnier","url":"https:\/\/blogg.svenskakyrkan.se\/akebonnier"},"_links":{"self":[{"href":"https:\/\/blogg.svenskakyrkan.se\/akebonnier\/wp-json\/wp\/v2\/posts\/564","targetHints":{"allow":["GET"]}}],"collection":[{"href":"https:\/\/blogg.svenskakyrkan.se\/akebonnier\/wp-json\/wp\/v2\/posts"}],"about":[{"href":"https:\/\/blogg.svenskakyrkan.se\/akebonnier\/wp-json\/wp\/v2\/types\/post"}],"author":[{"embeddable":true,"href":"https:\/\/blogg.svenskakyrkan.se\/akebonnier\/wp-json\/wp\/v2\/users\/108"}],"replies":[{"embeddable":true,"href":"https:\/\/blogg.svenskakyrkan.se\/akebonnier\/wp-json\/wp\/v2\/comments?post=564"}],"version-history":[{"count":4,"href":"https:\/\/blogg.svenskakyrkan.se\/akebonnier\/wp-json\/wp\/v2\/posts\/564\/revisions"}],"predecessor-version":[{"id":567,"href":"https:\/\/blogg.svenskakyrkan.se\/akebonnier\/wp-json\/wp\/v2\/posts\/564\/revisions\/567"}],"wp:attachment":[{"href":"https:\/\/blogg.svenskakyrkan.se\/akebonnier\/wp-json\/wp\/v2\/media?parent=564"}],"wp:term":[{"taxonomy":"category","embeddable":true,"href":"https:\/\/blogg.svenskakyrkan.se\/akebonnier\/wp-json\/wp\/v2\/categories?post=564"},{"taxonomy":"post_tag","embeddable":true,"href":"https:\/\/blogg.svenskakyrkan.se\/akebonnier\/wp-json\/wp\/v2\/tags?post=564"}],"curies":[{"name":"wp","href":"https:\/\/api.w.org\/{rel}","templated":true}]}}