{"id":585,"date":"2011-11-07T11:44:33","date_gmt":"2011-11-07T10:44:33","guid":{"rendered":"http:\/\/blogg.svenskakyrkan.se\/akebonnier\/?p=585"},"modified":"2011-11-07T11:44:33","modified_gmt":"2011-11-07T10:44:33","slug":"glom-inte-bort-det-viktigaste","status":"publish","type":"post","link":"https:\/\/blogg.svenskakyrkan.se\/akebonnier\/2011\/11\/07\/glom-inte-bort-det-viktigaste\/","title":{"rendered":"Gl\u00f6m inte bort det viktigaste!"},"content":{"rendered":"<p>M\u00e5nga olika tankar har f\u00f6rts fram i samband med kyrkom\u00f6tets beslut g\u00e4llande vigselr\u00e4tten. Det \u00e4r viktigt att m\u00e5nga \u00e5sikter f\u00e5r komma fram. Alla beh\u00f6ver inte tycka lika. Det \u00e4r ocks\u00e5 viktigt! Sedan \u00e4r det en sak att vara pr\u00e4stvigd och en annan sak att inte vara det. Kyrkan st\u00e4ller, genom olika typer av beslut,\u00a0krav p\u00e5 sina biskopar, pr\u00e4ster och diakoner, krav som p\u00e5 olika s\u00e4tt har sin utg\u00e5ngspunkt i kyrkans tro, l\u00e4ra och liv.<\/p>\n<p>N\u00e4r nu detta \u00e4r sagt f\u00e5r vi inte gl\u00f6mma bort det viktigaste, den viktigaste &#8211; Jesus sj\u00e4lv. Det \u00e4r s\u00e5 l\u00e4tt, f\u00f6r mig ocks\u00e5, att fastna i kyrkoorganisation, i beslut om \u00e4n det ena och \u00e4n det andra. Och visst ska vi ha struktur, visst ska det finnas ordning och reda. Men det vikigaste \u00e4r att f\u00f6rkunna evangeliet om Jesus Kristus, den korsf\u00e4ste och uppst\u00e5ndne. I alla sammanhang har vi att f\u00f6ra ut detta &#8211; ett evangelium som handlar om Gud som blivit m\u00e4nniska, om Gud som i Jesus Kristus undervisat i ord och handling och som f\u00f6r k\u00e4rleks skull har d\u00f6tt och uppst\u00e5tt &#8211; en k\u00e4rlek som r\u00f6r alla oavsett vigningstj\u00e4nster eller vigselbeh\u00f6righet eller sexuell identitet eller religionstillh\u00f6righet eller etnisk bakgrund.<\/p>\n<p>Kyrkan f\u00e5r inte svika kyrkans Herre och med kyrkan menar jag i detta fall oss alla. F\u00f6r vi \u00e4r alla, som \u00e4r tillh\u00f6riga, en del av Svenska kyrkan. L\u00e5t oss d\u00e4rf\u00f6r tala om kyrkan som &#8221;vi&#8221; och inte som &#8221;de&#8221; (biskopar, pr\u00e4ster, diakoner, andra anst\u00e4llda, kyrkor\u00e5d och kyrkom\u00f6tesdelegater, siftstyrelse etc). Du och jag som \u00e4r medlemmar i v\u00e5r kyrka \u00e4r en del av den och representerar den d\u00e4r vi befinner oss. V\u00e5r uppgift, Din och min, \u00e4r att f\u00f6ra fram det allra viktigaste, ja, att leva det allra viktigaste &#8211; tron p\u00e5 Jesus sj\u00e4lv.<\/p>\n<p>Mitt i allt annat \u00e4r det v\u00e5r viktigaste uppgift &#8211; en utmanande uppgift. Med heliga Birgitta vill jag be: &#8221;Visa mig Herre din v\u00e4g och g\u00f6r mig villig att vandra den&#8221;.<\/p>\n","protected":false},"excerpt":{"rendered":"<p>M\u00e5nga olika tankar har f\u00f6rts fram i samband med kyrkom\u00f6tets beslut g\u00e4llande vigselr\u00e4tten. Det \u00e4r viktigt att m\u00e5nga \u00e5sikter f\u00e5r komma fram. Alla beh\u00f6ver inte tycka lika. Det \u00e4r ocks\u00e5 viktigt! Sedan \u00e4r det en sak att vara pr\u00e4stvigd och en annan sak att inte vara det. Kyrkan st\u00e4ller, genom olika typer av beslut,\u00a0krav p\u00e5 [&hellip;]<\/p>\n","protected":false},"author":108,"featured_media":0,"comment_status":"open","ping_status":"open","sticky":false,"template":"","format":"standard","meta":{"_acf_changed":false,"footnotes":""},"categories":[9],"tags":[],"class_list":["post-585","post","type-post","status-publish","format-standard","hentry","category-okategoriserade"],"acf":[],"yoast_head":"<!-- This site is optimized with the Yoast SEO plugin v27.1.1 - https:\/\/yoast.com\/product\/yoast-seo-wordpress\/ -->\n<title>Gl\u00f6m inte bort det viktigaste! - \u00c5ke Bonnier<\/title>\n<meta name=\"robots\" content=\"index, follow, max-snippet:-1, max-image-preview:large, max-video-preview:-1\" \/>\n<link rel=\"canonical\" href=\"https:\/\/blogg.svenskakyrkan.se\/akebonnier\/2011\/11\/07\/glom-inte-bort-det-viktigaste\/\" \/>\n<meta property=\"og:locale\" content=\"sv_SE\" \/>\n<meta property=\"og:type\" content=\"article\" \/>\n<meta property=\"og:title\" content=\"Gl\u00f6m inte bort det viktigaste! - \u00c5ke Bonnier\" \/>\n<meta property=\"og:description\" content=\"M\u00e5nga olika tankar har f\u00f6rts fram i samband med kyrkom\u00f6tets beslut g\u00e4llande vigselr\u00e4tten. Det \u00e4r viktigt att m\u00e5nga \u00e5sikter f\u00e5r komma fram. Alla beh\u00f6ver inte tycka lika. Det \u00e4r ocks\u00e5 viktigt! Sedan \u00e4r det en sak att vara pr\u00e4stvigd och en annan sak att inte vara det. Kyrkan st\u00e4ller, genom olika typer av beslut,\u00a0krav p\u00e5 [&hellip;]\" \/>\n<meta property=\"og:url\" content=\"https:\/\/blogg.svenskakyrkan.se\/akebonnier\/2011\/11\/07\/glom-inte-bort-det-viktigaste\/\" \/>\n<meta property=\"og:site_name\" content=\"\u00c5ke Bonnier\" \/>\n<meta property=\"article:published_time\" content=\"2011-11-07T10:44:33+00:00\" \/>\n<meta name=\"author\" content=\"\u00c5ke Bonnier\" \/>\n<meta name=\"twitter:card\" content=\"summary_large_image\" \/>\n<meta name=\"twitter:label1\" content=\"Skriven av\" \/>\n\t<meta name=\"twitter:data1\" content=\"\u00c5ke Bonnier\" \/>\n\t<meta name=\"twitter:label2\" content=\"Ber\u00e4knad l\u00e4stid\" \/>\n\t<meta name=\"twitter:data2\" content=\"2 minuter\" \/>\n<script type=\"application\/ld+json\" class=\"yoast-schema-graph\">{\"@context\":\"https:\/\/schema.org\",\"@graph\":[{\"@type\":\"Article\",\"@id\":\"https:\/\/blogg.svenskakyrkan.se\/akebonnier\/2011\/11\/07\/glom-inte-bort-det-viktigaste\/#article\",\"isPartOf\":{\"@id\":\"https:\/\/blogg.svenskakyrkan.se\/akebonnier\/2011\/11\/07\/glom-inte-bort-det-viktigaste\/\"},\"author\":{\"name\":\"\u00c5ke Bonnier\",\"@id\":\"https:\/\/blogg.svenskakyrkan.se\/akebonnier\/#\/schema\/person\/8db68bc0c94f6a5a62df2d4486ff1343\"},\"headline\":\"Gl\u00f6m inte bort det viktigaste!\",\"datePublished\":\"2011-11-07T10:44:33+00:00\",\"mainEntityOfPage\":{\"@id\":\"https:\/\/blogg.svenskakyrkan.se\/akebonnier\/2011\/11\/07\/glom-inte-bort-det-viktigaste\/\"},\"wordCount\":380,\"commentCount\":35,\"inLanguage\":\"sv-SE\",\"potentialAction\":[{\"@type\":\"CommentAction\",\"name\":\"Comment\",\"target\":[\"https:\/\/blogg.svenskakyrkan.se\/akebonnier\/2011\/11\/07\/glom-inte-bort-det-viktigaste\/#respond\"]}]},{\"@type\":\"WebPage\",\"@id\":\"https:\/\/blogg.svenskakyrkan.se\/akebonnier\/2011\/11\/07\/glom-inte-bort-det-viktigaste\/\",\"url\":\"https:\/\/blogg.svenskakyrkan.se\/akebonnier\/2011\/11\/07\/glom-inte-bort-det-viktigaste\/\",\"name\":\"Gl\u00f6m inte bort det viktigaste! - \u00c5ke Bonnier\",\"isPartOf\":{\"@id\":\"https:\/\/blogg.svenskakyrkan.se\/akebonnier\/#website\"},\"datePublished\":\"2011-11-07T10:44:33+00:00\",\"author\":{\"@id\":\"https:\/\/blogg.svenskakyrkan.se\/akebonnier\/#\/schema\/person\/8db68bc0c94f6a5a62df2d4486ff1343\"},\"breadcrumb\":{\"@id\":\"https:\/\/blogg.svenskakyrkan.se\/akebonnier\/2011\/11\/07\/glom-inte-bort-det-viktigaste\/#breadcrumb\"},\"inLanguage\":\"sv-SE\",\"potentialAction\":[{\"@type\":\"ReadAction\",\"target\":[\"https:\/\/blogg.svenskakyrkan.se\/akebonnier\/2011\/11\/07\/glom-inte-bort-det-viktigaste\/\"]}]},{\"@type\":\"BreadcrumbList\",\"@id\":\"https:\/\/blogg.svenskakyrkan.se\/akebonnier\/2011\/11\/07\/glom-inte-bort-det-viktigaste\/#breadcrumb\",\"itemListElement\":[{\"@type\":\"ListItem\",\"position\":1,\"name\":\"Hem\",\"item\":\"https:\/\/blogg.svenskakyrkan.se\/akebonnier\/\"},{\"@type\":\"ListItem\",\"position\":2,\"name\":\"Gl\u00f6m inte bort det viktigaste!\"}]},{\"@type\":\"WebSite\",\"@id\":\"https:\/\/blogg.svenskakyrkan.se\/akebonnier\/#website\",\"url\":\"https:\/\/blogg.svenskakyrkan.se\/akebonnier\/\",\"name\":\"\u00c5ke Bonnier\",\"description\":\"Biskop i Svenska kyrkan - Skara stift\",\"potentialAction\":[{\"@type\":\"SearchAction\",\"target\":{\"@type\":\"EntryPoint\",\"urlTemplate\":\"https:\/\/blogg.svenskakyrkan.se\/akebonnier\/?s={search_term_string}\"},\"query-input\":{\"@type\":\"PropertyValueSpecification\",\"valueRequired\":true,\"valueName\":\"search_term_string\"}}],\"inLanguage\":\"sv-SE\"},{\"@type\":\"Person\",\"@id\":\"https:\/\/blogg.svenskakyrkan.se\/akebonnier\/#\/schema\/person\/8db68bc0c94f6a5a62df2d4486ff1343\",\"name\":\"\u00c5ke Bonnier\",\"image\":{\"@type\":\"ImageObject\",\"inLanguage\":\"sv-SE\",\"@id\":\"https:\/\/blogg.svenskakyrkan.se\/akebonnier\/#\/schema\/person\/image\/\",\"url\":\"https:\/\/secure.gravatar.com\/avatar\/b88264736bb0bc0d1ea92298aef02c9f98cfc13c7484130c42c663ae484f9462?s=96&d=mm&r=g\",\"contentUrl\":\"https:\/\/secure.gravatar.com\/avatar\/b88264736bb0bc0d1ea92298aef02c9f98cfc13c7484130c42c663ae484f9462?s=96&d=mm&r=g\",\"caption\":\"\u00c5ke Bonnier\"},\"description\":\"Jag \u00e4r gift och har tv\u00e5 vuxna d\u00f6ttrar. Pr\u00e4stvigdes 1984 och biskopsvigs 26 augusti 2012 . Jag har tidigare bland annat varit, komminister och kyrkoherde i Liding\u00f6 f\u00f6rsamling och domprost i Stockholms domkyrkof\u00f6rsamling. Jag \u00e4r intresserad av konst, litteratur, teater, film. Jag tr\u00e4nar regelbundet p\u00e5 gym. Mitt huvudsakliga musikintresse \u00e4r klassisk musik men ocks\u00e5 Beatles, Elvis Presley, Monika Zettelund, Povel Ramel och m\u00e5nga andra tycker jag om att lyssna p\u00e5. Jag l\u00e4ser f\u00f6r lite sk\u00f6nlitteratur beroende p\u00e5 annat som jag m\u00e5ste l\u00e4sa i mitt uppdrag som biskop. Men jag \u00e4lskar b\u00f6cker. Naturligtvis l\u00e4ser jag n\u00e4st intill dagligdags i \\\"B\u00f6ckernas Bok.\\\"\",\"sameAs\":[\"http:\/\/www.skarastift.se\"],\"url\":\"https:\/\/blogg.svenskakyrkan.se\/akebonnier\/author\/akebonnier\/\"}]}<\/script>\n<!-- \/ Yoast SEO plugin. -->","yoast_head_json":{"title":"Gl\u00f6m inte bort det viktigaste! - \u00c5ke Bonnier","robots":{"index":"index","follow":"follow","max-snippet":"max-snippet:-1","max-image-preview":"max-image-preview:large","max-video-preview":"max-video-preview:-1"},"canonical":"https:\/\/blogg.svenskakyrkan.se\/akebonnier\/2011\/11\/07\/glom-inte-bort-det-viktigaste\/","og_locale":"sv_SE","og_type":"article","og_title":"Gl\u00f6m inte bort det viktigaste! - \u00c5ke Bonnier","og_description":"M\u00e5nga olika tankar har f\u00f6rts fram i samband med kyrkom\u00f6tets beslut g\u00e4llande vigselr\u00e4tten. Det \u00e4r viktigt att m\u00e5nga \u00e5sikter f\u00e5r komma fram. Alla beh\u00f6ver inte tycka lika. Det \u00e4r ocks\u00e5 viktigt! Sedan \u00e4r det en sak att vara pr\u00e4stvigd och en annan sak att inte vara det. Kyrkan st\u00e4ller, genom olika typer av beslut,\u00a0krav p\u00e5 [&hellip;]","og_url":"https:\/\/blogg.svenskakyrkan.se\/akebonnier\/2011\/11\/07\/glom-inte-bort-det-viktigaste\/","og_site_name":"\u00c5ke Bonnier","article_published_time":"2011-11-07T10:44:33+00:00","author":"\u00c5ke Bonnier","twitter_card":"summary_large_image","twitter_misc":{"Skriven av":"\u00c5ke Bonnier","Ber\u00e4knad l\u00e4stid":"2 minuter"},"schema":{"@context":"https:\/\/schema.org","@graph":[{"@type":"Article","@id":"https:\/\/blogg.svenskakyrkan.se\/akebonnier\/2011\/11\/07\/glom-inte-bort-det-viktigaste\/#article","isPartOf":{"@id":"https:\/\/blogg.svenskakyrkan.se\/akebonnier\/2011\/11\/07\/glom-inte-bort-det-viktigaste\/"},"author":{"name":"\u00c5ke Bonnier","@id":"https:\/\/blogg.svenskakyrkan.se\/akebonnier\/#\/schema\/person\/8db68bc0c94f6a5a62df2d4486ff1343"},"headline":"Gl\u00f6m inte bort det viktigaste!","datePublished":"2011-11-07T10:44:33+00:00","mainEntityOfPage":{"@id":"https:\/\/blogg.svenskakyrkan.se\/akebonnier\/2011\/11\/07\/glom-inte-bort-det-viktigaste\/"},"wordCount":380,"commentCount":35,"inLanguage":"sv-SE","potentialAction":[{"@type":"CommentAction","name":"Comment","target":["https:\/\/blogg.svenskakyrkan.se\/akebonnier\/2011\/11\/07\/glom-inte-bort-det-viktigaste\/#respond"]}]},{"@type":"WebPage","@id":"https:\/\/blogg.svenskakyrkan.se\/akebonnier\/2011\/11\/07\/glom-inte-bort-det-viktigaste\/","url":"https:\/\/blogg.svenskakyrkan.se\/akebonnier\/2011\/11\/07\/glom-inte-bort-det-viktigaste\/","name":"Gl\u00f6m inte bort det viktigaste! - \u00c5ke Bonnier","isPartOf":{"@id":"https:\/\/blogg.svenskakyrkan.se\/akebonnier\/#website"},"datePublished":"2011-11-07T10:44:33+00:00","author":{"@id":"https:\/\/blogg.svenskakyrkan.se\/akebonnier\/#\/schema\/person\/8db68bc0c94f6a5a62df2d4486ff1343"},"breadcrumb":{"@id":"https:\/\/blogg.svenskakyrkan.se\/akebonnier\/2011\/11\/07\/glom-inte-bort-det-viktigaste\/#breadcrumb"},"inLanguage":"sv-SE","potentialAction":[{"@type":"ReadAction","target":["https:\/\/blogg.svenskakyrkan.se\/akebonnier\/2011\/11\/07\/glom-inte-bort-det-viktigaste\/"]}]},{"@type":"BreadcrumbList","@id":"https:\/\/blogg.svenskakyrkan.se\/akebonnier\/2011\/11\/07\/glom-inte-bort-det-viktigaste\/#breadcrumb","itemListElement":[{"@type":"ListItem","position":1,"name":"Hem","item":"https:\/\/blogg.svenskakyrkan.se\/akebonnier\/"},{"@type":"ListItem","position":2,"name":"Gl\u00f6m inte bort det viktigaste!"}]},{"@type":"WebSite","@id":"https:\/\/blogg.svenskakyrkan.se\/akebonnier\/#website","url":"https:\/\/blogg.svenskakyrkan.se\/akebonnier\/","name":"\u00c5ke Bonnier","description":"Biskop i Svenska kyrkan - Skara stift","potentialAction":[{"@type":"SearchAction","target":{"@type":"EntryPoint","urlTemplate":"https:\/\/blogg.svenskakyrkan.se\/akebonnier\/?s={search_term_string}"},"query-input":{"@type":"PropertyValueSpecification","valueRequired":true,"valueName":"search_term_string"}}],"inLanguage":"sv-SE"},{"@type":"Person","@id":"https:\/\/blogg.svenskakyrkan.se\/akebonnier\/#\/schema\/person\/8db68bc0c94f6a5a62df2d4486ff1343","name":"\u00c5ke Bonnier","image":{"@type":"ImageObject","inLanguage":"sv-SE","@id":"https:\/\/blogg.svenskakyrkan.se\/akebonnier\/#\/schema\/person\/image\/","url":"https:\/\/secure.gravatar.com\/avatar\/b88264736bb0bc0d1ea92298aef02c9f98cfc13c7484130c42c663ae484f9462?s=96&d=mm&r=g","contentUrl":"https:\/\/secure.gravatar.com\/avatar\/b88264736bb0bc0d1ea92298aef02c9f98cfc13c7484130c42c663ae484f9462?s=96&d=mm&r=g","caption":"\u00c5ke Bonnier"},"description":"Jag \u00e4r gift och har tv\u00e5 vuxna d\u00f6ttrar. Pr\u00e4stvigdes 1984 och biskopsvigs 26 augusti 2012 . Jag har tidigare bland annat varit, komminister och kyrkoherde i Liding\u00f6 f\u00f6rsamling och domprost i Stockholms domkyrkof\u00f6rsamling. Jag \u00e4r intresserad av konst, litteratur, teater, film. Jag tr\u00e4nar regelbundet p\u00e5 gym. Mitt huvudsakliga musikintresse \u00e4r klassisk musik men ocks\u00e5 Beatles, Elvis Presley, Monika Zettelund, Povel Ramel och m\u00e5nga andra tycker jag om att lyssna p\u00e5. Jag l\u00e4ser f\u00f6r lite sk\u00f6nlitteratur beroende p\u00e5 annat som jag m\u00e5ste l\u00e4sa i mitt uppdrag som biskop. Men jag \u00e4lskar b\u00f6cker. Naturligtvis l\u00e4ser jag n\u00e4st intill dagligdags i \"B\u00f6ckernas Bok.\"","sameAs":["http:\/\/www.skarastift.se"],"url":"https:\/\/blogg.svenskakyrkan.se\/akebonnier\/author\/akebonnier\/"}]}},"author_meta":{"ID":"108","user_nicename":"akebonnier","user_url":"http:\/\/www.skarastift.se","user_registered":"2011-10-11 09:24:48","display_name":"\u00c5ke Bonnier","first_name":"\u00c5ke","last_name":"Bonnier","avatar":"https:\/\/secure.gravatar.com\/avatar\/b88264736bb0bc0d1ea92298aef02c9f98cfc13c7484130c42c663ae484f9462?s=96&d=mm&r=g"},"featured_image":false,"bloginfo":{"name":"\u00c5ke Bonnier","url":"https:\/\/blogg.svenskakyrkan.se\/akebonnier"},"_links":{"self":[{"href":"https:\/\/blogg.svenskakyrkan.se\/akebonnier\/wp-json\/wp\/v2\/posts\/585","targetHints":{"allow":["GET"]}}],"collection":[{"href":"https:\/\/blogg.svenskakyrkan.se\/akebonnier\/wp-json\/wp\/v2\/posts"}],"about":[{"href":"https:\/\/blogg.svenskakyrkan.se\/akebonnier\/wp-json\/wp\/v2\/types\/post"}],"author":[{"embeddable":true,"href":"https:\/\/blogg.svenskakyrkan.se\/akebonnier\/wp-json\/wp\/v2\/users\/108"}],"replies":[{"embeddable":true,"href":"https:\/\/blogg.svenskakyrkan.se\/akebonnier\/wp-json\/wp\/v2\/comments?post=585"}],"version-history":[{"count":2,"href":"https:\/\/blogg.svenskakyrkan.se\/akebonnier\/wp-json\/wp\/v2\/posts\/585\/revisions"}],"predecessor-version":[{"id":587,"href":"https:\/\/blogg.svenskakyrkan.se\/akebonnier\/wp-json\/wp\/v2\/posts\/585\/revisions\/587"}],"wp:attachment":[{"href":"https:\/\/blogg.svenskakyrkan.se\/akebonnier\/wp-json\/wp\/v2\/media?parent=585"}],"wp:term":[{"taxonomy":"category","embeddable":true,"href":"https:\/\/blogg.svenskakyrkan.se\/akebonnier\/wp-json\/wp\/v2\/categories?post=585"},{"taxonomy":"post_tag","embeddable":true,"href":"https:\/\/blogg.svenskakyrkan.se\/akebonnier\/wp-json\/wp\/v2\/tags?post=585"}],"curies":[{"name":"wp","href":"https:\/\/api.w.org\/{rel}","templated":true}]}}