{"id":590,"date":"2011-11-09T22:41:50","date_gmt":"2011-11-09T21:41:50","guid":{"rendered":"http:\/\/blogg.svenskakyrkan.se\/akebonnier\/?p=590"},"modified":"2011-11-17T08:51:25","modified_gmt":"2011-11-17T07:51:25","slug":"vardevarnare-och-vardevarnare","status":"publish","type":"post","link":"https:\/\/blogg.svenskakyrkan.se\/akebonnier\/2011\/11\/09\/vardevarnare-och-vardevarnare\/","title":{"rendered":"V\u00e4rdev\u00e4rnare och v\u00e4rdevarnare"},"content":{"rendered":"<p>Idag var jag inbjuden till Moderaternas kulturkommitt\u00e9 tillsammans med Lenas Posner K\u00f6r\u00f6ssi fr\u00e5n judiska centralr\u00e5det, Abd al Haqq Kielan fr\u00e5n som representerade muslimerna, Stefan Gustafsson fr\u00e5n CredoAkademin och Pelle H\u00f6rnberg fr\u00e5n Pingst. V\u00e5r uppgift var att utifr\u00e5n v\u00e5ra respektive trossamfunds tro och l\u00e4ra\u00a0tala om vad vi \u00f6nskar av en kommande kulturpolitik (och i viss m\u00e5n g\u00e4llande politik generellt). Det var sp\u00e4nnande att lyssna tii de andra och det blev viktiga fr\u00e5gor och svar efter\u00e5t. Mitt inledningsanf\u00f6rande publicerar jag h\u00e4r:<\/p>\n<p>&#8221;F\u00f6rst ett varmt tack f\u00f6r inbjudan till detta kulturpolitiska seminarium g\u00e4llande, f\u00f6r min del, Svenska kyrkansverksamhet i det svenska samh\u00e4llet. Fr\u00e5gorna som st\u00e4llts \u00e4r viktiga ochsamtidigt \u00e4r Svenska kyrkan, liksom alla trossamfund, mer \u00e4n bara ett av flera samh\u00e4lliga verksamhetsomr\u00e5den. Svenska kyrkans uppdragsgivare \u00e4r naturligtvis<br \/>\nden Gud som vi, som \u00e4r inbjudna idag, har gemensamt. Eftersom tron p\u00e5 en Gud,<br \/>\nsom \u00e4r alltings ursprung och m\u00e5l, i n\u00e5gon form och p\u00e5 n\u00e5got s\u00e4tt \u00e4r det som vi<br \/>\ni Svenska kyrkan utg\u00e5r ifr\u00e5n, betyder det att v\u00e5rt engagemang str\u00e4cker sig vida<br \/>\n\u00f6ver alla samh\u00e4llsgr\u00e4nser. Kyrkans uppgift \u00e4r att vara en <strong><em>v\u00e4rdev\u00e4rnare<\/em><\/strong> men ocks\u00e5,<br \/>\nmed borttagande av tv\u00e5 prickar \u2013 en <strong><em>v\u00e4rdevarnare<\/em><\/strong>. <strong><em><\/em><\/strong><\/p>\n<p>N\u00e4r vi talar om kyrkan som <em>v\u00e4rdev\u00e4rnare<\/em> inom kulturomr\u00e5det handlar<br \/>\ndet naturligtvis om de kulturskatter som vi har i form av oskattbara\u00a0 byggnader och inventarier. Idag har vi, som<br \/>\nMarkus Lagerquist n\u00e4mnde och alla vet, m\u00f6jlighet till kyrkoantikvarisk<br \/>\ners\u00e4ttning och kyrkobyggnadsbidrag. Dessa \u00e4r omistligt viktiga.<\/p>\n<p>Som kulturv\u00e4rnare \u00e4r Svenska kyrkan en stor musikalisk f\u00f6rvaltare. Vi f\u00f6rvaltar ett musikarv som g\u00e5rtillbaka till medeltiden och \u00e4nnu l\u00e4ngre. Gregorianikens ursprung \u00e5terfinns hos p\u00e5ven Gregorius den store p\u00e5 500-talet och har sedan dess, in i dagens<br \/>\nkyrkomusikaliska liv, utf\u00f6rts till fromma f\u00f6r s\u00e5 m\u00e5nga. Men Bach, H\u00e4ndel,<br \/>\nSch\u00fctz och m\u00e5nga komposit\u00f6rer, liksom Sven David Sandstr\u00f6m och andra nutida<br \/>\ntons\u00e4ttare av klassiskt och mer utmanande snitt betyder ocks\u00e5 oskattbart mycket<br \/>\nf\u00f6r kyrkans m\u00f6jlighet att ge uttryck \u00e5t s\u00e5dana v\u00e4rden som s\u00e5 m\u00e5nga m\u00e4nniskor<br \/>\nomfattar. Kyrkomusiken vittnar ju om kyrkans budskap \u2013 ett budskap som ocks\u00e5<br \/>\nhandlar om m\u00e4nniskov\u00e4rdesfr\u00e5gor. M\u00e5nga g\u00e5nger s\u00e4ger vi att musiken tar vid d\u00e4r<br \/>\norden tystnar. F\u00f6r att m\u00f6jligg\u00f6ra att inte musiken tystnar runt om i v\u00e5ra<br \/>\nkyrkor borde det finnas st\u00f6rre m\u00f6jligheter till kulturst\u00f6d f\u00f6r den typen av<br \/>\nverksamhet \u00e4n vad som finns idag.<\/p>\n<p>Kyrkan som <em>v\u00e4rdev\u00e4rnare<\/em> handlar naturligtvis ocks\u00e5 just om<br \/>\nm\u00e4nniskov\u00e4rdesfr\u00e5gan. Alla m\u00e4nniskor har lika v\u00e4rde, men alla m\u00e4nniskor<br \/>\nuppfattar inte detta och alla m\u00e4nniskor m\u00f6ter inte andra utifr\u00e5n det<br \/>\nperspektivet. En av kyrkans viktigaste fr\u00e5gor \u00e4r just att st\u00e5 upp f\u00f6r<br \/>\nm\u00e4nniskov\u00e4rdet. Det \u00e4r en del av det vi kallar f\u00f6r evangeliet \u2013<br \/>\ngl\u00e4djebudskapet. V\u00e5r utg\u00e5ngspunkt \u00e4r att varje individ, ni och jag och alla<br \/>\nandra, \u00e4r o\u00e4ndligt \u00e4lskade, o\u00e4ndligt v\u00e4rdefulla. Det \u00e4r en v\u00e4rdegrund som f\u00e5r<br \/>\nkonsekvenser. Vi vill i Svenska kyrkan v\u00e4rna om m\u00e4nniskors r\u00e4tt att b\u00e5de k\u00e4nna<br \/>\ndetta v\u00e4rde och bli behandlade utifr\u00e5n det. Det f\u00e5r naturligtvis samh\u00e4lleliga konsekvenser, och d\u00e5 m\u00e5ste kyrkan st\u00e5 upp f\u00f6r detta och bli en sorts v\u00e4rdevarnare som h\u00f6jer r\u00f6sten, som \u00e4r besv\u00e4rlig, som l\u00e4gger sig i alla m\u00f6jliga olika sammanhang. Vi har<br \/>\ngjort det f\u00f6rr genom p\u00e5skuppror och p\u00e5skupprop.<\/p>\n<p>Kyrkan som <em>v\u00e4rdevarnare<\/em> vill varna f\u00f6r att m\u00e4nniskov\u00e4rdet trampas p\u00e5 i en<br \/>\nflyktingpolitik som kan vara gener\u00f6sare. Kyrkan som <em>v\u00e4rdevarnare<\/em> vill st\u00e5 upp f\u00f6r och p\u00e5verka det or\u00e4ttf\u00e4rdiga system d\u00e4r m\u00e4nniskor kommer i kl\u00e4m genom utf\u00f6rs\u00e4kringar. Kyrkan som <em>v\u00e4rdevarnare<\/em> vill med, inte bara hela handen, utan b\u00e4gge h\u00e4nderna, peka p\u00e5 och vara med och p\u00e5verka barns och ungdomars r\u00e4tt till en uppv\u00e4xtmilj\u00f6 d\u00e4r de kan k\u00e4nna sig \u00e4lskade, sedda och bekr\u00e4ftade och d\u00e4r fattigdomsbegrepp i olika former inte l\u00e4ngre handlar om dem som bor i Sverige. Jag tror att vi alla har en gemensam dr\u00f6m \u2013 n\u00e4mligen ett samh\u00e4lle d\u00e4r var och en kan se sig i spegeln och vara glad att man \u00e4r den man <em>\u00e4r <\/em>och <em>har <\/em>m\u00f6jlighet att v\u00e4xa till den inv\u00e4rtes m\u00e4nniskan och se andra i \u00f6gonen<br \/>\noch k\u00e4nna att man \u00e4r glad att han eller hon f\u00e5r vara den han eller hon \u00e4r och<br \/>\nocks\u00e5 ges tillf\u00e4lle att v\u00e4xa. Det betyder att vi m\u00e5ste v\u00e4rna ett m\u00e5ngkulturellt<br \/>\nsamh\u00e4lle d\u00e4r r\u00e4dslans stenar rivs. Vi beh\u00f6ver d\u00e4rf\u00f6r ocks\u00e5 v\u00e4rna ett samh\u00e4lle<br \/>\nd\u00e4r varje individ oavsett \u00e5lder och ekonomisk m\u00f6jlighet kan ha tillg\u00e5ng, till<br \/>\ns\u00e5dant som kan vara \u201dg\u00f6dningsmedel i det inre v\u00e4xandet\u201d; konst, teater,<br \/>\nlitteratur, och musik i dess m\u00e5nga olika former. En \u00f6kad kulturgenerositet gent<br \/>\nemot alla \u00e5ldrar \u00e4r d\u00e4rf\u00f6r viktig d\u00e4r <em>en <\/em>konkretion kan vara att \u00e5terinf\u00f6ra fritt intr\u00e4de p\u00e5 alla statliga museer. Reformationen hade aldrig haft den framg\u00e5ng som den hade om inte Gutenbergs kunskaper hade spritts. Boken betyder s\u00e5 mycket ocks\u00e5 f\u00f6r oss i de olika trossamfunden. Manad ocks\u00e5 av mitt efternamn vill jag understryka vikten att helt ta bort moms p\u00e5 litteraturen. Ett s\u00e5dant beslut skulle ytterligare ge \u00e4nnu fler m\u00f6jlighet att b\u00e5de l\u00e4sa och \u00e4ga b\u00f6cker.<\/p>\n<p>Vi beh\u00f6ver sj\u00e4lvklart \u00f6ka kunskapen om v\u00e5ra olika livs\u00e5sk\u00e5dningar. Livs\u00e5sk\u00e5dningsundervisningen i gymnasieskolorna borde f\u00e5 ta st\u00f6rre plats bland k\u00e4rn\u00e4mnespo\u00e4ngen. Religionskunskapen har bara 50 po\u00e4ng idag och \u00e4r en A-kurs. Det \u00e4r grundl\u00e4ggande men inte tillr\u00e4ckligt d\u00e4rf\u00f6r att kunskap p\u00e5 djupet, d\u00e4r man f\u00e5r m\u00f6ta<br \/>\nreligionsf\u00f6retr\u00e4dare och f\u00f6retr\u00e4dare f\u00f6r andra livs\u00e5sk\u00e5dningar i en<br \/>\nkunskapsgivande dialog, bidrar till att ta bort r\u00e4dslan. Det trygga folkhemmet<br \/>\nfinns inte idag. <em>R\u00e4dslan f\u00f6r den<\/em> <em>andre<\/em> finns i stor utstr\u00e4ckning i v\u00e5rt<br \/>\nsamh\u00e4lle. Vi l\u00e4ser om det dagligen. L\u00e5t oss tillsammans g\u00f6ra n\u00e5got \u00e5t det!<\/p>\n<p>I skolans sammanhang \u00e4r det viktigt att \u00e5teruppr\u00e4tta skolavslutningarna. De \u00e4r en del av svensk kulturtradition d\u00e4r psalms\u00e5ng och konfessionella uttrycksformer i respektfull<br \/>\nanda \u00e4r av b\u00e4rande betydelse.<\/p>\n<p>Kyrkan som <em>v\u00e4rdev\u00e4rnare<\/em> och <em>v\u00e4rdevarnare <\/em>h\u00e4vdar ocks\u00e5 vikten av att l\u00e5ta studenter f\u00e5 ta sin egen livs\u00e5sk\u00e5dning p\u00e5 allvar, att ge studenter m\u00f6jlighet att i universitetsmilj\u00f6n ut\u00f6va sin religi\u00f6sa \u00f6vertygelse utan att n\u00e5gon annan hindras i sin livs\u00e5sk\u00e5dningsut\u00f6vning. Idag \u00e4r detta inte en sj\u00e4lvklarhet.<\/p>\n<p>B\u00e4sta alla, att skapa ett m\u00e5ngkulturellt och m\u00e5ngreligi\u00f6st samh\u00e4lle d\u00e4r vi tillsammans kan arbeta, tillsammans verka, \u00e4r mycket b\u00e4ttre \u00e4n att skapa ett samh\u00e4lle pr\u00e4glat av<br \/>\nbegreppen <em>vi<\/em> och <em>dem<\/em>. Vi vill tillsammans med alla m\u00e4nniskor av god vilja bidra till<br \/>\nett samh\u00e4lle d\u00e4r alla f\u00e5r leva ett v\u00e4rdigt liv och d\u00f6 en v\u00e4rdig d\u00f6d.<\/p>\n<p>Svenska kyrkans verksamhet om 5 \u00e5r kommer kanske att ha andra administrativa och geografiska strukturer. Men vi ska enligt Lag om Svenska kyrkan (1998:1591) vara en rikst\u00e4ckande kyrka \u2013 en evangelisk luthersk kyrka. P\u00e5 v\u00e5r reformator Olaus Petris tid dundrade kritiken fr\u00e5n kyrkans h\u00e5ll mot kungen och \u00f6vriga styrande. Kyrkan var <em>v\u00e4rdevarnare <\/em>och <em>v\u00e4rdev\u00e4rnare<\/em>. Den uppgiften forts\u00e4tter vi att f\u00f6rvalta i sann evangelisk anda. Tillsammans med v\u00e5ra folkvalda vill vi skapa ett samh\u00e4lle d\u00e4r religion \u00e4r n\u00e5got naturligt snarare \u00e4n n\u00e5got man som individ kan bli generad \u00f6ver. Vi vill vara<br \/>\nmed och tillsammans med alla m\u00e4nniskor av god vilja skapa ett samh\u00e4lle d\u00e4r inga<br \/>\nbarn eller ungdomar ska vara reellt eller k\u00e4nslom\u00e4ssigt heml\u00f6sa, ett samh\u00e4lle i<br \/>\nregnb\u00e5gens alla f\u00e4rger med en flyktingpolitik som i st\u00f6rre utstr\u00e4ckning \u00f6ppnar upp<br \/>\n\u00e4n st\u00e4nger ute. Kyrkans r\u00f6st kommer forts\u00e4tta att skalla f\u00f6r Han som \u00e4r v\u00e5r<br \/>\nuppdragsgivare s\u00e4ger: <em>Allt vad ni vill att m\u00e4nniskor ska g\u00f6ra f\u00f6r Er ska ni ocks\u00e5 g\u00f6ra f\u00f6r dem! <\/em>(Matt 7:12)&#8221;<em><\/em><\/p>\n","protected":false},"excerpt":{"rendered":"<p>Idag var jag inbjuden till Moderaternas kulturkommitt\u00e9 tillsammans med Lenas Posner K\u00f6r\u00f6ssi fr\u00e5n judiska centralr\u00e5det, Abd al Haqq Kielan fr\u00e5n som representerade muslimerna, Stefan Gustafsson fr\u00e5n CredoAkademin och Pelle H\u00f6rnberg fr\u00e5n Pingst. V\u00e5r uppgift var att utifr\u00e5n v\u00e5ra respektive trossamfunds tro och l\u00e4ra\u00a0tala om vad vi \u00f6nskar av en kommande kulturpolitik (och i viss m\u00e5n [&hellip;]<\/p>\n","protected":false},"author":108,"featured_media":0,"comment_status":"open","ping_status":"open","sticky":false,"template":"","format":"standard","meta":{"_acf_changed":false,"footnotes":""},"categories":[9],"tags":[],"class_list":["post-590","post","type-post","status-publish","format-standard","hentry","category-okategoriserade"],"acf":[],"yoast_head":"<!-- This site is optimized with the Yoast SEO plugin v27.1.1 - https:\/\/yoast.com\/product\/yoast-seo-wordpress\/ -->\n<title>V\u00e4rdev\u00e4rnare och v\u00e4rdevarnare - \u00c5ke Bonnier<\/title>\n<meta name=\"robots\" content=\"index, follow, max-snippet:-1, max-image-preview:large, max-video-preview:-1\" \/>\n<link rel=\"canonical\" href=\"https:\/\/blogg.svenskakyrkan.se\/akebonnier\/2011\/11\/09\/vardevarnare-och-vardevarnare\/\" \/>\n<meta property=\"og:locale\" content=\"sv_SE\" \/>\n<meta property=\"og:type\" content=\"article\" \/>\n<meta property=\"og:title\" content=\"V\u00e4rdev\u00e4rnare och v\u00e4rdevarnare - \u00c5ke Bonnier\" \/>\n<meta property=\"og:description\" content=\"Idag var jag inbjuden till Moderaternas kulturkommitt\u00e9 tillsammans med Lenas Posner K\u00f6r\u00f6ssi fr\u00e5n judiska centralr\u00e5det, Abd al Haqq Kielan fr\u00e5n som representerade muslimerna, Stefan Gustafsson fr\u00e5n CredoAkademin och Pelle H\u00f6rnberg fr\u00e5n Pingst. V\u00e5r uppgift var att utifr\u00e5n v\u00e5ra respektive trossamfunds tro och l\u00e4ra\u00a0tala om vad vi \u00f6nskar av en kommande kulturpolitik (och i viss m\u00e5n [&hellip;]\" \/>\n<meta property=\"og:url\" content=\"https:\/\/blogg.svenskakyrkan.se\/akebonnier\/2011\/11\/09\/vardevarnare-och-vardevarnare\/\" \/>\n<meta property=\"og:site_name\" content=\"\u00c5ke Bonnier\" \/>\n<meta property=\"article:published_time\" content=\"2011-11-09T21:41:50+00:00\" \/>\n<meta property=\"article:modified_time\" content=\"2011-11-17T07:51:25+00:00\" \/>\n<meta name=\"author\" content=\"\u00c5ke Bonnier\" \/>\n<meta name=\"twitter:card\" content=\"summary_large_image\" \/>\n<meta name=\"twitter:label1\" content=\"Skriven av\" \/>\n\t<meta name=\"twitter:data1\" content=\"\u00c5ke Bonnier\" \/>\n\t<meta name=\"twitter:label2\" content=\"Ber\u00e4knad l\u00e4stid\" \/>\n\t<meta name=\"twitter:data2\" content=\"7 minuter\" \/>\n<script type=\"application\/ld+json\" class=\"yoast-schema-graph\">{\"@context\":\"https:\/\/schema.org\",\"@graph\":[{\"@type\":\"Article\",\"@id\":\"https:\/\/blogg.svenskakyrkan.se\/akebonnier\/2011\/11\/09\/vardevarnare-och-vardevarnare\/#article\",\"isPartOf\":{\"@id\":\"https:\/\/blogg.svenskakyrkan.se\/akebonnier\/2011\/11\/09\/vardevarnare-och-vardevarnare\/\"},\"author\":{\"name\":\"\u00c5ke Bonnier\",\"@id\":\"https:\/\/blogg.svenskakyrkan.se\/akebonnier\/#\/schema\/person\/8db68bc0c94f6a5a62df2d4486ff1343\"},\"headline\":\"V\u00e4rdev\u00e4rnare och v\u00e4rdevarnare\",\"datePublished\":\"2011-11-09T21:41:50+00:00\",\"dateModified\":\"2011-11-17T07:51:25+00:00\",\"mainEntityOfPage\":{\"@id\":\"https:\/\/blogg.svenskakyrkan.se\/akebonnier\/2011\/11\/09\/vardevarnare-och-vardevarnare\/\"},\"wordCount\":1475,\"commentCount\":1,\"inLanguage\":\"sv-SE\",\"potentialAction\":[{\"@type\":\"CommentAction\",\"name\":\"Comment\",\"target\":[\"https:\/\/blogg.svenskakyrkan.se\/akebonnier\/2011\/11\/09\/vardevarnare-och-vardevarnare\/#respond\"]}]},{\"@type\":\"WebPage\",\"@id\":\"https:\/\/blogg.svenskakyrkan.se\/akebonnier\/2011\/11\/09\/vardevarnare-och-vardevarnare\/\",\"url\":\"https:\/\/blogg.svenskakyrkan.se\/akebonnier\/2011\/11\/09\/vardevarnare-och-vardevarnare\/\",\"name\":\"V\u00e4rdev\u00e4rnare och v\u00e4rdevarnare - \u00c5ke Bonnier\",\"isPartOf\":{\"@id\":\"https:\/\/blogg.svenskakyrkan.se\/akebonnier\/#website\"},\"datePublished\":\"2011-11-09T21:41:50+00:00\",\"dateModified\":\"2011-11-17T07:51:25+00:00\",\"author\":{\"@id\":\"https:\/\/blogg.svenskakyrkan.se\/akebonnier\/#\/schema\/person\/8db68bc0c94f6a5a62df2d4486ff1343\"},\"breadcrumb\":{\"@id\":\"https:\/\/blogg.svenskakyrkan.se\/akebonnier\/2011\/11\/09\/vardevarnare-och-vardevarnare\/#breadcrumb\"},\"inLanguage\":\"sv-SE\",\"potentialAction\":[{\"@type\":\"ReadAction\",\"target\":[\"https:\/\/blogg.svenskakyrkan.se\/akebonnier\/2011\/11\/09\/vardevarnare-och-vardevarnare\/\"]}]},{\"@type\":\"BreadcrumbList\",\"@id\":\"https:\/\/blogg.svenskakyrkan.se\/akebonnier\/2011\/11\/09\/vardevarnare-och-vardevarnare\/#breadcrumb\",\"itemListElement\":[{\"@type\":\"ListItem\",\"position\":1,\"name\":\"Hem\",\"item\":\"https:\/\/blogg.svenskakyrkan.se\/akebonnier\/\"},{\"@type\":\"ListItem\",\"position\":2,\"name\":\"V\u00e4rdev\u00e4rnare och v\u00e4rdevarnare\"}]},{\"@type\":\"WebSite\",\"@id\":\"https:\/\/blogg.svenskakyrkan.se\/akebonnier\/#website\",\"url\":\"https:\/\/blogg.svenskakyrkan.se\/akebonnier\/\",\"name\":\"\u00c5ke Bonnier\",\"description\":\"Biskop i Svenska kyrkan - Skara stift\",\"potentialAction\":[{\"@type\":\"SearchAction\",\"target\":{\"@type\":\"EntryPoint\",\"urlTemplate\":\"https:\/\/blogg.svenskakyrkan.se\/akebonnier\/?s={search_term_string}\"},\"query-input\":{\"@type\":\"PropertyValueSpecification\",\"valueRequired\":true,\"valueName\":\"search_term_string\"}}],\"inLanguage\":\"sv-SE\"},{\"@type\":\"Person\",\"@id\":\"https:\/\/blogg.svenskakyrkan.se\/akebonnier\/#\/schema\/person\/8db68bc0c94f6a5a62df2d4486ff1343\",\"name\":\"\u00c5ke Bonnier\",\"image\":{\"@type\":\"ImageObject\",\"inLanguage\":\"sv-SE\",\"@id\":\"https:\/\/blogg.svenskakyrkan.se\/akebonnier\/#\/schema\/person\/image\/\",\"url\":\"https:\/\/secure.gravatar.com\/avatar\/b88264736bb0bc0d1ea92298aef02c9f98cfc13c7484130c42c663ae484f9462?s=96&d=mm&r=g\",\"contentUrl\":\"https:\/\/secure.gravatar.com\/avatar\/b88264736bb0bc0d1ea92298aef02c9f98cfc13c7484130c42c663ae484f9462?s=96&d=mm&r=g\",\"caption\":\"\u00c5ke Bonnier\"},\"description\":\"Jag \u00e4r gift och har tv\u00e5 vuxna d\u00f6ttrar. Pr\u00e4stvigdes 1984 och biskopsvigs 26 augusti 2012 . Jag har tidigare bland annat varit, komminister och kyrkoherde i Liding\u00f6 f\u00f6rsamling och domprost i Stockholms domkyrkof\u00f6rsamling. Jag \u00e4r intresserad av konst, litteratur, teater, film. Jag tr\u00e4nar regelbundet p\u00e5 gym. Mitt huvudsakliga musikintresse \u00e4r klassisk musik men ocks\u00e5 Beatles, Elvis Presley, Monika Zettelund, Povel Ramel och m\u00e5nga andra tycker jag om att lyssna p\u00e5. Jag l\u00e4ser f\u00f6r lite sk\u00f6nlitteratur beroende p\u00e5 annat som jag m\u00e5ste l\u00e4sa i mitt uppdrag som biskop. Men jag \u00e4lskar b\u00f6cker. Naturligtvis l\u00e4ser jag n\u00e4st intill dagligdags i \\\"B\u00f6ckernas Bok.\\\"\",\"sameAs\":[\"http:\/\/www.skarastift.se\"],\"url\":\"https:\/\/blogg.svenskakyrkan.se\/akebonnier\/author\/akebonnier\/\"}]}<\/script>\n<!-- \/ Yoast SEO plugin. -->","yoast_head_json":{"title":"V\u00e4rdev\u00e4rnare och v\u00e4rdevarnare - \u00c5ke Bonnier","robots":{"index":"index","follow":"follow","max-snippet":"max-snippet:-1","max-image-preview":"max-image-preview:large","max-video-preview":"max-video-preview:-1"},"canonical":"https:\/\/blogg.svenskakyrkan.se\/akebonnier\/2011\/11\/09\/vardevarnare-och-vardevarnare\/","og_locale":"sv_SE","og_type":"article","og_title":"V\u00e4rdev\u00e4rnare och v\u00e4rdevarnare - \u00c5ke Bonnier","og_description":"Idag var jag inbjuden till Moderaternas kulturkommitt\u00e9 tillsammans med Lenas Posner K\u00f6r\u00f6ssi fr\u00e5n judiska centralr\u00e5det, Abd al Haqq Kielan fr\u00e5n som representerade muslimerna, Stefan Gustafsson fr\u00e5n CredoAkademin och Pelle H\u00f6rnberg fr\u00e5n Pingst. V\u00e5r uppgift var att utifr\u00e5n v\u00e5ra respektive trossamfunds tro och l\u00e4ra\u00a0tala om vad vi \u00f6nskar av en kommande kulturpolitik (och i viss m\u00e5n [&hellip;]","og_url":"https:\/\/blogg.svenskakyrkan.se\/akebonnier\/2011\/11\/09\/vardevarnare-och-vardevarnare\/","og_site_name":"\u00c5ke Bonnier","article_published_time":"2011-11-09T21:41:50+00:00","article_modified_time":"2011-11-17T07:51:25+00:00","author":"\u00c5ke Bonnier","twitter_card":"summary_large_image","twitter_misc":{"Skriven av":"\u00c5ke Bonnier","Ber\u00e4knad l\u00e4stid":"7 minuter"},"schema":{"@context":"https:\/\/schema.org","@graph":[{"@type":"Article","@id":"https:\/\/blogg.svenskakyrkan.se\/akebonnier\/2011\/11\/09\/vardevarnare-och-vardevarnare\/#article","isPartOf":{"@id":"https:\/\/blogg.svenskakyrkan.se\/akebonnier\/2011\/11\/09\/vardevarnare-och-vardevarnare\/"},"author":{"name":"\u00c5ke Bonnier","@id":"https:\/\/blogg.svenskakyrkan.se\/akebonnier\/#\/schema\/person\/8db68bc0c94f6a5a62df2d4486ff1343"},"headline":"V\u00e4rdev\u00e4rnare och v\u00e4rdevarnare","datePublished":"2011-11-09T21:41:50+00:00","dateModified":"2011-11-17T07:51:25+00:00","mainEntityOfPage":{"@id":"https:\/\/blogg.svenskakyrkan.se\/akebonnier\/2011\/11\/09\/vardevarnare-och-vardevarnare\/"},"wordCount":1475,"commentCount":1,"inLanguage":"sv-SE","potentialAction":[{"@type":"CommentAction","name":"Comment","target":["https:\/\/blogg.svenskakyrkan.se\/akebonnier\/2011\/11\/09\/vardevarnare-och-vardevarnare\/#respond"]}]},{"@type":"WebPage","@id":"https:\/\/blogg.svenskakyrkan.se\/akebonnier\/2011\/11\/09\/vardevarnare-och-vardevarnare\/","url":"https:\/\/blogg.svenskakyrkan.se\/akebonnier\/2011\/11\/09\/vardevarnare-och-vardevarnare\/","name":"V\u00e4rdev\u00e4rnare och v\u00e4rdevarnare - \u00c5ke Bonnier","isPartOf":{"@id":"https:\/\/blogg.svenskakyrkan.se\/akebonnier\/#website"},"datePublished":"2011-11-09T21:41:50+00:00","dateModified":"2011-11-17T07:51:25+00:00","author":{"@id":"https:\/\/blogg.svenskakyrkan.se\/akebonnier\/#\/schema\/person\/8db68bc0c94f6a5a62df2d4486ff1343"},"breadcrumb":{"@id":"https:\/\/blogg.svenskakyrkan.se\/akebonnier\/2011\/11\/09\/vardevarnare-och-vardevarnare\/#breadcrumb"},"inLanguage":"sv-SE","potentialAction":[{"@type":"ReadAction","target":["https:\/\/blogg.svenskakyrkan.se\/akebonnier\/2011\/11\/09\/vardevarnare-och-vardevarnare\/"]}]},{"@type":"BreadcrumbList","@id":"https:\/\/blogg.svenskakyrkan.se\/akebonnier\/2011\/11\/09\/vardevarnare-och-vardevarnare\/#breadcrumb","itemListElement":[{"@type":"ListItem","position":1,"name":"Hem","item":"https:\/\/blogg.svenskakyrkan.se\/akebonnier\/"},{"@type":"ListItem","position":2,"name":"V\u00e4rdev\u00e4rnare och v\u00e4rdevarnare"}]},{"@type":"WebSite","@id":"https:\/\/blogg.svenskakyrkan.se\/akebonnier\/#website","url":"https:\/\/blogg.svenskakyrkan.se\/akebonnier\/","name":"\u00c5ke Bonnier","description":"Biskop i Svenska kyrkan - Skara stift","potentialAction":[{"@type":"SearchAction","target":{"@type":"EntryPoint","urlTemplate":"https:\/\/blogg.svenskakyrkan.se\/akebonnier\/?s={search_term_string}"},"query-input":{"@type":"PropertyValueSpecification","valueRequired":true,"valueName":"search_term_string"}}],"inLanguage":"sv-SE"},{"@type":"Person","@id":"https:\/\/blogg.svenskakyrkan.se\/akebonnier\/#\/schema\/person\/8db68bc0c94f6a5a62df2d4486ff1343","name":"\u00c5ke Bonnier","image":{"@type":"ImageObject","inLanguage":"sv-SE","@id":"https:\/\/blogg.svenskakyrkan.se\/akebonnier\/#\/schema\/person\/image\/","url":"https:\/\/secure.gravatar.com\/avatar\/b88264736bb0bc0d1ea92298aef02c9f98cfc13c7484130c42c663ae484f9462?s=96&d=mm&r=g","contentUrl":"https:\/\/secure.gravatar.com\/avatar\/b88264736bb0bc0d1ea92298aef02c9f98cfc13c7484130c42c663ae484f9462?s=96&d=mm&r=g","caption":"\u00c5ke Bonnier"},"description":"Jag \u00e4r gift och har tv\u00e5 vuxna d\u00f6ttrar. Pr\u00e4stvigdes 1984 och biskopsvigs 26 augusti 2012 . Jag har tidigare bland annat varit, komminister och kyrkoherde i Liding\u00f6 f\u00f6rsamling och domprost i Stockholms domkyrkof\u00f6rsamling. Jag \u00e4r intresserad av konst, litteratur, teater, film. Jag tr\u00e4nar regelbundet p\u00e5 gym. Mitt huvudsakliga musikintresse \u00e4r klassisk musik men ocks\u00e5 Beatles, Elvis Presley, Monika Zettelund, Povel Ramel och m\u00e5nga andra tycker jag om att lyssna p\u00e5. Jag l\u00e4ser f\u00f6r lite sk\u00f6nlitteratur beroende p\u00e5 annat som jag m\u00e5ste l\u00e4sa i mitt uppdrag som biskop. Men jag \u00e4lskar b\u00f6cker. Naturligtvis l\u00e4ser jag n\u00e4st intill dagligdags i \"B\u00f6ckernas Bok.\"","sameAs":["http:\/\/www.skarastift.se"],"url":"https:\/\/blogg.svenskakyrkan.se\/akebonnier\/author\/akebonnier\/"}]}},"author_meta":{"ID":"108","user_nicename":"akebonnier","user_url":"http:\/\/www.skarastift.se","user_registered":"2011-10-11 09:24:48","display_name":"\u00c5ke Bonnier","first_name":"\u00c5ke","last_name":"Bonnier","avatar":"https:\/\/secure.gravatar.com\/avatar\/b88264736bb0bc0d1ea92298aef02c9f98cfc13c7484130c42c663ae484f9462?s=96&d=mm&r=g"},"featured_image":false,"bloginfo":{"name":"\u00c5ke Bonnier","url":"https:\/\/blogg.svenskakyrkan.se\/akebonnier"},"_links":{"self":[{"href":"https:\/\/blogg.svenskakyrkan.se\/akebonnier\/wp-json\/wp\/v2\/posts\/590","targetHints":{"allow":["GET"]}}],"collection":[{"href":"https:\/\/blogg.svenskakyrkan.se\/akebonnier\/wp-json\/wp\/v2\/posts"}],"about":[{"href":"https:\/\/blogg.svenskakyrkan.se\/akebonnier\/wp-json\/wp\/v2\/types\/post"}],"author":[{"embeddable":true,"href":"https:\/\/blogg.svenskakyrkan.se\/akebonnier\/wp-json\/wp\/v2\/users\/108"}],"replies":[{"embeddable":true,"href":"https:\/\/blogg.svenskakyrkan.se\/akebonnier\/wp-json\/wp\/v2\/comments?post=590"}],"version-history":[{"count":5,"href":"https:\/\/blogg.svenskakyrkan.se\/akebonnier\/wp-json\/wp\/v2\/posts\/590\/revisions"}],"predecessor-version":[{"id":594,"href":"https:\/\/blogg.svenskakyrkan.se\/akebonnier\/wp-json\/wp\/v2\/posts\/590\/revisions\/594"}],"wp:attachment":[{"href":"https:\/\/blogg.svenskakyrkan.se\/akebonnier\/wp-json\/wp\/v2\/media?parent=590"}],"wp:term":[{"taxonomy":"category","embeddable":true,"href":"https:\/\/blogg.svenskakyrkan.se\/akebonnier\/wp-json\/wp\/v2\/categories?post=590"},{"taxonomy":"post_tag","embeddable":true,"href":"https:\/\/blogg.svenskakyrkan.se\/akebonnier\/wp-json\/wp\/v2\/tags?post=590"}],"curies":[{"name":"wp","href":"https:\/\/api.w.org\/{rel}","templated":true}]}}