{"id":596,"date":"2011-11-10T07:35:19","date_gmt":"2011-11-10T06:35:19","guid":{"rendered":"http:\/\/blogg.svenskakyrkan.se\/akebonnier\/?p=596"},"modified":"2011-11-10T07:40:59","modified_gmt":"2011-11-10T06:40:59","slug":"ikvall-kl-19-00","status":"publish","type":"post","link":"https:\/\/blogg.svenskakyrkan.se\/akebonnier\/2011\/11\/10\/ikvall-kl-19-00\/","title":{"rendered":"Ikv\u00e4ll kl 19.00!"},"content":{"rendered":"<table>\n<tbody>\n<tr>\n<td width=\"100%\">Jo, det k\u00e4nns roligt och sp\u00e4nnande att f\u00e5 sitta och f\u00f6ra ett samtal om det som b\u00e4r b\u00e5de mig och m\u00e5nga andra i v\u00e5ra liv och som jag g\u00e4rna delar med andra! Kom och var med ikv\u00e4ll i Elimkyrkan!<\/p>\n<p>Nedanst\u00e5ende \u00e4r h\u00e4mtat fr\u00e5n Elimkyrkans hemsida:<\/td>\n<td width=\"100%\" align=\"right\"><a title=\"Skapa PDF\" href=\"http:\/\/www.elimkyrkan.org\/index2.php?option=com_content&amp;do_pdf=1&amp;id=181\" target=\"_blank\"><\/a><\/td>\n<td width=\"100%\" align=\"right\"><a title=\"Skriv ut\" href=\"http:\/\/www.elimkyrkan.org\/index2.php?option=com_content&amp;task=view&amp;id=181&amp;pop=1&amp;page=0&amp;Itemid=1\" target=\"_blank\"><\/a><\/td>\n<td width=\"100%\" align=\"right\"><a title=\"e-post\" href=\"http:\/\/www.elimkyrkan.org\/index2.php?option=com_content&amp;task=emailform&amp;id=181&amp;itemid=1\" target=\"_blank\"><\/a><\/td>\n<\/tr>\n<\/tbody>\n<\/table>\n<table>\n<tbody>\n<tr>\n<td colspan=\"2\" valign=\"top\"><strong>Vad \u00e4r kristen tro? <\/strong><\/p>\n<p>V\u00e4lkommen till en intressant kv\u00e4ll med en utfr\u00e5gning med domprost \u00c5ke Bonnier och pastor Ulf Ekman. Samtalet leds av Elimkyrkans Stefan Sw\u00e4rd.<\/p>\n<p>Torsdag den 10 november kl 19:00<\/p>\n<p>Elimkyrkan City, Storgatan 26, T-bana: \u00d6stermalmstorg<\/p>\n<p>&nbsp;<\/p>\n<p><a href=\"http:\/\/www.google.se\/imgres?q=%C3%A5ke+bonnier&amp;num=10&amp;um=1&amp;hl=sv&amp;client=firefox-a&amp;rls=org.mozilla:sv-SE:official&amp;biw=1068&amp;bih=544&amp;tbm=isch&amp;tbnid=_7TPdRU2s1KXpM:&amp;imgrefurl=http:\/\/akebonnier.blogspot.com\/&amp;docid=eU5QzczIWRS9XM&amp;imgurl=http:\/\/1.bp.blogspot.com\/_L3wVnmY-x14\/S_powm0yeMI\/AAAAAAAAAGY\/Gt28mdvUlLM\/S220\/Foto%252BMagnus%252BAronson-IKON_DSC5712.jpg&amp;w=142&amp;h=214&amp;ei=5CagTsmPAuTk4QSrtpniBA&amp;zoom=1&amp;iact=hc&amp;vpx=300&amp;vpy=190&amp;dur=746&amp;hovh=171&amp;hovw=113&amp;tx=108&amp;ty=57&amp;sig=101640803652787301967&amp;sqi=2&amp;page=1&amp;tbnh=171&amp;tbnw=113&amp;start=0&amp;ndsp=10&amp;ved=1t:429,r:1,s:0\"><img loading=\"lazy\" decoding=\"async\" src=\"http:\/\/t3.gstatic.com\/images?q=tbn:ANd9GcTHGy2uYVxtGDuX-PZO6DEjEVXiuIXkcUWoBVc7693C0DN03iTa\" alt=\"\" width=\"95\" height=\"144\" \/><\/a><\/p>\n<p>\u00c5ke Bonnier, domprost i Stockholms stift<\/p>\n<p>&nbsp;<\/p>\n<p><img decoding=\"async\" src=\"http:\/\/ulfekman.nu\/wp-content\/themes\/LO_UEBlog_v2\/images\/ue.gif\" alt=\"\" \/><\/p>\n<p>Ulf Ekman, pastor i Livets Ord, Uppsala&#8221;<\/p>\n<p>&nbsp;<\/td>\n<\/tr>\n<\/tbody>\n<\/table>\n","protected":false},"excerpt":{"rendered":"<p>Jo, det k\u00e4nns roligt och sp\u00e4nnande att f\u00e5 sitta och f\u00f6ra ett samtal om det som b\u00e4r b\u00e5de mig och m\u00e5nga andra i v\u00e5ra liv och som jag g\u00e4rna delar med andra! Kom och var med ikv\u00e4ll i Elimkyrkan! Nedanst\u00e5ende \u00e4r h\u00e4mtat fr\u00e5n Elimkyrkans hemsida: Vad \u00e4r kristen tro? V\u00e4lkommen till en intressant kv\u00e4ll med [&hellip;]<\/p>\n","protected":false},"author":108,"featured_media":0,"comment_status":"open","ping_status":"open","sticky":false,"template":"","format":"standard","meta":{"_acf_changed":false,"footnotes":""},"categories":[9],"tags":[],"class_list":["post-596","post","type-post","status-publish","format-standard","hentry","category-okategoriserade"],"acf":[],"yoast_head":"<!-- This site is optimized with the Yoast SEO plugin v27.1.1 - https:\/\/yoast.com\/product\/yoast-seo-wordpress\/ -->\n<title>Ikv\u00e4ll kl 19.00!  - \u00c5ke Bonnier<\/title>\n<meta name=\"robots\" content=\"index, follow, max-snippet:-1, max-image-preview:large, max-video-preview:-1\" \/>\n<link rel=\"canonical\" href=\"https:\/\/blogg.svenskakyrkan.se\/akebonnier\/2011\/11\/10\/ikvall-kl-19-00\/\" \/>\n<meta property=\"og:locale\" content=\"sv_SE\" \/>\n<meta property=\"og:type\" content=\"article\" \/>\n<meta property=\"og:title\" content=\"Ikv\u00e4ll kl 19.00!  - \u00c5ke Bonnier\" \/>\n<meta property=\"og:description\" content=\"Jo, det k\u00e4nns roligt och sp\u00e4nnande att f\u00e5 sitta och f\u00f6ra ett samtal om det som b\u00e4r b\u00e5de mig och m\u00e5nga andra i v\u00e5ra liv och som jag g\u00e4rna delar med andra! Kom och var med ikv\u00e4ll i Elimkyrkan! Nedanst\u00e5ende \u00e4r h\u00e4mtat fr\u00e5n Elimkyrkans hemsida: Vad \u00e4r kristen tro? V\u00e4lkommen till en intressant kv\u00e4ll med [&hellip;]\" \/>\n<meta property=\"og:url\" content=\"https:\/\/blogg.svenskakyrkan.se\/akebonnier\/2011\/11\/10\/ikvall-kl-19-00\/\" \/>\n<meta property=\"og:site_name\" content=\"\u00c5ke Bonnier\" \/>\n<meta property=\"article:published_time\" content=\"2011-11-10T06:35:19+00:00\" \/>\n<meta property=\"article:modified_time\" content=\"2011-11-10T06:40:59+00:00\" \/>\n<meta property=\"og:image\" content=\"http:\/\/t3.gstatic.com\/images?q=tbn:ANd9GcTHGy2uYVxtGDuX-PZO6DEjEVXiuIXkcUWoBVc7693C0DN03iTa\" \/>\n<meta name=\"author\" content=\"\u00c5ke Bonnier\" \/>\n<meta name=\"twitter:card\" content=\"summary_large_image\" \/>\n<meta name=\"twitter:label1\" content=\"Skriven av\" \/>\n\t<meta name=\"twitter:data1\" content=\"\u00c5ke Bonnier\" \/>\n\t<meta name=\"twitter:label2\" content=\"Ber\u00e4knad l\u00e4stid\" \/>\n\t<meta name=\"twitter:data2\" content=\"1 minut\" \/>\n<script type=\"application\/ld+json\" class=\"yoast-schema-graph\">{\"@context\":\"https:\/\/schema.org\",\"@graph\":[{\"@type\":\"Article\",\"@id\":\"https:\/\/blogg.svenskakyrkan.se\/akebonnier\/2011\/11\/10\/ikvall-kl-19-00\/#article\",\"isPartOf\":{\"@id\":\"https:\/\/blogg.svenskakyrkan.se\/akebonnier\/2011\/11\/10\/ikvall-kl-19-00\/\"},\"author\":{\"name\":\"\u00c5ke Bonnier\",\"@id\":\"https:\/\/blogg.svenskakyrkan.se\/akebonnier\/#\/schema\/person\/8db68bc0c94f6a5a62df2d4486ff1343\"},\"headline\":\"Ikv\u00e4ll kl 19.00!\",\"datePublished\":\"2011-11-10T06:35:19+00:00\",\"dateModified\":\"2011-11-10T06:40:59+00:00\",\"mainEntityOfPage\":{\"@id\":\"https:\/\/blogg.svenskakyrkan.se\/akebonnier\/2011\/11\/10\/ikvall-kl-19-00\/\"},\"wordCount\":115,\"commentCount\":0,\"image\":{\"@id\":\"https:\/\/blogg.svenskakyrkan.se\/akebonnier\/2011\/11\/10\/ikvall-kl-19-00\/#primaryimage\"},\"thumbnailUrl\":\"http:\/\/t3.gstatic.com\/images?q=tbn:ANd9GcTHGy2uYVxtGDuX-PZO6DEjEVXiuIXkcUWoBVc7693C0DN03iTa\",\"inLanguage\":\"sv-SE\",\"potentialAction\":[{\"@type\":\"CommentAction\",\"name\":\"Comment\",\"target\":[\"https:\/\/blogg.svenskakyrkan.se\/akebonnier\/2011\/11\/10\/ikvall-kl-19-00\/#respond\"]}]},{\"@type\":\"WebPage\",\"@id\":\"https:\/\/blogg.svenskakyrkan.se\/akebonnier\/2011\/11\/10\/ikvall-kl-19-00\/\",\"url\":\"https:\/\/blogg.svenskakyrkan.se\/akebonnier\/2011\/11\/10\/ikvall-kl-19-00\/\",\"name\":\"Ikv\u00e4ll kl 19.00! - \u00c5ke Bonnier\",\"isPartOf\":{\"@id\":\"https:\/\/blogg.svenskakyrkan.se\/akebonnier\/#website\"},\"primaryImageOfPage\":{\"@id\":\"https:\/\/blogg.svenskakyrkan.se\/akebonnier\/2011\/11\/10\/ikvall-kl-19-00\/#primaryimage\"},\"image\":{\"@id\":\"https:\/\/blogg.svenskakyrkan.se\/akebonnier\/2011\/11\/10\/ikvall-kl-19-00\/#primaryimage\"},\"thumbnailUrl\":\"http:\/\/t3.gstatic.com\/images?q=tbn:ANd9GcTHGy2uYVxtGDuX-PZO6DEjEVXiuIXkcUWoBVc7693C0DN03iTa\",\"datePublished\":\"2011-11-10T06:35:19+00:00\",\"dateModified\":\"2011-11-10T06:40:59+00:00\",\"author\":{\"@id\":\"https:\/\/blogg.svenskakyrkan.se\/akebonnier\/#\/schema\/person\/8db68bc0c94f6a5a62df2d4486ff1343\"},\"breadcrumb\":{\"@id\":\"https:\/\/blogg.svenskakyrkan.se\/akebonnier\/2011\/11\/10\/ikvall-kl-19-00\/#breadcrumb\"},\"inLanguage\":\"sv-SE\",\"potentialAction\":[{\"@type\":\"ReadAction\",\"target\":[\"https:\/\/blogg.svenskakyrkan.se\/akebonnier\/2011\/11\/10\/ikvall-kl-19-00\/\"]}]},{\"@type\":\"ImageObject\",\"inLanguage\":\"sv-SE\",\"@id\":\"https:\/\/blogg.svenskakyrkan.se\/akebonnier\/2011\/11\/10\/ikvall-kl-19-00\/#primaryimage\",\"url\":\"http:\/\/t3.gstatic.com\/images?q=tbn:ANd9GcTHGy2uYVxtGDuX-PZO6DEjEVXiuIXkcUWoBVc7693C0DN03iTa\",\"contentUrl\":\"http:\/\/t3.gstatic.com\/images?q=tbn:ANd9GcTHGy2uYVxtGDuX-PZO6DEjEVXiuIXkcUWoBVc7693C0DN03iTa\"},{\"@type\":\"BreadcrumbList\",\"@id\":\"https:\/\/blogg.svenskakyrkan.se\/akebonnier\/2011\/11\/10\/ikvall-kl-19-00\/#breadcrumb\",\"itemListElement\":[{\"@type\":\"ListItem\",\"position\":1,\"name\":\"Hem\",\"item\":\"https:\/\/blogg.svenskakyrkan.se\/akebonnier\/\"},{\"@type\":\"ListItem\",\"position\":2,\"name\":\"Ikv\u00e4ll kl 19.00!\"}]},{\"@type\":\"WebSite\",\"@id\":\"https:\/\/blogg.svenskakyrkan.se\/akebonnier\/#website\",\"url\":\"https:\/\/blogg.svenskakyrkan.se\/akebonnier\/\",\"name\":\"\u00c5ke Bonnier\",\"description\":\"Biskop i Svenska kyrkan - Skara stift\",\"potentialAction\":[{\"@type\":\"SearchAction\",\"target\":{\"@type\":\"EntryPoint\",\"urlTemplate\":\"https:\/\/blogg.svenskakyrkan.se\/akebonnier\/?s={search_term_string}\"},\"query-input\":{\"@type\":\"PropertyValueSpecification\",\"valueRequired\":true,\"valueName\":\"search_term_string\"}}],\"inLanguage\":\"sv-SE\"},{\"@type\":\"Person\",\"@id\":\"https:\/\/blogg.svenskakyrkan.se\/akebonnier\/#\/schema\/person\/8db68bc0c94f6a5a62df2d4486ff1343\",\"name\":\"\u00c5ke Bonnier\",\"image\":{\"@type\":\"ImageObject\",\"inLanguage\":\"sv-SE\",\"@id\":\"https:\/\/blogg.svenskakyrkan.se\/akebonnier\/#\/schema\/person\/image\/\",\"url\":\"https:\/\/secure.gravatar.com\/avatar\/b88264736bb0bc0d1ea92298aef02c9f98cfc13c7484130c42c663ae484f9462?s=96&d=mm&r=g\",\"contentUrl\":\"https:\/\/secure.gravatar.com\/avatar\/b88264736bb0bc0d1ea92298aef02c9f98cfc13c7484130c42c663ae484f9462?s=96&d=mm&r=g\",\"caption\":\"\u00c5ke Bonnier\"},\"description\":\"Jag \u00e4r gift och har tv\u00e5 vuxna d\u00f6ttrar. Pr\u00e4stvigdes 1984 och biskopsvigs 26 augusti 2012 . Jag har tidigare bland annat varit, komminister och kyrkoherde i Liding\u00f6 f\u00f6rsamling och domprost i Stockholms domkyrkof\u00f6rsamling. Jag \u00e4r intresserad av konst, litteratur, teater, film. Jag tr\u00e4nar regelbundet p\u00e5 gym. Mitt huvudsakliga musikintresse \u00e4r klassisk musik men ocks\u00e5 Beatles, Elvis Presley, Monika Zettelund, Povel Ramel och m\u00e5nga andra tycker jag om att lyssna p\u00e5. Jag l\u00e4ser f\u00f6r lite sk\u00f6nlitteratur beroende p\u00e5 annat som jag m\u00e5ste l\u00e4sa i mitt uppdrag som biskop. Men jag \u00e4lskar b\u00f6cker. Naturligtvis l\u00e4ser jag n\u00e4st intill dagligdags i \\\"B\u00f6ckernas Bok.\\\"\",\"sameAs\":[\"http:\/\/www.skarastift.se\"],\"url\":\"https:\/\/blogg.svenskakyrkan.se\/akebonnier\/author\/akebonnier\/\"}]}<\/script>\n<!-- \/ Yoast SEO plugin. -->","yoast_head_json":{"title":"Ikv\u00e4ll kl 19.00!  - \u00c5ke Bonnier","robots":{"index":"index","follow":"follow","max-snippet":"max-snippet:-1","max-image-preview":"max-image-preview:large","max-video-preview":"max-video-preview:-1"},"canonical":"https:\/\/blogg.svenskakyrkan.se\/akebonnier\/2011\/11\/10\/ikvall-kl-19-00\/","og_locale":"sv_SE","og_type":"article","og_title":"Ikv\u00e4ll kl 19.00!  - \u00c5ke Bonnier","og_description":"Jo, det k\u00e4nns roligt och sp\u00e4nnande att f\u00e5 sitta och f\u00f6ra ett samtal om det som b\u00e4r b\u00e5de mig och m\u00e5nga andra i v\u00e5ra liv och som jag g\u00e4rna delar med andra! Kom och var med ikv\u00e4ll i Elimkyrkan! Nedanst\u00e5ende \u00e4r h\u00e4mtat fr\u00e5n Elimkyrkans hemsida: Vad \u00e4r kristen tro? V\u00e4lkommen till en intressant kv\u00e4ll med [&hellip;]","og_url":"https:\/\/blogg.svenskakyrkan.se\/akebonnier\/2011\/11\/10\/ikvall-kl-19-00\/","og_site_name":"\u00c5ke Bonnier","article_published_time":"2011-11-10T06:35:19+00:00","article_modified_time":"2011-11-10T06:40:59+00:00","og_image":[{"url":"http:\/\/t3.gstatic.com\/images?q=tbn:ANd9GcTHGy2uYVxtGDuX-PZO6DEjEVXiuIXkcUWoBVc7693C0DN03iTa","type":"","width":"","height":""}],"author":"\u00c5ke Bonnier","twitter_card":"summary_large_image","twitter_misc":{"Skriven av":"\u00c5ke Bonnier","Ber\u00e4knad l\u00e4stid":"1 minut"},"schema":{"@context":"https:\/\/schema.org","@graph":[{"@type":"Article","@id":"https:\/\/blogg.svenskakyrkan.se\/akebonnier\/2011\/11\/10\/ikvall-kl-19-00\/#article","isPartOf":{"@id":"https:\/\/blogg.svenskakyrkan.se\/akebonnier\/2011\/11\/10\/ikvall-kl-19-00\/"},"author":{"name":"\u00c5ke Bonnier","@id":"https:\/\/blogg.svenskakyrkan.se\/akebonnier\/#\/schema\/person\/8db68bc0c94f6a5a62df2d4486ff1343"},"headline":"Ikv\u00e4ll kl 19.00!","datePublished":"2011-11-10T06:35:19+00:00","dateModified":"2011-11-10T06:40:59+00:00","mainEntityOfPage":{"@id":"https:\/\/blogg.svenskakyrkan.se\/akebonnier\/2011\/11\/10\/ikvall-kl-19-00\/"},"wordCount":115,"commentCount":0,"image":{"@id":"https:\/\/blogg.svenskakyrkan.se\/akebonnier\/2011\/11\/10\/ikvall-kl-19-00\/#primaryimage"},"thumbnailUrl":"http:\/\/t3.gstatic.com\/images?q=tbn:ANd9GcTHGy2uYVxtGDuX-PZO6DEjEVXiuIXkcUWoBVc7693C0DN03iTa","inLanguage":"sv-SE","potentialAction":[{"@type":"CommentAction","name":"Comment","target":["https:\/\/blogg.svenskakyrkan.se\/akebonnier\/2011\/11\/10\/ikvall-kl-19-00\/#respond"]}]},{"@type":"WebPage","@id":"https:\/\/blogg.svenskakyrkan.se\/akebonnier\/2011\/11\/10\/ikvall-kl-19-00\/","url":"https:\/\/blogg.svenskakyrkan.se\/akebonnier\/2011\/11\/10\/ikvall-kl-19-00\/","name":"Ikv\u00e4ll kl 19.00! - \u00c5ke Bonnier","isPartOf":{"@id":"https:\/\/blogg.svenskakyrkan.se\/akebonnier\/#website"},"primaryImageOfPage":{"@id":"https:\/\/blogg.svenskakyrkan.se\/akebonnier\/2011\/11\/10\/ikvall-kl-19-00\/#primaryimage"},"image":{"@id":"https:\/\/blogg.svenskakyrkan.se\/akebonnier\/2011\/11\/10\/ikvall-kl-19-00\/#primaryimage"},"thumbnailUrl":"http:\/\/t3.gstatic.com\/images?q=tbn:ANd9GcTHGy2uYVxtGDuX-PZO6DEjEVXiuIXkcUWoBVc7693C0DN03iTa","datePublished":"2011-11-10T06:35:19+00:00","dateModified":"2011-11-10T06:40:59+00:00","author":{"@id":"https:\/\/blogg.svenskakyrkan.se\/akebonnier\/#\/schema\/person\/8db68bc0c94f6a5a62df2d4486ff1343"},"breadcrumb":{"@id":"https:\/\/blogg.svenskakyrkan.se\/akebonnier\/2011\/11\/10\/ikvall-kl-19-00\/#breadcrumb"},"inLanguage":"sv-SE","potentialAction":[{"@type":"ReadAction","target":["https:\/\/blogg.svenskakyrkan.se\/akebonnier\/2011\/11\/10\/ikvall-kl-19-00\/"]}]},{"@type":"ImageObject","inLanguage":"sv-SE","@id":"https:\/\/blogg.svenskakyrkan.se\/akebonnier\/2011\/11\/10\/ikvall-kl-19-00\/#primaryimage","url":"http:\/\/t3.gstatic.com\/images?q=tbn:ANd9GcTHGy2uYVxtGDuX-PZO6DEjEVXiuIXkcUWoBVc7693C0DN03iTa","contentUrl":"http:\/\/t3.gstatic.com\/images?q=tbn:ANd9GcTHGy2uYVxtGDuX-PZO6DEjEVXiuIXkcUWoBVc7693C0DN03iTa"},{"@type":"BreadcrumbList","@id":"https:\/\/blogg.svenskakyrkan.se\/akebonnier\/2011\/11\/10\/ikvall-kl-19-00\/#breadcrumb","itemListElement":[{"@type":"ListItem","position":1,"name":"Hem","item":"https:\/\/blogg.svenskakyrkan.se\/akebonnier\/"},{"@type":"ListItem","position":2,"name":"Ikv\u00e4ll kl 19.00!"}]},{"@type":"WebSite","@id":"https:\/\/blogg.svenskakyrkan.se\/akebonnier\/#website","url":"https:\/\/blogg.svenskakyrkan.se\/akebonnier\/","name":"\u00c5ke Bonnier","description":"Biskop i Svenska kyrkan - Skara stift","potentialAction":[{"@type":"SearchAction","target":{"@type":"EntryPoint","urlTemplate":"https:\/\/blogg.svenskakyrkan.se\/akebonnier\/?s={search_term_string}"},"query-input":{"@type":"PropertyValueSpecification","valueRequired":true,"valueName":"search_term_string"}}],"inLanguage":"sv-SE"},{"@type":"Person","@id":"https:\/\/blogg.svenskakyrkan.se\/akebonnier\/#\/schema\/person\/8db68bc0c94f6a5a62df2d4486ff1343","name":"\u00c5ke Bonnier","image":{"@type":"ImageObject","inLanguage":"sv-SE","@id":"https:\/\/blogg.svenskakyrkan.se\/akebonnier\/#\/schema\/person\/image\/","url":"https:\/\/secure.gravatar.com\/avatar\/b88264736bb0bc0d1ea92298aef02c9f98cfc13c7484130c42c663ae484f9462?s=96&d=mm&r=g","contentUrl":"https:\/\/secure.gravatar.com\/avatar\/b88264736bb0bc0d1ea92298aef02c9f98cfc13c7484130c42c663ae484f9462?s=96&d=mm&r=g","caption":"\u00c5ke Bonnier"},"description":"Jag \u00e4r gift och har tv\u00e5 vuxna d\u00f6ttrar. Pr\u00e4stvigdes 1984 och biskopsvigs 26 augusti 2012 . Jag har tidigare bland annat varit, komminister och kyrkoherde i Liding\u00f6 f\u00f6rsamling och domprost i Stockholms domkyrkof\u00f6rsamling. Jag \u00e4r intresserad av konst, litteratur, teater, film. Jag tr\u00e4nar regelbundet p\u00e5 gym. Mitt huvudsakliga musikintresse \u00e4r klassisk musik men ocks\u00e5 Beatles, Elvis Presley, Monika Zettelund, Povel Ramel och m\u00e5nga andra tycker jag om att lyssna p\u00e5. Jag l\u00e4ser f\u00f6r lite sk\u00f6nlitteratur beroende p\u00e5 annat som jag m\u00e5ste l\u00e4sa i mitt uppdrag som biskop. Men jag \u00e4lskar b\u00f6cker. Naturligtvis l\u00e4ser jag n\u00e4st intill dagligdags i \"B\u00f6ckernas Bok.\"","sameAs":["http:\/\/www.skarastift.se"],"url":"https:\/\/blogg.svenskakyrkan.se\/akebonnier\/author\/akebonnier\/"}]}},"author_meta":{"ID":"108","user_nicename":"akebonnier","user_url":"http:\/\/www.skarastift.se","user_registered":"2011-10-11 09:24:48","display_name":"\u00c5ke Bonnier","first_name":"\u00c5ke","last_name":"Bonnier","avatar":"https:\/\/secure.gravatar.com\/avatar\/b88264736bb0bc0d1ea92298aef02c9f98cfc13c7484130c42c663ae484f9462?s=96&d=mm&r=g"},"featured_image":false,"bloginfo":{"name":"\u00c5ke Bonnier","url":"https:\/\/blogg.svenskakyrkan.se\/akebonnier"},"_links":{"self":[{"href":"https:\/\/blogg.svenskakyrkan.se\/akebonnier\/wp-json\/wp\/v2\/posts\/596","targetHints":{"allow":["GET"]}}],"collection":[{"href":"https:\/\/blogg.svenskakyrkan.se\/akebonnier\/wp-json\/wp\/v2\/posts"}],"about":[{"href":"https:\/\/blogg.svenskakyrkan.se\/akebonnier\/wp-json\/wp\/v2\/types\/post"}],"author":[{"embeddable":true,"href":"https:\/\/blogg.svenskakyrkan.se\/akebonnier\/wp-json\/wp\/v2\/users\/108"}],"replies":[{"embeddable":true,"href":"https:\/\/blogg.svenskakyrkan.se\/akebonnier\/wp-json\/wp\/v2\/comments?post=596"}],"version-history":[{"count":3,"href":"https:\/\/blogg.svenskakyrkan.se\/akebonnier\/wp-json\/wp\/v2\/posts\/596\/revisions"}],"predecessor-version":[{"id":599,"href":"https:\/\/blogg.svenskakyrkan.se\/akebonnier\/wp-json\/wp\/v2\/posts\/596\/revisions\/599"}],"wp:attachment":[{"href":"https:\/\/blogg.svenskakyrkan.se\/akebonnier\/wp-json\/wp\/v2\/media?parent=596"}],"wp:term":[{"taxonomy":"category","embeddable":true,"href":"https:\/\/blogg.svenskakyrkan.se\/akebonnier\/wp-json\/wp\/v2\/categories?post=596"},{"taxonomy":"post_tag","embeddable":true,"href":"https:\/\/blogg.svenskakyrkan.se\/akebonnier\/wp-json\/wp\/v2\/tags?post=596"}],"curies":[{"name":"wp","href":"https:\/\/api.w.org\/{rel}","templated":true}]}}