{"id":674,"date":"2012-01-03T18:02:47","date_gmt":"2012-01-03T17:02:47","guid":{"rendered":"http:\/\/blogg.svenskakyrkan.se\/akebonnier\/?p=674"},"modified":"2012-01-08T08:11:56","modified_gmt":"2012-01-08T07:11:56","slug":"atervinningscentral","status":"publish","type":"post","link":"https:\/\/blogg.svenskakyrkan.se\/akebonnier\/2012\/01\/03\/atervinningscentral\/","title":{"rendered":"\u00c5tervinningscentralen."},"content":{"rendered":"<p>Idag var jag iv\u00e4g till utkanten av en stad i n\u00e4rheten av min semesterort. Jag skulle bes\u00f6ka \u00e5tervinningscentralen. Med mig hade jag tunga s\u00e4ckar fyllda med s\u00e5dant som skulle till containern f\u00f6r br\u00e4nnbart och annat som skulle till metallcontainern och ytterligare annat som skulle sl\u00e4ngas i container f\u00f6r mer blandat hush\u00e5llsavfall. Jag fick kunnig hj\u00e4lp n\u00e4r det g\u00e4llde n\u00e5got av det som jag skulle sl\u00e4nga.<\/p>\n<p>L\u00e4tt om hj\u00e4rtat for jag d\u00e4rifr\u00e5n och k\u00e4nde att det var sk\u00f6nt att f\u00e5 sl\u00e4nga gamla saker som inte l\u00e4gre beh\u00f6vdes och s\u00e5dant som var rent skr\u00e4p.<\/p>\n<p>N\u00e5got euforisk kom jag p\u00e5 hemv\u00e4gen att t\u00e4nka p\u00e5 syndabek\u00e4nnelsen. Ofta har m\u00e5nga kritiserat den och ansett att den borde tas bort fr\u00e5n gudstj\u00e4nsten eller \u00e5tminstone inte ligga i b\u00f6rjan. <em>&#8217;Hur kul \u00e4r det att f\u00e5 h\u00f6ra hur d\u00e5lig man \u00e4r n\u00e4stan det f\u00f6rsta man g\u00f6r i en s\u00f6ndagsgudstj\u00e4nst? Och \u00e4r man ovan kan det skr\u00e4mma.&#8217;<\/em> Ungef\u00e4r s\u00e5 har det l\u00e5tit fr\u00e5n dem som klagat. Men fylld av l\u00e4ttheten i mitt hj\u00e4rta, l\u00e4ttheten \u00f6ver att ha f\u00e5tt sl\u00e4nga, t\u00e4nkte jag att just det jag nyss hade upplevt \u00e4r det egentligen med syndabek\u00e4nnelsen. Jag f\u00e5r komma till \u00e5tervinningscentralen som \u00e4r sj\u00e4lva gudstj\u00e4nsten och d\u00e4r f\u00e5r jag sl\u00e4nga mitt skr\u00e4p, sl\u00e4nga allt det d\u00e4r som inte blev s\u00e5 bra, sl\u00e4nga allt det som tynger mig och som gick fel, sl\u00e4nga mina misslyckanden av alla olika sorter. Och Jesus Kristus, p\u00e5 vilken jag sl\u00e4nger allt (1 Petr 5:7) \u00e4r den som \u00e5tervinner allt. Men det som bara var skr\u00e4p \u00e5tervinner han, eller snarare \u00e5tervann han, p\u00e5 korset s\u00e5 att alltihop kommer tillbaka till mig, fast som k\u00e4rlek &#8211; Guds k\u00e4rlek som \u00f6verg\u00e5r allt f\u00f6rst\u00e5nd.<\/p>\n<p>Jesus p\u00e5 korset liksom drar allt mitt inre skr\u00e4p till sig, ungef\u00e4r som ett svart h\u00e5l l\u00e4r dra allt i dess &#8217;n\u00e4rhet&#8217; till sig, i en sorts implossion d\u00e4r Guds k\u00e4rlek blir det som blir kvar. Vilken \u00e5tervinning! Ja vilken vinning! Trots alla mina misslyckanden, trots mina tillkorta-kommanden, trots allt det som jag b\u00e4r p\u00e5 som handlar om att jag missat m\u00e5let med tillvaron, d v s att \u00e4lska Gud \u00f6ver allting och min n\u00e4sta som mig sj\u00e4lv, f\u00e5r jag ta emot Guds k\u00e4rlek i den gudomliga \u00e5tervinningen. Allt f\u00f6r att Gud, som ocks\u00e5 \u00e4r k\u00e4rleken, \u00e4lskar mig s\u00e5 gr\u00e4nsl\u00f6st att han g\u00e5tt i d\u00f6den f\u00f6r mig och uppst\u00e5tt f\u00f6r mig.<\/p>\n<p>N\u00e4r jag firar min s\u00f6ndags- eller veckom\u00e4ssa i kyrkan f\u00e5r jag t\u00e4nka p\u00e5 \u00e5tervinningscentralen, ja ocks\u00e5 se p\u00e5 kyrkan som platsen f\u00f6r just en s\u00e5dan central och Gud i Jeus Kristus som den stora \u00e5tervinnaren. Vilken befrielse! Vilken gl\u00e4dje!<\/p>\n","protected":false},"excerpt":{"rendered":"<p>Idag var jag iv\u00e4g till utkanten av en stad i n\u00e4rheten av min semesterort. Jag skulle bes\u00f6ka \u00e5tervinningscentralen. Med mig hade jag tunga s\u00e4ckar fyllda med s\u00e5dant som skulle till containern f\u00f6r br\u00e4nnbart och annat som skulle till metallcontainern och ytterligare annat som skulle sl\u00e4ngas i container f\u00f6r mer blandat hush\u00e5llsavfall. Jag fick kunnig hj\u00e4lp [&hellip;]<\/p>\n","protected":false},"author":108,"featured_media":0,"comment_status":"open","ping_status":"open","sticky":false,"template":"","format":"standard","meta":{"_acf_changed":false,"footnotes":""},"categories":[9],"tags":[],"class_list":["post-674","post","type-post","status-publish","format-standard","hentry","category-okategoriserade"],"acf":[],"yoast_head":"<!-- This site is optimized with the Yoast SEO plugin v27.1.1 - https:\/\/yoast.com\/product\/yoast-seo-wordpress\/ -->\n<title>\u00c5tervinningscentralen. - \u00c5ke Bonnier<\/title>\n<meta name=\"robots\" content=\"index, follow, max-snippet:-1, max-image-preview:large, max-video-preview:-1\" \/>\n<link rel=\"canonical\" href=\"https:\/\/blogg.svenskakyrkan.se\/akebonnier\/2012\/01\/03\/atervinningscentral\/\" \/>\n<meta property=\"og:locale\" content=\"sv_SE\" \/>\n<meta property=\"og:type\" content=\"article\" \/>\n<meta property=\"og:title\" content=\"\u00c5tervinningscentralen. - \u00c5ke Bonnier\" \/>\n<meta property=\"og:description\" content=\"Idag var jag iv\u00e4g till utkanten av en stad i n\u00e4rheten av min semesterort. Jag skulle bes\u00f6ka \u00e5tervinningscentralen. Med mig hade jag tunga s\u00e4ckar fyllda med s\u00e5dant som skulle till containern f\u00f6r br\u00e4nnbart och annat som skulle till metallcontainern och ytterligare annat som skulle sl\u00e4ngas i container f\u00f6r mer blandat hush\u00e5llsavfall. Jag fick kunnig hj\u00e4lp [&hellip;]\" \/>\n<meta property=\"og:url\" content=\"https:\/\/blogg.svenskakyrkan.se\/akebonnier\/2012\/01\/03\/atervinningscentral\/\" \/>\n<meta property=\"og:site_name\" content=\"\u00c5ke Bonnier\" \/>\n<meta property=\"article:published_time\" content=\"2012-01-03T17:02:47+00:00\" \/>\n<meta property=\"article:modified_time\" content=\"2012-01-08T07:11:56+00:00\" \/>\n<meta name=\"author\" content=\"\u00c5ke Bonnier\" \/>\n<meta name=\"twitter:card\" content=\"summary_large_image\" \/>\n<meta name=\"twitter:label1\" content=\"Skriven av\" \/>\n\t<meta name=\"twitter:data1\" content=\"\u00c5ke Bonnier\" \/>\n\t<meta name=\"twitter:label2\" content=\"Ber\u00e4knad l\u00e4stid\" \/>\n\t<meta name=\"twitter:data2\" content=\"3 minuter\" \/>\n<script type=\"application\/ld+json\" class=\"yoast-schema-graph\">{\"@context\":\"https:\/\/schema.org\",\"@graph\":[{\"@type\":\"Article\",\"@id\":\"https:\/\/blogg.svenskakyrkan.se\/akebonnier\/2012\/01\/03\/atervinningscentral\/#article\",\"isPartOf\":{\"@id\":\"https:\/\/blogg.svenskakyrkan.se\/akebonnier\/2012\/01\/03\/atervinningscentral\/\"},\"author\":{\"name\":\"\u00c5ke Bonnier\",\"@id\":\"https:\/\/blogg.svenskakyrkan.se\/akebonnier\/#\/schema\/person\/8db68bc0c94f6a5a62df2d4486ff1343\"},\"headline\":\"\u00c5tervinningscentralen.\",\"datePublished\":\"2012-01-03T17:02:47+00:00\",\"dateModified\":\"2012-01-08T07:11:56+00:00\",\"mainEntityOfPage\":{\"@id\":\"https:\/\/blogg.svenskakyrkan.se\/akebonnier\/2012\/01\/03\/atervinningscentral\/\"},\"wordCount\":522,\"commentCount\":6,\"inLanguage\":\"sv-SE\",\"potentialAction\":[{\"@type\":\"CommentAction\",\"name\":\"Comment\",\"target\":[\"https:\/\/blogg.svenskakyrkan.se\/akebonnier\/2012\/01\/03\/atervinningscentral\/#respond\"]}]},{\"@type\":\"WebPage\",\"@id\":\"https:\/\/blogg.svenskakyrkan.se\/akebonnier\/2012\/01\/03\/atervinningscentral\/\",\"url\":\"https:\/\/blogg.svenskakyrkan.se\/akebonnier\/2012\/01\/03\/atervinningscentral\/\",\"name\":\"\u00c5tervinningscentralen. - \u00c5ke Bonnier\",\"isPartOf\":{\"@id\":\"https:\/\/blogg.svenskakyrkan.se\/akebonnier\/#website\"},\"datePublished\":\"2012-01-03T17:02:47+00:00\",\"dateModified\":\"2012-01-08T07:11:56+00:00\",\"author\":{\"@id\":\"https:\/\/blogg.svenskakyrkan.se\/akebonnier\/#\/schema\/person\/8db68bc0c94f6a5a62df2d4486ff1343\"},\"breadcrumb\":{\"@id\":\"https:\/\/blogg.svenskakyrkan.se\/akebonnier\/2012\/01\/03\/atervinningscentral\/#breadcrumb\"},\"inLanguage\":\"sv-SE\",\"potentialAction\":[{\"@type\":\"ReadAction\",\"target\":[\"https:\/\/blogg.svenskakyrkan.se\/akebonnier\/2012\/01\/03\/atervinningscentral\/\"]}]},{\"@type\":\"BreadcrumbList\",\"@id\":\"https:\/\/blogg.svenskakyrkan.se\/akebonnier\/2012\/01\/03\/atervinningscentral\/#breadcrumb\",\"itemListElement\":[{\"@type\":\"ListItem\",\"position\":1,\"name\":\"Hem\",\"item\":\"https:\/\/blogg.svenskakyrkan.se\/akebonnier\/\"},{\"@type\":\"ListItem\",\"position\":2,\"name\":\"\u00c5tervinningscentralen.\"}]},{\"@type\":\"WebSite\",\"@id\":\"https:\/\/blogg.svenskakyrkan.se\/akebonnier\/#website\",\"url\":\"https:\/\/blogg.svenskakyrkan.se\/akebonnier\/\",\"name\":\"\u00c5ke Bonnier\",\"description\":\"Biskop i Svenska kyrkan - Skara stift\",\"potentialAction\":[{\"@type\":\"SearchAction\",\"target\":{\"@type\":\"EntryPoint\",\"urlTemplate\":\"https:\/\/blogg.svenskakyrkan.se\/akebonnier\/?s={search_term_string}\"},\"query-input\":{\"@type\":\"PropertyValueSpecification\",\"valueRequired\":true,\"valueName\":\"search_term_string\"}}],\"inLanguage\":\"sv-SE\"},{\"@type\":\"Person\",\"@id\":\"https:\/\/blogg.svenskakyrkan.se\/akebonnier\/#\/schema\/person\/8db68bc0c94f6a5a62df2d4486ff1343\",\"name\":\"\u00c5ke Bonnier\",\"image\":{\"@type\":\"ImageObject\",\"inLanguage\":\"sv-SE\",\"@id\":\"https:\/\/blogg.svenskakyrkan.se\/akebonnier\/#\/schema\/person\/image\/\",\"url\":\"https:\/\/secure.gravatar.com\/avatar\/b88264736bb0bc0d1ea92298aef02c9f98cfc13c7484130c42c663ae484f9462?s=96&d=mm&r=g\",\"contentUrl\":\"https:\/\/secure.gravatar.com\/avatar\/b88264736bb0bc0d1ea92298aef02c9f98cfc13c7484130c42c663ae484f9462?s=96&d=mm&r=g\",\"caption\":\"\u00c5ke Bonnier\"},\"description\":\"Jag \u00e4r gift och har tv\u00e5 vuxna d\u00f6ttrar. Pr\u00e4stvigdes 1984 och biskopsvigs 26 augusti 2012 . Jag har tidigare bland annat varit, komminister och kyrkoherde i Liding\u00f6 f\u00f6rsamling och domprost i Stockholms domkyrkof\u00f6rsamling. Jag \u00e4r intresserad av konst, litteratur, teater, film. Jag tr\u00e4nar regelbundet p\u00e5 gym. Mitt huvudsakliga musikintresse \u00e4r klassisk musik men ocks\u00e5 Beatles, Elvis Presley, Monika Zettelund, Povel Ramel och m\u00e5nga andra tycker jag om att lyssna p\u00e5. Jag l\u00e4ser f\u00f6r lite sk\u00f6nlitteratur beroende p\u00e5 annat som jag m\u00e5ste l\u00e4sa i mitt uppdrag som biskop. Men jag \u00e4lskar b\u00f6cker. Naturligtvis l\u00e4ser jag n\u00e4st intill dagligdags i \\\"B\u00f6ckernas Bok.\\\"\",\"sameAs\":[\"http:\/\/www.skarastift.se\"],\"url\":\"https:\/\/blogg.svenskakyrkan.se\/akebonnier\/author\/akebonnier\/\"}]}<\/script>\n<!-- \/ Yoast SEO plugin. -->","yoast_head_json":{"title":"\u00c5tervinningscentralen. - \u00c5ke Bonnier","robots":{"index":"index","follow":"follow","max-snippet":"max-snippet:-1","max-image-preview":"max-image-preview:large","max-video-preview":"max-video-preview:-1"},"canonical":"https:\/\/blogg.svenskakyrkan.se\/akebonnier\/2012\/01\/03\/atervinningscentral\/","og_locale":"sv_SE","og_type":"article","og_title":"\u00c5tervinningscentralen. - \u00c5ke Bonnier","og_description":"Idag var jag iv\u00e4g till utkanten av en stad i n\u00e4rheten av min semesterort. Jag skulle bes\u00f6ka \u00e5tervinningscentralen. Med mig hade jag tunga s\u00e4ckar fyllda med s\u00e5dant som skulle till containern f\u00f6r br\u00e4nnbart och annat som skulle till metallcontainern och ytterligare annat som skulle sl\u00e4ngas i container f\u00f6r mer blandat hush\u00e5llsavfall. Jag fick kunnig hj\u00e4lp [&hellip;]","og_url":"https:\/\/blogg.svenskakyrkan.se\/akebonnier\/2012\/01\/03\/atervinningscentral\/","og_site_name":"\u00c5ke Bonnier","article_published_time":"2012-01-03T17:02:47+00:00","article_modified_time":"2012-01-08T07:11:56+00:00","author":"\u00c5ke Bonnier","twitter_card":"summary_large_image","twitter_misc":{"Skriven av":"\u00c5ke Bonnier","Ber\u00e4knad l\u00e4stid":"3 minuter"},"schema":{"@context":"https:\/\/schema.org","@graph":[{"@type":"Article","@id":"https:\/\/blogg.svenskakyrkan.se\/akebonnier\/2012\/01\/03\/atervinningscentral\/#article","isPartOf":{"@id":"https:\/\/blogg.svenskakyrkan.se\/akebonnier\/2012\/01\/03\/atervinningscentral\/"},"author":{"name":"\u00c5ke Bonnier","@id":"https:\/\/blogg.svenskakyrkan.se\/akebonnier\/#\/schema\/person\/8db68bc0c94f6a5a62df2d4486ff1343"},"headline":"\u00c5tervinningscentralen.","datePublished":"2012-01-03T17:02:47+00:00","dateModified":"2012-01-08T07:11:56+00:00","mainEntityOfPage":{"@id":"https:\/\/blogg.svenskakyrkan.se\/akebonnier\/2012\/01\/03\/atervinningscentral\/"},"wordCount":522,"commentCount":6,"inLanguage":"sv-SE","potentialAction":[{"@type":"CommentAction","name":"Comment","target":["https:\/\/blogg.svenskakyrkan.se\/akebonnier\/2012\/01\/03\/atervinningscentral\/#respond"]}]},{"@type":"WebPage","@id":"https:\/\/blogg.svenskakyrkan.se\/akebonnier\/2012\/01\/03\/atervinningscentral\/","url":"https:\/\/blogg.svenskakyrkan.se\/akebonnier\/2012\/01\/03\/atervinningscentral\/","name":"\u00c5tervinningscentralen. - \u00c5ke Bonnier","isPartOf":{"@id":"https:\/\/blogg.svenskakyrkan.se\/akebonnier\/#website"},"datePublished":"2012-01-03T17:02:47+00:00","dateModified":"2012-01-08T07:11:56+00:00","author":{"@id":"https:\/\/blogg.svenskakyrkan.se\/akebonnier\/#\/schema\/person\/8db68bc0c94f6a5a62df2d4486ff1343"},"breadcrumb":{"@id":"https:\/\/blogg.svenskakyrkan.se\/akebonnier\/2012\/01\/03\/atervinningscentral\/#breadcrumb"},"inLanguage":"sv-SE","potentialAction":[{"@type":"ReadAction","target":["https:\/\/blogg.svenskakyrkan.se\/akebonnier\/2012\/01\/03\/atervinningscentral\/"]}]},{"@type":"BreadcrumbList","@id":"https:\/\/blogg.svenskakyrkan.se\/akebonnier\/2012\/01\/03\/atervinningscentral\/#breadcrumb","itemListElement":[{"@type":"ListItem","position":1,"name":"Hem","item":"https:\/\/blogg.svenskakyrkan.se\/akebonnier\/"},{"@type":"ListItem","position":2,"name":"\u00c5tervinningscentralen."}]},{"@type":"WebSite","@id":"https:\/\/blogg.svenskakyrkan.se\/akebonnier\/#website","url":"https:\/\/blogg.svenskakyrkan.se\/akebonnier\/","name":"\u00c5ke Bonnier","description":"Biskop i Svenska kyrkan - Skara stift","potentialAction":[{"@type":"SearchAction","target":{"@type":"EntryPoint","urlTemplate":"https:\/\/blogg.svenskakyrkan.se\/akebonnier\/?s={search_term_string}"},"query-input":{"@type":"PropertyValueSpecification","valueRequired":true,"valueName":"search_term_string"}}],"inLanguage":"sv-SE"},{"@type":"Person","@id":"https:\/\/blogg.svenskakyrkan.se\/akebonnier\/#\/schema\/person\/8db68bc0c94f6a5a62df2d4486ff1343","name":"\u00c5ke Bonnier","image":{"@type":"ImageObject","inLanguage":"sv-SE","@id":"https:\/\/blogg.svenskakyrkan.se\/akebonnier\/#\/schema\/person\/image\/","url":"https:\/\/secure.gravatar.com\/avatar\/b88264736bb0bc0d1ea92298aef02c9f98cfc13c7484130c42c663ae484f9462?s=96&d=mm&r=g","contentUrl":"https:\/\/secure.gravatar.com\/avatar\/b88264736bb0bc0d1ea92298aef02c9f98cfc13c7484130c42c663ae484f9462?s=96&d=mm&r=g","caption":"\u00c5ke Bonnier"},"description":"Jag \u00e4r gift och har tv\u00e5 vuxna d\u00f6ttrar. Pr\u00e4stvigdes 1984 och biskopsvigs 26 augusti 2012 . Jag har tidigare bland annat varit, komminister och kyrkoherde i Liding\u00f6 f\u00f6rsamling och domprost i Stockholms domkyrkof\u00f6rsamling. Jag \u00e4r intresserad av konst, litteratur, teater, film. Jag tr\u00e4nar regelbundet p\u00e5 gym. Mitt huvudsakliga musikintresse \u00e4r klassisk musik men ocks\u00e5 Beatles, Elvis Presley, Monika Zettelund, Povel Ramel och m\u00e5nga andra tycker jag om att lyssna p\u00e5. Jag l\u00e4ser f\u00f6r lite sk\u00f6nlitteratur beroende p\u00e5 annat som jag m\u00e5ste l\u00e4sa i mitt uppdrag som biskop. Men jag \u00e4lskar b\u00f6cker. Naturligtvis l\u00e4ser jag n\u00e4st intill dagligdags i \"B\u00f6ckernas Bok.\"","sameAs":["http:\/\/www.skarastift.se"],"url":"https:\/\/blogg.svenskakyrkan.se\/akebonnier\/author\/akebonnier\/"}]}},"author_meta":{"ID":"108","user_nicename":"akebonnier","user_url":"http:\/\/www.skarastift.se","user_registered":"2011-10-11 09:24:48","display_name":"\u00c5ke Bonnier","first_name":"\u00c5ke","last_name":"Bonnier","avatar":"https:\/\/secure.gravatar.com\/avatar\/b88264736bb0bc0d1ea92298aef02c9f98cfc13c7484130c42c663ae484f9462?s=96&d=mm&r=g"},"featured_image":false,"bloginfo":{"name":"\u00c5ke Bonnier","url":"https:\/\/blogg.svenskakyrkan.se\/akebonnier"},"_links":{"self":[{"href":"https:\/\/blogg.svenskakyrkan.se\/akebonnier\/wp-json\/wp\/v2\/posts\/674","targetHints":{"allow":["GET"]}}],"collection":[{"href":"https:\/\/blogg.svenskakyrkan.se\/akebonnier\/wp-json\/wp\/v2\/posts"}],"about":[{"href":"https:\/\/blogg.svenskakyrkan.se\/akebonnier\/wp-json\/wp\/v2\/types\/post"}],"author":[{"embeddable":true,"href":"https:\/\/blogg.svenskakyrkan.se\/akebonnier\/wp-json\/wp\/v2\/users\/108"}],"replies":[{"embeddable":true,"href":"https:\/\/blogg.svenskakyrkan.se\/akebonnier\/wp-json\/wp\/v2\/comments?post=674"}],"version-history":[{"count":7,"href":"https:\/\/blogg.svenskakyrkan.se\/akebonnier\/wp-json\/wp\/v2\/posts\/674\/revisions"}],"predecessor-version":[{"id":693,"href":"https:\/\/blogg.svenskakyrkan.se\/akebonnier\/wp-json\/wp\/v2\/posts\/674\/revisions\/693"}],"wp:attachment":[{"href":"https:\/\/blogg.svenskakyrkan.se\/akebonnier\/wp-json\/wp\/v2\/media?parent=674"}],"wp:term":[{"taxonomy":"category","embeddable":true,"href":"https:\/\/blogg.svenskakyrkan.se\/akebonnier\/wp-json\/wp\/v2\/categories?post=674"},{"taxonomy":"post_tag","embeddable":true,"href":"https:\/\/blogg.svenskakyrkan.se\/akebonnier\/wp-json\/wp\/v2\/tags?post=674"}],"curies":[{"name":"wp","href":"https:\/\/api.w.org\/{rel}","templated":true}]}}