{"id":750,"date":"2012-03-13T17:27:31","date_gmt":"2012-03-13T16:27:31","guid":{"rendered":"http:\/\/blogg.svenskakyrkan.se\/akebonnier\/?p=750"},"modified":"2012-03-13T17:38:45","modified_gmt":"2012-03-13T16:38:45","slug":"skara-stift","status":"publish","type":"post","link":"https:\/\/blogg.svenskakyrkan.se\/akebonnier\/2012\/03\/13\/skara-stift\/","title":{"rendered":"Skara stift"},"content":{"rendered":"<p>Idag \u00e4gde det f\u00f6rsta av tv\u00e5 biskopsval rum i Skara stift och r\u00f6stetalet blev s\u00e5 f\u00f6rdelat att jag fick 278 r\u00f6ster och Staffan Grenstedt 91 r\u00f6ster. \u00d6vriga r\u00f6ster f\u00f6rdelades p\u00e5 de \u00f6vriga kandidaterna i enlighet med det Du kan l\u00e4sa <a title=\"h\u00e4r\" href=\"http:\/\/www.svenskakyrkan.se\/default.aspx?id=868278\">h\u00e4r<\/a>.\u00a0Det betyder att ett nytt biskopsval h\u00e5lls i stiftet den 27 mars d\u00e5 Staffan och jag \u00e4r de tv\u00e5 enda alternativen.<\/p>\n<p>Med detta blogginl\u00e4gg vill jag bara uttrycka min gr\u00e4nsl\u00f6sa gl\u00e4dje och tacksamhet \u00f6ver det f\u00f6rtroende som visats mig! Skulle jag vinna \u00e4ven det sista valet den 27 mars \u00e4r det med stolthet, gl\u00e4dje och \u00f6dmjukhet som jag blir stiftets 83 biskop. Nu vill jag bara uttrycka min stora gl\u00e4dje \u00f6ver att ha kommit s\u00e5 l\u00e5ngt i processen som dagens resultat visar!<\/p>\n<p>Vilken typ av biskop skulle jag d\u00e5 vilja vara om jag vinner ocks\u00e5 den 27 mars?<\/p>\n<p>Jo jag skulle vilja vara en biskop som lyssnar snarare \u00e4n h\u00f6r. Jag vill naturligtvis lyssna in vad medarbetare i f\u00f6rsamlingar och stift, f\u00f6rtroendevalda och anst\u00e4llda men ocks\u00e5 ideella brinner f\u00f6r och \u00f6nskar. Jag vill lyssna till barn- och ungdomsorganisationen Svenska kyrkans Unga f\u00f6r att se hur vi tillsammans skulle kunna f\u00e5 b\u00e5de barn och unga att k\u00e4nna att de \u00e4r viktiga som en del av nutidens kyrka snarare \u00e4n framtidens kyrka.<\/p>\n<p>Att l\u00e4ra \u00e4r viktigt. Som Stockholmare sedan 54 \u00e5r har jag mycket att l\u00e4ra mig av Skara stiftsbor och stiftsmedarbetare p\u00e5 alla niv\u00e5er. Med min erfarenhet som pr\u00e4st i snart 28 \u00e5r och kyrkoherde i en av de st\u00f6rre f\u00f6rsamlingarna i Stockholm (Liding\u00f6 med ca 42.000 boende) och som domprost i en av Stockholms mindre f\u00f6rsamlingar (ca 5000 boende) och med min erfarenhet av stiftsstyrelsearbete och domkapitelarbete, kyrkor\u00e5d och utskott har jag nog\u00a0ocks\u00e5 en del att dela med mig av. Om jag blir biskop blir v\u00e4rnandet av l\u00e4ran viktig p\u00e5 ett s\u00e5dant s\u00e4tt att man i de olika f\u00f6rsamlingarna frimodigt kan tala tydligt om Jesus p\u00e5 m\u00e5nga olika s\u00e4tt beroende p\u00e5 f\u00f6rsamlingens struktur och profil.<\/p>\n<p>Jag vill, om jag blir biskop, vara en ledare eller herde\u00a0som i glad, inspirerande stolthet st\u00e5r upp f\u00f6r Skara stift, v\u00e5gar g\u00e5 i t\u00e4ten men ocks\u00e5 vara en biskop som finns mitt ibland sin &#8221;hjord&#8221; och som kan g\u00e5 sist f\u00f6r att se till att &#8221;hjorden&#8221; vandrar fram\u00e5t och tillsammans.<\/p>\n<p>K\u00e4ra skarastiftare,<\/p>\n<p>Varmt tack f\u00f6r att s\u00e5 m\u00e5nga r\u00f6stade p\u00e5 mig! Om ni vill ha mig s\u00e5 kommer jag, precis som jag sa p\u00e5 hearingen. Och i s\u00e5 fall kommer jag med stor gl\u00e4dje och stort engagemang\u00a0!<\/p>\n","protected":false},"excerpt":{"rendered":"<p>Idag \u00e4gde det f\u00f6rsta av tv\u00e5 biskopsval rum i Skara stift och r\u00f6stetalet blev s\u00e5 f\u00f6rdelat att jag fick 278 r\u00f6ster och Staffan Grenstedt 91 r\u00f6ster. \u00d6vriga r\u00f6ster f\u00f6rdelades p\u00e5 de \u00f6vriga kandidaterna i enlighet med det Du kan l\u00e4sa h\u00e4r.\u00a0Det betyder att ett nytt biskopsval h\u00e5lls i stiftet den 27 mars d\u00e5 Staffan och [&hellip;]<\/p>\n","protected":false},"author":108,"featured_media":0,"comment_status":"open","ping_status":"open","sticky":false,"template":"","format":"standard","meta":{"_acf_changed":false,"footnotes":""},"categories":[9],"tags":[],"class_list":["post-750","post","type-post","status-publish","format-standard","hentry","category-okategoriserade"],"acf":[],"yoast_head":"<!-- This site is optimized with the Yoast SEO plugin v27.1.1 - https:\/\/yoast.com\/product\/yoast-seo-wordpress\/ -->\n<title>Skara stift - \u00c5ke Bonnier<\/title>\n<meta name=\"robots\" content=\"index, follow, max-snippet:-1, max-image-preview:large, max-video-preview:-1\" \/>\n<link rel=\"canonical\" href=\"https:\/\/blogg.svenskakyrkan.se\/akebonnier\/2012\/03\/13\/skara-stift\/\" \/>\n<meta property=\"og:locale\" content=\"sv_SE\" \/>\n<meta property=\"og:type\" content=\"article\" \/>\n<meta property=\"og:title\" content=\"Skara stift - \u00c5ke Bonnier\" \/>\n<meta property=\"og:description\" content=\"Idag \u00e4gde det f\u00f6rsta av tv\u00e5 biskopsval rum i Skara stift och r\u00f6stetalet blev s\u00e5 f\u00f6rdelat att jag fick 278 r\u00f6ster och Staffan Grenstedt 91 r\u00f6ster. \u00d6vriga r\u00f6ster f\u00f6rdelades p\u00e5 de \u00f6vriga kandidaterna i enlighet med det Du kan l\u00e4sa h\u00e4r.\u00a0Det betyder att ett nytt biskopsval h\u00e5lls i stiftet den 27 mars d\u00e5 Staffan och [&hellip;]\" \/>\n<meta property=\"og:url\" content=\"https:\/\/blogg.svenskakyrkan.se\/akebonnier\/2012\/03\/13\/skara-stift\/\" \/>\n<meta property=\"og:site_name\" content=\"\u00c5ke Bonnier\" \/>\n<meta property=\"article:published_time\" content=\"2012-03-13T16:27:31+00:00\" \/>\n<meta property=\"article:modified_time\" content=\"2012-03-13T16:38:45+00:00\" \/>\n<meta name=\"author\" content=\"\u00c5ke Bonnier\" \/>\n<meta name=\"twitter:card\" content=\"summary_large_image\" \/>\n<meta name=\"twitter:label1\" content=\"Skriven av\" \/>\n\t<meta name=\"twitter:data1\" content=\"\u00c5ke Bonnier\" \/>\n\t<meta name=\"twitter:label2\" content=\"Ber\u00e4knad l\u00e4stid\" \/>\n\t<meta name=\"twitter:data2\" content=\"2 minuter\" \/>\n<script type=\"application\/ld+json\" class=\"yoast-schema-graph\">{\"@context\":\"https:\/\/schema.org\",\"@graph\":[{\"@type\":\"Article\",\"@id\":\"https:\/\/blogg.svenskakyrkan.se\/akebonnier\/2012\/03\/13\/skara-stift\/#article\",\"isPartOf\":{\"@id\":\"https:\/\/blogg.svenskakyrkan.se\/akebonnier\/2012\/03\/13\/skara-stift\/\"},\"author\":{\"name\":\"\u00c5ke Bonnier\",\"@id\":\"https:\/\/blogg.svenskakyrkan.se\/akebonnier\/#\/schema\/person\/8db68bc0c94f6a5a62df2d4486ff1343\"},\"headline\":\"Skara stift\",\"datePublished\":\"2012-03-13T16:27:31+00:00\",\"dateModified\":\"2012-03-13T16:38:45+00:00\",\"mainEntityOfPage\":{\"@id\":\"https:\/\/blogg.svenskakyrkan.se\/akebonnier\/2012\/03\/13\/skara-stift\/\"},\"wordCount\":460,\"commentCount\":23,\"inLanguage\":\"sv-SE\",\"potentialAction\":[{\"@type\":\"CommentAction\",\"name\":\"Comment\",\"target\":[\"https:\/\/blogg.svenskakyrkan.se\/akebonnier\/2012\/03\/13\/skara-stift\/#respond\"]}]},{\"@type\":\"WebPage\",\"@id\":\"https:\/\/blogg.svenskakyrkan.se\/akebonnier\/2012\/03\/13\/skara-stift\/\",\"url\":\"https:\/\/blogg.svenskakyrkan.se\/akebonnier\/2012\/03\/13\/skara-stift\/\",\"name\":\"Skara stift - \u00c5ke Bonnier\",\"isPartOf\":{\"@id\":\"https:\/\/blogg.svenskakyrkan.se\/akebonnier\/#website\"},\"datePublished\":\"2012-03-13T16:27:31+00:00\",\"dateModified\":\"2012-03-13T16:38:45+00:00\",\"author\":{\"@id\":\"https:\/\/blogg.svenskakyrkan.se\/akebonnier\/#\/schema\/person\/8db68bc0c94f6a5a62df2d4486ff1343\"},\"breadcrumb\":{\"@id\":\"https:\/\/blogg.svenskakyrkan.se\/akebonnier\/2012\/03\/13\/skara-stift\/#breadcrumb\"},\"inLanguage\":\"sv-SE\",\"potentialAction\":[{\"@type\":\"ReadAction\",\"target\":[\"https:\/\/blogg.svenskakyrkan.se\/akebonnier\/2012\/03\/13\/skara-stift\/\"]}]},{\"@type\":\"BreadcrumbList\",\"@id\":\"https:\/\/blogg.svenskakyrkan.se\/akebonnier\/2012\/03\/13\/skara-stift\/#breadcrumb\",\"itemListElement\":[{\"@type\":\"ListItem\",\"position\":1,\"name\":\"Hem\",\"item\":\"https:\/\/blogg.svenskakyrkan.se\/akebonnier\/\"},{\"@type\":\"ListItem\",\"position\":2,\"name\":\"Skara stift\"}]},{\"@type\":\"WebSite\",\"@id\":\"https:\/\/blogg.svenskakyrkan.se\/akebonnier\/#website\",\"url\":\"https:\/\/blogg.svenskakyrkan.se\/akebonnier\/\",\"name\":\"\u00c5ke Bonnier\",\"description\":\"Biskop i Svenska kyrkan - Skara stift\",\"potentialAction\":[{\"@type\":\"SearchAction\",\"target\":{\"@type\":\"EntryPoint\",\"urlTemplate\":\"https:\/\/blogg.svenskakyrkan.se\/akebonnier\/?s={search_term_string}\"},\"query-input\":{\"@type\":\"PropertyValueSpecification\",\"valueRequired\":true,\"valueName\":\"search_term_string\"}}],\"inLanguage\":\"sv-SE\"},{\"@type\":\"Person\",\"@id\":\"https:\/\/blogg.svenskakyrkan.se\/akebonnier\/#\/schema\/person\/8db68bc0c94f6a5a62df2d4486ff1343\",\"name\":\"\u00c5ke Bonnier\",\"image\":{\"@type\":\"ImageObject\",\"inLanguage\":\"sv-SE\",\"@id\":\"https:\/\/blogg.svenskakyrkan.se\/akebonnier\/#\/schema\/person\/image\/\",\"url\":\"https:\/\/secure.gravatar.com\/avatar\/b88264736bb0bc0d1ea92298aef02c9f98cfc13c7484130c42c663ae484f9462?s=96&d=mm&r=g\",\"contentUrl\":\"https:\/\/secure.gravatar.com\/avatar\/b88264736bb0bc0d1ea92298aef02c9f98cfc13c7484130c42c663ae484f9462?s=96&d=mm&r=g\",\"caption\":\"\u00c5ke Bonnier\"},\"description\":\"Jag \u00e4r gift och har tv\u00e5 vuxna d\u00f6ttrar. Pr\u00e4stvigdes 1984 och biskopsvigs 26 augusti 2012 . Jag har tidigare bland annat varit, komminister och kyrkoherde i Liding\u00f6 f\u00f6rsamling och domprost i Stockholms domkyrkof\u00f6rsamling. Jag \u00e4r intresserad av konst, litteratur, teater, film. Jag tr\u00e4nar regelbundet p\u00e5 gym. Mitt huvudsakliga musikintresse \u00e4r klassisk musik men ocks\u00e5 Beatles, Elvis Presley, Monika Zettelund, Povel Ramel och m\u00e5nga andra tycker jag om att lyssna p\u00e5. Jag l\u00e4ser f\u00f6r lite sk\u00f6nlitteratur beroende p\u00e5 annat som jag m\u00e5ste l\u00e4sa i mitt uppdrag som biskop. Men jag \u00e4lskar b\u00f6cker. Naturligtvis l\u00e4ser jag n\u00e4st intill dagligdags i \\\"B\u00f6ckernas Bok.\\\"\",\"sameAs\":[\"http:\/\/www.skarastift.se\"],\"url\":\"https:\/\/blogg.svenskakyrkan.se\/akebonnier\/author\/akebonnier\/\"}]}<\/script>\n<!-- \/ Yoast SEO plugin. -->","yoast_head_json":{"title":"Skara stift - \u00c5ke Bonnier","robots":{"index":"index","follow":"follow","max-snippet":"max-snippet:-1","max-image-preview":"max-image-preview:large","max-video-preview":"max-video-preview:-1"},"canonical":"https:\/\/blogg.svenskakyrkan.se\/akebonnier\/2012\/03\/13\/skara-stift\/","og_locale":"sv_SE","og_type":"article","og_title":"Skara stift - \u00c5ke Bonnier","og_description":"Idag \u00e4gde det f\u00f6rsta av tv\u00e5 biskopsval rum i Skara stift och r\u00f6stetalet blev s\u00e5 f\u00f6rdelat att jag fick 278 r\u00f6ster och Staffan Grenstedt 91 r\u00f6ster. \u00d6vriga r\u00f6ster f\u00f6rdelades p\u00e5 de \u00f6vriga kandidaterna i enlighet med det Du kan l\u00e4sa h\u00e4r.\u00a0Det betyder att ett nytt biskopsval h\u00e5lls i stiftet den 27 mars d\u00e5 Staffan och [&hellip;]","og_url":"https:\/\/blogg.svenskakyrkan.se\/akebonnier\/2012\/03\/13\/skara-stift\/","og_site_name":"\u00c5ke Bonnier","article_published_time":"2012-03-13T16:27:31+00:00","article_modified_time":"2012-03-13T16:38:45+00:00","author":"\u00c5ke Bonnier","twitter_card":"summary_large_image","twitter_misc":{"Skriven av":"\u00c5ke Bonnier","Ber\u00e4knad l\u00e4stid":"2 minuter"},"schema":{"@context":"https:\/\/schema.org","@graph":[{"@type":"Article","@id":"https:\/\/blogg.svenskakyrkan.se\/akebonnier\/2012\/03\/13\/skara-stift\/#article","isPartOf":{"@id":"https:\/\/blogg.svenskakyrkan.se\/akebonnier\/2012\/03\/13\/skara-stift\/"},"author":{"name":"\u00c5ke Bonnier","@id":"https:\/\/blogg.svenskakyrkan.se\/akebonnier\/#\/schema\/person\/8db68bc0c94f6a5a62df2d4486ff1343"},"headline":"Skara stift","datePublished":"2012-03-13T16:27:31+00:00","dateModified":"2012-03-13T16:38:45+00:00","mainEntityOfPage":{"@id":"https:\/\/blogg.svenskakyrkan.se\/akebonnier\/2012\/03\/13\/skara-stift\/"},"wordCount":460,"commentCount":23,"inLanguage":"sv-SE","potentialAction":[{"@type":"CommentAction","name":"Comment","target":["https:\/\/blogg.svenskakyrkan.se\/akebonnier\/2012\/03\/13\/skara-stift\/#respond"]}]},{"@type":"WebPage","@id":"https:\/\/blogg.svenskakyrkan.se\/akebonnier\/2012\/03\/13\/skara-stift\/","url":"https:\/\/blogg.svenskakyrkan.se\/akebonnier\/2012\/03\/13\/skara-stift\/","name":"Skara stift - \u00c5ke Bonnier","isPartOf":{"@id":"https:\/\/blogg.svenskakyrkan.se\/akebonnier\/#website"},"datePublished":"2012-03-13T16:27:31+00:00","dateModified":"2012-03-13T16:38:45+00:00","author":{"@id":"https:\/\/blogg.svenskakyrkan.se\/akebonnier\/#\/schema\/person\/8db68bc0c94f6a5a62df2d4486ff1343"},"breadcrumb":{"@id":"https:\/\/blogg.svenskakyrkan.se\/akebonnier\/2012\/03\/13\/skara-stift\/#breadcrumb"},"inLanguage":"sv-SE","potentialAction":[{"@type":"ReadAction","target":["https:\/\/blogg.svenskakyrkan.se\/akebonnier\/2012\/03\/13\/skara-stift\/"]}]},{"@type":"BreadcrumbList","@id":"https:\/\/blogg.svenskakyrkan.se\/akebonnier\/2012\/03\/13\/skara-stift\/#breadcrumb","itemListElement":[{"@type":"ListItem","position":1,"name":"Hem","item":"https:\/\/blogg.svenskakyrkan.se\/akebonnier\/"},{"@type":"ListItem","position":2,"name":"Skara stift"}]},{"@type":"WebSite","@id":"https:\/\/blogg.svenskakyrkan.se\/akebonnier\/#website","url":"https:\/\/blogg.svenskakyrkan.se\/akebonnier\/","name":"\u00c5ke Bonnier","description":"Biskop i Svenska kyrkan - Skara stift","potentialAction":[{"@type":"SearchAction","target":{"@type":"EntryPoint","urlTemplate":"https:\/\/blogg.svenskakyrkan.se\/akebonnier\/?s={search_term_string}"},"query-input":{"@type":"PropertyValueSpecification","valueRequired":true,"valueName":"search_term_string"}}],"inLanguage":"sv-SE"},{"@type":"Person","@id":"https:\/\/blogg.svenskakyrkan.se\/akebonnier\/#\/schema\/person\/8db68bc0c94f6a5a62df2d4486ff1343","name":"\u00c5ke Bonnier","image":{"@type":"ImageObject","inLanguage":"sv-SE","@id":"https:\/\/blogg.svenskakyrkan.se\/akebonnier\/#\/schema\/person\/image\/","url":"https:\/\/secure.gravatar.com\/avatar\/b88264736bb0bc0d1ea92298aef02c9f98cfc13c7484130c42c663ae484f9462?s=96&d=mm&r=g","contentUrl":"https:\/\/secure.gravatar.com\/avatar\/b88264736bb0bc0d1ea92298aef02c9f98cfc13c7484130c42c663ae484f9462?s=96&d=mm&r=g","caption":"\u00c5ke Bonnier"},"description":"Jag \u00e4r gift och har tv\u00e5 vuxna d\u00f6ttrar. Pr\u00e4stvigdes 1984 och biskopsvigs 26 augusti 2012 . Jag har tidigare bland annat varit, komminister och kyrkoherde i Liding\u00f6 f\u00f6rsamling och domprost i Stockholms domkyrkof\u00f6rsamling. Jag \u00e4r intresserad av konst, litteratur, teater, film. Jag tr\u00e4nar regelbundet p\u00e5 gym. Mitt huvudsakliga musikintresse \u00e4r klassisk musik men ocks\u00e5 Beatles, Elvis Presley, Monika Zettelund, Povel Ramel och m\u00e5nga andra tycker jag om att lyssna p\u00e5. Jag l\u00e4ser f\u00f6r lite sk\u00f6nlitteratur beroende p\u00e5 annat som jag m\u00e5ste l\u00e4sa i mitt uppdrag som biskop. Men jag \u00e4lskar b\u00f6cker. Naturligtvis l\u00e4ser jag n\u00e4st intill dagligdags i \"B\u00f6ckernas Bok.\"","sameAs":["http:\/\/www.skarastift.se"],"url":"https:\/\/blogg.svenskakyrkan.se\/akebonnier\/author\/akebonnier\/"}]}},"author_meta":{"ID":"108","user_nicename":"akebonnier","user_url":"http:\/\/www.skarastift.se","user_registered":"2011-10-11 09:24:48","display_name":"\u00c5ke Bonnier","first_name":"\u00c5ke","last_name":"Bonnier","avatar":"https:\/\/secure.gravatar.com\/avatar\/b88264736bb0bc0d1ea92298aef02c9f98cfc13c7484130c42c663ae484f9462?s=96&d=mm&r=g"},"featured_image":false,"bloginfo":{"name":"\u00c5ke Bonnier","url":"https:\/\/blogg.svenskakyrkan.se\/akebonnier"},"_links":{"self":[{"href":"https:\/\/blogg.svenskakyrkan.se\/akebonnier\/wp-json\/wp\/v2\/posts\/750","targetHints":{"allow":["GET"]}}],"collection":[{"href":"https:\/\/blogg.svenskakyrkan.se\/akebonnier\/wp-json\/wp\/v2\/posts"}],"about":[{"href":"https:\/\/blogg.svenskakyrkan.se\/akebonnier\/wp-json\/wp\/v2\/types\/post"}],"author":[{"embeddable":true,"href":"https:\/\/blogg.svenskakyrkan.se\/akebonnier\/wp-json\/wp\/v2\/users\/108"}],"replies":[{"embeddable":true,"href":"https:\/\/blogg.svenskakyrkan.se\/akebonnier\/wp-json\/wp\/v2\/comments?post=750"}],"version-history":[{"count":3,"href":"https:\/\/blogg.svenskakyrkan.se\/akebonnier\/wp-json\/wp\/v2\/posts\/750\/revisions"}],"predecessor-version":[{"id":754,"href":"https:\/\/blogg.svenskakyrkan.se\/akebonnier\/wp-json\/wp\/v2\/posts\/750\/revisions\/754"}],"wp:attachment":[{"href":"https:\/\/blogg.svenskakyrkan.se\/akebonnier\/wp-json\/wp\/v2\/media?parent=750"}],"wp:term":[{"taxonomy":"category","embeddable":true,"href":"https:\/\/blogg.svenskakyrkan.se\/akebonnier\/wp-json\/wp\/v2\/categories?post=750"},{"taxonomy":"post_tag","embeddable":true,"href":"https:\/\/blogg.svenskakyrkan.se\/akebonnier\/wp-json\/wp\/v2\/tags?post=750"}],"curies":[{"name":"wp","href":"https:\/\/api.w.org\/{rel}","templated":true}]}}