{"id":766,"date":"2012-03-18T21:51:14","date_gmt":"2012-03-18T20:51:14","guid":{"rendered":"http:\/\/blogg.svenskakyrkan.se\/akebonnier\/?p=766"},"modified":"2012-03-19T10:06:51","modified_gmt":"2012-03-19T09:06:51","slug":"hoc-est","status":"publish","type":"post","link":"https:\/\/blogg.svenskakyrkan.se\/akebonnier\/2012\/03\/18\/hoc-est\/","title":{"rendered":"Hoc est&#8230;"},"content":{"rendered":"<p>Orden \u00e4r Martin Luthers eller egentligen h\u00e4mtade fr\u00e5n den d\u00e5varande nattvarsliturgin p\u00e5 latin &#8211; vars betydelse naturligtvis var viktig f\u00f6r honom. De latinska orden betyder &#8221;Detta \u00e4r&#8221;\u00a0och handlar om nattvardens mysterium.\u00a0Orden &#8221;Hoc est&#8230;&#8221;\u00a0\u00a0passar bra idag\u00a0och under \u00a0denna vecka d\u00e5 kyrko\u00e5rstemat \u00e4r <em>Livets br\u00f6d<\/em>. Idag har s\u00e4kerligen m\u00e4ssor firats i de allra flesta svenskkyrkliga pastoraten. Livets br\u00f6d\u00a0 ges oss i nattvardens mysterium. Jag bek\u00e4nner att nattvardens br\u00f6d och vin <em>inte symboliserar <\/em>Kristi kropp och blod utan <em><strong>\u00e4r <\/strong>Kristi kropp och blod<\/em>. Det \u00e4r Jesus Kristus sj\u00e4lv som vi p\u00e5 ett unikt s\u00e4tt m\u00f6ter i nattvardens mysterium. <em>Kristi kropp f\u00f6r Dig utgiven. Kristi blod f\u00f6r Dig utgjutet.<\/em> F\u00f6r Martin Luther var Kristi realpresens viktig. Han s\u00e4ger i sin stora katekes:<em> Vad \u00e4r nu altarets sakrament? Svar: Det \u00e4r Herren Kristi sanna lekamen\u00a0 och blod i och under br\u00f6d och vin, genom Kristi ord oss kristna f\u00f6rordnat till att \u00e4ta och dricka. <\/em>F\u00f6r mig \u00e4r m\u00e4ssan viktig och jag skulle \u00f6nska att fler m\u00e4nniskor kunde hitta fram till detta livets br\u00f6d. Det handlar egentligen inte om hur mycket vi tror eller hur mycket vi kan. Det handlar inte om att vara v\u00e4rdig. Ingen \u00e4r v\u00e4rdig. Inte jag, inte \u00a0heller den frommaste bland fromma. Nattvardens br\u00f6d och vin\u00a0 \u00e4r ett n\u00e5demedel. Det \u00e4r Guds n\u00e5d det handlar om i konkret form. Nattvarden \u00e4r p\u00e5 det viset ett k\u00e4rlekstecken. S\u00e5 \u00e4lskar Gud Dig och mig att Gud m\u00f6ter oss som en smak p\u00e5 v\u00e5r tunga. S\u00e5 n\u00e4ra \u00e4r Jesus Kristus.\u00a0 Br\u00f6dets och vinets sakrament, altarets sakrament, \u00e4r en m\u00e5ltid vi beh\u00f6ver f\u00f6r v\u00e5rt dagliga liv. Det ger Dig och mig kraft att orka med vardagens alla g\u00f6rom\u00e5l.<\/p>\n<p>Det heliga sakramentet \u00e4r ocks\u00e5 det djupaste uttrycket f\u00f6r syndernas f\u00f6rl\u00e5telse. Kristus, som m\u00f6ter oss i br\u00f6dets och vinets mysterium, var och \u00e4r den som bar allt det som vi misslyckades med, misslyckas med och kommer att misslyckas med. Han bar\u00a0allt detta \u00a0p\u00e5 korset. Allt har han burit f\u00f6r att vi, n\u00e4r vi \u00f6ppnar oss f\u00f6r Hans n\u00e5d, ska kunna ta emot syndernas f\u00f6rl\u00e5telse, Guds uppr\u00e4ttelse och Guds bekr\u00e4ftelse av Dig och mig. N\u00e4r vi tar emot Kristi kropp och blod i m\u00e4ssan \u00e4r det allts\u00e5 ett uttryck f\u00f6r Guds uppr\u00e4ttande k\u00e4rlek till l\u00e4kedom och f\u00f6rnyad kraft. T\u00e4nk s\u00e5 fantastiskt!<\/p>\n<p>N\u00e4r vi firar m\u00e4ssan g\u00f6r vi det inte bara lokalt utan ocks\u00e5 som en del av den v\u00e4rldsvida kristna kyrkan med den uppst\u00e5ndne och levande Kristus mitt ibland oss. N\u00e5gonstans p\u00e5 jorden firas m\u00e4ssans mysterium just nu och kanske g\u00e5r Du sj\u00e4lv till en m\u00e4ssa nu i veckan eller kommande s\u00f6ndag. Jag ska fira m\u00e4ssa nu p\u00e5 onsdag morgon i Storkyrkan (08.30 &#8211; v\u00e4lkommen att vara med i Olaus Petrikapellet). D\u00e4r f\u00e5r jag p\u00e5minna mig om gemenskapen med mina kristna br\u00f6der och systrar &#8211; en gemenskap som spr\u00e4nger alla gr\u00e4nser. Jo, jag vet att mina katolska br\u00f6der och systrar inte f\u00e5r (f\u00f6r sin egen kyrka)ta emot nattvardens g\u00e5vor av en luthersk pr\u00e4st och att jag som lutheran inte kan ta emot det konsekrerade br\u00f6det av en katolsk pr\u00e4st annat \u00e4n undantagsvis. Jag vet att vi har regler som g\u00e4ller just nu och dem ska vi vara lojala mot. Men \u00e4nd\u00e5 &#8211; trots olika ordningar, trots n\u00e5got olika nattvardsteologier (mellan den katolska nattvardssynen och den evangelisk lutherska skiljer inte s\u00e5 mycket&#8230;) finns det inget som kan skilja mig fr\u00e5n mina katolska syskon, pingstv\u00e4nssyskon, missionskyrkosyskon, metodistsyskon, baptistsyskon etc. N\u00e4r jag tar emot Kristi kropp och blod &#8211; blir det en p\u00e5minnelse att trots att en del \u00e5terst\u00e5r p\u00e5 den ekumeniska v\u00e4gen, \u00e4r vi br\u00f6der och systrar i samma familj med Jesus Kristus som v\u00e5r gemensamma Herre och broder. Sedan \u00e4r det sm\u00e4rtsamt att vi \u00e4nnu inte fullt ut kan dela en kyrkogemenskap i m\u00e5ngald. \u00c4nnu..!<\/p>\n<p>N\u00e4r vi firar m\u00e4ssan och br\u00f6det r\u00e4cks och vinet delas f\u00e5r jag ta emot bekr\u00e4ftelsens tecken. Jag \u00e4r \u00e4lskad som den jag \u00e4r, jag \u00e4r \u00e4lskad med min djupaste identitet utan att jag beh\u00f6ver f\u00f6rst\u00e4lla mig, g\u00f6ra om mig till n\u00e5gon annan f\u00f6r n\u00e5gon annans skull, f\u00f6r att passa in, f\u00f6r att uppfylla vad andra \u00f6nskar. Det g\u00e4ller Dig. Det g\u00e4ller mig. <em>F\u00f6r Dig utgiven! F\u00f6r Dig utgjutet!<\/em><\/p>\n<p>S\u00e5 delas br\u00f6det och vinet till var och en som \u00e4r med och alla f\u00e5r. Det \u00e4r en utmaning till mig. Jag f\u00e5r dela mitt br\u00f6d med min medsyster och medbroder som inte har n\u00e5got br\u00f6d. Jag f\u00e5r ge den som \u00e4r t\u00f6rstig att dricka bara f\u00f6r att hon eller han &#8211; oavsett vem och oavsett var, \u00e4r en medm\u00e4nniska. Jag t\u00e4nker p\u00e5 Stig Dagermans underbara ord:<\/p>\n<p><em>Jorden kan du inte g\u00f6ra om.<\/em><br \/>\n<em>Stilla din h\u00e4ftiga sj\u00e4l.<\/em><br \/>\n<em>Endast en sak kan du <\/em><br \/>\n<em>g\u00f6ra:<\/em><br \/>\n<em>en annan m\u00e4nniska v\u00e4l.<\/em><br \/>\n<em>Men detta \u00e4r redan s\u00e5 mycket<\/em><br \/>\n<em>att sj\u00e4lva <\/em><br \/>\n<em>stj\u00e4rnorna ler.<\/em><br \/>\n<em>En hungrande m\u00e4nniska mindre<\/em><br \/>\n<em>betyder en broder mer.<\/em><\/p>\n<p>Det f\u00e5r jag leva konkret och nattvardsm\u00e5ltiden s\u00e4nder mig ut i v\u00e5r v\u00e4rld <em>med fred och br\u00f6d \u00e5t alla<\/em>! (Psalm 288 i Den Svenska Psalmboken)<\/p>\n<p>Du och jag beh\u00f6ver altarets sakrament &#8211; det heliga bordets g\u00e5vor. &#8221;Ordet och Bordet&#8221; \u00e4r centralt f\u00f6r oss som tillh\u00f6r den evangelisk lutherska kyrkofamiljen.<\/p>\n<p>Ordet och Bordet h\u00f6r ihop och ger kraft f\u00f6r livet &#8211; Livets br\u00f6d.<\/p>\n<p>Hoc est..! Tack gode Gud!<\/p>\n","protected":false},"excerpt":{"rendered":"<p>Orden \u00e4r Martin Luthers eller egentligen h\u00e4mtade fr\u00e5n den d\u00e5varande nattvarsliturgin p\u00e5 latin &#8211; vars betydelse naturligtvis var viktig f\u00f6r honom. De latinska orden betyder &#8221;Detta \u00e4r&#8221;\u00a0och handlar om nattvardens mysterium.\u00a0Orden &#8221;Hoc est&#8230;&#8221;\u00a0\u00a0passar bra idag\u00a0och under \u00a0denna vecka d\u00e5 kyrko\u00e5rstemat \u00e4r Livets br\u00f6d. Idag har s\u00e4kerligen m\u00e4ssor firats i de allra flesta svenskkyrkliga pastoraten. Livets [&hellip;]<\/p>\n","protected":false},"author":108,"featured_media":0,"comment_status":"open","ping_status":"open","sticky":false,"template":"","format":"standard","meta":{"_acf_changed":false,"footnotes":""},"categories":[9],"tags":[],"class_list":["post-766","post","type-post","status-publish","format-standard","hentry","category-okategoriserade"],"acf":[],"yoast_head":"<!-- This site is optimized with the Yoast SEO plugin v27.1.1 - https:\/\/yoast.com\/product\/yoast-seo-wordpress\/ -->\n<title>Hoc est... - \u00c5ke Bonnier<\/title>\n<meta name=\"robots\" content=\"index, follow, max-snippet:-1, max-image-preview:large, max-video-preview:-1\" \/>\n<link rel=\"canonical\" href=\"https:\/\/blogg.svenskakyrkan.se\/akebonnier\/2012\/03\/18\/hoc-est\/\" \/>\n<meta property=\"og:locale\" content=\"sv_SE\" \/>\n<meta property=\"og:type\" content=\"article\" \/>\n<meta property=\"og:title\" content=\"Hoc est... - \u00c5ke Bonnier\" \/>\n<meta property=\"og:description\" content=\"Orden \u00e4r Martin Luthers eller egentligen h\u00e4mtade fr\u00e5n den d\u00e5varande nattvarsliturgin p\u00e5 latin &#8211; vars betydelse naturligtvis var viktig f\u00f6r honom. De latinska orden betyder &#8221;Detta \u00e4r&#8221;\u00a0och handlar om nattvardens mysterium.\u00a0Orden &#8221;Hoc est&#8230;&#8221;\u00a0\u00a0passar bra idag\u00a0och under \u00a0denna vecka d\u00e5 kyrko\u00e5rstemat \u00e4r Livets br\u00f6d. Idag har s\u00e4kerligen m\u00e4ssor firats i de allra flesta svenskkyrkliga pastoraten. Livets [&hellip;]\" \/>\n<meta property=\"og:url\" content=\"https:\/\/blogg.svenskakyrkan.se\/akebonnier\/2012\/03\/18\/hoc-est\/\" \/>\n<meta property=\"og:site_name\" content=\"\u00c5ke Bonnier\" \/>\n<meta property=\"article:published_time\" content=\"2012-03-18T20:51:14+00:00\" \/>\n<meta property=\"article:modified_time\" content=\"2012-03-19T09:06:51+00:00\" \/>\n<meta name=\"author\" content=\"\u00c5ke Bonnier\" \/>\n<meta name=\"twitter:card\" content=\"summary_large_image\" \/>\n<meta name=\"twitter:label1\" content=\"Skriven av\" \/>\n\t<meta name=\"twitter:data1\" content=\"\u00c5ke Bonnier\" \/>\n\t<meta name=\"twitter:label2\" content=\"Ber\u00e4knad l\u00e4stid\" \/>\n\t<meta name=\"twitter:data2\" content=\"5 minuter\" \/>\n<script type=\"application\/ld+json\" class=\"yoast-schema-graph\">{\"@context\":\"https:\/\/schema.org\",\"@graph\":[{\"@type\":\"Article\",\"@id\":\"https:\/\/blogg.svenskakyrkan.se\/akebonnier\/2012\/03\/18\/hoc-est\/#article\",\"isPartOf\":{\"@id\":\"https:\/\/blogg.svenskakyrkan.se\/akebonnier\/2012\/03\/18\/hoc-est\/\"},\"author\":{\"name\":\"\u00c5ke Bonnier\",\"@id\":\"https:\/\/blogg.svenskakyrkan.se\/akebonnier\/#\/schema\/person\/8db68bc0c94f6a5a62df2d4486ff1343\"},\"headline\":\"Hoc est&#8230;\",\"datePublished\":\"2012-03-18T20:51:14+00:00\",\"dateModified\":\"2012-03-19T09:06:51+00:00\",\"mainEntityOfPage\":{\"@id\":\"https:\/\/blogg.svenskakyrkan.se\/akebonnier\/2012\/03\/18\/hoc-est\/\"},\"wordCount\":1012,\"commentCount\":9,\"inLanguage\":\"sv-SE\",\"potentialAction\":[{\"@type\":\"CommentAction\",\"name\":\"Comment\",\"target\":[\"https:\/\/blogg.svenskakyrkan.se\/akebonnier\/2012\/03\/18\/hoc-est\/#respond\"]}]},{\"@type\":\"WebPage\",\"@id\":\"https:\/\/blogg.svenskakyrkan.se\/akebonnier\/2012\/03\/18\/hoc-est\/\",\"url\":\"https:\/\/blogg.svenskakyrkan.se\/akebonnier\/2012\/03\/18\/hoc-est\/\",\"name\":\"Hoc est... - \u00c5ke Bonnier\",\"isPartOf\":{\"@id\":\"https:\/\/blogg.svenskakyrkan.se\/akebonnier\/#website\"},\"datePublished\":\"2012-03-18T20:51:14+00:00\",\"dateModified\":\"2012-03-19T09:06:51+00:00\",\"author\":{\"@id\":\"https:\/\/blogg.svenskakyrkan.se\/akebonnier\/#\/schema\/person\/8db68bc0c94f6a5a62df2d4486ff1343\"},\"breadcrumb\":{\"@id\":\"https:\/\/blogg.svenskakyrkan.se\/akebonnier\/2012\/03\/18\/hoc-est\/#breadcrumb\"},\"inLanguage\":\"sv-SE\",\"potentialAction\":[{\"@type\":\"ReadAction\",\"target\":[\"https:\/\/blogg.svenskakyrkan.se\/akebonnier\/2012\/03\/18\/hoc-est\/\"]}]},{\"@type\":\"BreadcrumbList\",\"@id\":\"https:\/\/blogg.svenskakyrkan.se\/akebonnier\/2012\/03\/18\/hoc-est\/#breadcrumb\",\"itemListElement\":[{\"@type\":\"ListItem\",\"position\":1,\"name\":\"Hem\",\"item\":\"https:\/\/blogg.svenskakyrkan.se\/akebonnier\/\"},{\"@type\":\"ListItem\",\"position\":2,\"name\":\"Hoc est&#8230;\"}]},{\"@type\":\"WebSite\",\"@id\":\"https:\/\/blogg.svenskakyrkan.se\/akebonnier\/#website\",\"url\":\"https:\/\/blogg.svenskakyrkan.se\/akebonnier\/\",\"name\":\"\u00c5ke Bonnier\",\"description\":\"Biskop i Svenska kyrkan - Skara stift\",\"potentialAction\":[{\"@type\":\"SearchAction\",\"target\":{\"@type\":\"EntryPoint\",\"urlTemplate\":\"https:\/\/blogg.svenskakyrkan.se\/akebonnier\/?s={search_term_string}\"},\"query-input\":{\"@type\":\"PropertyValueSpecification\",\"valueRequired\":true,\"valueName\":\"search_term_string\"}}],\"inLanguage\":\"sv-SE\"},{\"@type\":\"Person\",\"@id\":\"https:\/\/blogg.svenskakyrkan.se\/akebonnier\/#\/schema\/person\/8db68bc0c94f6a5a62df2d4486ff1343\",\"name\":\"\u00c5ke Bonnier\",\"image\":{\"@type\":\"ImageObject\",\"inLanguage\":\"sv-SE\",\"@id\":\"https:\/\/blogg.svenskakyrkan.se\/akebonnier\/#\/schema\/person\/image\/\",\"url\":\"https:\/\/secure.gravatar.com\/avatar\/b88264736bb0bc0d1ea92298aef02c9f98cfc13c7484130c42c663ae484f9462?s=96&d=mm&r=g\",\"contentUrl\":\"https:\/\/secure.gravatar.com\/avatar\/b88264736bb0bc0d1ea92298aef02c9f98cfc13c7484130c42c663ae484f9462?s=96&d=mm&r=g\",\"caption\":\"\u00c5ke Bonnier\"},\"description\":\"Jag \u00e4r gift och har tv\u00e5 vuxna d\u00f6ttrar. Pr\u00e4stvigdes 1984 och biskopsvigs 26 augusti 2012 . Jag har tidigare bland annat varit, komminister och kyrkoherde i Liding\u00f6 f\u00f6rsamling och domprost i Stockholms domkyrkof\u00f6rsamling. Jag \u00e4r intresserad av konst, litteratur, teater, film. Jag tr\u00e4nar regelbundet p\u00e5 gym. Mitt huvudsakliga musikintresse \u00e4r klassisk musik men ocks\u00e5 Beatles, Elvis Presley, Monika Zettelund, Povel Ramel och m\u00e5nga andra tycker jag om att lyssna p\u00e5. Jag l\u00e4ser f\u00f6r lite sk\u00f6nlitteratur beroende p\u00e5 annat som jag m\u00e5ste l\u00e4sa i mitt uppdrag som biskop. Men jag \u00e4lskar b\u00f6cker. Naturligtvis l\u00e4ser jag n\u00e4st intill dagligdags i \\\"B\u00f6ckernas Bok.\\\"\",\"sameAs\":[\"http:\/\/www.skarastift.se\"],\"url\":\"https:\/\/blogg.svenskakyrkan.se\/akebonnier\/author\/akebonnier\/\"}]}<\/script>\n<!-- \/ Yoast SEO plugin. -->","yoast_head_json":{"title":"Hoc est... - \u00c5ke Bonnier","robots":{"index":"index","follow":"follow","max-snippet":"max-snippet:-1","max-image-preview":"max-image-preview:large","max-video-preview":"max-video-preview:-1"},"canonical":"https:\/\/blogg.svenskakyrkan.se\/akebonnier\/2012\/03\/18\/hoc-est\/","og_locale":"sv_SE","og_type":"article","og_title":"Hoc est... - \u00c5ke Bonnier","og_description":"Orden \u00e4r Martin Luthers eller egentligen h\u00e4mtade fr\u00e5n den d\u00e5varande nattvarsliturgin p\u00e5 latin &#8211; vars betydelse naturligtvis var viktig f\u00f6r honom. De latinska orden betyder &#8221;Detta \u00e4r&#8221;\u00a0och handlar om nattvardens mysterium.\u00a0Orden &#8221;Hoc est&#8230;&#8221;\u00a0\u00a0passar bra idag\u00a0och under \u00a0denna vecka d\u00e5 kyrko\u00e5rstemat \u00e4r Livets br\u00f6d. Idag har s\u00e4kerligen m\u00e4ssor firats i de allra flesta svenskkyrkliga pastoraten. Livets [&hellip;]","og_url":"https:\/\/blogg.svenskakyrkan.se\/akebonnier\/2012\/03\/18\/hoc-est\/","og_site_name":"\u00c5ke Bonnier","article_published_time":"2012-03-18T20:51:14+00:00","article_modified_time":"2012-03-19T09:06:51+00:00","author":"\u00c5ke Bonnier","twitter_card":"summary_large_image","twitter_misc":{"Skriven av":"\u00c5ke Bonnier","Ber\u00e4knad l\u00e4stid":"5 minuter"},"schema":{"@context":"https:\/\/schema.org","@graph":[{"@type":"Article","@id":"https:\/\/blogg.svenskakyrkan.se\/akebonnier\/2012\/03\/18\/hoc-est\/#article","isPartOf":{"@id":"https:\/\/blogg.svenskakyrkan.se\/akebonnier\/2012\/03\/18\/hoc-est\/"},"author":{"name":"\u00c5ke Bonnier","@id":"https:\/\/blogg.svenskakyrkan.se\/akebonnier\/#\/schema\/person\/8db68bc0c94f6a5a62df2d4486ff1343"},"headline":"Hoc est&#8230;","datePublished":"2012-03-18T20:51:14+00:00","dateModified":"2012-03-19T09:06:51+00:00","mainEntityOfPage":{"@id":"https:\/\/blogg.svenskakyrkan.se\/akebonnier\/2012\/03\/18\/hoc-est\/"},"wordCount":1012,"commentCount":9,"inLanguage":"sv-SE","potentialAction":[{"@type":"CommentAction","name":"Comment","target":["https:\/\/blogg.svenskakyrkan.se\/akebonnier\/2012\/03\/18\/hoc-est\/#respond"]}]},{"@type":"WebPage","@id":"https:\/\/blogg.svenskakyrkan.se\/akebonnier\/2012\/03\/18\/hoc-est\/","url":"https:\/\/blogg.svenskakyrkan.se\/akebonnier\/2012\/03\/18\/hoc-est\/","name":"Hoc est... - \u00c5ke Bonnier","isPartOf":{"@id":"https:\/\/blogg.svenskakyrkan.se\/akebonnier\/#website"},"datePublished":"2012-03-18T20:51:14+00:00","dateModified":"2012-03-19T09:06:51+00:00","author":{"@id":"https:\/\/blogg.svenskakyrkan.se\/akebonnier\/#\/schema\/person\/8db68bc0c94f6a5a62df2d4486ff1343"},"breadcrumb":{"@id":"https:\/\/blogg.svenskakyrkan.se\/akebonnier\/2012\/03\/18\/hoc-est\/#breadcrumb"},"inLanguage":"sv-SE","potentialAction":[{"@type":"ReadAction","target":["https:\/\/blogg.svenskakyrkan.se\/akebonnier\/2012\/03\/18\/hoc-est\/"]}]},{"@type":"BreadcrumbList","@id":"https:\/\/blogg.svenskakyrkan.se\/akebonnier\/2012\/03\/18\/hoc-est\/#breadcrumb","itemListElement":[{"@type":"ListItem","position":1,"name":"Hem","item":"https:\/\/blogg.svenskakyrkan.se\/akebonnier\/"},{"@type":"ListItem","position":2,"name":"Hoc est&#8230;"}]},{"@type":"WebSite","@id":"https:\/\/blogg.svenskakyrkan.se\/akebonnier\/#website","url":"https:\/\/blogg.svenskakyrkan.se\/akebonnier\/","name":"\u00c5ke Bonnier","description":"Biskop i Svenska kyrkan - Skara stift","potentialAction":[{"@type":"SearchAction","target":{"@type":"EntryPoint","urlTemplate":"https:\/\/blogg.svenskakyrkan.se\/akebonnier\/?s={search_term_string}"},"query-input":{"@type":"PropertyValueSpecification","valueRequired":true,"valueName":"search_term_string"}}],"inLanguage":"sv-SE"},{"@type":"Person","@id":"https:\/\/blogg.svenskakyrkan.se\/akebonnier\/#\/schema\/person\/8db68bc0c94f6a5a62df2d4486ff1343","name":"\u00c5ke Bonnier","image":{"@type":"ImageObject","inLanguage":"sv-SE","@id":"https:\/\/blogg.svenskakyrkan.se\/akebonnier\/#\/schema\/person\/image\/","url":"https:\/\/secure.gravatar.com\/avatar\/b88264736bb0bc0d1ea92298aef02c9f98cfc13c7484130c42c663ae484f9462?s=96&d=mm&r=g","contentUrl":"https:\/\/secure.gravatar.com\/avatar\/b88264736bb0bc0d1ea92298aef02c9f98cfc13c7484130c42c663ae484f9462?s=96&d=mm&r=g","caption":"\u00c5ke Bonnier"},"description":"Jag \u00e4r gift och har tv\u00e5 vuxna d\u00f6ttrar. Pr\u00e4stvigdes 1984 och biskopsvigs 26 augusti 2012 . Jag har tidigare bland annat varit, komminister och kyrkoherde i Liding\u00f6 f\u00f6rsamling och domprost i Stockholms domkyrkof\u00f6rsamling. Jag \u00e4r intresserad av konst, litteratur, teater, film. Jag tr\u00e4nar regelbundet p\u00e5 gym. Mitt huvudsakliga musikintresse \u00e4r klassisk musik men ocks\u00e5 Beatles, Elvis Presley, Monika Zettelund, Povel Ramel och m\u00e5nga andra tycker jag om att lyssna p\u00e5. Jag l\u00e4ser f\u00f6r lite sk\u00f6nlitteratur beroende p\u00e5 annat som jag m\u00e5ste l\u00e4sa i mitt uppdrag som biskop. Men jag \u00e4lskar b\u00f6cker. Naturligtvis l\u00e4ser jag n\u00e4st intill dagligdags i \"B\u00f6ckernas Bok.\"","sameAs":["http:\/\/www.skarastift.se"],"url":"https:\/\/blogg.svenskakyrkan.se\/akebonnier\/author\/akebonnier\/"}]}},"author_meta":{"ID":"108","user_nicename":"akebonnier","user_url":"http:\/\/www.skarastift.se","user_registered":"2011-10-11 09:24:48","display_name":"\u00c5ke Bonnier","first_name":"\u00c5ke","last_name":"Bonnier","avatar":"https:\/\/secure.gravatar.com\/avatar\/b88264736bb0bc0d1ea92298aef02c9f98cfc13c7484130c42c663ae484f9462?s=96&d=mm&r=g"},"featured_image":false,"bloginfo":{"name":"\u00c5ke Bonnier","url":"https:\/\/blogg.svenskakyrkan.se\/akebonnier"},"_links":{"self":[{"href":"https:\/\/blogg.svenskakyrkan.se\/akebonnier\/wp-json\/wp\/v2\/posts\/766","targetHints":{"allow":["GET"]}}],"collection":[{"href":"https:\/\/blogg.svenskakyrkan.se\/akebonnier\/wp-json\/wp\/v2\/posts"}],"about":[{"href":"https:\/\/blogg.svenskakyrkan.se\/akebonnier\/wp-json\/wp\/v2\/types\/post"}],"author":[{"embeddable":true,"href":"https:\/\/blogg.svenskakyrkan.se\/akebonnier\/wp-json\/wp\/v2\/users\/108"}],"replies":[{"embeddable":true,"href":"https:\/\/blogg.svenskakyrkan.se\/akebonnier\/wp-json\/wp\/v2\/comments?post=766"}],"version-history":[{"count":8,"href":"https:\/\/blogg.svenskakyrkan.se\/akebonnier\/wp-json\/wp\/v2\/posts\/766\/revisions"}],"predecessor-version":[{"id":774,"href":"https:\/\/blogg.svenskakyrkan.se\/akebonnier\/wp-json\/wp\/v2\/posts\/766\/revisions\/774"}],"wp:attachment":[{"href":"https:\/\/blogg.svenskakyrkan.se\/akebonnier\/wp-json\/wp\/v2\/media?parent=766"}],"wp:term":[{"taxonomy":"category","embeddable":true,"href":"https:\/\/blogg.svenskakyrkan.se\/akebonnier\/wp-json\/wp\/v2\/categories?post=766"},{"taxonomy":"post_tag","embeddable":true,"href":"https:\/\/blogg.svenskakyrkan.se\/akebonnier\/wp-json\/wp\/v2\/tags?post=766"}],"curies":[{"name":"wp","href":"https:\/\/api.w.org\/{rel}","templated":true}]}}