{"id":790,"date":"2012-04-05T16:01:06","date_gmt":"2012-04-05T14:01:06","guid":{"rendered":"http:\/\/blogg.svenskakyrkan.se\/akebonnier\/?p=790"},"modified":"2012-04-06T14:12:33","modified_gmt":"2012-04-06T12:12:33","slug":"i-den-natt-da-han-blev-forradd","status":"publish","type":"post","link":"https:\/\/blogg.svenskakyrkan.se\/akebonnier\/2012\/04\/05\/i-den-natt-da-han-blev-forradd\/","title":{"rendered":"I den natt d\u00e5 han blev f\u00f6rr\u00e5dd&#8230;"},"content":{"rendered":"<p>Idag firas Sk\u00e4rtorsdagen \u00f6ver stora delar av v\u00e4rlden &#8211; i alla fall alla vi som tillh\u00f6r v\u00e4stkyrkan. Katoliker och protestanter samlas idag runt om i v\u00e4rlden och runt om i Sverige i kyrkorna f\u00f6r att fira m\u00e4ssa &#8211; Herrens heliga nattvard. Kv\u00e4llen d\u00e5 Jesus instiftade nattvarden var s\u00e5 speciell. Jesus var jude och ville naturligtvis fira\u00a0Pesach med sina l\u00e4rjungar. Det osyrade br\u00f6dets h\u00f6gtid och h\u00f6gtiden d\u00e5 p\u00e5sklammet slaktades \u00e5terfanns konkretiserat i en och samma m\u00e5ltid &#8211; befrielsens m\u00e5ltid. S\u00e5 l\u00e4nge hade Israels barn levt under f\u00f6rtryck i Egypten. Mose kom, enligt de bibliska ber\u00e4ttelserna, och gav r\u00f6st \u00e5t Guds befriande budskap. <strong><em><span style=\"color: #ff0000\">Sl\u00e4pp mitt folk s\u00e5 att de kan framb\u00e4ra offer \u00e5t mig <\/span><\/em><\/strong>( 2 Mos 9:1). Efter 10 pl\u00e5gor l\u00e4t Farao folket ge sig iv\u00e4g. Han \u00e5ngrade sig och l\u00e4t en milit\u00e4r patrull s\u00e4tta efter dem, men Israels barn r\u00e4ddades \u00f6ver S\u00e4vhavet. Hela p\u00e5sken handlar i den judiska traditionen om befrielse &#8211; en befrielse som de firar ocks\u00e5 nu. I morgon, p\u00e5 v\u00e5r L\u00e5ngfredag \u00e4r det den f\u00f6rsta Sederaftonen.<\/p>\n<p>N\u00e4r Jesus firade sin sista p\u00e5skm\u00e5ltid tog han ett av de osyrade br\u00f6den och bad den judiska br\u00f6db\u00f6nen och sa sedan de nytolkande orden: &#8221;Tag och \u00e4t, detta \u00e4r min kropp som blir utgiven f\u00f6r er till syndernas f\u00f6rl\u00e5telse&#8221;. Den tredje b\u00e4garen &#8211; Messiasb\u00e4garen bad han den judiska b\u00f6nen \u00f6ver och sedan kom de nya tolkningsorden: &#8221;Drick av den alla. Denna kalk \u00e4r det nya f\u00f6rbundet genom mitt blod. S\u00e5 ofta ni dricker av den, g\u00f6r det till min \u00e5minnelse&#8221;.<\/p>\n<p>N\u00e4r Jesus instiftade nattvarden handlade det ocks\u00e5 om befrielse, men p\u00e5 ett nytt s\u00e4tt. Nattvarden \u00e4r inte den h\u00f6gheliga m\u00e5ltid som man m\u00e5ste vara v\u00e4l f\u00f6rberedd f\u00f6r att ta emot. Nattvarden \u00e4r inte den m\u00e5ltid till vilken den som \u00e4r v\u00e4rdig har tilltr\u00e4de. Nej, nattvarden \u00e4r den m\u00e5ltid d\u00e4r vi f\u00e5r ta emot befrielsens tecken &#8211; Kristi kropp och blod. T\u00e4nk att f\u00e5 bli befriad, befriad fr\u00e5n skulden, befriad fr\u00e5n allt det som g\u00e5tt fel i ens eget inre.<\/p>\n<p>En del kyrkofolk anser att det inte ska firas nattvard s\u00e5 ofta. Det r\u00e4cker kanske en g\u00e5ng i m\u00e5naden, eller \u00e4nnu mer s\u00e4llan. Jag menar att vi, d\u00e4r s\u00e5 \u00e4r m\u00f6jligt, borde fira m\u00e4ssa varje dag. Vi beh\u00f6ver varje dag ta emot Guds gr\u00e4nsl\u00f6sa n\u00e5d, ta emot Guds k\u00e4rlekstecken, ta emot Guds befrielse och uppr\u00e4ttelse.<\/p>\n<p>T\u00e4nk att Jesus sj\u00e4lv instiftade denna m\u00e5ltid och att Han m\u00f6ter Dig och mig d\u00e4r &#8211; lika tydligt som smaken p\u00e5 v\u00e5r tunga. Det \u00e4r fantastiskt!<\/p>\n<p>Till dig som l\u00e4ser denna blogg vill jag s\u00e4ga: Kom till kyrkan eller l\u00e5t kyrkan komma till Dig. Om Du inte kan ta Dig till en kyrka f\u00f6r att fira en nattvardsgudstj\u00e4nst f\u00e5r Du ringa Din lokala pr\u00e4st som kan komma hem och fira nattvard hemma i Ditt hem. Sockenbud kallas detta.<\/p>\n<p>Nu vill jag \u00f6nska Dig v\u00e4lsignade dagar i den del av Stilla Veckan som \u00e5terst\u00e5r!<\/p>\n","protected":false},"excerpt":{"rendered":"<p>Idag firas Sk\u00e4rtorsdagen \u00f6ver stora delar av v\u00e4rlden &#8211; i alla fall alla vi som tillh\u00f6r v\u00e4stkyrkan. Katoliker och protestanter samlas idag runt om i v\u00e4rlden och runt om i Sverige i kyrkorna f\u00f6r att fira m\u00e4ssa &#8211; Herrens heliga nattvard. Kv\u00e4llen d\u00e5 Jesus instiftade nattvarden var s\u00e5 speciell. Jesus var jude och ville naturligtvis [&hellip;]<\/p>\n","protected":false},"author":108,"featured_media":0,"comment_status":"open","ping_status":"open","sticky":false,"template":"","format":"standard","meta":{"_acf_changed":false,"footnotes":""},"categories":[9],"tags":[],"class_list":["post-790","post","type-post","status-publish","format-standard","hentry","category-okategoriserade"],"acf":[],"yoast_head":"<!-- This site is optimized with the Yoast SEO plugin v27.1.1 - https:\/\/yoast.com\/product\/yoast-seo-wordpress\/ -->\n<title>I den natt d\u00e5 han blev f\u00f6rr\u00e5dd... - \u00c5ke Bonnier<\/title>\n<meta name=\"robots\" content=\"index, follow, max-snippet:-1, max-image-preview:large, max-video-preview:-1\" \/>\n<link rel=\"canonical\" href=\"https:\/\/blogg.svenskakyrkan.se\/akebonnier\/2012\/04\/05\/i-den-natt-da-han-blev-forradd\/\" \/>\n<meta property=\"og:locale\" content=\"sv_SE\" \/>\n<meta property=\"og:type\" content=\"article\" \/>\n<meta property=\"og:title\" content=\"I den natt d\u00e5 han blev f\u00f6rr\u00e5dd... - \u00c5ke Bonnier\" \/>\n<meta property=\"og:description\" content=\"Idag firas Sk\u00e4rtorsdagen \u00f6ver stora delar av v\u00e4rlden &#8211; i alla fall alla vi som tillh\u00f6r v\u00e4stkyrkan. Katoliker och protestanter samlas idag runt om i v\u00e4rlden och runt om i Sverige i kyrkorna f\u00f6r att fira m\u00e4ssa &#8211; Herrens heliga nattvard. Kv\u00e4llen d\u00e5 Jesus instiftade nattvarden var s\u00e5 speciell. Jesus var jude och ville naturligtvis [&hellip;]\" \/>\n<meta property=\"og:url\" content=\"https:\/\/blogg.svenskakyrkan.se\/akebonnier\/2012\/04\/05\/i-den-natt-da-han-blev-forradd\/\" \/>\n<meta property=\"og:site_name\" content=\"\u00c5ke Bonnier\" \/>\n<meta property=\"article:published_time\" content=\"2012-04-05T14:01:06+00:00\" \/>\n<meta property=\"article:modified_time\" content=\"2012-04-06T12:12:33+00:00\" \/>\n<meta name=\"author\" content=\"\u00c5ke Bonnier\" \/>\n<meta name=\"twitter:card\" content=\"summary_large_image\" \/>\n<meta name=\"twitter:label1\" content=\"Skriven av\" \/>\n\t<meta name=\"twitter:data1\" content=\"\u00c5ke Bonnier\" \/>\n\t<meta name=\"twitter:label2\" content=\"Ber\u00e4knad l\u00e4stid\" \/>\n\t<meta name=\"twitter:data2\" content=\"3 minuter\" \/>\n<script type=\"application\/ld+json\" class=\"yoast-schema-graph\">{\"@context\":\"https:\/\/schema.org\",\"@graph\":[{\"@type\":\"Article\",\"@id\":\"https:\/\/blogg.svenskakyrkan.se\/akebonnier\/2012\/04\/05\/i-den-natt-da-han-blev-forradd\/#article\",\"isPartOf\":{\"@id\":\"https:\/\/blogg.svenskakyrkan.se\/akebonnier\/2012\/04\/05\/i-den-natt-da-han-blev-forradd\/\"},\"author\":{\"name\":\"\u00c5ke Bonnier\",\"@id\":\"https:\/\/blogg.svenskakyrkan.se\/akebonnier\/#\/schema\/person\/8db68bc0c94f6a5a62df2d4486ff1343\"},\"headline\":\"I den natt d\u00e5 han blev f\u00f6rr\u00e5dd&#8230;\",\"datePublished\":\"2012-04-05T14:01:06+00:00\",\"dateModified\":\"2012-04-06T12:12:33+00:00\",\"mainEntityOfPage\":{\"@id\":\"https:\/\/blogg.svenskakyrkan.se\/akebonnier\/2012\/04\/05\/i-den-natt-da-han-blev-forradd\/\"},\"wordCount\":575,\"commentCount\":3,\"inLanguage\":\"sv-SE\",\"potentialAction\":[{\"@type\":\"CommentAction\",\"name\":\"Comment\",\"target\":[\"https:\/\/blogg.svenskakyrkan.se\/akebonnier\/2012\/04\/05\/i-den-natt-da-han-blev-forradd\/#respond\"]}]},{\"@type\":\"WebPage\",\"@id\":\"https:\/\/blogg.svenskakyrkan.se\/akebonnier\/2012\/04\/05\/i-den-natt-da-han-blev-forradd\/\",\"url\":\"https:\/\/blogg.svenskakyrkan.se\/akebonnier\/2012\/04\/05\/i-den-natt-da-han-blev-forradd\/\",\"name\":\"I den natt d\u00e5 han blev f\u00f6rr\u00e5dd... - \u00c5ke Bonnier\",\"isPartOf\":{\"@id\":\"https:\/\/blogg.svenskakyrkan.se\/akebonnier\/#website\"},\"datePublished\":\"2012-04-05T14:01:06+00:00\",\"dateModified\":\"2012-04-06T12:12:33+00:00\",\"author\":{\"@id\":\"https:\/\/blogg.svenskakyrkan.se\/akebonnier\/#\/schema\/person\/8db68bc0c94f6a5a62df2d4486ff1343\"},\"breadcrumb\":{\"@id\":\"https:\/\/blogg.svenskakyrkan.se\/akebonnier\/2012\/04\/05\/i-den-natt-da-han-blev-forradd\/#breadcrumb\"},\"inLanguage\":\"sv-SE\",\"potentialAction\":[{\"@type\":\"ReadAction\",\"target\":[\"https:\/\/blogg.svenskakyrkan.se\/akebonnier\/2012\/04\/05\/i-den-natt-da-han-blev-forradd\/\"]}]},{\"@type\":\"BreadcrumbList\",\"@id\":\"https:\/\/blogg.svenskakyrkan.se\/akebonnier\/2012\/04\/05\/i-den-natt-da-han-blev-forradd\/#breadcrumb\",\"itemListElement\":[{\"@type\":\"ListItem\",\"position\":1,\"name\":\"Hem\",\"item\":\"https:\/\/blogg.svenskakyrkan.se\/akebonnier\/\"},{\"@type\":\"ListItem\",\"position\":2,\"name\":\"I den natt d\u00e5 han blev f\u00f6rr\u00e5dd&#8230;\"}]},{\"@type\":\"WebSite\",\"@id\":\"https:\/\/blogg.svenskakyrkan.se\/akebonnier\/#website\",\"url\":\"https:\/\/blogg.svenskakyrkan.se\/akebonnier\/\",\"name\":\"\u00c5ke Bonnier\",\"description\":\"Biskop i Svenska kyrkan - Skara stift\",\"potentialAction\":[{\"@type\":\"SearchAction\",\"target\":{\"@type\":\"EntryPoint\",\"urlTemplate\":\"https:\/\/blogg.svenskakyrkan.se\/akebonnier\/?s={search_term_string}\"},\"query-input\":{\"@type\":\"PropertyValueSpecification\",\"valueRequired\":true,\"valueName\":\"search_term_string\"}}],\"inLanguage\":\"sv-SE\"},{\"@type\":\"Person\",\"@id\":\"https:\/\/blogg.svenskakyrkan.se\/akebonnier\/#\/schema\/person\/8db68bc0c94f6a5a62df2d4486ff1343\",\"name\":\"\u00c5ke Bonnier\",\"image\":{\"@type\":\"ImageObject\",\"inLanguage\":\"sv-SE\",\"@id\":\"https:\/\/blogg.svenskakyrkan.se\/akebonnier\/#\/schema\/person\/image\/\",\"url\":\"https:\/\/secure.gravatar.com\/avatar\/b88264736bb0bc0d1ea92298aef02c9f98cfc13c7484130c42c663ae484f9462?s=96&d=mm&r=g\",\"contentUrl\":\"https:\/\/secure.gravatar.com\/avatar\/b88264736bb0bc0d1ea92298aef02c9f98cfc13c7484130c42c663ae484f9462?s=96&d=mm&r=g\",\"caption\":\"\u00c5ke Bonnier\"},\"description\":\"Jag \u00e4r gift och har tv\u00e5 vuxna d\u00f6ttrar. Pr\u00e4stvigdes 1984 och biskopsvigs 26 augusti 2012 . Jag har tidigare bland annat varit, komminister och kyrkoherde i Liding\u00f6 f\u00f6rsamling och domprost i Stockholms domkyrkof\u00f6rsamling. Jag \u00e4r intresserad av konst, litteratur, teater, film. Jag tr\u00e4nar regelbundet p\u00e5 gym. Mitt huvudsakliga musikintresse \u00e4r klassisk musik men ocks\u00e5 Beatles, Elvis Presley, Monika Zettelund, Povel Ramel och m\u00e5nga andra tycker jag om att lyssna p\u00e5. Jag l\u00e4ser f\u00f6r lite sk\u00f6nlitteratur beroende p\u00e5 annat som jag m\u00e5ste l\u00e4sa i mitt uppdrag som biskop. Men jag \u00e4lskar b\u00f6cker. Naturligtvis l\u00e4ser jag n\u00e4st intill dagligdags i \\\"B\u00f6ckernas Bok.\\\"\",\"sameAs\":[\"http:\/\/www.skarastift.se\"],\"url\":\"https:\/\/blogg.svenskakyrkan.se\/akebonnier\/author\/akebonnier\/\"}]}<\/script>\n<!-- \/ Yoast SEO plugin. -->","yoast_head_json":{"title":"I den natt d\u00e5 han blev f\u00f6rr\u00e5dd... - \u00c5ke Bonnier","robots":{"index":"index","follow":"follow","max-snippet":"max-snippet:-1","max-image-preview":"max-image-preview:large","max-video-preview":"max-video-preview:-1"},"canonical":"https:\/\/blogg.svenskakyrkan.se\/akebonnier\/2012\/04\/05\/i-den-natt-da-han-blev-forradd\/","og_locale":"sv_SE","og_type":"article","og_title":"I den natt d\u00e5 han blev f\u00f6rr\u00e5dd... - \u00c5ke Bonnier","og_description":"Idag firas Sk\u00e4rtorsdagen \u00f6ver stora delar av v\u00e4rlden &#8211; i alla fall alla vi som tillh\u00f6r v\u00e4stkyrkan. Katoliker och protestanter samlas idag runt om i v\u00e4rlden och runt om i Sverige i kyrkorna f\u00f6r att fira m\u00e4ssa &#8211; Herrens heliga nattvard. Kv\u00e4llen d\u00e5 Jesus instiftade nattvarden var s\u00e5 speciell. Jesus var jude och ville naturligtvis [&hellip;]","og_url":"https:\/\/blogg.svenskakyrkan.se\/akebonnier\/2012\/04\/05\/i-den-natt-da-han-blev-forradd\/","og_site_name":"\u00c5ke Bonnier","article_published_time":"2012-04-05T14:01:06+00:00","article_modified_time":"2012-04-06T12:12:33+00:00","author":"\u00c5ke Bonnier","twitter_card":"summary_large_image","twitter_misc":{"Skriven av":"\u00c5ke Bonnier","Ber\u00e4knad l\u00e4stid":"3 minuter"},"schema":{"@context":"https:\/\/schema.org","@graph":[{"@type":"Article","@id":"https:\/\/blogg.svenskakyrkan.se\/akebonnier\/2012\/04\/05\/i-den-natt-da-han-blev-forradd\/#article","isPartOf":{"@id":"https:\/\/blogg.svenskakyrkan.se\/akebonnier\/2012\/04\/05\/i-den-natt-da-han-blev-forradd\/"},"author":{"name":"\u00c5ke Bonnier","@id":"https:\/\/blogg.svenskakyrkan.se\/akebonnier\/#\/schema\/person\/8db68bc0c94f6a5a62df2d4486ff1343"},"headline":"I den natt d\u00e5 han blev f\u00f6rr\u00e5dd&#8230;","datePublished":"2012-04-05T14:01:06+00:00","dateModified":"2012-04-06T12:12:33+00:00","mainEntityOfPage":{"@id":"https:\/\/blogg.svenskakyrkan.se\/akebonnier\/2012\/04\/05\/i-den-natt-da-han-blev-forradd\/"},"wordCount":575,"commentCount":3,"inLanguage":"sv-SE","potentialAction":[{"@type":"CommentAction","name":"Comment","target":["https:\/\/blogg.svenskakyrkan.se\/akebonnier\/2012\/04\/05\/i-den-natt-da-han-blev-forradd\/#respond"]}]},{"@type":"WebPage","@id":"https:\/\/blogg.svenskakyrkan.se\/akebonnier\/2012\/04\/05\/i-den-natt-da-han-blev-forradd\/","url":"https:\/\/blogg.svenskakyrkan.se\/akebonnier\/2012\/04\/05\/i-den-natt-da-han-blev-forradd\/","name":"I den natt d\u00e5 han blev f\u00f6rr\u00e5dd... - \u00c5ke Bonnier","isPartOf":{"@id":"https:\/\/blogg.svenskakyrkan.se\/akebonnier\/#website"},"datePublished":"2012-04-05T14:01:06+00:00","dateModified":"2012-04-06T12:12:33+00:00","author":{"@id":"https:\/\/blogg.svenskakyrkan.se\/akebonnier\/#\/schema\/person\/8db68bc0c94f6a5a62df2d4486ff1343"},"breadcrumb":{"@id":"https:\/\/blogg.svenskakyrkan.se\/akebonnier\/2012\/04\/05\/i-den-natt-da-han-blev-forradd\/#breadcrumb"},"inLanguage":"sv-SE","potentialAction":[{"@type":"ReadAction","target":["https:\/\/blogg.svenskakyrkan.se\/akebonnier\/2012\/04\/05\/i-den-natt-da-han-blev-forradd\/"]}]},{"@type":"BreadcrumbList","@id":"https:\/\/blogg.svenskakyrkan.se\/akebonnier\/2012\/04\/05\/i-den-natt-da-han-blev-forradd\/#breadcrumb","itemListElement":[{"@type":"ListItem","position":1,"name":"Hem","item":"https:\/\/blogg.svenskakyrkan.se\/akebonnier\/"},{"@type":"ListItem","position":2,"name":"I den natt d\u00e5 han blev f\u00f6rr\u00e5dd&#8230;"}]},{"@type":"WebSite","@id":"https:\/\/blogg.svenskakyrkan.se\/akebonnier\/#website","url":"https:\/\/blogg.svenskakyrkan.se\/akebonnier\/","name":"\u00c5ke Bonnier","description":"Biskop i Svenska kyrkan - Skara stift","potentialAction":[{"@type":"SearchAction","target":{"@type":"EntryPoint","urlTemplate":"https:\/\/blogg.svenskakyrkan.se\/akebonnier\/?s={search_term_string}"},"query-input":{"@type":"PropertyValueSpecification","valueRequired":true,"valueName":"search_term_string"}}],"inLanguage":"sv-SE"},{"@type":"Person","@id":"https:\/\/blogg.svenskakyrkan.se\/akebonnier\/#\/schema\/person\/8db68bc0c94f6a5a62df2d4486ff1343","name":"\u00c5ke Bonnier","image":{"@type":"ImageObject","inLanguage":"sv-SE","@id":"https:\/\/blogg.svenskakyrkan.se\/akebonnier\/#\/schema\/person\/image\/","url":"https:\/\/secure.gravatar.com\/avatar\/b88264736bb0bc0d1ea92298aef02c9f98cfc13c7484130c42c663ae484f9462?s=96&d=mm&r=g","contentUrl":"https:\/\/secure.gravatar.com\/avatar\/b88264736bb0bc0d1ea92298aef02c9f98cfc13c7484130c42c663ae484f9462?s=96&d=mm&r=g","caption":"\u00c5ke Bonnier"},"description":"Jag \u00e4r gift och har tv\u00e5 vuxna d\u00f6ttrar. Pr\u00e4stvigdes 1984 och biskopsvigs 26 augusti 2012 . Jag har tidigare bland annat varit, komminister och kyrkoherde i Liding\u00f6 f\u00f6rsamling och domprost i Stockholms domkyrkof\u00f6rsamling. Jag \u00e4r intresserad av konst, litteratur, teater, film. Jag tr\u00e4nar regelbundet p\u00e5 gym. Mitt huvudsakliga musikintresse \u00e4r klassisk musik men ocks\u00e5 Beatles, Elvis Presley, Monika Zettelund, Povel Ramel och m\u00e5nga andra tycker jag om att lyssna p\u00e5. Jag l\u00e4ser f\u00f6r lite sk\u00f6nlitteratur beroende p\u00e5 annat som jag m\u00e5ste l\u00e4sa i mitt uppdrag som biskop. Men jag \u00e4lskar b\u00f6cker. Naturligtvis l\u00e4ser jag n\u00e4st intill dagligdags i \"B\u00f6ckernas Bok.\"","sameAs":["http:\/\/www.skarastift.se"],"url":"https:\/\/blogg.svenskakyrkan.se\/akebonnier\/author\/akebonnier\/"}]}},"author_meta":{"ID":"108","user_nicename":"akebonnier","user_url":"http:\/\/www.skarastift.se","user_registered":"2011-10-11 09:24:48","display_name":"\u00c5ke Bonnier","first_name":"\u00c5ke","last_name":"Bonnier","avatar":"https:\/\/secure.gravatar.com\/avatar\/b88264736bb0bc0d1ea92298aef02c9f98cfc13c7484130c42c663ae484f9462?s=96&d=mm&r=g"},"featured_image":false,"bloginfo":{"name":"\u00c5ke Bonnier","url":"https:\/\/blogg.svenskakyrkan.se\/akebonnier"},"_links":{"self":[{"href":"https:\/\/blogg.svenskakyrkan.se\/akebonnier\/wp-json\/wp\/v2\/posts\/790","targetHints":{"allow":["GET"]}}],"collection":[{"href":"https:\/\/blogg.svenskakyrkan.se\/akebonnier\/wp-json\/wp\/v2\/posts"}],"about":[{"href":"https:\/\/blogg.svenskakyrkan.se\/akebonnier\/wp-json\/wp\/v2\/types\/post"}],"author":[{"embeddable":true,"href":"https:\/\/blogg.svenskakyrkan.se\/akebonnier\/wp-json\/wp\/v2\/users\/108"}],"replies":[{"embeddable":true,"href":"https:\/\/blogg.svenskakyrkan.se\/akebonnier\/wp-json\/wp\/v2\/comments?post=790"}],"version-history":[{"count":3,"href":"https:\/\/blogg.svenskakyrkan.se\/akebonnier\/wp-json\/wp\/v2\/posts\/790\/revisions"}],"predecessor-version":[{"id":792,"href":"https:\/\/blogg.svenskakyrkan.se\/akebonnier\/wp-json\/wp\/v2\/posts\/790\/revisions\/792"}],"wp:attachment":[{"href":"https:\/\/blogg.svenskakyrkan.se\/akebonnier\/wp-json\/wp\/v2\/media?parent=790"}],"wp:term":[{"taxonomy":"category","embeddable":true,"href":"https:\/\/blogg.svenskakyrkan.se\/akebonnier\/wp-json\/wp\/v2\/categories?post=790"},{"taxonomy":"post_tag","embeddable":true,"href":"https:\/\/blogg.svenskakyrkan.se\/akebonnier\/wp-json\/wp\/v2\/tags?post=790"}],"curies":[{"name":"wp","href":"https:\/\/api.w.org\/{rel}","templated":true}]}}