{"id":959,"date":"2012-09-30T21:09:48","date_gmt":"2012-09-30T19:09:48","guid":{"rendered":"http:\/\/blogg.svenskakyrkan.se\/akebonnier\/?p=959"},"modified":"2012-09-30T21:22:53","modified_gmt":"2012-09-30T19:22:53","slug":"fran-massa-till-massa","status":"publish","type":"post","link":"https:\/\/blogg.svenskakyrkan.se\/akebonnier\/2012\/09\/30\/fran-massa-till-massa\/","title":{"rendered":"Fr\u00e5n m\u00e4ssa till M\u00e4ssa"},"content":{"rendered":"<p>Jag m\u00e5ste be att f\u00e5 bek\u00e4nna inf\u00f6r Er alla som l\u00e4ser denna blogg att jag svikit ett personligt l\u00f6fte. Under veckan som g\u00e5tt har jag tillbringat st\u00f6rre delen av min tid som &#8221;gr\u00f6ng\u00f6ling&#8221; eller &#8221;f\u00f6rstagluttare&#8221; p\u00e5 kyrkom\u00f6tet. Det var en intressant upplevelse och med m\u00e5nga goda samtal med b\u00e5de skarastiftare och andra fr\u00e5n n\u00e4r och fj\u00e4rran f\u00e4lt. Under veckan kom jag att ett flertal g\u00e5nger t\u00e4nka p\u00e5 m\u00e4ssan som skulle stunda. Denna g\u00e5ng var det inte nattvardens sakrament som fr\u00e4mst var i \u00e5syftande utan snarare bokm\u00e4ssan.<\/p>\n<p>N\u00e4r jag biskopsvigdes fick jag en hel del sp\u00e4nnande b\u00f6cker av v\u00e4nner och bekanta, av kommun och f\u00f6rsamling etc. \u00c4ven bokf\u00f6rlag har skickat en hel del b\u00f6cker till mig &#8211; och som det &#8221;bagarbarn&#8221; jag \u00e4r s\u00e5 gl\u00e4ds jag \u00f6ver &#8221;bullarna&#8221;. Men n\u00e4r jag t\u00e4nkte p\u00e5 bokm\u00e4sssan, som jag skulle bes\u00f6ka med hustrun i l\u00f6rdags, mognade beslutet fram att inte ink\u00f6pa n\u00e5gra b\u00f6cker. I \u00e5r skulle jag f\u00f6r f\u00f6rsta g\u00e5ngen p\u00e5 l\u00e4nge st\u00e5ls\u00e4tta mig mot bokm\u00e4ssans alla frestelser, och dessutom klara av detta. Sagt och gjort. Vi tog oss dit p\u00e5 l\u00f6rdagsf\u00f6rmiddagen. N\u00e4r v\u00e4l ytterkl\u00e4der och resev\u00e4skor var avl\u00e4mnade och d\u00f6rrvakten tagit hand om intr\u00e4desbiljetten gick vi med raska steg till V\u00e4rmlandsmontern. D\u00e4r brast alla tidigare l\u00f6ften g\u00e4llande ink\u00f6psf\u00f6rbud. D\u00e4r f\u00f6ll b\u00e5de hustrun och jag pladask &#8211; fast f\u00f6r olika saker. Sj\u00e4lv kompletterade jag v\u00e5rt &#8221;lilla&#8221; bibliotek med Kristuslegender av Selma Lagerl\u00f6f. N\u00e4r s\u00e5 den f\u00f6rsta boken var ink\u00f6pt dr\u00f6jde det inte l\u00e4nge f\u00f6rr\u00e4n flera andra b\u00f6cker &#8211; alldeles n\u00f6dv\u00e4ndiga b\u00f6cker &#8211; k\u00f6ptes. Jo, jag \u00e4r en &#8221;bokmissbrukare&#8221; i den bem\u00e4rkelsen att jag \u00e4lskar b\u00f6cker och k\u00f6per b\u00f6cker som jag verkligen vill ha. Den enda som felas mig \u00e4r tiden att l\u00e4sa dem. Men, som jag brukar s\u00e4ga, det f\u00e5r bli efter pensioneringen. Vi har redan m\u00e5nga &#8221;efter-pensioneringen-b\u00f6cker&#8221; i v\u00e5r bokhylla och fler l\u00e4r det bli. V\u00e5rt\/mitt fall var stort \u00e4ven i \u00e5r, p\u00e5 bokm\u00e4ssan och tre kassar med ink\u00f6pta b\u00f6cker blev det att ta hem till biskopsg\u00e5rdens bibliotek.<\/p>\n<p>Men ordet &#8221;m\u00e4ssa&#8221; handlar inte bara om det som man kan bes\u00f6ka i G\u00f6teborg och p\u00e5 andra st\u00e4llen. Denna morgon begav sig hustrun och jag till Trollh\u00e4ttans kyrka som firade 150-\u00e5rs jubileum innevarande helg. Jag var hedersamt inbjuden att celebrera m\u00e4ssan i den festh\u00f6gm\u00e4ssa som firades med tre k\u00f6rer, flera pr\u00e4ster, diakon, gudstj\u00e4nstgrupp och en fullsatt kyrka i \u00f6vrigt. Det var en fantastiskt fin h\u00f6gm\u00e4ssa p\u00e5 alla s\u00e4tt och som biskop gladde jag mig mycket \u00f6ver att f\u00e5 vara med. Trollh\u00e4ttans kyrka var ljus och h\u00e4rlig och efter\u00e5t minglade vi i ett t\u00e4lt d\u00e4r tunnbr\u00f6dsrullar och t\u00e5rtbitar gick \u00e5t som &#8221;sm\u00f6r i solsken&#8221;.<\/p>\n<p>I mitt h\u00e4lsningsanf\u00f6rande till f\u00f6rsamlingen talade jag om kyrkan som <em>magnet<\/em> och <em>missionsstation<\/em>. Jag p\u00e5minde om att kyrkan f\u00f6r 150 \u00e5r sedan och fram\u00e5t nog hade varit mer av en magnet \u00e4n den \u00e4r idag. Troligen var det s\u00e5 p\u00e5 1800-talet och l\u00e5ngt in p\u00e5 1900-talet att den fylldes, s\u00f6ndag efter s\u00f6ndag. Detta berodde naturligtvis ocks\u00e5 p\u00e5 att det fanns en kyrkplikt som handlade om att man var mer eller mindre tvungen att g\u00e5 i kyrkan och dessutom skulle man, d\u00e5 m\u00e4ssa firades, ta emot nattvarden. Annars var man ju inte en riktigt p\u00e5litlig person. Idag \u00e4r det tack och lov frivilligt att g\u00e5 i kyrkan och frivilligt att ta emot nattvarden. Idag kanske kyrkan snarare mer \u00e4r som en missionsstation som finns mitt i det omr\u00e5de som ska missioneras. Vid missionsstationen f\u00e5r man h\u00e4mta kraft, rusta sig f\u00f6r uppdraget att g\u00e5 ut &#8211; g\u00e5 ut i det sammanhang d\u00e4r man verkar och lever. Jag talade om vikten av att st\u00e4rka v\u00e5ra kyrkotillh\u00f6riga s\u00e5 att de kan k\u00e4nna att de verkligen representerar sin lokala f\u00f6rsamling d\u00e4r de bor och arbetar. Ingen ska beh\u00f6va s\u00e4ga: <em>Varf\u00f6r kommer aldrig kyrkan till mitt arbete?<\/em> Ist\u00e4llet ska man kunna se sig i spegeln, r\u00e4ta p\u00e5 ryggen och t\u00e4nka: <em>Jag \u00e4r kyrkan p\u00e5 min arbetsplats, tillsammans med de andra som vill vara kyrkan p\u00e5 arbetsplatsen. <\/em>Det Handlar om att myndigg\u00f6ra v\u00e5ra medlemmar &#8211; att rusta dem att vara det de \u00e4r &#8211; Guds \u00e4lskade barn, Jesu Kristi s\u00e4ndebud &#8211; n\u00e5dens vittnen &#8211; de uts\u00e4nda \u00e4nglarna. Detta \u00e4r en viktig del i folkkyrkotanken. Evangelium \u00e5t folket handlar om att bemyndiga m\u00e4nniskor att i sitt liv tala om och leva evangeliet. D\u00e5 beh\u00f6vs missionsstationen. D\u00e5 beh\u00f6ver alla vi som vill vara med dras till kyrkan som till en magnet d\u00e4rf\u00f6r att vi vet att vi kommer hem n\u00e4r vi kommer till v\u00e5r lokala kyrka. Men liksom hemmet \u00e4r en plats f\u00f6r vila och krafth\u00e4mtning men inte \u00e4r t\u00e4nkt att vara en borg i vilken vi l\u00e5ser in oss, \u00e4r kyrkan inte t\u00e4nkt att vara de &#8221;heligas tillh\u00e5ll&#8221; utan en plats d\u00e4r m\u00e5nga (eller f\u00e5, h\u00e4r spelar inte sj\u00e4lva statistiken s\u00e5 stor roll) kan h\u00e4mta kraft, f\u00f6rnyelse och inspiration.<\/p>\n<p>En av de k\u00e4llor som ger denna kraft \u00e4r m\u00e4ssan. Nattvardens mysterium, Kristi kropp och blod i br\u00f6dets och vinets gestalt, ges oss, inte d\u00e4rf\u00f6r att vi \u00e4r s\u00e5 fromma, inte d\u00e4rf\u00f6r att vi r\u00e5kar kunna\u00a0Tio Guds bud, Den Gyllne regeln eller det dubbla k\u00e4rleksbudet, inte f\u00f6r att vi tror r\u00e4tt i f\u00f6rh\u00e5llande till v\u00e5ra trosbek\u00e4nnelser, utan bara f\u00f6r n\u00e5dens skull. Nattvarden \u00e4r ocks\u00e5 ett n\u00e5demedel. Genom det lilla br\u00f6det och den lilla m\u00e4ngden vin som \u00e4r Kristi kropp och blod, om \u00e4n p\u00e5 ett s\u00e5dant s\u00e4tt att vi inte riktigt f\u00f6rst\u00e5r hur det g\u00e5r till, f\u00f6rmedlas Guds gr\u00e4nsl\u00f6sa k\u00e4rlek och n\u00e5d till var och en av oss. Nej, vi \u00e4r inte v\u00e4rdiga. Ingen \u00e4r v\u00e4rdig att ta emot. Ingen biskop, ingen pr\u00e4st, ingen diakon eller pedagog eller kyrkor\u00e5dsordf\u00f6randen. Alla \u00e4r vi ov\u00e4rdiga. Men just som ov\u00e4rdiga \u00e4r vi v\u00e4rdiga. Just som dem vi \u00e4r f\u00e5r vi ta emot detta v\u00e4ldiga, detta fantastiska, detta outtryckbara som handlar om Guds gr\u00e4nsl\u00f6sa k\u00e4rlek och n\u00e5d.<\/p>\n<p>P\u00e5 m\u00e5nga h\u00e5ll i Skara stift tycks det r\u00e5da en viss f\u00f6rsiktighet i m\u00e4ssfirandet. Det f\u00e5r inte vara f\u00f6r ofta. Kanske bara en g\u00e5ng i m\u00e5naden i huvudgudstj\u00e4nsten. Jag ser som ett av mina uppdrag att visa p\u00e5 Nattvardens storhet och enkelhet. Vi beh\u00f6ver inte vara s\u00e5 oroliga f\u00f6r att fira m\u00e4ssan f\u00f6r ofta. Ist\u00e4llet borde en huvudgudstj\u00e4nst ( t ex p\u00e5 s\u00f6ndagarna) alltid inneh\u00e5lla m\u00e4ssfirande. Enligt Augsburgska bek\u00e4nnelsen \u00e4r ju kyrkan just d\u00e4r Ordet klart f\u00f6rkunnas och sakramenten (dopet och nattvarden) r\u00e4tt f\u00f6rvaltas (eller r\u00e4ckes). Vi beh\u00f6ver m\u00e4ssan precis som vi beh\u00f6ver vanlig mat och dryck. Om detta vill jag g\u00e4rna tala mer i samband med olika bes\u00f6k. I morgon p\u00e5b\u00f6rjar jag min f\u00f6rsta visitation. Det \u00e4r ocks\u00e5 starten p\u00e5 min resa till alla Skara stifts pastorat &#8211; en resa som jag ska \u00e4gna mig \u00e5t det n\u00e4rmaste \u00e5ret. D\u00e5 finns det anledning att tala om M\u00e4ssan. Men framf\u00f6r allt vill jag inspirera till att ge Jesus \u00e4ran!<\/p>\n","protected":false},"excerpt":{"rendered":"<p>Jag m\u00e5ste be att f\u00e5 bek\u00e4nna inf\u00f6r Er alla som l\u00e4ser denna blogg att jag svikit ett personligt l\u00f6fte. Under veckan som g\u00e5tt har jag tillbringat st\u00f6rre delen av min tid som &#8221;gr\u00f6ng\u00f6ling&#8221; eller &#8221;f\u00f6rstagluttare&#8221; p\u00e5 kyrkom\u00f6tet. Det var en intressant upplevelse och med m\u00e5nga goda samtal med b\u00e5de skarastiftare och andra fr\u00e5n n\u00e4r och [&hellip;]<\/p>\n","protected":false},"author":108,"featured_media":0,"comment_status":"open","ping_status":"open","sticky":false,"template":"","format":"standard","meta":{"_acf_changed":false,"footnotes":""},"categories":[9],"tags":[],"class_list":["post-959","post","type-post","status-publish","format-standard","hentry","category-okategoriserade"],"acf":[],"yoast_head":"<!-- This site is optimized with the Yoast SEO plugin v27.1.1 - https:\/\/yoast.com\/product\/yoast-seo-wordpress\/ -->\n<title>Fr\u00e5n m\u00e4ssa till M\u00e4ssa - \u00c5ke Bonnier<\/title>\n<meta name=\"robots\" content=\"index, follow, max-snippet:-1, max-image-preview:large, max-video-preview:-1\" \/>\n<link rel=\"canonical\" href=\"https:\/\/blogg.svenskakyrkan.se\/akebonnier\/2012\/09\/30\/fran-massa-till-massa\/\" \/>\n<meta property=\"og:locale\" content=\"sv_SE\" \/>\n<meta property=\"og:type\" content=\"article\" \/>\n<meta property=\"og:title\" content=\"Fr\u00e5n m\u00e4ssa till M\u00e4ssa - \u00c5ke Bonnier\" \/>\n<meta property=\"og:description\" content=\"Jag m\u00e5ste be att f\u00e5 bek\u00e4nna inf\u00f6r Er alla som l\u00e4ser denna blogg att jag svikit ett personligt l\u00f6fte. Under veckan som g\u00e5tt har jag tillbringat st\u00f6rre delen av min tid som &#8221;gr\u00f6ng\u00f6ling&#8221; eller &#8221;f\u00f6rstagluttare&#8221; p\u00e5 kyrkom\u00f6tet. Det var en intressant upplevelse och med m\u00e5nga goda samtal med b\u00e5de skarastiftare och andra fr\u00e5n n\u00e4r och [&hellip;]\" \/>\n<meta property=\"og:url\" content=\"https:\/\/blogg.svenskakyrkan.se\/akebonnier\/2012\/09\/30\/fran-massa-till-massa\/\" \/>\n<meta property=\"og:site_name\" content=\"\u00c5ke Bonnier\" \/>\n<meta property=\"article:published_time\" content=\"2012-09-30T19:09:48+00:00\" \/>\n<meta property=\"article:modified_time\" content=\"2012-09-30T19:22:53+00:00\" \/>\n<meta name=\"author\" content=\"\u00c5ke Bonnier\" \/>\n<meta name=\"twitter:card\" content=\"summary_large_image\" \/>\n<meta name=\"twitter:label1\" content=\"Skriven av\" \/>\n\t<meta name=\"twitter:data1\" content=\"\u00c5ke Bonnier\" \/>\n\t<meta name=\"twitter:label2\" content=\"Ber\u00e4knad l\u00e4stid\" \/>\n\t<meta name=\"twitter:data2\" content=\"7 minuter\" \/>\n<script type=\"application\/ld+json\" class=\"yoast-schema-graph\">{\"@context\":\"https:\/\/schema.org\",\"@graph\":[{\"@type\":\"Article\",\"@id\":\"https:\/\/blogg.svenskakyrkan.se\/akebonnier\/2012\/09\/30\/fran-massa-till-massa\/#article\",\"isPartOf\":{\"@id\":\"https:\/\/blogg.svenskakyrkan.se\/akebonnier\/2012\/09\/30\/fran-massa-till-massa\/\"},\"author\":{\"name\":\"\u00c5ke Bonnier\",\"@id\":\"https:\/\/blogg.svenskakyrkan.se\/akebonnier\/#\/schema\/person\/8db68bc0c94f6a5a62df2d4486ff1343\"},\"headline\":\"Fr\u00e5n m\u00e4ssa till M\u00e4ssa\",\"datePublished\":\"2012-09-30T19:09:48+00:00\",\"dateModified\":\"2012-09-30T19:22:53+00:00\",\"mainEntityOfPage\":{\"@id\":\"https:\/\/blogg.svenskakyrkan.se\/akebonnier\/2012\/09\/30\/fran-massa-till-massa\/\"},\"wordCount\":1369,\"commentCount\":18,\"inLanguage\":\"sv-SE\",\"potentialAction\":[{\"@type\":\"CommentAction\",\"name\":\"Comment\",\"target\":[\"https:\/\/blogg.svenskakyrkan.se\/akebonnier\/2012\/09\/30\/fran-massa-till-massa\/#respond\"]}]},{\"@type\":\"WebPage\",\"@id\":\"https:\/\/blogg.svenskakyrkan.se\/akebonnier\/2012\/09\/30\/fran-massa-till-massa\/\",\"url\":\"https:\/\/blogg.svenskakyrkan.se\/akebonnier\/2012\/09\/30\/fran-massa-till-massa\/\",\"name\":\"Fr\u00e5n m\u00e4ssa till M\u00e4ssa - \u00c5ke Bonnier\",\"isPartOf\":{\"@id\":\"https:\/\/blogg.svenskakyrkan.se\/akebonnier\/#website\"},\"datePublished\":\"2012-09-30T19:09:48+00:00\",\"dateModified\":\"2012-09-30T19:22:53+00:00\",\"author\":{\"@id\":\"https:\/\/blogg.svenskakyrkan.se\/akebonnier\/#\/schema\/person\/8db68bc0c94f6a5a62df2d4486ff1343\"},\"breadcrumb\":{\"@id\":\"https:\/\/blogg.svenskakyrkan.se\/akebonnier\/2012\/09\/30\/fran-massa-till-massa\/#breadcrumb\"},\"inLanguage\":\"sv-SE\",\"potentialAction\":[{\"@type\":\"ReadAction\",\"target\":[\"https:\/\/blogg.svenskakyrkan.se\/akebonnier\/2012\/09\/30\/fran-massa-till-massa\/\"]}]},{\"@type\":\"BreadcrumbList\",\"@id\":\"https:\/\/blogg.svenskakyrkan.se\/akebonnier\/2012\/09\/30\/fran-massa-till-massa\/#breadcrumb\",\"itemListElement\":[{\"@type\":\"ListItem\",\"position\":1,\"name\":\"Hem\",\"item\":\"https:\/\/blogg.svenskakyrkan.se\/akebonnier\/\"},{\"@type\":\"ListItem\",\"position\":2,\"name\":\"Fr\u00e5n m\u00e4ssa till M\u00e4ssa\"}]},{\"@type\":\"WebSite\",\"@id\":\"https:\/\/blogg.svenskakyrkan.se\/akebonnier\/#website\",\"url\":\"https:\/\/blogg.svenskakyrkan.se\/akebonnier\/\",\"name\":\"\u00c5ke Bonnier\",\"description\":\"Biskop i Svenska kyrkan - Skara stift\",\"potentialAction\":[{\"@type\":\"SearchAction\",\"target\":{\"@type\":\"EntryPoint\",\"urlTemplate\":\"https:\/\/blogg.svenskakyrkan.se\/akebonnier\/?s={search_term_string}\"},\"query-input\":{\"@type\":\"PropertyValueSpecification\",\"valueRequired\":true,\"valueName\":\"search_term_string\"}}],\"inLanguage\":\"sv-SE\"},{\"@type\":\"Person\",\"@id\":\"https:\/\/blogg.svenskakyrkan.se\/akebonnier\/#\/schema\/person\/8db68bc0c94f6a5a62df2d4486ff1343\",\"name\":\"\u00c5ke Bonnier\",\"image\":{\"@type\":\"ImageObject\",\"inLanguage\":\"sv-SE\",\"@id\":\"https:\/\/blogg.svenskakyrkan.se\/akebonnier\/#\/schema\/person\/image\/\",\"url\":\"https:\/\/secure.gravatar.com\/avatar\/b88264736bb0bc0d1ea92298aef02c9f98cfc13c7484130c42c663ae484f9462?s=96&d=mm&r=g\",\"contentUrl\":\"https:\/\/secure.gravatar.com\/avatar\/b88264736bb0bc0d1ea92298aef02c9f98cfc13c7484130c42c663ae484f9462?s=96&d=mm&r=g\",\"caption\":\"\u00c5ke Bonnier\"},\"description\":\"Jag \u00e4r gift och har tv\u00e5 vuxna d\u00f6ttrar. Pr\u00e4stvigdes 1984 och biskopsvigs 26 augusti 2012 . Jag har tidigare bland annat varit, komminister och kyrkoherde i Liding\u00f6 f\u00f6rsamling och domprost i Stockholms domkyrkof\u00f6rsamling. Jag \u00e4r intresserad av konst, litteratur, teater, film. Jag tr\u00e4nar regelbundet p\u00e5 gym. Mitt huvudsakliga musikintresse \u00e4r klassisk musik men ocks\u00e5 Beatles, Elvis Presley, Monika Zettelund, Povel Ramel och m\u00e5nga andra tycker jag om att lyssna p\u00e5. Jag l\u00e4ser f\u00f6r lite sk\u00f6nlitteratur beroende p\u00e5 annat som jag m\u00e5ste l\u00e4sa i mitt uppdrag som biskop. Men jag \u00e4lskar b\u00f6cker. Naturligtvis l\u00e4ser jag n\u00e4st intill dagligdags i \\\"B\u00f6ckernas Bok.\\\"\",\"sameAs\":[\"http:\/\/www.skarastift.se\"],\"url\":\"https:\/\/blogg.svenskakyrkan.se\/akebonnier\/author\/akebonnier\/\"}]}<\/script>\n<!-- \/ Yoast SEO plugin. -->","yoast_head_json":{"title":"Fr\u00e5n m\u00e4ssa till M\u00e4ssa - \u00c5ke Bonnier","robots":{"index":"index","follow":"follow","max-snippet":"max-snippet:-1","max-image-preview":"max-image-preview:large","max-video-preview":"max-video-preview:-1"},"canonical":"https:\/\/blogg.svenskakyrkan.se\/akebonnier\/2012\/09\/30\/fran-massa-till-massa\/","og_locale":"sv_SE","og_type":"article","og_title":"Fr\u00e5n m\u00e4ssa till M\u00e4ssa - \u00c5ke Bonnier","og_description":"Jag m\u00e5ste be att f\u00e5 bek\u00e4nna inf\u00f6r Er alla som l\u00e4ser denna blogg att jag svikit ett personligt l\u00f6fte. Under veckan som g\u00e5tt har jag tillbringat st\u00f6rre delen av min tid som &#8221;gr\u00f6ng\u00f6ling&#8221; eller &#8221;f\u00f6rstagluttare&#8221; p\u00e5 kyrkom\u00f6tet. Det var en intressant upplevelse och med m\u00e5nga goda samtal med b\u00e5de skarastiftare och andra fr\u00e5n n\u00e4r och [&hellip;]","og_url":"https:\/\/blogg.svenskakyrkan.se\/akebonnier\/2012\/09\/30\/fran-massa-till-massa\/","og_site_name":"\u00c5ke Bonnier","article_published_time":"2012-09-30T19:09:48+00:00","article_modified_time":"2012-09-30T19:22:53+00:00","author":"\u00c5ke Bonnier","twitter_card":"summary_large_image","twitter_misc":{"Skriven av":"\u00c5ke Bonnier","Ber\u00e4knad l\u00e4stid":"7 minuter"},"schema":{"@context":"https:\/\/schema.org","@graph":[{"@type":"Article","@id":"https:\/\/blogg.svenskakyrkan.se\/akebonnier\/2012\/09\/30\/fran-massa-till-massa\/#article","isPartOf":{"@id":"https:\/\/blogg.svenskakyrkan.se\/akebonnier\/2012\/09\/30\/fran-massa-till-massa\/"},"author":{"name":"\u00c5ke Bonnier","@id":"https:\/\/blogg.svenskakyrkan.se\/akebonnier\/#\/schema\/person\/8db68bc0c94f6a5a62df2d4486ff1343"},"headline":"Fr\u00e5n m\u00e4ssa till M\u00e4ssa","datePublished":"2012-09-30T19:09:48+00:00","dateModified":"2012-09-30T19:22:53+00:00","mainEntityOfPage":{"@id":"https:\/\/blogg.svenskakyrkan.se\/akebonnier\/2012\/09\/30\/fran-massa-till-massa\/"},"wordCount":1369,"commentCount":18,"inLanguage":"sv-SE","potentialAction":[{"@type":"CommentAction","name":"Comment","target":["https:\/\/blogg.svenskakyrkan.se\/akebonnier\/2012\/09\/30\/fran-massa-till-massa\/#respond"]}]},{"@type":"WebPage","@id":"https:\/\/blogg.svenskakyrkan.se\/akebonnier\/2012\/09\/30\/fran-massa-till-massa\/","url":"https:\/\/blogg.svenskakyrkan.se\/akebonnier\/2012\/09\/30\/fran-massa-till-massa\/","name":"Fr\u00e5n m\u00e4ssa till M\u00e4ssa - \u00c5ke Bonnier","isPartOf":{"@id":"https:\/\/blogg.svenskakyrkan.se\/akebonnier\/#website"},"datePublished":"2012-09-30T19:09:48+00:00","dateModified":"2012-09-30T19:22:53+00:00","author":{"@id":"https:\/\/blogg.svenskakyrkan.se\/akebonnier\/#\/schema\/person\/8db68bc0c94f6a5a62df2d4486ff1343"},"breadcrumb":{"@id":"https:\/\/blogg.svenskakyrkan.se\/akebonnier\/2012\/09\/30\/fran-massa-till-massa\/#breadcrumb"},"inLanguage":"sv-SE","potentialAction":[{"@type":"ReadAction","target":["https:\/\/blogg.svenskakyrkan.se\/akebonnier\/2012\/09\/30\/fran-massa-till-massa\/"]}]},{"@type":"BreadcrumbList","@id":"https:\/\/blogg.svenskakyrkan.se\/akebonnier\/2012\/09\/30\/fran-massa-till-massa\/#breadcrumb","itemListElement":[{"@type":"ListItem","position":1,"name":"Hem","item":"https:\/\/blogg.svenskakyrkan.se\/akebonnier\/"},{"@type":"ListItem","position":2,"name":"Fr\u00e5n m\u00e4ssa till M\u00e4ssa"}]},{"@type":"WebSite","@id":"https:\/\/blogg.svenskakyrkan.se\/akebonnier\/#website","url":"https:\/\/blogg.svenskakyrkan.se\/akebonnier\/","name":"\u00c5ke Bonnier","description":"Biskop i Svenska kyrkan - Skara stift","potentialAction":[{"@type":"SearchAction","target":{"@type":"EntryPoint","urlTemplate":"https:\/\/blogg.svenskakyrkan.se\/akebonnier\/?s={search_term_string}"},"query-input":{"@type":"PropertyValueSpecification","valueRequired":true,"valueName":"search_term_string"}}],"inLanguage":"sv-SE"},{"@type":"Person","@id":"https:\/\/blogg.svenskakyrkan.se\/akebonnier\/#\/schema\/person\/8db68bc0c94f6a5a62df2d4486ff1343","name":"\u00c5ke Bonnier","image":{"@type":"ImageObject","inLanguage":"sv-SE","@id":"https:\/\/blogg.svenskakyrkan.se\/akebonnier\/#\/schema\/person\/image\/","url":"https:\/\/secure.gravatar.com\/avatar\/b88264736bb0bc0d1ea92298aef02c9f98cfc13c7484130c42c663ae484f9462?s=96&d=mm&r=g","contentUrl":"https:\/\/secure.gravatar.com\/avatar\/b88264736bb0bc0d1ea92298aef02c9f98cfc13c7484130c42c663ae484f9462?s=96&d=mm&r=g","caption":"\u00c5ke Bonnier"},"description":"Jag \u00e4r gift och har tv\u00e5 vuxna d\u00f6ttrar. Pr\u00e4stvigdes 1984 och biskopsvigs 26 augusti 2012 . Jag har tidigare bland annat varit, komminister och kyrkoherde i Liding\u00f6 f\u00f6rsamling och domprost i Stockholms domkyrkof\u00f6rsamling. Jag \u00e4r intresserad av konst, litteratur, teater, film. Jag tr\u00e4nar regelbundet p\u00e5 gym. Mitt huvudsakliga musikintresse \u00e4r klassisk musik men ocks\u00e5 Beatles, Elvis Presley, Monika Zettelund, Povel Ramel och m\u00e5nga andra tycker jag om att lyssna p\u00e5. Jag l\u00e4ser f\u00f6r lite sk\u00f6nlitteratur beroende p\u00e5 annat som jag m\u00e5ste l\u00e4sa i mitt uppdrag som biskop. Men jag \u00e4lskar b\u00f6cker. Naturligtvis l\u00e4ser jag n\u00e4st intill dagligdags i \"B\u00f6ckernas Bok.\"","sameAs":["http:\/\/www.skarastift.se"],"url":"https:\/\/blogg.svenskakyrkan.se\/akebonnier\/author\/akebonnier\/"}]}},"author_meta":{"ID":"108","user_nicename":"akebonnier","user_url":"http:\/\/www.skarastift.se","user_registered":"2011-10-11 09:24:48","display_name":"\u00c5ke Bonnier","first_name":"\u00c5ke","last_name":"Bonnier","avatar":"https:\/\/secure.gravatar.com\/avatar\/b88264736bb0bc0d1ea92298aef02c9f98cfc13c7484130c42c663ae484f9462?s=96&d=mm&r=g"},"featured_image":false,"bloginfo":{"name":"\u00c5ke Bonnier","url":"https:\/\/blogg.svenskakyrkan.se\/akebonnier"},"_links":{"self":[{"href":"https:\/\/blogg.svenskakyrkan.se\/akebonnier\/wp-json\/wp\/v2\/posts\/959","targetHints":{"allow":["GET"]}}],"collection":[{"href":"https:\/\/blogg.svenskakyrkan.se\/akebonnier\/wp-json\/wp\/v2\/posts"}],"about":[{"href":"https:\/\/blogg.svenskakyrkan.se\/akebonnier\/wp-json\/wp\/v2\/types\/post"}],"author":[{"embeddable":true,"href":"https:\/\/blogg.svenskakyrkan.se\/akebonnier\/wp-json\/wp\/v2\/users\/108"}],"replies":[{"embeddable":true,"href":"https:\/\/blogg.svenskakyrkan.se\/akebonnier\/wp-json\/wp\/v2\/comments?post=959"}],"version-history":[{"count":4,"href":"https:\/\/blogg.svenskakyrkan.se\/akebonnier\/wp-json\/wp\/v2\/posts\/959\/revisions"}],"predecessor-version":[{"id":963,"href":"https:\/\/blogg.svenskakyrkan.se\/akebonnier\/wp-json\/wp\/v2\/posts\/959\/revisions\/963"}],"wp:attachment":[{"href":"https:\/\/blogg.svenskakyrkan.se\/akebonnier\/wp-json\/wp\/v2\/media?parent=959"}],"wp:term":[{"taxonomy":"category","embeddable":true,"href":"https:\/\/blogg.svenskakyrkan.se\/akebonnier\/wp-json\/wp\/v2\/categories?post=959"},{"taxonomy":"post_tag","embeddable":true,"href":"https:\/\/blogg.svenskakyrkan.se\/akebonnier\/wp-json\/wp\/v2\/tags?post=959"}],"curies":[{"name":"wp","href":"https:\/\/api.w.org\/{rel}","templated":true}]}}