{"id":967,"date":"2012-10-14T20:47:58","date_gmt":"2012-10-14T18:47:58","guid":{"rendered":"http:\/\/blogg.svenskakyrkan.se\/akebonnier\/?p=967"},"modified":"2012-10-14T21:09:15","modified_gmt":"2012-10-14T19:09:15","slug":"tack-min-gud","status":"publish","type":"post","link":"https:\/\/blogg.svenskakyrkan.se\/akebonnier\/2012\/10\/14\/tack-min-gud\/","title":{"rendered":"Tack min Gud&#8230;"},"content":{"rendered":"<p>Nu stundar aftonen denna Tacks\u00e4gelsedag och hustrun och jag har varit i gudstj\u00e4nst i en kyrka i grannstiftet. Vi var inte s\u00e5 m\u00e5nga men pr\u00e4sten h\u00f6ll en str\u00e5lande predikan, kantorn och cellisten spelade ljuvligt, en liten auktion h\u00f6lls direkt efter gudstj\u00e4nsten inne i kyrkan d\u00e4r rotfrukter, br\u00f6d, marmelad och annat auktionerades bort och kyrkkaffe serverades l\u00e4ngst ned i kyrkg\u00e5ngen. Vi firade Tacks\u00e4gelsedag och p\u00e5mindes om tacksamhet, om Gudstillit och annat.<\/p>\n<p>Vi talar ofta om att tacka Gud f\u00f6r olika saker, tacka Gud f\u00f6r v\u00e4nner, f\u00f6r milj\u00f6n, f\u00f6r familj, f\u00f6r mat p\u00e5 bordet och mycket, mycket annat. Jag inst\u00e4mmer i p\u00e5st\u00e5endet att tacksamheten \u00e4r en hj\u00e4lp att se vad vi faktiskt har och vara tacksam \u00f6ver detta, se att vi \u00e4r omslutna av Guds omsorg och tacka Gud f\u00f6r det ocks\u00e5 d\u00e5 vi nte riktigt k\u00e4nner n\u00e5gon gudsn\u00e4rvaro. Jag h\u00e4vdar med best\u00e4mdhet att detta med att tacka Gud hj\u00e4lper oss att se att tillvaron \u00e4r st\u00f6rre \u00e4n vi oftast f\u00f6rst\u00e5r.<\/p>\n<p>Idag vill jag tacka Gud f\u00f6r Svenska kyrkan. Vi har en fantastisk kyrka i Sverige, en kyrka som \u00e4r inkluderande, en kyrka d\u00e4r m\u00e5nga uppfattningar ryms, en kyrka d\u00e4r det inte finns krav att tro p\u00e5 ett visst s\u00e4tt f\u00f6r att f\u00e5 vara medlem men d\u00e4r det samtidigt finns en l\u00e4ra som \u00e4r tydlig. Jag tackar Gud f\u00f6r Svenska kyrkan som st\u00e5r i en l\u00e5ng tradition som g\u00e5r tillbaka till apostlarna, en kyrka som gl\u00e4ds \u00f6ver reformationen och som h\u00e5ller evangeliet om Jesus Kristus, Gud i m\u00e4nsklig gestalt, den korsf\u00e4ste och uppst\u00e5dne, h\u00f6gst. Jag tackar Gud att vi \u00e4r m\u00e5nga som f\u00e5r vara med och tillsammans bygga vidare p\u00e5 denna kyrka! Jag tackar Gud f\u00f6r v\u00e5r kyrka som vill vandra med andra och olikt\u00e4nkande ( och som g\u00f6r det i god ekumenisk och interreligi\u00f6s anda). Jag tackar Gud f\u00f6r min kyrka som \u00e4r engagerad socialt och som ser till mnniskor l\u00e5ngt ut\u00f6ver de egna gr\u00e4nserna. Jag \u00e4r stolt \u00f6ver att f\u00e5 tj\u00e4na i Svenska kyrkan. Jag vet att kyrkan har sina brister. Men Svenska kyrkan, liksom alla trossamfund, best\u00e5r av m\u00e4nniskor. Vi \u00e4r en skara f\u00f6rl\u00e5tna syndare. Men vi f\u00e5r vara i v\u00e5r kyrka, verka i v\u00e5r kyrka och gl\u00e4djas med varandra \u00f6ver allt det goda som sker av Gud och till Guds \u00e4ra!<\/p>\n<p>S\u00e5 tack min Gud f\u00f6r Svenska kyrkan!<\/p>\n","protected":false},"excerpt":{"rendered":"<p>Nu stundar aftonen denna Tacks\u00e4gelsedag och hustrun och jag har varit i gudstj\u00e4nst i en kyrka i grannstiftet. Vi var inte s\u00e5 m\u00e5nga men pr\u00e4sten h\u00f6ll en str\u00e5lande predikan, kantorn och cellisten spelade ljuvligt, en liten auktion h\u00f6lls direkt efter gudstj\u00e4nsten inne i kyrkan d\u00e4r rotfrukter, br\u00f6d, marmelad och annat auktionerades bort och kyrkkaffe serverades [&hellip;]<\/p>\n","protected":false},"author":108,"featured_media":0,"comment_status":"open","ping_status":"open","sticky":false,"template":"","format":"standard","meta":{"_acf_changed":false,"footnotes":""},"categories":[9],"tags":[],"class_list":["post-967","post","type-post","status-publish","format-standard","hentry","category-okategoriserade"],"acf":[],"yoast_head":"<!-- This site is optimized with the Yoast SEO plugin v27.1.1 - https:\/\/yoast.com\/product\/yoast-seo-wordpress\/ -->\n<title>Tack min Gud... - \u00c5ke Bonnier<\/title>\n<meta name=\"robots\" content=\"index, follow, max-snippet:-1, max-image-preview:large, max-video-preview:-1\" \/>\n<link rel=\"canonical\" href=\"https:\/\/blogg.svenskakyrkan.se\/akebonnier\/2012\/10\/14\/tack-min-gud\/\" \/>\n<meta property=\"og:locale\" content=\"sv_SE\" \/>\n<meta property=\"og:type\" content=\"article\" \/>\n<meta property=\"og:title\" content=\"Tack min Gud... - \u00c5ke Bonnier\" \/>\n<meta property=\"og:description\" content=\"Nu stundar aftonen denna Tacks\u00e4gelsedag och hustrun och jag har varit i gudstj\u00e4nst i en kyrka i grannstiftet. Vi var inte s\u00e5 m\u00e5nga men pr\u00e4sten h\u00f6ll en str\u00e5lande predikan, kantorn och cellisten spelade ljuvligt, en liten auktion h\u00f6lls direkt efter gudstj\u00e4nsten inne i kyrkan d\u00e4r rotfrukter, br\u00f6d, marmelad och annat auktionerades bort och kyrkkaffe serverades [&hellip;]\" \/>\n<meta property=\"og:url\" content=\"https:\/\/blogg.svenskakyrkan.se\/akebonnier\/2012\/10\/14\/tack-min-gud\/\" \/>\n<meta property=\"og:site_name\" content=\"\u00c5ke Bonnier\" \/>\n<meta property=\"article:published_time\" content=\"2012-10-14T18:47:58+00:00\" \/>\n<meta property=\"article:modified_time\" content=\"2012-10-14T19:09:15+00:00\" \/>\n<meta name=\"author\" content=\"\u00c5ke Bonnier\" \/>\n<meta name=\"twitter:card\" content=\"summary_large_image\" \/>\n<meta name=\"twitter:label1\" content=\"Skriven av\" \/>\n\t<meta name=\"twitter:data1\" content=\"\u00c5ke Bonnier\" \/>\n\t<meta name=\"twitter:label2\" content=\"Ber\u00e4knad l\u00e4stid\" \/>\n\t<meta name=\"twitter:data2\" content=\"2 minuter\" \/>\n<script type=\"application\/ld+json\" class=\"yoast-schema-graph\">{\"@context\":\"https:\/\/schema.org\",\"@graph\":[{\"@type\":\"Article\",\"@id\":\"https:\/\/blogg.svenskakyrkan.se\/akebonnier\/2012\/10\/14\/tack-min-gud\/#article\",\"isPartOf\":{\"@id\":\"https:\/\/blogg.svenskakyrkan.se\/akebonnier\/2012\/10\/14\/tack-min-gud\/\"},\"author\":{\"name\":\"\u00c5ke Bonnier\",\"@id\":\"https:\/\/blogg.svenskakyrkan.se\/akebonnier\/#\/schema\/person\/8db68bc0c94f6a5a62df2d4486ff1343\"},\"headline\":\"Tack min Gud&#8230;\",\"datePublished\":\"2012-10-14T18:47:58+00:00\",\"dateModified\":\"2012-10-14T19:09:15+00:00\",\"mainEntityOfPage\":{\"@id\":\"https:\/\/blogg.svenskakyrkan.se\/akebonnier\/2012\/10\/14\/tack-min-gud\/\"},\"wordCount\":456,\"commentCount\":16,\"inLanguage\":\"sv-SE\",\"potentialAction\":[{\"@type\":\"CommentAction\",\"name\":\"Comment\",\"target\":[\"https:\/\/blogg.svenskakyrkan.se\/akebonnier\/2012\/10\/14\/tack-min-gud\/#respond\"]}]},{\"@type\":\"WebPage\",\"@id\":\"https:\/\/blogg.svenskakyrkan.se\/akebonnier\/2012\/10\/14\/tack-min-gud\/\",\"url\":\"https:\/\/blogg.svenskakyrkan.se\/akebonnier\/2012\/10\/14\/tack-min-gud\/\",\"name\":\"Tack min Gud... - \u00c5ke Bonnier\",\"isPartOf\":{\"@id\":\"https:\/\/blogg.svenskakyrkan.se\/akebonnier\/#website\"},\"datePublished\":\"2012-10-14T18:47:58+00:00\",\"dateModified\":\"2012-10-14T19:09:15+00:00\",\"author\":{\"@id\":\"https:\/\/blogg.svenskakyrkan.se\/akebonnier\/#\/schema\/person\/8db68bc0c94f6a5a62df2d4486ff1343\"},\"breadcrumb\":{\"@id\":\"https:\/\/blogg.svenskakyrkan.se\/akebonnier\/2012\/10\/14\/tack-min-gud\/#breadcrumb\"},\"inLanguage\":\"sv-SE\",\"potentialAction\":[{\"@type\":\"ReadAction\",\"target\":[\"https:\/\/blogg.svenskakyrkan.se\/akebonnier\/2012\/10\/14\/tack-min-gud\/\"]}]},{\"@type\":\"BreadcrumbList\",\"@id\":\"https:\/\/blogg.svenskakyrkan.se\/akebonnier\/2012\/10\/14\/tack-min-gud\/#breadcrumb\",\"itemListElement\":[{\"@type\":\"ListItem\",\"position\":1,\"name\":\"Hem\",\"item\":\"https:\/\/blogg.svenskakyrkan.se\/akebonnier\/\"},{\"@type\":\"ListItem\",\"position\":2,\"name\":\"Tack min Gud&#8230;\"}]},{\"@type\":\"WebSite\",\"@id\":\"https:\/\/blogg.svenskakyrkan.se\/akebonnier\/#website\",\"url\":\"https:\/\/blogg.svenskakyrkan.se\/akebonnier\/\",\"name\":\"\u00c5ke Bonnier\",\"description\":\"Biskop i Svenska kyrkan - Skara stift\",\"potentialAction\":[{\"@type\":\"SearchAction\",\"target\":{\"@type\":\"EntryPoint\",\"urlTemplate\":\"https:\/\/blogg.svenskakyrkan.se\/akebonnier\/?s={search_term_string}\"},\"query-input\":{\"@type\":\"PropertyValueSpecification\",\"valueRequired\":true,\"valueName\":\"search_term_string\"}}],\"inLanguage\":\"sv-SE\"},{\"@type\":\"Person\",\"@id\":\"https:\/\/blogg.svenskakyrkan.se\/akebonnier\/#\/schema\/person\/8db68bc0c94f6a5a62df2d4486ff1343\",\"name\":\"\u00c5ke Bonnier\",\"image\":{\"@type\":\"ImageObject\",\"inLanguage\":\"sv-SE\",\"@id\":\"https:\/\/blogg.svenskakyrkan.se\/akebonnier\/#\/schema\/person\/image\/\",\"url\":\"https:\/\/secure.gravatar.com\/avatar\/b88264736bb0bc0d1ea92298aef02c9f98cfc13c7484130c42c663ae484f9462?s=96&d=mm&r=g\",\"contentUrl\":\"https:\/\/secure.gravatar.com\/avatar\/b88264736bb0bc0d1ea92298aef02c9f98cfc13c7484130c42c663ae484f9462?s=96&d=mm&r=g\",\"caption\":\"\u00c5ke Bonnier\"},\"description\":\"Jag \u00e4r gift och har tv\u00e5 vuxna d\u00f6ttrar. Pr\u00e4stvigdes 1984 och biskopsvigs 26 augusti 2012 . Jag har tidigare bland annat varit, komminister och kyrkoherde i Liding\u00f6 f\u00f6rsamling och domprost i Stockholms domkyrkof\u00f6rsamling. Jag \u00e4r intresserad av konst, litteratur, teater, film. Jag tr\u00e4nar regelbundet p\u00e5 gym. Mitt huvudsakliga musikintresse \u00e4r klassisk musik men ocks\u00e5 Beatles, Elvis Presley, Monika Zettelund, Povel Ramel och m\u00e5nga andra tycker jag om att lyssna p\u00e5. Jag l\u00e4ser f\u00f6r lite sk\u00f6nlitteratur beroende p\u00e5 annat som jag m\u00e5ste l\u00e4sa i mitt uppdrag som biskop. Men jag \u00e4lskar b\u00f6cker. Naturligtvis l\u00e4ser jag n\u00e4st intill dagligdags i \\\"B\u00f6ckernas Bok.\\\"\",\"sameAs\":[\"http:\/\/www.skarastift.se\"],\"url\":\"https:\/\/blogg.svenskakyrkan.se\/akebonnier\/author\/akebonnier\/\"}]}<\/script>\n<!-- \/ Yoast SEO plugin. -->","yoast_head_json":{"title":"Tack min Gud... - \u00c5ke Bonnier","robots":{"index":"index","follow":"follow","max-snippet":"max-snippet:-1","max-image-preview":"max-image-preview:large","max-video-preview":"max-video-preview:-1"},"canonical":"https:\/\/blogg.svenskakyrkan.se\/akebonnier\/2012\/10\/14\/tack-min-gud\/","og_locale":"sv_SE","og_type":"article","og_title":"Tack min Gud... - \u00c5ke Bonnier","og_description":"Nu stundar aftonen denna Tacks\u00e4gelsedag och hustrun och jag har varit i gudstj\u00e4nst i en kyrka i grannstiftet. Vi var inte s\u00e5 m\u00e5nga men pr\u00e4sten h\u00f6ll en str\u00e5lande predikan, kantorn och cellisten spelade ljuvligt, en liten auktion h\u00f6lls direkt efter gudstj\u00e4nsten inne i kyrkan d\u00e4r rotfrukter, br\u00f6d, marmelad och annat auktionerades bort och kyrkkaffe serverades [&hellip;]","og_url":"https:\/\/blogg.svenskakyrkan.se\/akebonnier\/2012\/10\/14\/tack-min-gud\/","og_site_name":"\u00c5ke Bonnier","article_published_time":"2012-10-14T18:47:58+00:00","article_modified_time":"2012-10-14T19:09:15+00:00","author":"\u00c5ke Bonnier","twitter_card":"summary_large_image","twitter_misc":{"Skriven av":"\u00c5ke Bonnier","Ber\u00e4knad l\u00e4stid":"2 minuter"},"schema":{"@context":"https:\/\/schema.org","@graph":[{"@type":"Article","@id":"https:\/\/blogg.svenskakyrkan.se\/akebonnier\/2012\/10\/14\/tack-min-gud\/#article","isPartOf":{"@id":"https:\/\/blogg.svenskakyrkan.se\/akebonnier\/2012\/10\/14\/tack-min-gud\/"},"author":{"name":"\u00c5ke Bonnier","@id":"https:\/\/blogg.svenskakyrkan.se\/akebonnier\/#\/schema\/person\/8db68bc0c94f6a5a62df2d4486ff1343"},"headline":"Tack min Gud&#8230;","datePublished":"2012-10-14T18:47:58+00:00","dateModified":"2012-10-14T19:09:15+00:00","mainEntityOfPage":{"@id":"https:\/\/blogg.svenskakyrkan.se\/akebonnier\/2012\/10\/14\/tack-min-gud\/"},"wordCount":456,"commentCount":16,"inLanguage":"sv-SE","potentialAction":[{"@type":"CommentAction","name":"Comment","target":["https:\/\/blogg.svenskakyrkan.se\/akebonnier\/2012\/10\/14\/tack-min-gud\/#respond"]}]},{"@type":"WebPage","@id":"https:\/\/blogg.svenskakyrkan.se\/akebonnier\/2012\/10\/14\/tack-min-gud\/","url":"https:\/\/blogg.svenskakyrkan.se\/akebonnier\/2012\/10\/14\/tack-min-gud\/","name":"Tack min Gud... - \u00c5ke Bonnier","isPartOf":{"@id":"https:\/\/blogg.svenskakyrkan.se\/akebonnier\/#website"},"datePublished":"2012-10-14T18:47:58+00:00","dateModified":"2012-10-14T19:09:15+00:00","author":{"@id":"https:\/\/blogg.svenskakyrkan.se\/akebonnier\/#\/schema\/person\/8db68bc0c94f6a5a62df2d4486ff1343"},"breadcrumb":{"@id":"https:\/\/blogg.svenskakyrkan.se\/akebonnier\/2012\/10\/14\/tack-min-gud\/#breadcrumb"},"inLanguage":"sv-SE","potentialAction":[{"@type":"ReadAction","target":["https:\/\/blogg.svenskakyrkan.se\/akebonnier\/2012\/10\/14\/tack-min-gud\/"]}]},{"@type":"BreadcrumbList","@id":"https:\/\/blogg.svenskakyrkan.se\/akebonnier\/2012\/10\/14\/tack-min-gud\/#breadcrumb","itemListElement":[{"@type":"ListItem","position":1,"name":"Hem","item":"https:\/\/blogg.svenskakyrkan.se\/akebonnier\/"},{"@type":"ListItem","position":2,"name":"Tack min Gud&#8230;"}]},{"@type":"WebSite","@id":"https:\/\/blogg.svenskakyrkan.se\/akebonnier\/#website","url":"https:\/\/blogg.svenskakyrkan.se\/akebonnier\/","name":"\u00c5ke Bonnier","description":"Biskop i Svenska kyrkan - Skara stift","potentialAction":[{"@type":"SearchAction","target":{"@type":"EntryPoint","urlTemplate":"https:\/\/blogg.svenskakyrkan.se\/akebonnier\/?s={search_term_string}"},"query-input":{"@type":"PropertyValueSpecification","valueRequired":true,"valueName":"search_term_string"}}],"inLanguage":"sv-SE"},{"@type":"Person","@id":"https:\/\/blogg.svenskakyrkan.se\/akebonnier\/#\/schema\/person\/8db68bc0c94f6a5a62df2d4486ff1343","name":"\u00c5ke Bonnier","image":{"@type":"ImageObject","inLanguage":"sv-SE","@id":"https:\/\/blogg.svenskakyrkan.se\/akebonnier\/#\/schema\/person\/image\/","url":"https:\/\/secure.gravatar.com\/avatar\/b88264736bb0bc0d1ea92298aef02c9f98cfc13c7484130c42c663ae484f9462?s=96&d=mm&r=g","contentUrl":"https:\/\/secure.gravatar.com\/avatar\/b88264736bb0bc0d1ea92298aef02c9f98cfc13c7484130c42c663ae484f9462?s=96&d=mm&r=g","caption":"\u00c5ke Bonnier"},"description":"Jag \u00e4r gift och har tv\u00e5 vuxna d\u00f6ttrar. Pr\u00e4stvigdes 1984 och biskopsvigs 26 augusti 2012 . Jag har tidigare bland annat varit, komminister och kyrkoherde i Liding\u00f6 f\u00f6rsamling och domprost i Stockholms domkyrkof\u00f6rsamling. Jag \u00e4r intresserad av konst, litteratur, teater, film. Jag tr\u00e4nar regelbundet p\u00e5 gym. Mitt huvudsakliga musikintresse \u00e4r klassisk musik men ocks\u00e5 Beatles, Elvis Presley, Monika Zettelund, Povel Ramel och m\u00e5nga andra tycker jag om att lyssna p\u00e5. Jag l\u00e4ser f\u00f6r lite sk\u00f6nlitteratur beroende p\u00e5 annat som jag m\u00e5ste l\u00e4sa i mitt uppdrag som biskop. Men jag \u00e4lskar b\u00f6cker. Naturligtvis l\u00e4ser jag n\u00e4st intill dagligdags i \"B\u00f6ckernas Bok.\"","sameAs":["http:\/\/www.skarastift.se"],"url":"https:\/\/blogg.svenskakyrkan.se\/akebonnier\/author\/akebonnier\/"}]}},"author_meta":{"ID":"108","user_nicename":"akebonnier","user_url":"http:\/\/www.skarastift.se","user_registered":"2011-10-11 09:24:48","display_name":"\u00c5ke Bonnier","first_name":"\u00c5ke","last_name":"Bonnier","avatar":"https:\/\/secure.gravatar.com\/avatar\/b88264736bb0bc0d1ea92298aef02c9f98cfc13c7484130c42c663ae484f9462?s=96&d=mm&r=g"},"featured_image":false,"bloginfo":{"name":"\u00c5ke Bonnier","url":"https:\/\/blogg.svenskakyrkan.se\/akebonnier"},"_links":{"self":[{"href":"https:\/\/blogg.svenskakyrkan.se\/akebonnier\/wp-json\/wp\/v2\/posts\/967","targetHints":{"allow":["GET"]}}],"collection":[{"href":"https:\/\/blogg.svenskakyrkan.se\/akebonnier\/wp-json\/wp\/v2\/posts"}],"about":[{"href":"https:\/\/blogg.svenskakyrkan.se\/akebonnier\/wp-json\/wp\/v2\/types\/post"}],"author":[{"embeddable":true,"href":"https:\/\/blogg.svenskakyrkan.se\/akebonnier\/wp-json\/wp\/v2\/users\/108"}],"replies":[{"embeddable":true,"href":"https:\/\/blogg.svenskakyrkan.se\/akebonnier\/wp-json\/wp\/v2\/comments?post=967"}],"version-history":[{"count":6,"href":"https:\/\/blogg.svenskakyrkan.se\/akebonnier\/wp-json\/wp\/v2\/posts\/967\/revisions"}],"predecessor-version":[{"id":969,"href":"https:\/\/blogg.svenskakyrkan.se\/akebonnier\/wp-json\/wp\/v2\/posts\/967\/revisions\/969"}],"wp:attachment":[{"href":"https:\/\/blogg.svenskakyrkan.se\/akebonnier\/wp-json\/wp\/v2\/media?parent=967"}],"wp:term":[{"taxonomy":"category","embeddable":true,"href":"https:\/\/blogg.svenskakyrkan.se\/akebonnier\/wp-json\/wp\/v2\/categories?post=967"},{"taxonomy":"post_tag","embeddable":true,"href":"https:\/\/blogg.svenskakyrkan.se\/akebonnier\/wp-json\/wp\/v2\/tags?post=967"}],"curies":[{"name":"wp","href":"https:\/\/api.w.org\/{rel}","templated":true}]}}