{"id":984,"date":"2012-10-31T21:35:14","date_gmt":"2012-10-31T20:35:14","guid":{"rendered":"http:\/\/blogg.svenskakyrkan.se\/akebonnier\/?p=984"},"modified":"2012-10-31T21:35:14","modified_gmt":"2012-10-31T20:35:14","slug":"varfor-ska-vi-trosta","status":"publish","type":"post","link":"https:\/\/blogg.svenskakyrkan.se\/akebonnier\/2012\/10\/31\/varfor-ska-vi-trosta\/","title":{"rendered":"Varf\u00f6r ska vi tr\u00f6sta?"},"content":{"rendered":"<p>Fr\u00e5gan i rubriken kan tyckas konstig. \u00c4r det inte sj\u00e4lvklart att vi ska tr\u00f6sta eller \u00e5tminstone f\u00f6rs\u00f6ka tr\u00f6sta en medm\u00e4nniska som \u00e4r drabbad? Ska vi inte g\u00f6ra allt som st\u00e5r i v\u00e5r makt f\u00f6r att tr\u00f6sta, f\u00f6r att f\u00f6r\u00e4ndra, f\u00f6r att hj\u00e4lpa en m\u00e4nniska att g\u00e5 fr\u00e5n sorg till gl\u00e4dje? \u00c4r det inte just kyrkans uppgift att tr\u00f6sta, att komma med tr\u00f6stande ord n\u00e4r livet g\u00f6r m\u00e4nniskor illa?<\/p>\n<p>Men varf\u00f6r ska vi tr\u00f6sta? Och kan vi alls tr\u00f6sta? Ibland kan jag t\u00e4nka att tr\u00f6stande egentligen handlar om att f\u00f6rs\u00f6ka hantera den egna oron, den egna \u00e5ngesten, den egna os\u00e4kerheten inf\u00f6r andras sorg. Sorgen \u00e4r ju ofta hotande f\u00f6r omv\u00e4rlden. &#8221;Du ska se att det blir b\u00e4ttre&#8230;&#8221; \u00e4r en vanligt f\u00f6rekommande replik. Ibland tids\u00e4tter vi sorgen p\u00e5 ett s\u00e5dant s\u00e4tt att det ska bli b\u00e4ttre efter ett \u00e5r, efter att man upplevt allt det som ett livs\u00e5r brukar inrymma; den f\u00f6rsta julen, den f\u00f6rsta f\u00f6delsedagen, den f\u00f6rsta midsommaren, den f\u00f6rsta&#8230; o s v. Det blir l\u00e4ttare n\u00e4r ett \u00e5r har g\u00e5tt kan den som varit med om det hela s\u00e4ga. Och visst kanske det \u00e4r s\u00e5, eller var s\u00e5, f\u00f6r den som hade den erfarenheten. Men det \u00e4r inte s\u00e5 s\u00e4kert att det \u00e4r s\u00e5 f\u00f6r alla. Tr\u00f6standet kanske d\u00e5 handlar om det desperata f\u00f6rs\u00f6ket att f\u00e5 p\u00e5st\u00e5endet om b\u00e4ttre tider att besannas. Varf\u00f6r ska vi tr\u00f6sta?<\/p>\n<p>Kan vi alls tr\u00f6sta n\u00e5gon annan? Jag \u00e4r inte s\u00e4ker och ju mer jag t\u00e4nker p\u00e5 tr\u00f6sten som begrepp ju mer inser jag att det inte handlar om ord utan om n\u00e4rvaro. Ord blir s\u00e5 l\u00e4tt fyrkantiga i sorgens sammanhang. \u00c4ven det religi\u00f6sa spr\u00e5ket kan k\u00e4nnas fyrkantigt. Att tala om att n\u00e5gon finns hos Gud, har det bra, inte l\u00e4ngre lider \u00e4r ju ett underbart budskap &#8211; men f\u00f6r vem? N\u00e4r man s\u00f6rjer sl\u00e5r egoismen till med enorm styrka. Det hj\u00e4lper inte att ens \u00e4lskade \u00e4r hos Gud. Man vill ju att den man f\u00f6rlorat ska komma tillbaka, ska vara hos en sj\u00e4lv, ska finnas n\u00e4ra och dela livet. D\u00e4rf\u00f6r g\u00f6r sorgen s\u00e5 ont f\u00f6r den \u00e4r en f\u00f6rlust av n\u00e5got som man i de allra flesta fall inte vill f\u00f6rlora. Jo, man kan t\u00e4nka att det nog vore sk\u00f6nast f\u00f6r vederb\u00f6rande att f\u00e5 d\u00f6, att f\u00e5 slippa sm\u00e4rtan, att f\u00e5 slippa den t\u00e4rande sjukdomen. Men samtidigt vill man ju inte f\u00f6rlora den man har k\u00e4r.<\/p>\n<p>Vad kan vi g\u00f6ra i sorgens tid, alla vi som finns runt omkring? Kanske handlar det just om att finnas runt omkring, att lyssna om och om igen till den som om och om igen beh\u00f6ver ge uttryck f\u00f6r sin sorg och saknad. kanske handlar det om att vandra ett stycke p\u00e5 v\u00e4gen, ibland ett ganska l\u00e5ngt stycke, tillsammans med den som s\u00f6rjer &#8211; som en medvandrare som inte har svaret med stort S men som finns d\u00e4r, som b\u00e4r b\u00e5de bildligt och bokstavligt n\u00e4r allting bara \u00e4r m\u00f6rker. Kanske \u00e4r det mer &#8221;tr\u00f6stande&#8221; \u00e4n ord. Jag vill tro det.<\/p>\n<p>Denna kommande helg \u00e4r sorgens helg, minnenas helg, ljusens och kransarnas helg och v\u00e5ra kyrkog\u00e5rdar fylls av m\u00e4nniskor som l\u00e4ngtar, som s\u00f6rjer, som skrattar, som gr\u00e5ter. Kanske kan\u00a0Din\u00a0uppgift vara att\u00a0just vara en medvandrare utan de f\u00f6rl\u00f6sande orden? Det kan betyda s\u00e5 gr\u00e4nsl\u00f6st mycket.<\/p>\n<p>Men Jesus d\u00e5? Tr\u00f6star inte han? Jag tror inte att Jesus tr\u00f6star men jag vet att Han delar, jag vet att Han \u00e4r d\u00e4r ocks\u00e5 i det allra svartaste. Han f\u00e5r vara v\u00e5r f\u00f6rebild. Han \u00e4r ljuset som lyser i m\u00f6rkret och som m\u00f6rkret inte f\u00e5tt makt \u00f6ver. Men ljuset lyser just i m\u00f6rkret. S\u00e5 f\u00e5r vi vara varandras ljus i m\u00f6rkret.\u00a0Vi kan inte\u00a0tr\u00f6sta bort det m\u00f6rka men vi kan vandra med, visa en v\u00e4g trots allt och mitt i allt.<\/p>\n","protected":false},"excerpt":{"rendered":"<p>Fr\u00e5gan i rubriken kan tyckas konstig. \u00c4r det inte sj\u00e4lvklart att vi ska tr\u00f6sta eller \u00e5tminstone f\u00f6rs\u00f6ka tr\u00f6sta en medm\u00e4nniska som \u00e4r drabbad? Ska vi inte g\u00f6ra allt som st\u00e5r i v\u00e5r makt f\u00f6r att tr\u00f6sta, f\u00f6r att f\u00f6r\u00e4ndra, f\u00f6r att hj\u00e4lpa en m\u00e4nniska att g\u00e5 fr\u00e5n sorg till gl\u00e4dje? \u00c4r det inte just kyrkans [&hellip;]<\/p>\n","protected":false},"author":108,"featured_media":0,"comment_status":"open","ping_status":"open","sticky":false,"template":"","format":"standard","meta":{"_acf_changed":false,"footnotes":""},"categories":[9],"tags":[],"class_list":["post-984","post","type-post","status-publish","format-standard","hentry","category-okategoriserade"],"acf":[],"yoast_head":"<!-- This site is optimized with the Yoast SEO plugin v27.1.1 - https:\/\/yoast.com\/product\/yoast-seo-wordpress\/ -->\n<title>Varf\u00f6r ska vi tr\u00f6sta? - \u00c5ke Bonnier<\/title>\n<meta name=\"robots\" content=\"index, follow, max-snippet:-1, max-image-preview:large, max-video-preview:-1\" \/>\n<link rel=\"canonical\" href=\"https:\/\/blogg.svenskakyrkan.se\/akebonnier\/2012\/10\/31\/varfor-ska-vi-trosta\/\" \/>\n<meta property=\"og:locale\" content=\"sv_SE\" \/>\n<meta property=\"og:type\" content=\"article\" \/>\n<meta property=\"og:title\" content=\"Varf\u00f6r ska vi tr\u00f6sta? - \u00c5ke Bonnier\" \/>\n<meta property=\"og:description\" content=\"Fr\u00e5gan i rubriken kan tyckas konstig. \u00c4r det inte sj\u00e4lvklart att vi ska tr\u00f6sta eller \u00e5tminstone f\u00f6rs\u00f6ka tr\u00f6sta en medm\u00e4nniska som \u00e4r drabbad? Ska vi inte g\u00f6ra allt som st\u00e5r i v\u00e5r makt f\u00f6r att tr\u00f6sta, f\u00f6r att f\u00f6r\u00e4ndra, f\u00f6r att hj\u00e4lpa en m\u00e4nniska att g\u00e5 fr\u00e5n sorg till gl\u00e4dje? \u00c4r det inte just kyrkans [&hellip;]\" \/>\n<meta property=\"og:url\" content=\"https:\/\/blogg.svenskakyrkan.se\/akebonnier\/2012\/10\/31\/varfor-ska-vi-trosta\/\" \/>\n<meta property=\"og:site_name\" content=\"\u00c5ke Bonnier\" \/>\n<meta property=\"article:published_time\" content=\"2012-10-31T20:35:14+00:00\" \/>\n<meta name=\"author\" content=\"\u00c5ke Bonnier\" \/>\n<meta name=\"twitter:card\" content=\"summary_large_image\" \/>\n<meta name=\"twitter:label1\" content=\"Skriven av\" \/>\n\t<meta name=\"twitter:data1\" content=\"\u00c5ke Bonnier\" \/>\n\t<meta name=\"twitter:label2\" content=\"Ber\u00e4knad l\u00e4stid\" \/>\n\t<meta name=\"twitter:data2\" content=\"4 minuter\" \/>\n<script type=\"application\/ld+json\" class=\"yoast-schema-graph\">{\"@context\":\"https:\/\/schema.org\",\"@graph\":[{\"@type\":\"Article\",\"@id\":\"https:\/\/blogg.svenskakyrkan.se\/akebonnier\/2012\/10\/31\/varfor-ska-vi-trosta\/#article\",\"isPartOf\":{\"@id\":\"https:\/\/blogg.svenskakyrkan.se\/akebonnier\/2012\/10\/31\/varfor-ska-vi-trosta\/\"},\"author\":{\"name\":\"\u00c5ke Bonnier\",\"@id\":\"https:\/\/blogg.svenskakyrkan.se\/akebonnier\/#\/schema\/person\/8db68bc0c94f6a5a62df2d4486ff1343\"},\"headline\":\"Varf\u00f6r ska vi tr\u00f6sta?\",\"datePublished\":\"2012-10-31T20:35:14+00:00\",\"mainEntityOfPage\":{\"@id\":\"https:\/\/blogg.svenskakyrkan.se\/akebonnier\/2012\/10\/31\/varfor-ska-vi-trosta\/\"},\"wordCount\":762,\"commentCount\":8,\"inLanguage\":\"sv-SE\",\"potentialAction\":[{\"@type\":\"CommentAction\",\"name\":\"Comment\",\"target\":[\"https:\/\/blogg.svenskakyrkan.se\/akebonnier\/2012\/10\/31\/varfor-ska-vi-trosta\/#respond\"]}]},{\"@type\":\"WebPage\",\"@id\":\"https:\/\/blogg.svenskakyrkan.se\/akebonnier\/2012\/10\/31\/varfor-ska-vi-trosta\/\",\"url\":\"https:\/\/blogg.svenskakyrkan.se\/akebonnier\/2012\/10\/31\/varfor-ska-vi-trosta\/\",\"name\":\"Varf\u00f6r ska vi tr\u00f6sta? - \u00c5ke Bonnier\",\"isPartOf\":{\"@id\":\"https:\/\/blogg.svenskakyrkan.se\/akebonnier\/#website\"},\"datePublished\":\"2012-10-31T20:35:14+00:00\",\"author\":{\"@id\":\"https:\/\/blogg.svenskakyrkan.se\/akebonnier\/#\/schema\/person\/8db68bc0c94f6a5a62df2d4486ff1343\"},\"breadcrumb\":{\"@id\":\"https:\/\/blogg.svenskakyrkan.se\/akebonnier\/2012\/10\/31\/varfor-ska-vi-trosta\/#breadcrumb\"},\"inLanguage\":\"sv-SE\",\"potentialAction\":[{\"@type\":\"ReadAction\",\"target\":[\"https:\/\/blogg.svenskakyrkan.se\/akebonnier\/2012\/10\/31\/varfor-ska-vi-trosta\/\"]}]},{\"@type\":\"BreadcrumbList\",\"@id\":\"https:\/\/blogg.svenskakyrkan.se\/akebonnier\/2012\/10\/31\/varfor-ska-vi-trosta\/#breadcrumb\",\"itemListElement\":[{\"@type\":\"ListItem\",\"position\":1,\"name\":\"Hem\",\"item\":\"https:\/\/blogg.svenskakyrkan.se\/akebonnier\/\"},{\"@type\":\"ListItem\",\"position\":2,\"name\":\"Varf\u00f6r ska vi tr\u00f6sta?\"}]},{\"@type\":\"WebSite\",\"@id\":\"https:\/\/blogg.svenskakyrkan.se\/akebonnier\/#website\",\"url\":\"https:\/\/blogg.svenskakyrkan.se\/akebonnier\/\",\"name\":\"\u00c5ke Bonnier\",\"description\":\"Biskop i Svenska kyrkan - Skara stift\",\"potentialAction\":[{\"@type\":\"SearchAction\",\"target\":{\"@type\":\"EntryPoint\",\"urlTemplate\":\"https:\/\/blogg.svenskakyrkan.se\/akebonnier\/?s={search_term_string}\"},\"query-input\":{\"@type\":\"PropertyValueSpecification\",\"valueRequired\":true,\"valueName\":\"search_term_string\"}}],\"inLanguage\":\"sv-SE\"},{\"@type\":\"Person\",\"@id\":\"https:\/\/blogg.svenskakyrkan.se\/akebonnier\/#\/schema\/person\/8db68bc0c94f6a5a62df2d4486ff1343\",\"name\":\"\u00c5ke Bonnier\",\"image\":{\"@type\":\"ImageObject\",\"inLanguage\":\"sv-SE\",\"@id\":\"https:\/\/blogg.svenskakyrkan.se\/akebonnier\/#\/schema\/person\/image\/\",\"url\":\"https:\/\/secure.gravatar.com\/avatar\/b88264736bb0bc0d1ea92298aef02c9f98cfc13c7484130c42c663ae484f9462?s=96&d=mm&r=g\",\"contentUrl\":\"https:\/\/secure.gravatar.com\/avatar\/b88264736bb0bc0d1ea92298aef02c9f98cfc13c7484130c42c663ae484f9462?s=96&d=mm&r=g\",\"caption\":\"\u00c5ke Bonnier\"},\"description\":\"Jag \u00e4r gift och har tv\u00e5 vuxna d\u00f6ttrar. Pr\u00e4stvigdes 1984 och biskopsvigs 26 augusti 2012 . Jag har tidigare bland annat varit, komminister och kyrkoherde i Liding\u00f6 f\u00f6rsamling och domprost i Stockholms domkyrkof\u00f6rsamling. Jag \u00e4r intresserad av konst, litteratur, teater, film. Jag tr\u00e4nar regelbundet p\u00e5 gym. Mitt huvudsakliga musikintresse \u00e4r klassisk musik men ocks\u00e5 Beatles, Elvis Presley, Monika Zettelund, Povel Ramel och m\u00e5nga andra tycker jag om att lyssna p\u00e5. Jag l\u00e4ser f\u00f6r lite sk\u00f6nlitteratur beroende p\u00e5 annat som jag m\u00e5ste l\u00e4sa i mitt uppdrag som biskop. Men jag \u00e4lskar b\u00f6cker. Naturligtvis l\u00e4ser jag n\u00e4st intill dagligdags i \\\"B\u00f6ckernas Bok.\\\"\",\"sameAs\":[\"http:\/\/www.skarastift.se\"],\"url\":\"https:\/\/blogg.svenskakyrkan.se\/akebonnier\/author\/akebonnier\/\"}]}<\/script>\n<!-- \/ Yoast SEO plugin. -->","yoast_head_json":{"title":"Varf\u00f6r ska vi tr\u00f6sta? - \u00c5ke Bonnier","robots":{"index":"index","follow":"follow","max-snippet":"max-snippet:-1","max-image-preview":"max-image-preview:large","max-video-preview":"max-video-preview:-1"},"canonical":"https:\/\/blogg.svenskakyrkan.se\/akebonnier\/2012\/10\/31\/varfor-ska-vi-trosta\/","og_locale":"sv_SE","og_type":"article","og_title":"Varf\u00f6r ska vi tr\u00f6sta? - \u00c5ke Bonnier","og_description":"Fr\u00e5gan i rubriken kan tyckas konstig. \u00c4r det inte sj\u00e4lvklart att vi ska tr\u00f6sta eller \u00e5tminstone f\u00f6rs\u00f6ka tr\u00f6sta en medm\u00e4nniska som \u00e4r drabbad? Ska vi inte g\u00f6ra allt som st\u00e5r i v\u00e5r makt f\u00f6r att tr\u00f6sta, f\u00f6r att f\u00f6r\u00e4ndra, f\u00f6r att hj\u00e4lpa en m\u00e4nniska att g\u00e5 fr\u00e5n sorg till gl\u00e4dje? \u00c4r det inte just kyrkans [&hellip;]","og_url":"https:\/\/blogg.svenskakyrkan.se\/akebonnier\/2012\/10\/31\/varfor-ska-vi-trosta\/","og_site_name":"\u00c5ke Bonnier","article_published_time":"2012-10-31T20:35:14+00:00","author":"\u00c5ke Bonnier","twitter_card":"summary_large_image","twitter_misc":{"Skriven av":"\u00c5ke Bonnier","Ber\u00e4knad l\u00e4stid":"4 minuter"},"schema":{"@context":"https:\/\/schema.org","@graph":[{"@type":"Article","@id":"https:\/\/blogg.svenskakyrkan.se\/akebonnier\/2012\/10\/31\/varfor-ska-vi-trosta\/#article","isPartOf":{"@id":"https:\/\/blogg.svenskakyrkan.se\/akebonnier\/2012\/10\/31\/varfor-ska-vi-trosta\/"},"author":{"name":"\u00c5ke Bonnier","@id":"https:\/\/blogg.svenskakyrkan.se\/akebonnier\/#\/schema\/person\/8db68bc0c94f6a5a62df2d4486ff1343"},"headline":"Varf\u00f6r ska vi tr\u00f6sta?","datePublished":"2012-10-31T20:35:14+00:00","mainEntityOfPage":{"@id":"https:\/\/blogg.svenskakyrkan.se\/akebonnier\/2012\/10\/31\/varfor-ska-vi-trosta\/"},"wordCount":762,"commentCount":8,"inLanguage":"sv-SE","potentialAction":[{"@type":"CommentAction","name":"Comment","target":["https:\/\/blogg.svenskakyrkan.se\/akebonnier\/2012\/10\/31\/varfor-ska-vi-trosta\/#respond"]}]},{"@type":"WebPage","@id":"https:\/\/blogg.svenskakyrkan.se\/akebonnier\/2012\/10\/31\/varfor-ska-vi-trosta\/","url":"https:\/\/blogg.svenskakyrkan.se\/akebonnier\/2012\/10\/31\/varfor-ska-vi-trosta\/","name":"Varf\u00f6r ska vi tr\u00f6sta? - \u00c5ke Bonnier","isPartOf":{"@id":"https:\/\/blogg.svenskakyrkan.se\/akebonnier\/#website"},"datePublished":"2012-10-31T20:35:14+00:00","author":{"@id":"https:\/\/blogg.svenskakyrkan.se\/akebonnier\/#\/schema\/person\/8db68bc0c94f6a5a62df2d4486ff1343"},"breadcrumb":{"@id":"https:\/\/blogg.svenskakyrkan.se\/akebonnier\/2012\/10\/31\/varfor-ska-vi-trosta\/#breadcrumb"},"inLanguage":"sv-SE","potentialAction":[{"@type":"ReadAction","target":["https:\/\/blogg.svenskakyrkan.se\/akebonnier\/2012\/10\/31\/varfor-ska-vi-trosta\/"]}]},{"@type":"BreadcrumbList","@id":"https:\/\/blogg.svenskakyrkan.se\/akebonnier\/2012\/10\/31\/varfor-ska-vi-trosta\/#breadcrumb","itemListElement":[{"@type":"ListItem","position":1,"name":"Hem","item":"https:\/\/blogg.svenskakyrkan.se\/akebonnier\/"},{"@type":"ListItem","position":2,"name":"Varf\u00f6r ska vi tr\u00f6sta?"}]},{"@type":"WebSite","@id":"https:\/\/blogg.svenskakyrkan.se\/akebonnier\/#website","url":"https:\/\/blogg.svenskakyrkan.se\/akebonnier\/","name":"\u00c5ke Bonnier","description":"Biskop i Svenska kyrkan - Skara stift","potentialAction":[{"@type":"SearchAction","target":{"@type":"EntryPoint","urlTemplate":"https:\/\/blogg.svenskakyrkan.se\/akebonnier\/?s={search_term_string}"},"query-input":{"@type":"PropertyValueSpecification","valueRequired":true,"valueName":"search_term_string"}}],"inLanguage":"sv-SE"},{"@type":"Person","@id":"https:\/\/blogg.svenskakyrkan.se\/akebonnier\/#\/schema\/person\/8db68bc0c94f6a5a62df2d4486ff1343","name":"\u00c5ke Bonnier","image":{"@type":"ImageObject","inLanguage":"sv-SE","@id":"https:\/\/blogg.svenskakyrkan.se\/akebonnier\/#\/schema\/person\/image\/","url":"https:\/\/secure.gravatar.com\/avatar\/b88264736bb0bc0d1ea92298aef02c9f98cfc13c7484130c42c663ae484f9462?s=96&d=mm&r=g","contentUrl":"https:\/\/secure.gravatar.com\/avatar\/b88264736bb0bc0d1ea92298aef02c9f98cfc13c7484130c42c663ae484f9462?s=96&d=mm&r=g","caption":"\u00c5ke Bonnier"},"description":"Jag \u00e4r gift och har tv\u00e5 vuxna d\u00f6ttrar. Pr\u00e4stvigdes 1984 och biskopsvigs 26 augusti 2012 . Jag har tidigare bland annat varit, komminister och kyrkoherde i Liding\u00f6 f\u00f6rsamling och domprost i Stockholms domkyrkof\u00f6rsamling. Jag \u00e4r intresserad av konst, litteratur, teater, film. Jag tr\u00e4nar regelbundet p\u00e5 gym. Mitt huvudsakliga musikintresse \u00e4r klassisk musik men ocks\u00e5 Beatles, Elvis Presley, Monika Zettelund, Povel Ramel och m\u00e5nga andra tycker jag om att lyssna p\u00e5. Jag l\u00e4ser f\u00f6r lite sk\u00f6nlitteratur beroende p\u00e5 annat som jag m\u00e5ste l\u00e4sa i mitt uppdrag som biskop. Men jag \u00e4lskar b\u00f6cker. Naturligtvis l\u00e4ser jag n\u00e4st intill dagligdags i \"B\u00f6ckernas Bok.\"","sameAs":["http:\/\/www.skarastift.se"],"url":"https:\/\/blogg.svenskakyrkan.se\/akebonnier\/author\/akebonnier\/"}]}},"author_meta":{"ID":"108","user_nicename":"akebonnier","user_url":"http:\/\/www.skarastift.se","user_registered":"2011-10-11 09:24:48","display_name":"\u00c5ke Bonnier","first_name":"\u00c5ke","last_name":"Bonnier","avatar":"https:\/\/secure.gravatar.com\/avatar\/b88264736bb0bc0d1ea92298aef02c9f98cfc13c7484130c42c663ae484f9462?s=96&d=mm&r=g"},"featured_image":false,"bloginfo":{"name":"\u00c5ke Bonnier","url":"https:\/\/blogg.svenskakyrkan.se\/akebonnier"},"_links":{"self":[{"href":"https:\/\/blogg.svenskakyrkan.se\/akebonnier\/wp-json\/wp\/v2\/posts\/984","targetHints":{"allow":["GET"]}}],"collection":[{"href":"https:\/\/blogg.svenskakyrkan.se\/akebonnier\/wp-json\/wp\/v2\/posts"}],"about":[{"href":"https:\/\/blogg.svenskakyrkan.se\/akebonnier\/wp-json\/wp\/v2\/types\/post"}],"author":[{"embeddable":true,"href":"https:\/\/blogg.svenskakyrkan.se\/akebonnier\/wp-json\/wp\/v2\/users\/108"}],"replies":[{"embeddable":true,"href":"https:\/\/blogg.svenskakyrkan.se\/akebonnier\/wp-json\/wp\/v2\/comments?post=984"}],"version-history":[{"count":1,"href":"https:\/\/blogg.svenskakyrkan.se\/akebonnier\/wp-json\/wp\/v2\/posts\/984\/revisions"}],"predecessor-version":[{"id":985,"href":"https:\/\/blogg.svenskakyrkan.se\/akebonnier\/wp-json\/wp\/v2\/posts\/984\/revisions\/985"}],"wp:attachment":[{"href":"https:\/\/blogg.svenskakyrkan.se\/akebonnier\/wp-json\/wp\/v2\/media?parent=984"}],"wp:term":[{"taxonomy":"category","embeddable":true,"href":"https:\/\/blogg.svenskakyrkan.se\/akebonnier\/wp-json\/wp\/v2\/categories?post=984"},{"taxonomy":"post_tag","embeddable":true,"href":"https:\/\/blogg.svenskakyrkan.se\/akebonnier\/wp-json\/wp\/v2\/tags?post=984"}],"curies":[{"name":"wp","href":"https:\/\/api.w.org\/{rel}","templated":true}]}}