{"id":993,"date":"2012-11-07T07:23:16","date_gmt":"2012-11-07T06:23:16","guid":{"rendered":"http:\/\/blogg.svenskakyrkan.se\/akebonnier\/?p=993"},"modified":"2012-11-07T23:30:44","modified_gmt":"2012-11-07T22:30:44","slug":"yes-he-can","status":"publish","type":"post","link":"https:\/\/blogg.svenskakyrkan.se\/akebonnier\/2012\/11\/07\/yes-he-can\/","title":{"rendered":"Yes, he can?"},"content":{"rendered":"<p>I skrivande stund har Barack Obama just vunnit det amerikanska presidentvalet. Jag vill inte sticka under stol med att jag \u00e4r glad och l\u00e4ttad. Den konservatism som riskerade att breda ut sig om \u00a0Mitt Romney skulle ha vunnit hade varit bekymmersam. Men, det \u00e4r en sak att <em>bli<\/em>\u00a0amerikansk president och det \u00e4r en annan sak att <em>vara<\/em>\u00a0amerikansk president. Barack Obama har en sv\u00e5r inrikespolitisk situation att hantera och krig i utlandet att avsluta. Vi som kristna f\u00e5r nu be till Gud om att Barack Obama ska f\u00e5 kraft att bidra till fred, f\u00f6rsoning, uppr\u00e4ttelse b\u00e5de i v\u00e4rlden i stort och hemma i USA. N\u00e4r han kandiderade f\u00f6rra g\u00e5ngen var mottot &#8217;yes, we can!&#8217;. Nu kan i bara hoppas att fyra \u00e5r till kan visa st\u00f6rre positiva resultat f\u00f6r, inte minst, v\u00e4rlden i stort.<\/p>\n<p>I g\u00e5r samtalade ett 40-tal pr\u00e4ster i Skara stift tillsammans med Thomas Ekstrand, som \u00e4r docent \u00a0vid Uppsala universitet och diakon,och med mig, om luthersk kyrkosyn. Vi talade en del om syndernas f\u00f6rl\u00e5telse. Kan vi alls tala om syndernas f\u00f6rl\u00e5telse som det viktigaste i en folkkyrka &#8211; att sj\u00e4lva evangeliet just \u00e4r detta? Ja, p\u00e5 ett s\u00e4tt kan vi g\u00f6ra detta. Syndernas f\u00f6rl\u00e5telse har ju sin grund i Jesu korsd\u00f6d och uppst\u00e5ndelse &#8211; det viktigaste av allt i den kristna tron. Det handlar ju om uppr\u00e4ttelse och f\u00f6rnyelse, om ny m\u00f6jlighet och ny tillf\u00f6rsikt. Detta m\u00e5ste f\u00f6rkunnas p\u00e5 ett s\u00e5dant s\u00e4tt att det ber\u00f6r den som m\u00f6ts av budskapet och som kanske inte\u00e4r s\u00e5 hemma i det religi\u00f6sa spr\u00e5ket. Det \u00e4r en utmaning. Man kan ocks\u00e5 fr\u00e5ga om Gud faktiskt f\u00f6rl\u00e5ter vid det specifika tillf\u00e4llet d\u00e5 \u00a0n\u00e5gon ber om f\u00f6rl\u00e5telse eller om sj\u00e4lva b\u00f6nen och inst\u00e4llningen hos den bedjande handlar om att ta emot den n\u00e5d och den f\u00f6rl\u00e5telse som \u00e4r \u00a0den st\u00e4ndiga n\u00e5den &#8211; den f\u00f6rekommande n\u00e5den. Oavsett allt \u00e4r det bara att tacksamt \u00f6ppna sig f\u00f6r den gudomliga n\u00e5den. Vi beh\u00f6ver den, \u00a0Barack Obama beh\u00f6ver den. I den n\u00e5den f\u00e5r vi vila, i den korsf\u00e4stes och uppst\u00e5ndnes n\u00e5d f\u00e5r vi leva &#8211; en n\u00e5d som \u00e4r var morgon ny. Ocks\u00e5 denna morgon.<\/p>\n<p>&nbsp;<\/p>\n<p>&nbsp;<\/p>\n","protected":false},"excerpt":{"rendered":"<p>I skrivande stund har Barack Obama just vunnit det amerikanska presidentvalet. Jag vill inte sticka under stol med att jag \u00e4r glad och l\u00e4ttad. Den konservatism som riskerade att breda ut sig om \u00a0Mitt Romney skulle ha vunnit hade varit bekymmersam. Men, det \u00e4r en sak att bli\u00a0amerikansk president och det \u00e4r en annan sak [&hellip;]<\/p>\n","protected":false},"author":108,"featured_media":0,"comment_status":"open","ping_status":"open","sticky":false,"template":"","format":"standard","meta":{"_acf_changed":false,"footnotes":""},"categories":[9],"tags":[],"class_list":["post-993","post","type-post","status-publish","format-standard","hentry","category-okategoriserade"],"acf":[],"yoast_head":"<!-- This site is optimized with the Yoast SEO plugin v27.1.1 - https:\/\/yoast.com\/product\/yoast-seo-wordpress\/ -->\n<title>Yes, he can? - \u00c5ke Bonnier<\/title>\n<meta name=\"robots\" content=\"index, follow, max-snippet:-1, max-image-preview:large, max-video-preview:-1\" \/>\n<link rel=\"canonical\" href=\"https:\/\/blogg.svenskakyrkan.se\/akebonnier\/2012\/11\/07\/yes-he-can\/\" \/>\n<meta property=\"og:locale\" content=\"sv_SE\" \/>\n<meta property=\"og:type\" content=\"article\" \/>\n<meta property=\"og:title\" content=\"Yes, he can? - \u00c5ke Bonnier\" \/>\n<meta property=\"og:description\" content=\"I skrivande stund har Barack Obama just vunnit det amerikanska presidentvalet. Jag vill inte sticka under stol med att jag \u00e4r glad och l\u00e4ttad. Den konservatism som riskerade att breda ut sig om \u00a0Mitt Romney skulle ha vunnit hade varit bekymmersam. Men, det \u00e4r en sak att bli\u00a0amerikansk president och det \u00e4r en annan sak [&hellip;]\" \/>\n<meta property=\"og:url\" content=\"https:\/\/blogg.svenskakyrkan.se\/akebonnier\/2012\/11\/07\/yes-he-can\/\" \/>\n<meta property=\"og:site_name\" content=\"\u00c5ke Bonnier\" \/>\n<meta property=\"article:published_time\" content=\"2012-11-07T06:23:16+00:00\" \/>\n<meta property=\"article:modified_time\" content=\"2012-11-07T22:30:44+00:00\" \/>\n<meta name=\"author\" content=\"\u00c5ke Bonnier\" \/>\n<meta name=\"twitter:card\" content=\"summary_large_image\" \/>\n<meta name=\"twitter:label1\" content=\"Skriven av\" \/>\n\t<meta name=\"twitter:data1\" content=\"\u00c5ke Bonnier\" \/>\n\t<meta name=\"twitter:label2\" content=\"Ber\u00e4knad l\u00e4stid\" \/>\n\t<meta name=\"twitter:data2\" content=\"2 minuter\" \/>\n<script type=\"application\/ld+json\" class=\"yoast-schema-graph\">{\"@context\":\"https:\/\/schema.org\",\"@graph\":[{\"@type\":\"Article\",\"@id\":\"https:\/\/blogg.svenskakyrkan.se\/akebonnier\/2012\/11\/07\/yes-he-can\/#article\",\"isPartOf\":{\"@id\":\"https:\/\/blogg.svenskakyrkan.se\/akebonnier\/2012\/11\/07\/yes-he-can\/\"},\"author\":{\"name\":\"\u00c5ke Bonnier\",\"@id\":\"https:\/\/blogg.svenskakyrkan.se\/akebonnier\/#\/schema\/person\/8db68bc0c94f6a5a62df2d4486ff1343\"},\"headline\":\"Yes, he can?\",\"datePublished\":\"2012-11-07T06:23:16+00:00\",\"dateModified\":\"2012-11-07T22:30:44+00:00\",\"mainEntityOfPage\":{\"@id\":\"https:\/\/blogg.svenskakyrkan.se\/akebonnier\/2012\/11\/07\/yes-he-can\/\"},\"wordCount\":422,\"commentCount\":63,\"inLanguage\":\"sv-SE\",\"potentialAction\":[{\"@type\":\"CommentAction\",\"name\":\"Comment\",\"target\":[\"https:\/\/blogg.svenskakyrkan.se\/akebonnier\/2012\/11\/07\/yes-he-can\/#respond\"]}]},{\"@type\":\"WebPage\",\"@id\":\"https:\/\/blogg.svenskakyrkan.se\/akebonnier\/2012\/11\/07\/yes-he-can\/\",\"url\":\"https:\/\/blogg.svenskakyrkan.se\/akebonnier\/2012\/11\/07\/yes-he-can\/\",\"name\":\"Yes, he can? - \u00c5ke Bonnier\",\"isPartOf\":{\"@id\":\"https:\/\/blogg.svenskakyrkan.se\/akebonnier\/#website\"},\"datePublished\":\"2012-11-07T06:23:16+00:00\",\"dateModified\":\"2012-11-07T22:30:44+00:00\",\"author\":{\"@id\":\"https:\/\/blogg.svenskakyrkan.se\/akebonnier\/#\/schema\/person\/8db68bc0c94f6a5a62df2d4486ff1343\"},\"breadcrumb\":{\"@id\":\"https:\/\/blogg.svenskakyrkan.se\/akebonnier\/2012\/11\/07\/yes-he-can\/#breadcrumb\"},\"inLanguage\":\"sv-SE\",\"potentialAction\":[{\"@type\":\"ReadAction\",\"target\":[\"https:\/\/blogg.svenskakyrkan.se\/akebonnier\/2012\/11\/07\/yes-he-can\/\"]}]},{\"@type\":\"BreadcrumbList\",\"@id\":\"https:\/\/blogg.svenskakyrkan.se\/akebonnier\/2012\/11\/07\/yes-he-can\/#breadcrumb\",\"itemListElement\":[{\"@type\":\"ListItem\",\"position\":1,\"name\":\"Hem\",\"item\":\"https:\/\/blogg.svenskakyrkan.se\/akebonnier\/\"},{\"@type\":\"ListItem\",\"position\":2,\"name\":\"Yes, he can?\"}]},{\"@type\":\"WebSite\",\"@id\":\"https:\/\/blogg.svenskakyrkan.se\/akebonnier\/#website\",\"url\":\"https:\/\/blogg.svenskakyrkan.se\/akebonnier\/\",\"name\":\"\u00c5ke Bonnier\",\"description\":\"Biskop i Svenska kyrkan - Skara stift\",\"potentialAction\":[{\"@type\":\"SearchAction\",\"target\":{\"@type\":\"EntryPoint\",\"urlTemplate\":\"https:\/\/blogg.svenskakyrkan.se\/akebonnier\/?s={search_term_string}\"},\"query-input\":{\"@type\":\"PropertyValueSpecification\",\"valueRequired\":true,\"valueName\":\"search_term_string\"}}],\"inLanguage\":\"sv-SE\"},{\"@type\":\"Person\",\"@id\":\"https:\/\/blogg.svenskakyrkan.se\/akebonnier\/#\/schema\/person\/8db68bc0c94f6a5a62df2d4486ff1343\",\"name\":\"\u00c5ke Bonnier\",\"image\":{\"@type\":\"ImageObject\",\"inLanguage\":\"sv-SE\",\"@id\":\"https:\/\/blogg.svenskakyrkan.se\/akebonnier\/#\/schema\/person\/image\/\",\"url\":\"https:\/\/secure.gravatar.com\/avatar\/b88264736bb0bc0d1ea92298aef02c9f98cfc13c7484130c42c663ae484f9462?s=96&d=mm&r=g\",\"contentUrl\":\"https:\/\/secure.gravatar.com\/avatar\/b88264736bb0bc0d1ea92298aef02c9f98cfc13c7484130c42c663ae484f9462?s=96&d=mm&r=g\",\"caption\":\"\u00c5ke Bonnier\"},\"description\":\"Jag \u00e4r gift och har tv\u00e5 vuxna d\u00f6ttrar. Pr\u00e4stvigdes 1984 och biskopsvigs 26 augusti 2012 . Jag har tidigare bland annat varit, komminister och kyrkoherde i Liding\u00f6 f\u00f6rsamling och domprost i Stockholms domkyrkof\u00f6rsamling. Jag \u00e4r intresserad av konst, litteratur, teater, film. Jag tr\u00e4nar regelbundet p\u00e5 gym. Mitt huvudsakliga musikintresse \u00e4r klassisk musik men ocks\u00e5 Beatles, Elvis Presley, Monika Zettelund, Povel Ramel och m\u00e5nga andra tycker jag om att lyssna p\u00e5. Jag l\u00e4ser f\u00f6r lite sk\u00f6nlitteratur beroende p\u00e5 annat som jag m\u00e5ste l\u00e4sa i mitt uppdrag som biskop. Men jag \u00e4lskar b\u00f6cker. Naturligtvis l\u00e4ser jag n\u00e4st intill dagligdags i \\\"B\u00f6ckernas Bok.\\\"\",\"sameAs\":[\"http:\/\/www.skarastift.se\"],\"url\":\"https:\/\/blogg.svenskakyrkan.se\/akebonnier\/author\/akebonnier\/\"}]}<\/script>\n<!-- \/ Yoast SEO plugin. -->","yoast_head_json":{"title":"Yes, he can? - \u00c5ke Bonnier","robots":{"index":"index","follow":"follow","max-snippet":"max-snippet:-1","max-image-preview":"max-image-preview:large","max-video-preview":"max-video-preview:-1"},"canonical":"https:\/\/blogg.svenskakyrkan.se\/akebonnier\/2012\/11\/07\/yes-he-can\/","og_locale":"sv_SE","og_type":"article","og_title":"Yes, he can? - \u00c5ke Bonnier","og_description":"I skrivande stund har Barack Obama just vunnit det amerikanska presidentvalet. Jag vill inte sticka under stol med att jag \u00e4r glad och l\u00e4ttad. Den konservatism som riskerade att breda ut sig om \u00a0Mitt Romney skulle ha vunnit hade varit bekymmersam. Men, det \u00e4r en sak att bli\u00a0amerikansk president och det \u00e4r en annan sak [&hellip;]","og_url":"https:\/\/blogg.svenskakyrkan.se\/akebonnier\/2012\/11\/07\/yes-he-can\/","og_site_name":"\u00c5ke Bonnier","article_published_time":"2012-11-07T06:23:16+00:00","article_modified_time":"2012-11-07T22:30:44+00:00","author":"\u00c5ke Bonnier","twitter_card":"summary_large_image","twitter_misc":{"Skriven av":"\u00c5ke Bonnier","Ber\u00e4knad l\u00e4stid":"2 minuter"},"schema":{"@context":"https:\/\/schema.org","@graph":[{"@type":"Article","@id":"https:\/\/blogg.svenskakyrkan.se\/akebonnier\/2012\/11\/07\/yes-he-can\/#article","isPartOf":{"@id":"https:\/\/blogg.svenskakyrkan.se\/akebonnier\/2012\/11\/07\/yes-he-can\/"},"author":{"name":"\u00c5ke Bonnier","@id":"https:\/\/blogg.svenskakyrkan.se\/akebonnier\/#\/schema\/person\/8db68bc0c94f6a5a62df2d4486ff1343"},"headline":"Yes, he can?","datePublished":"2012-11-07T06:23:16+00:00","dateModified":"2012-11-07T22:30:44+00:00","mainEntityOfPage":{"@id":"https:\/\/blogg.svenskakyrkan.se\/akebonnier\/2012\/11\/07\/yes-he-can\/"},"wordCount":422,"commentCount":63,"inLanguage":"sv-SE","potentialAction":[{"@type":"CommentAction","name":"Comment","target":["https:\/\/blogg.svenskakyrkan.se\/akebonnier\/2012\/11\/07\/yes-he-can\/#respond"]}]},{"@type":"WebPage","@id":"https:\/\/blogg.svenskakyrkan.se\/akebonnier\/2012\/11\/07\/yes-he-can\/","url":"https:\/\/blogg.svenskakyrkan.se\/akebonnier\/2012\/11\/07\/yes-he-can\/","name":"Yes, he can? - \u00c5ke Bonnier","isPartOf":{"@id":"https:\/\/blogg.svenskakyrkan.se\/akebonnier\/#website"},"datePublished":"2012-11-07T06:23:16+00:00","dateModified":"2012-11-07T22:30:44+00:00","author":{"@id":"https:\/\/blogg.svenskakyrkan.se\/akebonnier\/#\/schema\/person\/8db68bc0c94f6a5a62df2d4486ff1343"},"breadcrumb":{"@id":"https:\/\/blogg.svenskakyrkan.se\/akebonnier\/2012\/11\/07\/yes-he-can\/#breadcrumb"},"inLanguage":"sv-SE","potentialAction":[{"@type":"ReadAction","target":["https:\/\/blogg.svenskakyrkan.se\/akebonnier\/2012\/11\/07\/yes-he-can\/"]}]},{"@type":"BreadcrumbList","@id":"https:\/\/blogg.svenskakyrkan.se\/akebonnier\/2012\/11\/07\/yes-he-can\/#breadcrumb","itemListElement":[{"@type":"ListItem","position":1,"name":"Hem","item":"https:\/\/blogg.svenskakyrkan.se\/akebonnier\/"},{"@type":"ListItem","position":2,"name":"Yes, he can?"}]},{"@type":"WebSite","@id":"https:\/\/blogg.svenskakyrkan.se\/akebonnier\/#website","url":"https:\/\/blogg.svenskakyrkan.se\/akebonnier\/","name":"\u00c5ke Bonnier","description":"Biskop i Svenska kyrkan - Skara stift","potentialAction":[{"@type":"SearchAction","target":{"@type":"EntryPoint","urlTemplate":"https:\/\/blogg.svenskakyrkan.se\/akebonnier\/?s={search_term_string}"},"query-input":{"@type":"PropertyValueSpecification","valueRequired":true,"valueName":"search_term_string"}}],"inLanguage":"sv-SE"},{"@type":"Person","@id":"https:\/\/blogg.svenskakyrkan.se\/akebonnier\/#\/schema\/person\/8db68bc0c94f6a5a62df2d4486ff1343","name":"\u00c5ke Bonnier","image":{"@type":"ImageObject","inLanguage":"sv-SE","@id":"https:\/\/blogg.svenskakyrkan.se\/akebonnier\/#\/schema\/person\/image\/","url":"https:\/\/secure.gravatar.com\/avatar\/b88264736bb0bc0d1ea92298aef02c9f98cfc13c7484130c42c663ae484f9462?s=96&d=mm&r=g","contentUrl":"https:\/\/secure.gravatar.com\/avatar\/b88264736bb0bc0d1ea92298aef02c9f98cfc13c7484130c42c663ae484f9462?s=96&d=mm&r=g","caption":"\u00c5ke Bonnier"},"description":"Jag \u00e4r gift och har tv\u00e5 vuxna d\u00f6ttrar. Pr\u00e4stvigdes 1984 och biskopsvigs 26 augusti 2012 . Jag har tidigare bland annat varit, komminister och kyrkoherde i Liding\u00f6 f\u00f6rsamling och domprost i Stockholms domkyrkof\u00f6rsamling. Jag \u00e4r intresserad av konst, litteratur, teater, film. Jag tr\u00e4nar regelbundet p\u00e5 gym. Mitt huvudsakliga musikintresse \u00e4r klassisk musik men ocks\u00e5 Beatles, Elvis Presley, Monika Zettelund, Povel Ramel och m\u00e5nga andra tycker jag om att lyssna p\u00e5. Jag l\u00e4ser f\u00f6r lite sk\u00f6nlitteratur beroende p\u00e5 annat som jag m\u00e5ste l\u00e4sa i mitt uppdrag som biskop. Men jag \u00e4lskar b\u00f6cker. Naturligtvis l\u00e4ser jag n\u00e4st intill dagligdags i \"B\u00f6ckernas Bok.\"","sameAs":["http:\/\/www.skarastift.se"],"url":"https:\/\/blogg.svenskakyrkan.se\/akebonnier\/author\/akebonnier\/"}]}},"author_meta":{"ID":"108","user_nicename":"akebonnier","user_url":"http:\/\/www.skarastift.se","user_registered":"2011-10-11 09:24:48","display_name":"\u00c5ke Bonnier","first_name":"\u00c5ke","last_name":"Bonnier","avatar":"https:\/\/secure.gravatar.com\/avatar\/b88264736bb0bc0d1ea92298aef02c9f98cfc13c7484130c42c663ae484f9462?s=96&d=mm&r=g"},"featured_image":false,"bloginfo":{"name":"\u00c5ke Bonnier","url":"https:\/\/blogg.svenskakyrkan.se\/akebonnier"},"_links":{"self":[{"href":"https:\/\/blogg.svenskakyrkan.se\/akebonnier\/wp-json\/wp\/v2\/posts\/993","targetHints":{"allow":["GET"]}}],"collection":[{"href":"https:\/\/blogg.svenskakyrkan.se\/akebonnier\/wp-json\/wp\/v2\/posts"}],"about":[{"href":"https:\/\/blogg.svenskakyrkan.se\/akebonnier\/wp-json\/wp\/v2\/types\/post"}],"author":[{"embeddable":true,"href":"https:\/\/blogg.svenskakyrkan.se\/akebonnier\/wp-json\/wp\/v2\/users\/108"}],"replies":[{"embeddable":true,"href":"https:\/\/blogg.svenskakyrkan.se\/akebonnier\/wp-json\/wp\/v2\/comments?post=993"}],"version-history":[{"count":4,"href":"https:\/\/blogg.svenskakyrkan.se\/akebonnier\/wp-json\/wp\/v2\/posts\/993\/revisions"}],"predecessor-version":[{"id":998,"href":"https:\/\/blogg.svenskakyrkan.se\/akebonnier\/wp-json\/wp\/v2\/posts\/993\/revisions\/998"}],"wp:attachment":[{"href":"https:\/\/blogg.svenskakyrkan.se\/akebonnier\/wp-json\/wp\/v2\/media?parent=993"}],"wp:term":[{"taxonomy":"category","embeddable":true,"href":"https:\/\/blogg.svenskakyrkan.se\/akebonnier\/wp-json\/wp\/v2\/categories?post=993"},{"taxonomy":"post_tag","embeddable":true,"href":"https:\/\/blogg.svenskakyrkan.se\/akebonnier\/wp-json\/wp\/v2\/tags?post=993"}],"curies":[{"name":"wp","href":"https:\/\/api.w.org\/{rel}","templated":true}]}}