{"id":999,"date":"2012-11-10T19:30:03","date_gmt":"2012-11-10T18:30:03","guid":{"rendered":"http:\/\/blogg.svenskakyrkan.se\/akebonnier\/?p=999"},"modified":"2012-11-11T07:55:58","modified_gmt":"2012-11-11T06:55:58","slug":"granslost","status":"publish","type":"post","link":"https:\/\/blogg.svenskakyrkan.se\/akebonnier\/2012\/11\/10\/granslost\/","title":{"rendered":"Gr\u00e4nsl\u00f6st!"},"content":{"rendered":"<p>F\u00f6r n\u00e5gra timmar sedan l\u00e4mnade jag Fl\u00e4msl\u00e4tts stiftsg\u00e5rd utanf\u00f6r Skara efter en dag med stiftets internationella ombud. Ca 140 personer var samlade f\u00f6r att f\u00f6rdjupa kunskap om kyrkans internationella engagemang utifr\u00e5n olika perspektiv. Chefen f\u00f6r Svenska kyrkans internationella avdelning Erik Lys\u00e9n talade om &#8221;Kyrkans roll i den internationella solidariteten&#8221;. Den tidigare uts\u00e4nda till Tanzania, M\u00e4rta Bodin, talade utifr\u00e5n \u00e4mnet: Detta tror jag \u00e4r viktigast f\u00f6r personer jag m\u00f6tt i Tanzania och sj\u00e4lv hade jag att tala om ekumenik och interreligi\u00f6s dialog i ett internationellt perspektiv. Det var en dag fylld av f\u00f6rel\u00e4sningar av olika l\u00e4ngd, seminarier p\u00e5 eftermiddagen och en avslutande m\u00e4ssa. Engagemanget hos ombuden gick inte att ta miste p\u00e5. Jag gl\u00e4ds s\u00e5 \u00f6ver alla dessa ombud som ser att v\u00e5rt uppdrag som kristna i Svenska kyrkan str\u00e4cker sig l\u00e4ngre \u00e4n den egna f\u00f6rsamlingens gr\u00e4nser, l\u00e4ngre \u00e4n det egna pastoratets gr\u00e4nser, l\u00e4ngre \u00e4n kontrakts- och stiftsgr\u00e4nser, l\u00e4ngre \u00e4n lands- och v\u00e4rldsdelsgr\u00e4nser. V\u00e5rt medm\u00e4nskliga uppdrag \u00e4r gr\u00e4nsl\u00f6st. Vi h\u00f6r ju ihop som systrar och br\u00f6der oavsett var vi bor. Vi h\u00f6r ihop med alla dem som \u00e4r drabbade av torka och sv\u00e4lt. Vi h\u00f6r ihop med alla dem som kl\u00e4ms ihj\u00e4l av or\u00e4ttf\u00e4rdiga system. Vi h\u00f6r ihop med alla dem som drabbats av HIV och Aids. Vi h\u00f6r ihop med alla dem som l\u00e4ngtar efter en h\u00e5llbar utveckling. Vi h\u00f6r ihop och f\u00e5r dela v\u00e5ra resurser med dem.<\/p>\n<p>Men, de h\u00f6r ocks\u00e5 ihop med oss i den bem\u00e4rkelsen att de har mycket att dela med oss. S\u00e5 m\u00e5nga m\u00e4nniskor i mottagarl\u00e4nderna \u00e4r givare och vi m\u00e5ste vara \u00f6ppna f\u00f6r att ta emot, inte minst d\u00e5 det g\u00e4ller vad detta med kristen tro \u00e4r, att kristen tro \u00e4r en tro p\u00e5 liv och d\u00f6d. V\u00e5ra systrar och br\u00f6der i Afrika, Asien och Sydamerika kan l\u00e4ra oss att se att kristen tro inte \u00e4r en fritidssyssels\u00e4ttning bland andra fritidssyssels\u00e4ttningar utan en tro p\u00e5 liv och d\u00f6, en tro som b\u00e4r i varje \u00f6gonblick &#8211; en tro p\u00e5 en Gud som \u00e4r gr\u00e4nsl\u00f6s &#8211; d\u00e4r inte ens d\u00f6den \u00e4r en slutgiltig gr\u00e4ns.<\/p>\n<p>Mitt delande i dag handlade om att vi som kristna h\u00f6r ihop. Vi h\u00f6r ihop och f\u00e5r se den andres kyrka, den andres samfund som v\u00e5rt eget. Vi f\u00e5r gl\u00e4djas med dem som gl\u00e4der sig och gr\u00e5ta med dem som gr\u00e5ter. Vi f\u00e5r ocks\u00e5 str\u00e4va \u00e4n mer mot enheten i m\u00e5ngfald. Jesus b\u00e5de utmanar och uppmanar oss till den h\u00e5llningen i Johannesevangeliet (Joh 17:21). Vi f\u00e5r \u00e4n mer l\u00e4ra k\u00e4nna varandra, komma varandra n\u00e4rmare, se varandra klarare, \u00e4lska varandra djupare. Det \u00e4r sannerligen en viktig utmaning! F\u00f6r tillsammans blir vi ett starkt vittnesb\u00f6rd om Gud som m\u00f6ter oss i Jesus &#8211; ett vittnesb\u00f6rd s\u00e5 att v\u00e4rlden kan tro.<\/p>\n<p>Jag talade ocks\u00e5 om interreligi\u00f6s dialog utifr\u00e5n 10 punkter om hur man kan se p\u00e5 den andre, den som f\u00f6retr\u00e4der en annan religion. I det sammanhanget p\u00e5minde jag om det jag skrivit m\u00e5ngen g\u00e5ng om i bloggsammanhang: Gud \u00e4r inte religi\u00f6s! Gud \u00e4r inte kristen, muslim, jude etc. Gud \u00e4r Gud och vi \u00e4r religi\u00f6sa och vi som kristna har att f\u00f6lja Jesus Kristus och vittna om honom. Det kan vi g\u00f6ra i tillit till Gud och i kraft av Guds heliga Ande samtidigt som vi f\u00e5r se att Gud \u00e4r verksam utanf\u00f6r den kristna traditionen, att Gud mycket v\u00e4l kan ha andra v\u00e4gar \u00e4n den vi har att f\u00f6lja. Gud \u00e4r ju gr\u00e4nsl\u00f6s medan vi \u00e4r begr\u00e4nsade. Det f\u00e5r vi aldrig gl\u00f6mma. Tillsamans med m\u00e4nniskor av annan tro, annan kyrkotillh\u00f6righet, annan religionstillh\u00f6righet f\u00e5r vi st\u00e5 upp f\u00f6r m\u00e4nniskov\u00e4rdet, st\u00e5 upp f\u00f6r skapelsens integritet, st\u00e5 upp f\u00f6r m\u00e4nniskan som Guds avbild d\u00e5 hon \u00e4lskar och skapar.<\/p>\n<p>Ja, det var en &#8221;gr\u00e4nsl\u00f6st&#8221; viktig dag! Tack alla ni som \u00e4r lokalt engagerade, tack alla ni som planerat och organiserat denna dag. M\u00e5 vi arbeta vidare f\u00f6r Guds rike &#8211; ett rike som \u00e4r gr\u00e4nsl\u00f6st!<\/p>\n","protected":false},"excerpt":{"rendered":"<p>F\u00f6r n\u00e5gra timmar sedan l\u00e4mnade jag Fl\u00e4msl\u00e4tts stiftsg\u00e5rd utanf\u00f6r Skara efter en dag med stiftets internationella ombud. Ca 140 personer var samlade f\u00f6r att f\u00f6rdjupa kunskap om kyrkans internationella engagemang utifr\u00e5n olika perspektiv. Chefen f\u00f6r Svenska kyrkans internationella avdelning Erik Lys\u00e9n talade om &#8221;Kyrkans roll i den internationella solidariteten&#8221;. Den tidigare uts\u00e4nda till Tanzania, M\u00e4rta [&hellip;]<\/p>\n","protected":false},"author":108,"featured_media":0,"comment_status":"open","ping_status":"open","sticky":false,"template":"","format":"standard","meta":{"_acf_changed":false,"footnotes":""},"categories":[9],"tags":[],"class_list":["post-999","post","type-post","status-publish","format-standard","hentry","category-okategoriserade"],"acf":[],"yoast_head":"<!-- This site is optimized with the Yoast SEO plugin v27.1.1 - https:\/\/yoast.com\/product\/yoast-seo-wordpress\/ -->\n<title>Gr\u00e4nsl\u00f6st! - \u00c5ke Bonnier<\/title>\n<meta name=\"robots\" content=\"index, follow, max-snippet:-1, max-image-preview:large, max-video-preview:-1\" \/>\n<link rel=\"canonical\" href=\"https:\/\/blogg.svenskakyrkan.se\/akebonnier\/2012\/11\/10\/granslost\/\" \/>\n<meta property=\"og:locale\" content=\"sv_SE\" \/>\n<meta property=\"og:type\" content=\"article\" \/>\n<meta property=\"og:title\" content=\"Gr\u00e4nsl\u00f6st! - \u00c5ke Bonnier\" \/>\n<meta property=\"og:description\" content=\"F\u00f6r n\u00e5gra timmar sedan l\u00e4mnade jag Fl\u00e4msl\u00e4tts stiftsg\u00e5rd utanf\u00f6r Skara efter en dag med stiftets internationella ombud. Ca 140 personer var samlade f\u00f6r att f\u00f6rdjupa kunskap om kyrkans internationella engagemang utifr\u00e5n olika perspektiv. Chefen f\u00f6r Svenska kyrkans internationella avdelning Erik Lys\u00e9n talade om &#8221;Kyrkans roll i den internationella solidariteten&#8221;. Den tidigare uts\u00e4nda till Tanzania, M\u00e4rta [&hellip;]\" \/>\n<meta property=\"og:url\" content=\"https:\/\/blogg.svenskakyrkan.se\/akebonnier\/2012\/11\/10\/granslost\/\" \/>\n<meta property=\"og:site_name\" content=\"\u00c5ke Bonnier\" \/>\n<meta property=\"article:published_time\" content=\"2012-11-10T18:30:03+00:00\" \/>\n<meta property=\"article:modified_time\" content=\"2012-11-11T06:55:58+00:00\" \/>\n<meta name=\"author\" content=\"\u00c5ke Bonnier\" \/>\n<meta name=\"twitter:card\" content=\"summary_large_image\" \/>\n<meta name=\"twitter:label1\" content=\"Skriven av\" \/>\n\t<meta name=\"twitter:data1\" content=\"\u00c5ke Bonnier\" \/>\n\t<meta name=\"twitter:label2\" content=\"Ber\u00e4knad l\u00e4stid\" \/>\n\t<meta name=\"twitter:data2\" content=\"4 minuter\" \/>\n<script type=\"application\/ld+json\" class=\"yoast-schema-graph\">{\"@context\":\"https:\/\/schema.org\",\"@graph\":[{\"@type\":\"Article\",\"@id\":\"https:\/\/blogg.svenskakyrkan.se\/akebonnier\/2012\/11\/10\/granslost\/#article\",\"isPartOf\":{\"@id\":\"https:\/\/blogg.svenskakyrkan.se\/akebonnier\/2012\/11\/10\/granslost\/\"},\"author\":{\"name\":\"\u00c5ke Bonnier\",\"@id\":\"https:\/\/blogg.svenskakyrkan.se\/akebonnier\/#\/schema\/person\/8db68bc0c94f6a5a62df2d4486ff1343\"},\"headline\":\"Gr\u00e4nsl\u00f6st!\",\"datePublished\":\"2012-11-10T18:30:03+00:00\",\"dateModified\":\"2012-11-11T06:55:58+00:00\",\"mainEntityOfPage\":{\"@id\":\"https:\/\/blogg.svenskakyrkan.se\/akebonnier\/2012\/11\/10\/granslost\/\"},\"wordCount\":774,\"commentCount\":61,\"inLanguage\":\"sv-SE\",\"potentialAction\":[{\"@type\":\"CommentAction\",\"name\":\"Comment\",\"target\":[\"https:\/\/blogg.svenskakyrkan.se\/akebonnier\/2012\/11\/10\/granslost\/#respond\"]}]},{\"@type\":\"WebPage\",\"@id\":\"https:\/\/blogg.svenskakyrkan.se\/akebonnier\/2012\/11\/10\/granslost\/\",\"url\":\"https:\/\/blogg.svenskakyrkan.se\/akebonnier\/2012\/11\/10\/granslost\/\",\"name\":\"Gr\u00e4nsl\u00f6st! - \u00c5ke Bonnier\",\"isPartOf\":{\"@id\":\"https:\/\/blogg.svenskakyrkan.se\/akebonnier\/#website\"},\"datePublished\":\"2012-11-10T18:30:03+00:00\",\"dateModified\":\"2012-11-11T06:55:58+00:00\",\"author\":{\"@id\":\"https:\/\/blogg.svenskakyrkan.se\/akebonnier\/#\/schema\/person\/8db68bc0c94f6a5a62df2d4486ff1343\"},\"breadcrumb\":{\"@id\":\"https:\/\/blogg.svenskakyrkan.se\/akebonnier\/2012\/11\/10\/granslost\/#breadcrumb\"},\"inLanguage\":\"sv-SE\",\"potentialAction\":[{\"@type\":\"ReadAction\",\"target\":[\"https:\/\/blogg.svenskakyrkan.se\/akebonnier\/2012\/11\/10\/granslost\/\"]}]},{\"@type\":\"BreadcrumbList\",\"@id\":\"https:\/\/blogg.svenskakyrkan.se\/akebonnier\/2012\/11\/10\/granslost\/#breadcrumb\",\"itemListElement\":[{\"@type\":\"ListItem\",\"position\":1,\"name\":\"Hem\",\"item\":\"https:\/\/blogg.svenskakyrkan.se\/akebonnier\/\"},{\"@type\":\"ListItem\",\"position\":2,\"name\":\"Gr\u00e4nsl\u00f6st!\"}]},{\"@type\":\"WebSite\",\"@id\":\"https:\/\/blogg.svenskakyrkan.se\/akebonnier\/#website\",\"url\":\"https:\/\/blogg.svenskakyrkan.se\/akebonnier\/\",\"name\":\"\u00c5ke Bonnier\",\"description\":\"Biskop i Svenska kyrkan - Skara stift\",\"potentialAction\":[{\"@type\":\"SearchAction\",\"target\":{\"@type\":\"EntryPoint\",\"urlTemplate\":\"https:\/\/blogg.svenskakyrkan.se\/akebonnier\/?s={search_term_string}\"},\"query-input\":{\"@type\":\"PropertyValueSpecification\",\"valueRequired\":true,\"valueName\":\"search_term_string\"}}],\"inLanguage\":\"sv-SE\"},{\"@type\":\"Person\",\"@id\":\"https:\/\/blogg.svenskakyrkan.se\/akebonnier\/#\/schema\/person\/8db68bc0c94f6a5a62df2d4486ff1343\",\"name\":\"\u00c5ke Bonnier\",\"image\":{\"@type\":\"ImageObject\",\"inLanguage\":\"sv-SE\",\"@id\":\"https:\/\/blogg.svenskakyrkan.se\/akebonnier\/#\/schema\/person\/image\/\",\"url\":\"https:\/\/secure.gravatar.com\/avatar\/b88264736bb0bc0d1ea92298aef02c9f98cfc13c7484130c42c663ae484f9462?s=96&d=mm&r=g\",\"contentUrl\":\"https:\/\/secure.gravatar.com\/avatar\/b88264736bb0bc0d1ea92298aef02c9f98cfc13c7484130c42c663ae484f9462?s=96&d=mm&r=g\",\"caption\":\"\u00c5ke Bonnier\"},\"description\":\"Jag \u00e4r gift och har tv\u00e5 vuxna d\u00f6ttrar. Pr\u00e4stvigdes 1984 och biskopsvigs 26 augusti 2012 . Jag har tidigare bland annat varit, komminister och kyrkoherde i Liding\u00f6 f\u00f6rsamling och domprost i Stockholms domkyrkof\u00f6rsamling. Jag \u00e4r intresserad av konst, litteratur, teater, film. Jag tr\u00e4nar regelbundet p\u00e5 gym. Mitt huvudsakliga musikintresse \u00e4r klassisk musik men ocks\u00e5 Beatles, Elvis Presley, Monika Zettelund, Povel Ramel och m\u00e5nga andra tycker jag om att lyssna p\u00e5. Jag l\u00e4ser f\u00f6r lite sk\u00f6nlitteratur beroende p\u00e5 annat som jag m\u00e5ste l\u00e4sa i mitt uppdrag som biskop. Men jag \u00e4lskar b\u00f6cker. Naturligtvis l\u00e4ser jag n\u00e4st intill dagligdags i \\\"B\u00f6ckernas Bok.\\\"\",\"sameAs\":[\"http:\/\/www.skarastift.se\"],\"url\":\"https:\/\/blogg.svenskakyrkan.se\/akebonnier\/author\/akebonnier\/\"}]}<\/script>\n<!-- \/ Yoast SEO plugin. -->","yoast_head_json":{"title":"Gr\u00e4nsl\u00f6st! - \u00c5ke Bonnier","robots":{"index":"index","follow":"follow","max-snippet":"max-snippet:-1","max-image-preview":"max-image-preview:large","max-video-preview":"max-video-preview:-1"},"canonical":"https:\/\/blogg.svenskakyrkan.se\/akebonnier\/2012\/11\/10\/granslost\/","og_locale":"sv_SE","og_type":"article","og_title":"Gr\u00e4nsl\u00f6st! - \u00c5ke Bonnier","og_description":"F\u00f6r n\u00e5gra timmar sedan l\u00e4mnade jag Fl\u00e4msl\u00e4tts stiftsg\u00e5rd utanf\u00f6r Skara efter en dag med stiftets internationella ombud. Ca 140 personer var samlade f\u00f6r att f\u00f6rdjupa kunskap om kyrkans internationella engagemang utifr\u00e5n olika perspektiv. Chefen f\u00f6r Svenska kyrkans internationella avdelning Erik Lys\u00e9n talade om &#8221;Kyrkans roll i den internationella solidariteten&#8221;. Den tidigare uts\u00e4nda till Tanzania, M\u00e4rta [&hellip;]","og_url":"https:\/\/blogg.svenskakyrkan.se\/akebonnier\/2012\/11\/10\/granslost\/","og_site_name":"\u00c5ke Bonnier","article_published_time":"2012-11-10T18:30:03+00:00","article_modified_time":"2012-11-11T06:55:58+00:00","author":"\u00c5ke Bonnier","twitter_card":"summary_large_image","twitter_misc":{"Skriven av":"\u00c5ke Bonnier","Ber\u00e4knad l\u00e4stid":"4 minuter"},"schema":{"@context":"https:\/\/schema.org","@graph":[{"@type":"Article","@id":"https:\/\/blogg.svenskakyrkan.se\/akebonnier\/2012\/11\/10\/granslost\/#article","isPartOf":{"@id":"https:\/\/blogg.svenskakyrkan.se\/akebonnier\/2012\/11\/10\/granslost\/"},"author":{"name":"\u00c5ke Bonnier","@id":"https:\/\/blogg.svenskakyrkan.se\/akebonnier\/#\/schema\/person\/8db68bc0c94f6a5a62df2d4486ff1343"},"headline":"Gr\u00e4nsl\u00f6st!","datePublished":"2012-11-10T18:30:03+00:00","dateModified":"2012-11-11T06:55:58+00:00","mainEntityOfPage":{"@id":"https:\/\/blogg.svenskakyrkan.se\/akebonnier\/2012\/11\/10\/granslost\/"},"wordCount":774,"commentCount":61,"inLanguage":"sv-SE","potentialAction":[{"@type":"CommentAction","name":"Comment","target":["https:\/\/blogg.svenskakyrkan.se\/akebonnier\/2012\/11\/10\/granslost\/#respond"]}]},{"@type":"WebPage","@id":"https:\/\/blogg.svenskakyrkan.se\/akebonnier\/2012\/11\/10\/granslost\/","url":"https:\/\/blogg.svenskakyrkan.se\/akebonnier\/2012\/11\/10\/granslost\/","name":"Gr\u00e4nsl\u00f6st! - \u00c5ke Bonnier","isPartOf":{"@id":"https:\/\/blogg.svenskakyrkan.se\/akebonnier\/#website"},"datePublished":"2012-11-10T18:30:03+00:00","dateModified":"2012-11-11T06:55:58+00:00","author":{"@id":"https:\/\/blogg.svenskakyrkan.se\/akebonnier\/#\/schema\/person\/8db68bc0c94f6a5a62df2d4486ff1343"},"breadcrumb":{"@id":"https:\/\/blogg.svenskakyrkan.se\/akebonnier\/2012\/11\/10\/granslost\/#breadcrumb"},"inLanguage":"sv-SE","potentialAction":[{"@type":"ReadAction","target":["https:\/\/blogg.svenskakyrkan.se\/akebonnier\/2012\/11\/10\/granslost\/"]}]},{"@type":"BreadcrumbList","@id":"https:\/\/blogg.svenskakyrkan.se\/akebonnier\/2012\/11\/10\/granslost\/#breadcrumb","itemListElement":[{"@type":"ListItem","position":1,"name":"Hem","item":"https:\/\/blogg.svenskakyrkan.se\/akebonnier\/"},{"@type":"ListItem","position":2,"name":"Gr\u00e4nsl\u00f6st!"}]},{"@type":"WebSite","@id":"https:\/\/blogg.svenskakyrkan.se\/akebonnier\/#website","url":"https:\/\/blogg.svenskakyrkan.se\/akebonnier\/","name":"\u00c5ke Bonnier","description":"Biskop i Svenska kyrkan - Skara stift","potentialAction":[{"@type":"SearchAction","target":{"@type":"EntryPoint","urlTemplate":"https:\/\/blogg.svenskakyrkan.se\/akebonnier\/?s={search_term_string}"},"query-input":{"@type":"PropertyValueSpecification","valueRequired":true,"valueName":"search_term_string"}}],"inLanguage":"sv-SE"},{"@type":"Person","@id":"https:\/\/blogg.svenskakyrkan.se\/akebonnier\/#\/schema\/person\/8db68bc0c94f6a5a62df2d4486ff1343","name":"\u00c5ke Bonnier","image":{"@type":"ImageObject","inLanguage":"sv-SE","@id":"https:\/\/blogg.svenskakyrkan.se\/akebonnier\/#\/schema\/person\/image\/","url":"https:\/\/secure.gravatar.com\/avatar\/b88264736bb0bc0d1ea92298aef02c9f98cfc13c7484130c42c663ae484f9462?s=96&d=mm&r=g","contentUrl":"https:\/\/secure.gravatar.com\/avatar\/b88264736bb0bc0d1ea92298aef02c9f98cfc13c7484130c42c663ae484f9462?s=96&d=mm&r=g","caption":"\u00c5ke Bonnier"},"description":"Jag \u00e4r gift och har tv\u00e5 vuxna d\u00f6ttrar. Pr\u00e4stvigdes 1984 och biskopsvigs 26 augusti 2012 . Jag har tidigare bland annat varit, komminister och kyrkoherde i Liding\u00f6 f\u00f6rsamling och domprost i Stockholms domkyrkof\u00f6rsamling. Jag \u00e4r intresserad av konst, litteratur, teater, film. Jag tr\u00e4nar regelbundet p\u00e5 gym. Mitt huvudsakliga musikintresse \u00e4r klassisk musik men ocks\u00e5 Beatles, Elvis Presley, Monika Zettelund, Povel Ramel och m\u00e5nga andra tycker jag om att lyssna p\u00e5. Jag l\u00e4ser f\u00f6r lite sk\u00f6nlitteratur beroende p\u00e5 annat som jag m\u00e5ste l\u00e4sa i mitt uppdrag som biskop. Men jag \u00e4lskar b\u00f6cker. Naturligtvis l\u00e4ser jag n\u00e4st intill dagligdags i \"B\u00f6ckernas Bok.\"","sameAs":["http:\/\/www.skarastift.se"],"url":"https:\/\/blogg.svenskakyrkan.se\/akebonnier\/author\/akebonnier\/"}]}},"author_meta":{"ID":"108","user_nicename":"akebonnier","user_url":"http:\/\/www.skarastift.se","user_registered":"2011-10-11 09:24:48","display_name":"\u00c5ke Bonnier","first_name":"\u00c5ke","last_name":"Bonnier","avatar":"https:\/\/secure.gravatar.com\/avatar\/b88264736bb0bc0d1ea92298aef02c9f98cfc13c7484130c42c663ae484f9462?s=96&d=mm&r=g"},"featured_image":false,"bloginfo":{"name":"\u00c5ke Bonnier","url":"https:\/\/blogg.svenskakyrkan.se\/akebonnier"},"_links":{"self":[{"href":"https:\/\/blogg.svenskakyrkan.se\/akebonnier\/wp-json\/wp\/v2\/posts\/999","targetHints":{"allow":["GET"]}}],"collection":[{"href":"https:\/\/blogg.svenskakyrkan.se\/akebonnier\/wp-json\/wp\/v2\/posts"}],"about":[{"href":"https:\/\/blogg.svenskakyrkan.se\/akebonnier\/wp-json\/wp\/v2\/types\/post"}],"author":[{"embeddable":true,"href":"https:\/\/blogg.svenskakyrkan.se\/akebonnier\/wp-json\/wp\/v2\/users\/108"}],"replies":[{"embeddable":true,"href":"https:\/\/blogg.svenskakyrkan.se\/akebonnier\/wp-json\/wp\/v2\/comments?post=999"}],"version-history":[{"count":4,"href":"https:\/\/blogg.svenskakyrkan.se\/akebonnier\/wp-json\/wp\/v2\/posts\/999\/revisions"}],"predecessor-version":[{"id":1001,"href":"https:\/\/blogg.svenskakyrkan.se\/akebonnier\/wp-json\/wp\/v2\/posts\/999\/revisions\/1001"}],"wp:attachment":[{"href":"https:\/\/blogg.svenskakyrkan.se\/akebonnier\/wp-json\/wp\/v2\/media?parent=999"}],"wp:term":[{"taxonomy":"category","embeddable":true,"href":"https:\/\/blogg.svenskakyrkan.se\/akebonnier\/wp-json\/wp\/v2\/categories?post=999"},{"taxonomy":"post_tag","embeddable":true,"href":"https:\/\/blogg.svenskakyrkan.se\/akebonnier\/wp-json\/wp\/v2\/tags?post=999"}],"curies":[{"name":"wp","href":"https:\/\/api.w.org\/{rel}","templated":true}]}}