{"id":214,"date":"2013-07-09T19:06:12","date_gmt":"2013-07-09T17:06:12","guid":{"rendered":"http:\/\/blogg.svenskakyrkan.se\/bernice\/?p=214"},"modified":"2013-07-12T09:32:24","modified_gmt":"2013-07-12T07:32:24","slug":"dop-karlek-dod","status":"publish","type":"post","link":"https:\/\/blogg.svenskakyrkan.se\/bernice\/2013\/07\/09\/dop-karlek-dod\/","title":{"rendered":"Dopets g\u00e5va, K\u00e4rlekens kraft, D\u00f6dens sm\u00e4rta &#8211; En pr\u00e4sts vardag."},"content":{"rendered":"<p><a href=\"http:\/\/blogg.svenskakyrkan.se\/bernice\/files\/2013\/07\/image5.jpg\"><img loading=\"lazy\" decoding=\"async\" class=\"alignnone size-medium wp-image-195\" alt=\"image\" src=\"http:\/\/blogg.svenskakyrkan.se\/bernice\/files\/2013\/07\/image5-219x300.jpg\" width=\"219\" height=\"300\" srcset=\"https:\/\/blogg.svenskakyrkan.se\/bernice\/files\/2013\/07\/image5-219x300.jpg 219w, https:\/\/blogg.svenskakyrkan.se\/bernice\/files\/2013\/07\/image5-748x1024.jpg 748w, https:\/\/blogg.svenskakyrkan.se\/bernice\/files\/2013\/07\/image5.jpg 1497w\" sizes=\"auto, (max-width: 219px) 100vw, 219px\" \/><\/a><\/p>\n<p>Att f\u00e5 vara med i livets alla skeden och att f\u00e5 ta del av m\u00e4nniskors allra viktigaste stunder i livet \u00e4r ett privilegium.<\/p>\n<p>Fr\u00e5n d\u00f6d till liv. Genom Jesus\u00a0kan vi f\u00f6rmedla tr\u00f6st och hopp.<\/p>\n<p>Men under\u00a0ett sorgesamtal inf\u00f6r en begravning\u00a0trasas hj\u00e4rtat s\u00f6nder en aning. Det kan p\u00e5 ett s\u00e4tt\u00a0k\u00e4nnas\u00a0som att ett intr\u00e5ng i en m\u00e4nniskas allra mest privata rum g\u00f6rs,\u00a0det rum vi har\u00a0inombords d\u00e4r sorgen bor.\u00a0D\u00e5 f\u00e5r man vara s\u00e5 varsam man bara kan\u00a0och lyssna p\u00e5 orden som ber\u00e4ttas med inte bara \u00f6ron utan med hela hj\u00e4rtat. Trots h\u00f6ga \u00e5ldrar g\u00f6r d\u00f6den ont. D\u00f6den g\u00e5r inte att skydda sig mot. N\u00e4r band bryts &#8211;\u00a0sk\u00e4lver jorden.<\/p>\n<p>Det kan i sorgen k\u00e4nnas\u00a0som att tiden st\u00e5r stilla. H\u00e4r p\u00e5 jorden f\u00e5r vi \u00e4lska, gr\u00e5ta och skratta. Men\u00a0detta \u00e4r inte v\u00e5rt hemland,\u00a0det \u00e4r\u00a0himlen. I livet \u00e4r vi\u00a0 f\u00f6rg\u00e4ngliga. V\u00e5rt jordiska liv kommer att f\u00f6rg\u00e5s precis som ett fr\u00f6 till synes d\u00f6r n\u00e4r det l\u00e4ggs i jorden.<br \/>\nMen livet slutar inte i\u00a0d\u00f6den. Jesus har d\u00f6tt f\u00f6r v\u00e5r skull, och visar genom sin uppst\u00e5ndelse v\u00e4gen f\u00f6r oss genom d\u00f6den till livet. Ett evigt liv f\u00e5r vi genom Jesus Kristus som \u00e4r livets v\u00e4g. Tillsammans med\u00a0honom \u00e4r vi\u00a0aldrig ensamma.\u00a0Av Gud \u00e4r vi alltid omslutna p\u00e5 alla sidor.<\/p>\n<p>Gud var med alla de som s\u00f6rjer, l\u00e5t dem finna tr\u00f6st och vila i dig. Inneslut dem i din k\u00e4rlek.<\/p>\n<p>&nbsp;<\/p>\n","protected":false},"excerpt":{"rendered":"<p>Att f\u00e5 vara med i livets alla skeden och att f\u00e5 ta del av m\u00e4nniskors allra viktigaste stunder i livet \u00e4r ett privilegium. Fr\u00e5n d\u00f6d till liv. Genom Jesus\u00a0kan vi f\u00f6rmedla tr\u00f6st och hopp. Men under\u00a0ett sorgesamtal inf\u00f6r en begravning\u00a0trasas hj\u00e4rtat s\u00f6nder en aning. Det kan p\u00e5 ett s\u00e4tt\u00a0k\u00e4nnas\u00a0som att ett intr\u00e5ng i en m\u00e4nniskas [&hellip;]<\/p>\n","protected":false},"author":286,"featured_media":0,"comment_status":"open","ping_status":"open","sticky":false,"template":"","format":"standard","meta":{"_acf_changed":false,"footnotes":""},"categories":[9],"tags":[],"class_list":["post-214","post","type-post","status-publish","format-standard","hentry","category-okategoriserade"],"acf":[],"yoast_head":"<!-- This site is optimized with the Yoast SEO plugin v27.1.1 - https:\/\/yoast.com\/product\/yoast-seo-wordpress\/ -->\n<title>Dopets g\u00e5va, K\u00e4rlekens kraft, D\u00f6dens sm\u00e4rta - En pr\u00e4sts vardag. - I huvudet p\u00e5 Bernice<\/title>\n<meta name=\"robots\" content=\"index, follow, max-snippet:-1, max-image-preview:large, max-video-preview:-1\" \/>\n<link rel=\"canonical\" href=\"https:\/\/blogg.svenskakyrkan.se\/bernice\/2013\/07\/09\/dop-karlek-dod\/\" \/>\n<meta property=\"og:locale\" content=\"sv_SE\" \/>\n<meta property=\"og:type\" content=\"article\" \/>\n<meta property=\"og:title\" content=\"Dopets g\u00e5va, K\u00e4rlekens kraft, D\u00f6dens sm\u00e4rta - En pr\u00e4sts vardag. - I huvudet p\u00e5 Bernice\" \/>\n<meta property=\"og:description\" content=\"Att f\u00e5 vara med i livets alla skeden och att f\u00e5 ta del av m\u00e4nniskors allra viktigaste stunder i livet \u00e4r ett privilegium. Fr\u00e5n d\u00f6d till liv. Genom Jesus\u00a0kan vi f\u00f6rmedla tr\u00f6st och hopp. Men under\u00a0ett sorgesamtal inf\u00f6r en begravning\u00a0trasas hj\u00e4rtat s\u00f6nder en aning. Det kan p\u00e5 ett s\u00e4tt\u00a0k\u00e4nnas\u00a0som att ett intr\u00e5ng i en m\u00e4nniskas [&hellip;]\" \/>\n<meta property=\"og:url\" content=\"https:\/\/blogg.svenskakyrkan.se\/bernice\/2013\/07\/09\/dop-karlek-dod\/\" \/>\n<meta property=\"og:site_name\" content=\"I huvudet p\u00e5 Bernice\" \/>\n<meta property=\"article:published_time\" content=\"2013-07-09T17:06:12+00:00\" \/>\n<meta property=\"article:modified_time\" content=\"2013-07-12T07:32:24+00:00\" \/>\n<meta property=\"og:image\" content=\"http:\/\/blogg.svenskakyrkan.se\/bernice\/files\/2013\/07\/image5-219x300.jpg\" \/>\n<meta name=\"author\" content=\"bernice\" \/>\n<meta name=\"twitter:card\" content=\"summary_large_image\" \/>\n<meta name=\"twitter:label1\" content=\"Skriven av\" \/>\n\t<meta name=\"twitter:data1\" content=\"bernice\" \/>\n\t<meta name=\"twitter:label2\" content=\"Ber\u00e4knad l\u00e4stid\" \/>\n\t<meta name=\"twitter:data2\" content=\"1 minut\" \/>\n<script type=\"application\/ld+json\" class=\"yoast-schema-graph\">{\"@context\":\"https:\/\/schema.org\",\"@graph\":[{\"@type\":\"Article\",\"@id\":\"https:\/\/blogg.svenskakyrkan.se\/bernice\/2013\/07\/09\/dop-karlek-dod\/#article\",\"isPartOf\":{\"@id\":\"https:\/\/blogg.svenskakyrkan.se\/bernice\/2013\/07\/09\/dop-karlek-dod\/\"},\"author\":{\"name\":\"bernice\",\"@id\":\"https:\/\/blogg.svenskakyrkan.se\/bernice\/#\/schema\/person\/76c8e04a58c80052ea592c4b18f98a56\"},\"headline\":\"Dopets g\u00e5va, K\u00e4rlekens kraft, D\u00f6dens sm\u00e4rta &#8211; En pr\u00e4sts vardag.\",\"datePublished\":\"2013-07-09T17:06:12+00:00\",\"dateModified\":\"2013-07-12T07:32:24+00:00\",\"mainEntityOfPage\":{\"@id\":\"https:\/\/blogg.svenskakyrkan.se\/bernice\/2013\/07\/09\/dop-karlek-dod\/\"},\"wordCount\":306,\"commentCount\":0,\"image\":{\"@id\":\"https:\/\/blogg.svenskakyrkan.se\/bernice\/2013\/07\/09\/dop-karlek-dod\/#primaryimage\"},\"thumbnailUrl\":\"http:\/\/blogg.svenskakyrkan.se\/bernice\/files\/2013\/07\/image5-219x300.jpg\",\"inLanguage\":\"sv-SE\",\"potentialAction\":[{\"@type\":\"CommentAction\",\"name\":\"Comment\",\"target\":[\"https:\/\/blogg.svenskakyrkan.se\/bernice\/2013\/07\/09\/dop-karlek-dod\/#respond\"]}]},{\"@type\":\"WebPage\",\"@id\":\"https:\/\/blogg.svenskakyrkan.se\/bernice\/2013\/07\/09\/dop-karlek-dod\/\",\"url\":\"https:\/\/blogg.svenskakyrkan.se\/bernice\/2013\/07\/09\/dop-karlek-dod\/\",\"name\":\"Dopets g\u00e5va, K\u00e4rlekens kraft, D\u00f6dens sm\u00e4rta - En pr\u00e4sts vardag. - I huvudet p\u00e5 Bernice\",\"isPartOf\":{\"@id\":\"https:\/\/blogg.svenskakyrkan.se\/bernice\/#website\"},\"primaryImageOfPage\":{\"@id\":\"https:\/\/blogg.svenskakyrkan.se\/bernice\/2013\/07\/09\/dop-karlek-dod\/#primaryimage\"},\"image\":{\"@id\":\"https:\/\/blogg.svenskakyrkan.se\/bernice\/2013\/07\/09\/dop-karlek-dod\/#primaryimage\"},\"thumbnailUrl\":\"http:\/\/blogg.svenskakyrkan.se\/bernice\/files\/2013\/07\/image5-219x300.jpg\",\"datePublished\":\"2013-07-09T17:06:12+00:00\",\"dateModified\":\"2013-07-12T07:32:24+00:00\",\"author\":{\"@id\":\"https:\/\/blogg.svenskakyrkan.se\/bernice\/#\/schema\/person\/76c8e04a58c80052ea592c4b18f98a56\"},\"breadcrumb\":{\"@id\":\"https:\/\/blogg.svenskakyrkan.se\/bernice\/2013\/07\/09\/dop-karlek-dod\/#breadcrumb\"},\"inLanguage\":\"sv-SE\",\"potentialAction\":[{\"@type\":\"ReadAction\",\"target\":[\"https:\/\/blogg.svenskakyrkan.se\/bernice\/2013\/07\/09\/dop-karlek-dod\/\"]}]},{\"@type\":\"ImageObject\",\"inLanguage\":\"sv-SE\",\"@id\":\"https:\/\/blogg.svenskakyrkan.se\/bernice\/2013\/07\/09\/dop-karlek-dod\/#primaryimage\",\"url\":\"https:\/\/blogg.svenskakyrkan.se\/bernice\/files\/2013\/07\/image5.jpg\",\"contentUrl\":\"https:\/\/blogg.svenskakyrkan.se\/bernice\/files\/2013\/07\/image5.jpg\",\"width\":1497,\"height\":2047},{\"@type\":\"BreadcrumbList\",\"@id\":\"https:\/\/blogg.svenskakyrkan.se\/bernice\/2013\/07\/09\/dop-karlek-dod\/#breadcrumb\",\"itemListElement\":[{\"@type\":\"ListItem\",\"position\":1,\"name\":\"Hem\",\"item\":\"https:\/\/blogg.svenskakyrkan.se\/bernice\/\"},{\"@type\":\"ListItem\",\"position\":2,\"name\":\"Dopets g\u00e5va, K\u00e4rlekens kraft, D\u00f6dens sm\u00e4rta &#8211; En pr\u00e4sts vardag.\"}]},{\"@type\":\"WebSite\",\"@id\":\"https:\/\/blogg.svenskakyrkan.se\/bernice\/#website\",\"url\":\"https:\/\/blogg.svenskakyrkan.se\/bernice\/\",\"name\":\"I huvudet p\u00e5 Bernice\",\"description\":\"Bernice fr\u00e5n Trelleborg \u00e4r pr\u00e4st i Lunds stift. H\u00e4r delar hon med sig av sina tankar och funderingar kring livet som pr\u00e4st i Svenska kyrkan.\",\"potentialAction\":[{\"@type\":\"SearchAction\",\"target\":{\"@type\":\"EntryPoint\",\"urlTemplate\":\"https:\/\/blogg.svenskakyrkan.se\/bernice\/?s={search_term_string}\"},\"query-input\":{\"@type\":\"PropertyValueSpecification\",\"valueRequired\":true,\"valueName\":\"search_term_string\"}}],\"inLanguage\":\"sv-SE\"},{\"@type\":\"Person\",\"@id\":\"https:\/\/blogg.svenskakyrkan.se\/bernice\/#\/schema\/person\/76c8e04a58c80052ea592c4b18f98a56\",\"name\":\"bernice\",\"image\":{\"@type\":\"ImageObject\",\"inLanguage\":\"sv-SE\",\"@id\":\"https:\/\/blogg.svenskakyrkan.se\/bernice\/#\/schema\/person\/image\/\",\"url\":\"https:\/\/secure.gravatar.com\/avatar\/edc759043d8ca2e345e473dc5837d0bbd8f69477b440dc6dfb67e7fca2e22144?s=96&d=mm&r=g\",\"contentUrl\":\"https:\/\/secure.gravatar.com\/avatar\/edc759043d8ca2e345e473dc5837d0bbd8f69477b440dc6dfb67e7fca2e22144?s=96&d=mm&r=g\",\"caption\":\"bernice\"},\"description\":\"\u201dI huvudet p\u00e5 Bernice\u201d var det f\u00f6rst t\u00e4nkt att ni kunde l\u00e4sa om mitt f\u00f6rsta \u00e5r som pr\u00e4st. Hur k\u00e4nns det? Vad g\u00f6r jag? Hur g\u00e5r det? Nu har jag varit pr\u00e4st i mer \u00e4n ett \u00e5r. Det \u00e4r fortfarande lika underbart och f\u00f6r varje dag som g\u00e5r l\u00e4r jag mig mer om m\u00e4nniskor, mig sj\u00e4lv och Gud. I bloggen tar jag ocks\u00e5 upp livet runt omkring pr\u00e4styrket. Vem \u00e4r d\u00e5 jag? Jag f\u00f6ddes den 2 dec 1985. \u00c4r oftast en v\u00e4ldigt glad m\u00e4nniska som \u00e4lskar att skratta och njuter av livet med stor aptit. Har mycket energi och vilja. \u00c4r ganska envis och har definitivt noll tolerans mot fientlighet och homofobi. Kan ha en smula temperament och \u00e4lskar att diskutera och argumentera. Annars \u00e4r jag en v\u00e4ldigt fridfull m\u00e4nniska som \u00e4lskar djur och natur, teater, goda middagar och att umg\u00e5s med n\u00e4ra och k\u00e4ra. Tar g\u00e4rna en runda p\u00e5 stan f\u00f6r att shoppa och ser klackaskor som ett m\u00e5ste att f\u00f6rgylla livet med. Innan min pr\u00e4stvigning fick jag en f\u00f6rfr\u00e5gan fr\u00e5n Lunds stift om jag var intresserad av att blogga. Och \u00e4r det n\u00e5got jag \u00e4lskar s\u00e5 \u00e4r det att skriva och uttrycka mig. Nu har jag \u00e4ntligen n\u00e5tt min dr\u00f6m om att f\u00e5 bli pr\u00e4st och vara Guds redskap. Jag vill n\u00e5 ut till alla m\u00f6jliga m\u00e4nniskor i alla \u00e5ldrar med ett budskap om att Jesus Kristus vill vara v\u00e4rldens ljus och vandra vid v\u00e5r sida alla dagar till tidens slut. Gud skrattar med oss n\u00e4r vi skrattar och gr\u00e5ter med oss n\u00e4r vi gr\u00e5ter, Gud \u00e4r med oss i livets stora ting men ocks\u00e5 de sm\u00e5. D\u00e4rf\u00f6r skildrar min blogg allt mellan himmel och jord, fr\u00e5n husvagnssemestern till gudstj\u00e4nster. Unga respektive \u00e4ldre m\u00e4nniskors liv. F\u00f6delse, k\u00e4rlek, sorg och d\u00f6d. Varf\u00f6r vill du bli pr\u00e4st? F\u00e5r du r\u00f6ka, sv\u00e4ra, och dricka? Klassiska fr\u00e5gor man ofta f\u00e5r som b\u00e5de blivande pr\u00e4st och pr\u00e4st. Som student i lund var jag och en av mina b\u00e4sta v\u00e4nner som nu ocks\u00e5 \u00e4r min kollega ofta p\u00e5 studentfester. En g\u00e5ng p\u00e5 dessa fester orkade vi inte med alla fr\u00e5gor (se ovan) som f\u00f6ljde efter att vi svarat p\u00e5 vad vi pluggade till. D\u00e5 svarade vi att vi h\u00f6ll p\u00e5 att utbilda oss till flygv\u00e4rdinnor\u2026 Om det kom f\u00f6ljdfr\u00e5gor? - Ja. Kunde vi svara p\u00e5 dem? - Nej. H\u00e4danefter fortsatte vi att svara precis som det var. Jag pr\u00e4stvigdes den 9\/6 2013. En dag jag aldrig kommer att gl\u00f6mma. \u00c4r stolt \u00f6ver mitt yrke, och \u00e4r s\u00e5 oerh\u00f6rt tacksam \u00f6ver att f\u00e5 vara pr\u00e4st i Svenska kyrkan. Jag hoppas och str\u00e4var efter att f\u00e5 vara en resurs med Gud som min h\u00f6gsta arbetsgivare, m\u00f6ta m\u00e4nniskor d\u00e4r de \u00e4r i k\u00e4rlek och respekt f\u00f6r vem de \u00e4n \u00e4r. F\u00f6r mig \u00e4r det sj\u00e4lvklart att Guds k\u00e4rlek r\u00e4cker till alla oavsett om man \u00e4r jude eller grek, man eller kvinna, homosexuell, heterosexuell, eller vilken st\u00e4mpel man \u00e4n har i sitt pass. Som v\u00e5r \u00e4rkebiskop Antje Jackel\u00e9n sa, \\\"dopets vattenst\u00e4mpel sl\u00e5r h\u00f6gre \u00e4n passet.\\\" V\u00e4lkommen att l\u00e4sa min blogg, F\u00f6lj med och se!\",\"url\":\"https:\/\/blogg.svenskakyrkan.se\/bernice\/author\/bernice\/\"}]}<\/script>\n<!-- \/ Yoast SEO plugin. -->","yoast_head_json":{"title":"Dopets g\u00e5va, K\u00e4rlekens kraft, D\u00f6dens sm\u00e4rta - En pr\u00e4sts vardag. - I huvudet p\u00e5 Bernice","robots":{"index":"index","follow":"follow","max-snippet":"max-snippet:-1","max-image-preview":"max-image-preview:large","max-video-preview":"max-video-preview:-1"},"canonical":"https:\/\/blogg.svenskakyrkan.se\/bernice\/2013\/07\/09\/dop-karlek-dod\/","og_locale":"sv_SE","og_type":"article","og_title":"Dopets g\u00e5va, K\u00e4rlekens kraft, D\u00f6dens sm\u00e4rta - En pr\u00e4sts vardag. - I huvudet p\u00e5 Bernice","og_description":"Att f\u00e5 vara med i livets alla skeden och att f\u00e5 ta del av m\u00e4nniskors allra viktigaste stunder i livet \u00e4r ett privilegium. Fr\u00e5n d\u00f6d till liv. Genom Jesus\u00a0kan vi f\u00f6rmedla tr\u00f6st och hopp. Men under\u00a0ett sorgesamtal inf\u00f6r en begravning\u00a0trasas hj\u00e4rtat s\u00f6nder en aning. Det kan p\u00e5 ett s\u00e4tt\u00a0k\u00e4nnas\u00a0som att ett intr\u00e5ng i en m\u00e4nniskas [&hellip;]","og_url":"https:\/\/blogg.svenskakyrkan.se\/bernice\/2013\/07\/09\/dop-karlek-dod\/","og_site_name":"I huvudet p\u00e5 Bernice","article_published_time":"2013-07-09T17:06:12+00:00","article_modified_time":"2013-07-12T07:32:24+00:00","og_image":[{"url":"http:\/\/blogg.svenskakyrkan.se\/bernice\/files\/2013\/07\/image5-219x300.jpg","type":"","width":"","height":""}],"author":"bernice","twitter_card":"summary_large_image","twitter_misc":{"Skriven av":"bernice","Ber\u00e4knad l\u00e4stid":"1 minut"},"schema":{"@context":"https:\/\/schema.org","@graph":[{"@type":"Article","@id":"https:\/\/blogg.svenskakyrkan.se\/bernice\/2013\/07\/09\/dop-karlek-dod\/#article","isPartOf":{"@id":"https:\/\/blogg.svenskakyrkan.se\/bernice\/2013\/07\/09\/dop-karlek-dod\/"},"author":{"name":"bernice","@id":"https:\/\/blogg.svenskakyrkan.se\/bernice\/#\/schema\/person\/76c8e04a58c80052ea592c4b18f98a56"},"headline":"Dopets g\u00e5va, K\u00e4rlekens kraft, D\u00f6dens sm\u00e4rta &#8211; En pr\u00e4sts vardag.","datePublished":"2013-07-09T17:06:12+00:00","dateModified":"2013-07-12T07:32:24+00:00","mainEntityOfPage":{"@id":"https:\/\/blogg.svenskakyrkan.se\/bernice\/2013\/07\/09\/dop-karlek-dod\/"},"wordCount":306,"commentCount":0,"image":{"@id":"https:\/\/blogg.svenskakyrkan.se\/bernice\/2013\/07\/09\/dop-karlek-dod\/#primaryimage"},"thumbnailUrl":"http:\/\/blogg.svenskakyrkan.se\/bernice\/files\/2013\/07\/image5-219x300.jpg","inLanguage":"sv-SE","potentialAction":[{"@type":"CommentAction","name":"Comment","target":["https:\/\/blogg.svenskakyrkan.se\/bernice\/2013\/07\/09\/dop-karlek-dod\/#respond"]}]},{"@type":"WebPage","@id":"https:\/\/blogg.svenskakyrkan.se\/bernice\/2013\/07\/09\/dop-karlek-dod\/","url":"https:\/\/blogg.svenskakyrkan.se\/bernice\/2013\/07\/09\/dop-karlek-dod\/","name":"Dopets g\u00e5va, K\u00e4rlekens kraft, D\u00f6dens sm\u00e4rta - En pr\u00e4sts vardag. - I huvudet p\u00e5 Bernice","isPartOf":{"@id":"https:\/\/blogg.svenskakyrkan.se\/bernice\/#website"},"primaryImageOfPage":{"@id":"https:\/\/blogg.svenskakyrkan.se\/bernice\/2013\/07\/09\/dop-karlek-dod\/#primaryimage"},"image":{"@id":"https:\/\/blogg.svenskakyrkan.se\/bernice\/2013\/07\/09\/dop-karlek-dod\/#primaryimage"},"thumbnailUrl":"http:\/\/blogg.svenskakyrkan.se\/bernice\/files\/2013\/07\/image5-219x300.jpg","datePublished":"2013-07-09T17:06:12+00:00","dateModified":"2013-07-12T07:32:24+00:00","author":{"@id":"https:\/\/blogg.svenskakyrkan.se\/bernice\/#\/schema\/person\/76c8e04a58c80052ea592c4b18f98a56"},"breadcrumb":{"@id":"https:\/\/blogg.svenskakyrkan.se\/bernice\/2013\/07\/09\/dop-karlek-dod\/#breadcrumb"},"inLanguage":"sv-SE","potentialAction":[{"@type":"ReadAction","target":["https:\/\/blogg.svenskakyrkan.se\/bernice\/2013\/07\/09\/dop-karlek-dod\/"]}]},{"@type":"ImageObject","inLanguage":"sv-SE","@id":"https:\/\/blogg.svenskakyrkan.se\/bernice\/2013\/07\/09\/dop-karlek-dod\/#primaryimage","url":"https:\/\/blogg.svenskakyrkan.se\/bernice\/files\/2013\/07\/image5.jpg","contentUrl":"https:\/\/blogg.svenskakyrkan.se\/bernice\/files\/2013\/07\/image5.jpg","width":1497,"height":2047},{"@type":"BreadcrumbList","@id":"https:\/\/blogg.svenskakyrkan.se\/bernice\/2013\/07\/09\/dop-karlek-dod\/#breadcrumb","itemListElement":[{"@type":"ListItem","position":1,"name":"Hem","item":"https:\/\/blogg.svenskakyrkan.se\/bernice\/"},{"@type":"ListItem","position":2,"name":"Dopets g\u00e5va, K\u00e4rlekens kraft, D\u00f6dens sm\u00e4rta &#8211; En pr\u00e4sts vardag."}]},{"@type":"WebSite","@id":"https:\/\/blogg.svenskakyrkan.se\/bernice\/#website","url":"https:\/\/blogg.svenskakyrkan.se\/bernice\/","name":"I huvudet p\u00e5 Bernice","description":"Bernice fr\u00e5n Trelleborg \u00e4r pr\u00e4st i Lunds stift. H\u00e4r delar hon med sig av sina tankar och funderingar kring livet som pr\u00e4st i Svenska kyrkan.","potentialAction":[{"@type":"SearchAction","target":{"@type":"EntryPoint","urlTemplate":"https:\/\/blogg.svenskakyrkan.se\/bernice\/?s={search_term_string}"},"query-input":{"@type":"PropertyValueSpecification","valueRequired":true,"valueName":"search_term_string"}}],"inLanguage":"sv-SE"},{"@type":"Person","@id":"https:\/\/blogg.svenskakyrkan.se\/bernice\/#\/schema\/person\/76c8e04a58c80052ea592c4b18f98a56","name":"bernice","image":{"@type":"ImageObject","inLanguage":"sv-SE","@id":"https:\/\/blogg.svenskakyrkan.se\/bernice\/#\/schema\/person\/image\/","url":"https:\/\/secure.gravatar.com\/avatar\/edc759043d8ca2e345e473dc5837d0bbd8f69477b440dc6dfb67e7fca2e22144?s=96&d=mm&r=g","contentUrl":"https:\/\/secure.gravatar.com\/avatar\/edc759043d8ca2e345e473dc5837d0bbd8f69477b440dc6dfb67e7fca2e22144?s=96&d=mm&r=g","caption":"bernice"},"description":"\u201dI huvudet p\u00e5 Bernice\u201d var det f\u00f6rst t\u00e4nkt att ni kunde l\u00e4sa om mitt f\u00f6rsta \u00e5r som pr\u00e4st. Hur k\u00e4nns det? Vad g\u00f6r jag? Hur g\u00e5r det? Nu har jag varit pr\u00e4st i mer \u00e4n ett \u00e5r. Det \u00e4r fortfarande lika underbart och f\u00f6r varje dag som g\u00e5r l\u00e4r jag mig mer om m\u00e4nniskor, mig sj\u00e4lv och Gud. I bloggen tar jag ocks\u00e5 upp livet runt omkring pr\u00e4styrket. Vem \u00e4r d\u00e5 jag? Jag f\u00f6ddes den 2 dec 1985. \u00c4r oftast en v\u00e4ldigt glad m\u00e4nniska som \u00e4lskar att skratta och njuter av livet med stor aptit. Har mycket energi och vilja. \u00c4r ganska envis och har definitivt noll tolerans mot fientlighet och homofobi. Kan ha en smula temperament och \u00e4lskar att diskutera och argumentera. Annars \u00e4r jag en v\u00e4ldigt fridfull m\u00e4nniska som \u00e4lskar djur och natur, teater, goda middagar och att umg\u00e5s med n\u00e4ra och k\u00e4ra. Tar g\u00e4rna en runda p\u00e5 stan f\u00f6r att shoppa och ser klackaskor som ett m\u00e5ste att f\u00f6rgylla livet med. Innan min pr\u00e4stvigning fick jag en f\u00f6rfr\u00e5gan fr\u00e5n Lunds stift om jag var intresserad av att blogga. Och \u00e4r det n\u00e5got jag \u00e4lskar s\u00e5 \u00e4r det att skriva och uttrycka mig. Nu har jag \u00e4ntligen n\u00e5tt min dr\u00f6m om att f\u00e5 bli pr\u00e4st och vara Guds redskap. Jag vill n\u00e5 ut till alla m\u00f6jliga m\u00e4nniskor i alla \u00e5ldrar med ett budskap om att Jesus Kristus vill vara v\u00e4rldens ljus och vandra vid v\u00e5r sida alla dagar till tidens slut. Gud skrattar med oss n\u00e4r vi skrattar och gr\u00e5ter med oss n\u00e4r vi gr\u00e5ter, Gud \u00e4r med oss i livets stora ting men ocks\u00e5 de sm\u00e5. D\u00e4rf\u00f6r skildrar min blogg allt mellan himmel och jord, fr\u00e5n husvagnssemestern till gudstj\u00e4nster. Unga respektive \u00e4ldre m\u00e4nniskors liv. F\u00f6delse, k\u00e4rlek, sorg och d\u00f6d. Varf\u00f6r vill du bli pr\u00e4st? F\u00e5r du r\u00f6ka, sv\u00e4ra, och dricka? Klassiska fr\u00e5gor man ofta f\u00e5r som b\u00e5de blivande pr\u00e4st och pr\u00e4st. Som student i lund var jag och en av mina b\u00e4sta v\u00e4nner som nu ocks\u00e5 \u00e4r min kollega ofta p\u00e5 studentfester. En g\u00e5ng p\u00e5 dessa fester orkade vi inte med alla fr\u00e5gor (se ovan) som f\u00f6ljde efter att vi svarat p\u00e5 vad vi pluggade till. D\u00e5 svarade vi att vi h\u00f6ll p\u00e5 att utbilda oss till flygv\u00e4rdinnor\u2026 Om det kom f\u00f6ljdfr\u00e5gor? - Ja. Kunde vi svara p\u00e5 dem? - Nej. H\u00e4danefter fortsatte vi att svara precis som det var. Jag pr\u00e4stvigdes den 9\/6 2013. En dag jag aldrig kommer att gl\u00f6mma. \u00c4r stolt \u00f6ver mitt yrke, och \u00e4r s\u00e5 oerh\u00f6rt tacksam \u00f6ver att f\u00e5 vara pr\u00e4st i Svenska kyrkan. Jag hoppas och str\u00e4var efter att f\u00e5 vara en resurs med Gud som min h\u00f6gsta arbetsgivare, m\u00f6ta m\u00e4nniskor d\u00e4r de \u00e4r i k\u00e4rlek och respekt f\u00f6r vem de \u00e4n \u00e4r. F\u00f6r mig \u00e4r det sj\u00e4lvklart att Guds k\u00e4rlek r\u00e4cker till alla oavsett om man \u00e4r jude eller grek, man eller kvinna, homosexuell, heterosexuell, eller vilken st\u00e4mpel man \u00e4n har i sitt pass. Som v\u00e5r \u00e4rkebiskop Antje Jackel\u00e9n sa, \"dopets vattenst\u00e4mpel sl\u00e5r h\u00f6gre \u00e4n passet.\" V\u00e4lkommen att l\u00e4sa min blogg, F\u00f6lj med och se!","url":"https:\/\/blogg.svenskakyrkan.se\/bernice\/author\/bernice\/"}]}},"author_meta":{"ID":"286","user_nicename":"bernice","user_registered":"2013-05-27 06:30:39","display_name":"bernice","avatar":"https:\/\/secure.gravatar.com\/avatar\/edc759043d8ca2e345e473dc5837d0bbd8f69477b440dc6dfb67e7fca2e22144?s=96&d=mm&r=g"},"featured_image":false,"bloginfo":{"name":"I huvudet p\u00e5 Bernice","url":"https:\/\/blogg.svenskakyrkan.se\/bernice"},"_links":{"self":[{"href":"https:\/\/blogg.svenskakyrkan.se\/bernice\/wp-json\/wp\/v2\/posts\/214","targetHints":{"allow":["GET"]}}],"collection":[{"href":"https:\/\/blogg.svenskakyrkan.se\/bernice\/wp-json\/wp\/v2\/posts"}],"about":[{"href":"https:\/\/blogg.svenskakyrkan.se\/bernice\/wp-json\/wp\/v2\/types\/post"}],"author":[{"embeddable":true,"href":"https:\/\/blogg.svenskakyrkan.se\/bernice\/wp-json\/wp\/v2\/users\/286"}],"replies":[{"embeddable":true,"href":"https:\/\/blogg.svenskakyrkan.se\/bernice\/wp-json\/wp\/v2\/comments?post=214"}],"version-history":[{"count":6,"href":"https:\/\/blogg.svenskakyrkan.se\/bernice\/wp-json\/wp\/v2\/posts\/214\/revisions"}],"predecessor-version":[{"id":220,"href":"https:\/\/blogg.svenskakyrkan.se\/bernice\/wp-json\/wp\/v2\/posts\/214\/revisions\/220"}],"wp:attachment":[{"href":"https:\/\/blogg.svenskakyrkan.se\/bernice\/wp-json\/wp\/v2\/media?parent=214"}],"wp:term":[{"taxonomy":"category","embeddable":true,"href":"https:\/\/blogg.svenskakyrkan.se\/bernice\/wp-json\/wp\/v2\/categories?post=214"},{"taxonomy":"post_tag","embeddable":true,"href":"https:\/\/blogg.svenskakyrkan.se\/bernice\/wp-json\/wp\/v2\/tags?post=214"}],"curies":[{"name":"wp","href":"https:\/\/api.w.org\/{rel}","templated":true}]}}