{"id":43,"date":"2013-06-03T20:13:15","date_gmt":"2013-06-03T18:13:15","guid":{"rendered":"http:\/\/blogg.svenskakyrkan.se\/bernice\/?p=43"},"modified":"2013-06-03T20:39:03","modified_gmt":"2013-06-03T18:39:03","slug":"alskade-lund","status":"publish","type":"post","link":"https:\/\/blogg.svenskakyrkan.se\/bernice\/2013\/06\/03\/alskade-lund\/","title":{"rendered":"\u00c4lskade Lund"},"content":{"rendered":"<p>7 \u00e5r har nu g\u00e5tt sedan jag flyttade till Lund.<a href=\"http:\/\/blogg.svenskakyrkan.se\/bernice\/files\/2013\/06\/image2.jpg\"><img loading=\"lazy\" decoding=\"async\" class=\"alignnone size-medium wp-image-36\" alt=\"image\" src=\"http:\/\/blogg.svenskakyrkan.se\/bernice\/files\/2013\/06\/image2-225x300.jpg\" width=\"225\" height=\"300\" srcset=\"https:\/\/blogg.svenskakyrkan.se\/bernice\/files\/2013\/06\/image2-225x300.jpg 225w, https:\/\/blogg.svenskakyrkan.se\/bernice\/files\/2013\/06\/image2-768x1024.jpg 768w, https:\/\/blogg.svenskakyrkan.se\/bernice\/files\/2013\/06\/image2.jpg 1536w\" sizes=\"auto, (max-width: 225px) 100vw, 225px\" \/><\/a> Ta\u00adlet sju f\u00f6re\u00adkom\u00admer ett myc\u00adket stort an\u00adtal g\u00e5ng\u00ader i bi\u00adbeln.\u00a0Enligt Bibeln.se\u00a0st\u00e5r talet i stort sett f\u00f6r hel\u00adhet och fullst\u00e4ndig\u00adhet. Att n\u00e5got g\u00f6rs sju g\u00e5ng\u00ader be\u00adty\u00adder att det sker grund\u00adligt och un\u00addan\u00adtagsl\u00f6st. Vi s\u00e4ger att det \u00e4ven st\u00e4mmer in p\u00e5 mina 7 \u00e5r&#8230; \ud83d\ude09\u00a0Kanske jag aldrig mer kommer att bo i en stad som l\u00e4mnar efter sig s\u00e5dana sp\u00e5r i mitt liv som Lund gjort. Men nu ser jag fram emot att bo i sommarstaden S\u00f6lvesborg med min Alexander. \u00c4ta glass p\u00e5 glassb\u00e5ten, jogga \u00f6ver\u00a0en av Europas l\u00e4ngsta g\u00e5ng- och cykelv\u00e4gsbroar och simma i havet vid Tredenborg. (Eller den strand som uppenbarar sig f\u00f6r mig n\u00e4r jag cyklat vilse ett tag&#8230;)\u00a0Vatten ger liv &#8211; S\u00f6lvesborg \u00e4r omringat av vatten &#8211; och jag kommer utan tvekan att k\u00e4nna mig fylld av livet. Min nya arbetsplats i Brom\u00f6lla, \u00a0Ivetotofta- Gual\u00f6vs f\u00f6rsamling verkar helt underbar. De som jobbar i f\u00f6rsamlingen \u00e4r hur &#8221;goa&#8221; (l\u00e4ses p\u00e5 sk\u00e5nska) som helst och jag l\u00e4ngtar s\u00e5 att jag spricker.\u00a0Hoppas de orkar med en sk\u00e5nsk tjej som pratar oavbrutet.<\/p>\n<div>En g\u00e5ng n\u00e4r jag var liten hade min pappas sambo h\u00e4mtat mig med bilen. Vi skulle k\u00f6ra ett par mil och n\u00e4r vi var framme hade hon sagt till pappa; &#8221;jag tar en huvudv\u00e4rkstablett \u00a0och g\u00e5r och l\u00e4gger mig&#8230;&#8221; Oj, vad jag m\u00e5ste ha pratat. Ungef\u00e4r som i\u00a0filmen Dr\u00f6mk\u00e5ken med Bj\u00f6rn Skifs. Kommer ni ih\u00e5g? Kvinnan med stora h\u00e5ret och l\u00e5nga naglarna som pratade oavbrutet. I slutet av filmen sitter hon p\u00e5 sina grannars badkarskant s\u00e5 de f\u00e5r sjunka ner i skummet f\u00f6r att f\u00e5 tyst.<\/div>\n<div>Det ska nog g\u00e5 bra, ska f\u00f6rs\u00f6ka att inte prata f\u00f6r mycket.<\/div>\n<div><\/div>\n<div>K\u00e4nner mig s\u00e5 glad och nyfiken p\u00e5 min nya arbetsplats.\u00a0Ett tag var jag orolig att jag efter pr\u00e4stvigningen skulle k\u00e4nna mig tom och vemodig. Att efter m\u00e5let som jag k\u00e4mpat f\u00f6r och l\u00e4ngtat efter uppfyllts, skulle det komma tankar som; Vad ska ske sen? Vad ska jag k\u00e4mpa f\u00f6r nu? Ibland k\u00e4ndes m\u00e5let s\u00e5 o\u00f6vervinneligt att jag inte trodde det skulle h\u00e4nda. Det var bara alla andra som slutf\u00f6rde sina studier, tog examen och pr\u00e4stvigdes. &#8211; Men icke!<\/div>\n<div><\/div>\n<div>Visst ser jag fram emot pr\u00e4stvigningen den 9\/6-13 det kommer k\u00e4nnas s\u00e5 stort och jag kommer inte kunna h\u00e5lla t\u00e5rarna borta. Men jag ser lika mycket fram emot dagarna efter pr\u00e4stvigningen. Och p\u00e5 fr\u00e5gan om vad jag ska k\u00e4mpa f\u00f6r nu? \u00c4r svaret; att g\u00f6ra Jesus k\u00e4nd i v\u00e4rlden!<\/p>\n<div>\n<div><\/div>\n<div>&#8221;Du som \u00e4r \u00f6ver oss,<\/div>\n<div>Du som \u00e4r en av oss,<\/div>\n<div>Du som \u00e4r &#8211;<\/div>\n<div>ocks\u00e5 i oss,<\/div>\n<div>m\u00e5 alla se dig &#8211; ocks\u00e5 i mig,<\/div>\n<div>m\u00e5 jag bereda v\u00e4gen f\u00f6r dig.&#8221;<\/div>\n<div><\/div>\n<div>Dag Hammarskj\u00f6ld<\/div>\n<\/div>\n<\/div>\n","protected":false},"excerpt":{"rendered":"<p>7 \u00e5r har nu g\u00e5tt sedan jag flyttade till Lund. Ta\u00adlet sju f\u00f6re\u00adkom\u00admer ett myc\u00adket stort an\u00adtal g\u00e5ng\u00ader i bi\u00adbeln.\u00a0Enligt Bibeln.se\u00a0st\u00e5r talet i stort sett f\u00f6r hel\u00adhet och fullst\u00e4ndig\u00adhet. Att n\u00e5got g\u00f6rs sju g\u00e5ng\u00ader be\u00adty\u00adder att det sker grund\u00adligt och un\u00addan\u00adtagsl\u00f6st. Vi s\u00e4ger att det \u00e4ven st\u00e4mmer in p\u00e5 mina 7 \u00e5r&#8230; \ud83d\ude09\u00a0Kanske jag aldrig [&hellip;]<\/p>\n","protected":false},"author":286,"featured_media":0,"comment_status":"open","ping_status":"open","sticky":false,"template":"","format":"image","meta":{"_acf_changed":false,"footnotes":""},"categories":[9],"tags":[],"class_list":["post-43","post","type-post","status-publish","format-image","hentry","category-okategoriserade","post_format-post-format-image"],"acf":[],"yoast_head":"<!-- This site is optimized with the Yoast SEO plugin v27.1.1 - https:\/\/yoast.com\/product\/yoast-seo-wordpress\/ -->\n<title>\u00c4lskade Lund  - I huvudet p\u00e5 Bernice<\/title>\n<meta name=\"robots\" content=\"index, follow, max-snippet:-1, max-image-preview:large, max-video-preview:-1\" \/>\n<link rel=\"canonical\" href=\"https:\/\/blogg.svenskakyrkan.se\/bernice\/2013\/06\/03\/alskade-lund\/\" \/>\n<meta property=\"og:locale\" content=\"sv_SE\" \/>\n<meta property=\"og:type\" content=\"article\" \/>\n<meta property=\"og:title\" content=\"\u00c4lskade Lund  - I huvudet p\u00e5 Bernice\" \/>\n<meta property=\"og:description\" content=\"7 \u00e5r har nu g\u00e5tt sedan jag flyttade till Lund. Ta\u00adlet sju f\u00f6re\u00adkom\u00admer ett myc\u00adket stort an\u00adtal g\u00e5ng\u00ader i bi\u00adbeln.\u00a0Enligt Bibeln.se\u00a0st\u00e5r talet i stort sett f\u00f6r hel\u00adhet och fullst\u00e4ndig\u00adhet. Att n\u00e5got g\u00f6rs sju g\u00e5ng\u00ader be\u00adty\u00adder att det sker grund\u00adligt och un\u00addan\u00adtagsl\u00f6st. Vi s\u00e4ger att det \u00e4ven st\u00e4mmer in p\u00e5 mina 7 \u00e5r&#8230; \ud83d\ude09\u00a0Kanske jag aldrig [&hellip;]\" \/>\n<meta property=\"og:url\" content=\"https:\/\/blogg.svenskakyrkan.se\/bernice\/2013\/06\/03\/alskade-lund\/\" \/>\n<meta property=\"og:site_name\" content=\"I huvudet p\u00e5 Bernice\" \/>\n<meta property=\"article:published_time\" content=\"2013-06-03T18:13:15+00:00\" \/>\n<meta property=\"article:modified_time\" content=\"2013-06-03T18:39:03+00:00\" \/>\n<meta property=\"og:image\" content=\"http:\/\/blogg.svenskakyrkan.se\/bernice\/files\/2013\/06\/image2-225x300.jpg\" \/>\n<meta name=\"author\" content=\"bernice\" \/>\n<meta name=\"twitter:card\" content=\"summary_large_image\" \/>\n<meta name=\"twitter:label1\" content=\"Skriven av\" \/>\n\t<meta name=\"twitter:data1\" content=\"bernice\" \/>\n\t<meta name=\"twitter:label2\" content=\"Ber\u00e4knad l\u00e4stid\" \/>\n\t<meta name=\"twitter:data2\" content=\"3 minuter\" \/>\n<script type=\"application\/ld+json\" class=\"yoast-schema-graph\">{\"@context\":\"https:\/\/schema.org\",\"@graph\":[{\"@type\":\"Article\",\"@id\":\"https:\/\/blogg.svenskakyrkan.se\/bernice\/2013\/06\/03\/alskade-lund\/#article\",\"isPartOf\":{\"@id\":\"https:\/\/blogg.svenskakyrkan.se\/bernice\/2013\/06\/03\/alskade-lund\/\"},\"author\":{\"name\":\"bernice\",\"@id\":\"https:\/\/blogg.svenskakyrkan.se\/bernice\/#\/schema\/person\/76c8e04a58c80052ea592c4b18f98a56\"},\"headline\":\"\u00c4lskade Lund\",\"datePublished\":\"2013-06-03T18:13:15+00:00\",\"dateModified\":\"2013-06-03T18:39:03+00:00\",\"mainEntityOfPage\":{\"@id\":\"https:\/\/blogg.svenskakyrkan.se\/bernice\/2013\/06\/03\/alskade-lund\/\"},\"wordCount\":544,\"commentCount\":1,\"image\":{\"@id\":\"https:\/\/blogg.svenskakyrkan.se\/bernice\/2013\/06\/03\/alskade-lund\/#primaryimage\"},\"thumbnailUrl\":\"http:\/\/blogg.svenskakyrkan.se\/bernice\/files\/2013\/06\/image2-225x300.jpg\",\"inLanguage\":\"sv-SE\",\"potentialAction\":[{\"@type\":\"CommentAction\",\"name\":\"Comment\",\"target\":[\"https:\/\/blogg.svenskakyrkan.se\/bernice\/2013\/06\/03\/alskade-lund\/#respond\"]}]},{\"@type\":\"WebPage\",\"@id\":\"https:\/\/blogg.svenskakyrkan.se\/bernice\/2013\/06\/03\/alskade-lund\/\",\"url\":\"https:\/\/blogg.svenskakyrkan.se\/bernice\/2013\/06\/03\/alskade-lund\/\",\"name\":\"\u00c4lskade Lund - I huvudet p\u00e5 Bernice\",\"isPartOf\":{\"@id\":\"https:\/\/blogg.svenskakyrkan.se\/bernice\/#website\"},\"primaryImageOfPage\":{\"@id\":\"https:\/\/blogg.svenskakyrkan.se\/bernice\/2013\/06\/03\/alskade-lund\/#primaryimage\"},\"image\":{\"@id\":\"https:\/\/blogg.svenskakyrkan.se\/bernice\/2013\/06\/03\/alskade-lund\/#primaryimage\"},\"thumbnailUrl\":\"http:\/\/blogg.svenskakyrkan.se\/bernice\/files\/2013\/06\/image2-225x300.jpg\",\"datePublished\":\"2013-06-03T18:13:15+00:00\",\"dateModified\":\"2013-06-03T18:39:03+00:00\",\"author\":{\"@id\":\"https:\/\/blogg.svenskakyrkan.se\/bernice\/#\/schema\/person\/76c8e04a58c80052ea592c4b18f98a56\"},\"breadcrumb\":{\"@id\":\"https:\/\/blogg.svenskakyrkan.se\/bernice\/2013\/06\/03\/alskade-lund\/#breadcrumb\"},\"inLanguage\":\"sv-SE\",\"potentialAction\":[{\"@type\":\"ReadAction\",\"target\":[\"https:\/\/blogg.svenskakyrkan.se\/bernice\/2013\/06\/03\/alskade-lund\/\"]}]},{\"@type\":\"ImageObject\",\"inLanguage\":\"sv-SE\",\"@id\":\"https:\/\/blogg.svenskakyrkan.se\/bernice\/2013\/06\/03\/alskade-lund\/#primaryimage\",\"url\":\"https:\/\/blogg.svenskakyrkan.se\/bernice\/files\/2013\/06\/image2.jpg\",\"contentUrl\":\"https:\/\/blogg.svenskakyrkan.se\/bernice\/files\/2013\/06\/image2.jpg\",\"width\":1536,\"height\":2048},{\"@type\":\"BreadcrumbList\",\"@id\":\"https:\/\/blogg.svenskakyrkan.se\/bernice\/2013\/06\/03\/alskade-lund\/#breadcrumb\",\"itemListElement\":[{\"@type\":\"ListItem\",\"position\":1,\"name\":\"Hem\",\"item\":\"https:\/\/blogg.svenskakyrkan.se\/bernice\/\"},{\"@type\":\"ListItem\",\"position\":2,\"name\":\"\u00c4lskade Lund\"}]},{\"@type\":\"WebSite\",\"@id\":\"https:\/\/blogg.svenskakyrkan.se\/bernice\/#website\",\"url\":\"https:\/\/blogg.svenskakyrkan.se\/bernice\/\",\"name\":\"I huvudet p\u00e5 Bernice\",\"description\":\"Bernice fr\u00e5n Trelleborg \u00e4r pr\u00e4st i Lunds stift. H\u00e4r delar hon med sig av sina tankar och funderingar kring livet som pr\u00e4st i Svenska kyrkan.\",\"potentialAction\":[{\"@type\":\"SearchAction\",\"target\":{\"@type\":\"EntryPoint\",\"urlTemplate\":\"https:\/\/blogg.svenskakyrkan.se\/bernice\/?s={search_term_string}\"},\"query-input\":{\"@type\":\"PropertyValueSpecification\",\"valueRequired\":true,\"valueName\":\"search_term_string\"}}],\"inLanguage\":\"sv-SE\"},{\"@type\":\"Person\",\"@id\":\"https:\/\/blogg.svenskakyrkan.se\/bernice\/#\/schema\/person\/76c8e04a58c80052ea592c4b18f98a56\",\"name\":\"bernice\",\"image\":{\"@type\":\"ImageObject\",\"inLanguage\":\"sv-SE\",\"@id\":\"https:\/\/blogg.svenskakyrkan.se\/bernice\/#\/schema\/person\/image\/\",\"url\":\"https:\/\/secure.gravatar.com\/avatar\/edc759043d8ca2e345e473dc5837d0bbd8f69477b440dc6dfb67e7fca2e22144?s=96&d=mm&r=g\",\"contentUrl\":\"https:\/\/secure.gravatar.com\/avatar\/edc759043d8ca2e345e473dc5837d0bbd8f69477b440dc6dfb67e7fca2e22144?s=96&d=mm&r=g\",\"caption\":\"bernice\"},\"description\":\"\u201dI huvudet p\u00e5 Bernice\u201d var det f\u00f6rst t\u00e4nkt att ni kunde l\u00e4sa om mitt f\u00f6rsta \u00e5r som pr\u00e4st. Hur k\u00e4nns det? Vad g\u00f6r jag? Hur g\u00e5r det? Nu har jag varit pr\u00e4st i mer \u00e4n ett \u00e5r. Det \u00e4r fortfarande lika underbart och f\u00f6r varje dag som g\u00e5r l\u00e4r jag mig mer om m\u00e4nniskor, mig sj\u00e4lv och Gud. I bloggen tar jag ocks\u00e5 upp livet runt omkring pr\u00e4styrket. Vem \u00e4r d\u00e5 jag? Jag f\u00f6ddes den 2 dec 1985. \u00c4r oftast en v\u00e4ldigt glad m\u00e4nniska som \u00e4lskar att skratta och njuter av livet med stor aptit. Har mycket energi och vilja. \u00c4r ganska envis och har definitivt noll tolerans mot fientlighet och homofobi. Kan ha en smula temperament och \u00e4lskar att diskutera och argumentera. Annars \u00e4r jag en v\u00e4ldigt fridfull m\u00e4nniska som \u00e4lskar djur och natur, teater, goda middagar och att umg\u00e5s med n\u00e4ra och k\u00e4ra. Tar g\u00e4rna en runda p\u00e5 stan f\u00f6r att shoppa och ser klackaskor som ett m\u00e5ste att f\u00f6rgylla livet med. Innan min pr\u00e4stvigning fick jag en f\u00f6rfr\u00e5gan fr\u00e5n Lunds stift om jag var intresserad av att blogga. Och \u00e4r det n\u00e5got jag \u00e4lskar s\u00e5 \u00e4r det att skriva och uttrycka mig. Nu har jag \u00e4ntligen n\u00e5tt min dr\u00f6m om att f\u00e5 bli pr\u00e4st och vara Guds redskap. Jag vill n\u00e5 ut till alla m\u00f6jliga m\u00e4nniskor i alla \u00e5ldrar med ett budskap om att Jesus Kristus vill vara v\u00e4rldens ljus och vandra vid v\u00e5r sida alla dagar till tidens slut. Gud skrattar med oss n\u00e4r vi skrattar och gr\u00e5ter med oss n\u00e4r vi gr\u00e5ter, Gud \u00e4r med oss i livets stora ting men ocks\u00e5 de sm\u00e5. D\u00e4rf\u00f6r skildrar min blogg allt mellan himmel och jord, fr\u00e5n husvagnssemestern till gudstj\u00e4nster. Unga respektive \u00e4ldre m\u00e4nniskors liv. F\u00f6delse, k\u00e4rlek, sorg och d\u00f6d. Varf\u00f6r vill du bli pr\u00e4st? F\u00e5r du r\u00f6ka, sv\u00e4ra, och dricka? Klassiska fr\u00e5gor man ofta f\u00e5r som b\u00e5de blivande pr\u00e4st och pr\u00e4st. Som student i lund var jag och en av mina b\u00e4sta v\u00e4nner som nu ocks\u00e5 \u00e4r min kollega ofta p\u00e5 studentfester. En g\u00e5ng p\u00e5 dessa fester orkade vi inte med alla fr\u00e5gor (se ovan) som f\u00f6ljde efter att vi svarat p\u00e5 vad vi pluggade till. D\u00e5 svarade vi att vi h\u00f6ll p\u00e5 att utbilda oss till flygv\u00e4rdinnor\u2026 Om det kom f\u00f6ljdfr\u00e5gor? - Ja. Kunde vi svara p\u00e5 dem? - Nej. H\u00e4danefter fortsatte vi att svara precis som det var. Jag pr\u00e4stvigdes den 9\/6 2013. En dag jag aldrig kommer att gl\u00f6mma. \u00c4r stolt \u00f6ver mitt yrke, och \u00e4r s\u00e5 oerh\u00f6rt tacksam \u00f6ver att f\u00e5 vara pr\u00e4st i Svenska kyrkan. Jag hoppas och str\u00e4var efter att f\u00e5 vara en resurs med Gud som min h\u00f6gsta arbetsgivare, m\u00f6ta m\u00e4nniskor d\u00e4r de \u00e4r i k\u00e4rlek och respekt f\u00f6r vem de \u00e4n \u00e4r. F\u00f6r mig \u00e4r det sj\u00e4lvklart att Guds k\u00e4rlek r\u00e4cker till alla oavsett om man \u00e4r jude eller grek, man eller kvinna, homosexuell, heterosexuell, eller vilken st\u00e4mpel man \u00e4n har i sitt pass. Som v\u00e5r \u00e4rkebiskop Antje Jackel\u00e9n sa, \\\"dopets vattenst\u00e4mpel sl\u00e5r h\u00f6gre \u00e4n passet.\\\" V\u00e4lkommen att l\u00e4sa min blogg, F\u00f6lj med och se!\",\"url\":\"https:\/\/blogg.svenskakyrkan.se\/bernice\/author\/bernice\/\"}]}<\/script>\n<!-- \/ Yoast SEO plugin. -->","yoast_head_json":{"title":"\u00c4lskade Lund  - I huvudet p\u00e5 Bernice","robots":{"index":"index","follow":"follow","max-snippet":"max-snippet:-1","max-image-preview":"max-image-preview:large","max-video-preview":"max-video-preview:-1"},"canonical":"https:\/\/blogg.svenskakyrkan.se\/bernice\/2013\/06\/03\/alskade-lund\/","og_locale":"sv_SE","og_type":"article","og_title":"\u00c4lskade Lund  - I huvudet p\u00e5 Bernice","og_description":"7 \u00e5r har nu g\u00e5tt sedan jag flyttade till Lund. Ta\u00adlet sju f\u00f6re\u00adkom\u00admer ett myc\u00adket stort an\u00adtal g\u00e5ng\u00ader i bi\u00adbeln.\u00a0Enligt Bibeln.se\u00a0st\u00e5r talet i stort sett f\u00f6r hel\u00adhet och fullst\u00e4ndig\u00adhet. Att n\u00e5got g\u00f6rs sju g\u00e5ng\u00ader be\u00adty\u00adder att det sker grund\u00adligt och un\u00addan\u00adtagsl\u00f6st. Vi s\u00e4ger att det \u00e4ven st\u00e4mmer in p\u00e5 mina 7 \u00e5r&#8230; \ud83d\ude09\u00a0Kanske jag aldrig [&hellip;]","og_url":"https:\/\/blogg.svenskakyrkan.se\/bernice\/2013\/06\/03\/alskade-lund\/","og_site_name":"I huvudet p\u00e5 Bernice","article_published_time":"2013-06-03T18:13:15+00:00","article_modified_time":"2013-06-03T18:39:03+00:00","og_image":[{"url":"http:\/\/blogg.svenskakyrkan.se\/bernice\/files\/2013\/06\/image2-225x300.jpg","type":"","width":"","height":""}],"author":"bernice","twitter_card":"summary_large_image","twitter_misc":{"Skriven av":"bernice","Ber\u00e4knad l\u00e4stid":"3 minuter"},"schema":{"@context":"https:\/\/schema.org","@graph":[{"@type":"Article","@id":"https:\/\/blogg.svenskakyrkan.se\/bernice\/2013\/06\/03\/alskade-lund\/#article","isPartOf":{"@id":"https:\/\/blogg.svenskakyrkan.se\/bernice\/2013\/06\/03\/alskade-lund\/"},"author":{"name":"bernice","@id":"https:\/\/blogg.svenskakyrkan.se\/bernice\/#\/schema\/person\/76c8e04a58c80052ea592c4b18f98a56"},"headline":"\u00c4lskade Lund","datePublished":"2013-06-03T18:13:15+00:00","dateModified":"2013-06-03T18:39:03+00:00","mainEntityOfPage":{"@id":"https:\/\/blogg.svenskakyrkan.se\/bernice\/2013\/06\/03\/alskade-lund\/"},"wordCount":544,"commentCount":1,"image":{"@id":"https:\/\/blogg.svenskakyrkan.se\/bernice\/2013\/06\/03\/alskade-lund\/#primaryimage"},"thumbnailUrl":"http:\/\/blogg.svenskakyrkan.se\/bernice\/files\/2013\/06\/image2-225x300.jpg","inLanguage":"sv-SE","potentialAction":[{"@type":"CommentAction","name":"Comment","target":["https:\/\/blogg.svenskakyrkan.se\/bernice\/2013\/06\/03\/alskade-lund\/#respond"]}]},{"@type":"WebPage","@id":"https:\/\/blogg.svenskakyrkan.se\/bernice\/2013\/06\/03\/alskade-lund\/","url":"https:\/\/blogg.svenskakyrkan.se\/bernice\/2013\/06\/03\/alskade-lund\/","name":"\u00c4lskade Lund - I huvudet p\u00e5 Bernice","isPartOf":{"@id":"https:\/\/blogg.svenskakyrkan.se\/bernice\/#website"},"primaryImageOfPage":{"@id":"https:\/\/blogg.svenskakyrkan.se\/bernice\/2013\/06\/03\/alskade-lund\/#primaryimage"},"image":{"@id":"https:\/\/blogg.svenskakyrkan.se\/bernice\/2013\/06\/03\/alskade-lund\/#primaryimage"},"thumbnailUrl":"http:\/\/blogg.svenskakyrkan.se\/bernice\/files\/2013\/06\/image2-225x300.jpg","datePublished":"2013-06-03T18:13:15+00:00","dateModified":"2013-06-03T18:39:03+00:00","author":{"@id":"https:\/\/blogg.svenskakyrkan.se\/bernice\/#\/schema\/person\/76c8e04a58c80052ea592c4b18f98a56"},"breadcrumb":{"@id":"https:\/\/blogg.svenskakyrkan.se\/bernice\/2013\/06\/03\/alskade-lund\/#breadcrumb"},"inLanguage":"sv-SE","potentialAction":[{"@type":"ReadAction","target":["https:\/\/blogg.svenskakyrkan.se\/bernice\/2013\/06\/03\/alskade-lund\/"]}]},{"@type":"ImageObject","inLanguage":"sv-SE","@id":"https:\/\/blogg.svenskakyrkan.se\/bernice\/2013\/06\/03\/alskade-lund\/#primaryimage","url":"https:\/\/blogg.svenskakyrkan.se\/bernice\/files\/2013\/06\/image2.jpg","contentUrl":"https:\/\/blogg.svenskakyrkan.se\/bernice\/files\/2013\/06\/image2.jpg","width":1536,"height":2048},{"@type":"BreadcrumbList","@id":"https:\/\/blogg.svenskakyrkan.se\/bernice\/2013\/06\/03\/alskade-lund\/#breadcrumb","itemListElement":[{"@type":"ListItem","position":1,"name":"Hem","item":"https:\/\/blogg.svenskakyrkan.se\/bernice\/"},{"@type":"ListItem","position":2,"name":"\u00c4lskade Lund"}]},{"@type":"WebSite","@id":"https:\/\/blogg.svenskakyrkan.se\/bernice\/#website","url":"https:\/\/blogg.svenskakyrkan.se\/bernice\/","name":"I huvudet p\u00e5 Bernice","description":"Bernice fr\u00e5n Trelleborg \u00e4r pr\u00e4st i Lunds stift. H\u00e4r delar hon med sig av sina tankar och funderingar kring livet som pr\u00e4st i Svenska kyrkan.","potentialAction":[{"@type":"SearchAction","target":{"@type":"EntryPoint","urlTemplate":"https:\/\/blogg.svenskakyrkan.se\/bernice\/?s={search_term_string}"},"query-input":{"@type":"PropertyValueSpecification","valueRequired":true,"valueName":"search_term_string"}}],"inLanguage":"sv-SE"},{"@type":"Person","@id":"https:\/\/blogg.svenskakyrkan.se\/bernice\/#\/schema\/person\/76c8e04a58c80052ea592c4b18f98a56","name":"bernice","image":{"@type":"ImageObject","inLanguage":"sv-SE","@id":"https:\/\/blogg.svenskakyrkan.se\/bernice\/#\/schema\/person\/image\/","url":"https:\/\/secure.gravatar.com\/avatar\/edc759043d8ca2e345e473dc5837d0bbd8f69477b440dc6dfb67e7fca2e22144?s=96&d=mm&r=g","contentUrl":"https:\/\/secure.gravatar.com\/avatar\/edc759043d8ca2e345e473dc5837d0bbd8f69477b440dc6dfb67e7fca2e22144?s=96&d=mm&r=g","caption":"bernice"},"description":"\u201dI huvudet p\u00e5 Bernice\u201d var det f\u00f6rst t\u00e4nkt att ni kunde l\u00e4sa om mitt f\u00f6rsta \u00e5r som pr\u00e4st. Hur k\u00e4nns det? Vad g\u00f6r jag? Hur g\u00e5r det? Nu har jag varit pr\u00e4st i mer \u00e4n ett \u00e5r. Det \u00e4r fortfarande lika underbart och f\u00f6r varje dag som g\u00e5r l\u00e4r jag mig mer om m\u00e4nniskor, mig sj\u00e4lv och Gud. I bloggen tar jag ocks\u00e5 upp livet runt omkring pr\u00e4styrket. Vem \u00e4r d\u00e5 jag? Jag f\u00f6ddes den 2 dec 1985. \u00c4r oftast en v\u00e4ldigt glad m\u00e4nniska som \u00e4lskar att skratta och njuter av livet med stor aptit. Har mycket energi och vilja. \u00c4r ganska envis och har definitivt noll tolerans mot fientlighet och homofobi. Kan ha en smula temperament och \u00e4lskar att diskutera och argumentera. Annars \u00e4r jag en v\u00e4ldigt fridfull m\u00e4nniska som \u00e4lskar djur och natur, teater, goda middagar och att umg\u00e5s med n\u00e4ra och k\u00e4ra. Tar g\u00e4rna en runda p\u00e5 stan f\u00f6r att shoppa och ser klackaskor som ett m\u00e5ste att f\u00f6rgylla livet med. Innan min pr\u00e4stvigning fick jag en f\u00f6rfr\u00e5gan fr\u00e5n Lunds stift om jag var intresserad av att blogga. Och \u00e4r det n\u00e5got jag \u00e4lskar s\u00e5 \u00e4r det att skriva och uttrycka mig. Nu har jag \u00e4ntligen n\u00e5tt min dr\u00f6m om att f\u00e5 bli pr\u00e4st och vara Guds redskap. Jag vill n\u00e5 ut till alla m\u00f6jliga m\u00e4nniskor i alla \u00e5ldrar med ett budskap om att Jesus Kristus vill vara v\u00e4rldens ljus och vandra vid v\u00e5r sida alla dagar till tidens slut. Gud skrattar med oss n\u00e4r vi skrattar och gr\u00e5ter med oss n\u00e4r vi gr\u00e5ter, Gud \u00e4r med oss i livets stora ting men ocks\u00e5 de sm\u00e5. D\u00e4rf\u00f6r skildrar min blogg allt mellan himmel och jord, fr\u00e5n husvagnssemestern till gudstj\u00e4nster. Unga respektive \u00e4ldre m\u00e4nniskors liv. F\u00f6delse, k\u00e4rlek, sorg och d\u00f6d. Varf\u00f6r vill du bli pr\u00e4st? F\u00e5r du r\u00f6ka, sv\u00e4ra, och dricka? Klassiska fr\u00e5gor man ofta f\u00e5r som b\u00e5de blivande pr\u00e4st och pr\u00e4st. Som student i lund var jag och en av mina b\u00e4sta v\u00e4nner som nu ocks\u00e5 \u00e4r min kollega ofta p\u00e5 studentfester. En g\u00e5ng p\u00e5 dessa fester orkade vi inte med alla fr\u00e5gor (se ovan) som f\u00f6ljde efter att vi svarat p\u00e5 vad vi pluggade till. D\u00e5 svarade vi att vi h\u00f6ll p\u00e5 att utbilda oss till flygv\u00e4rdinnor\u2026 Om det kom f\u00f6ljdfr\u00e5gor? - Ja. Kunde vi svara p\u00e5 dem? - Nej. H\u00e4danefter fortsatte vi att svara precis som det var. Jag pr\u00e4stvigdes den 9\/6 2013. En dag jag aldrig kommer att gl\u00f6mma. \u00c4r stolt \u00f6ver mitt yrke, och \u00e4r s\u00e5 oerh\u00f6rt tacksam \u00f6ver att f\u00e5 vara pr\u00e4st i Svenska kyrkan. Jag hoppas och str\u00e4var efter att f\u00e5 vara en resurs med Gud som min h\u00f6gsta arbetsgivare, m\u00f6ta m\u00e4nniskor d\u00e4r de \u00e4r i k\u00e4rlek och respekt f\u00f6r vem de \u00e4n \u00e4r. F\u00f6r mig \u00e4r det sj\u00e4lvklart att Guds k\u00e4rlek r\u00e4cker till alla oavsett om man \u00e4r jude eller grek, man eller kvinna, homosexuell, heterosexuell, eller vilken st\u00e4mpel man \u00e4n har i sitt pass. Som v\u00e5r \u00e4rkebiskop Antje Jackel\u00e9n sa, \"dopets vattenst\u00e4mpel sl\u00e5r h\u00f6gre \u00e4n passet.\" V\u00e4lkommen att l\u00e4sa min blogg, F\u00f6lj med och se!","url":"https:\/\/blogg.svenskakyrkan.se\/bernice\/author\/bernice\/"}]}},"author_meta":{"ID":"286","user_nicename":"bernice","user_registered":"2013-05-27 06:30:39","display_name":"bernice","avatar":"https:\/\/secure.gravatar.com\/avatar\/edc759043d8ca2e345e473dc5837d0bbd8f69477b440dc6dfb67e7fca2e22144?s=96&d=mm&r=g"},"featured_image":false,"bloginfo":{"name":"I huvudet p\u00e5 Bernice","url":"https:\/\/blogg.svenskakyrkan.se\/bernice"},"_links":{"self":[{"href":"https:\/\/blogg.svenskakyrkan.se\/bernice\/wp-json\/wp\/v2\/posts\/43","targetHints":{"allow":["GET"]}}],"collection":[{"href":"https:\/\/blogg.svenskakyrkan.se\/bernice\/wp-json\/wp\/v2\/posts"}],"about":[{"href":"https:\/\/blogg.svenskakyrkan.se\/bernice\/wp-json\/wp\/v2\/types\/post"}],"author":[{"embeddable":true,"href":"https:\/\/blogg.svenskakyrkan.se\/bernice\/wp-json\/wp\/v2\/users\/286"}],"replies":[{"embeddable":true,"href":"https:\/\/blogg.svenskakyrkan.se\/bernice\/wp-json\/wp\/v2\/comments?post=43"}],"version-history":[{"count":2,"href":"https:\/\/blogg.svenskakyrkan.se\/bernice\/wp-json\/wp\/v2\/posts\/43\/revisions"}],"predecessor-version":[{"id":46,"href":"https:\/\/blogg.svenskakyrkan.se\/bernice\/wp-json\/wp\/v2\/posts\/43\/revisions\/46"}],"wp:attachment":[{"href":"https:\/\/blogg.svenskakyrkan.se\/bernice\/wp-json\/wp\/v2\/media?parent=43"}],"wp:term":[{"taxonomy":"category","embeddable":true,"href":"https:\/\/blogg.svenskakyrkan.se\/bernice\/wp-json\/wp\/v2\/categories?post=43"},{"taxonomy":"post_tag","embeddable":true,"href":"https:\/\/blogg.svenskakyrkan.se\/bernice\/wp-json\/wp\/v2\/tags?post=43"}],"curies":[{"name":"wp","href":"https:\/\/api.w.org\/{rel}","templated":true}]}}