{"id":1068,"date":"2023-02-01T00:21:08","date_gmt":"2023-01-31T22:21:08","guid":{"rendered":"https:\/\/blogg.svenskakyrkan.se\/bonander\/?p=1068"},"modified":"2023-02-01T00:21:08","modified_gmt":"2023-01-31T22:21:08","slug":"sluta-kriga","status":"publish","type":"post","link":"https:\/\/blogg.svenskakyrkan.se\/bonander\/2023\/02\/01\/sluta-kriga\/","title":{"rendered":"SLUTA KRIGA!"},"content":{"rendered":"\n\n\n<p><\/p>\n\n\n\n<p><\/p>\n\n\n\n<p>Roger Waters, f\u00f6rgrundsgestalten i musikbandet Pink Floyd, fyller 80 \u00e5r i \u00e5r. Efter \u00e5ren med Pink Floyd har Roger Waters haft en imponerande solokarri\u00e4r som nu varat i n\u00e4stan 40 \u00e5r. Det \u00e4r inte alla f\u00f6runnat att vara s\u00e5 produktiv som Roger Waters och d\u00e4rtill ha f\u00f6rm\u00e5gan att utvecklas och f\u00f6rdjupas.<\/p>\n\n\n\n<p>Den s\u00e5ng som avrundar soloalbumet Radio Kaos fr\u00e5n 1987 heter \u201dThe tide is turning\u201d.\u00a0 En hoppfull s\u00e5ng som n\u00e4r ett l\u00f6fte om en omsv\u00e4ngning, trots allt det kaos som beskrivits och besjungits p\u00e5 albumets f\u00f6reg\u00e5ende sp\u00e5r.<\/p>\n\n\n\n<p>Vissa album, av bland annat Roger Waters, har jag lyssnat igenom s\u00e5 m\u00e5nga g\u00e5nger s\u00e5 om jag lade ihop alla lyssningstimmar s\u00e5 blev de en hel del. Bara albumet Radio Kaos, vad kan det bli? Femtio timmar? Hundra?<\/p>\n\n\n\n<p>The tide is turning \u2013 tidvattnet v\u00e4nder om man nu ska \u00f6vers\u00e4tta strofen ordagrant &#8211; \u00e4r en hoppfull s\u00e5ng skriven d\u00e5 kalla kriget var som mest frostigt. Nu lever vi \u00e5terigen i en frostig tid och \u00e4r i akut behov av hopp.<\/p>\n\n\n\n<p><strong>V<\/strong>\u00e5r nya \u00e4rkebiskop, Martin Modeus, har i ett inl\u00e4gg i Dagens Nyheter (\u201dSverige \u00e4r inte s\u00e5 sekulariserat som vi tror\u201d 3\/12 2022) formulerat en artikel med budskapet att kyrkan \u00e4r vid\u00f6ppen och utg\u00f6r en viktig bastion f\u00f6r hopp \u2013 i en tid som p\u00e5 m\u00e5nga vis pr\u00e4glas av hoppl\u00f6shet.<\/p>\n\n\n\n<p>En r\u00f6d tr\u00e5d i \u00e4rkebiskopens debattinl\u00e4gg \u00e4r att alla \u00e4r v\u00e4lkomna, med sina fr\u00e5gor och livsfunderingar.<\/p>\n\n\n\n<p>The tide is turning. Tidvattnet v\u00e4nder. Ja jag tycker mig m\u00e4rka att intresset f\u00f6r livsfr\u00e5gor och andliga fr\u00e5gor \u00f6kar p\u00e5 sina h\u00e5ll. Kyrkan som, inte minst genom media och olika filmatiseringar, senaste \u00e5ren framst\u00e4llts som hoppl\u00f6st \u201dbakom\u201d \u00e5teruppt\u00e4cks idag av allt fler.<\/p>\n\n\n\n<p>En av de mer stimulerande uppgifterna som pr\u00e4st \u00e4r d\u00e5 n\u00e5gon h\u00f6r av sig som vill bli \u201dvuxend\u00f6pt\u201d. Jag brukar d\u00e5 ibland prata om att Gud l\u00e4ngtar efter oss. Vill ha med oss att g\u00f6ra. Och att k\u00e4nslan att vilja bli d\u00f6pt sannolikt delvis kommer ur en s\u00e5dan l\u00e4ngtan. Som d\u00e5 den gensvaras hos oss kan ta sig just uttrycket att vilja bli d\u00f6pt. Eller att vilja b\u00e4ra det d\u00e4r korset runt halsen. Ja lite som ett \u201dstatement\u201d, en signal, ja jag h\u00f6r Dig Gud och ja jag vill ocks\u00e5 ha med Dig att g\u00f6ra. Och jag sk\u00e4ms inte f\u00f6r Dig, v\u00e5r relation.<\/p>\n\n\n\n<p>S\u00e5 mitt i en orolig tid, som pr\u00e4glas av just brist p\u00e5 hopp, finns tecken och tendenser att allt fler h\u00f6rsammar och vill ha att g\u00f6ra med Gud. Det \u00e4r lite som att tona in den d\u00e4r radiokanalen Gud s\u00e4nder p\u00e5 och d\u00e4r han kallar oss vid namn och d\u00e4r det s\u00e4gs saker som ber\u00f6r mig. F\u00f6r\u00e4ndrar mig. Inifr\u00e5n och ut.<\/p>\n\n\n\n<p>Gud liknas ibland som vid en krukmakare och vi \u00e4r i hans h\u00e4nder lera. Att formas av livet och i m\u00f6tet med v\u00e5r Skapare \u00e4r stort. Att i sitt inre erfara att det finns en koppling och en relation med v\u00e5r Skapare \u00e4r omskakande. D\u00e5 \u00e4r det tryggt att f\u00e5 g\u00e5 in i en kyrka d\u00e4r m\u00e4nniskor gestaltat detta m\u00f6te, denna l\u00e4ngtan p\u00e5 s\u00e5 m\u00e5nga vis: I b\u00f6ner, i psalmskatten, i musikskatten, bildskatten, gudstj\u00e4nstrummets helgd och dynamik. Det finns n\u00e5got st\u00f6rre och vi \u00e4r kallade in i det. Tillsammans. Kyrkan \u00e4r en katedral uppbyggd i l\u00e4ngtan, ett heligt rum.<\/p>\n\n\n\n<p>Att v\u00e5ga m\u00f6tas i gl\u00e4djen att s\u00e5 \u00e4r fallet \u2013 att Gud \u00e4r p\u00e5 riktigt, \u00e4r god och s\u00f6ker oss och vi kan erfara det m\u00f6tet i v\u00e5ra hj\u00e4rtan \u2013 kan vara enormt befriande. Inte minst om man levt sitt liv i misstr\u00f6stan och tvivel. D\u00e5 blir kontrasten ibland stor. \u201dThe tide is turning &#8211; upplevelsen\u201d kan d\u00e5 bli en livsavg\u00f6rande erfarenhet.<\/p>\n\n\n\n<p>Men \u00e4r det inte just denna inre metamorfos som beh\u00f6vs? Att vi kopplar upp oss och inser v\u00e5r storhet och v\u00e5rt beroende av varandra, v\u00e5r Skapare och v\u00e5r planet? Hur ska vi annars f\u00e5 hejd p\u00e5 allt hejdl\u00f6st dumt som annars riskerar f\u00f6rst\u00f6ra hela livsfundamentet?<\/p>\n\n\n\n<p>Vi lever i en tid d\u00e4r det allt oftare pratas om k\u00e4rnvapen som en reell risk och \u201dm\u00f6jlighet\u201d. Sluta, vill jag skrika. Sluta, sansa er, ta er samman och koppla upp er. Gud vill inte ha krig. M\u00e4nskligheten vill inte ha krig. Djuren vill inte ha krig, inte heller v\u00e4xterna, allt vatten, all luft, alla of\u00f6dda barn. Sluta.<\/p>\n\n\n\n<p>\u00c5h Herre l\u00e5t tidvattnet v\u00e4nda \u2013 l\u00e5t allt f\u00e5 bli vettigt och greppbart igen. L\u00e5t oss hitta hem igen, till Dig. Amen.<\/p>\n","protected":false},"excerpt":{"rendered":"<p>Roger Waters, f\u00f6rgrundsgestalten i musikbandet Pink Floyd, fyller 80 \u00e5r i \u00e5r. Efter \u00e5ren med Pink Floyd har Roger Waters haft en imponerande solokarri\u00e4r som nu varat i n\u00e4stan 40 \u00e5r. Det \u00e4r inte alla f\u00f6runnat att vara s\u00e5 produktiv som Roger Waters och d\u00e4rtill ha f\u00f6rm\u00e5gan att utvecklas och f\u00f6rdjupas. Den s\u00e5ng som avrundar [&hellip;]<\/p>\n","protected":false},"author":42,"featured_media":0,"comment_status":"open","ping_status":"open","sticky":false,"template":"","format":"standard","meta":{"_acf_changed":false,"footnotes":""},"categories":[1],"tags":[],"class_list":["post-1068","post","type-post","status-publish","format-standard","hentry","category-okategoriserad"],"acf":[],"yoast_head":"<!-- This site is optimized with the Yoast SEO plugin v27.1.1 - https:\/\/yoast.com\/product\/yoast-seo-wordpress\/ -->\n<title>SLUTA KRIGA! - Johan Bonander<\/title>\n<meta name=\"robots\" content=\"index, follow, max-snippet:-1, max-image-preview:large, max-video-preview:-1\" \/>\n<link rel=\"canonical\" href=\"https:\/\/blogg.svenskakyrkan.se\/bonander\/2023\/02\/01\/sluta-kriga\/\" \/>\n<meta property=\"og:locale\" content=\"sv_SE\" \/>\n<meta property=\"og:type\" content=\"article\" \/>\n<meta property=\"og:title\" content=\"SLUTA KRIGA! - Johan Bonander\" \/>\n<meta property=\"og:description\" content=\"Roger Waters, f\u00f6rgrundsgestalten i musikbandet Pink Floyd, fyller 80 \u00e5r i \u00e5r. Efter \u00e5ren med Pink Floyd har Roger Waters haft en imponerande solokarri\u00e4r som nu varat i n\u00e4stan 40 \u00e5r. Det \u00e4r inte alla f\u00f6runnat att vara s\u00e5 produktiv som Roger Waters och d\u00e4rtill ha f\u00f6rm\u00e5gan att utvecklas och f\u00f6rdjupas. Den s\u00e5ng som avrundar [&hellip;]\" \/>\n<meta property=\"og:url\" content=\"https:\/\/blogg.svenskakyrkan.se\/bonander\/2023\/02\/01\/sluta-kriga\/\" \/>\n<meta property=\"og:site_name\" content=\"Johan Bonander\" \/>\n<meta property=\"article:published_time\" content=\"2023-01-31T22:21:08+00:00\" \/>\n<meta name=\"author\" content=\"Johan Bonander\" \/>\n<meta name=\"twitter:card\" content=\"summary_large_image\" \/>\n<meta name=\"twitter:label1\" content=\"Skriven av\" \/>\n\t<meta name=\"twitter:data1\" content=\"Johan Bonander\" \/>\n\t<meta name=\"twitter:label2\" content=\"Ber\u00e4knad l\u00e4stid\" \/>\n\t<meta name=\"twitter:data2\" content=\"4 minuter\" \/>\n<script type=\"application\/ld+json\" class=\"yoast-schema-graph\">{\"@context\":\"https:\/\/schema.org\",\"@graph\":[{\"@type\":\"Article\",\"@id\":\"https:\/\/blogg.svenskakyrkan.se\/bonander\/2023\/02\/01\/sluta-kriga\/#article\",\"isPartOf\":{\"@id\":\"https:\/\/blogg.svenskakyrkan.se\/bonander\/2023\/02\/01\/sluta-kriga\/\"},\"author\":{\"name\":\"Johan Bonander\",\"@id\":\"https:\/\/blogg.svenskakyrkan.se\/bonander\/#\/schema\/person\/9581efec79b786a144018ffd0b759f67\"},\"headline\":\"SLUTA KRIGA!\",\"datePublished\":\"2023-01-31T22:21:08+00:00\",\"mainEntityOfPage\":{\"@id\":\"https:\/\/blogg.svenskakyrkan.se\/bonander\/2023\/02\/01\/sluta-kriga\/\"},\"wordCount\":831,\"commentCount\":0,\"articleSection\":[\"Okategoriserad\"],\"inLanguage\":\"sv-SE\",\"potentialAction\":[{\"@type\":\"CommentAction\",\"name\":\"Comment\",\"target\":[\"https:\/\/blogg.svenskakyrkan.se\/bonander\/2023\/02\/01\/sluta-kriga\/#respond\"]}]},{\"@type\":\"WebPage\",\"@id\":\"https:\/\/blogg.svenskakyrkan.se\/bonander\/2023\/02\/01\/sluta-kriga\/\",\"url\":\"https:\/\/blogg.svenskakyrkan.se\/bonander\/2023\/02\/01\/sluta-kriga\/\",\"name\":\"SLUTA KRIGA! - Johan Bonander\",\"isPartOf\":{\"@id\":\"https:\/\/blogg.svenskakyrkan.se\/bonander\/#website\"},\"datePublished\":\"2023-01-31T22:21:08+00:00\",\"author\":{\"@id\":\"https:\/\/blogg.svenskakyrkan.se\/bonander\/#\/schema\/person\/9581efec79b786a144018ffd0b759f67\"},\"breadcrumb\":{\"@id\":\"https:\/\/blogg.svenskakyrkan.se\/bonander\/2023\/02\/01\/sluta-kriga\/#breadcrumb\"},\"inLanguage\":\"sv-SE\",\"potentialAction\":[{\"@type\":\"ReadAction\",\"target\":[\"https:\/\/blogg.svenskakyrkan.se\/bonander\/2023\/02\/01\/sluta-kriga\/\"]}]},{\"@type\":\"BreadcrumbList\",\"@id\":\"https:\/\/blogg.svenskakyrkan.se\/bonander\/2023\/02\/01\/sluta-kriga\/#breadcrumb\",\"itemListElement\":[{\"@type\":\"ListItem\",\"position\":1,\"name\":\"Hem\",\"item\":\"https:\/\/blogg.svenskakyrkan.se\/bonander\/\"},{\"@type\":\"ListItem\",\"position\":2,\"name\":\"SLUTA KRIGA!\"}]},{\"@type\":\"WebSite\",\"@id\":\"https:\/\/blogg.svenskakyrkan.se\/bonander\/#website\",\"url\":\"https:\/\/blogg.svenskakyrkan.se\/bonander\/\",\"name\":\"Johan Bonander\",\"description\":\"Predikningar &amp; betraktelser, framf\u00f6rda alternativt publicerade\",\"potentialAction\":[{\"@type\":\"SearchAction\",\"target\":{\"@type\":\"EntryPoint\",\"urlTemplate\":\"https:\/\/blogg.svenskakyrkan.se\/bonander\/?s={search_term_string}\"},\"query-input\":{\"@type\":\"PropertyValueSpecification\",\"valueRequired\":true,\"valueName\":\"search_term_string\"}}],\"inLanguage\":\"sv-SE\"},{\"@type\":\"Person\",\"@id\":\"https:\/\/blogg.svenskakyrkan.se\/bonander\/#\/schema\/person\/9581efec79b786a144018ffd0b759f67\",\"name\":\"Johan Bonander\",\"image\":{\"@type\":\"ImageObject\",\"inLanguage\":\"sv-SE\",\"@id\":\"https:\/\/blogg.svenskakyrkan.se\/bonander\/#\/schema\/person\/image\/\",\"url\":\"https:\/\/secure.gravatar.com\/avatar\/1f934271fde92d056502e55238a78cf5e0346d532a8a6000239e7122f1163a0a?s=96&d=mm&r=g\",\"contentUrl\":\"https:\/\/secure.gravatar.com\/avatar\/1f934271fde92d056502e55238a78cf5e0346d532a8a6000239e7122f1163a0a?s=96&d=mm&r=g\",\"caption\":\"Johan Bonander\"},\"description\":\"Kyrkoherde i Fryks\u00e4nde pastorat, kontraktsprost norra V\u00e4rmlands kontrakt, Karlstad stift\",\"sameAs\":[\"http:\/\/www.svenskakyrkan.se\/fryksande\"],\"url\":\"https:\/\/blogg.svenskakyrkan.se\/bonander\/author\/ostmarksprasten\/\"}]}<\/script>\n<!-- \/ Yoast SEO plugin. -->","yoast_head_json":{"title":"SLUTA KRIGA! - Johan Bonander","robots":{"index":"index","follow":"follow","max-snippet":"max-snippet:-1","max-image-preview":"max-image-preview:large","max-video-preview":"max-video-preview:-1"},"canonical":"https:\/\/blogg.svenskakyrkan.se\/bonander\/2023\/02\/01\/sluta-kriga\/","og_locale":"sv_SE","og_type":"article","og_title":"SLUTA KRIGA! - Johan Bonander","og_description":"Roger Waters, f\u00f6rgrundsgestalten i musikbandet Pink Floyd, fyller 80 \u00e5r i \u00e5r. Efter \u00e5ren med Pink Floyd har Roger Waters haft en imponerande solokarri\u00e4r som nu varat i n\u00e4stan 40 \u00e5r. Det \u00e4r inte alla f\u00f6runnat att vara s\u00e5 produktiv som Roger Waters och d\u00e4rtill ha f\u00f6rm\u00e5gan att utvecklas och f\u00f6rdjupas. Den s\u00e5ng som avrundar [&hellip;]","og_url":"https:\/\/blogg.svenskakyrkan.se\/bonander\/2023\/02\/01\/sluta-kriga\/","og_site_name":"Johan Bonander","article_published_time":"2023-01-31T22:21:08+00:00","author":"Johan Bonander","twitter_card":"summary_large_image","twitter_misc":{"Skriven av":"Johan Bonander","Ber\u00e4knad l\u00e4stid":"4 minuter"},"schema":{"@context":"https:\/\/schema.org","@graph":[{"@type":"Article","@id":"https:\/\/blogg.svenskakyrkan.se\/bonander\/2023\/02\/01\/sluta-kriga\/#article","isPartOf":{"@id":"https:\/\/blogg.svenskakyrkan.se\/bonander\/2023\/02\/01\/sluta-kriga\/"},"author":{"name":"Johan Bonander","@id":"https:\/\/blogg.svenskakyrkan.se\/bonander\/#\/schema\/person\/9581efec79b786a144018ffd0b759f67"},"headline":"SLUTA KRIGA!","datePublished":"2023-01-31T22:21:08+00:00","mainEntityOfPage":{"@id":"https:\/\/blogg.svenskakyrkan.se\/bonander\/2023\/02\/01\/sluta-kriga\/"},"wordCount":831,"commentCount":0,"articleSection":["Okategoriserad"],"inLanguage":"sv-SE","potentialAction":[{"@type":"CommentAction","name":"Comment","target":["https:\/\/blogg.svenskakyrkan.se\/bonander\/2023\/02\/01\/sluta-kriga\/#respond"]}]},{"@type":"WebPage","@id":"https:\/\/blogg.svenskakyrkan.se\/bonander\/2023\/02\/01\/sluta-kriga\/","url":"https:\/\/blogg.svenskakyrkan.se\/bonander\/2023\/02\/01\/sluta-kriga\/","name":"SLUTA KRIGA! - Johan Bonander","isPartOf":{"@id":"https:\/\/blogg.svenskakyrkan.se\/bonander\/#website"},"datePublished":"2023-01-31T22:21:08+00:00","author":{"@id":"https:\/\/blogg.svenskakyrkan.se\/bonander\/#\/schema\/person\/9581efec79b786a144018ffd0b759f67"},"breadcrumb":{"@id":"https:\/\/blogg.svenskakyrkan.se\/bonander\/2023\/02\/01\/sluta-kriga\/#breadcrumb"},"inLanguage":"sv-SE","potentialAction":[{"@type":"ReadAction","target":["https:\/\/blogg.svenskakyrkan.se\/bonander\/2023\/02\/01\/sluta-kriga\/"]}]},{"@type":"BreadcrumbList","@id":"https:\/\/blogg.svenskakyrkan.se\/bonander\/2023\/02\/01\/sluta-kriga\/#breadcrumb","itemListElement":[{"@type":"ListItem","position":1,"name":"Hem","item":"https:\/\/blogg.svenskakyrkan.se\/bonander\/"},{"@type":"ListItem","position":2,"name":"SLUTA KRIGA!"}]},{"@type":"WebSite","@id":"https:\/\/blogg.svenskakyrkan.se\/bonander\/#website","url":"https:\/\/blogg.svenskakyrkan.se\/bonander\/","name":"Johan Bonander","description":"Predikningar &amp; betraktelser, framf\u00f6rda alternativt publicerade","potentialAction":[{"@type":"SearchAction","target":{"@type":"EntryPoint","urlTemplate":"https:\/\/blogg.svenskakyrkan.se\/bonander\/?s={search_term_string}"},"query-input":{"@type":"PropertyValueSpecification","valueRequired":true,"valueName":"search_term_string"}}],"inLanguage":"sv-SE"},{"@type":"Person","@id":"https:\/\/blogg.svenskakyrkan.se\/bonander\/#\/schema\/person\/9581efec79b786a144018ffd0b759f67","name":"Johan Bonander","image":{"@type":"ImageObject","inLanguage":"sv-SE","@id":"https:\/\/blogg.svenskakyrkan.se\/bonander\/#\/schema\/person\/image\/","url":"https:\/\/secure.gravatar.com\/avatar\/1f934271fde92d056502e55238a78cf5e0346d532a8a6000239e7122f1163a0a?s=96&d=mm&r=g","contentUrl":"https:\/\/secure.gravatar.com\/avatar\/1f934271fde92d056502e55238a78cf5e0346d532a8a6000239e7122f1163a0a?s=96&d=mm&r=g","caption":"Johan Bonander"},"description":"Kyrkoherde i Fryks\u00e4nde pastorat, kontraktsprost norra V\u00e4rmlands kontrakt, Karlstad stift","sameAs":["http:\/\/www.svenskakyrkan.se\/fryksande"],"url":"https:\/\/blogg.svenskakyrkan.se\/bonander\/author\/ostmarksprasten\/"}]}},"author_meta":{"ID":"42","user_nicename":"ostmarksprasten","user_url":"http:\/\/www.svenskakyrkan.se\/fryksande","user_registered":"2011-01-14 06:33:35","display_name":"Johan Bonander","first_name":"Johan","last_name":"Bonander","avatar":"https:\/\/secure.gravatar.com\/avatar\/1f934271fde92d056502e55238a78cf5e0346d532a8a6000239e7122f1163a0a?s=96&d=mm&r=g"},"featured_image":false,"bloginfo":{"name":"Johan Bonander","url":"https:\/\/blogg.svenskakyrkan.se\/bonander"},"_links":{"self":[{"href":"https:\/\/blogg.svenskakyrkan.se\/bonander\/wp-json\/wp\/v2\/posts\/1068","targetHints":{"allow":["GET"]}}],"collection":[{"href":"https:\/\/blogg.svenskakyrkan.se\/bonander\/wp-json\/wp\/v2\/posts"}],"about":[{"href":"https:\/\/blogg.svenskakyrkan.se\/bonander\/wp-json\/wp\/v2\/types\/post"}],"author":[{"embeddable":true,"href":"https:\/\/blogg.svenskakyrkan.se\/bonander\/wp-json\/wp\/v2\/users\/42"}],"replies":[{"embeddable":true,"href":"https:\/\/blogg.svenskakyrkan.se\/bonander\/wp-json\/wp\/v2\/comments?post=1068"}],"version-history":[{"count":1,"href":"https:\/\/blogg.svenskakyrkan.se\/bonander\/wp-json\/wp\/v2\/posts\/1068\/revisions"}],"predecessor-version":[{"id":1069,"href":"https:\/\/blogg.svenskakyrkan.se\/bonander\/wp-json\/wp\/v2\/posts\/1068\/revisions\/1069"}],"wp:attachment":[{"href":"https:\/\/blogg.svenskakyrkan.se\/bonander\/wp-json\/wp\/v2\/media?parent=1068"}],"wp:term":[{"taxonomy":"category","embeddable":true,"href":"https:\/\/blogg.svenskakyrkan.se\/bonander\/wp-json\/wp\/v2\/categories?post=1068"},{"taxonomy":"post_tag","embeddable":true,"href":"https:\/\/blogg.svenskakyrkan.se\/bonander\/wp-json\/wp\/v2\/tags?post=1068"}],"curies":[{"name":"wp","href":"https:\/\/api.w.org\/{rel}","templated":true}]}}