{"id":285,"date":"2013-08-05T10:59:21","date_gmt":"2013-08-05T08:59:21","guid":{"rendered":"http:\/\/blogg.svenskakyrkan.se\/ostmarksprasten\/?p=285"},"modified":"2013-08-05T10:59:21","modified_gmt":"2013-08-05T08:59:21","slug":"i-kallaren-hemma-hos-claes","status":"publish","type":"post","link":"https:\/\/blogg.svenskakyrkan.se\/bonander\/2013\/08\/05\/i-kallaren-hemma-hos-claes\/","title":{"rendered":"I k\u00e4llaren hemma hos Claes"},"content":{"rendered":"<p>Jag v\u00e4xte upp i en liten bruksort i V\u00e4sterg\u00f6tland, Varg\u00f6n.<br \/>\nP\u00e5 den tiden var mammorna hemma p\u00e5 dagarna och det kvarter jag bodde i, nybyggda sm\u00e5 villor i n\u00e4rheten av skog och vatten, d\u00e4r bodde det 33 barn.<br \/>\nOch som vi lekte.<br \/>\nFr\u00e5n arla morgon till sen kv\u00e4ll. <\/p>\n<p>N\u00e4rmsta granne hette Claes.<br \/>\nClaes hade en storebror, Ingemar.<br \/>\nIngemar hade ett rum i k\u00e4llaren d\u00e4r han ofta hade sina kompisar.<br \/>\nDe var s\u00e5 mycket \u00e4ldre och tuffare \u00e4n vi.<\/p>\n<p>N\u00e4r Ingemar inte var hemma s\u00e5 bj\u00f6d Claes in oss sm\u00e5killar i k\u00e4llarrummet. Och s\u00e5 satt vi d\u00e4r i sofforna alltmedan Claes spelade den musik hans brorsa lyssnade p\u00e5. H\u00f6gst i kurs stod Jimmy Hendrix. Men s\u00e5 en dag spelade han kort upp en LP skiva som l\u00e5g d\u00e4r av en grupp som hette Ekseption. Ingen tyckte om den men jag h\u00e4pnade, s\u00e5 vackert, ja den m\u00e5ste jag bara ha.<br \/>\n &#8211; Ok du kan f\u00e5 den sa Claes. Om jag f\u00e5r din skiva av Ted G\u00e4rdestad.<\/p>\n<p>\u00c5ret \u00e4r 1973 och Ted \u00e4r stor. Gigantiskt stor och Jag vill ha en egen m\u00e5ne ligger p\u00e5 svensktoppen och jag g\u00e5r och sjunger p\u00e5 den och de andra av Teds l\u00e5tar dagarna i \u00e4nda.<br \/>\nDen skivan kunde jag ju inte bli av med. Jag f\u00f6rs\u00f6kte med n\u00e5gra andra, kanske Sweets nya?<br \/>\nClaes skakade p\u00e5 huvudet.<br \/>\nJag bad Claes s\u00e4tta p\u00e5 Ekseptionskivan en stund till.<br \/>\nClaes s\u00e5g p\u00e5 mig underfundigt och la vinylplattan p\u00e5 spelaren.<br \/>\nOch s\u00e5 best\u00e4mde jag mig blixtsnabbt.<br \/>\n &#8211; Ok vi g\u00f6r ett byte sa jag och rusade hem och greppade tag i skivan fr\u00e5n min skivspelare i pojkrummet, la skivan i skivkonvolutet, den med en modig Ted med gitarr p\u00e5 axeln och rusade s\u00e5 tillbaka till Claes:<br \/>\n\u2013 H\u00e4r, nu byter vi.<br \/>\nClaes s\u00e5g stint p\u00e5 mig och s\u00e5 bytte vi. Man kunde ana att han tyckte jag gjort det \u00e5rhundradets s\u00e4msta val.<\/p>\n<p>V\u00e4l hemma s\u00e5 lyssnade jag p\u00e5 Ekseption g\u00e5ng p\u00e5 g\u00e5ng och musiken gick s\u00e5 djupt i mig.<br \/>\nVad var det musiken v\u00e4ckte hos mig? Den var ju s\u00e5 vacker. Ja det var n\u00e5got mycket djupt den tog tag i mig. Jag blev s\u00e5 ber\u00f6rd.<\/p>\n<p>F\u00f6r den som nu inte vet vad Ekseption var f\u00f6r grupp s\u00e5 kan jag n\u00e4mna det att de kom fr\u00e5n Holland och de spelade uteslutande stycken av Johan Sebastian Bach.<br \/>\nBach \u00e4r en alldeles unik komposit\u00f6r fr\u00e5n 1700-talet. Dessa stycken av Bach hottade Ekseption sen upp med hj\u00e4lp av hammondorgel, trummor och liknande \u2013 men de framf\u00f6rde styckena mycket n\u00e4ra originalet. <\/p>\n<p>Men samtidigt var nu Bach n\u00e5got som inte passade in i lilla Varg\u00f6n.<br \/>\nS\u00e5 uppfattade jag det i alla fall. Ja s\u00e5dant k\u00e4nner man liksom av, eller hur?<br \/>\nS\u00e5 jag minns jag l\u00e5tsades om inf\u00f6r Claes att den d\u00e4r Ekseption skivan, ja den var v\u00e4l inget speciellt att ha egentligen och att det var han som i sj\u00e4lva hade allt gjort ett kanonbyte, han som fick skivan av Ted.<br \/>\n&#8211; Du \u00e5ngrar dig? Fr\u00e5gade Claes spefullt.<br \/>\nJag nickade \u00f6vertygande. Claes log. Jag log tillbaka, i mjugg.<br \/>\nOch v\u00e4l d\u00e4r hemma i mitt pojkrum gick skivan varm. \u00c5ter och \u00e5ter, \u201dToccata och fuga i D moll\u201d. \u201dJesus meine freunde\u201d.<br \/>\nJa sannerligen &#8211; en port in i evigheten hade \u00f6ppnats!<br \/>\nMusiken var ju helt magisk!<\/p>\n<p>Ett par \u00e5r senare \u00e4r jag 16 \u00e5r \u2013 och p\u00e5 den tiden fanns inte Spotify eller fildeldningsprogram. En skiva eller inspelat kassettband var en investering, ja en mycket stor sak.<br \/>\nOch jag \u00e4r 16 \u00e5r och jag och ett par kompisar \u00e4r i Brighton en p\u00e5sk.<br \/>\nVi h\u00e4lsade p\u00e5 en kompis som l\u00e4ste d\u00e4r, spr\u00e5k tror jag.<br \/>\nHon bodde i ett hus som i vanliga fall beboddes av engelska studenter men nu var de hemma p\u00e5 lov och vi fick l\u00e5na deras rum. Jag fick l\u00e5na ett rum av en student som hade hur m\u00e5nga kassettband som helst av&#8230; ja just det Johan Sebastian Bach.<\/p>\n<p>Och som jag lyssnade och nj\u00f6t.<br \/>\nOch t\u00e4nkte att snart \u00e4r jag s\u00e5 stor och or\u00e4dd att jag utan att sk\u00e4mmas kan skaffa mig ett s\u00e5dant h\u00e4r gigantiskt musiklager av Bach. F\u00f6r jag var f\u00f6rst\u00e5s som s\u00e5 alla andra ynglingar kolossalt k\u00e4nslig f\u00f6r grupptrycket. Visste att jag skulle bli ordentligt retad om jag framh\u00e4vde min vurm f\u00f6r en komposit\u00f6r fr\u00e5n 1700-talet. &#8221;H\u00f6 H\u00f6 Johan diggar du Bach\u2026&#8221;<\/p>\n<p>S\u00e5v\u00e4l i Stockholm, jag \u00e4r nu drygt 20 s\u00e5 tar jag mot till mig och k\u00f6per p\u00e5 mig Bach skivor, en efter en. Min d\u00e5varande flickv\u00e4n var skeptisk. Hon kom fr\u00e5n Kiruna och lyssnade p\u00e5 Eagels och \u00e4lskade att dricka kokkaffe och prata med ett par kroppsbyggare fr\u00e5n samma Kiruna.<br \/>\n&#8211; H\u00f6 h\u00f6 lyssnar du p\u00e5 Bach?<br \/>\n&#8211; Ja t\u00e4nk f\u00f6r att jag g\u00f6r det!<\/p>\n<p>Idag \u00e4r jag t\u00e4mligen petig n\u00e4r det g\u00e4ller Bach. Jag har till exempel sv\u00e5rt att njuta av musiker som spelar allt f\u00f6r tekniskt, de tappar ofta i innerlighet. Medan jag njuter hejdl\u00f6st av de som nyttjar tekniken i k\u00e4nslans tj\u00e4nst. <\/p>\n<p>S\u00e4rskilt \u00f6mt\u00e5lig \u00e4r jag, har jag m\u00e4rkt, n\u00e4r det g\u00e4ller Bachs cellosviter och sonater f\u00f6r fiol.<br \/>\nH\u00e4r f\u00e5r det bara inte vara vem som helst som spelar. F\u00f6r musik av den h\u00e4r sorten handlar lika mycket om pauser och anslag som sj\u00e4lva framf\u00f6randet av tonerna i sig. Det handlar om sj\u00e4l, ja innerlighet.  Och det handlar sannolikt i f\u00f6rl\u00e4ngningen om f\u00f6rm\u00e5gan att vara en sann och levande m\u00e4nniska, \u00f6dmjuk, seende, varm. Ha kontakt med s\u00e5v\u00e4l h\u00f6ger som v\u00e4nster hj\u00e4rnhalva och s\u00e5 i musiken f\u00f6rmedla den andlighet; den transcendens, den bro till evigheten tonerna f\u00f6rborgar som en m\u00f6jlighet, b\u00e4r fram som en barnahand.<\/p>\n<p>Det \u00e4r naturligtvis ingen slump att Bach kallas f\u00f6r den femte evangelisten.<br \/>\nF\u00e5 kan som han \u00f6ppna evighetens portar och levandeg\u00f6ra det himmelska.<br \/>\nOch f\u00e5 kan som han skildra och tolka evangeliernas ber\u00e4ttelser om Jesus s\u00e5 att nya dimensioner \u00f6ppnar sig, hela tiden, ja varje g\u00e5ng. <\/p>\n<p>Idag vet vi att musiken av Bach har en l\u00e4kande funktion, det \u00e4r bevisat att den f\u00f6rm\u00e5r hela och l\u00e4ka. Taktslagen ligger p\u00e5 60 per minut, n\u00e4ra hj\u00e4rtats naturliga rymd och, s\u00e4gs det, Jordens sv\u00e4ngningstal. Det \u00e4r inte f\u00f6r inte man anv\u00e4nder Bach f\u00f6r att hj\u00e4lpa tortyrskakade och andra som upplevt sv\u00e5ra trauman.<br \/>\nMusiken av Bach helar och bygger en bro till n\u00e5got st\u00f6rre. <\/p>\n<p>N\u00e5got st\u00f6rre som vill och f\u00f6rm\u00e5r greppa oss; f\u00e5r oss att inse vi \u00e4r n\u00e5got mer \u00e4n f\u00f6rfinade djur. \u00c4r m\u00e4nniskor \u2013 kropp, sj\u00e4l och ande, ja resliga och or\u00e4dda avbilder av Gud, skapade att vara och leva i k\u00e4rlek och intelligens; den i huvudet som den i hj\u00e4rtat. <\/p>\n<p>Just dessa potentialer f\u00f6rm\u00e5r Bachs musik att ta tag i \u2013 v\u00e4cka upp \u2013 v\u00e4cka liv i. <\/p>\n<p>Det \u00e4r stort! <\/p>\n<p>(Denna betraktelse \u00e4r inf\u00f6rd i nr 2 &#8211; 2013 Memphis Magazine)<\/p>\n","protected":false},"excerpt":{"rendered":"<p>Jag v\u00e4xte upp i en liten bruksort i V\u00e4sterg\u00f6tland, Varg\u00f6n. P\u00e5 den tiden var mammorna hemma p\u00e5 dagarna och det kvarter jag bodde i, nybyggda sm\u00e5 villor i n\u00e4rheten av skog och vatten, d\u00e4r bodde det 33 barn. Och som vi lekte. Fr\u00e5n arla morgon till sen kv\u00e4ll. N\u00e4rmsta granne hette Claes. Claes hade en [&hellip;]<\/p>\n","protected":false},"author":42,"featured_media":0,"comment_status":"open","ping_status":"open","sticky":false,"template":"","format":"standard","meta":{"_acf_changed":false,"footnotes":""},"categories":[1],"tags":[],"class_list":["post-285","post","type-post","status-publish","format-standard","hentry","category-okategoriserad"],"acf":[],"yoast_head":"<!-- This site is optimized with the Yoast SEO plugin v27.1.1 - https:\/\/yoast.com\/product\/yoast-seo-wordpress\/ -->\n<title>I k\u00e4llaren hemma hos Claes - Johan Bonander<\/title>\n<meta name=\"robots\" content=\"index, follow, max-snippet:-1, max-image-preview:large, max-video-preview:-1\" \/>\n<link rel=\"canonical\" href=\"https:\/\/blogg.svenskakyrkan.se\/bonander\/2013\/08\/05\/i-kallaren-hemma-hos-claes\/\" \/>\n<meta property=\"og:locale\" content=\"sv_SE\" \/>\n<meta property=\"og:type\" content=\"article\" \/>\n<meta property=\"og:title\" content=\"I k\u00e4llaren hemma hos Claes - Johan Bonander\" \/>\n<meta property=\"og:description\" content=\"Jag v\u00e4xte upp i en liten bruksort i V\u00e4sterg\u00f6tland, Varg\u00f6n. P\u00e5 den tiden var mammorna hemma p\u00e5 dagarna och det kvarter jag bodde i, nybyggda sm\u00e5 villor i n\u00e4rheten av skog och vatten, d\u00e4r bodde det 33 barn. Och som vi lekte. Fr\u00e5n arla morgon till sen kv\u00e4ll. N\u00e4rmsta granne hette Claes. Claes hade en [&hellip;]\" \/>\n<meta property=\"og:url\" content=\"https:\/\/blogg.svenskakyrkan.se\/bonander\/2013\/08\/05\/i-kallaren-hemma-hos-claes\/\" \/>\n<meta property=\"og:site_name\" content=\"Johan Bonander\" \/>\n<meta property=\"article:published_time\" content=\"2013-08-05T08:59:21+00:00\" \/>\n<meta name=\"author\" content=\"Johan Bonander\" \/>\n<meta name=\"twitter:card\" content=\"summary_large_image\" \/>\n<meta name=\"twitter:label1\" content=\"Skriven av\" \/>\n\t<meta name=\"twitter:data1\" content=\"Johan Bonander\" \/>\n\t<meta name=\"twitter:label2\" content=\"Ber\u00e4knad l\u00e4stid\" \/>\n\t<meta name=\"twitter:data2\" content=\"6 minuter\" \/>\n<script type=\"application\/ld+json\" class=\"yoast-schema-graph\">{\"@context\":\"https:\/\/schema.org\",\"@graph\":[{\"@type\":\"Article\",\"@id\":\"https:\/\/blogg.svenskakyrkan.se\/bonander\/2013\/08\/05\/i-kallaren-hemma-hos-claes\/#article\",\"isPartOf\":{\"@id\":\"https:\/\/blogg.svenskakyrkan.se\/bonander\/2013\/08\/05\/i-kallaren-hemma-hos-claes\/\"},\"author\":{\"name\":\"Johan Bonander\",\"@id\":\"https:\/\/blogg.svenskakyrkan.se\/bonander\/#\/schema\/person\/9581efec79b786a144018ffd0b759f67\"},\"headline\":\"I k\u00e4llaren hemma hos Claes\",\"datePublished\":\"2013-08-05T08:59:21+00:00\",\"mainEntityOfPage\":{\"@id\":\"https:\/\/blogg.svenskakyrkan.se\/bonander\/2013\/08\/05\/i-kallaren-hemma-hos-claes\/\"},\"wordCount\":1269,\"commentCount\":0,\"articleSection\":[\"Okategoriserad\"],\"inLanguage\":\"sv-SE\",\"potentialAction\":[{\"@type\":\"CommentAction\",\"name\":\"Comment\",\"target\":[\"https:\/\/blogg.svenskakyrkan.se\/bonander\/2013\/08\/05\/i-kallaren-hemma-hos-claes\/#respond\"]}]},{\"@type\":\"WebPage\",\"@id\":\"https:\/\/blogg.svenskakyrkan.se\/bonander\/2013\/08\/05\/i-kallaren-hemma-hos-claes\/\",\"url\":\"https:\/\/blogg.svenskakyrkan.se\/bonander\/2013\/08\/05\/i-kallaren-hemma-hos-claes\/\",\"name\":\"I k\u00e4llaren hemma hos Claes - Johan Bonander\",\"isPartOf\":{\"@id\":\"https:\/\/blogg.svenskakyrkan.se\/bonander\/#website\"},\"datePublished\":\"2013-08-05T08:59:21+00:00\",\"author\":{\"@id\":\"https:\/\/blogg.svenskakyrkan.se\/bonander\/#\/schema\/person\/9581efec79b786a144018ffd0b759f67\"},\"breadcrumb\":{\"@id\":\"https:\/\/blogg.svenskakyrkan.se\/bonander\/2013\/08\/05\/i-kallaren-hemma-hos-claes\/#breadcrumb\"},\"inLanguage\":\"sv-SE\",\"potentialAction\":[{\"@type\":\"ReadAction\",\"target\":[\"https:\/\/blogg.svenskakyrkan.se\/bonander\/2013\/08\/05\/i-kallaren-hemma-hos-claes\/\"]}]},{\"@type\":\"BreadcrumbList\",\"@id\":\"https:\/\/blogg.svenskakyrkan.se\/bonander\/2013\/08\/05\/i-kallaren-hemma-hos-claes\/#breadcrumb\",\"itemListElement\":[{\"@type\":\"ListItem\",\"position\":1,\"name\":\"Hem\",\"item\":\"https:\/\/blogg.svenskakyrkan.se\/bonander\/\"},{\"@type\":\"ListItem\",\"position\":2,\"name\":\"I k\u00e4llaren hemma hos Claes\"}]},{\"@type\":\"WebSite\",\"@id\":\"https:\/\/blogg.svenskakyrkan.se\/bonander\/#website\",\"url\":\"https:\/\/blogg.svenskakyrkan.se\/bonander\/\",\"name\":\"Johan Bonander\",\"description\":\"Predikningar &amp; betraktelser, framf\u00f6rda alternativt publicerade\",\"potentialAction\":[{\"@type\":\"SearchAction\",\"target\":{\"@type\":\"EntryPoint\",\"urlTemplate\":\"https:\/\/blogg.svenskakyrkan.se\/bonander\/?s={search_term_string}\"},\"query-input\":{\"@type\":\"PropertyValueSpecification\",\"valueRequired\":true,\"valueName\":\"search_term_string\"}}],\"inLanguage\":\"sv-SE\"},{\"@type\":\"Person\",\"@id\":\"https:\/\/blogg.svenskakyrkan.se\/bonander\/#\/schema\/person\/9581efec79b786a144018ffd0b759f67\",\"name\":\"Johan Bonander\",\"image\":{\"@type\":\"ImageObject\",\"inLanguage\":\"sv-SE\",\"@id\":\"https:\/\/blogg.svenskakyrkan.se\/bonander\/#\/schema\/person\/image\/\",\"url\":\"https:\/\/secure.gravatar.com\/avatar\/1f934271fde92d056502e55238a78cf5e0346d532a8a6000239e7122f1163a0a?s=96&d=mm&r=g\",\"contentUrl\":\"https:\/\/secure.gravatar.com\/avatar\/1f934271fde92d056502e55238a78cf5e0346d532a8a6000239e7122f1163a0a?s=96&d=mm&r=g\",\"caption\":\"Johan Bonander\"},\"description\":\"Kyrkoherde i Fryks\u00e4nde pastorat, kontraktsprost norra V\u00e4rmlands kontrakt, Karlstad stift\",\"sameAs\":[\"http:\/\/www.svenskakyrkan.se\/fryksande\"],\"url\":\"https:\/\/blogg.svenskakyrkan.se\/bonander\/author\/ostmarksprasten\/\"}]}<\/script>\n<!-- \/ Yoast SEO plugin. -->","yoast_head_json":{"title":"I k\u00e4llaren hemma hos Claes - Johan Bonander","robots":{"index":"index","follow":"follow","max-snippet":"max-snippet:-1","max-image-preview":"max-image-preview:large","max-video-preview":"max-video-preview:-1"},"canonical":"https:\/\/blogg.svenskakyrkan.se\/bonander\/2013\/08\/05\/i-kallaren-hemma-hos-claes\/","og_locale":"sv_SE","og_type":"article","og_title":"I k\u00e4llaren hemma hos Claes - Johan Bonander","og_description":"Jag v\u00e4xte upp i en liten bruksort i V\u00e4sterg\u00f6tland, Varg\u00f6n. P\u00e5 den tiden var mammorna hemma p\u00e5 dagarna och det kvarter jag bodde i, nybyggda sm\u00e5 villor i n\u00e4rheten av skog och vatten, d\u00e4r bodde det 33 barn. Och som vi lekte. Fr\u00e5n arla morgon till sen kv\u00e4ll. N\u00e4rmsta granne hette Claes. Claes hade en [&hellip;]","og_url":"https:\/\/blogg.svenskakyrkan.se\/bonander\/2013\/08\/05\/i-kallaren-hemma-hos-claes\/","og_site_name":"Johan Bonander","article_published_time":"2013-08-05T08:59:21+00:00","author":"Johan Bonander","twitter_card":"summary_large_image","twitter_misc":{"Skriven av":"Johan Bonander","Ber\u00e4knad l\u00e4stid":"6 minuter"},"schema":{"@context":"https:\/\/schema.org","@graph":[{"@type":"Article","@id":"https:\/\/blogg.svenskakyrkan.se\/bonander\/2013\/08\/05\/i-kallaren-hemma-hos-claes\/#article","isPartOf":{"@id":"https:\/\/blogg.svenskakyrkan.se\/bonander\/2013\/08\/05\/i-kallaren-hemma-hos-claes\/"},"author":{"name":"Johan Bonander","@id":"https:\/\/blogg.svenskakyrkan.se\/bonander\/#\/schema\/person\/9581efec79b786a144018ffd0b759f67"},"headline":"I k\u00e4llaren hemma hos Claes","datePublished":"2013-08-05T08:59:21+00:00","mainEntityOfPage":{"@id":"https:\/\/blogg.svenskakyrkan.se\/bonander\/2013\/08\/05\/i-kallaren-hemma-hos-claes\/"},"wordCount":1269,"commentCount":0,"articleSection":["Okategoriserad"],"inLanguage":"sv-SE","potentialAction":[{"@type":"CommentAction","name":"Comment","target":["https:\/\/blogg.svenskakyrkan.se\/bonander\/2013\/08\/05\/i-kallaren-hemma-hos-claes\/#respond"]}]},{"@type":"WebPage","@id":"https:\/\/blogg.svenskakyrkan.se\/bonander\/2013\/08\/05\/i-kallaren-hemma-hos-claes\/","url":"https:\/\/blogg.svenskakyrkan.se\/bonander\/2013\/08\/05\/i-kallaren-hemma-hos-claes\/","name":"I k\u00e4llaren hemma hos Claes - Johan Bonander","isPartOf":{"@id":"https:\/\/blogg.svenskakyrkan.se\/bonander\/#website"},"datePublished":"2013-08-05T08:59:21+00:00","author":{"@id":"https:\/\/blogg.svenskakyrkan.se\/bonander\/#\/schema\/person\/9581efec79b786a144018ffd0b759f67"},"breadcrumb":{"@id":"https:\/\/blogg.svenskakyrkan.se\/bonander\/2013\/08\/05\/i-kallaren-hemma-hos-claes\/#breadcrumb"},"inLanguage":"sv-SE","potentialAction":[{"@type":"ReadAction","target":["https:\/\/blogg.svenskakyrkan.se\/bonander\/2013\/08\/05\/i-kallaren-hemma-hos-claes\/"]}]},{"@type":"BreadcrumbList","@id":"https:\/\/blogg.svenskakyrkan.se\/bonander\/2013\/08\/05\/i-kallaren-hemma-hos-claes\/#breadcrumb","itemListElement":[{"@type":"ListItem","position":1,"name":"Hem","item":"https:\/\/blogg.svenskakyrkan.se\/bonander\/"},{"@type":"ListItem","position":2,"name":"I k\u00e4llaren hemma hos Claes"}]},{"@type":"WebSite","@id":"https:\/\/blogg.svenskakyrkan.se\/bonander\/#website","url":"https:\/\/blogg.svenskakyrkan.se\/bonander\/","name":"Johan Bonander","description":"Predikningar &amp; betraktelser, framf\u00f6rda alternativt publicerade","potentialAction":[{"@type":"SearchAction","target":{"@type":"EntryPoint","urlTemplate":"https:\/\/blogg.svenskakyrkan.se\/bonander\/?s={search_term_string}"},"query-input":{"@type":"PropertyValueSpecification","valueRequired":true,"valueName":"search_term_string"}}],"inLanguage":"sv-SE"},{"@type":"Person","@id":"https:\/\/blogg.svenskakyrkan.se\/bonander\/#\/schema\/person\/9581efec79b786a144018ffd0b759f67","name":"Johan Bonander","image":{"@type":"ImageObject","inLanguage":"sv-SE","@id":"https:\/\/blogg.svenskakyrkan.se\/bonander\/#\/schema\/person\/image\/","url":"https:\/\/secure.gravatar.com\/avatar\/1f934271fde92d056502e55238a78cf5e0346d532a8a6000239e7122f1163a0a?s=96&d=mm&r=g","contentUrl":"https:\/\/secure.gravatar.com\/avatar\/1f934271fde92d056502e55238a78cf5e0346d532a8a6000239e7122f1163a0a?s=96&d=mm&r=g","caption":"Johan Bonander"},"description":"Kyrkoherde i Fryks\u00e4nde pastorat, kontraktsprost norra V\u00e4rmlands kontrakt, Karlstad stift","sameAs":["http:\/\/www.svenskakyrkan.se\/fryksande"],"url":"https:\/\/blogg.svenskakyrkan.se\/bonander\/author\/ostmarksprasten\/"}]}},"author_meta":{"ID":"42","user_nicename":"ostmarksprasten","user_url":"http:\/\/www.svenskakyrkan.se\/fryksande","user_registered":"2011-01-14 06:33:35","display_name":"Johan Bonander","first_name":"Johan","last_name":"Bonander","avatar":"https:\/\/secure.gravatar.com\/avatar\/1f934271fde92d056502e55238a78cf5e0346d532a8a6000239e7122f1163a0a?s=96&d=mm&r=g"},"featured_image":false,"bloginfo":{"name":"Johan Bonander","url":"https:\/\/blogg.svenskakyrkan.se\/bonander"},"_links":{"self":[{"href":"https:\/\/blogg.svenskakyrkan.se\/bonander\/wp-json\/wp\/v2\/posts\/285","targetHints":{"allow":["GET"]}}],"collection":[{"href":"https:\/\/blogg.svenskakyrkan.se\/bonander\/wp-json\/wp\/v2\/posts"}],"about":[{"href":"https:\/\/blogg.svenskakyrkan.se\/bonander\/wp-json\/wp\/v2\/types\/post"}],"author":[{"embeddable":true,"href":"https:\/\/blogg.svenskakyrkan.se\/bonander\/wp-json\/wp\/v2\/users\/42"}],"replies":[{"embeddable":true,"href":"https:\/\/blogg.svenskakyrkan.se\/bonander\/wp-json\/wp\/v2\/comments?post=285"}],"version-history":[{"count":1,"href":"https:\/\/blogg.svenskakyrkan.se\/bonander\/wp-json\/wp\/v2\/posts\/285\/revisions"}],"predecessor-version":[{"id":286,"href":"https:\/\/blogg.svenskakyrkan.se\/bonander\/wp-json\/wp\/v2\/posts\/285\/revisions\/286"}],"wp:attachment":[{"href":"https:\/\/blogg.svenskakyrkan.se\/bonander\/wp-json\/wp\/v2\/media?parent=285"}],"wp:term":[{"taxonomy":"category","embeddable":true,"href":"https:\/\/blogg.svenskakyrkan.se\/bonander\/wp-json\/wp\/v2\/categories?post=285"},{"taxonomy":"post_tag","embeddable":true,"href":"https:\/\/blogg.svenskakyrkan.se\/bonander\/wp-json\/wp\/v2\/tags?post=285"}],"curies":[{"name":"wp","href":"https:\/\/api.w.org\/{rel}","templated":true}]}}