{"id":309,"date":"2013-12-27T23:03:21","date_gmt":"2013-12-27T21:03:21","guid":{"rendered":"http:\/\/blogg.svenskakyrkan.se\/ostmarksprasten\/?p=309"},"modified":"2013-12-27T23:04:06","modified_gmt":"2013-12-27T21:04:06","slug":"309","status":"publish","type":"post","link":"https:\/\/blogg.svenskakyrkan.se\/bonander\/2013\/12\/27\/309\/","title":{"rendered":"Att v\u00e4lja planhalva, en annandagsbetraktelse"},"content":{"rendered":"<p>Den h\u00e4r s\u00f6ndagen kallas f\u00f6r martyrernas dag.<br \/>\nD\u00e4rf\u00f6r \u00e4r det r\u00f6tt i kyrkan \u2013 r\u00f6tt f\u00f6r lidande, umb\u00e4rande \u2013 och till och med d\u00f6d.<br \/>\nMartyr \u2013att f\u00e5 lida f\u00f6r sin tro och \u00f6vertygelse. <\/p>\n<p>Altartavlan h\u00e4r bakom mig utg\u00f6r f\u00f6rst\u00e5s sj\u00e4lva sinnebilden f\u00f6r att framh\u00e4rda i ett budskap, en livsg\u00e4rning. <\/p>\n<p>Och senast nu ig\u00e5r s\u00e5 exploderade en kyrka i Bagdad d\u00e4r man firade en julgudstj\u00e4nst. <\/p>\n<p>Den kristna kyrkan \u00e4r utan j\u00e4mf\u00f6relse den religion som f\u00f6rf\u00f6ljs mest i V\u00e4rlden idag. <\/p>\n<p>Och dessv\u00e4rre ing\u00e5r det som en del i delar av den terrorism som finns i mellan\u00f6stern \u2013 som i Syrien, som i Egypten &#8211; att f\u00f6rringa m\u00e4nniskor sin r\u00e4tt till en kristen tro. <\/p>\n<p>M\u00e5nga av de flyktingar som \u00e4r p\u00e5 ing\u00e5ng till v\u00e5r kommun har den bakgrunden, f\u00f6rf\u00f6ljda f\u00f6r sin tro. Vi m\u00e5ste ha det i \u00e5tanke d\u00e5 vi v\u00e4lkomnar dem till oss \u2013 och f\u00f6rs\u00f6ka jobba f\u00f6r generositet och v\u00e4rme. Bjuda till. Vara nyfikna. Och i nyfikenheten \u00f6ppna upp f\u00f6r det empatiska. <\/p>\n<p>Den m\u00f6jligheten ligger framf\u00f6r oss \u2013 medk\u00e4nslans och k\u00e4rlekens m\u00f6jlighet. <\/p>\n<p>Den v\u00e4g som inte alltid \u00e4r l\u00e4tt och som i f\u00f6rl\u00e4ngningen ledde till Jesu korsf\u00e4stelse.<br \/>\nVarf\u00f6r skulle han \u00e4lska de fadersl\u00f6sa f\u00f6r? Krymplingarna? De utst\u00f6tta och sjuka f\u00f6r?<br \/>\nOch varf\u00f6r visa oss alla v\u00e5ra blottor, kl\u00e4 av allt p\u00e5 bara skinnet? Varf\u00f6r inte n\u00f6ja sig med det f\u00f6rljugna, sakernas tillst\u00e5nd \u2013 den g\u00e4llande hackordning??<\/p>\n<p>D\u00e4rf\u00f6r att Gud vill n\u00e5got mer med sin skapelse.<br \/>\nD\u00e4rf\u00f6r att Gud vill se sin m\u00e4nsklighet blomma och ta ansvar och bli hel \u2013 och i sin fria vilja v\u00e4lja k\u00e4rleken och omtanken och empatin.<br \/>\nSom vi alltid har som en m\u00f6jlighet.<br \/>\nPrecis som vi har m\u00f6jligheten att v\u00e4lja att intressera oss f\u00f6r den i v\u00e5r n\u00e4rhet som hamnat eller riskerar hamna utanf\u00f6r. <\/p>\n<p>Att lyfta fram Jesus och Jesu betydelse i det kristna, i den k\u00e4rleks och helandeprocess som fanns i urkyrkan var inte popul\u00e4rt och vi kan i apostlag\u00e4rningarna l\u00e4sa att l\u00e4rjungarna Petrus och Johannes blev f\u00f6rbjudna att tala eller undervisa i Jesu namn. <\/p>\n<p>Men Petrus och Johannes svarade :<br \/>\n\u201dT\u00e4nk efter sj\u00e4lva om det \u00e4r r\u00e4tt inf\u00f6r Gud att lyda er mer \u00e4n honom. Vi kan inte tiga med vad vi har sett och h\u00f6rt.&#8221;<\/p>\n<p>Och Jesus s\u00e4ger sj\u00e4lv i Matt 10:32-39 att:<br \/>\n<em>Var och en som k\u00e4nns vid mig inf\u00f6r m\u00e4nniskorna, honom skall jag k\u00e4nnas vid inf\u00f6r min fader i himlen. Men den som f\u00f6rnekar mig inf\u00f6r m\u00e4nniskorna, honom skall jag f\u00f6rneka inf\u00f6r min fader i himlen. Tro inte att jag har kommit med fred till jorden. Jag har inte kommit med fred utan med sv\u00e4rd.<\/em> <\/p>\n<p>Det kostar med andra ord p\u00e5 att v\u00e4lja hj\u00e4rtats och medk\u00e4nslans v\u00e4g, d\u00e5 som nu. S\u00e5 mycket i det m\u00e4nskliga vill bevara strukturer, attityder och livsh\u00e5llningar d\u00e4r den ene \u00e4r finare \u00e4n den andre \u2013 och det finns alltid de l\u00e4ngst ned som \u00e4r minst fina, rent av fula. Och de av oss som \u00e4r d\u00e4r \u2013 ska p\u00e5 n\u00e5got vis vara b\u00e4rare av skam och utanf\u00f6rskap. Syndabockar. <\/p>\n<p>Vi m\u00e4nniskor \u00e4r s\u00e5 k\u00e4nsliga.<br \/>\nVi identifierar oss s\u00e5 l\u00e4tt med de roller vi blir tilldelade. Arbetsl\u00f6sheten griper tag i livsnerven \u2013 den kroniska sjukdomen, att inte f\u00e5 det att g\u00e5 runt ekonomiskt, den upplevda skammen av att ha skiljt sig, missbruka eller ha n\u00e5gon i sin n\u00e4rhet som missbrukar \u2013 och nu hukar vi och ser inte varann i \u00f6gonen. <\/p>\n<p>Mitt i det sammanhanget st\u00e4llde sig Jesus och visade p\u00e5 alternativ. Och slog s\u00f6nder och samman allt vad hackordning var f\u00f6r n\u00e5got \u2013 och faris\u00e9erna och den tidens fina blev vansinniga. \u201dSt\u00f6r oss inte!\u201d<\/p>\n<p>Jo sa Jesus \u2013 himmelriket finns mitt ibland er, bland oss, bara ni, bara vi skakar av oss v\u00e5ra f\u00f6rdomar och ser varann i ljuset av en m\u00e4nsklighet, en gemensam enhet skapade till Guds avbild vars egentliga m\u00e5l \u00e4r f\u00f6rdragsamhet, f\u00f6rsant-h\u00e5llande och k\u00e4rlek till Skaparen och skapelsen.  <\/p>\n<p>Och den stora fr\u00e5gan \u00e4r nu vilken planhalva vi \u2013 var och en av oss  &#8211; vill vara p\u00e5.<br \/>\nTy just h\u00e4r \u2013 i sk\u00e4rningspunkten att tacka ja till detta uppdrag, detta perspektiv, denna uppmaning, detta ob\u00f6nh\u00f6rligas k\u00e4rlekens lov \u2013 d\u00e4r finns s\u00e5v\u00e4l martyrens v\u00e4g \u2013 om man bejakar \u2013 och b\u00f6delns \u2013 om man f\u00f6rnekande f\u00f6rringar uppmaningen att finnas f\u00f6r varann, vapenl\u00f6sa, h\u00e4r och nu, tillsammans, som Gud vill. <\/p>\n<p>Det h\u00e4r valet avg\u00f6rs nu i det lilla s\u00e5v\u00e4l som i det stora \u2013 ja  i om vi m\u00f6ter tiggaren i \u00f6gonen eller ej, om vi vill intressera oss f\u00f6r den d\u00e4r unge mannen vars attityd till ytan har s\u00e5 i \u00f6vrigt mycket att \u00f6nska \u2013 ja vill jag det eller ej \u2013 och det avg\u00f6rs kanske allra mest i vad m\u00e5n jag vill n\u00e4rma mig min egen skugga, min egen baksida och se mig f\u00f6r den jag \u00e4r. <\/p>\n<p>Lyckas jag med det \u2013 och det \u00e4r en livsl\u00e5ng process \u2013 d\u00e5 blir f\u00f6rd\u00f6mandet av den andre s\u00e5 mycket sv\u00e5rare \u2013 d\u00e5 s\u00f6ker jag m\u00f6ta livet vapenl\u00f6s. D\u00e5 s\u00f6ker jag helheten och sanningen. \u00c4ven n\u00e4r priset \u00e4r h\u00f6gt, n\u00e4r omv\u00e4rlden kr\u00e4ver enkla l\u00f6sningar, vill f\u00f6rd\u00f6ma. <\/p>\n<p>Och att st\u00e5 emot \u00e4r riskabelt \u2013 och leder ibland till ett h\u00f6gt pris.  Men \u00e4r den v\u00e4g vi \u00e4r uppmanade att g\u00e5: <\/p>\n<p>Jesus sa: <em><br \/>\nMen den som f\u00f6rnekar mig inf\u00f6r m\u00e4nniskorna, honom skall jag f\u00f6rneka inf\u00f6r min fader i himlen. Tro inte att jag har kommit med fred till jorden. Jag har inte kommit med fred utan med sv\u00e4rd.<\/em><\/p>\n","protected":false},"excerpt":{"rendered":"<p>Den h\u00e4r s\u00f6ndagen kallas f\u00f6r martyrernas dag. D\u00e4rf\u00f6r \u00e4r det r\u00f6tt i kyrkan \u2013 r\u00f6tt f\u00f6r lidande, umb\u00e4rande \u2013 och till och med d\u00f6d. Martyr \u2013att f\u00e5 lida f\u00f6r sin tro och \u00f6vertygelse. Altartavlan h\u00e4r bakom mig utg\u00f6r f\u00f6rst\u00e5s sj\u00e4lva sinnebilden f\u00f6r att framh\u00e4rda i ett budskap, en livsg\u00e4rning. Och senast nu ig\u00e5r s\u00e5 exploderade [&hellip;]<\/p>\n","protected":false},"author":42,"featured_media":0,"comment_status":"open","ping_status":"open","sticky":false,"template":"","format":"standard","meta":{"_acf_changed":false,"footnotes":""},"categories":[1],"tags":[],"class_list":["post-309","post","type-post","status-publish","format-standard","hentry","category-okategoriserad"],"acf":[],"yoast_head":"<!-- This site is optimized with the Yoast SEO plugin v27.1.1 - https:\/\/yoast.com\/product\/yoast-seo-wordpress\/ -->\n<title>Att v\u00e4lja planhalva, en annandagsbetraktelse - Johan Bonander<\/title>\n<meta name=\"robots\" content=\"index, follow, max-snippet:-1, max-image-preview:large, max-video-preview:-1\" \/>\n<link rel=\"canonical\" href=\"https:\/\/blogg.svenskakyrkan.se\/bonander\/2013\/12\/27\/309\/\" \/>\n<meta property=\"og:locale\" content=\"sv_SE\" \/>\n<meta property=\"og:type\" content=\"article\" \/>\n<meta property=\"og:title\" content=\"Att v\u00e4lja planhalva, en annandagsbetraktelse - Johan Bonander\" \/>\n<meta property=\"og:description\" content=\"Den h\u00e4r s\u00f6ndagen kallas f\u00f6r martyrernas dag. D\u00e4rf\u00f6r \u00e4r det r\u00f6tt i kyrkan \u2013 r\u00f6tt f\u00f6r lidande, umb\u00e4rande \u2013 och till och med d\u00f6d. Martyr \u2013att f\u00e5 lida f\u00f6r sin tro och \u00f6vertygelse. Altartavlan h\u00e4r bakom mig utg\u00f6r f\u00f6rst\u00e5s sj\u00e4lva sinnebilden f\u00f6r att framh\u00e4rda i ett budskap, en livsg\u00e4rning. Och senast nu ig\u00e5r s\u00e5 exploderade [&hellip;]\" \/>\n<meta property=\"og:url\" content=\"https:\/\/blogg.svenskakyrkan.se\/bonander\/2013\/12\/27\/309\/\" \/>\n<meta property=\"og:site_name\" content=\"Johan Bonander\" \/>\n<meta property=\"article:published_time\" content=\"2013-12-27T21:03:21+00:00\" \/>\n<meta property=\"article:modified_time\" content=\"2013-12-27T21:04:06+00:00\" \/>\n<meta name=\"author\" content=\"Johan Bonander\" \/>\n<meta name=\"twitter:card\" content=\"summary_large_image\" \/>\n<meta name=\"twitter:label1\" content=\"Skriven av\" \/>\n\t<meta name=\"twitter:data1\" content=\"Johan Bonander\" \/>\n\t<meta name=\"twitter:label2\" content=\"Ber\u00e4knad l\u00e4stid\" \/>\n\t<meta name=\"twitter:data2\" content=\"5 minuter\" \/>\n<script type=\"application\/ld+json\" class=\"yoast-schema-graph\">{\"@context\":\"https:\/\/schema.org\",\"@graph\":[{\"@type\":\"Article\",\"@id\":\"https:\/\/blogg.svenskakyrkan.se\/bonander\/2013\/12\/27\/309\/#article\",\"isPartOf\":{\"@id\":\"https:\/\/blogg.svenskakyrkan.se\/bonander\/2013\/12\/27\/309\/\"},\"author\":{\"name\":\"Johan Bonander\",\"@id\":\"https:\/\/blogg.svenskakyrkan.se\/bonander\/#\/schema\/person\/9581efec79b786a144018ffd0b759f67\"},\"headline\":\"Att v\u00e4lja planhalva, en annandagsbetraktelse\",\"datePublished\":\"2013-12-27T21:03:21+00:00\",\"dateModified\":\"2013-12-27T21:04:06+00:00\",\"mainEntityOfPage\":{\"@id\":\"https:\/\/blogg.svenskakyrkan.se\/bonander\/2013\/12\/27\/309\/\"},\"wordCount\":1058,\"commentCount\":0,\"articleSection\":[\"Okategoriserad\"],\"inLanguage\":\"sv-SE\",\"potentialAction\":[{\"@type\":\"CommentAction\",\"name\":\"Comment\",\"target\":[\"https:\/\/blogg.svenskakyrkan.se\/bonander\/2013\/12\/27\/309\/#respond\"]}]},{\"@type\":\"WebPage\",\"@id\":\"https:\/\/blogg.svenskakyrkan.se\/bonander\/2013\/12\/27\/309\/\",\"url\":\"https:\/\/blogg.svenskakyrkan.se\/bonander\/2013\/12\/27\/309\/\",\"name\":\"Att v\u00e4lja planhalva, en annandagsbetraktelse - Johan Bonander\",\"isPartOf\":{\"@id\":\"https:\/\/blogg.svenskakyrkan.se\/bonander\/#website\"},\"datePublished\":\"2013-12-27T21:03:21+00:00\",\"dateModified\":\"2013-12-27T21:04:06+00:00\",\"author\":{\"@id\":\"https:\/\/blogg.svenskakyrkan.se\/bonander\/#\/schema\/person\/9581efec79b786a144018ffd0b759f67\"},\"breadcrumb\":{\"@id\":\"https:\/\/blogg.svenskakyrkan.se\/bonander\/2013\/12\/27\/309\/#breadcrumb\"},\"inLanguage\":\"sv-SE\",\"potentialAction\":[{\"@type\":\"ReadAction\",\"target\":[\"https:\/\/blogg.svenskakyrkan.se\/bonander\/2013\/12\/27\/309\/\"]}]},{\"@type\":\"BreadcrumbList\",\"@id\":\"https:\/\/blogg.svenskakyrkan.se\/bonander\/2013\/12\/27\/309\/#breadcrumb\",\"itemListElement\":[{\"@type\":\"ListItem\",\"position\":1,\"name\":\"Hem\",\"item\":\"https:\/\/blogg.svenskakyrkan.se\/bonander\/\"},{\"@type\":\"ListItem\",\"position\":2,\"name\":\"Att v\u00e4lja planhalva, en annandagsbetraktelse\"}]},{\"@type\":\"WebSite\",\"@id\":\"https:\/\/blogg.svenskakyrkan.se\/bonander\/#website\",\"url\":\"https:\/\/blogg.svenskakyrkan.se\/bonander\/\",\"name\":\"Johan Bonander\",\"description\":\"Predikningar &amp; betraktelser, framf\u00f6rda alternativt publicerade\",\"potentialAction\":[{\"@type\":\"SearchAction\",\"target\":{\"@type\":\"EntryPoint\",\"urlTemplate\":\"https:\/\/blogg.svenskakyrkan.se\/bonander\/?s={search_term_string}\"},\"query-input\":{\"@type\":\"PropertyValueSpecification\",\"valueRequired\":true,\"valueName\":\"search_term_string\"}}],\"inLanguage\":\"sv-SE\"},{\"@type\":\"Person\",\"@id\":\"https:\/\/blogg.svenskakyrkan.se\/bonander\/#\/schema\/person\/9581efec79b786a144018ffd0b759f67\",\"name\":\"Johan Bonander\",\"image\":{\"@type\":\"ImageObject\",\"inLanguage\":\"sv-SE\",\"@id\":\"https:\/\/blogg.svenskakyrkan.se\/bonander\/#\/schema\/person\/image\/\",\"url\":\"https:\/\/secure.gravatar.com\/avatar\/1f934271fde92d056502e55238a78cf5e0346d532a8a6000239e7122f1163a0a?s=96&d=mm&r=g\",\"contentUrl\":\"https:\/\/secure.gravatar.com\/avatar\/1f934271fde92d056502e55238a78cf5e0346d532a8a6000239e7122f1163a0a?s=96&d=mm&r=g\",\"caption\":\"Johan Bonander\"},\"description\":\"Kyrkoherde i Fryks\u00e4nde pastorat, kontraktsprost norra V\u00e4rmlands kontrakt, Karlstad stift\",\"sameAs\":[\"http:\/\/www.svenskakyrkan.se\/fryksande\"],\"url\":\"https:\/\/blogg.svenskakyrkan.se\/bonander\/author\/ostmarksprasten\/\"}]}<\/script>\n<!-- \/ Yoast SEO plugin. -->","yoast_head_json":{"title":"Att v\u00e4lja planhalva, en annandagsbetraktelse - Johan Bonander","robots":{"index":"index","follow":"follow","max-snippet":"max-snippet:-1","max-image-preview":"max-image-preview:large","max-video-preview":"max-video-preview:-1"},"canonical":"https:\/\/blogg.svenskakyrkan.se\/bonander\/2013\/12\/27\/309\/","og_locale":"sv_SE","og_type":"article","og_title":"Att v\u00e4lja planhalva, en annandagsbetraktelse - Johan Bonander","og_description":"Den h\u00e4r s\u00f6ndagen kallas f\u00f6r martyrernas dag. D\u00e4rf\u00f6r \u00e4r det r\u00f6tt i kyrkan \u2013 r\u00f6tt f\u00f6r lidande, umb\u00e4rande \u2013 och till och med d\u00f6d. Martyr \u2013att f\u00e5 lida f\u00f6r sin tro och \u00f6vertygelse. Altartavlan h\u00e4r bakom mig utg\u00f6r f\u00f6rst\u00e5s sj\u00e4lva sinnebilden f\u00f6r att framh\u00e4rda i ett budskap, en livsg\u00e4rning. Och senast nu ig\u00e5r s\u00e5 exploderade [&hellip;]","og_url":"https:\/\/blogg.svenskakyrkan.se\/bonander\/2013\/12\/27\/309\/","og_site_name":"Johan Bonander","article_published_time":"2013-12-27T21:03:21+00:00","article_modified_time":"2013-12-27T21:04:06+00:00","author":"Johan Bonander","twitter_card":"summary_large_image","twitter_misc":{"Skriven av":"Johan Bonander","Ber\u00e4knad l\u00e4stid":"5 minuter"},"schema":{"@context":"https:\/\/schema.org","@graph":[{"@type":"Article","@id":"https:\/\/blogg.svenskakyrkan.se\/bonander\/2013\/12\/27\/309\/#article","isPartOf":{"@id":"https:\/\/blogg.svenskakyrkan.se\/bonander\/2013\/12\/27\/309\/"},"author":{"name":"Johan Bonander","@id":"https:\/\/blogg.svenskakyrkan.se\/bonander\/#\/schema\/person\/9581efec79b786a144018ffd0b759f67"},"headline":"Att v\u00e4lja planhalva, en annandagsbetraktelse","datePublished":"2013-12-27T21:03:21+00:00","dateModified":"2013-12-27T21:04:06+00:00","mainEntityOfPage":{"@id":"https:\/\/blogg.svenskakyrkan.se\/bonander\/2013\/12\/27\/309\/"},"wordCount":1058,"commentCount":0,"articleSection":["Okategoriserad"],"inLanguage":"sv-SE","potentialAction":[{"@type":"CommentAction","name":"Comment","target":["https:\/\/blogg.svenskakyrkan.se\/bonander\/2013\/12\/27\/309\/#respond"]}]},{"@type":"WebPage","@id":"https:\/\/blogg.svenskakyrkan.se\/bonander\/2013\/12\/27\/309\/","url":"https:\/\/blogg.svenskakyrkan.se\/bonander\/2013\/12\/27\/309\/","name":"Att v\u00e4lja planhalva, en annandagsbetraktelse - Johan Bonander","isPartOf":{"@id":"https:\/\/blogg.svenskakyrkan.se\/bonander\/#website"},"datePublished":"2013-12-27T21:03:21+00:00","dateModified":"2013-12-27T21:04:06+00:00","author":{"@id":"https:\/\/blogg.svenskakyrkan.se\/bonander\/#\/schema\/person\/9581efec79b786a144018ffd0b759f67"},"breadcrumb":{"@id":"https:\/\/blogg.svenskakyrkan.se\/bonander\/2013\/12\/27\/309\/#breadcrumb"},"inLanguage":"sv-SE","potentialAction":[{"@type":"ReadAction","target":["https:\/\/blogg.svenskakyrkan.se\/bonander\/2013\/12\/27\/309\/"]}]},{"@type":"BreadcrumbList","@id":"https:\/\/blogg.svenskakyrkan.se\/bonander\/2013\/12\/27\/309\/#breadcrumb","itemListElement":[{"@type":"ListItem","position":1,"name":"Hem","item":"https:\/\/blogg.svenskakyrkan.se\/bonander\/"},{"@type":"ListItem","position":2,"name":"Att v\u00e4lja planhalva, en annandagsbetraktelse"}]},{"@type":"WebSite","@id":"https:\/\/blogg.svenskakyrkan.se\/bonander\/#website","url":"https:\/\/blogg.svenskakyrkan.se\/bonander\/","name":"Johan Bonander","description":"Predikningar &amp; betraktelser, framf\u00f6rda alternativt publicerade","potentialAction":[{"@type":"SearchAction","target":{"@type":"EntryPoint","urlTemplate":"https:\/\/blogg.svenskakyrkan.se\/bonander\/?s={search_term_string}"},"query-input":{"@type":"PropertyValueSpecification","valueRequired":true,"valueName":"search_term_string"}}],"inLanguage":"sv-SE"},{"@type":"Person","@id":"https:\/\/blogg.svenskakyrkan.se\/bonander\/#\/schema\/person\/9581efec79b786a144018ffd0b759f67","name":"Johan Bonander","image":{"@type":"ImageObject","inLanguage":"sv-SE","@id":"https:\/\/blogg.svenskakyrkan.se\/bonander\/#\/schema\/person\/image\/","url":"https:\/\/secure.gravatar.com\/avatar\/1f934271fde92d056502e55238a78cf5e0346d532a8a6000239e7122f1163a0a?s=96&d=mm&r=g","contentUrl":"https:\/\/secure.gravatar.com\/avatar\/1f934271fde92d056502e55238a78cf5e0346d532a8a6000239e7122f1163a0a?s=96&d=mm&r=g","caption":"Johan Bonander"},"description":"Kyrkoherde i Fryks\u00e4nde pastorat, kontraktsprost norra V\u00e4rmlands kontrakt, Karlstad stift","sameAs":["http:\/\/www.svenskakyrkan.se\/fryksande"],"url":"https:\/\/blogg.svenskakyrkan.se\/bonander\/author\/ostmarksprasten\/"}]}},"author_meta":{"ID":"42","user_nicename":"ostmarksprasten","user_url":"http:\/\/www.svenskakyrkan.se\/fryksande","user_registered":"2011-01-14 06:33:35","display_name":"Johan Bonander","first_name":"Johan","last_name":"Bonander","avatar":"https:\/\/secure.gravatar.com\/avatar\/1f934271fde92d056502e55238a78cf5e0346d532a8a6000239e7122f1163a0a?s=96&d=mm&r=g"},"featured_image":false,"bloginfo":{"name":"Johan Bonander","url":"https:\/\/blogg.svenskakyrkan.se\/bonander"},"_links":{"self":[{"href":"https:\/\/blogg.svenskakyrkan.se\/bonander\/wp-json\/wp\/v2\/posts\/309","targetHints":{"allow":["GET"]}}],"collection":[{"href":"https:\/\/blogg.svenskakyrkan.se\/bonander\/wp-json\/wp\/v2\/posts"}],"about":[{"href":"https:\/\/blogg.svenskakyrkan.se\/bonander\/wp-json\/wp\/v2\/types\/post"}],"author":[{"embeddable":true,"href":"https:\/\/blogg.svenskakyrkan.se\/bonander\/wp-json\/wp\/v2\/users\/42"}],"replies":[{"embeddable":true,"href":"https:\/\/blogg.svenskakyrkan.se\/bonander\/wp-json\/wp\/v2\/comments?post=309"}],"version-history":[{"count":2,"href":"https:\/\/blogg.svenskakyrkan.se\/bonander\/wp-json\/wp\/v2\/posts\/309\/revisions"}],"predecessor-version":[{"id":311,"href":"https:\/\/blogg.svenskakyrkan.se\/bonander\/wp-json\/wp\/v2\/posts\/309\/revisions\/311"}],"wp:attachment":[{"href":"https:\/\/blogg.svenskakyrkan.se\/bonander\/wp-json\/wp\/v2\/media?parent=309"}],"wp:term":[{"taxonomy":"category","embeddable":true,"href":"https:\/\/blogg.svenskakyrkan.se\/bonander\/wp-json\/wp\/v2\/categories?post=309"},{"taxonomy":"post_tag","embeddable":true,"href":"https:\/\/blogg.svenskakyrkan.se\/bonander\/wp-json\/wp\/v2\/tags?post=309"}],"curies":[{"name":"wp","href":"https:\/\/api.w.org\/{rel}","templated":true}]}}