{"id":497,"date":"2015-12-25T09:49:15","date_gmt":"2015-12-25T07:49:15","guid":{"rendered":"http:\/\/blogg.svenskakyrkan.se\/bonander\/?p=497"},"modified":"2016-01-15T07:57:46","modified_gmt":"2016-01-15T05:57:46","slug":"hoppet-ar-en-antidot-till-radslan","status":"publish","type":"post","link":"https:\/\/blogg.svenskakyrkan.se\/bonander\/2015\/12\/25\/hoppet-ar-en-antidot-till-radslan\/","title":{"rendered":"Hoppet \u00e4r en antidot till r\u00e4dslan"},"content":{"rendered":"<p>N\u00e4r min \u00e4ldsta dotter som idag snart \u00e4r 26 \u00e5r gammal bara var 6 \u00e5r gammal s\u00e5 skulle hon l\u00e4ra sig att flyga mellan Torsby och Stockholm. Jag hade flugit med henne n\u00e5gra g\u00e5nger och nu skulle hon \u00e5ka till mig sj\u00e4lv. Jag var s\u00e5 nerv\u00f6s, hon var i Torsby och jag i Stockholm och de pratade p\u00e5 radions nyheter om h\u00e4ftiga ov\u00e4der \u00f6ver Svealand. Hur skulle det g\u00e5. Planet skulle lyfta om n\u00e5gon timma. Jag ringde till slut upp flygplatsen i Torsby och fick prata med sj\u00e4lvaste piloten. Han lugnade mig och ber\u00e4ttade att om det kom ett \u00e5skv\u00e4der i v\u00e4gen s\u00e5 skulle de flyga \u00f6ver det \u2013 det var lugnt. Piloten hade koll. Jag var r\u00e4dd. Och visste inte att piloten kunde flyga \u00f6ver ov\u00e4dret. Gud har koll. Vi \u00e4r r\u00e4dda. Och vi har sv\u00e5rt att ta in att Gud har en plan, en v\u00e4g f\u00f6rbi m\u00f6rkret. Den v\u00e4gen heter Jesus. Jesus Kristus. Och det underverk som kom att ske i inkarnationen, livet, d\u00f6den och uppst\u00e5ndelsen. Vi kan inte ta in storheten i det som skett men h\u00e4ndelsen inneb\u00e4r att Boken \u00e4r skriven och slutet \u00e4r gott. Gud har en plan. Det finns en v\u00e4ndning \u2013 en forts\u00e4ttning \u2013 \u00e4nnu en ankomst i eller bortom v\u00e5r tid, en v\u00e4ndning. Detta hopp har vi nu att f\u00f6rs\u00f6ka leva i; ha f\u00f6r \u00f6gonen. Hoppet \u00e4r en antidot till r\u00e4dslan, hoppet f\u00e5r v\u00e5ra axlar att sjunka ner, vi v\u00e5gar se v\u00e5r n\u00e4sta i \u00f6gonen, vi vill ta reda p\u00e5 sammanhangen och s\u00f6ka v\u00e4rdiga v\u00e4gar fram\u00e5t. Jesus visar v\u00e4gen i sitt liv. Herrem\u00e4nnen f\u00f6rs\u00f6ker s\u00e4tta honom p\u00e5 plats. Sprida sin lagiskhet och han \u00f6verlistar dem med ett leende, <em>var fredliga som duvor men listiga som ormar. <\/em>Att v\u00e4nda andra kinden till genererade den som slog, likas\u00e5 att g\u00e5 den extra milen \u2013 Jesus l\u00e4r oss med sin undervisning ; ja en slags sj\u00e4lens aikido. Aikido bygger p\u00e5 jujutsuns principer och tanken \u00e4r att aldrig konfrontera energi. Man str\u00e4var efter att aldrig m\u00f6ta kraft med kraft, utan att l\u00e4gga sin kraft till den andres och d\u00e4rigenom reda upp situationen. Det var s\u00e5 Jesus tog andan ur faris\u00e9erna som ville s\u00e4tta honom p\u00e5 prov; <em>n\u00e5 ska vi stena kvinnan, ska vi betala kejsaren skatt eller inte?<\/em> Det svart vita, polemiska, fyrkantiga bem\u00f6ter Jesus p\u00e5 ett nytt vis och det lagiska ger vika. G\u00e5 s\u00e4ger han till kvinnan, g\u00e5 och synda inte mer, inte heller jag d\u00f6mer dig. Och som alltid i m\u00f6tet med den enkla m\u00e4nniskan kan vi konstatera att <em>N\u00e5d g\u00e5r f\u00f6re r\u00e4tt.<\/em> Men hur var det i m\u00f6tet med f\u00f6r\u00f6varna, de med de vassa armb\u00e5garna, de som tog f\u00f6r sig \u2013 g\u00e5r n\u00e5d d\u00e4r alltid f\u00f6re r\u00e4tt? D\u00e4r \u00e4r bibeln inte lika entydig. Det \u00e4r problematiskt att inta en fariseisk h\u00e5llning gentemot sin n\u00e4sta, f\u00f6r vad s\u00e4ger Jesus, jo <em>\u201dVe er, skriftl\u00e4rda och faris\u00e9er, ni hycklare! Ni liknar vitkalkade gravar. Utanp\u00e5 ser de vackra ut, men inuti \u00e4r de fulla av de d\u00f6das ben och allt slags orenhet.\u201d <\/em>Och s\u00e5 rider han d\u00e5 in i Jerusalem och man l\u00e4gger palmblad framf\u00f6r honom och h\u00f6jer honom till skyarna; nu kommer v\u00e4ndningen, nu kommer r\u00e4ddningen, nu ska allt ske. Vi har sett det f\u00f6rut, hur man projicerar allt sitt hopp p\u00e5 en m\u00e4nniska eller situation och sen n\u00e4r sammanhanget inte h\u00f6ll hur idealiseringens elfenbenstorn s\u00e5 f\u00f6rbyts till f\u00f6rakt och h\u00e5rda ord. Vi sitter och kurar och ber att de ansvariga ska best\u00e4mma; sen n\u00e4r v\u00e4l besluten fattas f\u00f6rd\u00f6mer vi s\u00e5v\u00e4l besluten som ledarna, nja det var inte s\u00e5 vi menade, kanske\u2026 I Jesu fall vet vi att det ska inte g\u00e5 l\u00e5ng tid mellan int\u00e5get i Jerusalem till den ultimata f\u00f6rnedringen p\u00e5 korset. Och Jesus ser dig och mig i \u00f6gonen s\u00e5v\u00e4l d\u00e4r p\u00e5 v\u00e4gen d\u00e4r dammet yr och alla ropar s\u00e5 glatt och hoppet stiger som ett rus som d\u00e4r, d\u00e5 ingen vill vara i n\u00e4rheten, d\u00e5 allt tystnar, p\u00e5 Golgata. Men Gud har koll. Vi har sv\u00e5rt att ta in det men Gud har en plan, en v\u00e4g f\u00f6rbi m\u00f6rkret. Tre dagar senare \u00e4r allt f\u00f6rbytt och vad det undret innebar kan ingen m\u00e4nniska f\u00f6rst\u00e5 men fr\u00e5n den stunden \u00e4r boken skriven, och den slutar bra. Piloten flyger s\u00e5 att s\u00e4ga \u00f6ver det m\u00f6rka. Det \u00e4r i det hoppet, det l\u00f6ftet vi nu har att leva. Det \u00e4r i det l\u00f6ftet, vi har att andas och vara till. Det \u00e4r i den v\u00e4ntan vi har att leva. Det \u00e4r i denna ankomst vi har att finnas till \u2013 med olja till v\u00e5ra lyktor och l\u00f6ftet att vara medbjudna. Uppdraget h\u00e4r och nu? Att st\u00e5 emot f\u00f6renklingarna, att st\u00e5 emot det svart vita, att sovra och s\u00f6ka sanningen, att inte n\u00f6ja oss med allt som s\u00e4gs utan g\u00e5 till botten med utsagorna och \u00f6verallt, alltid s\u00f6ka sanningen \u2013 inget annat ska g\u00f6ra oss fria. Sanningen som Jesus f\u00f6rkroppsligade, och som med ett leende, ett sj\u00e4lens jujutsu f\u00f6revisade oss \u00e4r en m\u00f6jlig livsh\u00e5llning. Och i den h\u00f6r inte f\u00f6renklingarna hemma, inte heller de vassa armb\u00e5garna \u2013 att manifestera Himmelriket p\u00e5 Jorden \u00e4r n\u00e5gonting helt annat och det kommer inifr\u00e5n, i en h\u00e5llning som kommer av Gud. Och de som har den h\u00e5llningen vet vi vilka de \u00e4r f\u00f6r de lever som de l\u00e4r. Och de som inte har den de vet vi ocks\u00e5 vilka de \u00e4r \u2013 de \u00e4r v\u00e5r tids skriftl\u00e4rda och faris\u00e9er \u2013 de lever d\u00e5 sannerligen inte som de l\u00e4r.<\/p>\n","protected":false},"excerpt":{"rendered":"<p>N\u00e4r min \u00e4ldsta dotter som idag snart \u00e4r 26 \u00e5r gammal bara var 6 \u00e5r gammal s\u00e5 skulle hon l\u00e4ra sig att flyga mellan Torsby och Stockholm. Jag hade flugit med henne n\u00e5gra g\u00e5nger och nu skulle hon \u00e5ka till mig sj\u00e4lv. Jag var s\u00e5 nerv\u00f6s, hon var i Torsby och jag i Stockholm och [&hellip;]<\/p>\n","protected":false},"author":42,"featured_media":0,"comment_status":"open","ping_status":"open","sticky":false,"template":"","format":"standard","meta":{"_acf_changed":false,"footnotes":""},"categories":[1],"tags":[],"class_list":["post-497","post","type-post","status-publish","format-standard","hentry","category-okategoriserad"],"acf":[],"yoast_head":"<!-- This site is optimized with the Yoast SEO plugin v27.1.1 - https:\/\/yoast.com\/product\/yoast-seo-wordpress\/ -->\n<title>Hoppet \u00e4r en antidot till r\u00e4dslan - Johan Bonander<\/title>\n<meta name=\"robots\" content=\"index, follow, max-snippet:-1, max-image-preview:large, max-video-preview:-1\" \/>\n<link rel=\"canonical\" href=\"https:\/\/blogg.svenskakyrkan.se\/bonander\/2015\/12\/25\/hoppet-ar-en-antidot-till-radslan\/\" \/>\n<meta property=\"og:locale\" content=\"sv_SE\" \/>\n<meta property=\"og:type\" content=\"article\" \/>\n<meta property=\"og:title\" content=\"Hoppet \u00e4r en antidot till r\u00e4dslan - Johan Bonander\" \/>\n<meta property=\"og:description\" content=\"N\u00e4r min \u00e4ldsta dotter som idag snart \u00e4r 26 \u00e5r gammal bara var 6 \u00e5r gammal s\u00e5 skulle hon l\u00e4ra sig att flyga mellan Torsby och Stockholm. Jag hade flugit med henne n\u00e5gra g\u00e5nger och nu skulle hon \u00e5ka till mig sj\u00e4lv. Jag var s\u00e5 nerv\u00f6s, hon var i Torsby och jag i Stockholm och [&hellip;]\" \/>\n<meta property=\"og:url\" content=\"https:\/\/blogg.svenskakyrkan.se\/bonander\/2015\/12\/25\/hoppet-ar-en-antidot-till-radslan\/\" \/>\n<meta property=\"og:site_name\" content=\"Johan Bonander\" \/>\n<meta property=\"article:published_time\" content=\"2015-12-25T07:49:15+00:00\" \/>\n<meta property=\"article:modified_time\" content=\"2016-01-15T05:57:46+00:00\" \/>\n<meta name=\"author\" content=\"Johan Bonander\" \/>\n<meta name=\"twitter:card\" content=\"summary_large_image\" \/>\n<meta name=\"twitter:label1\" content=\"Skriven av\" \/>\n\t<meta name=\"twitter:data1\" content=\"Johan Bonander\" \/>\n\t<meta name=\"twitter:label2\" content=\"Ber\u00e4knad l\u00e4stid\" \/>\n\t<meta name=\"twitter:data2\" content=\"5 minuter\" \/>\n<script type=\"application\/ld+json\" class=\"yoast-schema-graph\">{\"@context\":\"https:\/\/schema.org\",\"@graph\":[{\"@type\":\"Article\",\"@id\":\"https:\/\/blogg.svenskakyrkan.se\/bonander\/2015\/12\/25\/hoppet-ar-en-antidot-till-radslan\/#article\",\"isPartOf\":{\"@id\":\"https:\/\/blogg.svenskakyrkan.se\/bonander\/2015\/12\/25\/hoppet-ar-en-antidot-till-radslan\/\"},\"author\":{\"name\":\"Johan Bonander\",\"@id\":\"https:\/\/blogg.svenskakyrkan.se\/bonander\/#\/schema\/person\/9581efec79b786a144018ffd0b759f67\"},\"headline\":\"Hoppet \u00e4r en antidot till r\u00e4dslan\",\"datePublished\":\"2015-12-25T07:49:15+00:00\",\"dateModified\":\"2016-01-15T05:57:46+00:00\",\"mainEntityOfPage\":{\"@id\":\"https:\/\/blogg.svenskakyrkan.se\/bonander\/2015\/12\/25\/hoppet-ar-en-antidot-till-radslan\/\"},\"wordCount\":1045,\"commentCount\":0,\"articleSection\":[\"Okategoriserad\"],\"inLanguage\":\"sv-SE\",\"potentialAction\":[{\"@type\":\"CommentAction\",\"name\":\"Comment\",\"target\":[\"https:\/\/blogg.svenskakyrkan.se\/bonander\/2015\/12\/25\/hoppet-ar-en-antidot-till-radslan\/#respond\"]}]},{\"@type\":\"WebPage\",\"@id\":\"https:\/\/blogg.svenskakyrkan.se\/bonander\/2015\/12\/25\/hoppet-ar-en-antidot-till-radslan\/\",\"url\":\"https:\/\/blogg.svenskakyrkan.se\/bonander\/2015\/12\/25\/hoppet-ar-en-antidot-till-radslan\/\",\"name\":\"Hoppet \u00e4r en antidot till r\u00e4dslan - Johan Bonander\",\"isPartOf\":{\"@id\":\"https:\/\/blogg.svenskakyrkan.se\/bonander\/#website\"},\"datePublished\":\"2015-12-25T07:49:15+00:00\",\"dateModified\":\"2016-01-15T05:57:46+00:00\",\"author\":{\"@id\":\"https:\/\/blogg.svenskakyrkan.se\/bonander\/#\/schema\/person\/9581efec79b786a144018ffd0b759f67\"},\"breadcrumb\":{\"@id\":\"https:\/\/blogg.svenskakyrkan.se\/bonander\/2015\/12\/25\/hoppet-ar-en-antidot-till-radslan\/#breadcrumb\"},\"inLanguage\":\"sv-SE\",\"potentialAction\":[{\"@type\":\"ReadAction\",\"target\":[\"https:\/\/blogg.svenskakyrkan.se\/bonander\/2015\/12\/25\/hoppet-ar-en-antidot-till-radslan\/\"]}]},{\"@type\":\"BreadcrumbList\",\"@id\":\"https:\/\/blogg.svenskakyrkan.se\/bonander\/2015\/12\/25\/hoppet-ar-en-antidot-till-radslan\/#breadcrumb\",\"itemListElement\":[{\"@type\":\"ListItem\",\"position\":1,\"name\":\"Hem\",\"item\":\"https:\/\/blogg.svenskakyrkan.se\/bonander\/\"},{\"@type\":\"ListItem\",\"position\":2,\"name\":\"Hoppet \u00e4r en antidot till r\u00e4dslan\"}]},{\"@type\":\"WebSite\",\"@id\":\"https:\/\/blogg.svenskakyrkan.se\/bonander\/#website\",\"url\":\"https:\/\/blogg.svenskakyrkan.se\/bonander\/\",\"name\":\"Johan Bonander\",\"description\":\"Predikningar &amp; betraktelser, framf\u00f6rda alternativt publicerade\",\"potentialAction\":[{\"@type\":\"SearchAction\",\"target\":{\"@type\":\"EntryPoint\",\"urlTemplate\":\"https:\/\/blogg.svenskakyrkan.se\/bonander\/?s={search_term_string}\"},\"query-input\":{\"@type\":\"PropertyValueSpecification\",\"valueRequired\":true,\"valueName\":\"search_term_string\"}}],\"inLanguage\":\"sv-SE\"},{\"@type\":\"Person\",\"@id\":\"https:\/\/blogg.svenskakyrkan.se\/bonander\/#\/schema\/person\/9581efec79b786a144018ffd0b759f67\",\"name\":\"Johan Bonander\",\"image\":{\"@type\":\"ImageObject\",\"inLanguage\":\"sv-SE\",\"@id\":\"https:\/\/blogg.svenskakyrkan.se\/bonander\/#\/schema\/person\/image\/\",\"url\":\"https:\/\/secure.gravatar.com\/avatar\/1f934271fde92d056502e55238a78cf5e0346d532a8a6000239e7122f1163a0a?s=96&d=mm&r=g\",\"contentUrl\":\"https:\/\/secure.gravatar.com\/avatar\/1f934271fde92d056502e55238a78cf5e0346d532a8a6000239e7122f1163a0a?s=96&d=mm&r=g\",\"caption\":\"Johan Bonander\"},\"description\":\"Kyrkoherde i Fryks\u00e4nde pastorat, kontraktsprost norra V\u00e4rmlands kontrakt, Karlstad stift\",\"sameAs\":[\"http:\/\/www.svenskakyrkan.se\/fryksande\"],\"url\":\"https:\/\/blogg.svenskakyrkan.se\/bonander\/author\/ostmarksprasten\/\"}]}<\/script>\n<!-- \/ Yoast SEO plugin. -->","yoast_head_json":{"title":"Hoppet \u00e4r en antidot till r\u00e4dslan - Johan Bonander","robots":{"index":"index","follow":"follow","max-snippet":"max-snippet:-1","max-image-preview":"max-image-preview:large","max-video-preview":"max-video-preview:-1"},"canonical":"https:\/\/blogg.svenskakyrkan.se\/bonander\/2015\/12\/25\/hoppet-ar-en-antidot-till-radslan\/","og_locale":"sv_SE","og_type":"article","og_title":"Hoppet \u00e4r en antidot till r\u00e4dslan - Johan Bonander","og_description":"N\u00e4r min \u00e4ldsta dotter som idag snart \u00e4r 26 \u00e5r gammal bara var 6 \u00e5r gammal s\u00e5 skulle hon l\u00e4ra sig att flyga mellan Torsby och Stockholm. Jag hade flugit med henne n\u00e5gra g\u00e5nger och nu skulle hon \u00e5ka till mig sj\u00e4lv. Jag var s\u00e5 nerv\u00f6s, hon var i Torsby och jag i Stockholm och [&hellip;]","og_url":"https:\/\/blogg.svenskakyrkan.se\/bonander\/2015\/12\/25\/hoppet-ar-en-antidot-till-radslan\/","og_site_name":"Johan Bonander","article_published_time":"2015-12-25T07:49:15+00:00","article_modified_time":"2016-01-15T05:57:46+00:00","author":"Johan Bonander","twitter_card":"summary_large_image","twitter_misc":{"Skriven av":"Johan Bonander","Ber\u00e4knad l\u00e4stid":"5 minuter"},"schema":{"@context":"https:\/\/schema.org","@graph":[{"@type":"Article","@id":"https:\/\/blogg.svenskakyrkan.se\/bonander\/2015\/12\/25\/hoppet-ar-en-antidot-till-radslan\/#article","isPartOf":{"@id":"https:\/\/blogg.svenskakyrkan.se\/bonander\/2015\/12\/25\/hoppet-ar-en-antidot-till-radslan\/"},"author":{"name":"Johan Bonander","@id":"https:\/\/blogg.svenskakyrkan.se\/bonander\/#\/schema\/person\/9581efec79b786a144018ffd0b759f67"},"headline":"Hoppet \u00e4r en antidot till r\u00e4dslan","datePublished":"2015-12-25T07:49:15+00:00","dateModified":"2016-01-15T05:57:46+00:00","mainEntityOfPage":{"@id":"https:\/\/blogg.svenskakyrkan.se\/bonander\/2015\/12\/25\/hoppet-ar-en-antidot-till-radslan\/"},"wordCount":1045,"commentCount":0,"articleSection":["Okategoriserad"],"inLanguage":"sv-SE","potentialAction":[{"@type":"CommentAction","name":"Comment","target":["https:\/\/blogg.svenskakyrkan.se\/bonander\/2015\/12\/25\/hoppet-ar-en-antidot-till-radslan\/#respond"]}]},{"@type":"WebPage","@id":"https:\/\/blogg.svenskakyrkan.se\/bonander\/2015\/12\/25\/hoppet-ar-en-antidot-till-radslan\/","url":"https:\/\/blogg.svenskakyrkan.se\/bonander\/2015\/12\/25\/hoppet-ar-en-antidot-till-radslan\/","name":"Hoppet \u00e4r en antidot till r\u00e4dslan - Johan Bonander","isPartOf":{"@id":"https:\/\/blogg.svenskakyrkan.se\/bonander\/#website"},"datePublished":"2015-12-25T07:49:15+00:00","dateModified":"2016-01-15T05:57:46+00:00","author":{"@id":"https:\/\/blogg.svenskakyrkan.se\/bonander\/#\/schema\/person\/9581efec79b786a144018ffd0b759f67"},"breadcrumb":{"@id":"https:\/\/blogg.svenskakyrkan.se\/bonander\/2015\/12\/25\/hoppet-ar-en-antidot-till-radslan\/#breadcrumb"},"inLanguage":"sv-SE","potentialAction":[{"@type":"ReadAction","target":["https:\/\/blogg.svenskakyrkan.se\/bonander\/2015\/12\/25\/hoppet-ar-en-antidot-till-radslan\/"]}]},{"@type":"BreadcrumbList","@id":"https:\/\/blogg.svenskakyrkan.se\/bonander\/2015\/12\/25\/hoppet-ar-en-antidot-till-radslan\/#breadcrumb","itemListElement":[{"@type":"ListItem","position":1,"name":"Hem","item":"https:\/\/blogg.svenskakyrkan.se\/bonander\/"},{"@type":"ListItem","position":2,"name":"Hoppet \u00e4r en antidot till r\u00e4dslan"}]},{"@type":"WebSite","@id":"https:\/\/blogg.svenskakyrkan.se\/bonander\/#website","url":"https:\/\/blogg.svenskakyrkan.se\/bonander\/","name":"Johan Bonander","description":"Predikningar &amp; betraktelser, framf\u00f6rda alternativt publicerade","potentialAction":[{"@type":"SearchAction","target":{"@type":"EntryPoint","urlTemplate":"https:\/\/blogg.svenskakyrkan.se\/bonander\/?s={search_term_string}"},"query-input":{"@type":"PropertyValueSpecification","valueRequired":true,"valueName":"search_term_string"}}],"inLanguage":"sv-SE"},{"@type":"Person","@id":"https:\/\/blogg.svenskakyrkan.se\/bonander\/#\/schema\/person\/9581efec79b786a144018ffd0b759f67","name":"Johan Bonander","image":{"@type":"ImageObject","inLanguage":"sv-SE","@id":"https:\/\/blogg.svenskakyrkan.se\/bonander\/#\/schema\/person\/image\/","url":"https:\/\/secure.gravatar.com\/avatar\/1f934271fde92d056502e55238a78cf5e0346d532a8a6000239e7122f1163a0a?s=96&d=mm&r=g","contentUrl":"https:\/\/secure.gravatar.com\/avatar\/1f934271fde92d056502e55238a78cf5e0346d532a8a6000239e7122f1163a0a?s=96&d=mm&r=g","caption":"Johan Bonander"},"description":"Kyrkoherde i Fryks\u00e4nde pastorat, kontraktsprost norra V\u00e4rmlands kontrakt, Karlstad stift","sameAs":["http:\/\/www.svenskakyrkan.se\/fryksande"],"url":"https:\/\/blogg.svenskakyrkan.se\/bonander\/author\/ostmarksprasten\/"}]}},"author_meta":{"ID":"42","user_nicename":"ostmarksprasten","user_url":"http:\/\/www.svenskakyrkan.se\/fryksande","user_registered":"2011-01-14 06:33:35","display_name":"Johan Bonander","first_name":"Johan","last_name":"Bonander","avatar":"https:\/\/secure.gravatar.com\/avatar\/1f934271fde92d056502e55238a78cf5e0346d532a8a6000239e7122f1163a0a?s=96&d=mm&r=g"},"featured_image":false,"bloginfo":{"name":"Johan Bonander","url":"https:\/\/blogg.svenskakyrkan.se\/bonander"},"_links":{"self":[{"href":"https:\/\/blogg.svenskakyrkan.se\/bonander\/wp-json\/wp\/v2\/posts\/497","targetHints":{"allow":["GET"]}}],"collection":[{"href":"https:\/\/blogg.svenskakyrkan.se\/bonander\/wp-json\/wp\/v2\/posts"}],"about":[{"href":"https:\/\/blogg.svenskakyrkan.se\/bonander\/wp-json\/wp\/v2\/types\/post"}],"author":[{"embeddable":true,"href":"https:\/\/blogg.svenskakyrkan.se\/bonander\/wp-json\/wp\/v2\/users\/42"}],"replies":[{"embeddable":true,"href":"https:\/\/blogg.svenskakyrkan.se\/bonander\/wp-json\/wp\/v2\/comments?post=497"}],"version-history":[{"count":3,"href":"https:\/\/blogg.svenskakyrkan.se\/bonander\/wp-json\/wp\/v2\/posts\/497\/revisions"}],"predecessor-version":[{"id":525,"href":"https:\/\/blogg.svenskakyrkan.se\/bonander\/wp-json\/wp\/v2\/posts\/497\/revisions\/525"}],"wp:attachment":[{"href":"https:\/\/blogg.svenskakyrkan.se\/bonander\/wp-json\/wp\/v2\/media?parent=497"}],"wp:term":[{"taxonomy":"category","embeddable":true,"href":"https:\/\/blogg.svenskakyrkan.se\/bonander\/wp-json\/wp\/v2\/categories?post=497"},{"taxonomy":"post_tag","embeddable":true,"href":"https:\/\/blogg.svenskakyrkan.se\/bonander\/wp-json\/wp\/v2\/tags?post=497"}],"curies":[{"name":"wp","href":"https:\/\/api.w.org\/{rel}","templated":true}]}}