{"id":547,"date":"2016-02-21T23:08:55","date_gmt":"2016-02-21T21:08:55","guid":{"rendered":"http:\/\/blogg.svenskakyrkan.se\/bonander\/?p=547"},"modified":"2016-02-21T23:09:23","modified_gmt":"2016-02-21T21:09:23","slug":"valjer-vi-se-pa-var-nasta-som-medspelare","status":"publish","type":"post","link":"https:\/\/blogg.svenskakyrkan.se\/bonander\/2016\/02\/21\/valjer-vi-se-pa-var-nasta-som-medspelare\/","title":{"rendered":"v\u00e4ljer vi se p\u00e5 v\u00e5r n\u00e4sta som medspelare"},"content":{"rendered":"<p>Hinnan mellan d\u00f6d och liv \u00e4r flytande, d\u00e5, nu och framtid \u2013 ja evighetens m\u00e5ngdimensionella nu kontra Jordens linj\u00e4ra f\u00f6rest\u00e4llningsv\u00e4rld och nu. Och h\u00e4r st\u00e5r vi m\u00e4nniskor i br\u00e4nnpunkten mellan och mitt i de olika paradigmerna. Vem vi definierar oss som, vart vi \u00e4r p\u00e5 v\u00e4g och var vi kommer ifr\u00e5n beror i mycket p\u00e5 hur vi tolkar dessa olika m\u00f6jligheter. Om vi till \u00e4ventyrs skulle n\u00f6ja oss med skolb\u00f6ckerna, TV:s Aktuellt och Rapport, d\u00e5 riskerar tillvaron bli liten som fyrkantig som syrefattig. Medan \u00f6ppnar vi p\u00e5 f\u00f6nstret in mot evigheten och de dimensioner v\u00e5r Herre vill att vi ska drista oss in i, svinga oss in i \u2013 <em>ja sannerligen s\u00e4ger Jesus vore er tro stor som ett senapskorn skulle ni s\u00e4ga till berget d\u00e4r borta att kasta sig i havet och det skulle kasta sig i havet <\/em>&#8211; ja d\u00e5 har vi gett oss ut i det ok\u00e4nda d\u00e4r endast sanningen och ingenting annat \u00e4n sanningen kan g\u00f6ra oss fria.\u00a0 Elia visar oss p\u00e5 vikten att f\u00f6lja v\u00e5r inre \u00f6vertygelse, den Gudsr\u00f6st som bitvis g\u00e5r emot allt och som kan f\u00f6ra oss ut i situationer och m\u00f6ten och livsh\u00e4ndelser som jag kanske inte \u00f6nskat eller hoppats. Men att oavsett var vi hamnar v\u00e5ga f\u00f6lja denna inre r\u00f6st; detta Guds\u00a0 tilltal som kommer inte alltid med bravur, pompa och st\u00e5t utan som f\u00f6r Elia, i en stilla susning. Man k\u00e4nner dess helighet. \u00a0 \u00a0 \u00a0 \u00a0 \u00a0 \u00a0 \u00a0 \u00a0 \u00a0 \u00a0 \u00a0 \u00a0 \u00a0 \u00a0 \u00a0 \u00a0 \u00a0 \u00a0 \u00a0 \u00a0 \u00a0 \u00a0 \u00a0 \u00a0 \u00a0 \u00a0 \u00a0 \u00a0 \u00a0 \u00a0 \u00a0 \u00a0 \u00a0 \u00a0 \u00a0 \u00a0 \u00a0 \u00a0 \u00a0 \u00a0 \u00a0 \u00a0 <strong>I<\/strong>nte s\u00e4llan st\u00e4lls vi i situationer som tycks oss \u00f6verm\u00e4ktiga. Ett av de b\u00e4rande elementen i att tro \u00e4r att vi d\u00e5 &#8211; i pr\u00f6vningen &#8211; ofta f\u00e5r erfara en n\u00e4rvaro av Gud och att vi d\u00e5 erfar att Gud s\u00f6ker att v\u00e4gleda och skydda oss. Hoppet som en motkraft mot hoppl\u00f6sheten. <strong>G<\/strong>alenskaparna och After Shavee \u00e4r s\u00e5 folk\u00e4ra och det \u00e4r inte konstigt f\u00f6r hur duktiga \u00e4r de inte? F\u00f6r min del sticker f\u00f6rest\u00e4llningen Stinsen brinner ut s\u00e4rskilt. Inte minst filmatiseringen av Stinsen brinner, ja den spritter av liv och en ob\u00e4ndig skaparkraft, det g\u00e5r liksom att <em>ta p\u00e5<\/em> hur roligt de har. Och har nu de som framst\u00e4ller ett stycke sj\u00e4lva roligt ja d\u00e5 f\u00e5r vi som tar del av det i regel det ocks\u00e5 roligt. En replik ur Stinsen brinner \u00e4r n\u00e4r Axels kollega S\u00f6ren pl\u00f6tsligt inser det stinsen Axel vet om sedan en tid men gjort allt att f\u00f6rtr\u00e4nga \u2013 att t\u00e5gstationen ska l\u00e4ggas ned, eller rentav redan \u00e4r nedlagd. S\u00f6ren utbrister: \u201d\u00c4r stationen nedlagd?\u201d medans Axel trotsigt svarar: \u201dS\u00f6ren, l\u00e5t hoppets l\u00e5ga brinna!\u201d. Ibland t\u00e4nker jag att det \u00e4r just detta som \u00e4r v\u00e5r utmaning i den tid vi lever i nu \u2013 att l\u00e5ta hoppets l\u00e5ga brinna. V\u00e5rdar vi; l\u00e5ter vi med Axels trotsiga hoppets l\u00e5ga brinna? Vi \u00e4r alla Guds avbild och b\u00e4r s\u00e5ledes enorma m\u00f6jligheter i oss \u2013 vi ska inte f\u00f6rminska dem. Vi kan v\u00e4lja v\u00e4rdigheten. Och v\u00e4ljer vi v\u00e4rdigheten, v\u00e4ljer vi hoppet, v\u00e4ljer vi \u00f6ppenheten v\u00e4ljer vi att att se p\u00e5 v\u00e5r n\u00e4sta som medspelare och inte som motspelare. Det \u00e4r stort och b\u00e4r in i framtiden.<\/p>\n","protected":false},"excerpt":{"rendered":"<p>Hinnan mellan d\u00f6d och liv \u00e4r flytande, d\u00e5, nu och framtid \u2013 ja evighetens m\u00e5ngdimensionella nu kontra Jordens linj\u00e4ra f\u00f6rest\u00e4llningsv\u00e4rld och nu. Och h\u00e4r st\u00e5r vi m\u00e4nniskor i br\u00e4nnpunkten mellan och mitt i de olika paradigmerna. Vem vi definierar oss som, vart vi \u00e4r p\u00e5 v\u00e4g och var vi kommer ifr\u00e5n beror i mycket p\u00e5 [&hellip;]<\/p>\n","protected":false},"author":42,"featured_media":0,"comment_status":"open","ping_status":"open","sticky":false,"template":"","format":"standard","meta":{"_acf_changed":false,"footnotes":""},"categories":[1],"tags":[],"class_list":["post-547","post","type-post","status-publish","format-standard","hentry","category-okategoriserad"],"acf":[],"yoast_head":"<!-- This site is optimized with the Yoast SEO plugin v27.1.1 - https:\/\/yoast.com\/product\/yoast-seo-wordpress\/ -->\n<title>v\u00e4ljer vi se p\u00e5 v\u00e5r n\u00e4sta som medspelare - Johan Bonander<\/title>\n<meta name=\"robots\" content=\"index, follow, max-snippet:-1, max-image-preview:large, max-video-preview:-1\" \/>\n<link rel=\"canonical\" href=\"https:\/\/blogg.svenskakyrkan.se\/bonander\/2016\/02\/21\/valjer-vi-se-pa-var-nasta-som-medspelare\/\" \/>\n<meta property=\"og:locale\" content=\"sv_SE\" \/>\n<meta property=\"og:type\" content=\"article\" \/>\n<meta property=\"og:title\" content=\"v\u00e4ljer vi se p\u00e5 v\u00e5r n\u00e4sta som medspelare - Johan Bonander\" \/>\n<meta property=\"og:description\" content=\"Hinnan mellan d\u00f6d och liv \u00e4r flytande, d\u00e5, nu och framtid \u2013 ja evighetens m\u00e5ngdimensionella nu kontra Jordens linj\u00e4ra f\u00f6rest\u00e4llningsv\u00e4rld och nu. Och h\u00e4r st\u00e5r vi m\u00e4nniskor i br\u00e4nnpunkten mellan och mitt i de olika paradigmerna. Vem vi definierar oss som, vart vi \u00e4r p\u00e5 v\u00e4g och var vi kommer ifr\u00e5n beror i mycket p\u00e5 [&hellip;]\" \/>\n<meta property=\"og:url\" content=\"https:\/\/blogg.svenskakyrkan.se\/bonander\/2016\/02\/21\/valjer-vi-se-pa-var-nasta-som-medspelare\/\" \/>\n<meta property=\"og:site_name\" content=\"Johan Bonander\" \/>\n<meta property=\"article:published_time\" content=\"2016-02-21T21:08:55+00:00\" \/>\n<meta property=\"article:modified_time\" content=\"2016-02-21T21:09:23+00:00\" \/>\n<meta name=\"author\" content=\"Johan Bonander\" \/>\n<meta name=\"twitter:card\" content=\"summary_large_image\" \/>\n<meta name=\"twitter:label1\" content=\"Skriven av\" \/>\n\t<meta name=\"twitter:data1\" content=\"Johan Bonander\" \/>\n\t<meta name=\"twitter:label2\" content=\"Ber\u00e4knad l\u00e4stid\" \/>\n\t<meta name=\"twitter:data2\" content=\"3 minuter\" \/>\n<script type=\"application\/ld+json\" class=\"yoast-schema-graph\">{\"@context\":\"https:\/\/schema.org\",\"@graph\":[{\"@type\":\"Article\",\"@id\":\"https:\/\/blogg.svenskakyrkan.se\/bonander\/2016\/02\/21\/valjer-vi-se-pa-var-nasta-som-medspelare\/#article\",\"isPartOf\":{\"@id\":\"https:\/\/blogg.svenskakyrkan.se\/bonander\/2016\/02\/21\/valjer-vi-se-pa-var-nasta-som-medspelare\/\"},\"author\":{\"name\":\"Johan Bonander\",\"@id\":\"https:\/\/blogg.svenskakyrkan.se\/bonander\/#\/schema\/person\/9581efec79b786a144018ffd0b759f67\"},\"headline\":\"v\u00e4ljer vi se p\u00e5 v\u00e5r n\u00e4sta som medspelare\",\"datePublished\":\"2016-02-21T21:08:55+00:00\",\"dateModified\":\"2016-02-21T21:09:23+00:00\",\"mainEntityOfPage\":{\"@id\":\"https:\/\/blogg.svenskakyrkan.se\/bonander\/2016\/02\/21\/valjer-vi-se-pa-var-nasta-som-medspelare\/\"},\"wordCount\":596,\"commentCount\":0,\"articleSection\":[\"Okategoriserad\"],\"inLanguage\":\"sv-SE\",\"potentialAction\":[{\"@type\":\"CommentAction\",\"name\":\"Comment\",\"target\":[\"https:\/\/blogg.svenskakyrkan.se\/bonander\/2016\/02\/21\/valjer-vi-se-pa-var-nasta-som-medspelare\/#respond\"]}]},{\"@type\":\"WebPage\",\"@id\":\"https:\/\/blogg.svenskakyrkan.se\/bonander\/2016\/02\/21\/valjer-vi-se-pa-var-nasta-som-medspelare\/\",\"url\":\"https:\/\/blogg.svenskakyrkan.se\/bonander\/2016\/02\/21\/valjer-vi-se-pa-var-nasta-som-medspelare\/\",\"name\":\"v\u00e4ljer vi se p\u00e5 v\u00e5r n\u00e4sta som medspelare - Johan Bonander\",\"isPartOf\":{\"@id\":\"https:\/\/blogg.svenskakyrkan.se\/bonander\/#website\"},\"datePublished\":\"2016-02-21T21:08:55+00:00\",\"dateModified\":\"2016-02-21T21:09:23+00:00\",\"author\":{\"@id\":\"https:\/\/blogg.svenskakyrkan.se\/bonander\/#\/schema\/person\/9581efec79b786a144018ffd0b759f67\"},\"breadcrumb\":{\"@id\":\"https:\/\/blogg.svenskakyrkan.se\/bonander\/2016\/02\/21\/valjer-vi-se-pa-var-nasta-som-medspelare\/#breadcrumb\"},\"inLanguage\":\"sv-SE\",\"potentialAction\":[{\"@type\":\"ReadAction\",\"target\":[\"https:\/\/blogg.svenskakyrkan.se\/bonander\/2016\/02\/21\/valjer-vi-se-pa-var-nasta-som-medspelare\/\"]}]},{\"@type\":\"BreadcrumbList\",\"@id\":\"https:\/\/blogg.svenskakyrkan.se\/bonander\/2016\/02\/21\/valjer-vi-se-pa-var-nasta-som-medspelare\/#breadcrumb\",\"itemListElement\":[{\"@type\":\"ListItem\",\"position\":1,\"name\":\"Hem\",\"item\":\"https:\/\/blogg.svenskakyrkan.se\/bonander\/\"},{\"@type\":\"ListItem\",\"position\":2,\"name\":\"v\u00e4ljer vi se p\u00e5 v\u00e5r n\u00e4sta som medspelare\"}]},{\"@type\":\"WebSite\",\"@id\":\"https:\/\/blogg.svenskakyrkan.se\/bonander\/#website\",\"url\":\"https:\/\/blogg.svenskakyrkan.se\/bonander\/\",\"name\":\"Johan Bonander\",\"description\":\"Predikningar &amp; betraktelser, framf\u00f6rda alternativt publicerade\",\"potentialAction\":[{\"@type\":\"SearchAction\",\"target\":{\"@type\":\"EntryPoint\",\"urlTemplate\":\"https:\/\/blogg.svenskakyrkan.se\/bonander\/?s={search_term_string}\"},\"query-input\":{\"@type\":\"PropertyValueSpecification\",\"valueRequired\":true,\"valueName\":\"search_term_string\"}}],\"inLanguage\":\"sv-SE\"},{\"@type\":\"Person\",\"@id\":\"https:\/\/blogg.svenskakyrkan.se\/bonander\/#\/schema\/person\/9581efec79b786a144018ffd0b759f67\",\"name\":\"Johan Bonander\",\"image\":{\"@type\":\"ImageObject\",\"inLanguage\":\"sv-SE\",\"@id\":\"https:\/\/blogg.svenskakyrkan.se\/bonander\/#\/schema\/person\/image\/\",\"url\":\"https:\/\/secure.gravatar.com\/avatar\/1f934271fde92d056502e55238a78cf5e0346d532a8a6000239e7122f1163a0a?s=96&d=mm&r=g\",\"contentUrl\":\"https:\/\/secure.gravatar.com\/avatar\/1f934271fde92d056502e55238a78cf5e0346d532a8a6000239e7122f1163a0a?s=96&d=mm&r=g\",\"caption\":\"Johan Bonander\"},\"description\":\"Kyrkoherde i Fryks\u00e4nde pastorat, kontraktsprost norra V\u00e4rmlands kontrakt, Karlstad stift\",\"sameAs\":[\"http:\/\/www.svenskakyrkan.se\/fryksande\"],\"url\":\"https:\/\/blogg.svenskakyrkan.se\/bonander\/author\/ostmarksprasten\/\"}]}<\/script>\n<!-- \/ Yoast SEO plugin. -->","yoast_head_json":{"title":"v\u00e4ljer vi se p\u00e5 v\u00e5r n\u00e4sta som medspelare - Johan Bonander","robots":{"index":"index","follow":"follow","max-snippet":"max-snippet:-1","max-image-preview":"max-image-preview:large","max-video-preview":"max-video-preview:-1"},"canonical":"https:\/\/blogg.svenskakyrkan.se\/bonander\/2016\/02\/21\/valjer-vi-se-pa-var-nasta-som-medspelare\/","og_locale":"sv_SE","og_type":"article","og_title":"v\u00e4ljer vi se p\u00e5 v\u00e5r n\u00e4sta som medspelare - Johan Bonander","og_description":"Hinnan mellan d\u00f6d och liv \u00e4r flytande, d\u00e5, nu och framtid \u2013 ja evighetens m\u00e5ngdimensionella nu kontra Jordens linj\u00e4ra f\u00f6rest\u00e4llningsv\u00e4rld och nu. Och h\u00e4r st\u00e5r vi m\u00e4nniskor i br\u00e4nnpunkten mellan och mitt i de olika paradigmerna. Vem vi definierar oss som, vart vi \u00e4r p\u00e5 v\u00e4g och var vi kommer ifr\u00e5n beror i mycket p\u00e5 [&hellip;]","og_url":"https:\/\/blogg.svenskakyrkan.se\/bonander\/2016\/02\/21\/valjer-vi-se-pa-var-nasta-som-medspelare\/","og_site_name":"Johan Bonander","article_published_time":"2016-02-21T21:08:55+00:00","article_modified_time":"2016-02-21T21:09:23+00:00","author":"Johan Bonander","twitter_card":"summary_large_image","twitter_misc":{"Skriven av":"Johan Bonander","Ber\u00e4knad l\u00e4stid":"3 minuter"},"schema":{"@context":"https:\/\/schema.org","@graph":[{"@type":"Article","@id":"https:\/\/blogg.svenskakyrkan.se\/bonander\/2016\/02\/21\/valjer-vi-se-pa-var-nasta-som-medspelare\/#article","isPartOf":{"@id":"https:\/\/blogg.svenskakyrkan.se\/bonander\/2016\/02\/21\/valjer-vi-se-pa-var-nasta-som-medspelare\/"},"author":{"name":"Johan Bonander","@id":"https:\/\/blogg.svenskakyrkan.se\/bonander\/#\/schema\/person\/9581efec79b786a144018ffd0b759f67"},"headline":"v\u00e4ljer vi se p\u00e5 v\u00e5r n\u00e4sta som medspelare","datePublished":"2016-02-21T21:08:55+00:00","dateModified":"2016-02-21T21:09:23+00:00","mainEntityOfPage":{"@id":"https:\/\/blogg.svenskakyrkan.se\/bonander\/2016\/02\/21\/valjer-vi-se-pa-var-nasta-som-medspelare\/"},"wordCount":596,"commentCount":0,"articleSection":["Okategoriserad"],"inLanguage":"sv-SE","potentialAction":[{"@type":"CommentAction","name":"Comment","target":["https:\/\/blogg.svenskakyrkan.se\/bonander\/2016\/02\/21\/valjer-vi-se-pa-var-nasta-som-medspelare\/#respond"]}]},{"@type":"WebPage","@id":"https:\/\/blogg.svenskakyrkan.se\/bonander\/2016\/02\/21\/valjer-vi-se-pa-var-nasta-som-medspelare\/","url":"https:\/\/blogg.svenskakyrkan.se\/bonander\/2016\/02\/21\/valjer-vi-se-pa-var-nasta-som-medspelare\/","name":"v\u00e4ljer vi se p\u00e5 v\u00e5r n\u00e4sta som medspelare - Johan Bonander","isPartOf":{"@id":"https:\/\/blogg.svenskakyrkan.se\/bonander\/#website"},"datePublished":"2016-02-21T21:08:55+00:00","dateModified":"2016-02-21T21:09:23+00:00","author":{"@id":"https:\/\/blogg.svenskakyrkan.se\/bonander\/#\/schema\/person\/9581efec79b786a144018ffd0b759f67"},"breadcrumb":{"@id":"https:\/\/blogg.svenskakyrkan.se\/bonander\/2016\/02\/21\/valjer-vi-se-pa-var-nasta-som-medspelare\/#breadcrumb"},"inLanguage":"sv-SE","potentialAction":[{"@type":"ReadAction","target":["https:\/\/blogg.svenskakyrkan.se\/bonander\/2016\/02\/21\/valjer-vi-se-pa-var-nasta-som-medspelare\/"]}]},{"@type":"BreadcrumbList","@id":"https:\/\/blogg.svenskakyrkan.se\/bonander\/2016\/02\/21\/valjer-vi-se-pa-var-nasta-som-medspelare\/#breadcrumb","itemListElement":[{"@type":"ListItem","position":1,"name":"Hem","item":"https:\/\/blogg.svenskakyrkan.se\/bonander\/"},{"@type":"ListItem","position":2,"name":"v\u00e4ljer vi se p\u00e5 v\u00e5r n\u00e4sta som medspelare"}]},{"@type":"WebSite","@id":"https:\/\/blogg.svenskakyrkan.se\/bonander\/#website","url":"https:\/\/blogg.svenskakyrkan.se\/bonander\/","name":"Johan Bonander","description":"Predikningar &amp; betraktelser, framf\u00f6rda alternativt publicerade","potentialAction":[{"@type":"SearchAction","target":{"@type":"EntryPoint","urlTemplate":"https:\/\/blogg.svenskakyrkan.se\/bonander\/?s={search_term_string}"},"query-input":{"@type":"PropertyValueSpecification","valueRequired":true,"valueName":"search_term_string"}}],"inLanguage":"sv-SE"},{"@type":"Person","@id":"https:\/\/blogg.svenskakyrkan.se\/bonander\/#\/schema\/person\/9581efec79b786a144018ffd0b759f67","name":"Johan Bonander","image":{"@type":"ImageObject","inLanguage":"sv-SE","@id":"https:\/\/blogg.svenskakyrkan.se\/bonander\/#\/schema\/person\/image\/","url":"https:\/\/secure.gravatar.com\/avatar\/1f934271fde92d056502e55238a78cf5e0346d532a8a6000239e7122f1163a0a?s=96&d=mm&r=g","contentUrl":"https:\/\/secure.gravatar.com\/avatar\/1f934271fde92d056502e55238a78cf5e0346d532a8a6000239e7122f1163a0a?s=96&d=mm&r=g","caption":"Johan Bonander"},"description":"Kyrkoherde i Fryks\u00e4nde pastorat, kontraktsprost norra V\u00e4rmlands kontrakt, Karlstad stift","sameAs":["http:\/\/www.svenskakyrkan.se\/fryksande"],"url":"https:\/\/blogg.svenskakyrkan.se\/bonander\/author\/ostmarksprasten\/"}]}},"author_meta":{"ID":"42","user_nicename":"ostmarksprasten","user_url":"http:\/\/www.svenskakyrkan.se\/fryksande","user_registered":"2011-01-14 06:33:35","display_name":"Johan Bonander","first_name":"Johan","last_name":"Bonander","avatar":"https:\/\/secure.gravatar.com\/avatar\/1f934271fde92d056502e55238a78cf5e0346d532a8a6000239e7122f1163a0a?s=96&d=mm&r=g"},"featured_image":false,"bloginfo":{"name":"Johan Bonander","url":"https:\/\/blogg.svenskakyrkan.se\/bonander"},"_links":{"self":[{"href":"https:\/\/blogg.svenskakyrkan.se\/bonander\/wp-json\/wp\/v2\/posts\/547","targetHints":{"allow":["GET"]}}],"collection":[{"href":"https:\/\/blogg.svenskakyrkan.se\/bonander\/wp-json\/wp\/v2\/posts"}],"about":[{"href":"https:\/\/blogg.svenskakyrkan.se\/bonander\/wp-json\/wp\/v2\/types\/post"}],"author":[{"embeddable":true,"href":"https:\/\/blogg.svenskakyrkan.se\/bonander\/wp-json\/wp\/v2\/users\/42"}],"replies":[{"embeddable":true,"href":"https:\/\/blogg.svenskakyrkan.se\/bonander\/wp-json\/wp\/v2\/comments?post=547"}],"version-history":[{"count":3,"href":"https:\/\/blogg.svenskakyrkan.se\/bonander\/wp-json\/wp\/v2\/posts\/547\/revisions"}],"predecessor-version":[{"id":550,"href":"https:\/\/blogg.svenskakyrkan.se\/bonander\/wp-json\/wp\/v2\/posts\/547\/revisions\/550"}],"wp:attachment":[{"href":"https:\/\/blogg.svenskakyrkan.se\/bonander\/wp-json\/wp\/v2\/media?parent=547"}],"wp:term":[{"taxonomy":"category","embeddable":true,"href":"https:\/\/blogg.svenskakyrkan.se\/bonander\/wp-json\/wp\/v2\/categories?post=547"},{"taxonomy":"post_tag","embeddable":true,"href":"https:\/\/blogg.svenskakyrkan.se\/bonander\/wp-json\/wp\/v2\/tags?post=547"}],"curies":[{"name":"wp","href":"https:\/\/api.w.org\/{rel}","templated":true}]}}