{"id":566,"date":"2016-03-24T09:23:15","date_gmt":"2016-03-24T07:23:15","guid":{"rendered":"http:\/\/blogg.svenskakyrkan.se\/bonander\/?p=566"},"modified":"2016-03-24T09:23:44","modified_gmt":"2016-03-24T07:23:44","slug":"denna-trons-langtan","status":"publish","type":"post","link":"https:\/\/blogg.svenskakyrkan.se\/bonander\/2016\/03\/24\/denna-trons-langtan\/","title":{"rendered":"Denna trons l\u00e4ngtan&#8230;"},"content":{"rendered":"<p><em>Ett nytt bud ger jag er<\/em>, s\u00e4ger Jesus till l\u00e4rjungarna i sitt avskedstal: <em>Ni ska \u00e4lska varandra<\/em>. L\u00e4ttare sagt \u00e4n gjort helt uppenbart n\u00e4r vi ser ut \u00f6ver m\u00e4nskligheten framtill nu men samtidigt ett bud som om vi lyckades f\u00f6lja det skulle v\u00e4nda upp och ned p\u00e5 det mesta. Varf\u00f6r \u00e4r det s\u00e5 sv\u00e5rt att v\u00e4lja k\u00e4rleken? Kanske f\u00f6r att vi m\u00e4nniskor \u00e4r b\u00e5de och. Vi \u00e4r kluvna och Martin Luther, v\u00e5r sanne reformator, skriver just att m\u00e4nniskan samtidigt \u00e4r r\u00e4ttf\u00e4rdig och syndare \u2013 simul justus et peccator.<\/p>\n<p>En av fastetidens episteltexter \u00e4r h\u00e4mtad fr\u00e5n Efesierbrevet d\u00e4r Paulus skriver om ondskans andekrafter i himlarymderna. Paulus uppmanar oss att bjuda p\u00e5 motst\u00e5nd; att kl\u00e4 p\u00e5 oss sanningen som ett b\u00e4lte, r\u00e4ttf\u00e4rdigheten som ett pansar och villigt b\u00e4ra ut budskapet om fred. Han p\u00e5minner oss om att det finns en dragkamp mellan det goda och det onda. Att det onda vill f\u00f6rringa det sanna, f\u00f6rringa ett sant liv, villigheten till fred.<\/p>\n<p>I boken <em>Hitler a Study in Tyranny<\/em> skriver Alan Bullock, \u201dI Hitlers \u00f6gon var kristendomen en religion f\u00f6r slavar: han f\u00f6raktade speciellt dess etik. Dess undervisning var ett uppror mot naturens lag om selektion genom kamp och den b\u00e4st anpassades \u00f6verlevnad.\u201d \u00a0Hitlers sekreterare, Traudl Junge, skriver i sin sj\u00e4lvbiografi <em>I Hitlers tj\u00e4nst<\/em> : \u201dHans religion var naturlagarna. Dem kunde han b\u00e4ttre underordna sin v\u00e5ldsdogm \u00e4n den kristna l\u00e4ran om k\u00e4rleken till n\u00e4stan och fienden.\u201d<\/p>\n<p><strong>P<\/strong>\u00e5skens drama, kristenhetens st\u00f6rsta helg, inkluderar s\u00e5 m\u00e5nga scener i ber\u00e4ttelsen och inte minst blottl\u00e4gger den kampen mellan ont och gott. Ja varje p\u00e5sk hoppas jag p\u00e5 ett m\u00e4rkligt vis att det jag vet ska ske \u00e4nd\u00e5 inte ska ske; ja jag hoppas att <em>de<\/em> ska hejda sig, att <em>de<\/em> ska inse sitt misstag, att <em>de<\/em> ska l\u00e5ta Jesus komma till tals \u2013 p\u00e5 ett r\u00e4ttvist s\u00e4tt. Men Jesus d\u00f6ms som bekant i l\u00f6nndom, hyllningarna v\u00e4nds till svek, det oerh\u00f6rda som varit landar i platt fall. Ingen minns p\u00e5 l\u00e5ngfredagen orden i Jesu avskedstal kv\u00e4llen innan; l\u00f6ftet att Han aldrig skulle \u00f6verge oss utan vara den tillflykt av n\u00e5d f\u00f6r alla som vill f\u00f6rbli i honom. Idag vet vi att det l\u00f6ftet \u00e4r en realitet. Och det ger miljoner m\u00e4nniskor kurage att v\u00e4lja k\u00e4rleken. En s\u00e5dan m\u00e4nniska \u00e4r syster Hatune i den syrisk- ortodoxa kyrkan. Hatune \u00e4r f\u00f6dd i Turabdeen i Turkiet och best\u00e4mde sig redan som sex\u00e5ring f\u00f6r att bli nunna. Hon bedriver en omfattande hj\u00e4lpverksamhet genom \u201dHatune foundation\u201d<a href=\"#_edn1\" name=\"_ednref1\">[i]<\/a> och hennes senaste hj\u00e4lpprojekt handlar om att st\u00f6dja kristna flyktingar i krigets Syrien. Hon s\u00e4ger i en intervju i tidningen Bohusl\u00e4nningen (20131023): \u201dAlla medborgare i Syrien lider av inb\u00f6rdeskriget, men de kristna drabbas s\u00e4rskilt h\u00e5rt eftersom de ocks\u00e5 f\u00f6rf\u00f6ljs av fanatiska grupper. De kristna flyktingarna beh\u00f6ver hj\u00e4lp med allt fr\u00e5n att f\u00e5 ett pass och mat f\u00f6r dagen till att kunna fly undan f\u00f6rf\u00f6ljelsen.\u201d P\u00e5 senare tid har Hatune foundation ocks\u00e5 fritagit hundratals flickor som tagits som sexslavar av IS.<\/p>\n<p><strong>F<\/strong>\u00f6rst efter p\u00e5skdagen blir l\u00f6ftet en realitet. Det blir uppenbart f\u00f6r m\u00e5nga att Jesus \u00f6vervunnit d\u00f6den. F\u00f6rst f\u00f6r kvinnorna vid graven och sen f\u00f6r allt fler. Det \u00e4r nu inte f\u00f6r inte Paulus skriver att:\u00a0 &#8230;<em>vi predikar en korsf\u00e4st Kristus, en som f\u00f6r judarna \u00e4r en st\u00f6testen och f\u00f6r hedningarna en d\u00e5rskap.<\/em> ( 1 Korinthierbrevet 1:23)<\/p>\n<p>Platon, den grekiske filosofen, tecknade en liknelse att m\u00e4nniskan liksom sitter i en grotta och stirrar in i en grottv\u00e4gg med grott\u00f6ppningen bakom ryggen. Att vi tolkar och f\u00f6rst\u00e5r v\u00e4rlden allt utifr\u00e5n skuggorna som r\u00f6r sig p\u00e5 grottv\u00e4ggen. P\u00e5 samma s\u00e4tt kan det uppfattas att g\u00e5 fr\u00e5n en ateistisk v\u00e4rldsuppfattning till en levande tro. Ja m\u00e5nga vittnar om att en levande kristen tro \u00e4r som att se och vara i v\u00e4rlden men nu i ett helt annat ljus. Ett hoppets, f\u00f6rsoningens och k\u00e4rlekens ljus. Livet blir inte enklare, kanske tv\u00e4rtom, men det f\u00e5r strimmor av hopp och mening; en inre frid som inte fanns d\u00e4r f\u00f6rr. En tillit och ett mod. Man vill nu leva i detta fria och vara d\u00e4r; tillsammans och<em> i<\/em> Jesus. Detta mod och denna inre kompass skyr f\u00f6rst\u00e5s tyranner som pesten. \u00a0I Hitlers Tyskland f\u00e4ngslades 6000 tyska pr\u00e4ster i den s\u00e5 kallade evangeliska bek\u00e4nnelsekyrkan. M\u00e5ngdubbelt fler lekm\u00e4n f\u00e4ngslades. M\u00e5nga avr\u00e4ttades. Deras officiella brott var \u201dlandsf\u00f6rr\u00e4deri\u201d. Kristendomen, i den form som bek\u00e4nnelsekyrkan tolkade den och d\u00e4r man v\u00e4grade att vara medl\u00f6pare i Hitlers ideologi, hamnade p\u00e5 kollisionskurs med nazismens totalit\u00e4ra ideologi. En av de mest k\u00e4nda av dessa pr\u00e4ster, Dietrich Bonhoffer, h\u00e4ngdes p\u00e5 order av Hitler bara n\u00e5gra dagar innan Hitler begick sj\u00e4lvmord i sin bunker. Hitler ville inte att Bonhoffer skulle f\u00e5 vara med om Nazitysklands fall.<\/p>\n<p><strong>A<\/strong>tt ha en levande kristen tro. Ja s\u00e5 m\u00e5nga vill f\u00f6rringa eller komplicera denna m\u00f6jlighet, denna inre vilja, <em>denna trons l\u00e4ngtan<\/em>. Eller undanh\u00e5lla den. Eller hota med d\u00f6dsstraff om vi n\u00e4rmar oss den, fr\u00e5ga bara syster Hatune. Men vi har nu alla den h\u00e4r m\u00f6jligheten att bildligt ta v\u00e5r Jesus i hans utstr\u00e4ckta h\u00e4nder och m\u00f6ta de d\u00e4r \u00f6gonen som ser p\u00e5 oss med s\u00e5dan mildhet och omfattas av l\u00f6ftet att de vindar av ondska som viner \u00f6ver v\u00e5r Jord \u00e4r inte \u00e4r f\u00f6r evigt, utan bara f\u00f6r en kort tid, en kort tid innan <em>Du \u00e4r \u00e5ter Herre, som Du lovat oss<\/em>.<\/p>\n<p>&nbsp;<\/p>\n<p><a href=\"#_ednref1\" name=\"_edn1\">[i]<\/a> Vill du veta mer om syster Hatunes verksamhet, se http:\/\/se.hatunefoundation.com\/svenska\/<\/p>\n","protected":false},"excerpt":{"rendered":"<p>Ett nytt bud ger jag er, s\u00e4ger Jesus till l\u00e4rjungarna i sitt avskedstal: Ni ska \u00e4lska varandra. L\u00e4ttare sagt \u00e4n gjort helt uppenbart n\u00e4r vi ser ut \u00f6ver m\u00e4nskligheten framtill nu men samtidigt ett bud som om vi lyckades f\u00f6lja det skulle v\u00e4nda upp och ned p\u00e5 det mesta. Varf\u00f6r \u00e4r det s\u00e5 sv\u00e5rt att [&hellip;]<\/p>\n","protected":false},"author":42,"featured_media":0,"comment_status":"open","ping_status":"open","sticky":false,"template":"","format":"standard","meta":{"_acf_changed":false,"footnotes":""},"categories":[1],"tags":[],"class_list":["post-566","post","type-post","status-publish","format-standard","hentry","category-okategoriserad"],"acf":[],"yoast_head":"<!-- This site is optimized with the Yoast SEO plugin v27.1.1 - https:\/\/yoast.com\/product\/yoast-seo-wordpress\/ -->\n<title>Denna trons l\u00e4ngtan... - Johan Bonander<\/title>\n<meta name=\"robots\" content=\"index, follow, max-snippet:-1, max-image-preview:large, max-video-preview:-1\" \/>\n<link rel=\"canonical\" href=\"https:\/\/blogg.svenskakyrkan.se\/bonander\/2016\/03\/24\/denna-trons-langtan\/\" \/>\n<meta property=\"og:locale\" content=\"sv_SE\" \/>\n<meta property=\"og:type\" content=\"article\" \/>\n<meta property=\"og:title\" content=\"Denna trons l\u00e4ngtan... - Johan Bonander\" \/>\n<meta property=\"og:description\" content=\"Ett nytt bud ger jag er, s\u00e4ger Jesus till l\u00e4rjungarna i sitt avskedstal: Ni ska \u00e4lska varandra. L\u00e4ttare sagt \u00e4n gjort helt uppenbart n\u00e4r vi ser ut \u00f6ver m\u00e4nskligheten framtill nu men samtidigt ett bud som om vi lyckades f\u00f6lja det skulle v\u00e4nda upp och ned p\u00e5 det mesta. Varf\u00f6r \u00e4r det s\u00e5 sv\u00e5rt att [&hellip;]\" \/>\n<meta property=\"og:url\" content=\"https:\/\/blogg.svenskakyrkan.se\/bonander\/2016\/03\/24\/denna-trons-langtan\/\" \/>\n<meta property=\"og:site_name\" content=\"Johan Bonander\" \/>\n<meta property=\"article:published_time\" content=\"2016-03-24T07:23:15+00:00\" \/>\n<meta property=\"article:modified_time\" content=\"2016-03-24T07:23:44+00:00\" \/>\n<meta name=\"author\" content=\"Johan Bonander\" \/>\n<meta name=\"twitter:card\" content=\"summary_large_image\" \/>\n<meta name=\"twitter:label1\" content=\"Skriven av\" \/>\n\t<meta name=\"twitter:data1\" content=\"Johan Bonander\" \/>\n\t<meta name=\"twitter:label2\" content=\"Ber\u00e4knad l\u00e4stid\" \/>\n\t<meta name=\"twitter:data2\" content=\"5 minuter\" \/>\n<script type=\"application\/ld+json\" class=\"yoast-schema-graph\">{\"@context\":\"https:\/\/schema.org\",\"@graph\":[{\"@type\":\"Article\",\"@id\":\"https:\/\/blogg.svenskakyrkan.se\/bonander\/2016\/03\/24\/denna-trons-langtan\/#article\",\"isPartOf\":{\"@id\":\"https:\/\/blogg.svenskakyrkan.se\/bonander\/2016\/03\/24\/denna-trons-langtan\/\"},\"author\":{\"name\":\"Johan Bonander\",\"@id\":\"https:\/\/blogg.svenskakyrkan.se\/bonander\/#\/schema\/person\/9581efec79b786a144018ffd0b759f67\"},\"headline\":\"Denna trons l\u00e4ngtan&#8230;\",\"datePublished\":\"2016-03-24T07:23:15+00:00\",\"dateModified\":\"2016-03-24T07:23:44+00:00\",\"mainEntityOfPage\":{\"@id\":\"https:\/\/blogg.svenskakyrkan.se\/bonander\/2016\/03\/24\/denna-trons-langtan\/\"},\"wordCount\":1040,\"commentCount\":0,\"articleSection\":[\"Okategoriserad\"],\"inLanguage\":\"sv-SE\",\"potentialAction\":[{\"@type\":\"CommentAction\",\"name\":\"Comment\",\"target\":[\"https:\/\/blogg.svenskakyrkan.se\/bonander\/2016\/03\/24\/denna-trons-langtan\/#respond\"]}]},{\"@type\":\"WebPage\",\"@id\":\"https:\/\/blogg.svenskakyrkan.se\/bonander\/2016\/03\/24\/denna-trons-langtan\/\",\"url\":\"https:\/\/blogg.svenskakyrkan.se\/bonander\/2016\/03\/24\/denna-trons-langtan\/\",\"name\":\"Denna trons l\u00e4ngtan... - Johan Bonander\",\"isPartOf\":{\"@id\":\"https:\/\/blogg.svenskakyrkan.se\/bonander\/#website\"},\"datePublished\":\"2016-03-24T07:23:15+00:00\",\"dateModified\":\"2016-03-24T07:23:44+00:00\",\"author\":{\"@id\":\"https:\/\/blogg.svenskakyrkan.se\/bonander\/#\/schema\/person\/9581efec79b786a144018ffd0b759f67\"},\"breadcrumb\":{\"@id\":\"https:\/\/blogg.svenskakyrkan.se\/bonander\/2016\/03\/24\/denna-trons-langtan\/#breadcrumb\"},\"inLanguage\":\"sv-SE\",\"potentialAction\":[{\"@type\":\"ReadAction\",\"target\":[\"https:\/\/blogg.svenskakyrkan.se\/bonander\/2016\/03\/24\/denna-trons-langtan\/\"]}]},{\"@type\":\"BreadcrumbList\",\"@id\":\"https:\/\/blogg.svenskakyrkan.se\/bonander\/2016\/03\/24\/denna-trons-langtan\/#breadcrumb\",\"itemListElement\":[{\"@type\":\"ListItem\",\"position\":1,\"name\":\"Hem\",\"item\":\"https:\/\/blogg.svenskakyrkan.se\/bonander\/\"},{\"@type\":\"ListItem\",\"position\":2,\"name\":\"Denna trons l\u00e4ngtan&#8230;\"}]},{\"@type\":\"WebSite\",\"@id\":\"https:\/\/blogg.svenskakyrkan.se\/bonander\/#website\",\"url\":\"https:\/\/blogg.svenskakyrkan.se\/bonander\/\",\"name\":\"Johan Bonander\",\"description\":\"Predikningar &amp; betraktelser, framf\u00f6rda alternativt publicerade\",\"potentialAction\":[{\"@type\":\"SearchAction\",\"target\":{\"@type\":\"EntryPoint\",\"urlTemplate\":\"https:\/\/blogg.svenskakyrkan.se\/bonander\/?s={search_term_string}\"},\"query-input\":{\"@type\":\"PropertyValueSpecification\",\"valueRequired\":true,\"valueName\":\"search_term_string\"}}],\"inLanguage\":\"sv-SE\"},{\"@type\":\"Person\",\"@id\":\"https:\/\/blogg.svenskakyrkan.se\/bonander\/#\/schema\/person\/9581efec79b786a144018ffd0b759f67\",\"name\":\"Johan Bonander\",\"image\":{\"@type\":\"ImageObject\",\"inLanguage\":\"sv-SE\",\"@id\":\"https:\/\/blogg.svenskakyrkan.se\/bonander\/#\/schema\/person\/image\/\",\"url\":\"https:\/\/secure.gravatar.com\/avatar\/1f934271fde92d056502e55238a78cf5e0346d532a8a6000239e7122f1163a0a?s=96&d=mm&r=g\",\"contentUrl\":\"https:\/\/secure.gravatar.com\/avatar\/1f934271fde92d056502e55238a78cf5e0346d532a8a6000239e7122f1163a0a?s=96&d=mm&r=g\",\"caption\":\"Johan Bonander\"},\"description\":\"Kyrkoherde i Fryks\u00e4nde pastorat, kontraktsprost norra V\u00e4rmlands kontrakt, Karlstad stift\",\"sameAs\":[\"http:\/\/www.svenskakyrkan.se\/fryksande\"],\"url\":\"https:\/\/blogg.svenskakyrkan.se\/bonander\/author\/ostmarksprasten\/\"}]}<\/script>\n<!-- \/ Yoast SEO plugin. -->","yoast_head_json":{"title":"Denna trons l\u00e4ngtan... - Johan Bonander","robots":{"index":"index","follow":"follow","max-snippet":"max-snippet:-1","max-image-preview":"max-image-preview:large","max-video-preview":"max-video-preview:-1"},"canonical":"https:\/\/blogg.svenskakyrkan.se\/bonander\/2016\/03\/24\/denna-trons-langtan\/","og_locale":"sv_SE","og_type":"article","og_title":"Denna trons l\u00e4ngtan... - Johan Bonander","og_description":"Ett nytt bud ger jag er, s\u00e4ger Jesus till l\u00e4rjungarna i sitt avskedstal: Ni ska \u00e4lska varandra. L\u00e4ttare sagt \u00e4n gjort helt uppenbart n\u00e4r vi ser ut \u00f6ver m\u00e4nskligheten framtill nu men samtidigt ett bud som om vi lyckades f\u00f6lja det skulle v\u00e4nda upp och ned p\u00e5 det mesta. Varf\u00f6r \u00e4r det s\u00e5 sv\u00e5rt att [&hellip;]","og_url":"https:\/\/blogg.svenskakyrkan.se\/bonander\/2016\/03\/24\/denna-trons-langtan\/","og_site_name":"Johan Bonander","article_published_time":"2016-03-24T07:23:15+00:00","article_modified_time":"2016-03-24T07:23:44+00:00","author":"Johan Bonander","twitter_card":"summary_large_image","twitter_misc":{"Skriven av":"Johan Bonander","Ber\u00e4knad l\u00e4stid":"5 minuter"},"schema":{"@context":"https:\/\/schema.org","@graph":[{"@type":"Article","@id":"https:\/\/blogg.svenskakyrkan.se\/bonander\/2016\/03\/24\/denna-trons-langtan\/#article","isPartOf":{"@id":"https:\/\/blogg.svenskakyrkan.se\/bonander\/2016\/03\/24\/denna-trons-langtan\/"},"author":{"name":"Johan Bonander","@id":"https:\/\/blogg.svenskakyrkan.se\/bonander\/#\/schema\/person\/9581efec79b786a144018ffd0b759f67"},"headline":"Denna trons l\u00e4ngtan&#8230;","datePublished":"2016-03-24T07:23:15+00:00","dateModified":"2016-03-24T07:23:44+00:00","mainEntityOfPage":{"@id":"https:\/\/blogg.svenskakyrkan.se\/bonander\/2016\/03\/24\/denna-trons-langtan\/"},"wordCount":1040,"commentCount":0,"articleSection":["Okategoriserad"],"inLanguage":"sv-SE","potentialAction":[{"@type":"CommentAction","name":"Comment","target":["https:\/\/blogg.svenskakyrkan.se\/bonander\/2016\/03\/24\/denna-trons-langtan\/#respond"]}]},{"@type":"WebPage","@id":"https:\/\/blogg.svenskakyrkan.se\/bonander\/2016\/03\/24\/denna-trons-langtan\/","url":"https:\/\/blogg.svenskakyrkan.se\/bonander\/2016\/03\/24\/denna-trons-langtan\/","name":"Denna trons l\u00e4ngtan... - Johan Bonander","isPartOf":{"@id":"https:\/\/blogg.svenskakyrkan.se\/bonander\/#website"},"datePublished":"2016-03-24T07:23:15+00:00","dateModified":"2016-03-24T07:23:44+00:00","author":{"@id":"https:\/\/blogg.svenskakyrkan.se\/bonander\/#\/schema\/person\/9581efec79b786a144018ffd0b759f67"},"breadcrumb":{"@id":"https:\/\/blogg.svenskakyrkan.se\/bonander\/2016\/03\/24\/denna-trons-langtan\/#breadcrumb"},"inLanguage":"sv-SE","potentialAction":[{"@type":"ReadAction","target":["https:\/\/blogg.svenskakyrkan.se\/bonander\/2016\/03\/24\/denna-trons-langtan\/"]}]},{"@type":"BreadcrumbList","@id":"https:\/\/blogg.svenskakyrkan.se\/bonander\/2016\/03\/24\/denna-trons-langtan\/#breadcrumb","itemListElement":[{"@type":"ListItem","position":1,"name":"Hem","item":"https:\/\/blogg.svenskakyrkan.se\/bonander\/"},{"@type":"ListItem","position":2,"name":"Denna trons l\u00e4ngtan&#8230;"}]},{"@type":"WebSite","@id":"https:\/\/blogg.svenskakyrkan.se\/bonander\/#website","url":"https:\/\/blogg.svenskakyrkan.se\/bonander\/","name":"Johan Bonander","description":"Predikningar &amp; betraktelser, framf\u00f6rda alternativt publicerade","potentialAction":[{"@type":"SearchAction","target":{"@type":"EntryPoint","urlTemplate":"https:\/\/blogg.svenskakyrkan.se\/bonander\/?s={search_term_string}"},"query-input":{"@type":"PropertyValueSpecification","valueRequired":true,"valueName":"search_term_string"}}],"inLanguage":"sv-SE"},{"@type":"Person","@id":"https:\/\/blogg.svenskakyrkan.se\/bonander\/#\/schema\/person\/9581efec79b786a144018ffd0b759f67","name":"Johan Bonander","image":{"@type":"ImageObject","inLanguage":"sv-SE","@id":"https:\/\/blogg.svenskakyrkan.se\/bonander\/#\/schema\/person\/image\/","url":"https:\/\/secure.gravatar.com\/avatar\/1f934271fde92d056502e55238a78cf5e0346d532a8a6000239e7122f1163a0a?s=96&d=mm&r=g","contentUrl":"https:\/\/secure.gravatar.com\/avatar\/1f934271fde92d056502e55238a78cf5e0346d532a8a6000239e7122f1163a0a?s=96&d=mm&r=g","caption":"Johan Bonander"},"description":"Kyrkoherde i Fryks\u00e4nde pastorat, kontraktsprost norra V\u00e4rmlands kontrakt, Karlstad stift","sameAs":["http:\/\/www.svenskakyrkan.se\/fryksande"],"url":"https:\/\/blogg.svenskakyrkan.se\/bonander\/author\/ostmarksprasten\/"}]}},"author_meta":{"ID":"42","user_nicename":"ostmarksprasten","user_url":"http:\/\/www.svenskakyrkan.se\/fryksande","user_registered":"2011-01-14 06:33:35","display_name":"Johan Bonander","first_name":"Johan","last_name":"Bonander","avatar":"https:\/\/secure.gravatar.com\/avatar\/1f934271fde92d056502e55238a78cf5e0346d532a8a6000239e7122f1163a0a?s=96&d=mm&r=g"},"featured_image":false,"bloginfo":{"name":"Johan Bonander","url":"https:\/\/blogg.svenskakyrkan.se\/bonander"},"_links":{"self":[{"href":"https:\/\/blogg.svenskakyrkan.se\/bonander\/wp-json\/wp\/v2\/posts\/566","targetHints":{"allow":["GET"]}}],"collection":[{"href":"https:\/\/blogg.svenskakyrkan.se\/bonander\/wp-json\/wp\/v2\/posts"}],"about":[{"href":"https:\/\/blogg.svenskakyrkan.se\/bonander\/wp-json\/wp\/v2\/types\/post"}],"author":[{"embeddable":true,"href":"https:\/\/blogg.svenskakyrkan.se\/bonander\/wp-json\/wp\/v2\/users\/42"}],"replies":[{"embeddable":true,"href":"https:\/\/blogg.svenskakyrkan.se\/bonander\/wp-json\/wp\/v2\/comments?post=566"}],"version-history":[{"count":2,"href":"https:\/\/blogg.svenskakyrkan.se\/bonander\/wp-json\/wp\/v2\/posts\/566\/revisions"}],"predecessor-version":[{"id":568,"href":"https:\/\/blogg.svenskakyrkan.se\/bonander\/wp-json\/wp\/v2\/posts\/566\/revisions\/568"}],"wp:attachment":[{"href":"https:\/\/blogg.svenskakyrkan.se\/bonander\/wp-json\/wp\/v2\/media?parent=566"}],"wp:term":[{"taxonomy":"category","embeddable":true,"href":"https:\/\/blogg.svenskakyrkan.se\/bonander\/wp-json\/wp\/v2\/categories?post=566"},{"taxonomy":"post_tag","embeddable":true,"href":"https:\/\/blogg.svenskakyrkan.se\/bonander\/wp-json\/wp\/v2\/tags?post=566"}],"curies":[{"name":"wp","href":"https:\/\/api.w.org\/{rel}","templated":true}]}}