{"id":569,"date":"2016-03-26T11:35:19","date_gmt":"2016-03-26T09:35:19","guid":{"rendered":"http:\/\/blogg.svenskakyrkan.se\/bonander\/?p=569"},"modified":"2016-03-26T16:23:08","modified_gmt":"2016-03-26T14:23:08","slug":"aven-om-resan-understundom-sker-i-knagglig-och-bitvis-svar-terrang","status":"publish","type":"post","link":"https:\/\/blogg.svenskakyrkan.se\/bonander\/2016\/03\/26\/aven-om-resan-understundom-sker-i-knagglig-och-bitvis-svar-terrang\/","title":{"rendered":"\u00e4ven om resan understundom sker i knagglig och i bitvis sv\u00e5r terr\u00e4ng"},"content":{"rendered":"<p>Vid korsf\u00e4stelsen finns de allra trognaste n\u00e4ra. Johannes och Maria, Jesu mor, \u00e4r ett par av dem. I \u00f6vrigt har h\u00e5net och hatet gjort sitt. Men bara f\u00f6r stunden, bara det m\u00f6rka dygn som varit. Vi l\u00e4ste nyss att d\u00e5 Jesu dog p\u00e5 korset, att f\u00f6rh\u00e4nget i templet brast i tv\u00e5 delar. Andra evangelister vittnar om en solf\u00f6rm\u00f6rkelse som varade i tre timmar. Soldaterna sa: \u201dDen mannen m\u00e5ste ha varit Guds son\u201d. P\u00e5sken \u00e4r tidig i \u00e5r. L\u00e5ngfredagen sammanfaller i \u00e5r att i almanackan vara Maria beb\u00e5delsedag och med den traditionen att \u00e4ta v\u00e5fflor. V\u00e5rfrudagen blev i folkmun v\u00e5ffeldagen och en ny tradition blev f\u00f6dd. Anande Maria redan d\u00e5 Gabriel uppenbarade sig f\u00f6r henne vid beb\u00e5delsen denna stund? Denna bottenl\u00f6sa sorg att ens barn kommer att d\u00f6, f\u00f6re mig? Och inte vilken d\u00f6d som helst utan en f\u00f6rnedringens, hatets och v\u00e5ndornas v\u00e5ndans d\u00f6d. I Johannesevangeliet tecknas scenen d\u00e4r Jesus ger Johannes och Maria ett s\u00e4rskilt uppdrag; att vara som en mor och en son f\u00f6r varandra. Johannes var kanske den l\u00e4rjunge som stod Jesu n\u00e4rmast \u2013 och bandet mellan Maria och Jesus \u00e4r extraordin\u00e4rt och har dimensioner som \u00e4r sv\u00e5ra att s\u00e5v\u00e4l \u00f6verblicka som f\u00f6rst\u00e5.<\/p>\n<p>En annan bild vi f\u00e5r ta del av \u00e4r Jesus p\u00e5 korset och de tv\u00e5 r\u00f6varna j\u00e4mte honom. Vi l\u00e4ser idag ur Matteusevangeliet att den ene r\u00f6varen h\u00e5nar Jesus. \u00a0I Matteus- evangeliet saknas passagen ur Lukasevangeliet; att den andre r\u00f6varen nu tillr\u00e4ttavisar r\u00f6varen som h\u00e5nar Jesus och sen ber Jesus om n\u00e5d, varp\u00e5 Jesus ser p\u00e5 r\u00f6varen som ber om r\u00e4ddning och s\u00e4ger att redan idag ska du vara med mig i Paradiset.<\/p>\n<p><strong>D<\/strong>et viktiga \u00e4r steget, ansatsen, viljan att s\u00e4lla sig till Guds rike \u2013 d\u00e5 tr\u00e4der vi in. Och vi blir lika de som varit d\u00e4r l\u00e5ng tid. Det att det aldrig \u00e4r f\u00f6r sent att be om n\u00e5d. Det \u00e4r inte Gud som har sv\u00e5rt att f\u00f6rl\u00e5ta, det \u00e4r m\u00e4nniskan som har sv\u00e5rt att be om f\u00f6rl\u00e5telse \u2013 eller snarare att landa i insikten att jag beh\u00f6ver Gud. Med allt vad det inneb\u00e4r av att \u00f6dmjuka sig inf\u00f6r Gud och inse sin egen begr\u00e4nsning; inte bara gentemot Gud utan i skapelsen. Att vila i villfarelsen om min egen f\u00f6rtr\u00e4fflighet, som ofta utg\u00f6r ett skydd mot en svag och br\u00e4cklig sj\u00e4lvk\u00e4nsla, \u00e4r en h\u00e5llning som inte i l\u00e4ngden g\u00e5r att kombinera med en levande tro.<\/p>\n<p>Petrus skriver n\u00e5gonting mycket viktigt i dagens episteltext: att Jesus i och med sin d\u00f6d steg ned och predikade f\u00f6r f\u00e4ngslade andar, i deras f\u00e4ngelse. Att det i mellanrummet mellan det sista andetaget p\u00e5 korset och \u00e5teruppst\u00e5ndelsen utspelar sig n\u00e5gonting som \u00e4r av betydelse. Ljuset tr\u00e4der in i ett omr\u00e5de som varit m\u00f6rkt. Ljuset tr\u00e4der in och befriar i ett omr\u00e5de som varit f\u00e4ngslat. Ljuset tr\u00e4der in och tar \u00f6ver den reella makten i ett omr\u00e5de som varit utel\u00e4mnat \u00e5t v\u00e4rldens furste. Ljuset visar sig \u00f6vervinna m\u00f6rkret. Jesus \u00e4r Herre.<\/p>\n<p>Alltsedan det h\u00e4r \u00f6gonblicket \u00e4r nu satans strategi att relativisera, f\u00f6rminska och s\u00f6ka bortse fr\u00e5n Jesus. Det vill s\u00e4ga klassiska h\u00e4rskarbeteendeman\u00e9r. Vi kan konstatera att strategin varit framg\u00e5ngsrik. S\u00e5 m\u00e5nga vet inte om kraften i namnet Jesus, s\u00e5 m\u00e5nga vill f\u00f6rminska det under som sker denna p\u00e5sk, s\u00e5 m\u00e5nga vill ta udden av det faktum att Gud en g\u00e5ng f\u00f6r alla visar vem som har den reella makten. Men att nu \u00e4r det upp till oss. Hela v\u00e5rt universum \u00e4r uppbyggt p\u00e5 principen om den fria viljan. Gud kan inte tvinga n\u00e5gon att v\u00e4lja honom; d\u00e5 g\u00e5r hela tanken med skapelsen fel. Men han kan p\u00e5visa och visa och det \u00e4r inte f\u00f6r inte Jesus n\u00e5gra dagar senare, d\u00e5 han uppst\u00e5tt i samma Matteusevangelium utbrister: <em>\u00c5t mig har getts all makt i himlen och p\u00e5 jorden. G\u00e5 d\u00e4rf\u00f6r ut och g\u00f6r alla folk till l\u00e4rjungar: d\u00f6p dem i Faderns och Sonens och den heliga Andens namn och l\u00e4r dem att h\u00e5lla alla de bud jag har gett er. Och jag \u00e4r med er alla dagar till tidens slut. <\/em><\/p>\n<p>Det fanns ingen i den stunden som tvivlar p\u00e5 dessa ord \u2013 de <em>\u00e4r<\/em> en realitet!<\/p>\n<p>I v\u00e5r tid relativiseras orden och det finns \u00e4ven ett mummel som man kan ana snart \u00f6kar i styrka d\u00e4r orden i dopbefallningen skulle kunna anses vara exkluderande.\u00a0\u00a0\u00a0\u00a0\u00a0\u00a0\u00a0\u00a0\u00a0\u00a0\u00a0\u00a0\u00a0\u00a0\u00a0\u00a0\u00a0\u00a0\u00a0\u00a0\u00a0\u00a0\u00a0 <strong>M<\/strong>en det g\u00e5r inte att relativisera Jesus. Jesus \u00e4r den han \u00e4r. D\u00e4remot kan vi tuta i oss sj\u00e4lva det ena och det andra, men det \u00e4r en helt annan sak, och det h\u00f6r den h\u00e4r Jordens f\u00f6ruts\u00e4ttningar till. Inte f\u00f6r inte har vi nu budet att vaka och be, att pr\u00f6va, att vara listiga som ormar och fredliga som duvor. D\u00e4rf\u00f6r \u00e4r det s\u00e5 viktigt att vi g\u00e5r in i texterna, allt ligger ju \u00f6ppet f\u00f6r oss, Jesu liv och g\u00e4rning och k\u00e4rleksg\u00e5va.<\/p>\n<p>Den tid d\u00e5 samh\u00e4llet inkluderade l\u00e5ngfredagen som en dag till just reflektion och stillhet \u00e4r borta. Men kyrkans uppdrag \u00e4r och kommer alltid vara detsamma, att f\u00f6ra fram budskapet att vid denna stund, vid detta drama, vid detta \u00f6gonblick p\u00e5 Jorden d\u00e4r Jesus ger upp andan och tr\u00e4der in i den andliga dimensionen med Ljuset f\u00f6r att sedan \u00e5teruppst\u00e5 \u2013 ja efter det \u00e4r ingenting sig likt och hela v\u00e5rt kosmos har en ny och underbar destination, \u00e4ven om resan understundom sker i knagglig och i bitvis sv\u00e5r terr\u00e4ng.<\/p>\n<p>&nbsp;<\/p>\n","protected":false},"excerpt":{"rendered":"<p>Vid korsf\u00e4stelsen finns de allra trognaste n\u00e4ra. Johannes och Maria, Jesu mor, \u00e4r ett par av dem. I \u00f6vrigt har h\u00e5net och hatet gjort sitt. Men bara f\u00f6r stunden, bara det m\u00f6rka dygn som varit. Vi l\u00e4ste nyss att d\u00e5 Jesu dog p\u00e5 korset, att f\u00f6rh\u00e4nget i templet brast i tv\u00e5 delar. Andra evangelister vittnar [&hellip;]<\/p>\n","protected":false},"author":42,"featured_media":0,"comment_status":"open","ping_status":"open","sticky":false,"template":"","format":"standard","meta":{"_acf_changed":false,"footnotes":""},"categories":[1],"tags":[],"class_list":["post-569","post","type-post","status-publish","format-standard","hentry","category-okategoriserad"],"acf":[],"yoast_head":"<!-- This site is optimized with the Yoast SEO plugin v27.1.1 - https:\/\/yoast.com\/product\/yoast-seo-wordpress\/ -->\n<title>\u00e4ven om resan understundom sker i knagglig och i bitvis sv\u00e5r terr\u00e4ng - Johan Bonander<\/title>\n<meta name=\"robots\" content=\"index, follow, max-snippet:-1, max-image-preview:large, max-video-preview:-1\" \/>\n<link rel=\"canonical\" href=\"https:\/\/blogg.svenskakyrkan.se\/bonander\/2016\/03\/26\/aven-om-resan-understundom-sker-i-knagglig-och-bitvis-svar-terrang\/\" \/>\n<meta property=\"og:locale\" content=\"sv_SE\" \/>\n<meta property=\"og:type\" content=\"article\" \/>\n<meta property=\"og:title\" content=\"\u00e4ven om resan understundom sker i knagglig och i bitvis sv\u00e5r terr\u00e4ng - Johan Bonander\" \/>\n<meta property=\"og:description\" content=\"Vid korsf\u00e4stelsen finns de allra trognaste n\u00e4ra. Johannes och Maria, Jesu mor, \u00e4r ett par av dem. I \u00f6vrigt har h\u00e5net och hatet gjort sitt. Men bara f\u00f6r stunden, bara det m\u00f6rka dygn som varit. Vi l\u00e4ste nyss att d\u00e5 Jesu dog p\u00e5 korset, att f\u00f6rh\u00e4nget i templet brast i tv\u00e5 delar. Andra evangelister vittnar [&hellip;]\" \/>\n<meta property=\"og:url\" content=\"https:\/\/blogg.svenskakyrkan.se\/bonander\/2016\/03\/26\/aven-om-resan-understundom-sker-i-knagglig-och-bitvis-svar-terrang\/\" \/>\n<meta property=\"og:site_name\" content=\"Johan Bonander\" \/>\n<meta property=\"article:published_time\" content=\"2016-03-26T09:35:19+00:00\" \/>\n<meta property=\"article:modified_time\" content=\"2016-03-26T14:23:08+00:00\" \/>\n<meta name=\"author\" content=\"Johan Bonander\" \/>\n<meta name=\"twitter:card\" content=\"summary_large_image\" \/>\n<meta name=\"twitter:label1\" content=\"Skriven av\" \/>\n\t<meta name=\"twitter:data1\" content=\"Johan Bonander\" \/>\n\t<meta name=\"twitter:label2\" content=\"Ber\u00e4knad l\u00e4stid\" \/>\n\t<meta name=\"twitter:data2\" content=\"5 minuter\" \/>\n<script type=\"application\/ld+json\" class=\"yoast-schema-graph\">{\"@context\":\"https:\/\/schema.org\",\"@graph\":[{\"@type\":\"Article\",\"@id\":\"https:\/\/blogg.svenskakyrkan.se\/bonander\/2016\/03\/26\/aven-om-resan-understundom-sker-i-knagglig-och-bitvis-svar-terrang\/#article\",\"isPartOf\":{\"@id\":\"https:\/\/blogg.svenskakyrkan.se\/bonander\/2016\/03\/26\/aven-om-resan-understundom-sker-i-knagglig-och-bitvis-svar-terrang\/\"},\"author\":{\"name\":\"Johan Bonander\",\"@id\":\"https:\/\/blogg.svenskakyrkan.se\/bonander\/#\/schema\/person\/9581efec79b786a144018ffd0b759f67\"},\"headline\":\"\u00e4ven om resan understundom sker i knagglig och i bitvis sv\u00e5r terr\u00e4ng\",\"datePublished\":\"2016-03-26T09:35:19+00:00\",\"dateModified\":\"2016-03-26T14:23:08+00:00\",\"mainEntityOfPage\":{\"@id\":\"https:\/\/blogg.svenskakyrkan.se\/bonander\/2016\/03\/26\/aven-om-resan-understundom-sker-i-knagglig-och-bitvis-svar-terrang\/\"},\"wordCount\":1039,\"commentCount\":0,\"articleSection\":[\"Okategoriserad\"],\"inLanguage\":\"sv-SE\",\"potentialAction\":[{\"@type\":\"CommentAction\",\"name\":\"Comment\",\"target\":[\"https:\/\/blogg.svenskakyrkan.se\/bonander\/2016\/03\/26\/aven-om-resan-understundom-sker-i-knagglig-och-bitvis-svar-terrang\/#respond\"]}]},{\"@type\":\"WebPage\",\"@id\":\"https:\/\/blogg.svenskakyrkan.se\/bonander\/2016\/03\/26\/aven-om-resan-understundom-sker-i-knagglig-och-bitvis-svar-terrang\/\",\"url\":\"https:\/\/blogg.svenskakyrkan.se\/bonander\/2016\/03\/26\/aven-om-resan-understundom-sker-i-knagglig-och-bitvis-svar-terrang\/\",\"name\":\"\u00e4ven om resan understundom sker i knagglig och i bitvis sv\u00e5r terr\u00e4ng - Johan Bonander\",\"isPartOf\":{\"@id\":\"https:\/\/blogg.svenskakyrkan.se\/bonander\/#website\"},\"datePublished\":\"2016-03-26T09:35:19+00:00\",\"dateModified\":\"2016-03-26T14:23:08+00:00\",\"author\":{\"@id\":\"https:\/\/blogg.svenskakyrkan.se\/bonander\/#\/schema\/person\/9581efec79b786a144018ffd0b759f67\"},\"breadcrumb\":{\"@id\":\"https:\/\/blogg.svenskakyrkan.se\/bonander\/2016\/03\/26\/aven-om-resan-understundom-sker-i-knagglig-och-bitvis-svar-terrang\/#breadcrumb\"},\"inLanguage\":\"sv-SE\",\"potentialAction\":[{\"@type\":\"ReadAction\",\"target\":[\"https:\/\/blogg.svenskakyrkan.se\/bonander\/2016\/03\/26\/aven-om-resan-understundom-sker-i-knagglig-och-bitvis-svar-terrang\/\"]}]},{\"@type\":\"BreadcrumbList\",\"@id\":\"https:\/\/blogg.svenskakyrkan.se\/bonander\/2016\/03\/26\/aven-om-resan-understundom-sker-i-knagglig-och-bitvis-svar-terrang\/#breadcrumb\",\"itemListElement\":[{\"@type\":\"ListItem\",\"position\":1,\"name\":\"Hem\",\"item\":\"https:\/\/blogg.svenskakyrkan.se\/bonander\/\"},{\"@type\":\"ListItem\",\"position\":2,\"name\":\"\u00e4ven om resan understundom sker i knagglig och i bitvis sv\u00e5r terr\u00e4ng\"}]},{\"@type\":\"WebSite\",\"@id\":\"https:\/\/blogg.svenskakyrkan.se\/bonander\/#website\",\"url\":\"https:\/\/blogg.svenskakyrkan.se\/bonander\/\",\"name\":\"Johan Bonander\",\"description\":\"Predikningar &amp; betraktelser, framf\u00f6rda alternativt publicerade\",\"potentialAction\":[{\"@type\":\"SearchAction\",\"target\":{\"@type\":\"EntryPoint\",\"urlTemplate\":\"https:\/\/blogg.svenskakyrkan.se\/bonander\/?s={search_term_string}\"},\"query-input\":{\"@type\":\"PropertyValueSpecification\",\"valueRequired\":true,\"valueName\":\"search_term_string\"}}],\"inLanguage\":\"sv-SE\"},{\"@type\":\"Person\",\"@id\":\"https:\/\/blogg.svenskakyrkan.se\/bonander\/#\/schema\/person\/9581efec79b786a144018ffd0b759f67\",\"name\":\"Johan Bonander\",\"image\":{\"@type\":\"ImageObject\",\"inLanguage\":\"sv-SE\",\"@id\":\"https:\/\/blogg.svenskakyrkan.se\/bonander\/#\/schema\/person\/image\/\",\"url\":\"https:\/\/secure.gravatar.com\/avatar\/1f934271fde92d056502e55238a78cf5e0346d532a8a6000239e7122f1163a0a?s=96&d=mm&r=g\",\"contentUrl\":\"https:\/\/secure.gravatar.com\/avatar\/1f934271fde92d056502e55238a78cf5e0346d532a8a6000239e7122f1163a0a?s=96&d=mm&r=g\",\"caption\":\"Johan Bonander\"},\"description\":\"Kyrkoherde i Fryks\u00e4nde pastorat, kontraktsprost norra V\u00e4rmlands kontrakt, Karlstad stift\",\"sameAs\":[\"http:\/\/www.svenskakyrkan.se\/fryksande\"],\"url\":\"https:\/\/blogg.svenskakyrkan.se\/bonander\/author\/ostmarksprasten\/\"}]}<\/script>\n<!-- \/ Yoast SEO plugin. -->","yoast_head_json":{"title":"\u00e4ven om resan understundom sker i knagglig och i bitvis sv\u00e5r terr\u00e4ng - Johan Bonander","robots":{"index":"index","follow":"follow","max-snippet":"max-snippet:-1","max-image-preview":"max-image-preview:large","max-video-preview":"max-video-preview:-1"},"canonical":"https:\/\/blogg.svenskakyrkan.se\/bonander\/2016\/03\/26\/aven-om-resan-understundom-sker-i-knagglig-och-bitvis-svar-terrang\/","og_locale":"sv_SE","og_type":"article","og_title":"\u00e4ven om resan understundom sker i knagglig och i bitvis sv\u00e5r terr\u00e4ng - Johan Bonander","og_description":"Vid korsf\u00e4stelsen finns de allra trognaste n\u00e4ra. Johannes och Maria, Jesu mor, \u00e4r ett par av dem. I \u00f6vrigt har h\u00e5net och hatet gjort sitt. Men bara f\u00f6r stunden, bara det m\u00f6rka dygn som varit. Vi l\u00e4ste nyss att d\u00e5 Jesu dog p\u00e5 korset, att f\u00f6rh\u00e4nget i templet brast i tv\u00e5 delar. Andra evangelister vittnar [&hellip;]","og_url":"https:\/\/blogg.svenskakyrkan.se\/bonander\/2016\/03\/26\/aven-om-resan-understundom-sker-i-knagglig-och-bitvis-svar-terrang\/","og_site_name":"Johan Bonander","article_published_time":"2016-03-26T09:35:19+00:00","article_modified_time":"2016-03-26T14:23:08+00:00","author":"Johan Bonander","twitter_card":"summary_large_image","twitter_misc":{"Skriven av":"Johan Bonander","Ber\u00e4knad l\u00e4stid":"5 minuter"},"schema":{"@context":"https:\/\/schema.org","@graph":[{"@type":"Article","@id":"https:\/\/blogg.svenskakyrkan.se\/bonander\/2016\/03\/26\/aven-om-resan-understundom-sker-i-knagglig-och-bitvis-svar-terrang\/#article","isPartOf":{"@id":"https:\/\/blogg.svenskakyrkan.se\/bonander\/2016\/03\/26\/aven-om-resan-understundom-sker-i-knagglig-och-bitvis-svar-terrang\/"},"author":{"name":"Johan Bonander","@id":"https:\/\/blogg.svenskakyrkan.se\/bonander\/#\/schema\/person\/9581efec79b786a144018ffd0b759f67"},"headline":"\u00e4ven om resan understundom sker i knagglig och i bitvis sv\u00e5r terr\u00e4ng","datePublished":"2016-03-26T09:35:19+00:00","dateModified":"2016-03-26T14:23:08+00:00","mainEntityOfPage":{"@id":"https:\/\/blogg.svenskakyrkan.se\/bonander\/2016\/03\/26\/aven-om-resan-understundom-sker-i-knagglig-och-bitvis-svar-terrang\/"},"wordCount":1039,"commentCount":0,"articleSection":["Okategoriserad"],"inLanguage":"sv-SE","potentialAction":[{"@type":"CommentAction","name":"Comment","target":["https:\/\/blogg.svenskakyrkan.se\/bonander\/2016\/03\/26\/aven-om-resan-understundom-sker-i-knagglig-och-bitvis-svar-terrang\/#respond"]}]},{"@type":"WebPage","@id":"https:\/\/blogg.svenskakyrkan.se\/bonander\/2016\/03\/26\/aven-om-resan-understundom-sker-i-knagglig-och-bitvis-svar-terrang\/","url":"https:\/\/blogg.svenskakyrkan.se\/bonander\/2016\/03\/26\/aven-om-resan-understundom-sker-i-knagglig-och-bitvis-svar-terrang\/","name":"\u00e4ven om resan understundom sker i knagglig och i bitvis sv\u00e5r terr\u00e4ng - Johan Bonander","isPartOf":{"@id":"https:\/\/blogg.svenskakyrkan.se\/bonander\/#website"},"datePublished":"2016-03-26T09:35:19+00:00","dateModified":"2016-03-26T14:23:08+00:00","author":{"@id":"https:\/\/blogg.svenskakyrkan.se\/bonander\/#\/schema\/person\/9581efec79b786a144018ffd0b759f67"},"breadcrumb":{"@id":"https:\/\/blogg.svenskakyrkan.se\/bonander\/2016\/03\/26\/aven-om-resan-understundom-sker-i-knagglig-och-bitvis-svar-terrang\/#breadcrumb"},"inLanguage":"sv-SE","potentialAction":[{"@type":"ReadAction","target":["https:\/\/blogg.svenskakyrkan.se\/bonander\/2016\/03\/26\/aven-om-resan-understundom-sker-i-knagglig-och-bitvis-svar-terrang\/"]}]},{"@type":"BreadcrumbList","@id":"https:\/\/blogg.svenskakyrkan.se\/bonander\/2016\/03\/26\/aven-om-resan-understundom-sker-i-knagglig-och-bitvis-svar-terrang\/#breadcrumb","itemListElement":[{"@type":"ListItem","position":1,"name":"Hem","item":"https:\/\/blogg.svenskakyrkan.se\/bonander\/"},{"@type":"ListItem","position":2,"name":"\u00e4ven om resan understundom sker i knagglig och i bitvis sv\u00e5r terr\u00e4ng"}]},{"@type":"WebSite","@id":"https:\/\/blogg.svenskakyrkan.se\/bonander\/#website","url":"https:\/\/blogg.svenskakyrkan.se\/bonander\/","name":"Johan Bonander","description":"Predikningar &amp; betraktelser, framf\u00f6rda alternativt publicerade","potentialAction":[{"@type":"SearchAction","target":{"@type":"EntryPoint","urlTemplate":"https:\/\/blogg.svenskakyrkan.se\/bonander\/?s={search_term_string}"},"query-input":{"@type":"PropertyValueSpecification","valueRequired":true,"valueName":"search_term_string"}}],"inLanguage":"sv-SE"},{"@type":"Person","@id":"https:\/\/blogg.svenskakyrkan.se\/bonander\/#\/schema\/person\/9581efec79b786a144018ffd0b759f67","name":"Johan Bonander","image":{"@type":"ImageObject","inLanguage":"sv-SE","@id":"https:\/\/blogg.svenskakyrkan.se\/bonander\/#\/schema\/person\/image\/","url":"https:\/\/secure.gravatar.com\/avatar\/1f934271fde92d056502e55238a78cf5e0346d532a8a6000239e7122f1163a0a?s=96&d=mm&r=g","contentUrl":"https:\/\/secure.gravatar.com\/avatar\/1f934271fde92d056502e55238a78cf5e0346d532a8a6000239e7122f1163a0a?s=96&d=mm&r=g","caption":"Johan Bonander"},"description":"Kyrkoherde i Fryks\u00e4nde pastorat, kontraktsprost norra V\u00e4rmlands kontrakt, Karlstad stift","sameAs":["http:\/\/www.svenskakyrkan.se\/fryksande"],"url":"https:\/\/blogg.svenskakyrkan.se\/bonander\/author\/ostmarksprasten\/"}]}},"author_meta":{"ID":"42","user_nicename":"ostmarksprasten","user_url":"http:\/\/www.svenskakyrkan.se\/fryksande","user_registered":"2011-01-14 06:33:35","display_name":"Johan Bonander","first_name":"Johan","last_name":"Bonander","avatar":"https:\/\/secure.gravatar.com\/avatar\/1f934271fde92d056502e55238a78cf5e0346d532a8a6000239e7122f1163a0a?s=96&d=mm&r=g"},"featured_image":false,"bloginfo":{"name":"Johan Bonander","url":"https:\/\/blogg.svenskakyrkan.se\/bonander"},"_links":{"self":[{"href":"https:\/\/blogg.svenskakyrkan.se\/bonander\/wp-json\/wp\/v2\/posts\/569","targetHints":{"allow":["GET"]}}],"collection":[{"href":"https:\/\/blogg.svenskakyrkan.se\/bonander\/wp-json\/wp\/v2\/posts"}],"about":[{"href":"https:\/\/blogg.svenskakyrkan.se\/bonander\/wp-json\/wp\/v2\/types\/post"}],"author":[{"embeddable":true,"href":"https:\/\/blogg.svenskakyrkan.se\/bonander\/wp-json\/wp\/v2\/users\/42"}],"replies":[{"embeddable":true,"href":"https:\/\/blogg.svenskakyrkan.se\/bonander\/wp-json\/wp\/v2\/comments?post=569"}],"version-history":[{"count":5,"href":"https:\/\/blogg.svenskakyrkan.se\/bonander\/wp-json\/wp\/v2\/posts\/569\/revisions"}],"predecessor-version":[{"id":583,"href":"https:\/\/blogg.svenskakyrkan.se\/bonander\/wp-json\/wp\/v2\/posts\/569\/revisions\/583"}],"wp:attachment":[{"href":"https:\/\/blogg.svenskakyrkan.se\/bonander\/wp-json\/wp\/v2\/media?parent=569"}],"wp:term":[{"taxonomy":"category","embeddable":true,"href":"https:\/\/blogg.svenskakyrkan.se\/bonander\/wp-json\/wp\/v2\/categories?post=569"},{"taxonomy":"post_tag","embeddable":true,"href":"https:\/\/blogg.svenskakyrkan.se\/bonander\/wp-json\/wp\/v2\/tags?post=569"}],"curies":[{"name":"wp","href":"https:\/\/api.w.org\/{rel}","templated":true}]}}