{"id":664,"date":"2017-04-03T18:35:20","date_gmt":"2017-04-03T16:35:20","guid":{"rendered":"http:\/\/blogg.svenskakyrkan.se\/bonander\/?p=664"},"modified":"2017-04-03T18:35:20","modified_gmt":"2017-04-03T16:35:20","slug":"sjalens-dunkla-natt","status":"publish","type":"post","link":"https:\/\/blogg.svenskakyrkan.se\/bonander\/2017\/04\/03\/sjalens-dunkla-natt\/","title":{"rendered":"Sj\u00e4lens dunkla natt"},"content":{"rendered":"<p>Situationen med den besatte pojken och den hj\u00e4lpl\u00f6se fadern \u00e4r v\u00e4l k\u00e4nd och har filmats och tecknats ned och beskrivits av otaliga uttolkare. I filmen Jesus fr\u00e5n Nasaret st\u00e4ller sig Jesus framf\u00f6r pojken, tar upp ena handen och s\u00e4ger <em>Satan, l\u00e4mna honom.<\/em> Det \u00e4r s\u00e5 skickligt filmat, pojkens f\u00f6rvandling fr\u00e5n galen och besatt till lugn och fri \u00e4r s\u00e5 skickligt gestaltad och pojken gr\u00e5ter sen l\u00e4ttad ut i sin \u00e4lskade pappas famn, \u00e4ntligen \u00e4r han sig sj\u00e4lv igen. Pappan \u00e4r s\u00e5 tacksam. Vad \u00e4r det som h\u00e4nder \u2013 ja vi har m\u00e5nga uttolkningar. N\u00e4rmast till hands ligger f\u00f6rst\u00e5s att pojken lider av epilepsi och d\u00e5 nu hans samtid tolkade sjukdomar som besatthet att Jesus helt enkelt anv\u00e4nder sig av den f\u00f6rklaringsmodellen, hans samtids f\u00f6rklaringsmodell f\u00f6r att g\u00f6ra pojken frisk. Samtidigt \u2013 och det vore fegt att inte ber\u00f6ra det \u2013 s\u00e5 finns det de som h\u00e4vdar av egen erfarenhet att p\u00e5verkan av negativa andliga krafter kan vara en realitet. Paulus skriver i Efesirebrevet: <em>Ty den kamp vi hava att utk\u00e4mpa \u00e4r en kamp icke mot k\u00f6tt och blod, utan mot furstar och v\u00e4ldigheter och v\u00e4rldsh\u00e4rskare, som r\u00e5da h\u00e4r i m\u00f6rkret, mot ondskans andemakter i himlarymderna.<\/em> Och jag minns en del patienter jag tr\u00e4ffat under mina 15 \u00e5r som mentalsk\u00f6tare i psykiatrin hur ett f\u00e5tal av dem, ja verkligen bara ett f\u00e5tal, men hur dessa som jag kan r\u00e4kna p\u00e5 ena handens fem fingrar p\u00e5 ett trov\u00e4rdigt vis kunde ber\u00e4tta hur de kunde erfara hur ett m\u00f6rkt andev\u00e4sen uppmanande dem att skada andra och sig sj\u00e4lva. Hallucinationer s\u00e4ger vi, imperativa r\u00f6sthallucinationer men vad vet vi om verkligheten? \u00c4r alla dr\u00f6mmar bara en dr\u00f6m, \u00e4ven de mest glasklara d\u00e5 vi m\u00f6ter den n\u00e4ra och k\u00e4ra som g\u00e5tt bort och d\u00e4r vi rentav kan ta p\u00e5 han eller henne, vi vaknar upp, trosvissa. Ja vad \u00e4r verklighet, vet vi alltid det? Det vore s\u00e5 frestande att bara avf\u00e4rda allt s\u00e5dant h\u00e4r sv\u00e5rf\u00f6rklarat som inbillning &#8211; men vad vet vi??<\/p>\n<p><strong>D<\/strong>et vi vet i den situation Markusevangelisten tecknar \u00e4r i vart fall pappans totala utblottelse och tro p\u00e5 Jesu f\u00f6rm\u00e5ga, precis som den romerske officeren som ber om hj\u00e4lp f\u00f6r sin tj\u00e4nare eller f\u00f6r den delen kvinnan med bl\u00f6dningar hon pl\u00e5gats av i m\u00e5nga \u00e5r som i folkhopen t\u00e4nker att bara jag f\u00e5r r\u00f6ra vid Jesu mantel blir jag frisk. Det \u00e4r den sortens b\u00f6n Jesus menar t\u00e4nker jag \u2013 b\u00f6nen d\u00e5 vi \u00e4r l\u00e4ngst ute p\u00e5 grenen och inte har n\u00e5gon annan att ty oss till \u00e4n Jesus, \u00e4n Gud. Och d\u00e5 \u00e4r v\u00e5r Herre d\u00e4r, starkare \u00e4n n\u00e5gonsin. Tar oss i sin famn, befriar oss. Det finns m\u00e5nga som har den erfarenheten, att vi inte \u00e4r ensamma, Gud vakar \u00f6ver oss, finns med mig. Inte minst n\u00e5r den erfarenheten oss ofta d\u00e5 vi m\u00e5ste g\u00e5 den v\u00e4g v\u00e5rt hj\u00e4rta manar oss och vi g\u00e5r iv\u00e4g i ensamhet, f\u00f6r s\u00e5 \u00e4r det ofta, Gud kallar oss en och en. \u00a0Den smala stigen, inte den breda. Samtidigt f\u00e5r inte avsaknaden av upplevelser att vara v\u00e4gledda av Gud ligga till grund f\u00f6r att tror att vi st\u00e5r utanf\u00f6r Guds l\u00f6fte.<\/p>\n<p>En mystiker som beskriver detta \u00e4r Johannes av korset som skrev boken Sj\u00e4lens dunkla natt. Denne Johannes levde p\u00e5 1500 talet och han menade att som en del i den troendes erfarenhet ing\u00e5r \u00e4ven att ha perioder av tvivel och m\u00f6rker och i dessa stunder av tvivel s\u00e5 kan det s\u00e5ledes ing\u00e5 perioder att inte kunna erfara Gud.<\/p>\n<p>Det glada budskapet Jesus kommer med kan rentav upplevas irrelevant. Jag blir inte ber\u00f6rd. Uppgiften d\u00e5 menar Johannes av korset \u00e4r \u00e4r att v\u00e5ga lita p\u00e5 l\u00f6ftet, v\u00e5ga leva i tron trots m\u00f6rkret, tvivlet, tystnaden. H\u00e4r \u00e4r pappan en s\u00e5 vacker symbol f\u00f6r detta, hans f\u00f6rtvivlade rop till Jesus. &#8221;Jag tror, hj\u00e4lp min otro&#8221;. Hur mycket hade han inte pr\u00f6vats, oroats, varit ute p\u00e5 den yttersta grenen, hans son var p\u00e5 v\u00e4g att g\u00e5 under. B\u00f6nen som v\u00e4nder sig till Jesus bes i insikten om att utom honom finns inget som kan hj\u00e4lpa oss.<\/p>\n<p>Det \u00e4r samma b\u00f6n, som Petrus ber n\u00e4r v\u00e5gorna h\u00f6ll p\u00e5 att sluka honom. Det \u00e4r en b\u00f6n som inte l\u00e4ngre f\u00f6reskriver Gud vad han ska g\u00f6ra, utan som kastar oss i hans famn, utan f\u00f6rbeh\u00e5ll och utan \u00e5terv\u00e4ndo. Tron som den enda m\u00f6jliga v\u00e4gen fram. \u00a0Och m\u00e5nga som har en tro lever inte alltid i en familj, i ett sammanhang d\u00e4r att tro \u00e4r rumsrent. Jag f\u00e5r smyga iv\u00e4g till en gudstj\u00e4nst, till en bok, en andlig s\u00e5ng. L\u00e4ngtan som fyller mig med en s\u00e5dan frid d\u00e5 jag m\u00f6ter Jesu ord fungerar tv\u00e4rtemot f\u00f6r den jag lever med. M\u00e5nga vittnar h\u00e4r om en v\u00e4ldig ensamhet. Men \u00e4ven om insikten att skulle de vara tvungna att v\u00e4lja, den sociala tryggheten eller tron, s\u00e5 kan de inte leva utan tron. &#8221;Jag tror, hj\u00e4lp min otro&#8221; sa pappan och vi kan komma att s\u00e4ga detsamma d\u00e5 vi utmanas, d\u00e5 vi v\u00e4ljer Gud, ljuset, handen som vill leda oss. Det \u00e4r n\u00e4r vi \u00e4r vid den punkten, som demoner och avgrundsv\u00e5gor och sj\u00e4lva d\u00f6den mister sin makt. D\u00e5 kan han dra oss upp, r\u00e4dda oss, ge oss livet \u00e5ter, som fri g\u00e5va.<\/p>\n","protected":false},"excerpt":{"rendered":"<p>Situationen med den besatte pojken och den hj\u00e4lpl\u00f6se fadern \u00e4r v\u00e4l k\u00e4nd och har filmats och tecknats ned och beskrivits av otaliga uttolkare. I filmen Jesus fr\u00e5n Nasaret st\u00e4ller sig Jesus framf\u00f6r pojken, tar upp ena handen och s\u00e4ger Satan, l\u00e4mna honom. Det \u00e4r s\u00e5 skickligt filmat, pojkens f\u00f6rvandling fr\u00e5n galen och besatt till lugn [&hellip;]<\/p>\n","protected":false},"author":42,"featured_media":0,"comment_status":"open","ping_status":"open","sticky":false,"template":"","format":"standard","meta":{"_acf_changed":false,"footnotes":""},"categories":[1],"tags":[],"class_list":["post-664","post","type-post","status-publish","format-standard","hentry","category-okategoriserad"],"acf":[],"yoast_head":"<!-- This site is optimized with the Yoast SEO plugin v27.1.1 - https:\/\/yoast.com\/product\/yoast-seo-wordpress\/ -->\n<title>Sj\u00e4lens dunkla natt - Johan Bonander<\/title>\n<meta name=\"robots\" content=\"index, follow, max-snippet:-1, max-image-preview:large, max-video-preview:-1\" \/>\n<link rel=\"canonical\" href=\"https:\/\/blogg.svenskakyrkan.se\/bonander\/2017\/04\/03\/sjalens-dunkla-natt\/\" \/>\n<meta property=\"og:locale\" content=\"sv_SE\" \/>\n<meta property=\"og:type\" content=\"article\" \/>\n<meta property=\"og:title\" content=\"Sj\u00e4lens dunkla natt - Johan Bonander\" \/>\n<meta property=\"og:description\" content=\"Situationen med den besatte pojken och den hj\u00e4lpl\u00f6se fadern \u00e4r v\u00e4l k\u00e4nd och har filmats och tecknats ned och beskrivits av otaliga uttolkare. I filmen Jesus fr\u00e5n Nasaret st\u00e4ller sig Jesus framf\u00f6r pojken, tar upp ena handen och s\u00e4ger Satan, l\u00e4mna honom. Det \u00e4r s\u00e5 skickligt filmat, pojkens f\u00f6rvandling fr\u00e5n galen och besatt till lugn [&hellip;]\" \/>\n<meta property=\"og:url\" content=\"https:\/\/blogg.svenskakyrkan.se\/bonander\/2017\/04\/03\/sjalens-dunkla-natt\/\" \/>\n<meta property=\"og:site_name\" content=\"Johan Bonander\" \/>\n<meta property=\"article:published_time\" content=\"2017-04-03T16:35:20+00:00\" \/>\n<meta name=\"author\" content=\"Johan Bonander\" \/>\n<meta name=\"twitter:card\" content=\"summary_large_image\" \/>\n<meta name=\"twitter:label1\" content=\"Skriven av\" \/>\n\t<meta name=\"twitter:data1\" content=\"Johan Bonander\" \/>\n\t<meta name=\"twitter:label2\" content=\"Ber\u00e4knad l\u00e4stid\" \/>\n\t<meta name=\"twitter:data2\" content=\"5 minuter\" \/>\n<script type=\"application\/ld+json\" class=\"yoast-schema-graph\">{\"@context\":\"https:\/\/schema.org\",\"@graph\":[{\"@type\":\"Article\",\"@id\":\"https:\/\/blogg.svenskakyrkan.se\/bonander\/2017\/04\/03\/sjalens-dunkla-natt\/#article\",\"isPartOf\":{\"@id\":\"https:\/\/blogg.svenskakyrkan.se\/bonander\/2017\/04\/03\/sjalens-dunkla-natt\/\"},\"author\":{\"name\":\"Johan Bonander\",\"@id\":\"https:\/\/blogg.svenskakyrkan.se\/bonander\/#\/schema\/person\/9581efec79b786a144018ffd0b759f67\"},\"headline\":\"Sj\u00e4lens dunkla natt\",\"datePublished\":\"2017-04-03T16:35:20+00:00\",\"mainEntityOfPage\":{\"@id\":\"https:\/\/blogg.svenskakyrkan.se\/bonander\/2017\/04\/03\/sjalens-dunkla-natt\/\"},\"wordCount\":1003,\"commentCount\":0,\"articleSection\":[\"Okategoriserad\"],\"inLanguage\":\"sv-SE\",\"potentialAction\":[{\"@type\":\"CommentAction\",\"name\":\"Comment\",\"target\":[\"https:\/\/blogg.svenskakyrkan.se\/bonander\/2017\/04\/03\/sjalens-dunkla-natt\/#respond\"]}]},{\"@type\":\"WebPage\",\"@id\":\"https:\/\/blogg.svenskakyrkan.se\/bonander\/2017\/04\/03\/sjalens-dunkla-natt\/\",\"url\":\"https:\/\/blogg.svenskakyrkan.se\/bonander\/2017\/04\/03\/sjalens-dunkla-natt\/\",\"name\":\"Sj\u00e4lens dunkla natt - Johan Bonander\",\"isPartOf\":{\"@id\":\"https:\/\/blogg.svenskakyrkan.se\/bonander\/#website\"},\"datePublished\":\"2017-04-03T16:35:20+00:00\",\"author\":{\"@id\":\"https:\/\/blogg.svenskakyrkan.se\/bonander\/#\/schema\/person\/9581efec79b786a144018ffd0b759f67\"},\"breadcrumb\":{\"@id\":\"https:\/\/blogg.svenskakyrkan.se\/bonander\/2017\/04\/03\/sjalens-dunkla-natt\/#breadcrumb\"},\"inLanguage\":\"sv-SE\",\"potentialAction\":[{\"@type\":\"ReadAction\",\"target\":[\"https:\/\/blogg.svenskakyrkan.se\/bonander\/2017\/04\/03\/sjalens-dunkla-natt\/\"]}]},{\"@type\":\"BreadcrumbList\",\"@id\":\"https:\/\/blogg.svenskakyrkan.se\/bonander\/2017\/04\/03\/sjalens-dunkla-natt\/#breadcrumb\",\"itemListElement\":[{\"@type\":\"ListItem\",\"position\":1,\"name\":\"Hem\",\"item\":\"https:\/\/blogg.svenskakyrkan.se\/bonander\/\"},{\"@type\":\"ListItem\",\"position\":2,\"name\":\"Sj\u00e4lens dunkla natt\"}]},{\"@type\":\"WebSite\",\"@id\":\"https:\/\/blogg.svenskakyrkan.se\/bonander\/#website\",\"url\":\"https:\/\/blogg.svenskakyrkan.se\/bonander\/\",\"name\":\"Johan Bonander\",\"description\":\"Predikningar &amp; betraktelser, framf\u00f6rda alternativt publicerade\",\"potentialAction\":[{\"@type\":\"SearchAction\",\"target\":{\"@type\":\"EntryPoint\",\"urlTemplate\":\"https:\/\/blogg.svenskakyrkan.se\/bonander\/?s={search_term_string}\"},\"query-input\":{\"@type\":\"PropertyValueSpecification\",\"valueRequired\":true,\"valueName\":\"search_term_string\"}}],\"inLanguage\":\"sv-SE\"},{\"@type\":\"Person\",\"@id\":\"https:\/\/blogg.svenskakyrkan.se\/bonander\/#\/schema\/person\/9581efec79b786a144018ffd0b759f67\",\"name\":\"Johan Bonander\",\"image\":{\"@type\":\"ImageObject\",\"inLanguage\":\"sv-SE\",\"@id\":\"https:\/\/blogg.svenskakyrkan.se\/bonander\/#\/schema\/person\/image\/\",\"url\":\"https:\/\/secure.gravatar.com\/avatar\/1f934271fde92d056502e55238a78cf5e0346d532a8a6000239e7122f1163a0a?s=96&d=mm&r=g\",\"contentUrl\":\"https:\/\/secure.gravatar.com\/avatar\/1f934271fde92d056502e55238a78cf5e0346d532a8a6000239e7122f1163a0a?s=96&d=mm&r=g\",\"caption\":\"Johan Bonander\"},\"description\":\"Kyrkoherde i Fryks\u00e4nde pastorat, kontraktsprost norra V\u00e4rmlands kontrakt, Karlstad stift\",\"sameAs\":[\"http:\/\/www.svenskakyrkan.se\/fryksande\"],\"url\":\"https:\/\/blogg.svenskakyrkan.se\/bonander\/author\/ostmarksprasten\/\"}]}<\/script>\n<!-- \/ Yoast SEO plugin. -->","yoast_head_json":{"title":"Sj\u00e4lens dunkla natt - Johan Bonander","robots":{"index":"index","follow":"follow","max-snippet":"max-snippet:-1","max-image-preview":"max-image-preview:large","max-video-preview":"max-video-preview:-1"},"canonical":"https:\/\/blogg.svenskakyrkan.se\/bonander\/2017\/04\/03\/sjalens-dunkla-natt\/","og_locale":"sv_SE","og_type":"article","og_title":"Sj\u00e4lens dunkla natt - Johan Bonander","og_description":"Situationen med den besatte pojken och den hj\u00e4lpl\u00f6se fadern \u00e4r v\u00e4l k\u00e4nd och har filmats och tecknats ned och beskrivits av otaliga uttolkare. I filmen Jesus fr\u00e5n Nasaret st\u00e4ller sig Jesus framf\u00f6r pojken, tar upp ena handen och s\u00e4ger Satan, l\u00e4mna honom. Det \u00e4r s\u00e5 skickligt filmat, pojkens f\u00f6rvandling fr\u00e5n galen och besatt till lugn [&hellip;]","og_url":"https:\/\/blogg.svenskakyrkan.se\/bonander\/2017\/04\/03\/sjalens-dunkla-natt\/","og_site_name":"Johan Bonander","article_published_time":"2017-04-03T16:35:20+00:00","author":"Johan Bonander","twitter_card":"summary_large_image","twitter_misc":{"Skriven av":"Johan Bonander","Ber\u00e4knad l\u00e4stid":"5 minuter"},"schema":{"@context":"https:\/\/schema.org","@graph":[{"@type":"Article","@id":"https:\/\/blogg.svenskakyrkan.se\/bonander\/2017\/04\/03\/sjalens-dunkla-natt\/#article","isPartOf":{"@id":"https:\/\/blogg.svenskakyrkan.se\/bonander\/2017\/04\/03\/sjalens-dunkla-natt\/"},"author":{"name":"Johan Bonander","@id":"https:\/\/blogg.svenskakyrkan.se\/bonander\/#\/schema\/person\/9581efec79b786a144018ffd0b759f67"},"headline":"Sj\u00e4lens dunkla natt","datePublished":"2017-04-03T16:35:20+00:00","mainEntityOfPage":{"@id":"https:\/\/blogg.svenskakyrkan.se\/bonander\/2017\/04\/03\/sjalens-dunkla-natt\/"},"wordCount":1003,"commentCount":0,"articleSection":["Okategoriserad"],"inLanguage":"sv-SE","potentialAction":[{"@type":"CommentAction","name":"Comment","target":["https:\/\/blogg.svenskakyrkan.se\/bonander\/2017\/04\/03\/sjalens-dunkla-natt\/#respond"]}]},{"@type":"WebPage","@id":"https:\/\/blogg.svenskakyrkan.se\/bonander\/2017\/04\/03\/sjalens-dunkla-natt\/","url":"https:\/\/blogg.svenskakyrkan.se\/bonander\/2017\/04\/03\/sjalens-dunkla-natt\/","name":"Sj\u00e4lens dunkla natt - Johan Bonander","isPartOf":{"@id":"https:\/\/blogg.svenskakyrkan.se\/bonander\/#website"},"datePublished":"2017-04-03T16:35:20+00:00","author":{"@id":"https:\/\/blogg.svenskakyrkan.se\/bonander\/#\/schema\/person\/9581efec79b786a144018ffd0b759f67"},"breadcrumb":{"@id":"https:\/\/blogg.svenskakyrkan.se\/bonander\/2017\/04\/03\/sjalens-dunkla-natt\/#breadcrumb"},"inLanguage":"sv-SE","potentialAction":[{"@type":"ReadAction","target":["https:\/\/blogg.svenskakyrkan.se\/bonander\/2017\/04\/03\/sjalens-dunkla-natt\/"]}]},{"@type":"BreadcrumbList","@id":"https:\/\/blogg.svenskakyrkan.se\/bonander\/2017\/04\/03\/sjalens-dunkla-natt\/#breadcrumb","itemListElement":[{"@type":"ListItem","position":1,"name":"Hem","item":"https:\/\/blogg.svenskakyrkan.se\/bonander\/"},{"@type":"ListItem","position":2,"name":"Sj\u00e4lens dunkla natt"}]},{"@type":"WebSite","@id":"https:\/\/blogg.svenskakyrkan.se\/bonander\/#website","url":"https:\/\/blogg.svenskakyrkan.se\/bonander\/","name":"Johan Bonander","description":"Predikningar &amp; betraktelser, framf\u00f6rda alternativt publicerade","potentialAction":[{"@type":"SearchAction","target":{"@type":"EntryPoint","urlTemplate":"https:\/\/blogg.svenskakyrkan.se\/bonander\/?s={search_term_string}"},"query-input":{"@type":"PropertyValueSpecification","valueRequired":true,"valueName":"search_term_string"}}],"inLanguage":"sv-SE"},{"@type":"Person","@id":"https:\/\/blogg.svenskakyrkan.se\/bonander\/#\/schema\/person\/9581efec79b786a144018ffd0b759f67","name":"Johan Bonander","image":{"@type":"ImageObject","inLanguage":"sv-SE","@id":"https:\/\/blogg.svenskakyrkan.se\/bonander\/#\/schema\/person\/image\/","url":"https:\/\/secure.gravatar.com\/avatar\/1f934271fde92d056502e55238a78cf5e0346d532a8a6000239e7122f1163a0a?s=96&d=mm&r=g","contentUrl":"https:\/\/secure.gravatar.com\/avatar\/1f934271fde92d056502e55238a78cf5e0346d532a8a6000239e7122f1163a0a?s=96&d=mm&r=g","caption":"Johan Bonander"},"description":"Kyrkoherde i Fryks\u00e4nde pastorat, kontraktsprost norra V\u00e4rmlands kontrakt, Karlstad stift","sameAs":["http:\/\/www.svenskakyrkan.se\/fryksande"],"url":"https:\/\/blogg.svenskakyrkan.se\/bonander\/author\/ostmarksprasten\/"}]}},"author_meta":{"ID":"42","user_nicename":"ostmarksprasten","user_url":"http:\/\/www.svenskakyrkan.se\/fryksande","user_registered":"2011-01-14 06:33:35","display_name":"Johan Bonander","first_name":"Johan","last_name":"Bonander","avatar":"https:\/\/secure.gravatar.com\/avatar\/1f934271fde92d056502e55238a78cf5e0346d532a8a6000239e7122f1163a0a?s=96&d=mm&r=g"},"featured_image":false,"bloginfo":{"name":"Johan Bonander","url":"https:\/\/blogg.svenskakyrkan.se\/bonander"},"_links":{"self":[{"href":"https:\/\/blogg.svenskakyrkan.se\/bonander\/wp-json\/wp\/v2\/posts\/664","targetHints":{"allow":["GET"]}}],"collection":[{"href":"https:\/\/blogg.svenskakyrkan.se\/bonander\/wp-json\/wp\/v2\/posts"}],"about":[{"href":"https:\/\/blogg.svenskakyrkan.se\/bonander\/wp-json\/wp\/v2\/types\/post"}],"author":[{"embeddable":true,"href":"https:\/\/blogg.svenskakyrkan.se\/bonander\/wp-json\/wp\/v2\/users\/42"}],"replies":[{"embeddable":true,"href":"https:\/\/blogg.svenskakyrkan.se\/bonander\/wp-json\/wp\/v2\/comments?post=664"}],"version-history":[{"count":1,"href":"https:\/\/blogg.svenskakyrkan.se\/bonander\/wp-json\/wp\/v2\/posts\/664\/revisions"}],"predecessor-version":[{"id":666,"href":"https:\/\/blogg.svenskakyrkan.se\/bonander\/wp-json\/wp\/v2\/posts\/664\/revisions\/666"}],"wp:attachment":[{"href":"https:\/\/blogg.svenskakyrkan.se\/bonander\/wp-json\/wp\/v2\/media?parent=664"}],"wp:term":[{"taxonomy":"category","embeddable":true,"href":"https:\/\/blogg.svenskakyrkan.se\/bonander\/wp-json\/wp\/v2\/categories?post=664"},{"taxonomy":"post_tag","embeddable":true,"href":"https:\/\/blogg.svenskakyrkan.se\/bonander\/wp-json\/wp\/v2\/tags?post=664"}],"curies":[{"name":"wp","href":"https:\/\/api.w.org\/{rel}","templated":true}]}}