{"id":792,"date":"2018-12-26T08:29:41","date_gmt":"2018-12-26T06:29:41","guid":{"rendered":"http:\/\/blogg.svenskakyrkan.se\/bonander\/?p=792"},"modified":"2018-12-26T08:36:08","modified_gmt":"2018-12-26T06:36:08","slug":"julottetankar-2018","status":"publish","type":"post","link":"https:\/\/blogg.svenskakyrkan.se\/bonander\/2018\/12\/26\/julottetankar-2018\/","title":{"rendered":"Julottetankar 2018"},"content":{"rendered":"<p>Det \u00e4r jul och med den ofta minnen och h\u00e5gkomster.<\/p>\n<p>Inte s\u00e4llan finns ett str\u00e5k av sorg eller vemod \u00f6ver att inte ha n\u00e5gon n\u00e4ra och k\u00e4r kvar i livet, minnen, \u00e5minnelser, tankar kommer och g\u00e5r. Ett liv g\u00e5r s\u00e5 fort. Barn v\u00e4xer s\u00e5 fort.<\/p>\n<p>Med dessa minnen inte s\u00e4llan fr\u00e5gan &#8211; hur \u00e4r mitt liv, hur blev det som det blev, \u00e4r jag n\u00f6jd med att vara d\u00e4r jag \u00e4r?<\/p>\n<p>Och s\u00e5 m\u00f6ts vi h\u00e4r vid jul \u2013 i kyrkorummet \u2013 v\u00e5rt gemensamma svensk kyrkliga kyrkorum i v\u00e5r f\u00f6rsamling \u00a0&#8211; idag fyllt med levande ljus, underbart vacker musik framf\u00f6rd av k\u00f6r och k\u00f6rsolister.<\/p>\n<p>Allt har f\u00f6reg\u00e5tts av att v\u00e5ra vaktm\u00e4stare och lokalv\u00e5rdare skurat och fejat och satt upp granar och glasen kring alla ljus i b\u00e4nkarna har diskats och putsats, nya blommor har inhandlats, och vi har testk\u00f6rt ljudet Och alla anstr\u00e4ngningar har \u2013 egentligen \u2013 ett enda syfte och det \u00e4r att b\u00e4ra fram budskapet om Jesus Kristus, att det \u00e4r en realitet, n\u00e5got som i h\u00f6gsta grad ang\u00e5r oss och som du och jag, som vi, m\u00e5ste ta st\u00e4llning till. Mitt i v\u00e5ra liv, v\u00e5r vardag. Och nu inte med en axelryckning utan med n\u00e5gon form av inre avsiktsf\u00f6rklaring. F\u00f6r han s\u00f6ker oss, dig och mig och vi har att svara an. Antingen genom att avf\u00e4rda eller genom att s\u00e4ga ja.<\/p>\n<p><em>Att s\u00e4ga ja\u2026 <\/em>Det h\u00e4r erbjudandet, den h\u00e4r m\u00f6jligheten, att vi \u00e4r h\u00e4r idag i ett land i norden och har detta erbjudande att ta st\u00e4llning till, som en realitet, <em>\u00a0det har vi s\u00e5 m\u00e5nga f\u00f6re oss att tacka f\u00f6r. <\/em>M\u00e4nniskor som vigt sitt liv f\u00f6r budskapet och som uppoffrat b\u00e5de det ena och det andra, inte s\u00e4llan det egna livet; just f\u00f6r att du och jag idag i lugn och ro ska kunna ta st\u00e4llning till om vi vill l\u00e5ta Jesus Kristus ha att g\u00f6ra med oss eller inte.<\/p>\n<p>Att vilja ha att g\u00f6ra med Jesus Kristus kan ofta k\u00e4nnas som en vag l\u00e4ngtan att vilja komma hit, in i kyrkorummet, h\u00f6ra musiken, njuta av rummet, kanske ta emot nattvarden, kanske b\u00e4ra ett silver eller guldkors mot br\u00f6stet; att k\u00e4nna sig befryndad, ja upplyft av budskapet. Att s\u00e4ga ja och inte nej, utan ja, ja herre jag vill eller som Maria d\u00e5 hon fick beskedet att hon skulle bli havande med ett v\u00e4ldigt speciellt barn att ja, l\u00e5t det ske, jag \u00e4r Herrens tj\u00e4narinna.<\/p>\n<p>Att vilja vara Herrens tj\u00e4nare eller tj\u00e4narinna handlar om hur budskapet landar d\u00e4r inne i br\u00f6stet. Och att vara tj\u00e4nare och tj\u00e4narinna \u00e4r att i den vardag jag befinner mig efterstr\u00e4va att st\u00e5 upp f\u00f6r de principer som Jesus Kristus genom sin ankomst, sitt liv, sin undervisning och sin n\u00e4rvaro en g\u00e5ng f\u00f6r alla inf\u00f6rlivat och gjort till sitt signum; att vilja och efterstr\u00e4va det goda, s\u00f6ka sam-f\u00f6rst\u00e5ndsl\u00f6sningar och st\u00e5 upp f\u00f6r den svage och r\u00e4ttsl\u00f6se. Det \u00e4r att vara en kristen. Och allt emanerar ur m\u00f6tet med Jesus Kristus, i vardagen och i helgdagar som denna, d\u00e5 kyrkan \u00e4r uppt\u00e4nd, julst\u00e4dad och d\u00e4r vi alla efterstr\u00e4var att i ord, ton och s\u00e5ng ge budskapet r\u00e4ttvisa, s\u00e5som det st\u00e5r Hebr\u00e9erbrevet att:<\/p>\n<p><em>Han har blivit lika mycket m\u00e4ktigare \u00e4n \u00e4nglarna som det namn han har f\u00e5tt i arv \u00e4r f\u00f6rmer \u00e4n deras. Ty aldrig har Gud sagt till n\u00e5gon \u00e4ngel:<br \/>\nDu \u00e4r min son,<br \/>\njag har f\u00f6tt dig i dag.<\/em><\/p>\n<p><em>\u00a0<\/em><\/p>\n<p>Eller f\u00f6r den delen hos profeten Jesaja:<\/p>\n<p><em>Ty ett barn har f\u00f6tts,<br \/>\nen son \u00e4r oss given.<br \/>\nV\u00e4ldet \u00e4r lagt p\u00e5 hans axlar,<br \/>\noch detta \u00e4r hans namn:<br \/>\nAllvis h\u00e4rskare,<br \/>\nGudomlig hj\u00e4lte,<br \/>\nEvig fader,<br \/>\nFredsfurste.<br \/>\nV\u00e4ldet skall bli stort,<br \/>\nfredens v\u00e4lsignelser utan gr\u00e4ns<br \/>\nf\u00f6r Davids tron och hans rike.<br \/>\nDet skall bef\u00e4stas och h\u00e5llas vid makt<br \/>\nmed r\u00e4tt och r\u00e4ttf\u00e4rdighet<br \/>\nnu och f\u00f6r evigt.<br \/>\nHerren Sebaots lidelse<br \/>\nskall g\u00f6ra detta.<\/em><\/p>\n<p>&nbsp;<\/p>\n<p>Vad kan vi dra f\u00f6r slutsatser av Julevangeliet: Ja bland annat att Gud inte bryr sig om det storslagna utan letar, som han gjorde i valet av Maria vi ber\u00f6rde h\u00e4r i kyrkan i g\u00e5r, efter det genuina. Den genuina. Att vara genuin, det g\u00e5r lika bra \u2013 eller rent av b\u00e4ttre i Nasaret som Jerusalem, Torsby, Vitsand, Lekvattnet och \u00d6stmark som i Stockholm eller Karlstad. Och man beh\u00f6ver inte vara l\u00e4rd och fin utan timmerman eller herde duger gott. Det h\u00e4nger p\u00e5 n\u00e5got annat, n\u00e5got mer.<br \/>\nAtt jag som m\u00e4nniska vill veta av sanningen, vill leva ett liv i \u00f6dmjukhet och k\u00e4rlek.<\/p>\n<p>Hur lever vi i \u00f6dmjukhet? \u00a0Ja en viktig m\u00e5ls\u00e4ttning \u00e4r att s\u00f6ka f\u00f6rst\u00e5 att Jordaxeln inte g\u00e5r genom min egen fontanell. Med andra ord &#8211; ingen av oss \u00e4r Jordens centrum. Ingen har fullt tolkningsf\u00f6retr\u00e4de. Att ta till sig den andres perspektiv, att vilja veta &#8211; och d\u00e4r det till synes lilla har samma egenv\u00e4rde som det till synes stora &#8211; bara det \u00e4r genuint &#8211; ja d\u00e4r n\u00e5gonstans finns sanningen, finns Gud. Och lyckas vi som m\u00e4nniskor leva i den \u00f6ppenheten s\u00e5 finns d\u00e4r en glipa in i \u2013 ja mot det heliga, finns d\u00e4r en hand som varsamt leder mig p\u00e5 v\u00e4gen,<br \/>\nfinns d\u00e4r en r\u00f6st som viskar mitt namn.<br \/>\nAtt tro \u2013 att vilja eller kunna tro \u00e4r alltid en \u00e5terspegling av att mannen fr\u00e5n Nasaret, i sin Gudomlighet l\u00e4ngtar efter dig och mig.<br \/>\nMin l\u00e4ngtan \u00e4r en spegel av en l\u00e4ngtan som fanns d\u00e4r f\u00f6re.<br \/>\nEn hand som leder mig r\u00e4tt.<br \/>\nIngen av oss \u00e4r ensam, vi har alla denna hand vid v\u00e5r sida, varsam och \u00f6m.<br \/>\nOch Gud kommer s\u00e4llan till oss genom hav som \u00f6ppnar sig, som f\u00f6r Mose, utan mer som f\u00f6r profeten Elia som erfor Guds n\u00e4rvaro som en stilla susning.<br \/>\nEller f\u00f6r den delen som en vag l\u00e4ngtan att ta sig hit till kyrkorummet, och bara vara. Var r\u00e4dd om den l\u00e4ngtan, den m\u00f6jligheten, den d\u00f6rren till evigheten du erfar i dig f\u00f6r den leder dig till centrum i tillvaron, till den trygghet och gl\u00e4dje det inneb\u00e4r att ha en tro, att veta att du \u00e4r buren och inte minst sedd. Ljuset f\u00f6ds in i v\u00e4rlden f\u00f6r att n\u00e5 dig och mig. Nu tillh\u00f6r ni mig s\u00e4ger Jesus och lovar \u00e5 ena sidan beskydd men talar \u00e5 andra sidan om en viss ensamhet det inneb\u00e4r att leva med en tro. Ni kommer bli avskilda, och folk kommer att ifr\u00e5gas\u00e4tta era val.<\/p>\n<p>Och redan som sp\u00e4dbarn kom Jesus att erfara denna fara i kung Herodes d\u00f6dsdom f\u00f6r alla nyf\u00f6dda i Betlehem, strax efter Jesu f\u00f6delse &#8211; Maria och Josef flyr till Egypten och \u00e5terv\u00e4nder f\u00f6rst efter flera \u00e5r \u2013 guldet\u00a0 de fick som g\u00e5va av den ene av de vise m\u00e4nnen blir till en livf\u00f6rs\u00e4kring i det fr\u00e4mmande landet. Precis som v\u00e5r g\u00e4stfrihet f\u00f6r s\u00e5 m\u00e5nga blev en livf\u00f6rs\u00e4kring d\u00e5 kriget rasade i Syrien fram till helt nyligen.<\/p>\n<p>Jesus undervisar &#8211; d\u00e5 han blir verksam 30 \u00e5r senare efter h\u00e4ndelse i Betlehem &#8211; sina l\u00e4rjungar att de ska st\u00e5 ut med ifr\u00e5gas\u00e4ttandet \u2013 i att tro \u2013 i att h\u00e4vda en k\u00e4rlekens princip i en v\u00e4rld p\u00e5 ytan best\u00e5ende av slump och kaos. Med andra ord b\u00e4r korset av silver eller guld mot ditt br\u00f6st, g\u00e5 till ditt heliga rum s\u00e5 fort du har m\u00f6jlighet, kn\u00e4pp dina h\u00e4nder och be i din tystnad och l\u00e5t dig uppfyllas av det otroliga att du \u00e4r sedd och buren av den otroliga k\u00e4rlek som f\u00f6ddes in i v\u00e4rlden f\u00f6r tv\u00e5 tusen \u00e5r sen och sen dess \u00e4r med om att skriva om hela historien och som det \u00e4r f\u00f6rutbest\u00e4mt ska segra \u00f6ver m\u00f6rker och negativitet \u2013 ljuset ska segra och segerkransen \u00e4r redan bunden och Gud vill att du, just du ska ha den p\u00e5 ditt huvud.<\/p>\n<p><em>\u00c5h Herre v\u00e4gled oss, \u00f6ppna oss f\u00f6r barnets \u00f6ppna blick i krubban, din son du l\u00e4t f\u00f6das in i v\u00e4rlden.<\/em><\/p>\n","protected":false},"excerpt":{"rendered":"<p>Det \u00e4r jul och med den ofta minnen och h\u00e5gkomster. Inte s\u00e4llan finns ett str\u00e5k av sorg eller vemod \u00f6ver att inte ha n\u00e5gon n\u00e4ra och k\u00e4r kvar i livet, minnen, \u00e5minnelser, tankar kommer och g\u00e5r. Ett liv g\u00e5r s\u00e5 fort. Barn v\u00e4xer s\u00e5 fort. Med dessa minnen inte s\u00e4llan fr\u00e5gan &#8211; hur \u00e4r mitt [&hellip;]<\/p>\n","protected":false},"author":42,"featured_media":0,"comment_status":"open","ping_status":"open","sticky":false,"template":"","format":"standard","meta":{"_acf_changed":false,"footnotes":""},"categories":[1],"tags":[],"class_list":["post-792","post","type-post","status-publish","format-standard","hentry","category-okategoriserad"],"acf":[],"yoast_head":"<!-- This site is optimized with the Yoast SEO plugin v27.1.1 - https:\/\/yoast.com\/product\/yoast-seo-wordpress\/ -->\n<title>Julottetankar 2018 - Johan Bonander<\/title>\n<meta name=\"robots\" content=\"index, follow, max-snippet:-1, max-image-preview:large, max-video-preview:-1\" \/>\n<link rel=\"canonical\" href=\"https:\/\/blogg.svenskakyrkan.se\/bonander\/2018\/12\/26\/julottetankar-2018\/\" \/>\n<meta property=\"og:locale\" content=\"sv_SE\" \/>\n<meta property=\"og:type\" content=\"article\" \/>\n<meta property=\"og:title\" content=\"Julottetankar 2018 - Johan Bonander\" \/>\n<meta property=\"og:description\" content=\"Det \u00e4r jul och med den ofta minnen och h\u00e5gkomster. Inte s\u00e4llan finns ett str\u00e5k av sorg eller vemod \u00f6ver att inte ha n\u00e5gon n\u00e4ra och k\u00e4r kvar i livet, minnen, \u00e5minnelser, tankar kommer och g\u00e5r. Ett liv g\u00e5r s\u00e5 fort. Barn v\u00e4xer s\u00e5 fort. Med dessa minnen inte s\u00e4llan fr\u00e5gan &#8211; hur \u00e4r mitt [&hellip;]\" \/>\n<meta property=\"og:url\" content=\"https:\/\/blogg.svenskakyrkan.se\/bonander\/2018\/12\/26\/julottetankar-2018\/\" \/>\n<meta property=\"og:site_name\" content=\"Johan Bonander\" \/>\n<meta property=\"article:published_time\" content=\"2018-12-26T06:29:41+00:00\" \/>\n<meta property=\"article:modified_time\" content=\"2018-12-26T06:36:08+00:00\" \/>\n<meta name=\"author\" content=\"Johan Bonander\" \/>\n<meta name=\"twitter:card\" content=\"summary_large_image\" \/>\n<meta name=\"twitter:label1\" content=\"Skriven av\" \/>\n\t<meta name=\"twitter:data1\" content=\"Johan Bonander\" \/>\n\t<meta name=\"twitter:label2\" content=\"Ber\u00e4knad l\u00e4stid\" \/>\n\t<meta name=\"twitter:data2\" content=\"7 minuter\" \/>\n<script type=\"application\/ld+json\" class=\"yoast-schema-graph\">{\"@context\":\"https:\/\/schema.org\",\"@graph\":[{\"@type\":\"Article\",\"@id\":\"https:\/\/blogg.svenskakyrkan.se\/bonander\/2018\/12\/26\/julottetankar-2018\/#article\",\"isPartOf\":{\"@id\":\"https:\/\/blogg.svenskakyrkan.se\/bonander\/2018\/12\/26\/julottetankar-2018\/\"},\"author\":{\"name\":\"Johan Bonander\",\"@id\":\"https:\/\/blogg.svenskakyrkan.se\/bonander\/#\/schema\/person\/9581efec79b786a144018ffd0b759f67\"},\"headline\":\"Julottetankar 2018\",\"datePublished\":\"2018-12-26T06:29:41+00:00\",\"dateModified\":\"2018-12-26T06:36:08+00:00\",\"mainEntityOfPage\":{\"@id\":\"https:\/\/blogg.svenskakyrkan.se\/bonander\/2018\/12\/26\/julottetankar-2018\/\"},\"wordCount\":1496,\"commentCount\":0,\"articleSection\":[\"Okategoriserad\"],\"inLanguage\":\"sv-SE\",\"potentialAction\":[{\"@type\":\"CommentAction\",\"name\":\"Comment\",\"target\":[\"https:\/\/blogg.svenskakyrkan.se\/bonander\/2018\/12\/26\/julottetankar-2018\/#respond\"]}]},{\"@type\":\"WebPage\",\"@id\":\"https:\/\/blogg.svenskakyrkan.se\/bonander\/2018\/12\/26\/julottetankar-2018\/\",\"url\":\"https:\/\/blogg.svenskakyrkan.se\/bonander\/2018\/12\/26\/julottetankar-2018\/\",\"name\":\"Julottetankar 2018 - Johan Bonander\",\"isPartOf\":{\"@id\":\"https:\/\/blogg.svenskakyrkan.se\/bonander\/#website\"},\"datePublished\":\"2018-12-26T06:29:41+00:00\",\"dateModified\":\"2018-12-26T06:36:08+00:00\",\"author\":{\"@id\":\"https:\/\/blogg.svenskakyrkan.se\/bonander\/#\/schema\/person\/9581efec79b786a144018ffd0b759f67\"},\"breadcrumb\":{\"@id\":\"https:\/\/blogg.svenskakyrkan.se\/bonander\/2018\/12\/26\/julottetankar-2018\/#breadcrumb\"},\"inLanguage\":\"sv-SE\",\"potentialAction\":[{\"@type\":\"ReadAction\",\"target\":[\"https:\/\/blogg.svenskakyrkan.se\/bonander\/2018\/12\/26\/julottetankar-2018\/\"]}]},{\"@type\":\"BreadcrumbList\",\"@id\":\"https:\/\/blogg.svenskakyrkan.se\/bonander\/2018\/12\/26\/julottetankar-2018\/#breadcrumb\",\"itemListElement\":[{\"@type\":\"ListItem\",\"position\":1,\"name\":\"Hem\",\"item\":\"https:\/\/blogg.svenskakyrkan.se\/bonander\/\"},{\"@type\":\"ListItem\",\"position\":2,\"name\":\"Julottetankar 2018\"}]},{\"@type\":\"WebSite\",\"@id\":\"https:\/\/blogg.svenskakyrkan.se\/bonander\/#website\",\"url\":\"https:\/\/blogg.svenskakyrkan.se\/bonander\/\",\"name\":\"Johan Bonander\",\"description\":\"Predikningar &amp; betraktelser, framf\u00f6rda alternativt publicerade\",\"potentialAction\":[{\"@type\":\"SearchAction\",\"target\":{\"@type\":\"EntryPoint\",\"urlTemplate\":\"https:\/\/blogg.svenskakyrkan.se\/bonander\/?s={search_term_string}\"},\"query-input\":{\"@type\":\"PropertyValueSpecification\",\"valueRequired\":true,\"valueName\":\"search_term_string\"}}],\"inLanguage\":\"sv-SE\"},{\"@type\":\"Person\",\"@id\":\"https:\/\/blogg.svenskakyrkan.se\/bonander\/#\/schema\/person\/9581efec79b786a144018ffd0b759f67\",\"name\":\"Johan Bonander\",\"image\":{\"@type\":\"ImageObject\",\"inLanguage\":\"sv-SE\",\"@id\":\"https:\/\/blogg.svenskakyrkan.se\/bonander\/#\/schema\/person\/image\/\",\"url\":\"https:\/\/secure.gravatar.com\/avatar\/1f934271fde92d056502e55238a78cf5e0346d532a8a6000239e7122f1163a0a?s=96&d=mm&r=g\",\"contentUrl\":\"https:\/\/secure.gravatar.com\/avatar\/1f934271fde92d056502e55238a78cf5e0346d532a8a6000239e7122f1163a0a?s=96&d=mm&r=g\",\"caption\":\"Johan Bonander\"},\"description\":\"Kyrkoherde i Fryks\u00e4nde pastorat, kontraktsprost norra V\u00e4rmlands kontrakt, Karlstad stift\",\"sameAs\":[\"http:\/\/www.svenskakyrkan.se\/fryksande\"],\"url\":\"https:\/\/blogg.svenskakyrkan.se\/bonander\/author\/ostmarksprasten\/\"}]}<\/script>\n<!-- \/ Yoast SEO plugin. -->","yoast_head_json":{"title":"Julottetankar 2018 - Johan Bonander","robots":{"index":"index","follow":"follow","max-snippet":"max-snippet:-1","max-image-preview":"max-image-preview:large","max-video-preview":"max-video-preview:-1"},"canonical":"https:\/\/blogg.svenskakyrkan.se\/bonander\/2018\/12\/26\/julottetankar-2018\/","og_locale":"sv_SE","og_type":"article","og_title":"Julottetankar 2018 - Johan Bonander","og_description":"Det \u00e4r jul och med den ofta minnen och h\u00e5gkomster. Inte s\u00e4llan finns ett str\u00e5k av sorg eller vemod \u00f6ver att inte ha n\u00e5gon n\u00e4ra och k\u00e4r kvar i livet, minnen, \u00e5minnelser, tankar kommer och g\u00e5r. Ett liv g\u00e5r s\u00e5 fort. Barn v\u00e4xer s\u00e5 fort. Med dessa minnen inte s\u00e4llan fr\u00e5gan &#8211; hur \u00e4r mitt [&hellip;]","og_url":"https:\/\/blogg.svenskakyrkan.se\/bonander\/2018\/12\/26\/julottetankar-2018\/","og_site_name":"Johan Bonander","article_published_time":"2018-12-26T06:29:41+00:00","article_modified_time":"2018-12-26T06:36:08+00:00","author":"Johan Bonander","twitter_card":"summary_large_image","twitter_misc":{"Skriven av":"Johan Bonander","Ber\u00e4knad l\u00e4stid":"7 minuter"},"schema":{"@context":"https:\/\/schema.org","@graph":[{"@type":"Article","@id":"https:\/\/blogg.svenskakyrkan.se\/bonander\/2018\/12\/26\/julottetankar-2018\/#article","isPartOf":{"@id":"https:\/\/blogg.svenskakyrkan.se\/bonander\/2018\/12\/26\/julottetankar-2018\/"},"author":{"name":"Johan Bonander","@id":"https:\/\/blogg.svenskakyrkan.se\/bonander\/#\/schema\/person\/9581efec79b786a144018ffd0b759f67"},"headline":"Julottetankar 2018","datePublished":"2018-12-26T06:29:41+00:00","dateModified":"2018-12-26T06:36:08+00:00","mainEntityOfPage":{"@id":"https:\/\/blogg.svenskakyrkan.se\/bonander\/2018\/12\/26\/julottetankar-2018\/"},"wordCount":1496,"commentCount":0,"articleSection":["Okategoriserad"],"inLanguage":"sv-SE","potentialAction":[{"@type":"CommentAction","name":"Comment","target":["https:\/\/blogg.svenskakyrkan.se\/bonander\/2018\/12\/26\/julottetankar-2018\/#respond"]}]},{"@type":"WebPage","@id":"https:\/\/blogg.svenskakyrkan.se\/bonander\/2018\/12\/26\/julottetankar-2018\/","url":"https:\/\/blogg.svenskakyrkan.se\/bonander\/2018\/12\/26\/julottetankar-2018\/","name":"Julottetankar 2018 - Johan Bonander","isPartOf":{"@id":"https:\/\/blogg.svenskakyrkan.se\/bonander\/#website"},"datePublished":"2018-12-26T06:29:41+00:00","dateModified":"2018-12-26T06:36:08+00:00","author":{"@id":"https:\/\/blogg.svenskakyrkan.se\/bonander\/#\/schema\/person\/9581efec79b786a144018ffd0b759f67"},"breadcrumb":{"@id":"https:\/\/blogg.svenskakyrkan.se\/bonander\/2018\/12\/26\/julottetankar-2018\/#breadcrumb"},"inLanguage":"sv-SE","potentialAction":[{"@type":"ReadAction","target":["https:\/\/blogg.svenskakyrkan.se\/bonander\/2018\/12\/26\/julottetankar-2018\/"]}]},{"@type":"BreadcrumbList","@id":"https:\/\/blogg.svenskakyrkan.se\/bonander\/2018\/12\/26\/julottetankar-2018\/#breadcrumb","itemListElement":[{"@type":"ListItem","position":1,"name":"Hem","item":"https:\/\/blogg.svenskakyrkan.se\/bonander\/"},{"@type":"ListItem","position":2,"name":"Julottetankar 2018"}]},{"@type":"WebSite","@id":"https:\/\/blogg.svenskakyrkan.se\/bonander\/#website","url":"https:\/\/blogg.svenskakyrkan.se\/bonander\/","name":"Johan Bonander","description":"Predikningar &amp; betraktelser, framf\u00f6rda alternativt publicerade","potentialAction":[{"@type":"SearchAction","target":{"@type":"EntryPoint","urlTemplate":"https:\/\/blogg.svenskakyrkan.se\/bonander\/?s={search_term_string}"},"query-input":{"@type":"PropertyValueSpecification","valueRequired":true,"valueName":"search_term_string"}}],"inLanguage":"sv-SE"},{"@type":"Person","@id":"https:\/\/blogg.svenskakyrkan.se\/bonander\/#\/schema\/person\/9581efec79b786a144018ffd0b759f67","name":"Johan Bonander","image":{"@type":"ImageObject","inLanguage":"sv-SE","@id":"https:\/\/blogg.svenskakyrkan.se\/bonander\/#\/schema\/person\/image\/","url":"https:\/\/secure.gravatar.com\/avatar\/1f934271fde92d056502e55238a78cf5e0346d532a8a6000239e7122f1163a0a?s=96&d=mm&r=g","contentUrl":"https:\/\/secure.gravatar.com\/avatar\/1f934271fde92d056502e55238a78cf5e0346d532a8a6000239e7122f1163a0a?s=96&d=mm&r=g","caption":"Johan Bonander"},"description":"Kyrkoherde i Fryks\u00e4nde pastorat, kontraktsprost norra V\u00e4rmlands kontrakt, Karlstad stift","sameAs":["http:\/\/www.svenskakyrkan.se\/fryksande"],"url":"https:\/\/blogg.svenskakyrkan.se\/bonander\/author\/ostmarksprasten\/"}]}},"author_meta":{"ID":"42","user_nicename":"ostmarksprasten","user_url":"http:\/\/www.svenskakyrkan.se\/fryksande","user_registered":"2011-01-14 06:33:35","display_name":"Johan Bonander","first_name":"Johan","last_name":"Bonander","avatar":"https:\/\/secure.gravatar.com\/avatar\/1f934271fde92d056502e55238a78cf5e0346d532a8a6000239e7122f1163a0a?s=96&d=mm&r=g"},"featured_image":false,"bloginfo":{"name":"Johan Bonander","url":"https:\/\/blogg.svenskakyrkan.se\/bonander"},"_links":{"self":[{"href":"https:\/\/blogg.svenskakyrkan.se\/bonander\/wp-json\/wp\/v2\/posts\/792","targetHints":{"allow":["GET"]}}],"collection":[{"href":"https:\/\/blogg.svenskakyrkan.se\/bonander\/wp-json\/wp\/v2\/posts"}],"about":[{"href":"https:\/\/blogg.svenskakyrkan.se\/bonander\/wp-json\/wp\/v2\/types\/post"}],"author":[{"embeddable":true,"href":"https:\/\/blogg.svenskakyrkan.se\/bonander\/wp-json\/wp\/v2\/users\/42"}],"replies":[{"embeddable":true,"href":"https:\/\/blogg.svenskakyrkan.se\/bonander\/wp-json\/wp\/v2\/comments?post=792"}],"version-history":[{"count":5,"href":"https:\/\/blogg.svenskakyrkan.se\/bonander\/wp-json\/wp\/v2\/posts\/792\/revisions"}],"predecessor-version":[{"id":797,"href":"https:\/\/blogg.svenskakyrkan.se\/bonander\/wp-json\/wp\/v2\/posts\/792\/revisions\/797"}],"wp:attachment":[{"href":"https:\/\/blogg.svenskakyrkan.se\/bonander\/wp-json\/wp\/v2\/media?parent=792"}],"wp:term":[{"taxonomy":"category","embeddable":true,"href":"https:\/\/blogg.svenskakyrkan.se\/bonander\/wp-json\/wp\/v2\/categories?post=792"},{"taxonomy":"post_tag","embeddable":true,"href":"https:\/\/blogg.svenskakyrkan.se\/bonander\/wp-json\/wp\/v2\/tags?post=792"}],"curies":[{"name":"wp","href":"https:\/\/api.w.org\/{rel}","templated":true}]}}