{"id":90,"date":"2011-09-24T09:05:22","date_gmt":"2011-09-24T07:05:22","guid":{"rendered":"http:\/\/blogg.svenskakyrkan.se\/ostmarksprasten\/?p=90"},"modified":"2011-09-24T16:52:55","modified_gmt":"2011-09-24T14:52:55","slug":"oh-prallen","status":"publish","type":"post","link":"https:\/\/blogg.svenskakyrkan.se\/bonander\/2011\/09\/24\/oh-prallen\/","title":{"rendered":"\u00d6h pr\u00e4llen"},"content":{"rendered":"<p><strong><em> <\/em><\/strong><em> I gr\u00e4nslandet mellan V\u00e4rmland och motsvarande omr\u00e5de i Norge ges det ut en gratistidning som heter Gate, den h\u00e4r betraktelsen finns i dess septembernummer \/2011.<\/em><\/p>\n<p>N\u00e4r jag skriver de h\u00e4r raderna befinner jag mig i Karlstad, p\u00e5 en fortbildning f\u00f6r deltidsbrandm\u00e4n. Fr\u00e5n Dalsland, V\u00e4rmland, Dalarna och V\u00e4stmanland har vi kommit, 24 stycken m\u00e4n och kvinnor. Roligt och sp\u00e4nnande har vi och vi tr\u00e4nar r\u00f6kdykning, vattenlivr\u00e4ddning och d\u00f6rrforcering, f\u00f6r att nu n\u00e4mna n\u00e5got.<\/p>\n<p>En vanlig fr\u00e5ga jag brukar f\u00e5 i sammanhang som dessa, ja allts\u00e5 n\u00e4r jag ing\u00e5r i en ny grupp, tr\u00e4ffar nya bekantskaper \u00e4r vad jag egentligen g\u00f6r som pr\u00e4st. \u201dF\u00f6r du g\u00f6r v\u00e4l annat \u00e4n bara predikar p\u00e5 s\u00f6ndagarna\u201d kan det l\u00e5ta, och den som fr\u00e5gar \u00e4r ofta uppriktigt nyfiken.<\/p>\n<p>Det har g\u00e5tt fort att Svenska kyrkan g\u00e5tt fr\u00e5n att ha varit en statskyrka d\u00e5 man m\u00f6tte pr\u00e4sten i kommunala, utbildningsm\u00e4ssiga och folkbokf\u00f6rings\u00e4renden till att Svenska kyrkan nu \u00e4r som det heter; ett fritt evangeliskt lutherskt trossamfund. I Norge \u00e4r situationen lite annorlunda. Norska kyrkan har h\u00e4r en mer given roll i samh\u00e4llet genom att den \u00e4r just statlig. Men jag tror att oavsett om man \u00e4r pr\u00e4st i den Svenska eller Norska kyrkan s\u00e5 finns ofta s\u00e5v\u00e4l en os\u00e4kerhet som en nyfikenhet vad en pr\u00e4st g\u00f6r. S\u00e5 jag ber\u00e4ttar om min vardag \u2013 m\u00f6ten med m\u00e4nniskor i gl\u00e4dje och sorg \u2013 minnestunder, begravningar, dop, gudstj\u00e4nster, hembes\u00f6k, m\u00f6ten och i mitt fall ofta \u00e4ven utbildningar och f\u00f6redrag. Ofta f\u00f6ljs den h\u00e4r inledande fr\u00e5gan med en stilla undran varf\u00f6r jag egentligen valt ett yrke som pr\u00e4stens? Nu \u00e4r det inte alltid l\u00e4tt att f\u00f6rs\u00f6ka f\u00f6rklara att det ofta \u00e4r tv\u00e4rtom \u2013 att det \u00e4r pr\u00e4styrket som liksom v\u00e4ljer en \u2013 eller \u201dkallar en\u201d som det heter. Och den som d\u00e5 \u201dkallar\u201d \u00e4r f\u00f6rst\u00e5s ingen mindre \u00e4n Gud. Och detta kall sker parallellt med att medm\u00e4nniskor \u2013 k\u00e4nda som ok\u00e4nda &#8211; spontant uttrycker att <em>\u201ddu, du borde verkligen bli pr\u00e4st!\u201d <\/em><\/p>\n<p>Lite l\u00e4ngre fram i m\u00f6ten och resonemang likt dessa s\u00e5 brukar ofta det hela att komma att kretsa kring ingen mindre \u00e4n Gud; om Guds existens och hur man nu ska f\u00f6rh\u00e5lla sig till\u2026 <em>denne<\/em>. Min erfarenhet \u00e4r att de flesta har en tro, ja en \u00f6ppenhet mot en st\u00f6rre andlig verklighet. Och jag tror att det i sig \u00e4r ett Gudsbevis \u2013 att s\u00e5 m\u00e5nga erfar i sig \u2013 denna tro; en visshet av n\u00e5got st\u00f6rre.<\/p>\n<p>En vanlig inv\u00e4ndning dock &#8211; mot Gud och mot Gud existens &#8211; \u00e4r fr\u00e5gan varf\u00f6r det f\u00f6rekommer s\u00e5 mycket ondska, el\u00e4nde och d\u00f6d h\u00e4r p\u00e5 Jorden. Hur kan Gud till\u00e5ta allt det h\u00e4r? Mitt eget svar \u00e4r att av n\u00e5gon anledning, som vi inte kan f\u00f6rst\u00e5, s\u00e5 har Gud skapat en V\u00e4rld som \u00e4r t\u00e4mligen sk\u00f6r. Vi \u00e4r helt enkelt \u00f6mt\u00e5liga, fysiskt som psykiskt. Och h\u00e4r vi att leva. Och det \u00e4r inte alltid l\u00e4tt f\u00f6r mycket vill ha mer; mer fart, mer f\u00e4rg, mer smak. Och att vara m\u00e4nniska med smak f\u00f6r livet &#8211; ja d\u00e5 det \u00e4r l\u00e4tt att bli v\u00e5rdsl\u00f6s och gl\u00f6msk &#8211; gl\u00f6mma det sk\u00f6ra.<\/p>\n<p><em>N\u00e5gon<\/em> som visade oss p\u00e5 fullst\u00e4ndigt genuint f\u00f6rh\u00e5llningss\u00e4tt att leva mitt i denna sk\u00f6rhet som jordelivet utg\u00f6r var Jesus. Och det f\u00f6rh\u00e5llningss\u00e4tt Jesus visade oss var att k\u00e4rlek, ja ingenting annat \u00e4n k\u00e4rlek och medm\u00e4nsklighet g\u00f6r v\u00e4rlden och tillvaron mindre sk\u00f6r. G\u00f6r oss starka.<\/p>\n<p>Samtidigt s\u00e5 \u00e4r det s\u00e5 mycket i oss som vill annat \u00e4n just k\u00e4rlek. Ja h\u00e4r har vi en kluvenhet i oss att f\u00f6rh\u00e5lla sig till \u2013 och medvetet f\u00f6rs\u00f6ka v\u00e4lja sida i. Vill jag vara en givare eller tagare, vill jag l\u00e5ta min f\u00f6rm\u00e5ga till k\u00e4rlek och medm\u00e4nsklighet v\u00e4xa eller prioriterar jag andra sidor i mitt psyke, som att armb\u00e5ga mig fram och inte bry mig s\u00e5 v\u00e4rst?<\/p>\n<p>Jesus visar oss att det du ger ut det f\u00e5r du igen. Och det besynnerliga \u00e4r att ger du ut k\u00e4rlek s\u00e5 f\u00e5r du k\u00e4rlek tillbaka. Det h\u00e4r har vi ofta sv\u00e5rt att f\u00f6rst\u00e5. Vi t\u00e4nker s\u00e5 ofta i ekonomiska termer p\u00e5 allting; att ju mer vi ger ut desto mindre har vi kvar, men n\u00e4r det g\u00e4ller k\u00e4rlek och medm\u00e4nsklighet s\u00e5 \u00e4r det precis tv\u00e4rtom; ju mer du ger ut i k\u00e4rlek, desto mer fylls du p\u00e5 \u2013 av s\u00e5v\u00e4l medm\u00e4nniskor som v\u00e5r skapare. \u201dF\u00f6r nu\u201d, s\u00e4ger liksom Herren Gud, \u201dnu lever du i linje med min intention \u2013 i den \u00f6ppna famnen finns v\u00e4g till liv &#8211; mitt i det sk\u00f6ra\u201d.<\/p>\n<p>Och just h\u00e4r framtr\u00e4der en av de fr\u00e4msta h\u00f6rnpelarna i Jesu f\u00f6rkunnelse: Att \u00e4lska v\u00e5r n\u00e4sta som oss sj\u00e4lva inkluderar att vara r\u00e4dda om varandra, att s\u00e5 ta det sk\u00f6ra p\u00e5 allvar. Och indirekt blir vi nu mer starka och b\u00e4ttre rustade att m\u00f6ta detta livets villkor. P\u00e5 den h\u00e4r planeten. Idag som imorgon. Tillsammans!<\/p>\n<p>&nbsp;<\/p>\n<p>&nbsp;<\/p>\n<p>&nbsp;<\/p>\n<p>&nbsp;<\/p>\n","protected":false},"excerpt":{"rendered":"<p>I gr\u00e4nslandet mellan V\u00e4rmland och motsvarande omr\u00e5de i Norge ges det ut en gratistidning som heter Gate, den h\u00e4r betraktelsen finns i dess septembernummer \/2011. N\u00e4r jag skriver de h\u00e4r raderna befinner jag mig i Karlstad, p\u00e5 en fortbildning f\u00f6r deltidsbrandm\u00e4n. Fr\u00e5n Dalsland, V\u00e4rmland, Dalarna och V\u00e4stmanland har vi kommit, 24 stycken m\u00e4n och kvinnor. [&hellip;]<\/p>\n","protected":false},"author":42,"featured_media":0,"comment_status":"open","ping_status":"open","sticky":false,"template":"","format":"standard","meta":{"_acf_changed":false,"footnotes":""},"categories":[1],"tags":[],"class_list":["post-90","post","type-post","status-publish","format-standard","hentry","category-okategoriserad"],"acf":[],"yoast_head":"<!-- This site is optimized with the Yoast SEO plugin v27.1.1 - https:\/\/yoast.com\/product\/yoast-seo-wordpress\/ -->\n<title>\u00d6h pr\u00e4llen - Johan Bonander<\/title>\n<meta name=\"robots\" content=\"index, follow, max-snippet:-1, max-image-preview:large, max-video-preview:-1\" \/>\n<link rel=\"canonical\" href=\"https:\/\/blogg.svenskakyrkan.se\/bonander\/2011\/09\/24\/oh-prallen\/\" \/>\n<meta property=\"og:locale\" content=\"sv_SE\" \/>\n<meta property=\"og:type\" content=\"article\" \/>\n<meta property=\"og:title\" content=\"\u00d6h pr\u00e4llen - Johan Bonander\" \/>\n<meta property=\"og:description\" content=\"I gr\u00e4nslandet mellan V\u00e4rmland och motsvarande omr\u00e5de i Norge ges det ut en gratistidning som heter Gate, den h\u00e4r betraktelsen finns i dess septembernummer \/2011. N\u00e4r jag skriver de h\u00e4r raderna befinner jag mig i Karlstad, p\u00e5 en fortbildning f\u00f6r deltidsbrandm\u00e4n. Fr\u00e5n Dalsland, V\u00e4rmland, Dalarna och V\u00e4stmanland har vi kommit, 24 stycken m\u00e4n och kvinnor. [&hellip;]\" \/>\n<meta property=\"og:url\" content=\"https:\/\/blogg.svenskakyrkan.se\/bonander\/2011\/09\/24\/oh-prallen\/\" \/>\n<meta property=\"og:site_name\" content=\"Johan Bonander\" \/>\n<meta property=\"article:published_time\" content=\"2011-09-24T07:05:22+00:00\" \/>\n<meta property=\"article:modified_time\" content=\"2011-09-24T14:52:55+00:00\" \/>\n<meta name=\"author\" content=\"Johan Bonander\" \/>\n<meta name=\"twitter:card\" content=\"summary_large_image\" \/>\n<meta name=\"twitter:label1\" content=\"Skriven av\" \/>\n\t<meta name=\"twitter:data1\" content=\"Johan Bonander\" \/>\n\t<meta name=\"twitter:label2\" content=\"Ber\u00e4knad l\u00e4stid\" \/>\n\t<meta name=\"twitter:data2\" content=\"5 minuter\" \/>\n<script type=\"application\/ld+json\" class=\"yoast-schema-graph\">{\"@context\":\"https:\/\/schema.org\",\"@graph\":[{\"@type\":\"Article\",\"@id\":\"https:\/\/blogg.svenskakyrkan.se\/bonander\/2011\/09\/24\/oh-prallen\/#article\",\"isPartOf\":{\"@id\":\"https:\/\/blogg.svenskakyrkan.se\/bonander\/2011\/09\/24\/oh-prallen\/\"},\"author\":{\"name\":\"Johan Bonander\",\"@id\":\"https:\/\/blogg.svenskakyrkan.se\/bonander\/#\/schema\/person\/9581efec79b786a144018ffd0b759f67\"},\"headline\":\"\u00d6h pr\u00e4llen\",\"datePublished\":\"2011-09-24T07:05:22+00:00\",\"dateModified\":\"2011-09-24T14:52:55+00:00\",\"mainEntityOfPage\":{\"@id\":\"https:\/\/blogg.svenskakyrkan.se\/bonander\/2011\/09\/24\/oh-prallen\/\"},\"wordCount\":958,\"commentCount\":0,\"articleSection\":[\"Okategoriserad\"],\"inLanguage\":\"sv-SE\",\"potentialAction\":[{\"@type\":\"CommentAction\",\"name\":\"Comment\",\"target\":[\"https:\/\/blogg.svenskakyrkan.se\/bonander\/2011\/09\/24\/oh-prallen\/#respond\"]}]},{\"@type\":\"WebPage\",\"@id\":\"https:\/\/blogg.svenskakyrkan.se\/bonander\/2011\/09\/24\/oh-prallen\/\",\"url\":\"https:\/\/blogg.svenskakyrkan.se\/bonander\/2011\/09\/24\/oh-prallen\/\",\"name\":\"\u00d6h pr\u00e4llen - Johan Bonander\",\"isPartOf\":{\"@id\":\"https:\/\/blogg.svenskakyrkan.se\/bonander\/#website\"},\"datePublished\":\"2011-09-24T07:05:22+00:00\",\"dateModified\":\"2011-09-24T14:52:55+00:00\",\"author\":{\"@id\":\"https:\/\/blogg.svenskakyrkan.se\/bonander\/#\/schema\/person\/9581efec79b786a144018ffd0b759f67\"},\"breadcrumb\":{\"@id\":\"https:\/\/blogg.svenskakyrkan.se\/bonander\/2011\/09\/24\/oh-prallen\/#breadcrumb\"},\"inLanguage\":\"sv-SE\",\"potentialAction\":[{\"@type\":\"ReadAction\",\"target\":[\"https:\/\/blogg.svenskakyrkan.se\/bonander\/2011\/09\/24\/oh-prallen\/\"]}]},{\"@type\":\"BreadcrumbList\",\"@id\":\"https:\/\/blogg.svenskakyrkan.se\/bonander\/2011\/09\/24\/oh-prallen\/#breadcrumb\",\"itemListElement\":[{\"@type\":\"ListItem\",\"position\":1,\"name\":\"Hem\",\"item\":\"https:\/\/blogg.svenskakyrkan.se\/bonander\/\"},{\"@type\":\"ListItem\",\"position\":2,\"name\":\"\u00d6h pr\u00e4llen\"}]},{\"@type\":\"WebSite\",\"@id\":\"https:\/\/blogg.svenskakyrkan.se\/bonander\/#website\",\"url\":\"https:\/\/blogg.svenskakyrkan.se\/bonander\/\",\"name\":\"Johan Bonander\",\"description\":\"Predikningar &amp; betraktelser, framf\u00f6rda alternativt publicerade\",\"potentialAction\":[{\"@type\":\"SearchAction\",\"target\":{\"@type\":\"EntryPoint\",\"urlTemplate\":\"https:\/\/blogg.svenskakyrkan.se\/bonander\/?s={search_term_string}\"},\"query-input\":{\"@type\":\"PropertyValueSpecification\",\"valueRequired\":true,\"valueName\":\"search_term_string\"}}],\"inLanguage\":\"sv-SE\"},{\"@type\":\"Person\",\"@id\":\"https:\/\/blogg.svenskakyrkan.se\/bonander\/#\/schema\/person\/9581efec79b786a144018ffd0b759f67\",\"name\":\"Johan Bonander\",\"image\":{\"@type\":\"ImageObject\",\"inLanguage\":\"sv-SE\",\"@id\":\"https:\/\/blogg.svenskakyrkan.se\/bonander\/#\/schema\/person\/image\/\",\"url\":\"https:\/\/secure.gravatar.com\/avatar\/1f934271fde92d056502e55238a78cf5e0346d532a8a6000239e7122f1163a0a?s=96&d=mm&r=g\",\"contentUrl\":\"https:\/\/secure.gravatar.com\/avatar\/1f934271fde92d056502e55238a78cf5e0346d532a8a6000239e7122f1163a0a?s=96&d=mm&r=g\",\"caption\":\"Johan Bonander\"},\"description\":\"Kyrkoherde i Fryks\u00e4nde pastorat, kontraktsprost norra V\u00e4rmlands kontrakt, Karlstad stift\",\"sameAs\":[\"http:\/\/www.svenskakyrkan.se\/fryksande\"],\"url\":\"https:\/\/blogg.svenskakyrkan.se\/bonander\/author\/ostmarksprasten\/\"}]}<\/script>\n<!-- \/ Yoast SEO plugin. -->","yoast_head_json":{"title":"\u00d6h pr\u00e4llen - Johan Bonander","robots":{"index":"index","follow":"follow","max-snippet":"max-snippet:-1","max-image-preview":"max-image-preview:large","max-video-preview":"max-video-preview:-1"},"canonical":"https:\/\/blogg.svenskakyrkan.se\/bonander\/2011\/09\/24\/oh-prallen\/","og_locale":"sv_SE","og_type":"article","og_title":"\u00d6h pr\u00e4llen - Johan Bonander","og_description":"I gr\u00e4nslandet mellan V\u00e4rmland och motsvarande omr\u00e5de i Norge ges det ut en gratistidning som heter Gate, den h\u00e4r betraktelsen finns i dess septembernummer \/2011. N\u00e4r jag skriver de h\u00e4r raderna befinner jag mig i Karlstad, p\u00e5 en fortbildning f\u00f6r deltidsbrandm\u00e4n. Fr\u00e5n Dalsland, V\u00e4rmland, Dalarna och V\u00e4stmanland har vi kommit, 24 stycken m\u00e4n och kvinnor. [&hellip;]","og_url":"https:\/\/blogg.svenskakyrkan.se\/bonander\/2011\/09\/24\/oh-prallen\/","og_site_name":"Johan Bonander","article_published_time":"2011-09-24T07:05:22+00:00","article_modified_time":"2011-09-24T14:52:55+00:00","author":"Johan Bonander","twitter_card":"summary_large_image","twitter_misc":{"Skriven av":"Johan Bonander","Ber\u00e4knad l\u00e4stid":"5 minuter"},"schema":{"@context":"https:\/\/schema.org","@graph":[{"@type":"Article","@id":"https:\/\/blogg.svenskakyrkan.se\/bonander\/2011\/09\/24\/oh-prallen\/#article","isPartOf":{"@id":"https:\/\/blogg.svenskakyrkan.se\/bonander\/2011\/09\/24\/oh-prallen\/"},"author":{"name":"Johan Bonander","@id":"https:\/\/blogg.svenskakyrkan.se\/bonander\/#\/schema\/person\/9581efec79b786a144018ffd0b759f67"},"headline":"\u00d6h pr\u00e4llen","datePublished":"2011-09-24T07:05:22+00:00","dateModified":"2011-09-24T14:52:55+00:00","mainEntityOfPage":{"@id":"https:\/\/blogg.svenskakyrkan.se\/bonander\/2011\/09\/24\/oh-prallen\/"},"wordCount":958,"commentCount":0,"articleSection":["Okategoriserad"],"inLanguage":"sv-SE","potentialAction":[{"@type":"CommentAction","name":"Comment","target":["https:\/\/blogg.svenskakyrkan.se\/bonander\/2011\/09\/24\/oh-prallen\/#respond"]}]},{"@type":"WebPage","@id":"https:\/\/blogg.svenskakyrkan.se\/bonander\/2011\/09\/24\/oh-prallen\/","url":"https:\/\/blogg.svenskakyrkan.se\/bonander\/2011\/09\/24\/oh-prallen\/","name":"\u00d6h pr\u00e4llen - Johan Bonander","isPartOf":{"@id":"https:\/\/blogg.svenskakyrkan.se\/bonander\/#website"},"datePublished":"2011-09-24T07:05:22+00:00","dateModified":"2011-09-24T14:52:55+00:00","author":{"@id":"https:\/\/blogg.svenskakyrkan.se\/bonander\/#\/schema\/person\/9581efec79b786a144018ffd0b759f67"},"breadcrumb":{"@id":"https:\/\/blogg.svenskakyrkan.se\/bonander\/2011\/09\/24\/oh-prallen\/#breadcrumb"},"inLanguage":"sv-SE","potentialAction":[{"@type":"ReadAction","target":["https:\/\/blogg.svenskakyrkan.se\/bonander\/2011\/09\/24\/oh-prallen\/"]}]},{"@type":"BreadcrumbList","@id":"https:\/\/blogg.svenskakyrkan.se\/bonander\/2011\/09\/24\/oh-prallen\/#breadcrumb","itemListElement":[{"@type":"ListItem","position":1,"name":"Hem","item":"https:\/\/blogg.svenskakyrkan.se\/bonander\/"},{"@type":"ListItem","position":2,"name":"\u00d6h pr\u00e4llen"}]},{"@type":"WebSite","@id":"https:\/\/blogg.svenskakyrkan.se\/bonander\/#website","url":"https:\/\/blogg.svenskakyrkan.se\/bonander\/","name":"Johan Bonander","description":"Predikningar &amp; betraktelser, framf\u00f6rda alternativt publicerade","potentialAction":[{"@type":"SearchAction","target":{"@type":"EntryPoint","urlTemplate":"https:\/\/blogg.svenskakyrkan.se\/bonander\/?s={search_term_string}"},"query-input":{"@type":"PropertyValueSpecification","valueRequired":true,"valueName":"search_term_string"}}],"inLanguage":"sv-SE"},{"@type":"Person","@id":"https:\/\/blogg.svenskakyrkan.se\/bonander\/#\/schema\/person\/9581efec79b786a144018ffd0b759f67","name":"Johan Bonander","image":{"@type":"ImageObject","inLanguage":"sv-SE","@id":"https:\/\/blogg.svenskakyrkan.se\/bonander\/#\/schema\/person\/image\/","url":"https:\/\/secure.gravatar.com\/avatar\/1f934271fde92d056502e55238a78cf5e0346d532a8a6000239e7122f1163a0a?s=96&d=mm&r=g","contentUrl":"https:\/\/secure.gravatar.com\/avatar\/1f934271fde92d056502e55238a78cf5e0346d532a8a6000239e7122f1163a0a?s=96&d=mm&r=g","caption":"Johan Bonander"},"description":"Kyrkoherde i Fryks\u00e4nde pastorat, kontraktsprost norra V\u00e4rmlands kontrakt, Karlstad stift","sameAs":["http:\/\/www.svenskakyrkan.se\/fryksande"],"url":"https:\/\/blogg.svenskakyrkan.se\/bonander\/author\/ostmarksprasten\/"}]}},"author_meta":{"ID":"42","user_nicename":"ostmarksprasten","user_url":"http:\/\/www.svenskakyrkan.se\/fryksande","user_registered":"2011-01-14 06:33:35","display_name":"Johan Bonander","first_name":"Johan","last_name":"Bonander","avatar":"https:\/\/secure.gravatar.com\/avatar\/1f934271fde92d056502e55238a78cf5e0346d532a8a6000239e7122f1163a0a?s=96&d=mm&r=g"},"featured_image":false,"bloginfo":{"name":"Johan Bonander","url":"https:\/\/blogg.svenskakyrkan.se\/bonander"},"_links":{"self":[{"href":"https:\/\/blogg.svenskakyrkan.se\/bonander\/wp-json\/wp\/v2\/posts\/90","targetHints":{"allow":["GET"]}}],"collection":[{"href":"https:\/\/blogg.svenskakyrkan.se\/bonander\/wp-json\/wp\/v2\/posts"}],"about":[{"href":"https:\/\/blogg.svenskakyrkan.se\/bonander\/wp-json\/wp\/v2\/types\/post"}],"author":[{"embeddable":true,"href":"https:\/\/blogg.svenskakyrkan.se\/bonander\/wp-json\/wp\/v2\/users\/42"}],"replies":[{"embeddable":true,"href":"https:\/\/blogg.svenskakyrkan.se\/bonander\/wp-json\/wp\/v2\/comments?post=90"}],"version-history":[{"count":9,"href":"https:\/\/blogg.svenskakyrkan.se\/bonander\/wp-json\/wp\/v2\/posts\/90\/revisions"}],"predecessor-version":[{"id":100,"href":"https:\/\/blogg.svenskakyrkan.se\/bonander\/wp-json\/wp\/v2\/posts\/90\/revisions\/100"}],"wp:attachment":[{"href":"https:\/\/blogg.svenskakyrkan.se\/bonander\/wp-json\/wp\/v2\/media?parent=90"}],"wp:term":[{"taxonomy":"category","embeddable":true,"href":"https:\/\/blogg.svenskakyrkan.se\/bonander\/wp-json\/wp\/v2\/categories?post=90"},{"taxonomy":"post_tag","embeddable":true,"href":"https:\/\/blogg.svenskakyrkan.se\/bonander\/wp-json\/wp\/v2\/tags?post=90"}],"curies":[{"name":"wp","href":"https:\/\/api.w.org\/{rel}","templated":true}]}}