{"id":1045,"date":"2017-12-11T17:25:55","date_gmt":"2017-12-11T16:25:55","guid":{"rendered":"http:\/\/blogg.svenskakyrkan.se\/crd\/?p=1045"},"modified":"2017-12-11T17:25:55","modified_gmt":"2017-12-11T16:25:55","slug":"jerusalem-hoj-upp-din-rost","status":"publish","type":"post","link":"https:\/\/blogg.svenskakyrkan.se\/crd\/2017\/12\/11\/jerusalem-hoj-upp-din-rost\/","title":{"rendered":"Jerusalem, h\u00f6j upp din r\u00f6st&#8230;."},"content":{"rendered":"<p>Detta ska inte bli n\u00e5gon politisk analys av vad effekterna av Donald Trumps beslut att flytta USA:s ambassad till Jerusalem kan bli. Det f\u00e5r andra, som \u00e4r kunniga p\u00e5 detta omr\u00e5de st\u00e5 f\u00f6r. Men jag t\u00e4nker att vi som \u00e4r engagerade i interreligi\u00f6s dialog m\u00e5ste g\u00f6ra vad vi kan f\u00f6r att det inte ska f\u00e5 alltf\u00f6r negativa effekter p\u00e5 sammanh\u00e5llningen i v\u00e5rt samh\u00e4lle.<\/p>\n<p>Och f\u00f6r oss som \u00e4r kristna inneb\u00e4r det att sk\u00e4rsk\u00e5da hur v\u00e5r historia ser ut n\u00e4r det g\u00e4ller att g\u00f6ra anspr\u00e5k p\u00e5 Jerusalem. Och d\u00e5 t\u00e4nker jag inte fr\u00e4mst p\u00e5 korst\u00e5gstidens er\u00f6vringar, och de blodbad som de medf\u00f6rde p\u00e5 Jerusalems gator, d\u00e5 muslimer, judar och inhemska kristna slaktades utan \u00e5tskillnad.<\/p>\n<p>Jag t\u00e4nker p\u00e5 hur Jerusalem blivit en metafor i kristen terminologi. Det \u00e4r naturligt att kristendomen tog \u00f6ver och omarbetade denna judiska metafor \u2013 f\u00f6r \u00e4ven i den Hebreiska Bibeln \u00e4r ju Jerusalem, Sion, inte bara en stad, utan en rik symbol. Men i ers\u00e4ttningsteologins kontext har det inte handlat om inspiration och ett delat arv, utan om ett \u00f6vertagande. \u201d<em>Det sanna Jerusalem<\/em>\u201d har blivit de kristnas hemvist, inte judarnas. Ett t\u00e4nkande vars konsekvenser blivit pogromer och i f\u00f6rl\u00e4ngningen F\u00f6rintelsen.<\/p>\n<p>\u201d<em>Luften \u00f6ver Jerusalem \u00e4r tung av b\u00f6ner och dr\u00f6mmar. Som i tungt industrialiserade st\u00e4der \u00e4r det sv\u00e5rt att andas<\/em>\u201d skrev den israeliska poeten <strong>Yehuda Amichai<\/strong>. Tre religioner har n\u00e5gra av sina heligaste platser i denna stad, platser dit de troende vill komma f\u00f6r att be. Makthavare tillh\u00f6riga de tre religionerna har stridit om den v\u00e4rldsliga makten \u00f6ver dessa b\u00f6neplatser. \u00c4ven om vi s\u00e4ger att det i grunden handlar om geopolitik och folkr\u00e4tt s\u00e5 g\u00e5r det idag inte att bortse fr\u00e5n den religi\u00f6sa dimensionen.<\/p>\n<p>N\u00e4r konflikten eskalerar i Israel\/Palestina, s\u00e5 f\u00e5r det \u00e5terverkningar i Sverige. Det \u00e4r vi som arbetar med interreligi\u00f6sa relationer alltf\u00f6r v\u00e4l medvetna om. Och som ett brev p\u00e5 posten kom denna g\u00e5ng f\u00f6rst en manifestation i Malm\u00f6 d\u00e4r det skanderades \u201dvi ska skjuta judarna\u201d. Brandattentaten mot synagogan i G\u00f6teborg och mot judiska begravningskapellet i Malm\u00f6 vet vi \u00e4nnu inget om bakgrunden till, men det \u00e4r inte orimligt att t\u00e4nka sig att de \u00e4r kopplade till ambassadfr\u00e5gan. Att v\u00e5ra judiska v\u00e4nner \u00e4n en g\u00e5ng ska k\u00e4nna hotet h\u00e4nga \u00f6ver sig, och ytterligare f\u00f6rst\u00e4rka s\u00e4kerhetsarrangemangen vid sina lokaler \u00e4r djupt sorgligt.<\/p>\n<p>Men mitt i detta som v\u00e4cker sorg och f\u00f6rst\u00e4mning hittar jag ocks\u00e5 ljusglimtar. I s\u00e5v\u00e4l Malm\u00f6 som G\u00f6teborg har de interreligi\u00f6sa r\u00e5den och organisationerna uttryckt sin vilja att forts\u00e4tta samarbetet mot hat och hot, muslimer bes\u00f6kte synagogan med blommor, jag ser i mitt Facebookfl\u00f6de hur ledande muslimer och palestinska aktivister manar sina v\u00e4nner att skilja p\u00e5 staten Israel och den judiska gemenskapen. Onsdag 20 december anordnas en ny <em>Fredens ring<\/em> vid Stockholms stora synagoga. Och detta hade inte varit m\u00f6jligt utan det interreligi\u00f6sa arbete, de kontakter och v\u00e4nskaper som knutits mellan religi\u00f6sa f\u00f6retr\u00e4dare de senaste 10 \u00e5ren.<\/p>\n<p>S\u00e5v\u00e4l kristna som muslimer beh\u00f6ver ta itu med det judehat som till\u00e5tits florera i v\u00e5ra sammanhang. Det \u00e5terst\u00e5r mycket, men vi har \u00e4nd\u00e5 kommit en bit p\u00e5 v\u00e4g. P\u00e5 denna jord kommer vi alltid att beh\u00f6va handskas med konflikter, men kanske v\u00e5gar vi \u00e4nd\u00e5 hoppas att vi ska bli b\u00e4ttre p\u00e5 det. Jag tror vi alla delar den l\u00e4ngtan som uttrycks i sista versen i SvPs 106, som jag inledde med:<\/p>\n<p><em>All v\u00e4rlden st\u00e4mmer upp med fr\u00f6jd:<\/em><br \/>\n<em> Pris vare Gud i himlens h\u00f6jd!<\/em><br \/>\n<em> V\u00e4lsignad blive jordens krets<\/em><br \/>\n<em> och m\u00e4nskan b\u00e4ttrad och tillfreds.<\/em><\/p>\n<p><strong>Helene Egnell<\/strong><\/p>\n<p>PS: Centrum f\u00f6r religionsdialogs bibliotek har en liten samling om b\u00f6cker om Palestina och Israel, f\u00f6r den som vill f\u00f6rdjupa sig i den fr\u00e5gan. <a href=\"http:\/\/www.librarything.com\/catalog\/CRDialog&amp;deepsearch=Palestina+och+Israel\" target=\"_blank\" rel=\"noopener\">Du hittar dem h\u00e4r.<\/a><\/p>\n","protected":false},"excerpt":{"rendered":"<p>Detta ska inte bli n\u00e5gon politisk analys av vad effekterna av Donald Trumps beslut att flytta USA:s ambassad till Jerusalem kan bli. Det f\u00e5r andra, som \u00e4r kunniga p\u00e5 detta omr\u00e5de st\u00e5 f\u00f6r. Men jag t\u00e4nker att vi som \u00e4r engagerade i interreligi\u00f6s dialog m\u00e5ste g\u00f6ra vad vi kan f\u00f6r att det inte ska f\u00e5 [&hellip;]<\/p>\n","protected":false},"author":601,"featured_media":1047,"comment_status":"closed","ping_status":"closed","sticky":false,"template":"","format":"standard","meta":{"_acf_changed":false,"footnotes":""},"categories":[125989],"tags":[141114],"class_list":["post-1045","post","type-post","status-publish","format-standard","has-post-thumbnail","hentry","category-bloggtexter","tag-bloggtexter"],"acf":[],"yoast_head":"<!-- This site is optimized with the Yoast SEO plugin v27.1.1 - https:\/\/yoast.com\/product\/yoast-seo-wordpress\/ -->\n<title>Jerusalem, h\u00f6j upp din r\u00f6st.... - Centrum f\u00f6r religionsdialog i Stockholms stift<\/title>\n<meta name=\"robots\" content=\"index, follow, max-snippet:-1, max-image-preview:large, max-video-preview:-1\" \/>\n<link rel=\"canonical\" href=\"https:\/\/blogg.svenskakyrkan.se\/crd\/2017\/12\/11\/jerusalem-hoj-upp-din-rost\/\" \/>\n<meta property=\"og:locale\" content=\"sv_SE\" \/>\n<meta property=\"og:type\" content=\"article\" \/>\n<meta property=\"og:title\" content=\"Jerusalem, h\u00f6j upp din r\u00f6st.... - Centrum f\u00f6r religionsdialog i Stockholms stift\" \/>\n<meta property=\"og:description\" content=\"Detta ska inte bli n\u00e5gon politisk analys av vad effekterna av Donald Trumps beslut att flytta USA:s ambassad till Jerusalem kan bli. Det f\u00e5r andra, som \u00e4r kunniga p\u00e5 detta omr\u00e5de st\u00e5 f\u00f6r. Men jag t\u00e4nker att vi som \u00e4r engagerade i interreligi\u00f6s dialog m\u00e5ste g\u00f6ra vad vi kan f\u00f6r att det inte ska f\u00e5 [&hellip;]\" \/>\n<meta property=\"og:url\" content=\"https:\/\/blogg.svenskakyrkan.se\/crd\/2017\/12\/11\/jerusalem-hoj-upp-din-rost\/\" \/>\n<meta property=\"og:site_name\" content=\"Centrum f\u00f6r religionsdialog i Stockholms stift\" \/>\n<meta property=\"article:published_time\" content=\"2017-12-11T16:25:55+00:00\" \/>\n<meta property=\"og:image\" content=\"https:\/\/blogg.svenskakyrkan.se\/crd\/files\/2017\/12\/jerusalempeace.jpg\" \/>\n\t<meta property=\"og:image:width\" content=\"3264\" \/>\n\t<meta property=\"og:image:height\" content=\"716\" \/>\n\t<meta property=\"og:image:type\" content=\"image\/jpeg\" \/>\n<meta name=\"author\" content=\"crd\" \/>\n<meta name=\"twitter:card\" content=\"summary_large_image\" \/>\n<meta name=\"twitter:label1\" content=\"Skriven av\" \/>\n\t<meta name=\"twitter:data1\" content=\"crd\" \/>\n\t<meta name=\"twitter:label2\" content=\"Ber\u00e4knad l\u00e4stid\" \/>\n\t<meta name=\"twitter:data2\" content=\"4 minuter\" \/>\n<script type=\"application\/ld+json\" class=\"yoast-schema-graph\">{\"@context\":\"https:\/\/schema.org\",\"@graph\":[{\"@type\":\"Article\",\"@id\":\"https:\/\/blogg.svenskakyrkan.se\/crd\/2017\/12\/11\/jerusalem-hoj-upp-din-rost\/#article\",\"isPartOf\":{\"@id\":\"https:\/\/blogg.svenskakyrkan.se\/crd\/2017\/12\/11\/jerusalem-hoj-upp-din-rost\/\"},\"author\":{\"name\":\"crd\",\"@id\":\"https:\/\/blogg.svenskakyrkan.se\/crd\/#\/schema\/person\/bb5b867a6acd8ff6f1d72c3b22a071ac\"},\"headline\":\"Jerusalem, h\u00f6j upp din r\u00f6st&#8230;.\",\"datePublished\":\"2017-12-11T16:25:55+00:00\",\"mainEntityOfPage\":{\"@id\":\"https:\/\/blogg.svenskakyrkan.se\/crd\/2017\/12\/11\/jerusalem-hoj-upp-din-rost\/\"},\"wordCount\":708,\"image\":{\"@id\":\"https:\/\/blogg.svenskakyrkan.se\/crd\/2017\/12\/11\/jerusalem-hoj-upp-din-rost\/#primaryimage\"},\"thumbnailUrl\":\"https:\/\/blogg.svenskakyrkan.se\/crd\/files\/2017\/12\/jerusalempeace.jpg\",\"keywords\":[\"Bloggtexter\"],\"articleSection\":[\"Bloggtexter\"],\"inLanguage\":\"sv-SE\"},{\"@type\":\"WebPage\",\"@id\":\"https:\/\/blogg.svenskakyrkan.se\/crd\/2017\/12\/11\/jerusalem-hoj-upp-din-rost\/\",\"url\":\"https:\/\/blogg.svenskakyrkan.se\/crd\/2017\/12\/11\/jerusalem-hoj-upp-din-rost\/\",\"name\":\"Jerusalem, h\u00f6j upp din r\u00f6st.... - Centrum f\u00f6r religionsdialog i Stockholms stift\",\"isPartOf\":{\"@id\":\"https:\/\/blogg.svenskakyrkan.se\/crd\/#website\"},\"primaryImageOfPage\":{\"@id\":\"https:\/\/blogg.svenskakyrkan.se\/crd\/2017\/12\/11\/jerusalem-hoj-upp-din-rost\/#primaryimage\"},\"image\":{\"@id\":\"https:\/\/blogg.svenskakyrkan.se\/crd\/2017\/12\/11\/jerusalem-hoj-upp-din-rost\/#primaryimage\"},\"thumbnailUrl\":\"https:\/\/blogg.svenskakyrkan.se\/crd\/files\/2017\/12\/jerusalempeace.jpg\",\"datePublished\":\"2017-12-11T16:25:55+00:00\",\"author\":{\"@id\":\"https:\/\/blogg.svenskakyrkan.se\/crd\/#\/schema\/person\/bb5b867a6acd8ff6f1d72c3b22a071ac\"},\"breadcrumb\":{\"@id\":\"https:\/\/blogg.svenskakyrkan.se\/crd\/2017\/12\/11\/jerusalem-hoj-upp-din-rost\/#breadcrumb\"},\"inLanguage\":\"sv-SE\",\"potentialAction\":[{\"@type\":\"ReadAction\",\"target\":[\"https:\/\/blogg.svenskakyrkan.se\/crd\/2017\/12\/11\/jerusalem-hoj-upp-din-rost\/\"]}]},{\"@type\":\"ImageObject\",\"inLanguage\":\"sv-SE\",\"@id\":\"https:\/\/blogg.svenskakyrkan.se\/crd\/2017\/12\/11\/jerusalem-hoj-upp-din-rost\/#primaryimage\",\"url\":\"https:\/\/blogg.svenskakyrkan.se\/crd\/files\/2017\/12\/jerusalempeace.jpg\",\"contentUrl\":\"https:\/\/blogg.svenskakyrkan.se\/crd\/files\/2017\/12\/jerusalempeace.jpg\",\"width\":3264,\"height\":716},{\"@type\":\"BreadcrumbList\",\"@id\":\"https:\/\/blogg.svenskakyrkan.se\/crd\/2017\/12\/11\/jerusalem-hoj-upp-din-rost\/#breadcrumb\",\"itemListElement\":[{\"@type\":\"ListItem\",\"position\":1,\"name\":\"Hem\",\"item\":\"https:\/\/blogg.svenskakyrkan.se\/crd\/\"},{\"@type\":\"ListItem\",\"position\":2,\"name\":\"Jerusalem, h\u00f6j upp din r\u00f6st&#8230;.\"}]},{\"@type\":\"WebSite\",\"@id\":\"https:\/\/blogg.svenskakyrkan.se\/crd\/#website\",\"url\":\"https:\/\/blogg.svenskakyrkan.se\/crd\/\",\"name\":\"Centrum f\u00f6r religionsdialog i Stockholms stift\",\"description\":\"\",\"potentialAction\":[{\"@type\":\"SearchAction\",\"target\":{\"@type\":\"EntryPoint\",\"urlTemplate\":\"https:\/\/blogg.svenskakyrkan.se\/crd\/?s={search_term_string}\"},\"query-input\":{\"@type\":\"PropertyValueSpecification\",\"valueRequired\":true,\"valueName\":\"search_term_string\"}}],\"inLanguage\":\"sv-SE\"},{\"@type\":\"Person\",\"@id\":\"https:\/\/blogg.svenskakyrkan.se\/crd\/#\/schema\/person\/bb5b867a6acd8ff6f1d72c3b22a071ac\",\"name\":\"crd\",\"image\":{\"@type\":\"ImageObject\",\"inLanguage\":\"sv-SE\",\"@id\":\"https:\/\/blogg.svenskakyrkan.se\/crd\/#\/schema\/person\/image\/\",\"url\":\"https:\/\/secure.gravatar.com\/avatar\/ec18696521d51a45474c0f91e6d19428415f5dab9d1be40a68292bc77191b818?s=96&d=mm&r=g\",\"contentUrl\":\"https:\/\/secure.gravatar.com\/avatar\/ec18696521d51a45474c0f91e6d19428415f5dab9d1be40a68292bc77191b818?s=96&d=mm&r=g\",\"caption\":\"crd\"},\"url\":\"https:\/\/blogg.svenskakyrkan.se\/crd\/author\/crd\/\"}]}<\/script>\n<!-- \/ Yoast SEO plugin. -->","yoast_head_json":{"title":"Jerusalem, h\u00f6j upp din r\u00f6st.... - Centrum f\u00f6r religionsdialog i Stockholms stift","robots":{"index":"index","follow":"follow","max-snippet":"max-snippet:-1","max-image-preview":"max-image-preview:large","max-video-preview":"max-video-preview:-1"},"canonical":"https:\/\/blogg.svenskakyrkan.se\/crd\/2017\/12\/11\/jerusalem-hoj-upp-din-rost\/","og_locale":"sv_SE","og_type":"article","og_title":"Jerusalem, h\u00f6j upp din r\u00f6st.... - Centrum f\u00f6r religionsdialog i Stockholms stift","og_description":"Detta ska inte bli n\u00e5gon politisk analys av vad effekterna av Donald Trumps beslut att flytta USA:s ambassad till Jerusalem kan bli. Det f\u00e5r andra, som \u00e4r kunniga p\u00e5 detta omr\u00e5de st\u00e5 f\u00f6r. Men jag t\u00e4nker att vi som \u00e4r engagerade i interreligi\u00f6s dialog m\u00e5ste g\u00f6ra vad vi kan f\u00f6r att det inte ska f\u00e5 [&hellip;]","og_url":"https:\/\/blogg.svenskakyrkan.se\/crd\/2017\/12\/11\/jerusalem-hoj-upp-din-rost\/","og_site_name":"Centrum f\u00f6r religionsdialog i Stockholms stift","article_published_time":"2017-12-11T16:25:55+00:00","og_image":[{"width":3264,"height":716,"url":"https:\/\/blogg.svenskakyrkan.se\/crd\/files\/2017\/12\/jerusalempeace.jpg","type":"image\/jpeg"}],"author":"crd","twitter_card":"summary_large_image","twitter_misc":{"Skriven av":"crd","Ber\u00e4knad l\u00e4stid":"4 minuter"},"schema":{"@context":"https:\/\/schema.org","@graph":[{"@type":"Article","@id":"https:\/\/blogg.svenskakyrkan.se\/crd\/2017\/12\/11\/jerusalem-hoj-upp-din-rost\/#article","isPartOf":{"@id":"https:\/\/blogg.svenskakyrkan.se\/crd\/2017\/12\/11\/jerusalem-hoj-upp-din-rost\/"},"author":{"name":"crd","@id":"https:\/\/blogg.svenskakyrkan.se\/crd\/#\/schema\/person\/bb5b867a6acd8ff6f1d72c3b22a071ac"},"headline":"Jerusalem, h\u00f6j upp din r\u00f6st&#8230;.","datePublished":"2017-12-11T16:25:55+00:00","mainEntityOfPage":{"@id":"https:\/\/blogg.svenskakyrkan.se\/crd\/2017\/12\/11\/jerusalem-hoj-upp-din-rost\/"},"wordCount":708,"image":{"@id":"https:\/\/blogg.svenskakyrkan.se\/crd\/2017\/12\/11\/jerusalem-hoj-upp-din-rost\/#primaryimage"},"thumbnailUrl":"https:\/\/blogg.svenskakyrkan.se\/crd\/files\/2017\/12\/jerusalempeace.jpg","keywords":["Bloggtexter"],"articleSection":["Bloggtexter"],"inLanguage":"sv-SE"},{"@type":"WebPage","@id":"https:\/\/blogg.svenskakyrkan.se\/crd\/2017\/12\/11\/jerusalem-hoj-upp-din-rost\/","url":"https:\/\/blogg.svenskakyrkan.se\/crd\/2017\/12\/11\/jerusalem-hoj-upp-din-rost\/","name":"Jerusalem, h\u00f6j upp din r\u00f6st.... - Centrum f\u00f6r religionsdialog i Stockholms stift","isPartOf":{"@id":"https:\/\/blogg.svenskakyrkan.se\/crd\/#website"},"primaryImageOfPage":{"@id":"https:\/\/blogg.svenskakyrkan.se\/crd\/2017\/12\/11\/jerusalem-hoj-upp-din-rost\/#primaryimage"},"image":{"@id":"https:\/\/blogg.svenskakyrkan.se\/crd\/2017\/12\/11\/jerusalem-hoj-upp-din-rost\/#primaryimage"},"thumbnailUrl":"https:\/\/blogg.svenskakyrkan.se\/crd\/files\/2017\/12\/jerusalempeace.jpg","datePublished":"2017-12-11T16:25:55+00:00","author":{"@id":"https:\/\/blogg.svenskakyrkan.se\/crd\/#\/schema\/person\/bb5b867a6acd8ff6f1d72c3b22a071ac"},"breadcrumb":{"@id":"https:\/\/blogg.svenskakyrkan.se\/crd\/2017\/12\/11\/jerusalem-hoj-upp-din-rost\/#breadcrumb"},"inLanguage":"sv-SE","potentialAction":[{"@type":"ReadAction","target":["https:\/\/blogg.svenskakyrkan.se\/crd\/2017\/12\/11\/jerusalem-hoj-upp-din-rost\/"]}]},{"@type":"ImageObject","inLanguage":"sv-SE","@id":"https:\/\/blogg.svenskakyrkan.se\/crd\/2017\/12\/11\/jerusalem-hoj-upp-din-rost\/#primaryimage","url":"https:\/\/blogg.svenskakyrkan.se\/crd\/files\/2017\/12\/jerusalempeace.jpg","contentUrl":"https:\/\/blogg.svenskakyrkan.se\/crd\/files\/2017\/12\/jerusalempeace.jpg","width":3264,"height":716},{"@type":"BreadcrumbList","@id":"https:\/\/blogg.svenskakyrkan.se\/crd\/2017\/12\/11\/jerusalem-hoj-upp-din-rost\/#breadcrumb","itemListElement":[{"@type":"ListItem","position":1,"name":"Hem","item":"https:\/\/blogg.svenskakyrkan.se\/crd\/"},{"@type":"ListItem","position":2,"name":"Jerusalem, h\u00f6j upp din r\u00f6st&#8230;."}]},{"@type":"WebSite","@id":"https:\/\/blogg.svenskakyrkan.se\/crd\/#website","url":"https:\/\/blogg.svenskakyrkan.se\/crd\/","name":"Centrum f\u00f6r religionsdialog i Stockholms stift","description":"","potentialAction":[{"@type":"SearchAction","target":{"@type":"EntryPoint","urlTemplate":"https:\/\/blogg.svenskakyrkan.se\/crd\/?s={search_term_string}"},"query-input":{"@type":"PropertyValueSpecification","valueRequired":true,"valueName":"search_term_string"}}],"inLanguage":"sv-SE"},{"@type":"Person","@id":"https:\/\/blogg.svenskakyrkan.se\/crd\/#\/schema\/person\/bb5b867a6acd8ff6f1d72c3b22a071ac","name":"crd","image":{"@type":"ImageObject","inLanguage":"sv-SE","@id":"https:\/\/blogg.svenskakyrkan.se\/crd\/#\/schema\/person\/image\/","url":"https:\/\/secure.gravatar.com\/avatar\/ec18696521d51a45474c0f91e6d19428415f5dab9d1be40a68292bc77191b818?s=96&d=mm&r=g","contentUrl":"https:\/\/secure.gravatar.com\/avatar\/ec18696521d51a45474c0f91e6d19428415f5dab9d1be40a68292bc77191b818?s=96&d=mm&r=g","caption":"crd"},"url":"https:\/\/blogg.svenskakyrkan.se\/crd\/author\/crd\/"}]}},"author_meta":{"ID":"601","user_nicename":"crd","user_registered":"2016-12-12 10:07:55","display_name":"crd","avatar":"https:\/\/secure.gravatar.com\/avatar\/ec18696521d51a45474c0f91e6d19428415f5dab9d1be40a68292bc77191b818?s=96&d=mm&r=g"},"featured_image":["https:\/\/blogg.svenskakyrkan.se\/crd\/files\/2017\/12\/jerusalempeace-1024x225.jpg",1024,225,true],"bloginfo":{"name":"Centrum f\u00f6r religionsdialog i Stockholms stift","url":"https:\/\/blogg.svenskakyrkan.se\/crd"},"_links":{"self":[{"href":"https:\/\/blogg.svenskakyrkan.se\/crd\/wp-json\/wp\/v2\/posts\/1045","targetHints":{"allow":["GET"]}}],"collection":[{"href":"https:\/\/blogg.svenskakyrkan.se\/crd\/wp-json\/wp\/v2\/posts"}],"about":[{"href":"https:\/\/blogg.svenskakyrkan.se\/crd\/wp-json\/wp\/v2\/types\/post"}],"author":[{"embeddable":true,"href":"https:\/\/blogg.svenskakyrkan.se\/crd\/wp-json\/wp\/v2\/users\/601"}],"replies":[{"embeddable":true,"href":"https:\/\/blogg.svenskakyrkan.se\/crd\/wp-json\/wp\/v2\/comments?post=1045"}],"version-history":[{"count":3,"href":"https:\/\/blogg.svenskakyrkan.se\/crd\/wp-json\/wp\/v2\/posts\/1045\/revisions"}],"predecessor-version":[{"id":1049,"href":"https:\/\/blogg.svenskakyrkan.se\/crd\/wp-json\/wp\/v2\/posts\/1045\/revisions\/1049"}],"wp:featuredmedia":[{"embeddable":true,"href":"https:\/\/blogg.svenskakyrkan.se\/crd\/wp-json\/wp\/v2\/media\/1047"}],"wp:attachment":[{"href":"https:\/\/blogg.svenskakyrkan.se\/crd\/wp-json\/wp\/v2\/media?parent=1045"}],"wp:term":[{"taxonomy":"category","embeddable":true,"href":"https:\/\/blogg.svenskakyrkan.se\/crd\/wp-json\/wp\/v2\/categories?post=1045"},{"taxonomy":"post_tag","embeddable":true,"href":"https:\/\/blogg.svenskakyrkan.se\/crd\/wp-json\/wp\/v2\/tags?post=1045"}],"curies":[{"name":"wp","href":"https:\/\/api.w.org\/{rel}","templated":true}]}}