{"id":1336,"date":"2018-06-01T16:53:08","date_gmt":"2018-06-01T14:53:08","guid":{"rendered":"http:\/\/blogg.svenskakyrkan.se\/crd\/?p=1336"},"modified":"2018-06-01T16:53:08","modified_gmt":"2018-06-01T14:53:08","slug":"pa-gang","status":"publish","type":"post","link":"https:\/\/blogg.svenskakyrkan.se\/crd\/2018\/06\/01\/pa-gang\/","title":{"rendered":"P\u00e5 g\u00e5ng"},"content":{"rendered":"<h3>Fredsseminarium vid Politikerveckan p\u00e5 J\u00e4rva<\/h3>\n<p><strong><br \/>\n17 juni kl 18 p\u00e5 Seminariescen 4 p\u00e5 Sp\u00e5nga IP<\/strong><\/p>\n<p>Kan religionen vara en sj\u00e4lvklar och positiv kraft i det offentliga rummet? Idag finns en tilltagande religionskritik i v\u00e5rt samh\u00e4lle, d\u00e4r religionen ofta framst\u00e4lls som orsak till krig och konflikter. Men tv\u00e4rtemot dessa generaliseringar kring v\u00e5ld, konflikt och religion ser m\u00e5nga religi\u00f6sa sj\u00e4lva p\u00e5 varandras olikheter med respekt \u2013 och str\u00e4van efter r\u00e4ttvisa och fred \u00e4r gemensam. I <em>boken Fred i religionens namn<\/em> finns sju personliga skildringar av de resurser deras traditioner rymmer i arbetet f\u00f6r en fredligare v\u00e4rld.<br \/>\nPanelsamtal utifr\u00e5n bokens fr\u00e5gest\u00e4llningar med Lotta Sj\u00f6str\u00f6m Becker, Kristna fredsr\u00f6relsen; Trudy Fredriksson, Sveriges Buddhistiska Samarbetsr\u00e5d;\u00a0Maynard Gerber, Judiska f\u00f6rsamlingen;\u00a0Yasri Khan, Svenska Muslimer f\u00f6r Fred och R\u00e4ttvisa; Shiva Shankar; hinduisk forskare och f\u00f6rel\u00e4sare och \u00d6rjan Widegren, tidigare ordf\u00f6rande\u00a0 f\u00f6r Baha&#8217;\u00edsamfundet i Sverige. Moderator:\u00a0Helene Egnell.<\/p>\n<p><em>Fri entr\u00e9, ingen f\u00f6ranm\u00e4lan.<\/em><\/p>\n<p>&nbsp;<\/p>\n<h3>Studiecirkel: Scriptural Reasoning f\u00f6r kvinnor<\/h3>\n<p><strong><em>Fem tillf\u00e4llen, m\u00e5ndagar kl. 17:30-19:30. F\u00f6rsta tillf\u00e4llet \u00e4r 10 september.\u00a0Ibn Rushd verksamhetslokaler, Stora mosk\u00e9n<\/em><br \/>\n<\/strong>Scriptural Reasoning (SR) \u00e4r en interreligi\u00f6s texttolkningstradition.\u00a0SR utvecklades under 90-talet i den engelska universitetsmilj\u00f6n.\u00a0Tycker du det \u00e4r intressant att tr\u00e4ffa kvinnor av annan religion \u00e4n din egen? \u00c4r du nyfiken p\u00e5 att uppt\u00e4cka din och andras religi\u00f6sa heliga skrifter? D\u00e5 \u00e4r du v\u00e4lkommen att delta!<br \/>\nD\u00e5 v\u00e5ra tr\u00e4ffar bygger p\u00e5 att det finns en representation av olika religi\u00f6sa tillh\u00f6righeter finns det en begr\u00e4nsning i antal platser per religi\u00f6s grupp. D\u00e4rf\u00f6r m\u00e5ste du ange din religion vid anm\u00e4lan. Detta \u00e4r ett initiativ av kvinnor enbart f\u00f6r kvinnor.<br \/>\n<a href=\"http:\/\/www.scripturalreasoning.org\/\">L\u00e4s h\u00e4r<\/a>\u00a0f\u00f6r att f\u00e5 veta mera om Scriptural reasoning.<\/p>\n<p>Har du fr\u00e5gor? Kontakta Sofia Nordin p\u00e5 sofia.nordin@svenskakyrkan.se eller p\u00e5 076-8345445<\/p>\n<p><em>Anm\u00e4lan sker via Ibn Rushd, sista anm\u00e4lningsdag \u00e4r 31 augusti. Vi \u00e5terkommer med l\u00e4nk.<\/em><\/p>\n<p><strong>\u00a0<\/strong><\/p>\n<h3>Allt du velat veta om islam men inte v\u00e5gat fr\u00e5ga<\/h3>\n<p><strong><em>20 september, 11 oktober, 8 november kl 9-12 i Skolhuset, Kammakargatan 13<\/em><\/strong><\/p>\n<p>Vi h\u00f6r s\u00e5 mycket om islam. Och vi undrar vad som egentligen \u00e4r sant. Vi vill kanske st\u00e5 upp f\u00f6r muslimers r\u00e4tt att ut\u00f6va sin tro, men \u00e4r os\u00e4kra p\u00e5 vad som \u00e4r religion och vad som \u00e4r kultur. Hur viktigt \u00e4r det att kl\u00e4 sig p\u00e5 ett visst s\u00e4tt, eller att f\u00e5 ha b\u00f6neutrop, vad st\u00e5r det egentligen i Koranen, ska det verkligen vara n\u00f6dv\u00e4ndigt att omsk\u00e4ra pojkar? Och hur representativa \u00e4r egentligen IS?<\/p>\n<p>Nu har du chans att f\u00e5 svar p\u00e5 dina fr\u00e5gor av imam Mohammad Muslim Eneborg. Vi tr\u00e4ffas tre g\u00e5nger, f\u00f6r att hinna skapa ett tryggt rum d\u00e4r sv\u00e5ra fr\u00e5gor kan st\u00e4llas, men d\u00e4r vi ocks\u00e5 kan dela n\u00e5got av trons innersida med varandra. En av tr\u00e4ffarna blir i Ayshamosk\u00e9n vid S:t Eriksplan, som Mohammad f\u00f6rest\u00e5r, de \u00f6vriga p\u00e5 Centrum f\u00f6r religionsdialog, Skolhuset, Kammakargatan 13. Det kommer ocks\u00e5 att blir tillf\u00e4lle att delta i en dhikr, andakt i sufisk tradition, en fredagkv\u00e4ll i mosk\u00e9n.<br \/>\nKursen v\u00e4nder sig i f\u00f6rsta hand till pr\u00e4ster och diakoner i Stockholms stift.<\/p>\n<p>Vi tr\u00e4ffas 20 september, 11 oktober och 8 november kl 9-12, och inleder med morgonkaffe.<\/p>\n<p>Avgift: 500 kronor.<\/p>\n<p><em>Anm\u00e4lan senast 13 september p\u00e5\u00a0<a href=\"http:\/\/anmalan.svenskakyrkan.se\/GroupRegistrationForm.aspx?id=8839\">Kursanm\u00e4lan Stockholms stift<\/a>.<\/em><\/p>\n<h3>Ritualer og religionsm\u00f8de<br \/>\n&#8211; n\u00e5r religionsm\u00f8der flytter ind i kirkerummet<\/h3>\n<p><strong><em>Skandinavisk konferens i\u00a0K\u00f6penhamn 22-24 oktober<\/em><\/strong><br \/>\nDanska Folkekirke og religionsm\u00f8de \u00e4r v\u00e4rd f\u00f6r \u00e5rets konferens f\u00f6r oss som arbetar med religionsm\u00f6te i de nordiska lutherska folkkyrkorna. I \u00e5r handlar det om &#8221;kyrkliga handlingar&#8221; i familjer d\u00e4r flera religi\u00f6sa identiteter \u00e4r representerade. Detta \u00e4r den sjunde konferensen i sitt slag, d\u00e4r pr\u00e4ster och andra f\u00f6rsamlingsmedarbetare i de nordiska lutherska kyrkorna f\u00e5r m\u00f6ta akademiskt verksamma teologer och reflektera \u00f6ver sitt arbete.<\/p>\n<p><em><a href=\"https:\/\/religionsmoede.dk\/_Resources\/Persistent\/d\/e\/8\/f\/de8f97a4710a846709a63bd54c920e8d829ae4db\/Skandinavisk%20Religionsdialog%20Konference%202018_web.pdf\"><u>L\u00e4s mer om konferensen och hur du anm\u00e4ler dig<\/u><\/a><\/em><\/p>\n<p><em>\u00a0<\/em><\/p>\n<h3>Krister Stendahl Memorial Lecture<\/h3>\n<p><strong><em>5 november kl. 15:00 Bringsalen, Ersta konferens, Erstagatan 1<\/em><\/strong><\/p>\n<p><a href=\"http:\/\/blogg.svenskakyrkan.se\/crd\/files\/2018\/06\/PaulaFredriksen252.jpg\"><img loading=\"lazy\" decoding=\"async\" width=\"150\" height=\"150\" class=\"alignleft size-thumbnail wp-image-1342\" src=\"http:\/\/blogg.svenskakyrkan.se\/crd\/files\/2018\/06\/PaulaFredriksen252-150x150.jpg\" alt=\"\" \/><\/a>Professor Paula Fredriksen f\u00f6rel\u00e4ser p\u00e5 temat <em>Messy Monotheism and Interfaith Pluralism: Gods and Humans in the Roman Mediterranean.<\/em> F\u00f6rel\u00e4sningen arrangeras i samarbete med Paideia.<\/p>\n<p>Paula Fredriksen \u00e4r Aurelio Professor of Scripture emerita vid Boston University, och Distinguished Visiting Professor of Comparative Religion vid Hebrew University, Jerusalem. Hon h\u00f6r till de forskare som intresserat sig f\u00f6r den historiske Jesus, och har haft stor betydelse f\u00f6r att placera honom i hans judiska kontext. Hon har \u00e4gnat sin forskning \u00e5t den tidiga kristendomens historia, relationen mellan kristna, judar och hedningar i romarriket och den kristna antisemitismens framv\u00e4xt.<\/p>\n<p><em>Fri entr\u00e9, anm\u00e4lan senast 29\u00a0oktober p\u00e5 <\/em><a href=\"mailto:info@paideia-eu.org\"><em>info@paideia-eu.org<\/em><\/a><em>.<\/em><\/p>\n<p>&nbsp;<\/p>\n","protected":false},"excerpt":{"rendered":"<p>Fredsseminarium vid Politikerveckan p\u00e5 J\u00e4rva 17 juni kl 18 p\u00e5 Seminariescen 4 p\u00e5 Sp\u00e5nga IP Kan religionen vara en sj\u00e4lvklar och positiv kraft i det offentliga rummet? Idag finns en tilltagande religionskritik i v\u00e5rt samh\u00e4lle, d\u00e4r religionen ofta framst\u00e4lls som orsak till krig och konflikter. Men tv\u00e4rtemot dessa generaliseringar kring v\u00e5ld, konflikt och religion ser [&hellip;]<\/p>\n","protected":false},"author":601,"featured_media":681,"comment_status":"closed","ping_status":"closed","sticky":false,"template":"","format":"standard","meta":{"_acf_changed":false,"footnotes":""},"categories":[125989],"tags":[],"class_list":["post-1336","post","type-post","status-publish","format-standard","has-post-thumbnail","hentry","category-bloggtexter"],"acf":[],"yoast_head":"<!-- This site is optimized with the Yoast SEO plugin v27.1.1 - https:\/\/yoast.com\/product\/yoast-seo-wordpress\/ -->\n<title>P\u00e5 g\u00e5ng - Centrum f\u00f6r religionsdialog i Stockholms stift<\/title>\n<meta name=\"robots\" content=\"index, follow, max-snippet:-1, max-image-preview:large, max-video-preview:-1\" \/>\n<link rel=\"canonical\" href=\"https:\/\/blogg.svenskakyrkan.se\/crd\/2018\/06\/01\/pa-gang\/\" \/>\n<meta property=\"og:locale\" content=\"sv_SE\" \/>\n<meta property=\"og:type\" content=\"article\" \/>\n<meta property=\"og:title\" content=\"P\u00e5 g\u00e5ng - Centrum f\u00f6r religionsdialog i Stockholms stift\" \/>\n<meta property=\"og:description\" content=\"Fredsseminarium vid Politikerveckan p\u00e5 J\u00e4rva 17 juni kl 18 p\u00e5 Seminariescen 4 p\u00e5 Sp\u00e5nga IP Kan religionen vara en sj\u00e4lvklar och positiv kraft i det offentliga rummet? Idag finns en tilltagande religionskritik i v\u00e5rt samh\u00e4lle, d\u00e4r religionen ofta framst\u00e4lls som orsak till krig och konflikter. Men tv\u00e4rtemot dessa generaliseringar kring v\u00e5ld, konflikt och religion ser [&hellip;]\" \/>\n<meta property=\"og:url\" content=\"https:\/\/blogg.svenskakyrkan.se\/crd\/2018\/06\/01\/pa-gang\/\" \/>\n<meta property=\"og:site_name\" content=\"Centrum f\u00f6r religionsdialog i Stockholms stift\" \/>\n<meta property=\"article:published_time\" content=\"2018-06-01T14:53:08+00:00\" \/>\n<meta property=\"og:image\" content=\"https:\/\/blogg.svenskakyrkan.se\/crd\/files\/2017\/06\/religionsdialog-1.jpg\" \/>\n\t<meta property=\"og:image:width\" content=\"386\" \/>\n\t<meta property=\"og:image:height\" content=\"131\" \/>\n\t<meta property=\"og:image:type\" content=\"image\/jpeg\" \/>\n<meta name=\"author\" content=\"crd\" \/>\n<meta name=\"twitter:card\" content=\"summary_large_image\" \/>\n<meta name=\"twitter:label1\" content=\"Skriven av\" \/>\n\t<meta name=\"twitter:data1\" content=\"crd\" \/>\n\t<meta name=\"twitter:label2\" content=\"Ber\u00e4knad l\u00e4stid\" \/>\n\t<meta name=\"twitter:data2\" content=\"4 minuter\" \/>\n<script type=\"application\/ld+json\" class=\"yoast-schema-graph\">{\"@context\":\"https:\/\/schema.org\",\"@graph\":[{\"@type\":\"Article\",\"@id\":\"https:\/\/blogg.svenskakyrkan.se\/crd\/2018\/06\/01\/pa-gang\/#article\",\"isPartOf\":{\"@id\":\"https:\/\/blogg.svenskakyrkan.se\/crd\/2018\/06\/01\/pa-gang\/\"},\"author\":{\"name\":\"crd\",\"@id\":\"https:\/\/blogg.svenskakyrkan.se\/crd\/#\/schema\/person\/bb5b867a6acd8ff6f1d72c3b22a071ac\"},\"headline\":\"P\u00e5 g\u00e5ng\",\"datePublished\":\"2018-06-01T14:53:08+00:00\",\"mainEntityOfPage\":{\"@id\":\"https:\/\/blogg.svenskakyrkan.se\/crd\/2018\/06\/01\/pa-gang\/\"},\"wordCount\":826,\"image\":{\"@id\":\"https:\/\/blogg.svenskakyrkan.se\/crd\/2018\/06\/01\/pa-gang\/#primaryimage\"},\"thumbnailUrl\":\"https:\/\/blogg.svenskakyrkan.se\/crd\/files\/2017\/06\/religionsdialog-1.jpg\",\"articleSection\":[\"Bloggtexter\"],\"inLanguage\":\"sv-SE\"},{\"@type\":\"WebPage\",\"@id\":\"https:\/\/blogg.svenskakyrkan.se\/crd\/2018\/06\/01\/pa-gang\/\",\"url\":\"https:\/\/blogg.svenskakyrkan.se\/crd\/2018\/06\/01\/pa-gang\/\",\"name\":\"P\u00e5 g\u00e5ng - Centrum f\u00f6r religionsdialog i Stockholms stift\",\"isPartOf\":{\"@id\":\"https:\/\/blogg.svenskakyrkan.se\/crd\/#website\"},\"primaryImageOfPage\":{\"@id\":\"https:\/\/blogg.svenskakyrkan.se\/crd\/2018\/06\/01\/pa-gang\/#primaryimage\"},\"image\":{\"@id\":\"https:\/\/blogg.svenskakyrkan.se\/crd\/2018\/06\/01\/pa-gang\/#primaryimage\"},\"thumbnailUrl\":\"https:\/\/blogg.svenskakyrkan.se\/crd\/files\/2017\/06\/religionsdialog-1.jpg\",\"datePublished\":\"2018-06-01T14:53:08+00:00\",\"author\":{\"@id\":\"https:\/\/blogg.svenskakyrkan.se\/crd\/#\/schema\/person\/bb5b867a6acd8ff6f1d72c3b22a071ac\"},\"breadcrumb\":{\"@id\":\"https:\/\/blogg.svenskakyrkan.se\/crd\/2018\/06\/01\/pa-gang\/#breadcrumb\"},\"inLanguage\":\"sv-SE\",\"potentialAction\":[{\"@type\":\"ReadAction\",\"target\":[\"https:\/\/blogg.svenskakyrkan.se\/crd\/2018\/06\/01\/pa-gang\/\"]}]},{\"@type\":\"ImageObject\",\"inLanguage\":\"sv-SE\",\"@id\":\"https:\/\/blogg.svenskakyrkan.se\/crd\/2018\/06\/01\/pa-gang\/#primaryimage\",\"url\":\"https:\/\/blogg.svenskakyrkan.se\/crd\/files\/2017\/06\/religionsdialog-1.jpg\",\"contentUrl\":\"https:\/\/blogg.svenskakyrkan.se\/crd\/files\/2017\/06\/religionsdialog-1.jpg\",\"width\":386,\"height\":131},{\"@type\":\"BreadcrumbList\",\"@id\":\"https:\/\/blogg.svenskakyrkan.se\/crd\/2018\/06\/01\/pa-gang\/#breadcrumb\",\"itemListElement\":[{\"@type\":\"ListItem\",\"position\":1,\"name\":\"Hem\",\"item\":\"https:\/\/blogg.svenskakyrkan.se\/crd\/\"},{\"@type\":\"ListItem\",\"position\":2,\"name\":\"P\u00e5 g\u00e5ng\"}]},{\"@type\":\"WebSite\",\"@id\":\"https:\/\/blogg.svenskakyrkan.se\/crd\/#website\",\"url\":\"https:\/\/blogg.svenskakyrkan.se\/crd\/\",\"name\":\"Centrum f\u00f6r religionsdialog i Stockholms stift\",\"description\":\"\",\"potentialAction\":[{\"@type\":\"SearchAction\",\"target\":{\"@type\":\"EntryPoint\",\"urlTemplate\":\"https:\/\/blogg.svenskakyrkan.se\/crd\/?s={search_term_string}\"},\"query-input\":{\"@type\":\"PropertyValueSpecification\",\"valueRequired\":true,\"valueName\":\"search_term_string\"}}],\"inLanguage\":\"sv-SE\"},{\"@type\":\"Person\",\"@id\":\"https:\/\/blogg.svenskakyrkan.se\/crd\/#\/schema\/person\/bb5b867a6acd8ff6f1d72c3b22a071ac\",\"name\":\"crd\",\"image\":{\"@type\":\"ImageObject\",\"inLanguage\":\"sv-SE\",\"@id\":\"https:\/\/blogg.svenskakyrkan.se\/crd\/#\/schema\/person\/image\/\",\"url\":\"https:\/\/secure.gravatar.com\/avatar\/ec18696521d51a45474c0f91e6d19428415f5dab9d1be40a68292bc77191b818?s=96&d=mm&r=g\",\"contentUrl\":\"https:\/\/secure.gravatar.com\/avatar\/ec18696521d51a45474c0f91e6d19428415f5dab9d1be40a68292bc77191b818?s=96&d=mm&r=g\",\"caption\":\"crd\"},\"url\":\"https:\/\/blogg.svenskakyrkan.se\/crd\/author\/crd\/\"}]}<\/script>\n<!-- \/ Yoast SEO plugin. -->","yoast_head_json":{"title":"P\u00e5 g\u00e5ng - Centrum f\u00f6r religionsdialog i Stockholms stift","robots":{"index":"index","follow":"follow","max-snippet":"max-snippet:-1","max-image-preview":"max-image-preview:large","max-video-preview":"max-video-preview:-1"},"canonical":"https:\/\/blogg.svenskakyrkan.se\/crd\/2018\/06\/01\/pa-gang\/","og_locale":"sv_SE","og_type":"article","og_title":"P\u00e5 g\u00e5ng - Centrum f\u00f6r religionsdialog i Stockholms stift","og_description":"Fredsseminarium vid Politikerveckan p\u00e5 J\u00e4rva 17 juni kl 18 p\u00e5 Seminariescen 4 p\u00e5 Sp\u00e5nga IP Kan religionen vara en sj\u00e4lvklar och positiv kraft i det offentliga rummet? Idag finns en tilltagande religionskritik i v\u00e5rt samh\u00e4lle, d\u00e4r religionen ofta framst\u00e4lls som orsak till krig och konflikter. Men tv\u00e4rtemot dessa generaliseringar kring v\u00e5ld, konflikt och religion ser [&hellip;]","og_url":"https:\/\/blogg.svenskakyrkan.se\/crd\/2018\/06\/01\/pa-gang\/","og_site_name":"Centrum f\u00f6r religionsdialog i Stockholms stift","article_published_time":"2018-06-01T14:53:08+00:00","og_image":[{"width":386,"height":131,"url":"https:\/\/blogg.svenskakyrkan.se\/crd\/files\/2017\/06\/religionsdialog-1.jpg","type":"image\/jpeg"}],"author":"crd","twitter_card":"summary_large_image","twitter_misc":{"Skriven av":"crd","Ber\u00e4knad l\u00e4stid":"4 minuter"},"schema":{"@context":"https:\/\/schema.org","@graph":[{"@type":"Article","@id":"https:\/\/blogg.svenskakyrkan.se\/crd\/2018\/06\/01\/pa-gang\/#article","isPartOf":{"@id":"https:\/\/blogg.svenskakyrkan.se\/crd\/2018\/06\/01\/pa-gang\/"},"author":{"name":"crd","@id":"https:\/\/blogg.svenskakyrkan.se\/crd\/#\/schema\/person\/bb5b867a6acd8ff6f1d72c3b22a071ac"},"headline":"P\u00e5 g\u00e5ng","datePublished":"2018-06-01T14:53:08+00:00","mainEntityOfPage":{"@id":"https:\/\/blogg.svenskakyrkan.se\/crd\/2018\/06\/01\/pa-gang\/"},"wordCount":826,"image":{"@id":"https:\/\/blogg.svenskakyrkan.se\/crd\/2018\/06\/01\/pa-gang\/#primaryimage"},"thumbnailUrl":"https:\/\/blogg.svenskakyrkan.se\/crd\/files\/2017\/06\/religionsdialog-1.jpg","articleSection":["Bloggtexter"],"inLanguage":"sv-SE"},{"@type":"WebPage","@id":"https:\/\/blogg.svenskakyrkan.se\/crd\/2018\/06\/01\/pa-gang\/","url":"https:\/\/blogg.svenskakyrkan.se\/crd\/2018\/06\/01\/pa-gang\/","name":"P\u00e5 g\u00e5ng - Centrum f\u00f6r religionsdialog i Stockholms stift","isPartOf":{"@id":"https:\/\/blogg.svenskakyrkan.se\/crd\/#website"},"primaryImageOfPage":{"@id":"https:\/\/blogg.svenskakyrkan.se\/crd\/2018\/06\/01\/pa-gang\/#primaryimage"},"image":{"@id":"https:\/\/blogg.svenskakyrkan.se\/crd\/2018\/06\/01\/pa-gang\/#primaryimage"},"thumbnailUrl":"https:\/\/blogg.svenskakyrkan.se\/crd\/files\/2017\/06\/religionsdialog-1.jpg","datePublished":"2018-06-01T14:53:08+00:00","author":{"@id":"https:\/\/blogg.svenskakyrkan.se\/crd\/#\/schema\/person\/bb5b867a6acd8ff6f1d72c3b22a071ac"},"breadcrumb":{"@id":"https:\/\/blogg.svenskakyrkan.se\/crd\/2018\/06\/01\/pa-gang\/#breadcrumb"},"inLanguage":"sv-SE","potentialAction":[{"@type":"ReadAction","target":["https:\/\/blogg.svenskakyrkan.se\/crd\/2018\/06\/01\/pa-gang\/"]}]},{"@type":"ImageObject","inLanguage":"sv-SE","@id":"https:\/\/blogg.svenskakyrkan.se\/crd\/2018\/06\/01\/pa-gang\/#primaryimage","url":"https:\/\/blogg.svenskakyrkan.se\/crd\/files\/2017\/06\/religionsdialog-1.jpg","contentUrl":"https:\/\/blogg.svenskakyrkan.se\/crd\/files\/2017\/06\/religionsdialog-1.jpg","width":386,"height":131},{"@type":"BreadcrumbList","@id":"https:\/\/blogg.svenskakyrkan.se\/crd\/2018\/06\/01\/pa-gang\/#breadcrumb","itemListElement":[{"@type":"ListItem","position":1,"name":"Hem","item":"https:\/\/blogg.svenskakyrkan.se\/crd\/"},{"@type":"ListItem","position":2,"name":"P\u00e5 g\u00e5ng"}]},{"@type":"WebSite","@id":"https:\/\/blogg.svenskakyrkan.se\/crd\/#website","url":"https:\/\/blogg.svenskakyrkan.se\/crd\/","name":"Centrum f\u00f6r religionsdialog i Stockholms stift","description":"","potentialAction":[{"@type":"SearchAction","target":{"@type":"EntryPoint","urlTemplate":"https:\/\/blogg.svenskakyrkan.se\/crd\/?s={search_term_string}"},"query-input":{"@type":"PropertyValueSpecification","valueRequired":true,"valueName":"search_term_string"}}],"inLanguage":"sv-SE"},{"@type":"Person","@id":"https:\/\/blogg.svenskakyrkan.se\/crd\/#\/schema\/person\/bb5b867a6acd8ff6f1d72c3b22a071ac","name":"crd","image":{"@type":"ImageObject","inLanguage":"sv-SE","@id":"https:\/\/blogg.svenskakyrkan.se\/crd\/#\/schema\/person\/image\/","url":"https:\/\/secure.gravatar.com\/avatar\/ec18696521d51a45474c0f91e6d19428415f5dab9d1be40a68292bc77191b818?s=96&d=mm&r=g","contentUrl":"https:\/\/secure.gravatar.com\/avatar\/ec18696521d51a45474c0f91e6d19428415f5dab9d1be40a68292bc77191b818?s=96&d=mm&r=g","caption":"crd"},"url":"https:\/\/blogg.svenskakyrkan.se\/crd\/author\/crd\/"}]}},"author_meta":{"ID":"601","user_nicename":"crd","user_registered":"2016-12-12 10:07:55","display_name":"crd","avatar":"https:\/\/secure.gravatar.com\/avatar\/ec18696521d51a45474c0f91e6d19428415f5dab9d1be40a68292bc77191b818?s=96&d=mm&r=g"},"featured_image":["https:\/\/blogg.svenskakyrkan.se\/crd\/files\/2017\/06\/religionsdialog-1.jpg",386,131,false],"bloginfo":{"name":"Centrum f\u00f6r religionsdialog i Stockholms stift","url":"https:\/\/blogg.svenskakyrkan.se\/crd"},"_links":{"self":[{"href":"https:\/\/blogg.svenskakyrkan.se\/crd\/wp-json\/wp\/v2\/posts\/1336","targetHints":{"allow":["GET"]}}],"collection":[{"href":"https:\/\/blogg.svenskakyrkan.se\/crd\/wp-json\/wp\/v2\/posts"}],"about":[{"href":"https:\/\/blogg.svenskakyrkan.se\/crd\/wp-json\/wp\/v2\/types\/post"}],"author":[{"embeddable":true,"href":"https:\/\/blogg.svenskakyrkan.se\/crd\/wp-json\/wp\/v2\/users\/601"}],"replies":[{"embeddable":true,"href":"https:\/\/blogg.svenskakyrkan.se\/crd\/wp-json\/wp\/v2\/comments?post=1336"}],"version-history":[{"count":10,"href":"https:\/\/blogg.svenskakyrkan.se\/crd\/wp-json\/wp\/v2\/posts\/1336\/revisions"}],"predecessor-version":[{"id":1348,"href":"https:\/\/blogg.svenskakyrkan.se\/crd\/wp-json\/wp\/v2\/posts\/1336\/revisions\/1348"}],"wp:featuredmedia":[{"embeddable":true,"href":"https:\/\/blogg.svenskakyrkan.se\/crd\/wp-json\/wp\/v2\/media\/681"}],"wp:attachment":[{"href":"https:\/\/blogg.svenskakyrkan.se\/crd\/wp-json\/wp\/v2\/media?parent=1336"}],"wp:term":[{"taxonomy":"category","embeddable":true,"href":"https:\/\/blogg.svenskakyrkan.se\/crd\/wp-json\/wp\/v2\/categories?post=1336"},{"taxonomy":"post_tag","embeddable":true,"href":"https:\/\/blogg.svenskakyrkan.se\/crd\/wp-json\/wp\/v2\/tags?post=1336"}],"curies":[{"name":"wp","href":"https:\/\/api.w.org\/{rel}","templated":true}]}}