{"id":2323,"date":"2020-11-23T09:36:04","date_gmt":"2020-11-23T08:36:04","guid":{"rendered":"http:\/\/blogg.svenskakyrkan.se\/crd\/?p=2323"},"modified":"2020-11-23T14:46:58","modified_gmt":"2020-11-23T13:46:58","slug":"konstruktiv-religionskritik","status":"publish","type":"post","link":"https:\/\/blogg.svenskakyrkan.se\/crd\/2020\/11\/23\/konstruktiv-religionskritik\/","title":{"rendered":"Konstruktiv religionskritik"},"content":{"rendered":"\n\n\n<p>Religionskritik \u00e4r st\u00e4ndigt aktuellt. Det p\u00e5g\u00e5r internt inom trossamfund, s\u00e5v\u00e4l som externt. I media f\u00f6rekommer det ofta tillsammans med fr\u00e4mlingsfientlighet. I samband med koranbr\u00e4nningarna i Malm\u00f6 och Stockholm under h\u00f6sten s\u00e5 har de kommunicerats som yttrandefrihet. Nyligen fick vi beskedet att det inte blir n\u00e5got \u00e5tal efter koranbr\u00e4nningarna f\u00f6r att det inte g\u00e5r att styrka brott. Det var inte hets mot folkgrupp att elda upp en Koran i Malm\u00f6 och \u00e5klagaren har beslutat att l\u00e4gga ner f\u00f6runders\u00f6kningen.<\/p>\n\n\n\n<p>Stockholms tidigare biskop Krister Stendahl l\u00e4rde oss i sina tre regler f\u00f6r religionsdialog att &#8221;om du vill veta n\u00e5got om en annan religion ska du fr\u00e5ga dess anh\u00e4ngare, inte dess motst\u00e5ndare&#8221; (regel no. 1). Vad \u00e4r d\u00e5 mera l\u00e4mpligt \u00e4n att l\u00e4sa antologin <em>Konstruktiv religionskritik<\/em>. <em>Filosofiska, teologiska och pedagogiska perspektiv<\/em>  fr\u00e5n 2019 d\u00e4r sex f\u00f6rfattare fr\u00e5n hinduiskt, buddistiskt, judiskt, kristet, muslimskt och sekul\u00e4rt perspektiv g\u00f6r inspel.<\/p>\n\n\n\n<p>Oavsett religion har intern religionskritik funnits och format traditionen och praktiken. Precis som Ferdinando Sardella skriver i kapitlet om hinduism s\u00e5 pr\u00e4glas utvecklingen av m\u00e5ngfald och variation. Det som n\u00e4mns i samtliga kapitel \u00e4r det faktum att alla religioner inom sina egna praktik bjuder p\u00e5 olika tolkningar. F\u00f6r mig personligen har det aldrig blivit s\u00e5 konkret som n\u00e4r jag arbetade p\u00e5 Kyrkornas v\u00e4rldsr\u00e5ds ekumeniska institut i Schweiz<strong>.<\/strong> Kyrkan \u00e4r en mosaik av olika traditioner och praktiker. Vissa saker k\u00e4ndes givetvis fr\u00e4mmande f\u00f6r mig och andra hade jag l\u00e4ttare att ta till mig. Det var en utm\u00e4rkt \u00f6vning i att f\u00e5 syn p\u00e5 att Svenska kyrkan och religiositet i Skandinavien \u00e4r till stor del fr\u00e4mmande i internationella m\u00e5tt.<\/p>\n\n\n\n<p>Vidare n\u00e4mns det i boken hur respektive religioner har formats och utvecklats i m\u00f6tet med andre, via extern kritik s\u00e5v\u00e4l som vid geografisk utbredning. \u00c5terigen kan jag relatera ifr\u00e5n mina erfarenheter fr\u00e5n Schweiz. Jag har tidigare skrivit om varf\u00f6r de gemensamma tr\u00e4ffarna p\u00e5 biblioteket en sommarm\u00e5nad i Schweiz var livsavg\u00f6rande, l\u00e4s om m\u00f6tet med den andre <a href=\"https:\/\/blogg.svenskakyrkan.se\/crd\/2018\/08\/13\/scriptural-reasoning-och-polletten-foll-ned-for-mig\/\">h\u00e4r<\/a>. Eftersom religioners utformande handlar om oerh\u00f6rt l\u00e5nga tidsperioder finns det otaliga ber\u00e4ttelser hur religionernas utveckling har p\u00e5verkats under resans g\u00e5ng. Det \u00e4r hisnande n\u00e4r jag t\u00e4nker p\u00e5 det, och med det kommer respekten och \u00f6dmjukheten. Vi \u00e4r alla del av l\u00e5nga, l\u00e5nga kedjor som p\u00e5 olika s\u00e4tt har p\u00e5verkats av varandra. P\u00e5verkan forts\u00e4tter att ske, vi pr\u00e4glas av m\u00e5ngfald och globalisering. Jag har sv\u00e5rt att se hur det kan komma n\u00e5got konstruktivt ur n\u00e4r vi f\u00f6rs\u00f6ker hetsa varandra eller ta till v\u00e5ld.<\/p>\n\n\n\n<p>En pollett som f\u00f6ll ned f\u00f6r inte allt f\u00f6r l\u00e4nge sedan f\u00f6r egen del, \u00e4r mitt eget lutherska arv. V\u00e5r ing\u00e5ng till kritik, b\u00e5de extern och intern, beror p\u00e5 yttre omst\u00e4ndigheter. Luthers teser p\u00e5 kyrkporten i Wittenberg, om den nu ens \u00e4r sant att han spikade upp dom d\u00e4r, var reaktioner p\u00e5 intern religionskritik som formades och utvecklades i m\u00f6tet med andre. Ibland kan religionskritik, b\u00e5de intern och extern, skapa en hel r\u00f6relse.<\/p>\n\n\n\n<p>Varf\u00f6r beh\u00f6vs en bok som denna och varf\u00f6r \u00e4r den viktig att l\u00e4sa? Det finns stora m\u00e4ngder av religionskritik att ta del av dock \u00e4r den prim\u00e4rt extern. Perspektivet inifr\u00e5n \u00e4r unikt och sker med \u00f6msesidig respekt, vilket i f\u00f6rl\u00e4ngningen motverkar generaliseringar och f\u00f6rdomar. N\u00e4r vi fr\u00e5gar <em>en anh\u00e4ngare och inte dess motst\u00e5ndare om dess religion <\/em>\u00e4r m\u00f6jligheten f\u00f6r en konstruktiv utveckling desto st\u00f6rre. Boken finns att l\u00e5na i v\u00e5rt bibliotek, <a href=\"https:\/\/www.librarything.com\/catalog\/CRDialog\">h\u00e4r<\/a> finns hela v\u00e5r katalog att botanisera i. God l\u00e4sning!<\/p>\n\n\n\n<p><strong>Sofia Nordin<\/strong><\/p>\n","protected":false},"excerpt":{"rendered":"<p>Religionskritik \u00e4r st\u00e4ndigt aktuellt. Det p\u00e5g\u00e5r internt inom trossamfund, s\u00e5v\u00e4l som externt. I media f\u00f6rekommer det ofta tillsammans med fr\u00e4mlingsfientlighet. I samband med koranbr\u00e4nningarna i Malm\u00f6 och Stockholm under h\u00f6sten s\u00e5 har de kommunicerats som yttrandefrihet. Nyligen fick vi beskedet att det inte blir n\u00e5got \u00e5tal efter koranbr\u00e4nningarna f\u00f6r att det inte g\u00e5r att styrka [&hellip;]<\/p>\n","protected":false},"author":601,"featured_media":2325,"comment_status":"closed","ping_status":"closed","sticky":false,"template":"","format":"standard","meta":{"_acf_changed":false,"footnotes":""},"categories":[125989],"tags":[],"class_list":["post-2323","post","type-post","status-publish","format-standard","has-post-thumbnail","hentry","category-bloggtexter"],"acf":[],"yoast_head":"<!-- This site is optimized with the Yoast SEO plugin v27.1.1 - https:\/\/yoast.com\/product\/yoast-seo-wordpress\/ -->\n<title>Konstruktiv religionskritik - Centrum f\u00f6r religionsdialog i Stockholms stift<\/title>\n<meta name=\"robots\" content=\"index, follow, max-snippet:-1, max-image-preview:large, max-video-preview:-1\" \/>\n<link rel=\"canonical\" href=\"https:\/\/blogg.svenskakyrkan.se\/crd\/2020\/11\/23\/konstruktiv-religionskritik\/\" \/>\n<meta property=\"og:locale\" content=\"sv_SE\" \/>\n<meta property=\"og:type\" content=\"article\" \/>\n<meta property=\"og:title\" content=\"Konstruktiv religionskritik - Centrum f\u00f6r religionsdialog i Stockholms stift\" \/>\n<meta property=\"og:description\" content=\"Religionskritik \u00e4r st\u00e4ndigt aktuellt. Det p\u00e5g\u00e5r internt inom trossamfund, s\u00e5v\u00e4l som externt. I media f\u00f6rekommer det ofta tillsammans med fr\u00e4mlingsfientlighet. I samband med koranbr\u00e4nningarna i Malm\u00f6 och Stockholm under h\u00f6sten s\u00e5 har de kommunicerats som yttrandefrihet. Nyligen fick vi beskedet att det inte blir n\u00e5got \u00e5tal efter koranbr\u00e4nningarna f\u00f6r att det inte g\u00e5r att styrka [&hellip;]\" \/>\n<meta property=\"og:url\" content=\"https:\/\/blogg.svenskakyrkan.se\/crd\/2020\/11\/23\/konstruktiv-religionskritik\/\" \/>\n<meta property=\"og:site_name\" content=\"Centrum f\u00f6r religionsdialog i Stockholms stift\" \/>\n<meta property=\"article:published_time\" content=\"2020-11-23T08:36:04+00:00\" \/>\n<meta property=\"article:modified_time\" content=\"2020-11-23T13:46:58+00:00\" \/>\n<meta property=\"og:image\" content=\"https:\/\/blogg.svenskakyrkan.se\/crd\/files\/2020\/11\/9789152355916-e1606120866438.png\" \/>\n\t<meta property=\"og:image:width\" content=\"237\" \/>\n\t<meta property=\"og:image:height\" content=\"174\" \/>\n\t<meta property=\"og:image:type\" content=\"image\/png\" \/>\n<meta name=\"author\" content=\"crd\" \/>\n<meta name=\"twitter:card\" content=\"summary_large_image\" \/>\n<meta name=\"twitter:label1\" content=\"Skriven av\" \/>\n\t<meta name=\"twitter:data1\" content=\"crd\" \/>\n\t<meta name=\"twitter:label2\" content=\"Ber\u00e4knad l\u00e4stid\" \/>\n\t<meta name=\"twitter:data2\" content=\"3 minuter\" \/>\n<script type=\"application\/ld+json\" class=\"yoast-schema-graph\">{\"@context\":\"https:\/\/schema.org\",\"@graph\":[{\"@type\":\"Article\",\"@id\":\"https:\/\/blogg.svenskakyrkan.se\/crd\/2020\/11\/23\/konstruktiv-religionskritik\/#article\",\"isPartOf\":{\"@id\":\"https:\/\/blogg.svenskakyrkan.se\/crd\/2020\/11\/23\/konstruktiv-religionskritik\/\"},\"author\":{\"name\":\"crd\",\"@id\":\"https:\/\/blogg.svenskakyrkan.se\/crd\/#\/schema\/person\/bb5b867a6acd8ff6f1d72c3b22a071ac\"},\"headline\":\"Konstruktiv religionskritik\",\"datePublished\":\"2020-11-23T08:36:04+00:00\",\"dateModified\":\"2020-11-23T13:46:58+00:00\",\"mainEntityOfPage\":{\"@id\":\"https:\/\/blogg.svenskakyrkan.se\/crd\/2020\/11\/23\/konstruktiv-religionskritik\/\"},\"wordCount\":668,\"image\":{\"@id\":\"https:\/\/blogg.svenskakyrkan.se\/crd\/2020\/11\/23\/konstruktiv-religionskritik\/#primaryimage\"},\"thumbnailUrl\":\"https:\/\/blogg.svenskakyrkan.se\/crd\/files\/2020\/11\/9789152355916-e1606120866438.png\",\"articleSection\":[\"Bloggtexter\"],\"inLanguage\":\"sv-SE\"},{\"@type\":\"WebPage\",\"@id\":\"https:\/\/blogg.svenskakyrkan.se\/crd\/2020\/11\/23\/konstruktiv-religionskritik\/\",\"url\":\"https:\/\/blogg.svenskakyrkan.se\/crd\/2020\/11\/23\/konstruktiv-religionskritik\/\",\"name\":\"Konstruktiv religionskritik - Centrum f\u00f6r religionsdialog i Stockholms stift\",\"isPartOf\":{\"@id\":\"https:\/\/blogg.svenskakyrkan.se\/crd\/#website\"},\"primaryImageOfPage\":{\"@id\":\"https:\/\/blogg.svenskakyrkan.se\/crd\/2020\/11\/23\/konstruktiv-religionskritik\/#primaryimage\"},\"image\":{\"@id\":\"https:\/\/blogg.svenskakyrkan.se\/crd\/2020\/11\/23\/konstruktiv-religionskritik\/#primaryimage\"},\"thumbnailUrl\":\"https:\/\/blogg.svenskakyrkan.se\/crd\/files\/2020\/11\/9789152355916-e1606120866438.png\",\"datePublished\":\"2020-11-23T08:36:04+00:00\",\"dateModified\":\"2020-11-23T13:46:58+00:00\",\"author\":{\"@id\":\"https:\/\/blogg.svenskakyrkan.se\/crd\/#\/schema\/person\/bb5b867a6acd8ff6f1d72c3b22a071ac\"},\"breadcrumb\":{\"@id\":\"https:\/\/blogg.svenskakyrkan.se\/crd\/2020\/11\/23\/konstruktiv-religionskritik\/#breadcrumb\"},\"inLanguage\":\"sv-SE\",\"potentialAction\":[{\"@type\":\"ReadAction\",\"target\":[\"https:\/\/blogg.svenskakyrkan.se\/crd\/2020\/11\/23\/konstruktiv-religionskritik\/\"]}]},{\"@type\":\"ImageObject\",\"inLanguage\":\"sv-SE\",\"@id\":\"https:\/\/blogg.svenskakyrkan.se\/crd\/2020\/11\/23\/konstruktiv-religionskritik\/#primaryimage\",\"url\":\"https:\/\/blogg.svenskakyrkan.se\/crd\/files\/2020\/11\/9789152355916-e1606120866438.png\",\"contentUrl\":\"https:\/\/blogg.svenskakyrkan.se\/crd\/files\/2020\/11\/9789152355916-e1606120866438.png\",\"width\":237,\"height\":174},{\"@type\":\"BreadcrumbList\",\"@id\":\"https:\/\/blogg.svenskakyrkan.se\/crd\/2020\/11\/23\/konstruktiv-religionskritik\/#breadcrumb\",\"itemListElement\":[{\"@type\":\"ListItem\",\"position\":1,\"name\":\"Hem\",\"item\":\"https:\/\/blogg.svenskakyrkan.se\/crd\/\"},{\"@type\":\"ListItem\",\"position\":2,\"name\":\"Konstruktiv religionskritik\"}]},{\"@type\":\"WebSite\",\"@id\":\"https:\/\/blogg.svenskakyrkan.se\/crd\/#website\",\"url\":\"https:\/\/blogg.svenskakyrkan.se\/crd\/\",\"name\":\"Centrum f\u00f6r religionsdialog i Stockholms stift\",\"description\":\"\",\"potentialAction\":[{\"@type\":\"SearchAction\",\"target\":{\"@type\":\"EntryPoint\",\"urlTemplate\":\"https:\/\/blogg.svenskakyrkan.se\/crd\/?s={search_term_string}\"},\"query-input\":{\"@type\":\"PropertyValueSpecification\",\"valueRequired\":true,\"valueName\":\"search_term_string\"}}],\"inLanguage\":\"sv-SE\"},{\"@type\":\"Person\",\"@id\":\"https:\/\/blogg.svenskakyrkan.se\/crd\/#\/schema\/person\/bb5b867a6acd8ff6f1d72c3b22a071ac\",\"name\":\"crd\",\"image\":{\"@type\":\"ImageObject\",\"inLanguage\":\"sv-SE\",\"@id\":\"https:\/\/blogg.svenskakyrkan.se\/crd\/#\/schema\/person\/image\/\",\"url\":\"https:\/\/secure.gravatar.com\/avatar\/ec18696521d51a45474c0f91e6d19428415f5dab9d1be40a68292bc77191b818?s=96&d=mm&r=g\",\"contentUrl\":\"https:\/\/secure.gravatar.com\/avatar\/ec18696521d51a45474c0f91e6d19428415f5dab9d1be40a68292bc77191b818?s=96&d=mm&r=g\",\"caption\":\"crd\"},\"url\":\"https:\/\/blogg.svenskakyrkan.se\/crd\/author\/crd\/\"}]}<\/script>\n<!-- \/ Yoast SEO plugin. -->","yoast_head_json":{"title":"Konstruktiv religionskritik - Centrum f\u00f6r religionsdialog i Stockholms stift","robots":{"index":"index","follow":"follow","max-snippet":"max-snippet:-1","max-image-preview":"max-image-preview:large","max-video-preview":"max-video-preview:-1"},"canonical":"https:\/\/blogg.svenskakyrkan.se\/crd\/2020\/11\/23\/konstruktiv-religionskritik\/","og_locale":"sv_SE","og_type":"article","og_title":"Konstruktiv religionskritik - Centrum f\u00f6r religionsdialog i Stockholms stift","og_description":"Religionskritik \u00e4r st\u00e4ndigt aktuellt. Det p\u00e5g\u00e5r internt inom trossamfund, s\u00e5v\u00e4l som externt. I media f\u00f6rekommer det ofta tillsammans med fr\u00e4mlingsfientlighet. I samband med koranbr\u00e4nningarna i Malm\u00f6 och Stockholm under h\u00f6sten s\u00e5 har de kommunicerats som yttrandefrihet. Nyligen fick vi beskedet att det inte blir n\u00e5got \u00e5tal efter koranbr\u00e4nningarna f\u00f6r att det inte g\u00e5r att styrka [&hellip;]","og_url":"https:\/\/blogg.svenskakyrkan.se\/crd\/2020\/11\/23\/konstruktiv-religionskritik\/","og_site_name":"Centrum f\u00f6r religionsdialog i Stockholms stift","article_published_time":"2020-11-23T08:36:04+00:00","article_modified_time":"2020-11-23T13:46:58+00:00","og_image":[{"width":237,"height":174,"url":"https:\/\/blogg.svenskakyrkan.se\/crd\/files\/2020\/11\/9789152355916-e1606120866438.png","type":"image\/png"}],"author":"crd","twitter_card":"summary_large_image","twitter_misc":{"Skriven av":"crd","Ber\u00e4knad l\u00e4stid":"3 minuter"},"schema":{"@context":"https:\/\/schema.org","@graph":[{"@type":"Article","@id":"https:\/\/blogg.svenskakyrkan.se\/crd\/2020\/11\/23\/konstruktiv-religionskritik\/#article","isPartOf":{"@id":"https:\/\/blogg.svenskakyrkan.se\/crd\/2020\/11\/23\/konstruktiv-religionskritik\/"},"author":{"name":"crd","@id":"https:\/\/blogg.svenskakyrkan.se\/crd\/#\/schema\/person\/bb5b867a6acd8ff6f1d72c3b22a071ac"},"headline":"Konstruktiv religionskritik","datePublished":"2020-11-23T08:36:04+00:00","dateModified":"2020-11-23T13:46:58+00:00","mainEntityOfPage":{"@id":"https:\/\/blogg.svenskakyrkan.se\/crd\/2020\/11\/23\/konstruktiv-religionskritik\/"},"wordCount":668,"image":{"@id":"https:\/\/blogg.svenskakyrkan.se\/crd\/2020\/11\/23\/konstruktiv-religionskritik\/#primaryimage"},"thumbnailUrl":"https:\/\/blogg.svenskakyrkan.se\/crd\/files\/2020\/11\/9789152355916-e1606120866438.png","articleSection":["Bloggtexter"],"inLanguage":"sv-SE"},{"@type":"WebPage","@id":"https:\/\/blogg.svenskakyrkan.se\/crd\/2020\/11\/23\/konstruktiv-religionskritik\/","url":"https:\/\/blogg.svenskakyrkan.se\/crd\/2020\/11\/23\/konstruktiv-religionskritik\/","name":"Konstruktiv religionskritik - Centrum f\u00f6r religionsdialog i Stockholms stift","isPartOf":{"@id":"https:\/\/blogg.svenskakyrkan.se\/crd\/#website"},"primaryImageOfPage":{"@id":"https:\/\/blogg.svenskakyrkan.se\/crd\/2020\/11\/23\/konstruktiv-religionskritik\/#primaryimage"},"image":{"@id":"https:\/\/blogg.svenskakyrkan.se\/crd\/2020\/11\/23\/konstruktiv-religionskritik\/#primaryimage"},"thumbnailUrl":"https:\/\/blogg.svenskakyrkan.se\/crd\/files\/2020\/11\/9789152355916-e1606120866438.png","datePublished":"2020-11-23T08:36:04+00:00","dateModified":"2020-11-23T13:46:58+00:00","author":{"@id":"https:\/\/blogg.svenskakyrkan.se\/crd\/#\/schema\/person\/bb5b867a6acd8ff6f1d72c3b22a071ac"},"breadcrumb":{"@id":"https:\/\/blogg.svenskakyrkan.se\/crd\/2020\/11\/23\/konstruktiv-religionskritik\/#breadcrumb"},"inLanguage":"sv-SE","potentialAction":[{"@type":"ReadAction","target":["https:\/\/blogg.svenskakyrkan.se\/crd\/2020\/11\/23\/konstruktiv-religionskritik\/"]}]},{"@type":"ImageObject","inLanguage":"sv-SE","@id":"https:\/\/blogg.svenskakyrkan.se\/crd\/2020\/11\/23\/konstruktiv-religionskritik\/#primaryimage","url":"https:\/\/blogg.svenskakyrkan.se\/crd\/files\/2020\/11\/9789152355916-e1606120866438.png","contentUrl":"https:\/\/blogg.svenskakyrkan.se\/crd\/files\/2020\/11\/9789152355916-e1606120866438.png","width":237,"height":174},{"@type":"BreadcrumbList","@id":"https:\/\/blogg.svenskakyrkan.se\/crd\/2020\/11\/23\/konstruktiv-religionskritik\/#breadcrumb","itemListElement":[{"@type":"ListItem","position":1,"name":"Hem","item":"https:\/\/blogg.svenskakyrkan.se\/crd\/"},{"@type":"ListItem","position":2,"name":"Konstruktiv religionskritik"}]},{"@type":"WebSite","@id":"https:\/\/blogg.svenskakyrkan.se\/crd\/#website","url":"https:\/\/blogg.svenskakyrkan.se\/crd\/","name":"Centrum f\u00f6r religionsdialog i Stockholms stift","description":"","potentialAction":[{"@type":"SearchAction","target":{"@type":"EntryPoint","urlTemplate":"https:\/\/blogg.svenskakyrkan.se\/crd\/?s={search_term_string}"},"query-input":{"@type":"PropertyValueSpecification","valueRequired":true,"valueName":"search_term_string"}}],"inLanguage":"sv-SE"},{"@type":"Person","@id":"https:\/\/blogg.svenskakyrkan.se\/crd\/#\/schema\/person\/bb5b867a6acd8ff6f1d72c3b22a071ac","name":"crd","image":{"@type":"ImageObject","inLanguage":"sv-SE","@id":"https:\/\/blogg.svenskakyrkan.se\/crd\/#\/schema\/person\/image\/","url":"https:\/\/secure.gravatar.com\/avatar\/ec18696521d51a45474c0f91e6d19428415f5dab9d1be40a68292bc77191b818?s=96&d=mm&r=g","contentUrl":"https:\/\/secure.gravatar.com\/avatar\/ec18696521d51a45474c0f91e6d19428415f5dab9d1be40a68292bc77191b818?s=96&d=mm&r=g","caption":"crd"},"url":"https:\/\/blogg.svenskakyrkan.se\/crd\/author\/crd\/"}]}},"author_meta":{"ID":"601","user_nicename":"crd","user_registered":"2016-12-12 10:07:55","display_name":"crd","avatar":"https:\/\/secure.gravatar.com\/avatar\/ec18696521d51a45474c0f91e6d19428415f5dab9d1be40a68292bc77191b818?s=96&d=mm&r=g"},"featured_image":["https:\/\/blogg.svenskakyrkan.se\/crd\/files\/2020\/11\/9789152355916-e1606120866438.png",237,174,false],"bloginfo":{"name":"Centrum f\u00f6r religionsdialog i Stockholms stift","url":"https:\/\/blogg.svenskakyrkan.se\/crd"},"_links":{"self":[{"href":"https:\/\/blogg.svenskakyrkan.se\/crd\/wp-json\/wp\/v2\/posts\/2323","targetHints":{"allow":["GET"]}}],"collection":[{"href":"https:\/\/blogg.svenskakyrkan.se\/crd\/wp-json\/wp\/v2\/posts"}],"about":[{"href":"https:\/\/blogg.svenskakyrkan.se\/crd\/wp-json\/wp\/v2\/types\/post"}],"author":[{"embeddable":true,"href":"https:\/\/blogg.svenskakyrkan.se\/crd\/wp-json\/wp\/v2\/users\/601"}],"replies":[{"embeddable":true,"href":"https:\/\/blogg.svenskakyrkan.se\/crd\/wp-json\/wp\/v2\/comments?post=2323"}],"version-history":[{"count":7,"href":"https:\/\/blogg.svenskakyrkan.se\/crd\/wp-json\/wp\/v2\/posts\/2323\/revisions"}],"predecessor-version":[{"id":2333,"href":"https:\/\/blogg.svenskakyrkan.se\/crd\/wp-json\/wp\/v2\/posts\/2323\/revisions\/2333"}],"wp:featuredmedia":[{"embeddable":true,"href":"https:\/\/blogg.svenskakyrkan.se\/crd\/wp-json\/wp\/v2\/media\/2325"}],"wp:attachment":[{"href":"https:\/\/blogg.svenskakyrkan.se\/crd\/wp-json\/wp\/v2\/media?parent=2323"}],"wp:term":[{"taxonomy":"category","embeddable":true,"href":"https:\/\/blogg.svenskakyrkan.se\/crd\/wp-json\/wp\/v2\/categories?post=2323"},{"taxonomy":"post_tag","embeddable":true,"href":"https:\/\/blogg.svenskakyrkan.se\/crd\/wp-json\/wp\/v2\/tags?post=2323"}],"curies":[{"name":"wp","href":"https:\/\/api.w.org\/{rel}","templated":true}]}}