{"id":1101,"date":"2013-02-21T17:37:03","date_gmt":"2013-02-21T17:37:03","guid":{"rendered":"http:\/\/diakonibloggen.com\/?p=1101"},"modified":"2013-02-21T17:37:03","modified_gmt":"2013-02-21T17:37:03","slug":"att-behovas","status":"publish","type":"post","link":"https:\/\/blogg.svenskakyrkan.se\/diakonibloggen\/2013\/02\/21\/att-behovas\/","title":{"rendered":"Att beh\u00f6vas"},"content":{"rendered":"<p><a href=\"http:\/\/diakonibloggen.com\/diakonnatverk\/bildbank\/bild-92\/\" rel=\"attachment wp-att-957\"><br \/>\n<img loading=\"lazy\" decoding=\"async\" class=\"size-medium wp-image-957 alignleft\" alt=\"bild-92\" src=\"http:\/\/blogg.svenskakyrkan.se\/diakonibloggen\/files\/2013\/01\/bild-92.jpg?w=300\" width=\"300\" height=\"300\" srcset=\"https:\/\/blogg.svenskakyrkan.se\/diakonibloggen\/files\/2013\/01\/bild-92.jpg 640w, https:\/\/blogg.svenskakyrkan.se\/diakonibloggen\/files\/2013\/01\/bild-92-300x300.jpg 300w, https:\/\/blogg.svenskakyrkan.se\/diakonibloggen\/files\/2013\/01\/bild-92-150x150.jpg 150w\" sizes=\"auto, (max-width: 300px) 100vw, 300px\" \/><\/a><\/p>\n<p>Det \u00e4r dags att fundera \u00f6ver\u00a0ett nytt tema h\u00e4r p\u00e5 diakonibloggen &#8211; att beh\u00f6vas.\u00a0Fr\u00e5gan om\u00a0att vara beh\u00f6vd\u00a0n\u00e4rmar sig n\u00e5got djupt existentiellt hos oss m\u00e4nniskor.\u00a0Meningen med livet,\u00a0sj\u00e4lva syftet med v\u00e5r existens.<\/p>\n<p>Har mitt liv en mening i det stora hela?<br \/>\nKan jag g\u00f6ra skillnad?<\/p>\n<p><em>En droppe droppad i livets \u00e4lv<\/em><br \/>\n<em>har ingen kraft att flyta sj\u00e4lv<\/em><br \/>\n<em>Det st\u00e4lls ett krav p\u00e5 varenda droppe<\/em><br \/>\n<em>Hj\u00e4lp till att h\u00e5lla de andra oppe<\/em><\/p>\n<p>Tage Danielsson<\/p>\n<p>Har du funderingar och synpunkter kring temat, kommentera nedan eller maila <a href=\"mailto:diakoni.se@gmail.com\">diakoni.se@gmail.com<\/a>.<\/p>\n","protected":false},"excerpt":{"rendered":"<p>Det \u00e4r dags att fundera \u00f6ver\u00a0ett nytt tema h\u00e4r p\u00e5 diakonibloggen &#8211; att beh\u00f6vas.\u00a0Fr\u00e5gan om\u00a0att vara beh\u00f6vd\u00a0n\u00e4rmar sig n\u00e5got djupt existentiellt hos oss m\u00e4nniskor.\u00a0Meningen med livet,\u00a0sj\u00e4lva syftet med v\u00e5r existens. Har mitt liv en mening i det stora hela? Kan jag g\u00f6ra skillnad? En droppe droppad i livets \u00e4lv har ingen kraft att flyta sj\u00e4lv [&hellip;]<\/p>\n","protected":false},"author":776,"featured_media":0,"comment_status":"open","ping_status":"open","sticky":false,"template":"","format":"standard","meta":{"_acf_changed":false,"footnotes":""},"categories":[23293],"tags":[],"class_list":["post-1101","post","type-post","status-publish","format-standard","hentry","category-att-behovas"],"acf":[],"yoast_head":"<!-- This site is optimized with the Yoast SEO plugin v27.1.1 - https:\/\/yoast.com\/product\/yoast-seo-wordpress\/ -->\n<title>Att beh\u00f6vas - Diakonibloggen<\/title>\n<meta name=\"robots\" content=\"index, follow, max-snippet:-1, max-image-preview:large, max-video-preview:-1\" \/>\n<link rel=\"canonical\" href=\"https:\/\/blogg.svenskakyrkan.se\/diakonibloggen\/2013\/02\/21\/att-behovas\/\" \/>\n<meta property=\"og:locale\" content=\"sv_SE\" \/>\n<meta property=\"og:type\" content=\"article\" \/>\n<meta property=\"og:title\" content=\"Att beh\u00f6vas - Diakonibloggen\" \/>\n<meta property=\"og:description\" content=\"Det \u00e4r dags att fundera \u00f6ver\u00a0ett nytt tema h\u00e4r p\u00e5 diakonibloggen &#8211; att beh\u00f6vas.\u00a0Fr\u00e5gan om\u00a0att vara beh\u00f6vd\u00a0n\u00e4rmar sig n\u00e5got djupt existentiellt hos oss m\u00e4nniskor.\u00a0Meningen med livet,\u00a0sj\u00e4lva syftet med v\u00e5r existens. Har mitt liv en mening i det stora hela? Kan jag g\u00f6ra skillnad? En droppe droppad i livets \u00e4lv har ingen kraft att flyta sj\u00e4lv [&hellip;]\" \/>\n<meta property=\"og:url\" content=\"https:\/\/blogg.svenskakyrkan.se\/diakonibloggen\/2013\/02\/21\/att-behovas\/\" \/>\n<meta property=\"og:site_name\" content=\"Diakonibloggen\" \/>\n<meta property=\"article:published_time\" content=\"2013-02-21T17:37:03+00:00\" \/>\n<meta property=\"og:image\" content=\"http:\/\/blogg.svenskakyrkan.se\/diakonibloggen\/files\/2013\/01\/bild-92.jpg?w=300\" \/>\n<meta name=\"author\" content=\"diakonibloggen\" \/>\n<meta name=\"twitter:card\" content=\"summary_large_image\" \/>\n<meta name=\"twitter:label1\" content=\"Skriven av\" \/>\n\t<meta name=\"twitter:data1\" content=\"diakonibloggen\" \/>\n\t<meta name=\"twitter:label2\" content=\"Ber\u00e4knad l\u00e4stid\" \/>\n\t<meta name=\"twitter:data2\" content=\"1 minut\" \/>\n<script type=\"application\/ld+json\" class=\"yoast-schema-graph\">{\"@context\":\"https:\/\/schema.org\",\"@graph\":[{\"@type\":\"Article\",\"@id\":\"https:\/\/blogg.svenskakyrkan.se\/diakonibloggen\/2013\/02\/21\/att-behovas\/#article\",\"isPartOf\":{\"@id\":\"https:\/\/blogg.svenskakyrkan.se\/diakonibloggen\/2013\/02\/21\/att-behovas\/\"},\"author\":{\"name\":\"diakonibloggen\",\"@id\":\"https:\/\/blogg.svenskakyrkan.se\/diakonibloggen\/#\/schema\/person\/8f6a6fe8efab23c141c7e274fec6405f\"},\"headline\":\"Att beh\u00f6vas\",\"datePublished\":\"2013-02-21T17:37:03+00:00\",\"mainEntityOfPage\":{\"@id\":\"https:\/\/blogg.svenskakyrkan.se\/diakonibloggen\/2013\/02\/21\/att-behovas\/\"},\"wordCount\":109,\"commentCount\":3,\"image\":{\"@id\":\"https:\/\/blogg.svenskakyrkan.se\/diakonibloggen\/2013\/02\/21\/att-behovas\/#primaryimage\"},\"thumbnailUrl\":\"http:\/\/blogg.svenskakyrkan.se\/diakonibloggen\/files\/2013\/01\/bild-92.jpg?w=300\",\"articleSection\":[\"Att beh\u00f6vas\"],\"inLanguage\":\"sv-SE\",\"potentialAction\":[{\"@type\":\"CommentAction\",\"name\":\"Comment\",\"target\":[\"https:\/\/blogg.svenskakyrkan.se\/diakonibloggen\/2013\/02\/21\/att-behovas\/#respond\"]}]},{\"@type\":\"WebPage\",\"@id\":\"https:\/\/blogg.svenskakyrkan.se\/diakonibloggen\/2013\/02\/21\/att-behovas\/\",\"url\":\"https:\/\/blogg.svenskakyrkan.se\/diakonibloggen\/2013\/02\/21\/att-behovas\/\",\"name\":\"Att beh\u00f6vas - Diakonibloggen\",\"isPartOf\":{\"@id\":\"https:\/\/blogg.svenskakyrkan.se\/diakonibloggen\/#website\"},\"primaryImageOfPage\":{\"@id\":\"https:\/\/blogg.svenskakyrkan.se\/diakonibloggen\/2013\/02\/21\/att-behovas\/#primaryimage\"},\"image\":{\"@id\":\"https:\/\/blogg.svenskakyrkan.se\/diakonibloggen\/2013\/02\/21\/att-behovas\/#primaryimage\"},\"thumbnailUrl\":\"http:\/\/blogg.svenskakyrkan.se\/diakonibloggen\/files\/2013\/01\/bild-92.jpg?w=300\",\"datePublished\":\"2013-02-21T17:37:03+00:00\",\"author\":{\"@id\":\"https:\/\/blogg.svenskakyrkan.se\/diakonibloggen\/#\/schema\/person\/8f6a6fe8efab23c141c7e274fec6405f\"},\"breadcrumb\":{\"@id\":\"https:\/\/blogg.svenskakyrkan.se\/diakonibloggen\/2013\/02\/21\/att-behovas\/#breadcrumb\"},\"inLanguage\":\"sv-SE\",\"potentialAction\":[{\"@type\":\"ReadAction\",\"target\":[\"https:\/\/blogg.svenskakyrkan.se\/diakonibloggen\/2013\/02\/21\/att-behovas\/\"]}]},{\"@type\":\"ImageObject\",\"inLanguage\":\"sv-SE\",\"@id\":\"https:\/\/blogg.svenskakyrkan.se\/diakonibloggen\/2013\/02\/21\/att-behovas\/#primaryimage\",\"url\":\"http:\/\/blogg.svenskakyrkan.se\/diakonibloggen\/files\/2013\/01\/bild-92.jpg?w=300\",\"contentUrl\":\"http:\/\/blogg.svenskakyrkan.se\/diakonibloggen\/files\/2013\/01\/bild-92.jpg?w=300\"},{\"@type\":\"BreadcrumbList\",\"@id\":\"https:\/\/blogg.svenskakyrkan.se\/diakonibloggen\/2013\/02\/21\/att-behovas\/#breadcrumb\",\"itemListElement\":[{\"@type\":\"ListItem\",\"position\":1,\"name\":\"Hem\",\"item\":\"https:\/\/blogg.svenskakyrkan.se\/diakonibloggen\/\"},{\"@type\":\"ListItem\",\"position\":2,\"name\":\"Att beh\u00f6vas\"}]},{\"@type\":\"WebSite\",\"@id\":\"https:\/\/blogg.svenskakyrkan.se\/diakonibloggen\/#website\",\"url\":\"https:\/\/blogg.svenskakyrkan.se\/diakonibloggen\/\",\"name\":\"Diakonibloggen\",\"description\":\"Vi lyfter fram, hyllar, diskuterar och inspirerar till diakonalt arbete inom och utanf\u00f6r Svenska kyrkans ramar.\",\"potentialAction\":[{\"@type\":\"SearchAction\",\"target\":{\"@type\":\"EntryPoint\",\"urlTemplate\":\"https:\/\/blogg.svenskakyrkan.se\/diakonibloggen\/?s={search_term_string}\"},\"query-input\":{\"@type\":\"PropertyValueSpecification\",\"valueRequired\":true,\"valueName\":\"search_term_string\"}}],\"inLanguage\":\"sv-SE\"},{\"@type\":\"Person\",\"@id\":\"https:\/\/blogg.svenskakyrkan.se\/diakonibloggen\/#\/schema\/person\/8f6a6fe8efab23c141c7e274fec6405f\",\"name\":\"diakonibloggen\",\"image\":{\"@type\":\"ImageObject\",\"inLanguage\":\"sv-SE\",\"@id\":\"https:\/\/blogg.svenskakyrkan.se\/diakonibloggen\/#\/schema\/person\/image\/\",\"url\":\"https:\/\/secure.gravatar.com\/avatar\/95c0ca86fd13e3d8c1b7b7e9864c9a2ccb7b48c6f756a3b5447bcc13dd630488?s=96&d=mm&r=g\",\"contentUrl\":\"https:\/\/secure.gravatar.com\/avatar\/95c0ca86fd13e3d8c1b7b7e9864c9a2ccb7b48c6f756a3b5447bcc13dd630488?s=96&d=mm&r=g\",\"caption\":\"diakonibloggen\"},\"url\":\"https:\/\/blogg.svenskakyrkan.se\/diakonibloggen\/author\/diakonibloggen\/\"}]}<\/script>\n<!-- \/ Yoast SEO plugin. -->","yoast_head_json":{"title":"Att beh\u00f6vas - Diakonibloggen","robots":{"index":"index","follow":"follow","max-snippet":"max-snippet:-1","max-image-preview":"max-image-preview:large","max-video-preview":"max-video-preview:-1"},"canonical":"https:\/\/blogg.svenskakyrkan.se\/diakonibloggen\/2013\/02\/21\/att-behovas\/","og_locale":"sv_SE","og_type":"article","og_title":"Att beh\u00f6vas - Diakonibloggen","og_description":"Det \u00e4r dags att fundera \u00f6ver\u00a0ett nytt tema h\u00e4r p\u00e5 diakonibloggen &#8211; att beh\u00f6vas.\u00a0Fr\u00e5gan om\u00a0att vara beh\u00f6vd\u00a0n\u00e4rmar sig n\u00e5got djupt existentiellt hos oss m\u00e4nniskor.\u00a0Meningen med livet,\u00a0sj\u00e4lva syftet med v\u00e5r existens. Har mitt liv en mening i det stora hela? Kan jag g\u00f6ra skillnad? En droppe droppad i livets \u00e4lv har ingen kraft att flyta sj\u00e4lv [&hellip;]","og_url":"https:\/\/blogg.svenskakyrkan.se\/diakonibloggen\/2013\/02\/21\/att-behovas\/","og_site_name":"Diakonibloggen","article_published_time":"2013-02-21T17:37:03+00:00","og_image":[{"url":"http:\/\/blogg.svenskakyrkan.se\/diakonibloggen\/files\/2013\/01\/bild-92.jpg?w=300","type":"","width":"","height":""}],"author":"diakonibloggen","twitter_card":"summary_large_image","twitter_misc":{"Skriven av":"diakonibloggen","Ber\u00e4knad l\u00e4stid":"1 minut"},"schema":{"@context":"https:\/\/schema.org","@graph":[{"@type":"Article","@id":"https:\/\/blogg.svenskakyrkan.se\/diakonibloggen\/2013\/02\/21\/att-behovas\/#article","isPartOf":{"@id":"https:\/\/blogg.svenskakyrkan.se\/diakonibloggen\/2013\/02\/21\/att-behovas\/"},"author":{"name":"diakonibloggen","@id":"https:\/\/blogg.svenskakyrkan.se\/diakonibloggen\/#\/schema\/person\/8f6a6fe8efab23c141c7e274fec6405f"},"headline":"Att beh\u00f6vas","datePublished":"2013-02-21T17:37:03+00:00","mainEntityOfPage":{"@id":"https:\/\/blogg.svenskakyrkan.se\/diakonibloggen\/2013\/02\/21\/att-behovas\/"},"wordCount":109,"commentCount":3,"image":{"@id":"https:\/\/blogg.svenskakyrkan.se\/diakonibloggen\/2013\/02\/21\/att-behovas\/#primaryimage"},"thumbnailUrl":"http:\/\/blogg.svenskakyrkan.se\/diakonibloggen\/files\/2013\/01\/bild-92.jpg?w=300","articleSection":["Att beh\u00f6vas"],"inLanguage":"sv-SE","potentialAction":[{"@type":"CommentAction","name":"Comment","target":["https:\/\/blogg.svenskakyrkan.se\/diakonibloggen\/2013\/02\/21\/att-behovas\/#respond"]}]},{"@type":"WebPage","@id":"https:\/\/blogg.svenskakyrkan.se\/diakonibloggen\/2013\/02\/21\/att-behovas\/","url":"https:\/\/blogg.svenskakyrkan.se\/diakonibloggen\/2013\/02\/21\/att-behovas\/","name":"Att beh\u00f6vas - Diakonibloggen","isPartOf":{"@id":"https:\/\/blogg.svenskakyrkan.se\/diakonibloggen\/#website"},"primaryImageOfPage":{"@id":"https:\/\/blogg.svenskakyrkan.se\/diakonibloggen\/2013\/02\/21\/att-behovas\/#primaryimage"},"image":{"@id":"https:\/\/blogg.svenskakyrkan.se\/diakonibloggen\/2013\/02\/21\/att-behovas\/#primaryimage"},"thumbnailUrl":"http:\/\/blogg.svenskakyrkan.se\/diakonibloggen\/files\/2013\/01\/bild-92.jpg?w=300","datePublished":"2013-02-21T17:37:03+00:00","author":{"@id":"https:\/\/blogg.svenskakyrkan.se\/diakonibloggen\/#\/schema\/person\/8f6a6fe8efab23c141c7e274fec6405f"},"breadcrumb":{"@id":"https:\/\/blogg.svenskakyrkan.se\/diakonibloggen\/2013\/02\/21\/att-behovas\/#breadcrumb"},"inLanguage":"sv-SE","potentialAction":[{"@type":"ReadAction","target":["https:\/\/blogg.svenskakyrkan.se\/diakonibloggen\/2013\/02\/21\/att-behovas\/"]}]},{"@type":"ImageObject","inLanguage":"sv-SE","@id":"https:\/\/blogg.svenskakyrkan.se\/diakonibloggen\/2013\/02\/21\/att-behovas\/#primaryimage","url":"http:\/\/blogg.svenskakyrkan.se\/diakonibloggen\/files\/2013\/01\/bild-92.jpg?w=300","contentUrl":"http:\/\/blogg.svenskakyrkan.se\/diakonibloggen\/files\/2013\/01\/bild-92.jpg?w=300"},{"@type":"BreadcrumbList","@id":"https:\/\/blogg.svenskakyrkan.se\/diakonibloggen\/2013\/02\/21\/att-behovas\/#breadcrumb","itemListElement":[{"@type":"ListItem","position":1,"name":"Hem","item":"https:\/\/blogg.svenskakyrkan.se\/diakonibloggen\/"},{"@type":"ListItem","position":2,"name":"Att beh\u00f6vas"}]},{"@type":"WebSite","@id":"https:\/\/blogg.svenskakyrkan.se\/diakonibloggen\/#website","url":"https:\/\/blogg.svenskakyrkan.se\/diakonibloggen\/","name":"Diakonibloggen","description":"Vi lyfter fram, hyllar, diskuterar och inspirerar till diakonalt arbete inom och utanf\u00f6r Svenska kyrkans ramar.","potentialAction":[{"@type":"SearchAction","target":{"@type":"EntryPoint","urlTemplate":"https:\/\/blogg.svenskakyrkan.se\/diakonibloggen\/?s={search_term_string}"},"query-input":{"@type":"PropertyValueSpecification","valueRequired":true,"valueName":"search_term_string"}}],"inLanguage":"sv-SE"},{"@type":"Person","@id":"https:\/\/blogg.svenskakyrkan.se\/diakonibloggen\/#\/schema\/person\/8f6a6fe8efab23c141c7e274fec6405f","name":"diakonibloggen","image":{"@type":"ImageObject","inLanguage":"sv-SE","@id":"https:\/\/blogg.svenskakyrkan.se\/diakonibloggen\/#\/schema\/person\/image\/","url":"https:\/\/secure.gravatar.com\/avatar\/95c0ca86fd13e3d8c1b7b7e9864c9a2ccb7b48c6f756a3b5447bcc13dd630488?s=96&d=mm&r=g","contentUrl":"https:\/\/secure.gravatar.com\/avatar\/95c0ca86fd13e3d8c1b7b7e9864c9a2ccb7b48c6f756a3b5447bcc13dd630488?s=96&d=mm&r=g","caption":"diakonibloggen"},"url":"https:\/\/blogg.svenskakyrkan.se\/diakonibloggen\/author\/diakonibloggen\/"}]}},"author_meta":{"ID":"776","user_nicename":"diakonibloggen","user_registered":"2020-12-17 14:50:06","display_name":"diakonibloggen","avatar":"https:\/\/blogg.svenskakyrkan.se\/diakonibloggen\/files\/2021\/02\/Sk\u00e4rmavbild-2019-04-12-kl.-14.20.54-150x150.png"},"featured_image":false,"bloginfo":{"name":"Diakonibloggen","url":"https:\/\/blogg.svenskakyrkan.se\/diakonibloggen"},"_links":{"self":[{"href":"https:\/\/blogg.svenskakyrkan.se\/diakonibloggen\/wp-json\/wp\/v2\/posts\/1101","targetHints":{"allow":["GET"]}}],"collection":[{"href":"https:\/\/blogg.svenskakyrkan.se\/diakonibloggen\/wp-json\/wp\/v2\/posts"}],"about":[{"href":"https:\/\/blogg.svenskakyrkan.se\/diakonibloggen\/wp-json\/wp\/v2\/types\/post"}],"author":[{"embeddable":true,"href":"https:\/\/blogg.svenskakyrkan.se\/diakonibloggen\/wp-json\/wp\/v2\/users\/776"}],"replies":[{"embeddable":true,"href":"https:\/\/blogg.svenskakyrkan.se\/diakonibloggen\/wp-json\/wp\/v2\/comments?post=1101"}],"version-history":[{"count":0,"href":"https:\/\/blogg.svenskakyrkan.se\/diakonibloggen\/wp-json\/wp\/v2\/posts\/1101\/revisions"}],"wp:attachment":[{"href":"https:\/\/blogg.svenskakyrkan.se\/diakonibloggen\/wp-json\/wp\/v2\/media?parent=1101"}],"wp:term":[{"taxonomy":"category","embeddable":true,"href":"https:\/\/blogg.svenskakyrkan.se\/diakonibloggen\/wp-json\/wp\/v2\/categories?post=1101"},{"taxonomy":"post_tag","embeddable":true,"href":"https:\/\/blogg.svenskakyrkan.se\/diakonibloggen\/wp-json\/wp\/v2\/tags?post=1101"}],"curies":[{"name":"wp","href":"https:\/\/api.w.org\/{rel}","templated":true}]}}