{"id":1371,"date":"2013-03-05T11:06:36","date_gmt":"2013-03-05T11:06:36","guid":{"rendered":"http:\/\/diakonibloggen.com\/?p=1371"},"modified":"2013-03-05T11:06:36","modified_gmt":"2013-03-05T11:06:36","slug":"i-medmansklighetens-namn","status":"publish","type":"post","link":"https:\/\/blogg.svenskakyrkan.se\/diakonibloggen\/2013\/03\/05\/i-medmansklighetens-namn\/","title":{"rendered":"I medm\u00e4nsklighetens namn"},"content":{"rendered":"<p>I flera medier har \u00e4mnet tagits upp &#8211; i bland annat <a href=\"http:\/\/sverigesradio.se\/sida\/play.aspx?ljud=4448846\">SR p1<\/a>,\u00a0<a href=\"http:\/\/www.aftonbladet.se\/nyheter\/article16286546.ab\">Aftonbladet<\/a>, <a href=\"http:\/\/dagensseglora.se\/2013\/02\/26\/dags-for-paskuppropfor-de-papperslosa\/\">Dagens Seglora<\/a>, <a href=\"http:\/\/www.kyrkanstidning.se\/inrikes\/sveriges-kristna-rad-kritiserar-reva-projektet\">Kyrkans tidning <\/a>och tidningen <a href=\"http:\/\/www.dagen.se\/opinion\/ledare\/dags-for-en-ny-flyktingamnesti\/\">Dagen<\/a> &#8211; fr\u00e5gan om polisens jakt p\u00e5 pappersl\u00f6sa. Projektet REVA (R\u00e4tts\u00e4kert och Effektivt Verkst\u00e4llighetsarbete) har\u00a0inneburit att polisen utf\u00f6r kontroller, bland annat i tunnelbanan i Stockholm, d\u00e4r m\u00e4nniskor med utl\u00e4ndsk bakgrund har ombetts att legitimera sig och kunna visa identitetshandlingar.\u00a0Tillv\u00e4gag\u00e5ngss\u00e4ttet har v\u00e4ckt kraftiga reaktioner. F\u00f6ljande citat \u00e4r h\u00e4mtat fr\u00e5n Aftonbladets n\u00e4tupplaga:<\/p>\n<p><a href=\"http:\/\/diakonibloggen.com\/2013\/03\/05\/i-medmansklighetens-namn\/skarmavbild-2013-03-05-kl-11-59-32\/\" rel=\"attachment wp-att-1401\"><img loading=\"lazy\" decoding=\"async\" class=\"alignleft size-full wp-image-1401\" alt=\"Sk\u00e4rmavbild 2013-03-05 kl. 11.59.32\" src=\"http:\/\/blogg.svenskakyrkan.se\/diakonibloggen\/files\/2013\/03\/skc3a4rmavbild-2013-03-05-kl-11-59-32.png\" width=\"150\" height=\"153\" \/><\/a>&#8221;Konsekvenserna av den uppskruvade jakten p\u00e5 pappersl\u00f6sa \u00e4r att det finns en allt st\u00f6rre risk att f\u00f6r\u00e4ldrar inte l\u00e4ngre v\u00e5gar l\u00e4mna sina barn p\u00e5 f\u00f6rskola och skola eller att s\u00f6ka v\u00e5rd. Det har g\u00e5tt s\u00e5 l\u00e5ngt att personal vid Teamet f\u00f6r krigs- och tortyrskadade i Malm\u00f6 uppger att behandlingen av barn med posttraumatiska stressymptom riskerar att bli verkningsl\u00f6s p\u00e5 grund av den starka oro som barnen k\u00e4nner \u00f6ver att vara jagade. I ett slag riskerar REVA-projektet\u00a0 och den intensifierade jakten p\u00e5 pappersl\u00f6sa att omintetg\u00f6ra kommunernas och landstingens arbete med att ge alla barn skolg\u00e5ng, sjukv\u00e5rd, skydd och st\u00f6d.&#8221;<\/p>\n<p>Pr\u00e4sten Helle Klein har i n\u00e4ttidningen Dagens Seglora skrivit\u00a0en ledare under rubriken\u00a0<a href=\"http:\/\/dagensseglora.se\/2013\/02\/26\/dags-for-paskuppropfor-de-papperslosa\/\">Dags f\u00f6r p\u00e5skupprop f\u00f6r de pappersl\u00f6sa<\/a>. Redan p\u00e5g\u00e5r namninsamlingar mot projektet REVA och de metoder som anv\u00e4nds. N\u00e4r kampviljan v\u00e4cks i de kyrkliga leden och v\u00e4xer till stora samlade protester finns goda\u00a0m\u00f6jligheter att p\u00e5verka, det har vi sett prov p\u00e5 f\u00f6rut. Kanske \u00e4r det i s\u00e5dana h\u00e4r situationer som kyrkans uppdrag ter sig tydligt &#8211; att agera i medm\u00e4nsklighetens namn.<\/p>\n<p><a href=\"http:\/\/www.skr.org\/nyheter\/trossamfund-uttalar-sig-om-reva\/\">L\u00e4s mer om Reva och om Sveriges Kristna r\u00e5ds st\u00e4llningstagande.<\/a><\/p>\n<p>bilden \u00e4r h\u00e4mtad fr\u00e5n Dagens seglora.<\/p>\n","protected":false},"excerpt":{"rendered":"<p>I flera medier har \u00e4mnet tagits upp &#8211; i bland annat SR p1,\u00a0Aftonbladet, Dagens Seglora, Kyrkans tidning och tidningen Dagen &#8211; fr\u00e5gan om polisens jakt p\u00e5 pappersl\u00f6sa. Projektet REVA (R\u00e4tts\u00e4kert och Effektivt Verkst\u00e4llighetsarbete) har\u00a0inneburit att polisen utf\u00f6r kontroller, bland annat i tunnelbanan i Stockholm, d\u00e4r m\u00e4nniskor med utl\u00e4ndsk bakgrund har ombetts att legitimera sig och [&hellip;]<\/p>\n","protected":false},"author":776,"featured_media":0,"comment_status":"open","ping_status":"open","sticky":false,"template":"","format":"standard","meta":{"_acf_changed":false,"footnotes":""},"categories":[23318],"tags":[23395,23724,23727,23729,24157,24420,24813],"class_list":["post-1371","post","type-post","status-publish","format-standard","hentry","category-nyheter","tag-aftonbladet","tag-dagen","tag-dagens-seglora","tag-dags-for-ett-nytt-paskuppror","tag-helle-klein","tag-kyrkans-tidning","tag-reva"],"acf":[],"yoast_head":"<!-- This site is optimized with the Yoast SEO plugin v27.1.1 - https:\/\/yoast.com\/product\/yoast-seo-wordpress\/ -->\n<title>I medm\u00e4nsklighetens namn - Diakonibloggen<\/title>\n<meta name=\"robots\" content=\"index, follow, max-snippet:-1, max-image-preview:large, max-video-preview:-1\" \/>\n<link rel=\"canonical\" href=\"https:\/\/blogg.svenskakyrkan.se\/diakonibloggen\/2013\/03\/05\/i-medmansklighetens-namn\/\" \/>\n<meta property=\"og:locale\" content=\"sv_SE\" \/>\n<meta property=\"og:type\" content=\"article\" \/>\n<meta property=\"og:title\" content=\"I medm\u00e4nsklighetens namn - Diakonibloggen\" \/>\n<meta property=\"og:description\" content=\"I flera medier har \u00e4mnet tagits upp &#8211; i bland annat SR p1,\u00a0Aftonbladet, Dagens Seglora, Kyrkans tidning och tidningen Dagen &#8211; fr\u00e5gan om polisens jakt p\u00e5 pappersl\u00f6sa. Projektet REVA (R\u00e4tts\u00e4kert och Effektivt Verkst\u00e4llighetsarbete) har\u00a0inneburit att polisen utf\u00f6r kontroller, bland annat i tunnelbanan i Stockholm, d\u00e4r m\u00e4nniskor med utl\u00e4ndsk bakgrund har ombetts att legitimera sig och [&hellip;]\" \/>\n<meta property=\"og:url\" content=\"https:\/\/blogg.svenskakyrkan.se\/diakonibloggen\/2013\/03\/05\/i-medmansklighetens-namn\/\" \/>\n<meta property=\"og:site_name\" content=\"Diakonibloggen\" \/>\n<meta property=\"article:published_time\" content=\"2013-03-05T11:06:36+00:00\" \/>\n<meta property=\"og:image\" content=\"http:\/\/blogg.svenskakyrkan.se\/diakonibloggen\/files\/2013\/03\/skc3a4rmavbild-2013-03-05-kl-11-59-32.png\" \/>\n<meta name=\"author\" content=\"diakonibloggen\" \/>\n<meta name=\"twitter:card\" content=\"summary_large_image\" \/>\n<meta name=\"twitter:label1\" content=\"Skriven av\" \/>\n\t<meta name=\"twitter:data1\" content=\"diakonibloggen\" \/>\n\t<meta name=\"twitter:label2\" content=\"Ber\u00e4knad l\u00e4stid\" \/>\n\t<meta name=\"twitter:data2\" content=\"2 minuter\" \/>\n<script type=\"application\/ld+json\" class=\"yoast-schema-graph\">{\"@context\":\"https:\/\/schema.org\",\"@graph\":[{\"@type\":\"Article\",\"@id\":\"https:\/\/blogg.svenskakyrkan.se\/diakonibloggen\/2013\/03\/05\/i-medmansklighetens-namn\/#article\",\"isPartOf\":{\"@id\":\"https:\/\/blogg.svenskakyrkan.se\/diakonibloggen\/2013\/03\/05\/i-medmansklighetens-namn\/\"},\"author\":{\"name\":\"diakonibloggen\",\"@id\":\"https:\/\/blogg.svenskakyrkan.se\/diakonibloggen\/#\/schema\/person\/8f6a6fe8efab23c141c7e274fec6405f\"},\"headline\":\"I medm\u00e4nsklighetens namn\",\"datePublished\":\"2013-03-05T11:06:36+00:00\",\"mainEntityOfPage\":{\"@id\":\"https:\/\/blogg.svenskakyrkan.se\/diakonibloggen\/2013\/03\/05\/i-medmansklighetens-namn\/\"},\"wordCount\":324,\"commentCount\":1,\"image\":{\"@id\":\"https:\/\/blogg.svenskakyrkan.se\/diakonibloggen\/2013\/03\/05\/i-medmansklighetens-namn\/#primaryimage\"},\"thumbnailUrl\":\"http:\/\/blogg.svenskakyrkan.se\/diakonibloggen\/files\/2013\/03\/skc3a4rmavbild-2013-03-05-kl-11-59-32.png\",\"keywords\":[\"Aftonbladet\",\"Dagen\",\"Dagens seglora\",\"Dags f\u00f6r ett nytt p\u00e5skuppror\",\"Helle Klein\",\"Kyrkans tidning\",\"REVA\"],\"articleSection\":[\"Nyheter\"],\"inLanguage\":\"sv-SE\",\"potentialAction\":[{\"@type\":\"CommentAction\",\"name\":\"Comment\",\"target\":[\"https:\/\/blogg.svenskakyrkan.se\/diakonibloggen\/2013\/03\/05\/i-medmansklighetens-namn\/#respond\"]}]},{\"@type\":\"WebPage\",\"@id\":\"https:\/\/blogg.svenskakyrkan.se\/diakonibloggen\/2013\/03\/05\/i-medmansklighetens-namn\/\",\"url\":\"https:\/\/blogg.svenskakyrkan.se\/diakonibloggen\/2013\/03\/05\/i-medmansklighetens-namn\/\",\"name\":\"I medm\u00e4nsklighetens namn - Diakonibloggen\",\"isPartOf\":{\"@id\":\"https:\/\/blogg.svenskakyrkan.se\/diakonibloggen\/#website\"},\"primaryImageOfPage\":{\"@id\":\"https:\/\/blogg.svenskakyrkan.se\/diakonibloggen\/2013\/03\/05\/i-medmansklighetens-namn\/#primaryimage\"},\"image\":{\"@id\":\"https:\/\/blogg.svenskakyrkan.se\/diakonibloggen\/2013\/03\/05\/i-medmansklighetens-namn\/#primaryimage\"},\"thumbnailUrl\":\"http:\/\/blogg.svenskakyrkan.se\/diakonibloggen\/files\/2013\/03\/skc3a4rmavbild-2013-03-05-kl-11-59-32.png\",\"datePublished\":\"2013-03-05T11:06:36+00:00\",\"author\":{\"@id\":\"https:\/\/blogg.svenskakyrkan.se\/diakonibloggen\/#\/schema\/person\/8f6a6fe8efab23c141c7e274fec6405f\"},\"breadcrumb\":{\"@id\":\"https:\/\/blogg.svenskakyrkan.se\/diakonibloggen\/2013\/03\/05\/i-medmansklighetens-namn\/#breadcrumb\"},\"inLanguage\":\"sv-SE\",\"potentialAction\":[{\"@type\":\"ReadAction\",\"target\":[\"https:\/\/blogg.svenskakyrkan.se\/diakonibloggen\/2013\/03\/05\/i-medmansklighetens-namn\/\"]}]},{\"@type\":\"ImageObject\",\"inLanguage\":\"sv-SE\",\"@id\":\"https:\/\/blogg.svenskakyrkan.se\/diakonibloggen\/2013\/03\/05\/i-medmansklighetens-namn\/#primaryimage\",\"url\":\"http:\/\/blogg.svenskakyrkan.se\/diakonibloggen\/files\/2013\/03\/skc3a4rmavbild-2013-03-05-kl-11-59-32.png\",\"contentUrl\":\"http:\/\/blogg.svenskakyrkan.se\/diakonibloggen\/files\/2013\/03\/skc3a4rmavbild-2013-03-05-kl-11-59-32.png\"},{\"@type\":\"BreadcrumbList\",\"@id\":\"https:\/\/blogg.svenskakyrkan.se\/diakonibloggen\/2013\/03\/05\/i-medmansklighetens-namn\/#breadcrumb\",\"itemListElement\":[{\"@type\":\"ListItem\",\"position\":1,\"name\":\"Hem\",\"item\":\"https:\/\/blogg.svenskakyrkan.se\/diakonibloggen\/\"},{\"@type\":\"ListItem\",\"position\":2,\"name\":\"I medm\u00e4nsklighetens namn\"}]},{\"@type\":\"WebSite\",\"@id\":\"https:\/\/blogg.svenskakyrkan.se\/diakonibloggen\/#website\",\"url\":\"https:\/\/blogg.svenskakyrkan.se\/diakonibloggen\/\",\"name\":\"Diakonibloggen\",\"description\":\"Vi lyfter fram, hyllar, diskuterar och inspirerar till diakonalt arbete inom och utanf\u00f6r Svenska kyrkans ramar.\",\"potentialAction\":[{\"@type\":\"SearchAction\",\"target\":{\"@type\":\"EntryPoint\",\"urlTemplate\":\"https:\/\/blogg.svenskakyrkan.se\/diakonibloggen\/?s={search_term_string}\"},\"query-input\":{\"@type\":\"PropertyValueSpecification\",\"valueRequired\":true,\"valueName\":\"search_term_string\"}}],\"inLanguage\":\"sv-SE\"},{\"@type\":\"Person\",\"@id\":\"https:\/\/blogg.svenskakyrkan.se\/diakonibloggen\/#\/schema\/person\/8f6a6fe8efab23c141c7e274fec6405f\",\"name\":\"diakonibloggen\",\"image\":{\"@type\":\"ImageObject\",\"inLanguage\":\"sv-SE\",\"@id\":\"https:\/\/blogg.svenskakyrkan.se\/diakonibloggen\/#\/schema\/person\/image\/\",\"url\":\"https:\/\/secure.gravatar.com\/avatar\/95c0ca86fd13e3d8c1b7b7e9864c9a2ccb7b48c6f756a3b5447bcc13dd630488?s=96&d=mm&r=g\",\"contentUrl\":\"https:\/\/secure.gravatar.com\/avatar\/95c0ca86fd13e3d8c1b7b7e9864c9a2ccb7b48c6f756a3b5447bcc13dd630488?s=96&d=mm&r=g\",\"caption\":\"diakonibloggen\"},\"url\":\"https:\/\/blogg.svenskakyrkan.se\/diakonibloggen\/author\/diakonibloggen\/\"}]}<\/script>\n<!-- \/ Yoast SEO plugin. -->","yoast_head_json":{"title":"I medm\u00e4nsklighetens namn - Diakonibloggen","robots":{"index":"index","follow":"follow","max-snippet":"max-snippet:-1","max-image-preview":"max-image-preview:large","max-video-preview":"max-video-preview:-1"},"canonical":"https:\/\/blogg.svenskakyrkan.se\/diakonibloggen\/2013\/03\/05\/i-medmansklighetens-namn\/","og_locale":"sv_SE","og_type":"article","og_title":"I medm\u00e4nsklighetens namn - Diakonibloggen","og_description":"I flera medier har \u00e4mnet tagits upp &#8211; i bland annat SR p1,\u00a0Aftonbladet, Dagens Seglora, Kyrkans tidning och tidningen Dagen &#8211; fr\u00e5gan om polisens jakt p\u00e5 pappersl\u00f6sa. Projektet REVA (R\u00e4tts\u00e4kert och Effektivt Verkst\u00e4llighetsarbete) har\u00a0inneburit att polisen utf\u00f6r kontroller, bland annat i tunnelbanan i Stockholm, d\u00e4r m\u00e4nniskor med utl\u00e4ndsk bakgrund har ombetts att legitimera sig och [&hellip;]","og_url":"https:\/\/blogg.svenskakyrkan.se\/diakonibloggen\/2013\/03\/05\/i-medmansklighetens-namn\/","og_site_name":"Diakonibloggen","article_published_time":"2013-03-05T11:06:36+00:00","og_image":[{"url":"http:\/\/blogg.svenskakyrkan.se\/diakonibloggen\/files\/2013\/03\/skc3a4rmavbild-2013-03-05-kl-11-59-32.png","type":"","width":"","height":""}],"author":"diakonibloggen","twitter_card":"summary_large_image","twitter_misc":{"Skriven av":"diakonibloggen","Ber\u00e4knad l\u00e4stid":"2 minuter"},"schema":{"@context":"https:\/\/schema.org","@graph":[{"@type":"Article","@id":"https:\/\/blogg.svenskakyrkan.se\/diakonibloggen\/2013\/03\/05\/i-medmansklighetens-namn\/#article","isPartOf":{"@id":"https:\/\/blogg.svenskakyrkan.se\/diakonibloggen\/2013\/03\/05\/i-medmansklighetens-namn\/"},"author":{"name":"diakonibloggen","@id":"https:\/\/blogg.svenskakyrkan.se\/diakonibloggen\/#\/schema\/person\/8f6a6fe8efab23c141c7e274fec6405f"},"headline":"I medm\u00e4nsklighetens namn","datePublished":"2013-03-05T11:06:36+00:00","mainEntityOfPage":{"@id":"https:\/\/blogg.svenskakyrkan.se\/diakonibloggen\/2013\/03\/05\/i-medmansklighetens-namn\/"},"wordCount":324,"commentCount":1,"image":{"@id":"https:\/\/blogg.svenskakyrkan.se\/diakonibloggen\/2013\/03\/05\/i-medmansklighetens-namn\/#primaryimage"},"thumbnailUrl":"http:\/\/blogg.svenskakyrkan.se\/diakonibloggen\/files\/2013\/03\/skc3a4rmavbild-2013-03-05-kl-11-59-32.png","keywords":["Aftonbladet","Dagen","Dagens seglora","Dags f\u00f6r ett nytt p\u00e5skuppror","Helle Klein","Kyrkans tidning","REVA"],"articleSection":["Nyheter"],"inLanguage":"sv-SE","potentialAction":[{"@type":"CommentAction","name":"Comment","target":["https:\/\/blogg.svenskakyrkan.se\/diakonibloggen\/2013\/03\/05\/i-medmansklighetens-namn\/#respond"]}]},{"@type":"WebPage","@id":"https:\/\/blogg.svenskakyrkan.se\/diakonibloggen\/2013\/03\/05\/i-medmansklighetens-namn\/","url":"https:\/\/blogg.svenskakyrkan.se\/diakonibloggen\/2013\/03\/05\/i-medmansklighetens-namn\/","name":"I medm\u00e4nsklighetens namn - Diakonibloggen","isPartOf":{"@id":"https:\/\/blogg.svenskakyrkan.se\/diakonibloggen\/#website"},"primaryImageOfPage":{"@id":"https:\/\/blogg.svenskakyrkan.se\/diakonibloggen\/2013\/03\/05\/i-medmansklighetens-namn\/#primaryimage"},"image":{"@id":"https:\/\/blogg.svenskakyrkan.se\/diakonibloggen\/2013\/03\/05\/i-medmansklighetens-namn\/#primaryimage"},"thumbnailUrl":"http:\/\/blogg.svenskakyrkan.se\/diakonibloggen\/files\/2013\/03\/skc3a4rmavbild-2013-03-05-kl-11-59-32.png","datePublished":"2013-03-05T11:06:36+00:00","author":{"@id":"https:\/\/blogg.svenskakyrkan.se\/diakonibloggen\/#\/schema\/person\/8f6a6fe8efab23c141c7e274fec6405f"},"breadcrumb":{"@id":"https:\/\/blogg.svenskakyrkan.se\/diakonibloggen\/2013\/03\/05\/i-medmansklighetens-namn\/#breadcrumb"},"inLanguage":"sv-SE","potentialAction":[{"@type":"ReadAction","target":["https:\/\/blogg.svenskakyrkan.se\/diakonibloggen\/2013\/03\/05\/i-medmansklighetens-namn\/"]}]},{"@type":"ImageObject","inLanguage":"sv-SE","@id":"https:\/\/blogg.svenskakyrkan.se\/diakonibloggen\/2013\/03\/05\/i-medmansklighetens-namn\/#primaryimage","url":"http:\/\/blogg.svenskakyrkan.se\/diakonibloggen\/files\/2013\/03\/skc3a4rmavbild-2013-03-05-kl-11-59-32.png","contentUrl":"http:\/\/blogg.svenskakyrkan.se\/diakonibloggen\/files\/2013\/03\/skc3a4rmavbild-2013-03-05-kl-11-59-32.png"},{"@type":"BreadcrumbList","@id":"https:\/\/blogg.svenskakyrkan.se\/diakonibloggen\/2013\/03\/05\/i-medmansklighetens-namn\/#breadcrumb","itemListElement":[{"@type":"ListItem","position":1,"name":"Hem","item":"https:\/\/blogg.svenskakyrkan.se\/diakonibloggen\/"},{"@type":"ListItem","position":2,"name":"I medm\u00e4nsklighetens namn"}]},{"@type":"WebSite","@id":"https:\/\/blogg.svenskakyrkan.se\/diakonibloggen\/#website","url":"https:\/\/blogg.svenskakyrkan.se\/diakonibloggen\/","name":"Diakonibloggen","description":"Vi lyfter fram, hyllar, diskuterar och inspirerar till diakonalt arbete inom och utanf\u00f6r Svenska kyrkans ramar.","potentialAction":[{"@type":"SearchAction","target":{"@type":"EntryPoint","urlTemplate":"https:\/\/blogg.svenskakyrkan.se\/diakonibloggen\/?s={search_term_string}"},"query-input":{"@type":"PropertyValueSpecification","valueRequired":true,"valueName":"search_term_string"}}],"inLanguage":"sv-SE"},{"@type":"Person","@id":"https:\/\/blogg.svenskakyrkan.se\/diakonibloggen\/#\/schema\/person\/8f6a6fe8efab23c141c7e274fec6405f","name":"diakonibloggen","image":{"@type":"ImageObject","inLanguage":"sv-SE","@id":"https:\/\/blogg.svenskakyrkan.se\/diakonibloggen\/#\/schema\/person\/image\/","url":"https:\/\/secure.gravatar.com\/avatar\/95c0ca86fd13e3d8c1b7b7e9864c9a2ccb7b48c6f756a3b5447bcc13dd630488?s=96&d=mm&r=g","contentUrl":"https:\/\/secure.gravatar.com\/avatar\/95c0ca86fd13e3d8c1b7b7e9864c9a2ccb7b48c6f756a3b5447bcc13dd630488?s=96&d=mm&r=g","caption":"diakonibloggen"},"url":"https:\/\/blogg.svenskakyrkan.se\/diakonibloggen\/author\/diakonibloggen\/"}]}},"author_meta":{"ID":"776","user_nicename":"diakonibloggen","user_registered":"2020-12-17 14:50:06","display_name":"diakonibloggen","avatar":"https:\/\/blogg.svenskakyrkan.se\/diakonibloggen\/files\/2021\/02\/Sk\u00e4rmavbild-2019-04-12-kl.-14.20.54-150x150.png"},"featured_image":false,"bloginfo":{"name":"Diakonibloggen","url":"https:\/\/blogg.svenskakyrkan.se\/diakonibloggen"},"_links":{"self":[{"href":"https:\/\/blogg.svenskakyrkan.se\/diakonibloggen\/wp-json\/wp\/v2\/posts\/1371","targetHints":{"allow":["GET"]}}],"collection":[{"href":"https:\/\/blogg.svenskakyrkan.se\/diakonibloggen\/wp-json\/wp\/v2\/posts"}],"about":[{"href":"https:\/\/blogg.svenskakyrkan.se\/diakonibloggen\/wp-json\/wp\/v2\/types\/post"}],"author":[{"embeddable":true,"href":"https:\/\/blogg.svenskakyrkan.se\/diakonibloggen\/wp-json\/wp\/v2\/users\/776"}],"replies":[{"embeddable":true,"href":"https:\/\/blogg.svenskakyrkan.se\/diakonibloggen\/wp-json\/wp\/v2\/comments?post=1371"}],"version-history":[{"count":0,"href":"https:\/\/blogg.svenskakyrkan.se\/diakonibloggen\/wp-json\/wp\/v2\/posts\/1371\/revisions"}],"wp:attachment":[{"href":"https:\/\/blogg.svenskakyrkan.se\/diakonibloggen\/wp-json\/wp\/v2\/media?parent=1371"}],"wp:term":[{"taxonomy":"category","embeddable":true,"href":"https:\/\/blogg.svenskakyrkan.se\/diakonibloggen\/wp-json\/wp\/v2\/categories?post=1371"},{"taxonomy":"post_tag","embeddable":true,"href":"https:\/\/blogg.svenskakyrkan.se\/diakonibloggen\/wp-json\/wp\/v2\/tags?post=1371"}],"curies":[{"name":"wp","href":"https:\/\/api.w.org\/{rel}","templated":true}]}}