{"id":3653,"date":"2014-09-14T15:56:01","date_gmt":"2014-09-14T15:56:01","guid":{"rendered":"http:\/\/diakonibloggen.com\/?p=3653"},"modified":"2014-09-14T15:56:01","modified_gmt":"2014-09-14T15:56:01","slug":"att-leva-ar-att-valja","status":"publish","type":"post","link":"https:\/\/blogg.svenskakyrkan.se\/diakonibloggen\/2014\/09\/14\/att-leva-ar-att-valja\/","title":{"rendered":"Att leva \u00e4r att v\u00e4lja&#8230;"},"content":{"rendered":"<p>\u00c5tminstone om man ska tro Kierkegaard och de andra existentialisterna. I m\u00e4nniskans sj\u00e4lva existens ligger hennes m\u00f6jligheter att g\u00f6ra val &#8211; inte bara som m\u00f6jligheter utan\u00a0som n\u00e5got oundvikligt, eftersom\u00a0detta att inte v\u00e4lja ocks\u00e5 \u00e4r ett val.<\/p>\n<p><a href=\"http:\/\/diakonibloggen.com\/2014\/09\/14\/att-leva-ar-att-valja\/images\/#main\" rel=\"attachment wp-att-3655\"><img loading=\"lazy\" decoding=\"async\" class=\"alignleft size-thumbnail wp-image-3655\" src=\"http:\/\/blogg.svenskakyrkan.se\/diakonibloggen\/files\/2014\/09\/images.jpg?w=250\" alt=\"images\" width=\"250\" height=\"187\" \/><\/a>Idag har du som fyllt 18 \u00e5r och \u00e4r svensk medborgare r\u00e4tt att g\u00f6ra din r\u00f6st h\u00f6rd och v\u00e4lja f\u00f6r din och andras framtid.\u00a0N\u00e5got som m\u00e5nga av oss ser som\u00a0b\u00e5de en r\u00e4ttighet och en skyldighet. F\u00f6r \u00e4ven soffliggare g\u00f6r ett val idag, ett val att l\u00e5ta n\u00e5gon annans r\u00f6st h\u00f6ras starkare.<\/p>\n<p>Vi lever i ett demokratiskt land. Vi p\u00e5 diakonibloggen uppmanar alla som har r\u00e4tt att r\u00f6sta idag: Ta vara p\u00e5 den m\u00f6jligheten!<\/p>\n<p>\/Lotta och Karin<\/p>\n","protected":false},"excerpt":{"rendered":"<p>\u00c5tminstone om man ska tro Kierkegaard och de andra existentialisterna. I m\u00e4nniskans sj\u00e4lva existens ligger hennes m\u00f6jligheter att g\u00f6ra val &#8211; inte bara som m\u00f6jligheter utan\u00a0som n\u00e5got oundvikligt, eftersom\u00a0detta att inte v\u00e4lja ocks\u00e5 \u00e4r ett val. Idag har du som fyllt 18 \u00e5r och \u00e4r svensk medborgare r\u00e4tt att g\u00f6ra din r\u00f6st h\u00f6rd och v\u00e4lja [&hellip;]<\/p>\n","protected":false},"author":776,"featured_media":0,"comment_status":"open","ping_status":"open","sticky":false,"template":"","format":"standard","meta":{"_acf_changed":false,"footnotes":""},"categories":[23328],"tags":[23501,23503,23742,24786,25186],"class_list":["post-3653","post","type-post","status-publish","format-standard","hentry","category-uncategorized","tag-att-rosta","tag-att-valja","tag-demokrati","tag-rostkort","tag-val"],"acf":[],"yoast_head":"<!-- This site is optimized with the Yoast SEO plugin v27.1.1 - https:\/\/yoast.com\/product\/yoast-seo-wordpress\/ -->\n<title>Att leva \u00e4r att v\u00e4lja... - Diakonibloggen<\/title>\n<meta name=\"robots\" content=\"index, follow, max-snippet:-1, max-image-preview:large, max-video-preview:-1\" \/>\n<link rel=\"canonical\" href=\"https:\/\/blogg.svenskakyrkan.se\/diakonibloggen\/2014\/09\/14\/att-leva-ar-att-valja\/\" \/>\n<meta property=\"og:locale\" content=\"sv_SE\" \/>\n<meta property=\"og:type\" content=\"article\" \/>\n<meta property=\"og:title\" content=\"Att leva \u00e4r att v\u00e4lja... - Diakonibloggen\" \/>\n<meta property=\"og:description\" content=\"\u00c5tminstone om man ska tro Kierkegaard och de andra existentialisterna. I m\u00e4nniskans sj\u00e4lva existens ligger hennes m\u00f6jligheter att g\u00f6ra val &#8211; inte bara som m\u00f6jligheter utan\u00a0som n\u00e5got oundvikligt, eftersom\u00a0detta att inte v\u00e4lja ocks\u00e5 \u00e4r ett val. Idag har du som fyllt 18 \u00e5r och \u00e4r svensk medborgare r\u00e4tt att g\u00f6ra din r\u00f6st h\u00f6rd och v\u00e4lja [&hellip;]\" \/>\n<meta property=\"og:url\" content=\"https:\/\/blogg.svenskakyrkan.se\/diakonibloggen\/2014\/09\/14\/att-leva-ar-att-valja\/\" \/>\n<meta property=\"og:site_name\" content=\"Diakonibloggen\" \/>\n<meta property=\"article:published_time\" content=\"2014-09-14T15:56:01+00:00\" \/>\n<meta property=\"og:image\" content=\"http:\/\/blogg.svenskakyrkan.se\/diakonibloggen\/files\/2014\/09\/images.jpg?w=250\" \/>\n<meta name=\"author\" content=\"diakonibloggen\" \/>\n<meta name=\"twitter:card\" content=\"summary_large_image\" \/>\n<meta name=\"twitter:label1\" content=\"Skriven av\" \/>\n\t<meta name=\"twitter:data1\" content=\"diakonibloggen\" \/>\n\t<meta name=\"twitter:label2\" content=\"Ber\u00e4knad l\u00e4stid\" \/>\n\t<meta name=\"twitter:data2\" content=\"1 minut\" \/>\n<script type=\"application\/ld+json\" class=\"yoast-schema-graph\">{\"@context\":\"https:\/\/schema.org\",\"@graph\":[{\"@type\":\"Article\",\"@id\":\"https:\/\/blogg.svenskakyrkan.se\/diakonibloggen\/2014\/09\/14\/att-leva-ar-att-valja\/#article\",\"isPartOf\":{\"@id\":\"https:\/\/blogg.svenskakyrkan.se\/diakonibloggen\/2014\/09\/14\/att-leva-ar-att-valja\/\"},\"author\":{\"name\":\"diakonibloggen\",\"@id\":\"https:\/\/blogg.svenskakyrkan.se\/diakonibloggen\/#\/schema\/person\/8f6a6fe8efab23c141c7e274fec6405f\"},\"headline\":\"Att leva \u00e4r att v\u00e4lja&#8230;\",\"datePublished\":\"2014-09-14T15:56:01+00:00\",\"mainEntityOfPage\":{\"@id\":\"https:\/\/blogg.svenskakyrkan.se\/diakonibloggen\/2014\/09\/14\/att-leva-ar-att-valja\/\"},\"wordCount\":147,\"commentCount\":0,\"image\":{\"@id\":\"https:\/\/blogg.svenskakyrkan.se\/diakonibloggen\/2014\/09\/14\/att-leva-ar-att-valja\/#primaryimage\"},\"thumbnailUrl\":\"http:\/\/blogg.svenskakyrkan.se\/diakonibloggen\/files\/2014\/09\/images.jpg?w=250\",\"keywords\":[\"att r\u00f6sta\",\"att v\u00e4lja\",\"demokrati\",\"r\u00f6stkort\",\"val\"],\"articleSection\":[\"Uncategorized\"],\"inLanguage\":\"sv-SE\",\"potentialAction\":[{\"@type\":\"CommentAction\",\"name\":\"Comment\",\"target\":[\"https:\/\/blogg.svenskakyrkan.se\/diakonibloggen\/2014\/09\/14\/att-leva-ar-att-valja\/#respond\"]}]},{\"@type\":\"WebPage\",\"@id\":\"https:\/\/blogg.svenskakyrkan.se\/diakonibloggen\/2014\/09\/14\/att-leva-ar-att-valja\/\",\"url\":\"https:\/\/blogg.svenskakyrkan.se\/diakonibloggen\/2014\/09\/14\/att-leva-ar-att-valja\/\",\"name\":\"Att leva \u00e4r att v\u00e4lja... - Diakonibloggen\",\"isPartOf\":{\"@id\":\"https:\/\/blogg.svenskakyrkan.se\/diakonibloggen\/#website\"},\"primaryImageOfPage\":{\"@id\":\"https:\/\/blogg.svenskakyrkan.se\/diakonibloggen\/2014\/09\/14\/att-leva-ar-att-valja\/#primaryimage\"},\"image\":{\"@id\":\"https:\/\/blogg.svenskakyrkan.se\/diakonibloggen\/2014\/09\/14\/att-leva-ar-att-valja\/#primaryimage\"},\"thumbnailUrl\":\"http:\/\/blogg.svenskakyrkan.se\/diakonibloggen\/files\/2014\/09\/images.jpg?w=250\",\"datePublished\":\"2014-09-14T15:56:01+00:00\",\"author\":{\"@id\":\"https:\/\/blogg.svenskakyrkan.se\/diakonibloggen\/#\/schema\/person\/8f6a6fe8efab23c141c7e274fec6405f\"},\"breadcrumb\":{\"@id\":\"https:\/\/blogg.svenskakyrkan.se\/diakonibloggen\/2014\/09\/14\/att-leva-ar-att-valja\/#breadcrumb\"},\"inLanguage\":\"sv-SE\",\"potentialAction\":[{\"@type\":\"ReadAction\",\"target\":[\"https:\/\/blogg.svenskakyrkan.se\/diakonibloggen\/2014\/09\/14\/att-leva-ar-att-valja\/\"]}]},{\"@type\":\"ImageObject\",\"inLanguage\":\"sv-SE\",\"@id\":\"https:\/\/blogg.svenskakyrkan.se\/diakonibloggen\/2014\/09\/14\/att-leva-ar-att-valja\/#primaryimage\",\"url\":\"http:\/\/blogg.svenskakyrkan.se\/diakonibloggen\/files\/2014\/09\/images.jpg?w=250\",\"contentUrl\":\"http:\/\/blogg.svenskakyrkan.se\/diakonibloggen\/files\/2014\/09\/images.jpg?w=250\"},{\"@type\":\"BreadcrumbList\",\"@id\":\"https:\/\/blogg.svenskakyrkan.se\/diakonibloggen\/2014\/09\/14\/att-leva-ar-att-valja\/#breadcrumb\",\"itemListElement\":[{\"@type\":\"ListItem\",\"position\":1,\"name\":\"Hem\",\"item\":\"https:\/\/blogg.svenskakyrkan.se\/diakonibloggen\/\"},{\"@type\":\"ListItem\",\"position\":2,\"name\":\"Att leva \u00e4r att v\u00e4lja&#8230;\"}]},{\"@type\":\"WebSite\",\"@id\":\"https:\/\/blogg.svenskakyrkan.se\/diakonibloggen\/#website\",\"url\":\"https:\/\/blogg.svenskakyrkan.se\/diakonibloggen\/\",\"name\":\"Diakonibloggen\",\"description\":\"Vi lyfter fram, hyllar, diskuterar och inspirerar till diakonalt arbete inom och utanf\u00f6r Svenska kyrkans ramar.\",\"potentialAction\":[{\"@type\":\"SearchAction\",\"target\":{\"@type\":\"EntryPoint\",\"urlTemplate\":\"https:\/\/blogg.svenskakyrkan.se\/diakonibloggen\/?s={search_term_string}\"},\"query-input\":{\"@type\":\"PropertyValueSpecification\",\"valueRequired\":true,\"valueName\":\"search_term_string\"}}],\"inLanguage\":\"sv-SE\"},{\"@type\":\"Person\",\"@id\":\"https:\/\/blogg.svenskakyrkan.se\/diakonibloggen\/#\/schema\/person\/8f6a6fe8efab23c141c7e274fec6405f\",\"name\":\"diakonibloggen\",\"image\":{\"@type\":\"ImageObject\",\"inLanguage\":\"sv-SE\",\"@id\":\"https:\/\/blogg.svenskakyrkan.se\/diakonibloggen\/#\/schema\/person\/image\/\",\"url\":\"https:\/\/secure.gravatar.com\/avatar\/95c0ca86fd13e3d8c1b7b7e9864c9a2ccb7b48c6f756a3b5447bcc13dd630488?s=96&d=mm&r=g\",\"contentUrl\":\"https:\/\/secure.gravatar.com\/avatar\/95c0ca86fd13e3d8c1b7b7e9864c9a2ccb7b48c6f756a3b5447bcc13dd630488?s=96&d=mm&r=g\",\"caption\":\"diakonibloggen\"},\"url\":\"https:\/\/blogg.svenskakyrkan.se\/diakonibloggen\/author\/diakonibloggen\/\"}]}<\/script>\n<!-- \/ Yoast SEO plugin. -->","yoast_head_json":{"title":"Att leva \u00e4r att v\u00e4lja... - Diakonibloggen","robots":{"index":"index","follow":"follow","max-snippet":"max-snippet:-1","max-image-preview":"max-image-preview:large","max-video-preview":"max-video-preview:-1"},"canonical":"https:\/\/blogg.svenskakyrkan.se\/diakonibloggen\/2014\/09\/14\/att-leva-ar-att-valja\/","og_locale":"sv_SE","og_type":"article","og_title":"Att leva \u00e4r att v\u00e4lja... - Diakonibloggen","og_description":"\u00c5tminstone om man ska tro Kierkegaard och de andra existentialisterna. I m\u00e4nniskans sj\u00e4lva existens ligger hennes m\u00f6jligheter att g\u00f6ra val &#8211; inte bara som m\u00f6jligheter utan\u00a0som n\u00e5got oundvikligt, eftersom\u00a0detta att inte v\u00e4lja ocks\u00e5 \u00e4r ett val. Idag har du som fyllt 18 \u00e5r och \u00e4r svensk medborgare r\u00e4tt att g\u00f6ra din r\u00f6st h\u00f6rd och v\u00e4lja [&hellip;]","og_url":"https:\/\/blogg.svenskakyrkan.se\/diakonibloggen\/2014\/09\/14\/att-leva-ar-att-valja\/","og_site_name":"Diakonibloggen","article_published_time":"2014-09-14T15:56:01+00:00","og_image":[{"url":"http:\/\/blogg.svenskakyrkan.se\/diakonibloggen\/files\/2014\/09\/images.jpg?w=250","type":"","width":"","height":""}],"author":"diakonibloggen","twitter_card":"summary_large_image","twitter_misc":{"Skriven av":"diakonibloggen","Ber\u00e4knad l\u00e4stid":"1 minut"},"schema":{"@context":"https:\/\/schema.org","@graph":[{"@type":"Article","@id":"https:\/\/blogg.svenskakyrkan.se\/diakonibloggen\/2014\/09\/14\/att-leva-ar-att-valja\/#article","isPartOf":{"@id":"https:\/\/blogg.svenskakyrkan.se\/diakonibloggen\/2014\/09\/14\/att-leva-ar-att-valja\/"},"author":{"name":"diakonibloggen","@id":"https:\/\/blogg.svenskakyrkan.se\/diakonibloggen\/#\/schema\/person\/8f6a6fe8efab23c141c7e274fec6405f"},"headline":"Att leva \u00e4r att v\u00e4lja&#8230;","datePublished":"2014-09-14T15:56:01+00:00","mainEntityOfPage":{"@id":"https:\/\/blogg.svenskakyrkan.se\/diakonibloggen\/2014\/09\/14\/att-leva-ar-att-valja\/"},"wordCount":147,"commentCount":0,"image":{"@id":"https:\/\/blogg.svenskakyrkan.se\/diakonibloggen\/2014\/09\/14\/att-leva-ar-att-valja\/#primaryimage"},"thumbnailUrl":"http:\/\/blogg.svenskakyrkan.se\/diakonibloggen\/files\/2014\/09\/images.jpg?w=250","keywords":["att r\u00f6sta","att v\u00e4lja","demokrati","r\u00f6stkort","val"],"articleSection":["Uncategorized"],"inLanguage":"sv-SE","potentialAction":[{"@type":"CommentAction","name":"Comment","target":["https:\/\/blogg.svenskakyrkan.se\/diakonibloggen\/2014\/09\/14\/att-leva-ar-att-valja\/#respond"]}]},{"@type":"WebPage","@id":"https:\/\/blogg.svenskakyrkan.se\/diakonibloggen\/2014\/09\/14\/att-leva-ar-att-valja\/","url":"https:\/\/blogg.svenskakyrkan.se\/diakonibloggen\/2014\/09\/14\/att-leva-ar-att-valja\/","name":"Att leva \u00e4r att v\u00e4lja... - Diakonibloggen","isPartOf":{"@id":"https:\/\/blogg.svenskakyrkan.se\/diakonibloggen\/#website"},"primaryImageOfPage":{"@id":"https:\/\/blogg.svenskakyrkan.se\/diakonibloggen\/2014\/09\/14\/att-leva-ar-att-valja\/#primaryimage"},"image":{"@id":"https:\/\/blogg.svenskakyrkan.se\/diakonibloggen\/2014\/09\/14\/att-leva-ar-att-valja\/#primaryimage"},"thumbnailUrl":"http:\/\/blogg.svenskakyrkan.se\/diakonibloggen\/files\/2014\/09\/images.jpg?w=250","datePublished":"2014-09-14T15:56:01+00:00","author":{"@id":"https:\/\/blogg.svenskakyrkan.se\/diakonibloggen\/#\/schema\/person\/8f6a6fe8efab23c141c7e274fec6405f"},"breadcrumb":{"@id":"https:\/\/blogg.svenskakyrkan.se\/diakonibloggen\/2014\/09\/14\/att-leva-ar-att-valja\/#breadcrumb"},"inLanguage":"sv-SE","potentialAction":[{"@type":"ReadAction","target":["https:\/\/blogg.svenskakyrkan.se\/diakonibloggen\/2014\/09\/14\/att-leva-ar-att-valja\/"]}]},{"@type":"ImageObject","inLanguage":"sv-SE","@id":"https:\/\/blogg.svenskakyrkan.se\/diakonibloggen\/2014\/09\/14\/att-leva-ar-att-valja\/#primaryimage","url":"http:\/\/blogg.svenskakyrkan.se\/diakonibloggen\/files\/2014\/09\/images.jpg?w=250","contentUrl":"http:\/\/blogg.svenskakyrkan.se\/diakonibloggen\/files\/2014\/09\/images.jpg?w=250"},{"@type":"BreadcrumbList","@id":"https:\/\/blogg.svenskakyrkan.se\/diakonibloggen\/2014\/09\/14\/att-leva-ar-att-valja\/#breadcrumb","itemListElement":[{"@type":"ListItem","position":1,"name":"Hem","item":"https:\/\/blogg.svenskakyrkan.se\/diakonibloggen\/"},{"@type":"ListItem","position":2,"name":"Att leva \u00e4r att v\u00e4lja&#8230;"}]},{"@type":"WebSite","@id":"https:\/\/blogg.svenskakyrkan.se\/diakonibloggen\/#website","url":"https:\/\/blogg.svenskakyrkan.se\/diakonibloggen\/","name":"Diakonibloggen","description":"Vi lyfter fram, hyllar, diskuterar och inspirerar till diakonalt arbete inom och utanf\u00f6r Svenska kyrkans ramar.","potentialAction":[{"@type":"SearchAction","target":{"@type":"EntryPoint","urlTemplate":"https:\/\/blogg.svenskakyrkan.se\/diakonibloggen\/?s={search_term_string}"},"query-input":{"@type":"PropertyValueSpecification","valueRequired":true,"valueName":"search_term_string"}}],"inLanguage":"sv-SE"},{"@type":"Person","@id":"https:\/\/blogg.svenskakyrkan.se\/diakonibloggen\/#\/schema\/person\/8f6a6fe8efab23c141c7e274fec6405f","name":"diakonibloggen","image":{"@type":"ImageObject","inLanguage":"sv-SE","@id":"https:\/\/blogg.svenskakyrkan.se\/diakonibloggen\/#\/schema\/person\/image\/","url":"https:\/\/secure.gravatar.com\/avatar\/95c0ca86fd13e3d8c1b7b7e9864c9a2ccb7b48c6f756a3b5447bcc13dd630488?s=96&d=mm&r=g","contentUrl":"https:\/\/secure.gravatar.com\/avatar\/95c0ca86fd13e3d8c1b7b7e9864c9a2ccb7b48c6f756a3b5447bcc13dd630488?s=96&d=mm&r=g","caption":"diakonibloggen"},"url":"https:\/\/blogg.svenskakyrkan.se\/diakonibloggen\/author\/diakonibloggen\/"}]}},"author_meta":{"ID":"776","user_nicename":"diakonibloggen","user_registered":"2020-12-17 14:50:06","display_name":"diakonibloggen","avatar":"https:\/\/blogg.svenskakyrkan.se\/diakonibloggen\/files\/2021\/02\/Sk\u00e4rmavbild-2019-04-12-kl.-14.20.54-150x150.png"},"featured_image":false,"bloginfo":{"name":"Diakonibloggen","url":"https:\/\/blogg.svenskakyrkan.se\/diakonibloggen"},"_links":{"self":[{"href":"https:\/\/blogg.svenskakyrkan.se\/diakonibloggen\/wp-json\/wp\/v2\/posts\/3653","targetHints":{"allow":["GET"]}}],"collection":[{"href":"https:\/\/blogg.svenskakyrkan.se\/diakonibloggen\/wp-json\/wp\/v2\/posts"}],"about":[{"href":"https:\/\/blogg.svenskakyrkan.se\/diakonibloggen\/wp-json\/wp\/v2\/types\/post"}],"author":[{"embeddable":true,"href":"https:\/\/blogg.svenskakyrkan.se\/diakonibloggen\/wp-json\/wp\/v2\/users\/776"}],"replies":[{"embeddable":true,"href":"https:\/\/blogg.svenskakyrkan.se\/diakonibloggen\/wp-json\/wp\/v2\/comments?post=3653"}],"version-history":[{"count":0,"href":"https:\/\/blogg.svenskakyrkan.se\/diakonibloggen\/wp-json\/wp\/v2\/posts\/3653\/revisions"}],"wp:attachment":[{"href":"https:\/\/blogg.svenskakyrkan.se\/diakonibloggen\/wp-json\/wp\/v2\/media?parent=3653"}],"wp:term":[{"taxonomy":"category","embeddable":true,"href":"https:\/\/blogg.svenskakyrkan.se\/diakonibloggen\/wp-json\/wp\/v2\/categories?post=3653"},{"taxonomy":"post_tag","embeddable":true,"href":"https:\/\/blogg.svenskakyrkan.se\/diakonibloggen\/wp-json\/wp\/v2\/tags?post=3653"}],"curies":[{"name":"wp","href":"https:\/\/api.w.org\/{rel}","templated":true}]}}