{"id":4306,"date":"2015-05-27T18:46:48","date_gmt":"2015-05-27T18:46:48","guid":{"rendered":"http:\/\/diakonibloggen.com\/?p=4306"},"modified":"2015-05-27T18:46:48","modified_gmt":"2015-05-27T18:46:48","slug":"fattigdom-i-overflodssamhallet-fortsattning","status":"publish","type":"post","link":"https:\/\/blogg.svenskakyrkan.se\/diakonibloggen\/2015\/05\/27\/fattigdom-i-overflodssamhallet-fortsattning\/","title":{"rendered":"Fattigdom i \u00f6verfl\u00f6dssamh\u00e4llet, forts\u00e4ttning"},"content":{"rendered":"<p><a href=\"http:\/\/diakonibloggen.com\/2014\/11\/13\/fattigdom-i-overflodssamhallet-upprop-fran-stockholmsdiakoner\/skarmavbild-2014-11-12-kl-13-37-38\/#main\" rel=\"attachment wp-att-3807\"><img loading=\"lazy\" decoding=\"async\" class=\"alignleft wp-image-3807 size-thumbnail\" src=\"http:\/\/blogg.svenskakyrkan.se\/diakonibloggen\/files\/2014\/11\/skc3a4rmavbild-2014-11-12-kl-13-37-38.png?w=250\" alt=\"Sk\u00e4rmavbild 2014-11-12 kl. 13.37.38\" width=\"250\" height=\"194\" srcset=\"https:\/\/blogg.svenskakyrkan.se\/diakonibloggen\/files\/2014\/11\/skc3a4rmavbild-2014-11-12-kl-13-37-38.png 640w, https:\/\/blogg.svenskakyrkan.se\/diakonibloggen\/files\/2014\/11\/skc3a4rmavbild-2014-11-12-kl-13-37-38-300x233.png 300w\" sizes=\"auto, (max-width: 250px) 100vw, 250px\" \/><\/a>I den profetiska diakonins anda skrevs ett <a title=\"Fattigdom i \u00f6verfl\u00f6dssamh\u00e4llet \u2013 Upprop fr\u00e5n Stockholmsdiakoner!\" href=\"http:\/\/diakonibloggen.com\/2014\/11\/13\/fattigdom-i-overflodssamhallet-upprop-fran-stockholmsdiakoner\/\">upprop<\/a> av diakon Catharina Bj\u00f6rnstedt, Danderyds f\u00f6rsamling, som undertecknades av 80 diakoner i Stockholms stift. Texten handlar om hur de som har det s\u00e4mst i samh\u00e4llet har f\u00e5tt det \u00e4nnu s\u00e4mre. Fokus ligger p\u00e5 f\u00f6rs\u00f6rjningsst\u00f6d, sjukers\u00e4ttning, bostadsfr\u00e5gan och neuropsykiatriska funktionsneds\u00e4ttningar. Uppropet uppm\u00e4rksammades stort i media (<a href=\"http:\/\/www.dagen.se\/ekosmart\/getPdf\/141208171105-658b7b98db5f45ecaf9ab64adbd55c10\">Dagen<\/a>, <a href=\"http:\/\/www.kyrkanstidning.se\/inrikes\/diakoner-skriver-upprop-till-socialforsakringsministern\">Kyrkans tidning,<\/a> <a href=\"http:\/\/www.dn.se\/arkiv\/stockholm\/80-diakoner-vill-krossa-myter-om-fattigdom\">DN,<\/a> <a href=\"http:\/\/www.aftonbladet.se\/debatt\/debattamnen\/samhalle\/article19873630.ab\">Aftonbladet<\/a>, ABC, M\u00e4nniskor och tro i SR P1, <a href=\"http:\/\/www.svt.se\/nyheter\/regionalt\/stockholm\/80-diakoner-protesterar-mot-psykiskt-sjukas-utsatthet\">Svt<\/a>, <a href=\"http:\/\/svenskkyrkotidning.se\/nytt-nummer\/nr-11-2014\/\">Svensk kyrkotidning <\/a>och olika lokala tidningar) samt av Stockholms stift och biskopen. Socialf\u00f6rs\u00e4kringsministern bj\u00f6d in till samtal. Likas\u00e5 fick\u00a0de tr\u00e4ffa statssekreteraren till barn-, \u00e4ldre- och j\u00e4mst\u00e4lldhetsministern samt socialborgarr\u00e5det i Stockholm. Processen forts\u00e4tter under 2015.<\/p>\n<p>Vi \u00e4gnar nu n\u00e5gra veckor \u00e5t uppf\u00f6ljning av s\u00e5dant som vi tidigare skrivit om. Har du\u00a0tankar och synpunkter \u00e4r du v\u00e4lkommen att h\u00f6ra av dig i en kommentar eller via mail, diakoni.se@gmail.com. \/Karin &amp; Lotta, diakonibloggen<\/p>\n<p>&nbsp;<\/p>\n<p>&nbsp;<\/p>\n<p>&nbsp;<\/p>\n<p>&nbsp;<\/p>\n<p>&nbsp;<\/p>\n","protected":false},"excerpt":{"rendered":"<p>I den profetiska diakonins anda skrevs ett upprop av diakon Catharina Bj\u00f6rnstedt, Danderyds f\u00f6rsamling, som undertecknades av 80 diakoner i Stockholms stift. Texten handlar om hur de som har det s\u00e4mst i samh\u00e4llet har f\u00e5tt det \u00e4nnu s\u00e4mre. Fokus ligger p\u00e5 f\u00f6rs\u00f6rjningsst\u00f6d, sjukers\u00e4ttning, bostadsfr\u00e5gan och neuropsykiatriska funktionsneds\u00e4ttningar. Uppropet uppm\u00e4rksammades stort i media (Dagen, Kyrkans tidning, [&hellip;]<\/p>\n","protected":false},"author":776,"featured_media":0,"comment_status":"open","ping_status":"open","sticky":false,"template":"","format":"standard","meta":{"_acf_changed":false,"footnotes":""},"categories":[23301],"tags":[23730,23940,23972],"class_list":["post-4306","post","type-post","status-publish","format-standard","hentry","category-diakonalt-arbete","tag-danderyds-forsamling","tag-fattigdom","tag-forsorjningstod"],"acf":[],"yoast_head":"<!-- This site is optimized with the Yoast SEO plugin v27.1.1 - https:\/\/yoast.com\/product\/yoast-seo-wordpress\/ -->\n<title>Fattigdom i \u00f6verfl\u00f6dssamh\u00e4llet, forts\u00e4ttning - Diakonibloggen<\/title>\n<meta name=\"robots\" content=\"index, follow, max-snippet:-1, max-image-preview:large, max-video-preview:-1\" \/>\n<link rel=\"canonical\" href=\"https:\/\/blogg.svenskakyrkan.se\/diakonibloggen\/2015\/05\/27\/fattigdom-i-overflodssamhallet-fortsattning\/\" \/>\n<meta property=\"og:locale\" content=\"sv_SE\" \/>\n<meta property=\"og:type\" content=\"article\" \/>\n<meta property=\"og:title\" content=\"Fattigdom i \u00f6verfl\u00f6dssamh\u00e4llet, forts\u00e4ttning - Diakonibloggen\" \/>\n<meta property=\"og:description\" content=\"I den profetiska diakonins anda skrevs ett upprop av diakon Catharina Bj\u00f6rnstedt, Danderyds f\u00f6rsamling, som undertecknades av 80 diakoner i Stockholms stift. Texten handlar om hur de som har det s\u00e4mst i samh\u00e4llet har f\u00e5tt det \u00e4nnu s\u00e4mre. Fokus ligger p\u00e5 f\u00f6rs\u00f6rjningsst\u00f6d, sjukers\u00e4ttning, bostadsfr\u00e5gan och neuropsykiatriska funktionsneds\u00e4ttningar. Uppropet uppm\u00e4rksammades stort i media (Dagen, Kyrkans tidning, [&hellip;]\" \/>\n<meta property=\"og:url\" content=\"https:\/\/blogg.svenskakyrkan.se\/diakonibloggen\/2015\/05\/27\/fattigdom-i-overflodssamhallet-fortsattning\/\" \/>\n<meta property=\"og:site_name\" content=\"Diakonibloggen\" \/>\n<meta property=\"article:published_time\" content=\"2015-05-27T18:46:48+00:00\" \/>\n<meta property=\"og:image\" content=\"http:\/\/blogg.svenskakyrkan.se\/diakonibloggen\/files\/2014\/11\/skc3a4rmavbild-2014-11-12-kl-13-37-38.png?w=250\" \/>\n<meta name=\"author\" content=\"diakonibloggen\" \/>\n<meta name=\"twitter:card\" content=\"summary_large_image\" \/>\n<meta name=\"twitter:label1\" content=\"Skriven av\" \/>\n\t<meta name=\"twitter:data1\" content=\"diakonibloggen\" \/>\n\t<meta name=\"twitter:label2\" content=\"Ber\u00e4knad l\u00e4stid\" \/>\n\t<meta name=\"twitter:data2\" content=\"1 minut\" \/>\n<script type=\"application\/ld+json\" class=\"yoast-schema-graph\">{\"@context\":\"https:\/\/schema.org\",\"@graph\":[{\"@type\":\"Article\",\"@id\":\"https:\/\/blogg.svenskakyrkan.se\/diakonibloggen\/2015\/05\/27\/fattigdom-i-overflodssamhallet-fortsattning\/#article\",\"isPartOf\":{\"@id\":\"https:\/\/blogg.svenskakyrkan.se\/diakonibloggen\/2015\/05\/27\/fattigdom-i-overflodssamhallet-fortsattning\/\"},\"author\":{\"name\":\"diakonibloggen\",\"@id\":\"https:\/\/blogg.svenskakyrkan.se\/diakonibloggen\/#\/schema\/person\/8f6a6fe8efab23c141c7e274fec6405f\"},\"headline\":\"Fattigdom i \u00f6verfl\u00f6dssamh\u00e4llet, forts\u00e4ttning\",\"datePublished\":\"2015-05-27T18:46:48+00:00\",\"mainEntityOfPage\":{\"@id\":\"https:\/\/blogg.svenskakyrkan.se\/diakonibloggen\/2015\/05\/27\/fattigdom-i-overflodssamhallet-fortsattning\/\"},\"wordCount\":177,\"commentCount\":0,\"image\":{\"@id\":\"https:\/\/blogg.svenskakyrkan.se\/diakonibloggen\/2015\/05\/27\/fattigdom-i-overflodssamhallet-fortsattning\/#primaryimage\"},\"thumbnailUrl\":\"http:\/\/blogg.svenskakyrkan.se\/diakonibloggen\/files\/2014\/11\/skc3a4rmavbild-2014-11-12-kl-13-37-38.png?w=250\",\"keywords\":[\"Danderyds f\u00f6rsamling\",\"fattigdom\",\"f\u00f6rs\u00f6rjningst\u00f6d\"],\"articleSection\":[\"Diakonalt arbete\"],\"inLanguage\":\"sv-SE\",\"potentialAction\":[{\"@type\":\"CommentAction\",\"name\":\"Comment\",\"target\":[\"https:\/\/blogg.svenskakyrkan.se\/diakonibloggen\/2015\/05\/27\/fattigdom-i-overflodssamhallet-fortsattning\/#respond\"]}]},{\"@type\":\"WebPage\",\"@id\":\"https:\/\/blogg.svenskakyrkan.se\/diakonibloggen\/2015\/05\/27\/fattigdom-i-overflodssamhallet-fortsattning\/\",\"url\":\"https:\/\/blogg.svenskakyrkan.se\/diakonibloggen\/2015\/05\/27\/fattigdom-i-overflodssamhallet-fortsattning\/\",\"name\":\"Fattigdom i \u00f6verfl\u00f6dssamh\u00e4llet, forts\u00e4ttning - Diakonibloggen\",\"isPartOf\":{\"@id\":\"https:\/\/blogg.svenskakyrkan.se\/diakonibloggen\/#website\"},\"primaryImageOfPage\":{\"@id\":\"https:\/\/blogg.svenskakyrkan.se\/diakonibloggen\/2015\/05\/27\/fattigdom-i-overflodssamhallet-fortsattning\/#primaryimage\"},\"image\":{\"@id\":\"https:\/\/blogg.svenskakyrkan.se\/diakonibloggen\/2015\/05\/27\/fattigdom-i-overflodssamhallet-fortsattning\/#primaryimage\"},\"thumbnailUrl\":\"http:\/\/blogg.svenskakyrkan.se\/diakonibloggen\/files\/2014\/11\/skc3a4rmavbild-2014-11-12-kl-13-37-38.png?w=250\",\"datePublished\":\"2015-05-27T18:46:48+00:00\",\"author\":{\"@id\":\"https:\/\/blogg.svenskakyrkan.se\/diakonibloggen\/#\/schema\/person\/8f6a6fe8efab23c141c7e274fec6405f\"},\"breadcrumb\":{\"@id\":\"https:\/\/blogg.svenskakyrkan.se\/diakonibloggen\/2015\/05\/27\/fattigdom-i-overflodssamhallet-fortsattning\/#breadcrumb\"},\"inLanguage\":\"sv-SE\",\"potentialAction\":[{\"@type\":\"ReadAction\",\"target\":[\"https:\/\/blogg.svenskakyrkan.se\/diakonibloggen\/2015\/05\/27\/fattigdom-i-overflodssamhallet-fortsattning\/\"]}]},{\"@type\":\"ImageObject\",\"inLanguage\":\"sv-SE\",\"@id\":\"https:\/\/blogg.svenskakyrkan.se\/diakonibloggen\/2015\/05\/27\/fattigdom-i-overflodssamhallet-fortsattning\/#primaryimage\",\"url\":\"http:\/\/blogg.svenskakyrkan.se\/diakonibloggen\/files\/2014\/11\/skc3a4rmavbild-2014-11-12-kl-13-37-38.png?w=250\",\"contentUrl\":\"http:\/\/blogg.svenskakyrkan.se\/diakonibloggen\/files\/2014\/11\/skc3a4rmavbild-2014-11-12-kl-13-37-38.png?w=250\"},{\"@type\":\"BreadcrumbList\",\"@id\":\"https:\/\/blogg.svenskakyrkan.se\/diakonibloggen\/2015\/05\/27\/fattigdom-i-overflodssamhallet-fortsattning\/#breadcrumb\",\"itemListElement\":[{\"@type\":\"ListItem\",\"position\":1,\"name\":\"Hem\",\"item\":\"https:\/\/blogg.svenskakyrkan.se\/diakonibloggen\/\"},{\"@type\":\"ListItem\",\"position\":2,\"name\":\"Fattigdom i \u00f6verfl\u00f6dssamh\u00e4llet, forts\u00e4ttning\"}]},{\"@type\":\"WebSite\",\"@id\":\"https:\/\/blogg.svenskakyrkan.se\/diakonibloggen\/#website\",\"url\":\"https:\/\/blogg.svenskakyrkan.se\/diakonibloggen\/\",\"name\":\"Diakonibloggen\",\"description\":\"Vi lyfter fram, hyllar, diskuterar och inspirerar till diakonalt arbete inom och utanf\u00f6r Svenska kyrkans ramar.\",\"potentialAction\":[{\"@type\":\"SearchAction\",\"target\":{\"@type\":\"EntryPoint\",\"urlTemplate\":\"https:\/\/blogg.svenskakyrkan.se\/diakonibloggen\/?s={search_term_string}\"},\"query-input\":{\"@type\":\"PropertyValueSpecification\",\"valueRequired\":true,\"valueName\":\"search_term_string\"}}],\"inLanguage\":\"sv-SE\"},{\"@type\":\"Person\",\"@id\":\"https:\/\/blogg.svenskakyrkan.se\/diakonibloggen\/#\/schema\/person\/8f6a6fe8efab23c141c7e274fec6405f\",\"name\":\"diakonibloggen\",\"image\":{\"@type\":\"ImageObject\",\"inLanguage\":\"sv-SE\",\"@id\":\"https:\/\/blogg.svenskakyrkan.se\/diakonibloggen\/#\/schema\/person\/image\/\",\"url\":\"https:\/\/secure.gravatar.com\/avatar\/95c0ca86fd13e3d8c1b7b7e9864c9a2ccb7b48c6f756a3b5447bcc13dd630488?s=96&d=mm&r=g\",\"contentUrl\":\"https:\/\/secure.gravatar.com\/avatar\/95c0ca86fd13e3d8c1b7b7e9864c9a2ccb7b48c6f756a3b5447bcc13dd630488?s=96&d=mm&r=g\",\"caption\":\"diakonibloggen\"},\"url\":\"https:\/\/blogg.svenskakyrkan.se\/diakonibloggen\/author\/diakonibloggen\/\"}]}<\/script>\n<!-- \/ Yoast SEO plugin. -->","yoast_head_json":{"title":"Fattigdom i \u00f6verfl\u00f6dssamh\u00e4llet, forts\u00e4ttning - Diakonibloggen","robots":{"index":"index","follow":"follow","max-snippet":"max-snippet:-1","max-image-preview":"max-image-preview:large","max-video-preview":"max-video-preview:-1"},"canonical":"https:\/\/blogg.svenskakyrkan.se\/diakonibloggen\/2015\/05\/27\/fattigdom-i-overflodssamhallet-fortsattning\/","og_locale":"sv_SE","og_type":"article","og_title":"Fattigdom i \u00f6verfl\u00f6dssamh\u00e4llet, forts\u00e4ttning - Diakonibloggen","og_description":"I den profetiska diakonins anda skrevs ett upprop av diakon Catharina Bj\u00f6rnstedt, Danderyds f\u00f6rsamling, som undertecknades av 80 diakoner i Stockholms stift. Texten handlar om hur de som har det s\u00e4mst i samh\u00e4llet har f\u00e5tt det \u00e4nnu s\u00e4mre. Fokus ligger p\u00e5 f\u00f6rs\u00f6rjningsst\u00f6d, sjukers\u00e4ttning, bostadsfr\u00e5gan och neuropsykiatriska funktionsneds\u00e4ttningar. Uppropet uppm\u00e4rksammades stort i media (Dagen, Kyrkans tidning, [&hellip;]","og_url":"https:\/\/blogg.svenskakyrkan.se\/diakonibloggen\/2015\/05\/27\/fattigdom-i-overflodssamhallet-fortsattning\/","og_site_name":"Diakonibloggen","article_published_time":"2015-05-27T18:46:48+00:00","og_image":[{"url":"http:\/\/blogg.svenskakyrkan.se\/diakonibloggen\/files\/2014\/11\/skc3a4rmavbild-2014-11-12-kl-13-37-38.png?w=250","type":"","width":"","height":""}],"author":"diakonibloggen","twitter_card":"summary_large_image","twitter_misc":{"Skriven av":"diakonibloggen","Ber\u00e4knad l\u00e4stid":"1 minut"},"schema":{"@context":"https:\/\/schema.org","@graph":[{"@type":"Article","@id":"https:\/\/blogg.svenskakyrkan.se\/diakonibloggen\/2015\/05\/27\/fattigdom-i-overflodssamhallet-fortsattning\/#article","isPartOf":{"@id":"https:\/\/blogg.svenskakyrkan.se\/diakonibloggen\/2015\/05\/27\/fattigdom-i-overflodssamhallet-fortsattning\/"},"author":{"name":"diakonibloggen","@id":"https:\/\/blogg.svenskakyrkan.se\/diakonibloggen\/#\/schema\/person\/8f6a6fe8efab23c141c7e274fec6405f"},"headline":"Fattigdom i \u00f6verfl\u00f6dssamh\u00e4llet, forts\u00e4ttning","datePublished":"2015-05-27T18:46:48+00:00","mainEntityOfPage":{"@id":"https:\/\/blogg.svenskakyrkan.se\/diakonibloggen\/2015\/05\/27\/fattigdom-i-overflodssamhallet-fortsattning\/"},"wordCount":177,"commentCount":0,"image":{"@id":"https:\/\/blogg.svenskakyrkan.se\/diakonibloggen\/2015\/05\/27\/fattigdom-i-overflodssamhallet-fortsattning\/#primaryimage"},"thumbnailUrl":"http:\/\/blogg.svenskakyrkan.se\/diakonibloggen\/files\/2014\/11\/skc3a4rmavbild-2014-11-12-kl-13-37-38.png?w=250","keywords":["Danderyds f\u00f6rsamling","fattigdom","f\u00f6rs\u00f6rjningst\u00f6d"],"articleSection":["Diakonalt arbete"],"inLanguage":"sv-SE","potentialAction":[{"@type":"CommentAction","name":"Comment","target":["https:\/\/blogg.svenskakyrkan.se\/diakonibloggen\/2015\/05\/27\/fattigdom-i-overflodssamhallet-fortsattning\/#respond"]}]},{"@type":"WebPage","@id":"https:\/\/blogg.svenskakyrkan.se\/diakonibloggen\/2015\/05\/27\/fattigdom-i-overflodssamhallet-fortsattning\/","url":"https:\/\/blogg.svenskakyrkan.se\/diakonibloggen\/2015\/05\/27\/fattigdom-i-overflodssamhallet-fortsattning\/","name":"Fattigdom i \u00f6verfl\u00f6dssamh\u00e4llet, forts\u00e4ttning - Diakonibloggen","isPartOf":{"@id":"https:\/\/blogg.svenskakyrkan.se\/diakonibloggen\/#website"},"primaryImageOfPage":{"@id":"https:\/\/blogg.svenskakyrkan.se\/diakonibloggen\/2015\/05\/27\/fattigdom-i-overflodssamhallet-fortsattning\/#primaryimage"},"image":{"@id":"https:\/\/blogg.svenskakyrkan.se\/diakonibloggen\/2015\/05\/27\/fattigdom-i-overflodssamhallet-fortsattning\/#primaryimage"},"thumbnailUrl":"http:\/\/blogg.svenskakyrkan.se\/diakonibloggen\/files\/2014\/11\/skc3a4rmavbild-2014-11-12-kl-13-37-38.png?w=250","datePublished":"2015-05-27T18:46:48+00:00","author":{"@id":"https:\/\/blogg.svenskakyrkan.se\/diakonibloggen\/#\/schema\/person\/8f6a6fe8efab23c141c7e274fec6405f"},"breadcrumb":{"@id":"https:\/\/blogg.svenskakyrkan.se\/diakonibloggen\/2015\/05\/27\/fattigdom-i-overflodssamhallet-fortsattning\/#breadcrumb"},"inLanguage":"sv-SE","potentialAction":[{"@type":"ReadAction","target":["https:\/\/blogg.svenskakyrkan.se\/diakonibloggen\/2015\/05\/27\/fattigdom-i-overflodssamhallet-fortsattning\/"]}]},{"@type":"ImageObject","inLanguage":"sv-SE","@id":"https:\/\/blogg.svenskakyrkan.se\/diakonibloggen\/2015\/05\/27\/fattigdom-i-overflodssamhallet-fortsattning\/#primaryimage","url":"http:\/\/blogg.svenskakyrkan.se\/diakonibloggen\/files\/2014\/11\/skc3a4rmavbild-2014-11-12-kl-13-37-38.png?w=250","contentUrl":"http:\/\/blogg.svenskakyrkan.se\/diakonibloggen\/files\/2014\/11\/skc3a4rmavbild-2014-11-12-kl-13-37-38.png?w=250"},{"@type":"BreadcrumbList","@id":"https:\/\/blogg.svenskakyrkan.se\/diakonibloggen\/2015\/05\/27\/fattigdom-i-overflodssamhallet-fortsattning\/#breadcrumb","itemListElement":[{"@type":"ListItem","position":1,"name":"Hem","item":"https:\/\/blogg.svenskakyrkan.se\/diakonibloggen\/"},{"@type":"ListItem","position":2,"name":"Fattigdom i \u00f6verfl\u00f6dssamh\u00e4llet, forts\u00e4ttning"}]},{"@type":"WebSite","@id":"https:\/\/blogg.svenskakyrkan.se\/diakonibloggen\/#website","url":"https:\/\/blogg.svenskakyrkan.se\/diakonibloggen\/","name":"Diakonibloggen","description":"Vi lyfter fram, hyllar, diskuterar och inspirerar till diakonalt arbete inom och utanf\u00f6r Svenska kyrkans ramar.","potentialAction":[{"@type":"SearchAction","target":{"@type":"EntryPoint","urlTemplate":"https:\/\/blogg.svenskakyrkan.se\/diakonibloggen\/?s={search_term_string}"},"query-input":{"@type":"PropertyValueSpecification","valueRequired":true,"valueName":"search_term_string"}}],"inLanguage":"sv-SE"},{"@type":"Person","@id":"https:\/\/blogg.svenskakyrkan.se\/diakonibloggen\/#\/schema\/person\/8f6a6fe8efab23c141c7e274fec6405f","name":"diakonibloggen","image":{"@type":"ImageObject","inLanguage":"sv-SE","@id":"https:\/\/blogg.svenskakyrkan.se\/diakonibloggen\/#\/schema\/person\/image\/","url":"https:\/\/secure.gravatar.com\/avatar\/95c0ca86fd13e3d8c1b7b7e9864c9a2ccb7b48c6f756a3b5447bcc13dd630488?s=96&d=mm&r=g","contentUrl":"https:\/\/secure.gravatar.com\/avatar\/95c0ca86fd13e3d8c1b7b7e9864c9a2ccb7b48c6f756a3b5447bcc13dd630488?s=96&d=mm&r=g","caption":"diakonibloggen"},"url":"https:\/\/blogg.svenskakyrkan.se\/diakonibloggen\/author\/diakonibloggen\/"}]}},"author_meta":{"ID":"776","user_nicename":"diakonibloggen","user_registered":"2020-12-17 14:50:06","display_name":"diakonibloggen","avatar":"https:\/\/blogg.svenskakyrkan.se\/diakonibloggen\/files\/2021\/02\/Sk\u00e4rmavbild-2019-04-12-kl.-14.20.54-150x150.png"},"featured_image":false,"bloginfo":{"name":"Diakonibloggen","url":"https:\/\/blogg.svenskakyrkan.se\/diakonibloggen"},"_links":{"self":[{"href":"https:\/\/blogg.svenskakyrkan.se\/diakonibloggen\/wp-json\/wp\/v2\/posts\/4306","targetHints":{"allow":["GET"]}}],"collection":[{"href":"https:\/\/blogg.svenskakyrkan.se\/diakonibloggen\/wp-json\/wp\/v2\/posts"}],"about":[{"href":"https:\/\/blogg.svenskakyrkan.se\/diakonibloggen\/wp-json\/wp\/v2\/types\/post"}],"author":[{"embeddable":true,"href":"https:\/\/blogg.svenskakyrkan.se\/diakonibloggen\/wp-json\/wp\/v2\/users\/776"}],"replies":[{"embeddable":true,"href":"https:\/\/blogg.svenskakyrkan.se\/diakonibloggen\/wp-json\/wp\/v2\/comments?post=4306"}],"version-history":[{"count":0,"href":"https:\/\/blogg.svenskakyrkan.se\/diakonibloggen\/wp-json\/wp\/v2\/posts\/4306\/revisions"}],"wp:attachment":[{"href":"https:\/\/blogg.svenskakyrkan.se\/diakonibloggen\/wp-json\/wp\/v2\/media?parent=4306"}],"wp:term":[{"taxonomy":"category","embeddable":true,"href":"https:\/\/blogg.svenskakyrkan.se\/diakonibloggen\/wp-json\/wp\/v2\/categories?post=4306"},{"taxonomy":"post_tag","embeddable":true,"href":"https:\/\/blogg.svenskakyrkan.se\/diakonibloggen\/wp-json\/wp\/v2\/tags?post=4306"}],"curies":[{"name":"wp","href":"https:\/\/api.w.org\/{rel}","templated":true}]}}