{"id":4701,"date":"2015-11-13T11:48:48","date_gmt":"2015-11-13T11:48:48","guid":{"rendered":"http:\/\/diakonibloggen.com\/?p=4701"},"modified":"2020-12-17T15:16:52","modified_gmt":"2020-12-17T15:16:52","slug":"hej-marhaba-hallo","status":"publish","type":"post","link":"https:\/\/blogg.svenskakyrkan.se\/diakonibloggen\/2015\/11\/13\/hej-marhaba-hallo\/","title":{"rendered":"Hej, Marhaba, Hallo"},"content":{"rendered":"<p>Det \u00e4r inte s\u00e5 m\u00e5nga ord jag kan p\u00e5 arabiska\u2026 N\u00e4rmare best\u00e4mt\u00a0fem stycken. Jag f\u00f6rs\u00f6kte ivrigt en period att l\u00e4ra mig f\u00f6ljande fras: &#8221;V\u00e4lkommen p\u00e5 torsdag klockan fem&#8221;, men jag gick bet.\u00a0Dock klarar jag mig ganska l\u00e5ngt med mina fem ord &#8211; det r\u00e4cker ofta f\u00f6r att skapa en kontakt och f\u00f6r att det ska f\u00e5 bli ett m\u00f6te. Och kanske ocks\u00e5 lite skratt d\u00e5 mitt uttal kanske inte \u00e4r det b\u00e4sta &#8211; men det r\u00e4cker! Det r\u00e4cker att f\u00f6rs\u00f6ka, att v\u00e5ga tilltala varandra och att f\u00f6rs\u00f6ka m\u00f6tas, om inte med ord s\u00e5 med kroppsspr\u00e5k. Vi fick tips via facebook om en enkel \u00f6vers\u00e4ttning som kan vara en bit p\u00e5 v\u00e4gen.<\/p>\n<p><a href=\"http:\/\/diakonibloggen.com\/2015\/11\/13\/hej-marhaba-hallo\/parloren_ritad_2a5_paa4\/#main\" rel=\"attachment wp-att-4728\"><img loading=\"lazy\" decoding=\"async\" class=\"aligncenter wp-image-4728 size-full\" src=\"http:\/\/blogg.svenskakyrkan.se\/diakonibloggen\/files\/2015\/11\/parlc3b6ren_ritad_2a5_pc3a5a4.jpg\" alt=\"Parl\u00f6ren_ritad_2A5_p\u00e5A4\" width=\"1240\" height=\"1754\" srcset=\"https:\/\/blogg.svenskakyrkan.se\/diakonibloggen\/files\/2015\/11\/parlc3b6ren_ritad_2a5_pc3a5a4.jpg 1240w, https:\/\/blogg.svenskakyrkan.se\/diakonibloggen\/files\/2015\/11\/parlc3b6ren_ritad_2a5_pc3a5a4-212x300.jpg 212w, https:\/\/blogg.svenskakyrkan.se\/diakonibloggen\/files\/2015\/11\/parlc3b6ren_ritad_2a5_pc3a5a4-724x1024.jpg 724w, https:\/\/blogg.svenskakyrkan.se\/diakonibloggen\/files\/2015\/11\/parlc3b6ren_ritad_2a5_pc3a5a4-768x1086.jpg 768w, https:\/\/blogg.svenskakyrkan.se\/diakonibloggen\/files\/2015\/11\/parlc3b6ren_ritad_2a5_pc3a5a4-1086x1536.jpg 1086w, https:\/\/blogg.svenskakyrkan.se\/diakonibloggen\/files\/2015\/11\/parlc3b6ren_ritad_2a5_pc3a5a4-1200x1697.jpg 1200w\" sizes=\"auto, (max-width: 1240px) 100vw, 1240px\" \/><\/a><\/p>\n<p>Du kan enkelt skriva ut den genom att <a href=\"http:\/\/blogg.svenskakyrkan.se\/diakonibloggen\/files\/2015\/11\/parlc3b6ren_ritad_2a5_pc3a5a41.jpg\">klicka h\u00e4r<\/a>.<\/p>\n<p>Vi fokuserar p\u00e5 flyktingar &#8211; m\u00f6ten och ber\u00e4ttelser. Vill du dela erfarenheter? Skriv en kommentar eller maila till diakoni.se@gmail.com. \/Karin &amp; Lotta<\/p>\n<p>&nbsp;<\/p>\n<p>&nbsp;<\/p>\n","protected":false},"excerpt":{"rendered":"<p>Det \u00e4r inte s\u00e5 m\u00e5nga ord jag kan p\u00e5 arabiska\u2026 N\u00e4rmare best\u00e4mt\u00a0fem stycken. Jag f\u00f6rs\u00f6kte ivrigt en period att l\u00e4ra mig f\u00f6ljande fras: &#8221;V\u00e4lkommen p\u00e5 torsdag klockan fem&#8221;, men jag gick bet.\u00a0Dock klarar jag mig ganska l\u00e5ngt med mina fem ord &#8211; det r\u00e4cker ofta f\u00f6r att skapa en kontakt och f\u00f6r att det ska [&hellip;]<\/p>\n","protected":false},"author":776,"featured_media":0,"comment_status":"open","ping_status":"open","sticky":false,"template":"","format":"standard","meta":{"_acf_changed":false,"footnotes":""},"categories":[23301,23310],"tags":[24556,24969],"class_list":["post-4701","post","type-post","status-publish","format-standard","hentry","category-diakonalt-arbete","category-flyktingar","tag-moten","tag-sprakcafe"],"acf":[],"yoast_head":"<!-- This site is optimized with the Yoast SEO plugin v27.1.1 - https:\/\/yoast.com\/product\/yoast-seo-wordpress\/ -->\n<title>Hej, Marhaba, Hallo - Diakonibloggen<\/title>\n<meta name=\"robots\" content=\"index, follow, max-snippet:-1, max-image-preview:large, max-video-preview:-1\" \/>\n<link rel=\"canonical\" href=\"https:\/\/blogg.svenskakyrkan.se\/diakonibloggen\/2015\/11\/13\/hej-marhaba-hallo\/\" \/>\n<meta property=\"og:locale\" content=\"sv_SE\" \/>\n<meta property=\"og:type\" content=\"article\" \/>\n<meta property=\"og:title\" content=\"Hej, Marhaba, Hallo - Diakonibloggen\" \/>\n<meta property=\"og:description\" content=\"Det \u00e4r inte s\u00e5 m\u00e5nga ord jag kan p\u00e5 arabiska\u2026 N\u00e4rmare best\u00e4mt\u00a0fem stycken. Jag f\u00f6rs\u00f6kte ivrigt en period att l\u00e4ra mig f\u00f6ljande fras: &#8221;V\u00e4lkommen p\u00e5 torsdag klockan fem&#8221;, men jag gick bet.\u00a0Dock klarar jag mig ganska l\u00e5ngt med mina fem ord &#8211; det r\u00e4cker ofta f\u00f6r att skapa en kontakt och f\u00f6r att det ska [&hellip;]\" \/>\n<meta property=\"og:url\" content=\"https:\/\/blogg.svenskakyrkan.se\/diakonibloggen\/2015\/11\/13\/hej-marhaba-hallo\/\" \/>\n<meta property=\"og:site_name\" content=\"Diakonibloggen\" \/>\n<meta property=\"article:published_time\" content=\"2015-11-13T11:48:48+00:00\" \/>\n<meta property=\"article:modified_time\" content=\"2020-12-17T15:16:52+00:00\" \/>\n<meta property=\"og:image\" content=\"http:\/\/blogg.svenskakyrkan.se\/diakonibloggen\/files\/2015\/11\/parlc3b6ren_ritad_2a5_pc3a5a4.jpg\" \/>\n<meta name=\"author\" content=\"diakonibloggen\" \/>\n<meta name=\"twitter:card\" content=\"summary_large_image\" \/>\n<meta name=\"twitter:label1\" content=\"Skriven av\" \/>\n\t<meta name=\"twitter:data1\" content=\"diakonibloggen\" \/>\n\t<meta name=\"twitter:label2\" content=\"Ber\u00e4knad l\u00e4stid\" \/>\n\t<meta name=\"twitter:data2\" content=\"1 minut\" \/>\n<script type=\"application\/ld+json\" class=\"yoast-schema-graph\">{\"@context\":\"https:\/\/schema.org\",\"@graph\":[{\"@type\":\"Article\",\"@id\":\"https:\/\/blogg.svenskakyrkan.se\/diakonibloggen\/2015\/11\/13\/hej-marhaba-hallo\/#article\",\"isPartOf\":{\"@id\":\"https:\/\/blogg.svenskakyrkan.se\/diakonibloggen\/2015\/11\/13\/hej-marhaba-hallo\/\"},\"author\":{\"name\":\"diakonibloggen\",\"@id\":\"https:\/\/blogg.svenskakyrkan.se\/diakonibloggen\/#\/schema\/person\/8f6a6fe8efab23c141c7e274fec6405f\"},\"headline\":\"Hej, Marhaba, Hallo\",\"datePublished\":\"2015-11-13T11:48:48+00:00\",\"dateModified\":\"2020-12-17T15:16:52+00:00\",\"mainEntityOfPage\":{\"@id\":\"https:\/\/blogg.svenskakyrkan.se\/diakonibloggen\/2015\/11\/13\/hej-marhaba-hallo\/\"},\"wordCount\":181,\"commentCount\":0,\"image\":{\"@id\":\"https:\/\/blogg.svenskakyrkan.se\/diakonibloggen\/2015\/11\/13\/hej-marhaba-hallo\/#primaryimage\"},\"thumbnailUrl\":\"http:\/\/blogg.svenskakyrkan.se\/diakonibloggen\/files\/2015\/11\/parlc3b6ren_ritad_2a5_pc3a5a4.jpg\",\"keywords\":[\"m\u00f6ten\",\"spr\u00e5kcaf\u00e9\"],\"articleSection\":[\"Diakonalt arbete\",\"flyktingar\"],\"inLanguage\":\"sv-SE\",\"potentialAction\":[{\"@type\":\"CommentAction\",\"name\":\"Comment\",\"target\":[\"https:\/\/blogg.svenskakyrkan.se\/diakonibloggen\/2015\/11\/13\/hej-marhaba-hallo\/#respond\"]}]},{\"@type\":\"WebPage\",\"@id\":\"https:\/\/blogg.svenskakyrkan.se\/diakonibloggen\/2015\/11\/13\/hej-marhaba-hallo\/\",\"url\":\"https:\/\/blogg.svenskakyrkan.se\/diakonibloggen\/2015\/11\/13\/hej-marhaba-hallo\/\",\"name\":\"Hej, Marhaba, Hallo - Diakonibloggen\",\"isPartOf\":{\"@id\":\"https:\/\/blogg.svenskakyrkan.se\/diakonibloggen\/#website\"},\"primaryImageOfPage\":{\"@id\":\"https:\/\/blogg.svenskakyrkan.se\/diakonibloggen\/2015\/11\/13\/hej-marhaba-hallo\/#primaryimage\"},\"image\":{\"@id\":\"https:\/\/blogg.svenskakyrkan.se\/diakonibloggen\/2015\/11\/13\/hej-marhaba-hallo\/#primaryimage\"},\"thumbnailUrl\":\"http:\/\/blogg.svenskakyrkan.se\/diakonibloggen\/files\/2015\/11\/parlc3b6ren_ritad_2a5_pc3a5a4.jpg\",\"datePublished\":\"2015-11-13T11:48:48+00:00\",\"dateModified\":\"2020-12-17T15:16:52+00:00\",\"author\":{\"@id\":\"https:\/\/blogg.svenskakyrkan.se\/diakonibloggen\/#\/schema\/person\/8f6a6fe8efab23c141c7e274fec6405f\"},\"breadcrumb\":{\"@id\":\"https:\/\/blogg.svenskakyrkan.se\/diakonibloggen\/2015\/11\/13\/hej-marhaba-hallo\/#breadcrumb\"},\"inLanguage\":\"sv-SE\",\"potentialAction\":[{\"@type\":\"ReadAction\",\"target\":[\"https:\/\/blogg.svenskakyrkan.se\/diakonibloggen\/2015\/11\/13\/hej-marhaba-hallo\/\"]}]},{\"@type\":\"ImageObject\",\"inLanguage\":\"sv-SE\",\"@id\":\"https:\/\/blogg.svenskakyrkan.se\/diakonibloggen\/2015\/11\/13\/hej-marhaba-hallo\/#primaryimage\",\"url\":\"http:\/\/blogg.svenskakyrkan.se\/diakonibloggen\/files\/2015\/11\/parlc3b6ren_ritad_2a5_pc3a5a4.jpg\",\"contentUrl\":\"http:\/\/blogg.svenskakyrkan.se\/diakonibloggen\/files\/2015\/11\/parlc3b6ren_ritad_2a5_pc3a5a4.jpg\"},{\"@type\":\"BreadcrumbList\",\"@id\":\"https:\/\/blogg.svenskakyrkan.se\/diakonibloggen\/2015\/11\/13\/hej-marhaba-hallo\/#breadcrumb\",\"itemListElement\":[{\"@type\":\"ListItem\",\"position\":1,\"name\":\"Hem\",\"item\":\"https:\/\/blogg.svenskakyrkan.se\/diakonibloggen\/\"},{\"@type\":\"ListItem\",\"position\":2,\"name\":\"Hej, Marhaba, Hallo\"}]},{\"@type\":\"WebSite\",\"@id\":\"https:\/\/blogg.svenskakyrkan.se\/diakonibloggen\/#website\",\"url\":\"https:\/\/blogg.svenskakyrkan.se\/diakonibloggen\/\",\"name\":\"Diakonibloggen\",\"description\":\"Vi lyfter fram, hyllar, diskuterar och inspirerar till diakonalt arbete inom och utanf\u00f6r Svenska kyrkans ramar.\",\"potentialAction\":[{\"@type\":\"SearchAction\",\"target\":{\"@type\":\"EntryPoint\",\"urlTemplate\":\"https:\/\/blogg.svenskakyrkan.se\/diakonibloggen\/?s={search_term_string}\"},\"query-input\":{\"@type\":\"PropertyValueSpecification\",\"valueRequired\":true,\"valueName\":\"search_term_string\"}}],\"inLanguage\":\"sv-SE\"},{\"@type\":\"Person\",\"@id\":\"https:\/\/blogg.svenskakyrkan.se\/diakonibloggen\/#\/schema\/person\/8f6a6fe8efab23c141c7e274fec6405f\",\"name\":\"diakonibloggen\",\"image\":{\"@type\":\"ImageObject\",\"inLanguage\":\"sv-SE\",\"@id\":\"https:\/\/blogg.svenskakyrkan.se\/diakonibloggen\/#\/schema\/person\/image\/\",\"url\":\"https:\/\/secure.gravatar.com\/avatar\/95c0ca86fd13e3d8c1b7b7e9864c9a2ccb7b48c6f756a3b5447bcc13dd630488?s=96&d=mm&r=g\",\"contentUrl\":\"https:\/\/secure.gravatar.com\/avatar\/95c0ca86fd13e3d8c1b7b7e9864c9a2ccb7b48c6f756a3b5447bcc13dd630488?s=96&d=mm&r=g\",\"caption\":\"diakonibloggen\"},\"url\":\"https:\/\/blogg.svenskakyrkan.se\/diakonibloggen\/author\/diakonibloggen\/\"}]}<\/script>\n<!-- \/ Yoast SEO plugin. -->","yoast_head_json":{"title":"Hej, Marhaba, Hallo - Diakonibloggen","robots":{"index":"index","follow":"follow","max-snippet":"max-snippet:-1","max-image-preview":"max-image-preview:large","max-video-preview":"max-video-preview:-1"},"canonical":"https:\/\/blogg.svenskakyrkan.se\/diakonibloggen\/2015\/11\/13\/hej-marhaba-hallo\/","og_locale":"sv_SE","og_type":"article","og_title":"Hej, Marhaba, Hallo - Diakonibloggen","og_description":"Det \u00e4r inte s\u00e5 m\u00e5nga ord jag kan p\u00e5 arabiska\u2026 N\u00e4rmare best\u00e4mt\u00a0fem stycken. Jag f\u00f6rs\u00f6kte ivrigt en period att l\u00e4ra mig f\u00f6ljande fras: &#8221;V\u00e4lkommen p\u00e5 torsdag klockan fem&#8221;, men jag gick bet.\u00a0Dock klarar jag mig ganska l\u00e5ngt med mina fem ord &#8211; det r\u00e4cker ofta f\u00f6r att skapa en kontakt och f\u00f6r att det ska [&hellip;]","og_url":"https:\/\/blogg.svenskakyrkan.se\/diakonibloggen\/2015\/11\/13\/hej-marhaba-hallo\/","og_site_name":"Diakonibloggen","article_published_time":"2015-11-13T11:48:48+00:00","article_modified_time":"2020-12-17T15:16:52+00:00","og_image":[{"url":"http:\/\/blogg.svenskakyrkan.se\/diakonibloggen\/files\/2015\/11\/parlc3b6ren_ritad_2a5_pc3a5a4.jpg","type":"","width":"","height":""}],"author":"diakonibloggen","twitter_card":"summary_large_image","twitter_misc":{"Skriven av":"diakonibloggen","Ber\u00e4knad l\u00e4stid":"1 minut"},"schema":{"@context":"https:\/\/schema.org","@graph":[{"@type":"Article","@id":"https:\/\/blogg.svenskakyrkan.se\/diakonibloggen\/2015\/11\/13\/hej-marhaba-hallo\/#article","isPartOf":{"@id":"https:\/\/blogg.svenskakyrkan.se\/diakonibloggen\/2015\/11\/13\/hej-marhaba-hallo\/"},"author":{"name":"diakonibloggen","@id":"https:\/\/blogg.svenskakyrkan.se\/diakonibloggen\/#\/schema\/person\/8f6a6fe8efab23c141c7e274fec6405f"},"headline":"Hej, Marhaba, Hallo","datePublished":"2015-11-13T11:48:48+00:00","dateModified":"2020-12-17T15:16:52+00:00","mainEntityOfPage":{"@id":"https:\/\/blogg.svenskakyrkan.se\/diakonibloggen\/2015\/11\/13\/hej-marhaba-hallo\/"},"wordCount":181,"commentCount":0,"image":{"@id":"https:\/\/blogg.svenskakyrkan.se\/diakonibloggen\/2015\/11\/13\/hej-marhaba-hallo\/#primaryimage"},"thumbnailUrl":"http:\/\/blogg.svenskakyrkan.se\/diakonibloggen\/files\/2015\/11\/parlc3b6ren_ritad_2a5_pc3a5a4.jpg","keywords":["m\u00f6ten","spr\u00e5kcaf\u00e9"],"articleSection":["Diakonalt arbete","flyktingar"],"inLanguage":"sv-SE","potentialAction":[{"@type":"CommentAction","name":"Comment","target":["https:\/\/blogg.svenskakyrkan.se\/diakonibloggen\/2015\/11\/13\/hej-marhaba-hallo\/#respond"]}]},{"@type":"WebPage","@id":"https:\/\/blogg.svenskakyrkan.se\/diakonibloggen\/2015\/11\/13\/hej-marhaba-hallo\/","url":"https:\/\/blogg.svenskakyrkan.se\/diakonibloggen\/2015\/11\/13\/hej-marhaba-hallo\/","name":"Hej, Marhaba, Hallo - Diakonibloggen","isPartOf":{"@id":"https:\/\/blogg.svenskakyrkan.se\/diakonibloggen\/#website"},"primaryImageOfPage":{"@id":"https:\/\/blogg.svenskakyrkan.se\/diakonibloggen\/2015\/11\/13\/hej-marhaba-hallo\/#primaryimage"},"image":{"@id":"https:\/\/blogg.svenskakyrkan.se\/diakonibloggen\/2015\/11\/13\/hej-marhaba-hallo\/#primaryimage"},"thumbnailUrl":"http:\/\/blogg.svenskakyrkan.se\/diakonibloggen\/files\/2015\/11\/parlc3b6ren_ritad_2a5_pc3a5a4.jpg","datePublished":"2015-11-13T11:48:48+00:00","dateModified":"2020-12-17T15:16:52+00:00","author":{"@id":"https:\/\/blogg.svenskakyrkan.se\/diakonibloggen\/#\/schema\/person\/8f6a6fe8efab23c141c7e274fec6405f"},"breadcrumb":{"@id":"https:\/\/blogg.svenskakyrkan.se\/diakonibloggen\/2015\/11\/13\/hej-marhaba-hallo\/#breadcrumb"},"inLanguage":"sv-SE","potentialAction":[{"@type":"ReadAction","target":["https:\/\/blogg.svenskakyrkan.se\/diakonibloggen\/2015\/11\/13\/hej-marhaba-hallo\/"]}]},{"@type":"ImageObject","inLanguage":"sv-SE","@id":"https:\/\/blogg.svenskakyrkan.se\/diakonibloggen\/2015\/11\/13\/hej-marhaba-hallo\/#primaryimage","url":"http:\/\/blogg.svenskakyrkan.se\/diakonibloggen\/files\/2015\/11\/parlc3b6ren_ritad_2a5_pc3a5a4.jpg","contentUrl":"http:\/\/blogg.svenskakyrkan.se\/diakonibloggen\/files\/2015\/11\/parlc3b6ren_ritad_2a5_pc3a5a4.jpg"},{"@type":"BreadcrumbList","@id":"https:\/\/blogg.svenskakyrkan.se\/diakonibloggen\/2015\/11\/13\/hej-marhaba-hallo\/#breadcrumb","itemListElement":[{"@type":"ListItem","position":1,"name":"Hem","item":"https:\/\/blogg.svenskakyrkan.se\/diakonibloggen\/"},{"@type":"ListItem","position":2,"name":"Hej, Marhaba, Hallo"}]},{"@type":"WebSite","@id":"https:\/\/blogg.svenskakyrkan.se\/diakonibloggen\/#website","url":"https:\/\/blogg.svenskakyrkan.se\/diakonibloggen\/","name":"Diakonibloggen","description":"Vi lyfter fram, hyllar, diskuterar och inspirerar till diakonalt arbete inom och utanf\u00f6r Svenska kyrkans ramar.","potentialAction":[{"@type":"SearchAction","target":{"@type":"EntryPoint","urlTemplate":"https:\/\/blogg.svenskakyrkan.se\/diakonibloggen\/?s={search_term_string}"},"query-input":{"@type":"PropertyValueSpecification","valueRequired":true,"valueName":"search_term_string"}}],"inLanguage":"sv-SE"},{"@type":"Person","@id":"https:\/\/blogg.svenskakyrkan.se\/diakonibloggen\/#\/schema\/person\/8f6a6fe8efab23c141c7e274fec6405f","name":"diakonibloggen","image":{"@type":"ImageObject","inLanguage":"sv-SE","@id":"https:\/\/blogg.svenskakyrkan.se\/diakonibloggen\/#\/schema\/person\/image\/","url":"https:\/\/secure.gravatar.com\/avatar\/95c0ca86fd13e3d8c1b7b7e9864c9a2ccb7b48c6f756a3b5447bcc13dd630488?s=96&d=mm&r=g","contentUrl":"https:\/\/secure.gravatar.com\/avatar\/95c0ca86fd13e3d8c1b7b7e9864c9a2ccb7b48c6f756a3b5447bcc13dd630488?s=96&d=mm&r=g","caption":"diakonibloggen"},"url":"https:\/\/blogg.svenskakyrkan.se\/diakonibloggen\/author\/diakonibloggen\/"}]}},"author_meta":{"ID":"776","user_nicename":"diakonibloggen","user_registered":"2020-12-17 14:50:06","display_name":"diakonibloggen","avatar":"https:\/\/blogg.svenskakyrkan.se\/diakonibloggen\/files\/2021\/02\/Sk\u00e4rmavbild-2019-04-12-kl.-14.20.54-150x150.png"},"featured_image":false,"bloginfo":{"name":"Diakonibloggen","url":"https:\/\/blogg.svenskakyrkan.se\/diakonibloggen"},"_links":{"self":[{"href":"https:\/\/blogg.svenskakyrkan.se\/diakonibloggen\/wp-json\/wp\/v2\/posts\/4701","targetHints":{"allow":["GET"]}}],"collection":[{"href":"https:\/\/blogg.svenskakyrkan.se\/diakonibloggen\/wp-json\/wp\/v2\/posts"}],"about":[{"href":"https:\/\/blogg.svenskakyrkan.se\/diakonibloggen\/wp-json\/wp\/v2\/types\/post"}],"author":[{"embeddable":true,"href":"https:\/\/blogg.svenskakyrkan.se\/diakonibloggen\/wp-json\/wp\/v2\/users\/776"}],"replies":[{"embeddable":true,"href":"https:\/\/blogg.svenskakyrkan.se\/diakonibloggen\/wp-json\/wp\/v2\/comments?post=4701"}],"version-history":[{"count":1,"href":"https:\/\/blogg.svenskakyrkan.se\/diakonibloggen\/wp-json\/wp\/v2\/posts\/4701\/revisions"}],"predecessor-version":[{"id":8555,"href":"https:\/\/blogg.svenskakyrkan.se\/diakonibloggen\/wp-json\/wp\/v2\/posts\/4701\/revisions\/8555"}],"wp:attachment":[{"href":"https:\/\/blogg.svenskakyrkan.se\/diakonibloggen\/wp-json\/wp\/v2\/media?parent=4701"}],"wp:term":[{"taxonomy":"category","embeddable":true,"href":"https:\/\/blogg.svenskakyrkan.se\/diakonibloggen\/wp-json\/wp\/v2\/categories?post=4701"},{"taxonomy":"post_tag","embeddable":true,"href":"https:\/\/blogg.svenskakyrkan.se\/diakonibloggen\/wp-json\/wp\/v2\/tags?post=4701"}],"curies":[{"name":"wp","href":"https:\/\/api.w.org\/{rel}","templated":true}]}}